{"id":18050,"date":"2022-02-04T10:23:21","date_gmt":"2022-02-04T09:23:21","guid":{"rendered":"https:\/\/www.caudete.org\/ayuntamiento\/?p=18050"},"modified":"2022-02-04T10:23:21","modified_gmt":"2022-02-04T09:23:21","slug":"sale-a-licitacion-el-pliego-de-zonas-verdes-y-arbolado-urbano-del-municipio","status":"publish","type":"post","link":"https:\/\/www.caudete.org\/ayuntamiento\/sale-a-licitacion-el-pliego-de-zonas-verdes-y-arbolado-urbano-del-municipio\/","title":{"rendered":"Sale a licitaci\u00f3n el Pliego de zonas verdes y arbolado urbano del municipio"},"content":{"rendered":"<p style=\"text-align: justify;\"><span style=\"font-weight: 400;\">PUBLICADO EL PLIEGO PARA LA CONTRATACI\u00d3N DE LOS SERVICIOS DE CONSERVACI\u00d3N Y MANTENIMIENTO DE ZONAS VERDES Y ARBOLADO URBANO DEL MUNICIPIO DE CAUDETE (ALBACETE).<\/span><\/p>\n<p style=\"text-align: justify;\"><span style=\"font-weight: 400;\">Los espacios verdes objeto de conservaci\u00f3n y mantenimiento son los parques urbanos, zonas ajardinadas, arbolado viario (incluyendo palmeras en alineaci\u00f3n), jardineras y maceteros de propiedad municipal, jardineras ubicadas en centros p\u00fablicos, espacios verdes viarios (paseos, medianas, taludes y rotondas), y dem\u00e1s zonas municipales dotadas y habilitadas como espacios verdes.<\/span><\/p>\n<p style=\"text-align: justify;\"><span style=\"font-weight: 400;\">Adem\u00e1s de las zonas a conservar inicialmente, ser\u00e1n objeto de contrato aquellas otras zonas verdes de nueva creaci\u00f3n, que se incorporen posteriormente a la adjudicaci\u00f3n del contrato durante el periodo de vigencia del servicio. Incluida la limpieza de los espacios p\u00fablicos adyacentes a estas zonas y la limpieza y mantenimiento de todas las fuentes de agua potable.<\/span><\/p>\n<ul style=\"text-align: justify;\">\n<li style=\"font-weight: 400;\" aria-level=\"1\"><span style=\"font-weight: 400;\">El contrato tendr\u00e1 una duraci\u00f3n de 2 a\u00f1os.<\/span><\/li>\n<li style=\"font-weight: 400;\" aria-level=\"1\"><span style=\"font-weight: 400;\">El presupuesto base de licitaci\u00f3n asciende a 320.978,86 \u20ac por cada anualidad.<\/span><\/li>\n<\/ul>\n<p style=\"text-align: justify;\"><span style=\"font-weight: 400;\">\u00a0<\/span><\/p>\n<p style=\"text-align: justify;\"><span style=\"font-weight: 400;\">Por ende, el presupuesto base de licitaci\u00f3n de la presente contrataci\u00f3n suma un total de 641.957,72 \u20ac<\/span><\/p>\n<p style=\"text-align: justify;\"><span style=\"font-weight: 400;\">El anterior contrato de 2019 se sac\u00f3 a licitaci\u00f3n por 250.755 \u20ac, el presente contrato se saca a licitar por 320.978 \u20ac, supone un incremento del 21,8%. \u00a0 Este incremento es consecuencia firme de este equipo de gobierno en potenciar el servicio de Parques y jardines, tanto en personal como en mejoras que repercutan en la prestaci\u00f3n del servicio y en la conservaci\u00f3n de los espacios VERDES y arbolado urbano.<\/span><\/p>\n<p style=\"text-align: justify;\"><span style=\"font-weight: 400;\">La empresa adjudicataria deber\u00e1 presentar mensualmente al Servicio T\u00e9cnico Municipal una relaci\u00f3n de todos aquellos desperfectos producidos en las zonas verdes municipales, as\u00ed como los elementos rotos o defectuosos que sea necesario sustituir.<\/span><\/p>\n<p style=\"text-align: justify;\"><span style=\"font-weight: 400;\">Una de las nuevas mejoras que hemos a\u00f1adido al presente contrato es las peque\u00f1as obras de reparaci\u00f3n:<\/span><\/p>\n<p style=\"text-align: justify;\"><span style=\"font-weight: 400;\">La empresa adjudicataria tendr\u00e1 la obligaci\u00f3n de efectuar, previa valoraci\u00f3n, y a solicitud de los Servicios T\u00e9cnicos Municipales, peque\u00f1as obras de reparaci\u00f3n de elementos existentes en zonas verdes municipales que se encuentren da\u00f1ados o rotos, entendiendo por peque\u00f1as obras todas aquellas cuya valoraci\u00f3n no supere los 600 \u20ac, con una limitaci\u00f3n de 6.000 \u20ac al a\u00f1o.<\/span><\/p>\n<p style=\"text-align: justify;\"><span style=\"font-weight: 400;\">El contrato incluye el control de legionela en las fuentes ornamentales en las zonas verdes municipales. Actividades de mantenimiento, revisi\u00f3n, limpieza y desinfecci\u00f3n, productos a utilizar y dosis, control anal\u00edtico, y cualquier tratamiento objeto de reglamentaci\u00f3n. As\u00ed como el pintado anual de las mismas.<\/span><\/p>\n<p style=\"text-align: justify;\"><span style=\"font-weight: 400;\">Es evidente que a\u00f1o tras a\u00f1o se incrementa el n\u00famero de zonas verdes y se ha previsto en el nuevo contrato incrementar de 4 a 5 operarios de mantenimiento de jardines a jornada completa.<\/span><\/p>\n<p style=\"text-align: justify;\"><span style=\"font-weight: 400;\">Hay que destacar que el contrato mantiene las consideraciones de tipo social, por tanto, ser\u00e1\u00a0 obligaci\u00f3n de la empresa adjudicataria la subrogaci\u00f3n de nueve operarios con discapacidad, pertenecientes a un Centro Especial de Empleo, que vienen prestando el servicio de mantenimiento de zonas verdes y arbolado viario.<\/span><\/p>\n","protected":false},"excerpt":{"rendered":"<p>PUBLICADO EL PLIEGO PARA LA CONTRATACI\u00d3N DE LOS SERVICIOS DE CONSERVACI\u00d3N Y MANTENIMIENTO DE ZONAS VERDES Y ARBOLADO URBANO DEL MUNICIPIO DE CAUDETE (ALBACETE). Los espacios verdes objeto de conservaci\u00f3n y mantenimiento son los parques urbanos, zonas ajardinadas, arbolado viario (incluyendo palmeras en alineaci\u00f3n), jardineras y maceteros de propiedad municipal, jardineras ubicadas en centros p\u00fablicos, &hellip;<\/p>\n","protected":false},"author":3,"featured_media":18051,"comment_status":"closed","ping_status":"open","sticky":false,"template":"","format":"standard","meta":{"ngg_post_thumbnail":0,"footnotes":""},"categories":[29],"tags":[],"class_list":["post-18050","post","type-post","status-publish","format-standard","has-post-thumbnail","hentry","category-medio-ambiente"],"yoast_head":"<!-- This site is optimized with the Yoast SEO plugin v27.5 - https:\/\/yoast.com\/product\/yoast-seo-wordpress\/ -->\n<title>Sale a licitaci\u00f3n el Pliego de zonas verdes y arbolado urbano del municipio - MI Ayuntamiento de Caudete<\/title>\n<meta name=\"description\" content=\"P\u00e1gina Oficial del Ayuntamiento de Caudete (Albacete)\" \/>\n<meta name=\"robots\" content=\"index, follow, max-snippet:-1, max-image-preview:large, max-video-preview:-1\" \/>\n<link rel=\"canonical\" href=\"https:\/\/www.caudete.org\/ayuntamiento\/sale-a-licitacion-el-pliego-de-zonas-verdes-y-arbolado-urbano-del-municipio\/\" \/>\n<meta property=\"og:locale\" content=\"es_ES\" \/>\n<meta property=\"og:type\" content=\"article\" \/>\n<meta property=\"og:title\" content=\"Sale a licitaci\u00f3n el Pliego de zonas verdes y arbolado urbano del municipio - MI Ayuntamiento de Caudete\" \/>\n<meta property=\"og:description\" content=\"P\u00e1gina Oficial del Ayuntamiento de Caudete (Albacete)\" \/>\n<meta property=\"og:url\" content=\"https:\/\/www.caudete.org\/ayuntamiento\/sale-a-licitacion-el-pliego-de-zonas-verdes-y-arbolado-urbano-del-municipio\/\" \/>\n<meta property=\"og:site_name\" content=\"MI Ayuntamiento de Caudete\" \/>\n<meta property=\"article:publisher\" content=\"https:\/\/www.facebook.com\/ayuntamientocaudete\/\" \/>\n<meta property=\"article:published_time\" content=\"2022-02-04T09:23:21+00:00\" \/>\n<meta property=\"og:image\" content=\"https:\/\/www.caudete.org\/ayuntamiento\/wp-content\/uploads\/2022\/02\/peatonal-1.jpg\" \/>\n\t<meta property=\"og:image:width\" content=\"395\" \/>\n\t<meta property=\"og:image:height\" content=\"250\" \/>\n\t<meta property=\"og:image:type\" content=\"image\/jpeg\" \/>\n<meta name=\"author\" content=\"alcalde\" \/>\n<meta name=\"twitter:card\" content=\"summary_large_image\" \/>\n<meta name=\"twitter:label1\" content=\"Escrito por\" \/>\n\t<meta name=\"twitter:data1\" content=\"alcalde\" \/>\n\t<meta name=\"twitter:label2\" content=\"Tiempo de lectura\" \/>\n\t<meta name=\"twitter:data2\" content=\"2 minutos\" \/>\n<script type=\"application\/ld+json\" class=\"yoast-schema-graph\">{\"@context\":\"https:\\\/\\\/schema.org\",\"@graph\":[{\"@type\":\"Article\",\"@id\":\"https:\\\/\\\/www.caudete.org\\\/ayuntamiento\\\/sale-a-licitacion-el-pliego-de-zonas-verdes-y-arbolado-urbano-del-municipio\\\/#article\",\"isPartOf\":{\"@id\":\"https:\\\/\\\/www.caudete.org\\\/ayuntamiento\\\/sale-a-licitacion-el-pliego-de-zonas-verdes-y-arbolado-urbano-del-municipio\\\/\"},\"author\":{\"name\":\"alcalde\",\"@id\":\"https:\\\/\\\/www.caudete.org\\\/ayuntamiento\\\/#\\\/schema\\\/person\\\/cc646da9133078ee4d8dd47457947253\"},\"headline\":\"Sale a licitaci\u00f3n el Pliego de zonas verdes y arbolado urbano del municipio\",\"datePublished\":\"2022-02-04T09:23:21+00:00\",\"mainEntityOfPage\":{\"@id\":\"https:\\\/\\\/www.caudete.org\\\/ayuntamiento\\\/sale-a-licitacion-el-pliego-de-zonas-verdes-y-arbolado-urbano-del-municipio\\\/\"},\"wordCount\":507,\"image\":{\"@id\":\"https:\\\/\\\/www.caudete.org\\\/ayuntamiento\\\/sale-a-licitacion-el-pliego-de-zonas-verdes-y-arbolado-urbano-del-municipio\\\/#primaryimage\"},\"thumbnailUrl\":\"https:\\\/\\\/www.caudete.org\\\/ayuntamiento\\\/wp-content\\\/uploads\\\/2022\\\/02\\\/peatonal-1.jpg\",\"articleSection\":[\"Medio Ambiente\"],\"inLanguage\":\"es\"},{\"@type\":\"WebPage\",\"@id\":\"https:\\\/\\\/www.caudete.org\\\/ayuntamiento\\\/sale-a-licitacion-el-pliego-de-zonas-verdes-y-arbolado-urbano-del-municipio\\\/\",\"url\":\"https:\\\/\\\/www.caudete.org\\\/ayuntamiento\\\/sale-a-licitacion-el-pliego-de-zonas-verdes-y-arbolado-urbano-del-municipio\\\/\",\"name\":\"Sale a licitaci\u00f3n el Pliego de zonas verdes y arbolado urbano del municipio - MI Ayuntamiento de Caudete\",\"isPartOf\":{\"@id\":\"https:\\\/\\\/www.caudete.org\\\/ayuntamiento\\\/#website\"},\"primaryImageOfPage\":{\"@id\":\"https:\\\/\\\/www.caudete.org\\\/ayuntamiento\\\/sale-a-licitacion-el-pliego-de-zonas-verdes-y-arbolado-urbano-del-municipio\\\/#primaryimage\"},\"image\":{\"@id\":\"https:\\\/\\\/www.caudete.org\\\/ayuntamiento\\\/sale-a-licitacion-el-pliego-de-zonas-verdes-y-arbolado-urbano-del-municipio\\\/#primaryimage\"},\"thumbnailUrl\":\"https:\\\/\\\/www.caudete.org\\\/ayuntamiento\\\/wp-content\\\/uploads\\\/2022\\\/02\\\/peatonal-1.jpg\",\"datePublished\":\"2022-02-04T09:23:21+00:00\",\"author\":{\"@id\":\"https:\\\/\\\/www.caudete.org\\\/ayuntamiento\\\/#\\\/schema\\\/person\\\/cc646da9133078ee4d8dd47457947253\"},\"description\":\"P\u00e1gina Oficial del Ayuntamiento de Caudete (Albacete)\",\"breadcrumb\":{\"@id\":\"https:\\\/\\\/www.caudete.org\\\/ayuntamiento\\\/sale-a-licitacion-el-pliego-de-zonas-verdes-y-arbolado-urbano-del-municipio\\\/#breadcrumb\"},\"inLanguage\":\"es\",\"potentialAction\":[{\"@type\":\"ReadAction\",\"target\":[\"https:\\\/\\\/www.caudete.org\\\/ayuntamiento\\\/sale-a-licitacion-el-pliego-de-zonas-verdes-y-arbolado-urbano-del-municipio\\\/\"]}]},{\"@type\":\"ImageObject\",\"inLanguage\":\"es\",\"@id\":\"https:\\\/\\\/www.caudete.org\\\/ayuntamiento\\\/sale-a-licitacion-el-pliego-de-zonas-verdes-y-arbolado-urbano-del-municipio\\\/#primaryimage\",\"url\":\"https:\\\/\\\/www.caudete.org\\\/ayuntamiento\\\/wp-content\\\/uploads\\\/2022\\\/02\\\/peatonal-1.jpg\",\"contentUrl\":\"https:\\\/\\\/www.caudete.org\\\/ayuntamiento\\\/wp-content\\\/uploads\\\/2022\\\/02\\\/peatonal-1.jpg\",\"width\":395,\"height\":250},{\"@type\":\"BreadcrumbList\",\"@id\":\"https:\\\/\\\/www.caudete.org\\\/ayuntamiento\\\/sale-a-licitacion-el-pliego-de-zonas-verdes-y-arbolado-urbano-del-municipio\\\/#breadcrumb\",\"itemListElement\":[{\"@type\":\"ListItem\",\"position\":1,\"name\":\"Inicio\",\"item\":\"https:\\\/\\\/www.caudete.org\\\/ayuntamiento\\\/\"},{\"@type\":\"ListItem\",\"position\":2,\"name\":\"Sale a licitaci\u00f3n el Pliego de zonas verdes y arbolado urbano del municipio\"}]},{\"@type\":\"WebSite\",\"@id\":\"https:\\\/\\\/www.caudete.org\\\/ayuntamiento\\\/#website\",\"url\":\"https:\\\/\\\/www.caudete.org\\\/ayuntamiento\\\/\",\"name\":\"MI Ayuntamiento de Caudete\",\"description\":\"P\u00e1gina Oficial del MI Ayuntamiento de Caudete\",\"potentialAction\":[{\"@type\":\"SearchAction\",\"target\":{\"@type\":\"EntryPoint\",\"urlTemplate\":\"https:\\\/\\\/www.caudete.org\\\/ayuntamiento\\\/?s={search_term_string}\"},\"query-input\":{\"@type\":\"PropertyValueSpecification\",\"valueRequired\":true,\"valueName\":\"search_term_string\"}}],\"inLanguage\":\"es\"},{\"@type\":\"Person\",\"@id\":\"https:\\\/\\\/www.caudete.org\\\/ayuntamiento\\\/#\\\/schema\\\/person\\\/cc646da9133078ee4d8dd47457947253\",\"name\":\"alcalde\",\"image\":{\"@type\":\"ImageObject\",\"inLanguage\":\"es\",\"@id\":\"https:\\\/\\\/secure.gravatar.com\\\/avatar\\\/84a817ba065b29ff08d666b215a215f5c79186a645ccb25b14a663d48a130f77?s=96&d=mm&r=g\",\"url\":\"https:\\\/\\\/secure.gravatar.com\\\/avatar\\\/84a817ba065b29ff08d666b215a215f5c79186a645ccb25b14a663d48a130f77?s=96&d=mm&r=g\",\"contentUrl\":\"https:\\\/\\\/secure.gravatar.com\\\/avatar\\\/84a817ba065b29ff08d666b215a215f5c79186a645ccb25b14a663d48a130f77?s=96&d=mm&r=g\",\"caption\":\"alcalde\"},\"url\":\"https:\\\/\\\/www.caudete.org\\\/ayuntamiento\\\/author\\\/alcalde\\\/\"}]}<\/script>\n<!-- \/ Yoast SEO plugin. -->","yoast_head_json":{"title":"Sale a licitaci\u00f3n el Pliego de zonas verdes y arbolado urbano del municipio - MI Ayuntamiento de Caudete","description":"P\u00e1gina Oficial del Ayuntamiento de Caudete (Albacete)","robots":{"index":"index","follow":"follow","max-snippet":"max-snippet:-1","max-image-preview":"max-image-preview:large","max-video-preview":"max-video-preview:-1"},"canonical":"https:\/\/www.caudete.org\/ayuntamiento\/sale-a-licitacion-el-pliego-de-zonas-verdes-y-arbolado-urbano-del-municipio\/","og_locale":"es_ES","og_type":"article","og_title":"Sale a licitaci\u00f3n el Pliego de zonas verdes y arbolado urbano del municipio - MI Ayuntamiento de Caudete","og_description":"P\u00e1gina Oficial del Ayuntamiento de Caudete (Albacete)","og_url":"https:\/\/www.caudete.org\/ayuntamiento\/sale-a-licitacion-el-pliego-de-zonas-verdes-y-arbolado-urbano-del-municipio\/","og_site_name":"MI Ayuntamiento de Caudete","article_publisher":"https:\/\/www.facebook.com\/ayuntamientocaudete\/","article_published_time":"2022-02-04T09:23:21+00:00","og_image":[{"width":395,"height":250,"url":"https:\/\/www.caudete.org\/ayuntamiento\/wp-content\/uploads\/2022\/02\/peatonal-1.jpg","type":"image\/jpeg"}],"author":"alcalde","twitter_card":"summary_large_image","twitter_misc":{"Escrito por":"alcalde","Tiempo de lectura":"2 minutos"},"schema":{"@context":"https:\/\/schema.org","@graph":[{"@type":"Article","@id":"https:\/\/www.caudete.org\/ayuntamiento\/sale-a-licitacion-el-pliego-de-zonas-verdes-y-arbolado-urbano-del-municipio\/#article","isPartOf":{"@id":"https:\/\/www.caudete.org\/ayuntamiento\/sale-a-licitacion-el-pliego-de-zonas-verdes-y-arbolado-urbano-del-municipio\/"},"author":{"name":"alcalde","@id":"https:\/\/www.caudete.org\/ayuntamiento\/#\/schema\/person\/cc646da9133078ee4d8dd47457947253"},"headline":"Sale a licitaci\u00f3n el Pliego de zonas verdes y arbolado urbano del municipio","datePublished":"2022-02-04T09:23:21+00:00","mainEntityOfPage":{"@id":"https:\/\/www.caudete.org\/ayuntamiento\/sale-a-licitacion-el-pliego-de-zonas-verdes-y-arbolado-urbano-del-municipio\/"},"wordCount":507,"image":{"@id":"https:\/\/www.caudete.org\/ayuntamiento\/sale-a-licitacion-el-pliego-de-zonas-verdes-y-arbolado-urbano-del-municipio\/#primaryimage"},"thumbnailUrl":"https:\/\/www.caudete.org\/ayuntamiento\/wp-content\/uploads\/2022\/02\/peatonal-1.jpg","articleSection":["Medio Ambiente"],"inLanguage":"es"},{"@type":"WebPage","@id":"https:\/\/www.caudete.org\/ayuntamiento\/sale-a-licitacion-el-pliego-de-zonas-verdes-y-arbolado-urbano-del-municipio\/","url":"https:\/\/www.caudete.org\/ayuntamiento\/sale-a-licitacion-el-pliego-de-zonas-verdes-y-arbolado-urbano-del-municipio\/","name":"Sale a licitaci\u00f3n el Pliego de zonas verdes y arbolado urbano del municipio - MI Ayuntamiento de Caudete","isPartOf":{"@id":"https:\/\/www.caudete.org\/ayuntamiento\/#website"},"primaryImageOfPage":{"@id":"https:\/\/www.caudete.org\/ayuntamiento\/sale-a-licitacion-el-pliego-de-zonas-verdes-y-arbolado-urbano-del-municipio\/#primaryimage"},"image":{"@id":"https:\/\/www.caudete.org\/ayuntamiento\/sale-a-licitacion-el-pliego-de-zonas-verdes-y-arbolado-urbano-del-municipio\/#primaryimage"},"thumbnailUrl":"https:\/\/www.caudete.org\/ayuntamiento\/wp-content\/uploads\/2022\/02\/peatonal-1.jpg","datePublished":"2022-02-04T09:23:21+00:00","author":{"@id":"https:\/\/www.caudete.org\/ayuntamiento\/#\/schema\/person\/cc646da9133078ee4d8dd47457947253"},"description":"P\u00e1gina Oficial del Ayuntamiento de Caudete (Albacete)","breadcrumb":{"@id":"https:\/\/www.caudete.org\/ayuntamiento\/sale-a-licitacion-el-pliego-de-zonas-verdes-y-arbolado-urbano-del-municipio\/#breadcrumb"},"inLanguage":"es","potentialAction":[{"@type":"ReadAction","target":["https:\/\/www.caudete.org\/ayuntamiento\/sale-a-licitacion-el-pliego-de-zonas-verdes-y-arbolado-urbano-del-municipio\/"]}]},{"@type":"ImageObject","inLanguage":"es","@id":"https:\/\/www.caudete.org\/ayuntamiento\/sale-a-licitacion-el-pliego-de-zonas-verdes-y-arbolado-urbano-del-municipio\/#primaryimage","url":"https:\/\/www.caudete.org\/ayuntamiento\/wp-content\/uploads\/2022\/02\/peatonal-1.jpg","contentUrl":"https:\/\/www.caudete.org\/ayuntamiento\/wp-content\/uploads\/2022\/02\/peatonal-1.jpg","width":395,"height":250},{"@type":"BreadcrumbList","@id":"https:\/\/www.caudete.org\/ayuntamiento\/sale-a-licitacion-el-pliego-de-zonas-verdes-y-arbolado-urbano-del-municipio\/#breadcrumb","itemListElement":[{"@type":"ListItem","position":1,"name":"Inicio","item":"https:\/\/www.caudete.org\/ayuntamiento\/"},{"@type":"ListItem","position":2,"name":"Sale a licitaci\u00f3n el Pliego de zonas verdes y arbolado urbano del municipio"}]},{"@type":"WebSite","@id":"https:\/\/www.caudete.org\/ayuntamiento\/#website","url":"https:\/\/www.caudete.org\/ayuntamiento\/","name":"MI Ayuntamiento de Caudete","description":"P\u00e1gina Oficial del MI Ayuntamiento de Caudete","potentialAction":[{"@type":"SearchAction","target":{"@type":"EntryPoint","urlTemplate":"https:\/\/www.caudete.org\/ayuntamiento\/?s={search_term_string}"},"query-input":{"@type":"PropertyValueSpecification","valueRequired":true,"valueName":"search_term_string"}}],"inLanguage":"es"},{"@type":"Person","@id":"https:\/\/www.caudete.org\/ayuntamiento\/#\/schema\/person\/cc646da9133078ee4d8dd47457947253","name":"alcalde","image":{"@type":"ImageObject","inLanguage":"es","@id":"https:\/\/secure.gravatar.com\/avatar\/84a817ba065b29ff08d666b215a215f5c79186a645ccb25b14a663d48a130f77?s=96&d=mm&r=g","url":"https:\/\/secure.gravatar.com\/avatar\/84a817ba065b29ff08d666b215a215f5c79186a645ccb25b14a663d48a130f77?s=96&d=mm&r=g","contentUrl":"https:\/\/secure.gravatar.com\/avatar\/84a817ba065b29ff08d666b215a215f5c79186a645ccb25b14a663d48a130f77?s=96&d=mm&r=g","caption":"alcalde"},"url":"https:\/\/www.caudete.org\/ayuntamiento\/author\/alcalde\/"}]}},"_links":{"self":[{"href":"https:\/\/www.caudete.org\/ayuntamiento\/wp-json\/wp\/v2\/posts\/18050","targetHints":{"allow":["GET"]}}],"collection":[{"href":"https:\/\/www.caudete.org\/ayuntamiento\/wp-json\/wp\/v2\/posts"}],"about":[{"href":"https:\/\/www.caudete.org\/ayuntamiento\/wp-json\/wp\/v2\/types\/post"}],"author":[{"embeddable":true,"href":"https:\/\/www.caudete.org\/ayuntamiento\/wp-json\/wp\/v2\/users\/3"}],"replies":[{"embeddable":true,"href":"https:\/\/www.caudete.org\/ayuntamiento\/wp-json\/wp\/v2\/comments?post=18050"}],"version-history":[{"count":1,"href":"https:\/\/www.caudete.org\/ayuntamiento\/wp-json\/wp\/v2\/posts\/18050\/revisions"}],"predecessor-version":[{"id":18052,"href":"https:\/\/www.caudete.org\/ayuntamiento\/wp-json\/wp\/v2\/posts\/18050\/revisions\/18052"}],"wp:featuredmedia":[{"embeddable":true,"href":"https:\/\/www.caudete.org\/ayuntamiento\/wp-json\/wp\/v2\/media\/18051"}],"wp:attachment":[{"href":"https:\/\/www.caudete.org\/ayuntamiento\/wp-json\/wp\/v2\/media?parent=18050"}],"wp:term":[{"taxonomy":"category","embeddable":true,"href":"https:\/\/www.caudete.org\/ayuntamiento\/wp-json\/wp\/v2\/categories?post=18050"},{"taxonomy":"post_tag","embeddable":true,"href":"https:\/\/www.caudete.org\/ayuntamiento\/wp-json\/wp\/v2\/tags?post=18050"}],"curies":[{"name":"wp","href":"https:\/\/api.w.org\/{rel}","templated":true}]}}