{"id":18076,"date":"2022-02-08T10:11:57","date_gmt":"2022-02-08T09:11:57","guid":{"rendered":"https:\/\/www.caudete.org\/ayuntamiento\/?p=18076"},"modified":"2022-02-08T10:42:14","modified_gmt":"2022-02-08T09:42:14","slug":"comienzan-los-trabajos-de-pavimentacion-de-calles-con-el-fresado-de-las-mismas","status":"publish","type":"post","link":"https:\/\/www.caudete.org\/ayuntamiento\/comienzan-los-trabajos-de-pavimentacion-de-calles-con-el-fresado-de-las-mismas\/","title":{"rendered":"Comienza la 3\u00b0 Fase de pavimentaci\u00f3n de calles con el fresado de las mismas"},"content":{"rendered":"<p style=\"text-align: justify;\">Durante la presente semana, numerosos puntos de la trama urbana de Caudete est\u00e1n siendo objeto de actuaci\u00f3n mediante trabajos de fresado para posteriormente recibir una capa de asfalto.<\/p>\n<p style=\"text-align: justify;\">As\u00ed lo informaba hace unos instantes el Concejal responsable de este proyecto, Joaqu\u00edn Pag\u00e1n, quien a pie de obra ha especificado la actuaci\u00f3n en su conjunto, y que recordaba, forma parte del Plan de Mejoras Urbanas que el Gobierno Municipal tiene establecidas para el periodo 2020-2023, y que son coordinadas por la Concejal\u00eda de Movilidad Urbana, materia en la que ya se han invertido m\u00e1s de 280.000\u20ac.<\/p>\n<p style=\"text-align: justify;\">Inicialmente, se va a proceder durante toda la semana al fresado de aquellas zonas que lo requieran y la semana siguiente se proceder\u00e1 al asfaltado del conjunto de v\u00edas objeto de actuaci\u00f3n. Ante esto, el Concejal recuerda que la Polic\u00eda Local est\u00e1 se\u00f1alizando las zonas donde se restringe de forma puntual el estacionamiento para permitir la realizaci\u00f3n de los trabajos, por lo que pide colaboraci\u00f3n y comprensi\u00f3n a los vecinos que se vean afectados por ello.<\/p>\n<p style=\"text-align: justify;\">Para esta fase, la m\u00e1s importante del plan, un total de 197.000\u20ac son los que permitir\u00e1n actuar por medio de la empresa adjudicataria, CHM, en diferentes barrios de la localidad para mejorar el estado del firme, una cuesti\u00f3n necesaria y demandada por los ciudadanos ante lo que el Gobierno Municipal ha demostrado cumplir el compromiso adquirido con Caudete, pues matizaba el Edil que \u201c<em>es ahora cuando el Ayuntamiento puede acometer este tipo de importantes inversiones, suponiendo un beneficio directo para los caudetanos, y solucionando en gran parte problemas evidentes en nuestras calles<\/em>\u201c<\/p>\n<p style=\"text-align: justify;\">No obstante, ha querido remarcar que tras este Plan de Asfaltado de V\u00edas integrado en el de Mejoras Urbanas, se seguir\u00e1n proyectando futuras actuaciones para acometer en ejercicios siguientes. De hecho, se plantear\u00e1 actuar en Calles no incluidas en esta fase por requerir una actuaci\u00f3n integral (incluyendo servicios) o plantear una soluci\u00f3n distinta al asfaltado (como lo es la Calle Mayor).<\/p>\n<p>&nbsp;<\/p>\n<p style=\"text-align: justify;\"><span style=\"text-decoration: underline;\"><strong>Calles objeto de actuaci\u00f3n<\/strong><\/span><\/p>\n<p style=\"text-align: justify;\">1. Avenida de la Libertad, tramo entre Calle Pio Baroja con Avenida de Las Jornetas.<\/p>\n<p style=\"text-align: justify;\">2. Avenida de las Jornetas, diferentes zonas afectadas.<br \/>\n3. Avenida de las Jornetas, entre Calle Sacramento y Calle Puerta de la Villa.<br \/>\n4. Calle San Sebasti\u00e1n.<br \/>\n5. Calle Miguel Mart\u00ednez, tramo entre Calle Dr. Mara\u00f1\u00f3n con Dr. Ram\u00f3n y Cajal.<br \/>\n6. Calle General Lassala, tramo entre Calle Miguel Mart\u00ednez con Calle El Real.<br \/>\n7. Calle Sant\u00edsimo Sacramento.<br \/>\n8. Cruce de Calle el \u00c1ngel con Calle San Luis y Vereda de Santa Ana.<br \/>\n9. Cruce Calle San Luis con Cuesta de la Ermita.<br \/>\n10. Traves\u00eda de San Francisco.<br \/>\n11. Calle Col\u00f3n, zona afectada por zanja del gas y cruce con Calle Juan Arellano.<br \/>\n12. Avenida San Jaime, tramo entre Avenida de Valencia con\u00a0 Calle C\u00e1novas del Castillo.<br \/>\n13. Cruce de San Ant\u00f3n con el Matadero.<br \/>\n14. Calle Joaqu\u00edn Pascual Fern\u00e1ndez, tramo entre Calles Las Eras con Calle La Nieve.<br \/>\n15. Calle El Molino, tramo desde el n\u00ba29 hasta Calle Ruiz Alc\u00e1zar.<br \/>\n16. Calle Las Eras, tramo desde Calle Madre Elisea hasta Calle Atleta Antonio Amor\u00f3s.<br \/>\n17. Calle San Antonio Abad.<br \/>\n18. Calle Jos\u00e9 Ruiz Ruiz, tramo desde Avenida Virgen de Gracia hasta Calle Dos de Mayo.<br \/>\n19. Calle Jos\u00e9 Ruiz Ruiz, tramo desde Calle Garc\u00eda Lorca hasta Avenida de Villena.<br \/>\n20. 1m a bordillo en Calle Juan Carlos I (tramo desde Calle Alcalde Luis Pascual hasta Calle Atleta Antonio Amor\u00f3s).<br \/>\n21. 1m a bordillo en Calle Garc\u00eda Lorca (tramo desde Calle Miguel Hern\u00e1ndez hasta Avenida Juan Carlos I).<br \/>\n22. Cruce Avenida Virgen de Gracia con Calle Echegaray y Calle Puerta de la Villa.<br \/>\n23. Calle La Zafra, tramo entre Avenida Virgen de Gracia y Calle Dos de Mayo.<br \/>\n24. Calle La Zafra, zona afectada en cruce con Calle Alcalde Luis Pascual.<br \/>\n25. Calle Echegaray, tramo desde Calle Atleta Antonio Amor\u00f3s hasta Calle Garc\u00eda Lorca.<\/p>\n","protected":false},"excerpt":{"rendered":"<p>Durante la presente semana, numerosos puntos de la trama urbana de Caudete est\u00e1n siendo objeto de actuaci\u00f3n mediante trabajos de fresado para posteriormente recibir una capa de asfalto. As\u00ed lo informaba hace unos instantes el Concejal responsable de este proyecto, Joaqu\u00edn Pag\u00e1n, quien a pie de obra ha especificado la actuaci\u00f3n en su conjunto, y &hellip;<\/p>\n","protected":false},"author":3,"featured_media":18078,"comment_status":"closed","ping_status":"open","sticky":false,"template":"","format":"standard","meta":{"ngg_post_thumbnail":0,"footnotes":""},"categories":[46],"tags":[],"class_list":["post-18076","post","type-post","status-publish","format-standard","has-post-thumbnail","hentry","category-movilidad-urbana"],"yoast_head":"<!-- This site is optimized with the Yoast SEO plugin v27.5 - https:\/\/yoast.com\/product\/yoast-seo-wordpress\/ -->\n<title>Comienza la 3\u00b0 Fase de pavimentaci\u00f3n de calles con el fresado de las mismas - MI Ayuntamiento de Caudete<\/title>\n<meta name=\"description\" content=\"P\u00e1gina Oficial del Ayuntamiento de Caudete (Albacete)\" \/>\n<meta name=\"robots\" content=\"index, follow, max-snippet:-1, max-image-preview:large, max-video-preview:-1\" \/>\n<link rel=\"canonical\" href=\"https:\/\/www.caudete.org\/ayuntamiento\/comienzan-los-trabajos-de-pavimentacion-de-calles-con-el-fresado-de-las-mismas\/\" \/>\n<meta property=\"og:locale\" content=\"es_ES\" \/>\n<meta property=\"og:type\" content=\"article\" \/>\n<meta property=\"og:title\" content=\"Comienza la 3\u00b0 Fase de pavimentaci\u00f3n de calles con el fresado de las mismas - MI Ayuntamiento de Caudete\" \/>\n<meta property=\"og:description\" content=\"P\u00e1gina Oficial del Ayuntamiento de Caudete (Albacete)\" \/>\n<meta property=\"og:url\" content=\"https:\/\/www.caudete.org\/ayuntamiento\/comienzan-los-trabajos-de-pavimentacion-de-calles-con-el-fresado-de-las-mismas\/\" \/>\n<meta property=\"og:site_name\" content=\"MI Ayuntamiento de Caudete\" \/>\n<meta property=\"article:publisher\" content=\"https:\/\/www.facebook.com\/ayuntamientocaudete\/\" \/>\n<meta property=\"article:published_time\" content=\"2022-02-08T09:11:57+00:00\" \/>\n<meta property=\"article:modified_time\" content=\"2022-02-08T09:42:14+00:00\" \/>\n<meta property=\"og:image\" content=\"https:\/\/www.caudete.org\/ayuntamiento\/wp-content\/uploads\/2022\/02\/WhatsApp-Image-2022-02-08-at-09.05.57.jpeg\" \/>\n\t<meta property=\"og:image:width\" content=\"2048\" \/>\n\t<meta property=\"og:image:height\" content=\"1536\" \/>\n\t<meta property=\"og:image:type\" content=\"image\/jpeg\" \/>\n<meta name=\"author\" content=\"alcalde\" \/>\n<meta name=\"twitter:card\" content=\"summary_large_image\" \/>\n<meta name=\"twitter:label1\" content=\"Escrito por\" \/>\n\t<meta name=\"twitter:data1\" content=\"alcalde\" \/>\n\t<meta name=\"twitter:label2\" content=\"Tiempo de lectura\" \/>\n\t<meta name=\"twitter:data2\" content=\"3 minutos\" \/>\n<script type=\"application\/ld+json\" class=\"yoast-schema-graph\">{\"@context\":\"https:\\\/\\\/schema.org\",\"@graph\":[{\"@type\":\"Article\",\"@id\":\"https:\\\/\\\/www.caudete.org\\\/ayuntamiento\\\/comienzan-los-trabajos-de-pavimentacion-de-calles-con-el-fresado-de-las-mismas\\\/#article\",\"isPartOf\":{\"@id\":\"https:\\\/\\\/www.caudete.org\\\/ayuntamiento\\\/comienzan-los-trabajos-de-pavimentacion-de-calles-con-el-fresado-de-las-mismas\\\/\"},\"author\":{\"name\":\"alcalde\",\"@id\":\"https:\\\/\\\/www.caudete.org\\\/ayuntamiento\\\/#\\\/schema\\\/person\\\/cc646da9133078ee4d8dd47457947253\"},\"headline\":\"Comienza la 3\u00b0 Fase de pavimentaci\u00f3n de calles con el fresado de las mismas\",\"datePublished\":\"2022-02-08T09:11:57+00:00\",\"dateModified\":\"2022-02-08T09:42:14+00:00\",\"mainEntityOfPage\":{\"@id\":\"https:\\\/\\\/www.caudete.org\\\/ayuntamiento\\\/comienzan-los-trabajos-de-pavimentacion-de-calles-con-el-fresado-de-las-mismas\\\/\"},\"wordCount\":666,\"image\":{\"@id\":\"https:\\\/\\\/www.caudete.org\\\/ayuntamiento\\\/comienzan-los-trabajos-de-pavimentacion-de-calles-con-el-fresado-de-las-mismas\\\/#primaryimage\"},\"thumbnailUrl\":\"https:\\\/\\\/www.caudete.org\\\/ayuntamiento\\\/wp-content\\\/uploads\\\/2022\\\/02\\\/WhatsApp-Image-2022-02-08-at-09.05.57.jpeg\",\"articleSection\":[\"Movilidad Urbana\"],\"inLanguage\":\"es\"},{\"@type\":\"WebPage\",\"@id\":\"https:\\\/\\\/www.caudete.org\\\/ayuntamiento\\\/comienzan-los-trabajos-de-pavimentacion-de-calles-con-el-fresado-de-las-mismas\\\/\",\"url\":\"https:\\\/\\\/www.caudete.org\\\/ayuntamiento\\\/comienzan-los-trabajos-de-pavimentacion-de-calles-con-el-fresado-de-las-mismas\\\/\",\"name\":\"Comienza la 3\u00b0 Fase de pavimentaci\u00f3n de calles con el fresado de las mismas - MI Ayuntamiento de Caudete\",\"isPartOf\":{\"@id\":\"https:\\\/\\\/www.caudete.org\\\/ayuntamiento\\\/#website\"},\"primaryImageOfPage\":{\"@id\":\"https:\\\/\\\/www.caudete.org\\\/ayuntamiento\\\/comienzan-los-trabajos-de-pavimentacion-de-calles-con-el-fresado-de-las-mismas\\\/#primaryimage\"},\"image\":{\"@id\":\"https:\\\/\\\/www.caudete.org\\\/ayuntamiento\\\/comienzan-los-trabajos-de-pavimentacion-de-calles-con-el-fresado-de-las-mismas\\\/#primaryimage\"},\"thumbnailUrl\":\"https:\\\/\\\/www.caudete.org\\\/ayuntamiento\\\/wp-content\\\/uploads\\\/2022\\\/02\\\/WhatsApp-Image-2022-02-08-at-09.05.57.jpeg\",\"datePublished\":\"2022-02-08T09:11:57+00:00\",\"dateModified\":\"2022-02-08T09:42:14+00:00\",\"author\":{\"@id\":\"https:\\\/\\\/www.caudete.org\\\/ayuntamiento\\\/#\\\/schema\\\/person\\\/cc646da9133078ee4d8dd47457947253\"},\"description\":\"P\u00e1gina Oficial del Ayuntamiento de Caudete (Albacete)\",\"breadcrumb\":{\"@id\":\"https:\\\/\\\/www.caudete.org\\\/ayuntamiento\\\/comienzan-los-trabajos-de-pavimentacion-de-calles-con-el-fresado-de-las-mismas\\\/#breadcrumb\"},\"inLanguage\":\"es\",\"potentialAction\":[{\"@type\":\"ReadAction\",\"target\":[\"https:\\\/\\\/www.caudete.org\\\/ayuntamiento\\\/comienzan-los-trabajos-de-pavimentacion-de-calles-con-el-fresado-de-las-mismas\\\/\"]}]},{\"@type\":\"ImageObject\",\"inLanguage\":\"es\",\"@id\":\"https:\\\/\\\/www.caudete.org\\\/ayuntamiento\\\/comienzan-los-trabajos-de-pavimentacion-de-calles-con-el-fresado-de-las-mismas\\\/#primaryimage\",\"url\":\"https:\\\/\\\/www.caudete.org\\\/ayuntamiento\\\/wp-content\\\/uploads\\\/2022\\\/02\\\/WhatsApp-Image-2022-02-08-at-09.05.57.jpeg\",\"contentUrl\":\"https:\\\/\\\/www.caudete.org\\\/ayuntamiento\\\/wp-content\\\/uploads\\\/2022\\\/02\\\/WhatsApp-Image-2022-02-08-at-09.05.57.jpeg\",\"width\":2048,\"height\":1536},{\"@type\":\"BreadcrumbList\",\"@id\":\"https:\\\/\\\/www.caudete.org\\\/ayuntamiento\\\/comienzan-los-trabajos-de-pavimentacion-de-calles-con-el-fresado-de-las-mismas\\\/#breadcrumb\",\"itemListElement\":[{\"@type\":\"ListItem\",\"position\":1,\"name\":\"Inicio\",\"item\":\"https:\\\/\\\/www.caudete.org\\\/ayuntamiento\\\/\"},{\"@type\":\"ListItem\",\"position\":2,\"name\":\"Comienza la 3\u00b0 Fase de pavimentaci\u00f3n de calles con el fresado de las mismas\"}]},{\"@type\":\"WebSite\",\"@id\":\"https:\\\/\\\/www.caudete.org\\\/ayuntamiento\\\/#website\",\"url\":\"https:\\\/\\\/www.caudete.org\\\/ayuntamiento\\\/\",\"name\":\"MI Ayuntamiento de Caudete\",\"description\":\"P\u00e1gina Oficial del MI Ayuntamiento de Caudete\",\"potentialAction\":[{\"@type\":\"SearchAction\",\"target\":{\"@type\":\"EntryPoint\",\"urlTemplate\":\"https:\\\/\\\/www.caudete.org\\\/ayuntamiento\\\/?s={search_term_string}\"},\"query-input\":{\"@type\":\"PropertyValueSpecification\",\"valueRequired\":true,\"valueName\":\"search_term_string\"}}],\"inLanguage\":\"es\"},{\"@type\":\"Person\",\"@id\":\"https:\\\/\\\/www.caudete.org\\\/ayuntamiento\\\/#\\\/schema\\\/person\\\/cc646da9133078ee4d8dd47457947253\",\"name\":\"alcalde\",\"image\":{\"@type\":\"ImageObject\",\"inLanguage\":\"es\",\"@id\":\"https:\\\/\\\/secure.gravatar.com\\\/avatar\\\/84a817ba065b29ff08d666b215a215f5c79186a645ccb25b14a663d48a130f77?s=96&d=mm&r=g\",\"url\":\"https:\\\/\\\/secure.gravatar.com\\\/avatar\\\/84a817ba065b29ff08d666b215a215f5c79186a645ccb25b14a663d48a130f77?s=96&d=mm&r=g\",\"contentUrl\":\"https:\\\/\\\/secure.gravatar.com\\\/avatar\\\/84a817ba065b29ff08d666b215a215f5c79186a645ccb25b14a663d48a130f77?s=96&d=mm&r=g\",\"caption\":\"alcalde\"},\"url\":\"https:\\\/\\\/www.caudete.org\\\/ayuntamiento\\\/author\\\/alcalde\\\/\"}]}<\/script>\n<!-- \/ Yoast SEO plugin. -->","yoast_head_json":{"title":"Comienza la 3\u00b0 Fase de pavimentaci\u00f3n de calles con el fresado de las mismas - MI Ayuntamiento de Caudete","description":"P\u00e1gina Oficial del Ayuntamiento de Caudete (Albacete)","robots":{"index":"index","follow":"follow","max-snippet":"max-snippet:-1","max-image-preview":"max-image-preview:large","max-video-preview":"max-video-preview:-1"},"canonical":"https:\/\/www.caudete.org\/ayuntamiento\/comienzan-los-trabajos-de-pavimentacion-de-calles-con-el-fresado-de-las-mismas\/","og_locale":"es_ES","og_type":"article","og_title":"Comienza la 3\u00b0 Fase de pavimentaci\u00f3n de calles con el fresado de las mismas - MI Ayuntamiento de Caudete","og_description":"P\u00e1gina Oficial del Ayuntamiento de Caudete (Albacete)","og_url":"https:\/\/www.caudete.org\/ayuntamiento\/comienzan-los-trabajos-de-pavimentacion-de-calles-con-el-fresado-de-las-mismas\/","og_site_name":"MI Ayuntamiento de Caudete","article_publisher":"https:\/\/www.facebook.com\/ayuntamientocaudete\/","article_published_time":"2022-02-08T09:11:57+00:00","article_modified_time":"2022-02-08T09:42:14+00:00","og_image":[{"width":2048,"height":1536,"url":"https:\/\/www.caudete.org\/ayuntamiento\/wp-content\/uploads\/2022\/02\/WhatsApp-Image-2022-02-08-at-09.05.57.jpeg","type":"image\/jpeg"}],"author":"alcalde","twitter_card":"summary_large_image","twitter_misc":{"Escrito por":"alcalde","Tiempo de lectura":"3 minutos"},"schema":{"@context":"https:\/\/schema.org","@graph":[{"@type":"Article","@id":"https:\/\/www.caudete.org\/ayuntamiento\/comienzan-los-trabajos-de-pavimentacion-de-calles-con-el-fresado-de-las-mismas\/#article","isPartOf":{"@id":"https:\/\/www.caudete.org\/ayuntamiento\/comienzan-los-trabajos-de-pavimentacion-de-calles-con-el-fresado-de-las-mismas\/"},"author":{"name":"alcalde","@id":"https:\/\/www.caudete.org\/ayuntamiento\/#\/schema\/person\/cc646da9133078ee4d8dd47457947253"},"headline":"Comienza la 3\u00b0 Fase de pavimentaci\u00f3n de calles con el fresado de las mismas","datePublished":"2022-02-08T09:11:57+00:00","dateModified":"2022-02-08T09:42:14+00:00","mainEntityOfPage":{"@id":"https:\/\/www.caudete.org\/ayuntamiento\/comienzan-los-trabajos-de-pavimentacion-de-calles-con-el-fresado-de-las-mismas\/"},"wordCount":666,"image":{"@id":"https:\/\/www.caudete.org\/ayuntamiento\/comienzan-los-trabajos-de-pavimentacion-de-calles-con-el-fresado-de-las-mismas\/#primaryimage"},"thumbnailUrl":"https:\/\/www.caudete.org\/ayuntamiento\/wp-content\/uploads\/2022\/02\/WhatsApp-Image-2022-02-08-at-09.05.57.jpeg","articleSection":["Movilidad Urbana"],"inLanguage":"es"},{"@type":"WebPage","@id":"https:\/\/www.caudete.org\/ayuntamiento\/comienzan-los-trabajos-de-pavimentacion-de-calles-con-el-fresado-de-las-mismas\/","url":"https:\/\/www.caudete.org\/ayuntamiento\/comienzan-los-trabajos-de-pavimentacion-de-calles-con-el-fresado-de-las-mismas\/","name":"Comienza la 3\u00b0 Fase de pavimentaci\u00f3n de calles con el fresado de las mismas - MI Ayuntamiento de Caudete","isPartOf":{"@id":"https:\/\/www.caudete.org\/ayuntamiento\/#website"},"primaryImageOfPage":{"@id":"https:\/\/www.caudete.org\/ayuntamiento\/comienzan-los-trabajos-de-pavimentacion-de-calles-con-el-fresado-de-las-mismas\/#primaryimage"},"image":{"@id":"https:\/\/www.caudete.org\/ayuntamiento\/comienzan-los-trabajos-de-pavimentacion-de-calles-con-el-fresado-de-las-mismas\/#primaryimage"},"thumbnailUrl":"https:\/\/www.caudete.org\/ayuntamiento\/wp-content\/uploads\/2022\/02\/WhatsApp-Image-2022-02-08-at-09.05.57.jpeg","datePublished":"2022-02-08T09:11:57+00:00","dateModified":"2022-02-08T09:42:14+00:00","author":{"@id":"https:\/\/www.caudete.org\/ayuntamiento\/#\/schema\/person\/cc646da9133078ee4d8dd47457947253"},"description":"P\u00e1gina Oficial del Ayuntamiento de Caudete (Albacete)","breadcrumb":{"@id":"https:\/\/www.caudete.org\/ayuntamiento\/comienzan-los-trabajos-de-pavimentacion-de-calles-con-el-fresado-de-las-mismas\/#breadcrumb"},"inLanguage":"es","potentialAction":[{"@type":"ReadAction","target":["https:\/\/www.caudete.org\/ayuntamiento\/comienzan-los-trabajos-de-pavimentacion-de-calles-con-el-fresado-de-las-mismas\/"]}]},{"@type":"ImageObject","inLanguage":"es","@id":"https:\/\/www.caudete.org\/ayuntamiento\/comienzan-los-trabajos-de-pavimentacion-de-calles-con-el-fresado-de-las-mismas\/#primaryimage","url":"https:\/\/www.caudete.org\/ayuntamiento\/wp-content\/uploads\/2022\/02\/WhatsApp-Image-2022-02-08-at-09.05.57.jpeg","contentUrl":"https:\/\/www.caudete.org\/ayuntamiento\/wp-content\/uploads\/2022\/02\/WhatsApp-Image-2022-02-08-at-09.05.57.jpeg","width":2048,"height":1536},{"@type":"BreadcrumbList","@id":"https:\/\/www.caudete.org\/ayuntamiento\/comienzan-los-trabajos-de-pavimentacion-de-calles-con-el-fresado-de-las-mismas\/#breadcrumb","itemListElement":[{"@type":"ListItem","position":1,"name":"Inicio","item":"https:\/\/www.caudete.org\/ayuntamiento\/"},{"@type":"ListItem","position":2,"name":"Comienza la 3\u00b0 Fase de pavimentaci\u00f3n de calles con el fresado de las mismas"}]},{"@type":"WebSite","@id":"https:\/\/www.caudete.org\/ayuntamiento\/#website","url":"https:\/\/www.caudete.org\/ayuntamiento\/","name":"MI Ayuntamiento de Caudete","description":"P\u00e1gina Oficial del MI Ayuntamiento de Caudete","potentialAction":[{"@type":"SearchAction","target":{"@type":"EntryPoint","urlTemplate":"https:\/\/www.caudete.org\/ayuntamiento\/?s={search_term_string}"},"query-input":{"@type":"PropertyValueSpecification","valueRequired":true,"valueName":"search_term_string"}}],"inLanguage":"es"},{"@type":"Person","@id":"https:\/\/www.caudete.org\/ayuntamiento\/#\/schema\/person\/cc646da9133078ee4d8dd47457947253","name":"alcalde","image":{"@type":"ImageObject","inLanguage":"es","@id":"https:\/\/secure.gravatar.com\/avatar\/84a817ba065b29ff08d666b215a215f5c79186a645ccb25b14a663d48a130f77?s=96&d=mm&r=g","url":"https:\/\/secure.gravatar.com\/avatar\/84a817ba065b29ff08d666b215a215f5c79186a645ccb25b14a663d48a130f77?s=96&d=mm&r=g","contentUrl":"https:\/\/secure.gravatar.com\/avatar\/84a817ba065b29ff08d666b215a215f5c79186a645ccb25b14a663d48a130f77?s=96&d=mm&r=g","caption":"alcalde"},"url":"https:\/\/www.caudete.org\/ayuntamiento\/author\/alcalde\/"}]}},"_links":{"self":[{"href":"https:\/\/www.caudete.org\/ayuntamiento\/wp-json\/wp\/v2\/posts\/18076","targetHints":{"allow":["GET"]}}],"collection":[{"href":"https:\/\/www.caudete.org\/ayuntamiento\/wp-json\/wp\/v2\/posts"}],"about":[{"href":"https:\/\/www.caudete.org\/ayuntamiento\/wp-json\/wp\/v2\/types\/post"}],"author":[{"embeddable":true,"href":"https:\/\/www.caudete.org\/ayuntamiento\/wp-json\/wp\/v2\/users\/3"}],"replies":[{"embeddable":true,"href":"https:\/\/www.caudete.org\/ayuntamiento\/wp-json\/wp\/v2\/comments?post=18076"}],"version-history":[{"count":3,"href":"https:\/\/www.caudete.org\/ayuntamiento\/wp-json\/wp\/v2\/posts\/18076\/revisions"}],"predecessor-version":[{"id":18082,"href":"https:\/\/www.caudete.org\/ayuntamiento\/wp-json\/wp\/v2\/posts\/18076\/revisions\/18082"}],"wp:featuredmedia":[{"embeddable":true,"href":"https:\/\/www.caudete.org\/ayuntamiento\/wp-json\/wp\/v2\/media\/18078"}],"wp:attachment":[{"href":"https:\/\/www.caudete.org\/ayuntamiento\/wp-json\/wp\/v2\/media?parent=18076"}],"wp:term":[{"taxonomy":"category","embeddable":true,"href":"https:\/\/www.caudete.org\/ayuntamiento\/wp-json\/wp\/v2\/categories?post=18076"},{"taxonomy":"post_tag","embeddable":true,"href":"https:\/\/www.caudete.org\/ayuntamiento\/wp-json\/wp\/v2\/tags?post=18076"}],"curies":[{"name":"wp","href":"https:\/\/api.w.org\/{rel}","templated":true}]}}