{"id":18084,"date":"2022-02-08T12:38:19","date_gmt":"2022-02-08T11:38:19","guid":{"rendered":"https:\/\/www.caudete.org\/ayuntamiento\/?p=18084"},"modified":"2022-02-08T12:38:19","modified_gmt":"2022-02-08T11:38:19","slug":"abono-social-telefonia-fija-telefonica-movistar","status":"publish","type":"post","link":"https:\/\/www.caudete.org\/ayuntamiento\/abono-social-telefonia-fija-telefonica-movistar\/","title":{"rendered":"ABONO SOCIAL TELEFON\u00cdA FIJA (Telef\u00f3nica Movistar)"},"content":{"rendered":"<p>Desde la Concejal\u00eda de Comercio a trav\u00e9s de su Oficina de Informaci\u00f3n al Consumidor nos informan sobre los requisitos a cumplir y la forma de solicitar el Abono Social de Telefon\u00eda Fija (Telef\u00f3nica Movistar).<\/p>\n<p>Es una facilidad que ofrece Movistar destinada a jubilados y pensionistas, que consiste en una reducci\u00f3n del 70% de la cuota de alta de la l\u00ednea telef\u00f3nica fija individual y del 95% de la cuota mensual de la misma. El Abono Social es incompatible con cualquier producto que incluya de forma empaquetada la cuota de l\u00ednea individual, entre otros: Movistar Fusi\u00f3n, L\u00edneas con llamadas, etc.<\/p>\n<p><strong>Requisitos:<\/strong><\/p>\n<ol>\n<li>Ser jubilado o pensionista, o percibir pensi\u00f3n privada reconocida por resoluci\u00f3n judicial.<\/li>\n<li>La suma de ingresos y rentas de la unidad familiar no puede superar los 9.727,54 euros (equivalente al 120% del IPREM) de conformidad con el \u00faltimo Certificado de IRPF disponible en el momento de la solicitud del Abono Social.<\/li>\n<li>El domicilio de instalaci\u00f3n del tel\u00e9fono coincidir\u00e1 con el domicilio de empadronamiento del titular, que no podr\u00e1 tener otra l\u00ednea con esta clasificaci\u00f3n<\/li>\n<\/ol>\n<p><strong>\u00bfC\u00f3mo solicitar la bonificaci\u00f3n del abono social?<\/strong><\/p>\n<p>Se podr\u00e1 solicitar a trav\u00e9s de cualquiera de estos\u00a0<strong>medios<\/strong>:<\/p>\n<ol>\n<li style=\"list-style-type: none;\">\n<ul>\n<li>Mediante Fax, al n\u00famero 901503700.<\/li>\n<li>Mediante carta, al Apartado de Correos: 423 C\u00f3digo Postal: 48080- Bilbao.<\/li>\n<li>O por correo electr\u00f3nico a la direcci\u00f3n: <a href=\"mailto:abonosocial@telefonica.com\" target=\"_blank\" rel=\"nofollow\">abonosocial@telefonica.com<\/a>.<\/li>\n<\/ul>\n<\/li>\n<\/ol>\n<p>Indicando los siguientes\u00a0<strong>datos<\/strong>:<\/p>\n<ol>\n<li style=\"list-style-type: none;\">\n<ul>\n<li>Nombre y apellidos del titular. Si el titular de la l\u00ednea fuera el c\u00f3nyuge del solicitante, incluir tambi\u00e9n su nombre, apellidos y DNI.<\/li>\n<li>DNI.<\/li>\n<li>N\u00famero de tel\u00e9fono para el que solicita el Abono Social.<\/li>\n<\/ul>\n<\/li>\n<\/ol>\n<p>Y AHORA, <strong>\u00bfQU\u00c9 DOCUMENTACI\u00d3N DEBES PRESENTAR?<\/strong><\/p>\n<p>1. Volante de empadronamiento colectivo o familiar de la vivienda. S\u00f3lo se admitir\u00e1 un volante de tipo individual si figura la expresi\u00f3n &#8220;NO EXISTEN M\u00c1S INSCRIPCIONES EN LA HOJA PADRONAL&#8221;.<\/p>\n<ol>\n<li>Fotocopias de las hojas del Libro de Familia donde aparezcan inscripciones (s\u00f3lo en caso de figurar m\u00e1s de una persona en el padr\u00f3n).<\/li>\n<li>Documentos oficiales que permitan acreditar la edad de cada una de las personas empadronadas en el domicilio del solicitante y que formen parte de su UNIDAD FAMILIAR**, como, por ejemplo: fotocopias de DNI, pasaportes, tarjetas de residentes, etc. (sol\u00f3 en caso de empadronados menores de 65 a\u00f1os)<\/li>\n<li>Certificado de IRPF de cada una de las personas empadronadas en el domicilio del solicitante y que formen parte de su unidad familiar (imprescindible enviar el reverso de los documentos).<\/li>\n<\/ol>\n<p>&#8211; Si hace Declaraci\u00f3n de Renta: copia de todas las hojas de la Declaraci\u00f3n de Renta del \u00faltimo ejercicio.<\/p>\n<p>&#8211; Si no hace Declaraci\u00f3n de Renta: certificado de imputaciones de IRPF expedido por Hacienda. En el caso de Pa\u00eds Vasco y Navarra, certificado de ingresos emitido por la Diputaci\u00f3n Foral, del a\u00f1o anterior.<\/p>\n<ol start=\"5\">\n<li><strong>5<\/strong>. Acreditaci\u00f3n de percepci\u00f3n o no percepci\u00f3n de ingresos del a\u00f1o en curso del titular y de cada una de las personas que, empadronadas en el mismo domicilio, formen parte de la unidad familiar. Seg\u00fan su situaci\u00f3n:<\/li>\n<\/ol>\n<p><strong>5a<\/strong>. Pensionistas (titular y miembros de la unidad familiar)<\/p>\n<p>Pensionistas mayores de 65 a\u00f1os<\/p>\n<p>&#8211; Pensi\u00f3n CONTRIBUTIVA: Notificaci\u00f3n de Revalorizaci\u00f3n y Paga \u00danica de Pensiones o Certificado de Pensi\u00f3n Mensual expedido por el Instituto Nacional de la Seguridad Social (Incluso para Clases Pasivas del Estado)<\/p>\n<p>&#8211; Pensi\u00f3n NO CONTRIBUTIVA Certificado del Organismo Oficial que corresponda con la cuant\u00eda de la que sea beneficiario<\/p>\n<p>&#8211; Pensi\u00f3n PRIVADA Resoluci\u00f3n Judicial de percepci\u00f3n de Pensi\u00f3n Privada. Resguardo del Banco con el \u00faltimo ingreso que haya percibido<\/p>\n<p>Pensionistas menores de 65 a\u00f1os Misma documentaci\u00f3n que en el ep\u00edgrafe anterior, en funci\u00f3n del tipo de pensi\u00f3n que perciba.<\/p>\n<p>Si su pensi\u00f3n NO ES DE JUBILACION, debe enviar tambi\u00e9n:<\/p>\n<p>&#8211; Informe de Vida Laboral emitido por la Tesorer\u00eda de la Seguridad Social y:<\/p>\n<p>Si est\u00e1 en activo: Fotocopia de la \u00faltima n\u00f3mina o acreditaci\u00f3n de ingresos<\/p>\n<p>Si no est\u00e1 en activo: Certificado del SEPE (antiguo INEM) de la prestaci\u00f3n que se perciba<\/p>\n<p><strong>5b<\/strong>. No pensionistas (documentaci\u00f3n a enviar s\u00f3lo por las personas empadronadas en el mismo domicilio que formen parte de la unidad familiar**)<\/p>\n<p>&#8211; Mayor de 65 a\u00f1os: Certificado del INSS de no percibir pensi\u00f3n<\/p>\n<p>&#8211; Menor de 65 a\u00f1os: Informe de Vida Laboral emitido por la Tesorer\u00eda de la Seguridad Social y:<\/p>\n<p>Si est\u00e1 en activo: Fotocopia de la \u00faltima n\u00f3mina o acreditaci\u00f3n de ingresos<\/p>\n<p>Si no est\u00e1 en activo: Certificado del SEPE (antiguo INEM) de la prestaci\u00f3n que se perciba<\/p>\n<p>&nbsp;<\/p>\n<p><a href=\"https:\/\/www.caudete.org\/ayuntamiento\/wp-content\/uploads\/2022\/02\/abono-social-requisitos.pdf\" class=\"mtli_attachment mtli_pdf\"><strong>REQUISITOS PARA SOLICITAR EL ABONO SOCIAL TELEF\u00d3NICO<\/strong><\/a><\/p>\n<p>&nbsp;<\/p>\n<p>&nbsp;<\/p>\n","protected":false},"excerpt":{"rendered":"<p>Desde la Concejal\u00eda de Comercio a trav\u00e9s de su Oficina de Informaci\u00f3n al Consumidor nos informan sobre los requisitos a cumplir y la forma de solicitar el Abono Social de Telefon\u00eda Fija (Telef\u00f3nica Movistar). Es una facilidad que ofrece Movistar destinada a jubilados y pensionistas, que consiste en una reducci\u00f3n del 70% de la cuota &hellip;<\/p>\n","protected":false},"author":2,"featured_media":18087,"comment_status":"closed","ping_status":"open","sticky":false,"template":"","format":"standard","meta":{"ngg_post_thumbnail":0,"footnotes":""},"categories":[42],"tags":[786],"class_list":["post-18084","post","type-post","status-publish","format-standard","has-post-thumbnail","hentry","category-comercio","tag-abono-social-telefonico"],"yoast_head":"<!-- This site is optimized with the Yoast SEO plugin v27.5 - https:\/\/yoast.com\/product\/yoast-seo-wordpress\/ -->\n<title>ABONO SOCIAL TELEFON\u00cdA FIJA (Telef\u00f3nica Movistar) - MI Ayuntamiento de Caudete<\/title>\n<meta name=\"description\" content=\"P\u00e1gina Oficial del Ayuntamiento de Caudete (Albacete)\" \/>\n<meta name=\"robots\" content=\"index, follow, max-snippet:-1, max-image-preview:large, max-video-preview:-1\" \/>\n<link rel=\"canonical\" href=\"https:\/\/www.caudete.org\/ayuntamiento\/abono-social-telefonia-fija-telefonica-movistar\/\" \/>\n<meta property=\"og:locale\" content=\"es_ES\" \/>\n<meta property=\"og:type\" content=\"article\" \/>\n<meta property=\"og:title\" content=\"ABONO SOCIAL TELEFON\u00cdA FIJA (Telef\u00f3nica Movistar) - MI Ayuntamiento de Caudete\" \/>\n<meta property=\"og:description\" content=\"P\u00e1gina Oficial del Ayuntamiento de Caudete (Albacete)\" \/>\n<meta property=\"og:url\" content=\"https:\/\/www.caudete.org\/ayuntamiento\/abono-social-telefonia-fija-telefonica-movistar\/\" \/>\n<meta property=\"og:site_name\" content=\"MI Ayuntamiento de Caudete\" \/>\n<meta property=\"article:publisher\" content=\"https:\/\/www.facebook.com\/ayuntamientocaudete\/\" \/>\n<meta property=\"article:published_time\" content=\"2022-02-08T11:38:19+00:00\" \/>\n<meta property=\"og:image\" content=\"https:\/\/www.caudete.org\/ayuntamiento\/wp-content\/uploads\/2022\/02\/Abono-telefonico-WEB.jpg\" \/>\n\t<meta property=\"og:image:width\" content=\"864\" \/>\n\t<meta property=\"og:image:height\" content=\"380\" \/>\n\t<meta property=\"og:image:type\" content=\"image\/jpeg\" \/>\n<meta name=\"author\" content=\"Juan\" \/>\n<meta name=\"twitter:card\" content=\"summary_large_image\" \/>\n<meta name=\"twitter:label1\" content=\"Escrito por\" \/>\n\t<meta name=\"twitter:data1\" content=\"Juan\" \/>\n\t<meta name=\"twitter:label2\" content=\"Tiempo de lectura\" \/>\n\t<meta name=\"twitter:data2\" content=\"4 minutos\" \/>\n<script type=\"application\/ld+json\" class=\"yoast-schema-graph\">{\"@context\":\"https:\\\/\\\/schema.org\",\"@graph\":[{\"@type\":\"Article\",\"@id\":\"https:\\\/\\\/www.caudete.org\\\/ayuntamiento\\\/abono-social-telefonia-fija-telefonica-movistar\\\/#article\",\"isPartOf\":{\"@id\":\"https:\\\/\\\/www.caudete.org\\\/ayuntamiento\\\/abono-social-telefonia-fija-telefonica-movistar\\\/\"},\"author\":{\"name\":\"Juan\",\"@id\":\"https:\\\/\\\/www.caudete.org\\\/ayuntamiento\\\/#\\\/schema\\\/person\\\/7656a5bb58fca95b9814e940de0fda63\"},\"headline\":\"ABONO SOCIAL TELEFON\u00cdA FIJA (Telef\u00f3nica Movistar)\",\"datePublished\":\"2022-02-08T11:38:19+00:00\",\"mainEntityOfPage\":{\"@id\":\"https:\\\/\\\/www.caudete.org\\\/ayuntamiento\\\/abono-social-telefonia-fija-telefonica-movistar\\\/\"},\"wordCount\":804,\"image\":{\"@id\":\"https:\\\/\\\/www.caudete.org\\\/ayuntamiento\\\/abono-social-telefonia-fija-telefonica-movistar\\\/#primaryimage\"},\"thumbnailUrl\":\"https:\\\/\\\/www.caudete.org\\\/ayuntamiento\\\/wp-content\\\/uploads\\\/2022\\\/02\\\/Abono-telefonico-WEB.jpg\",\"keywords\":[\"Abono social telefonico\"],\"articleSection\":[\"Comercio\"],\"inLanguage\":\"es\"},{\"@type\":\"WebPage\",\"@id\":\"https:\\\/\\\/www.caudete.org\\\/ayuntamiento\\\/abono-social-telefonia-fija-telefonica-movistar\\\/\",\"url\":\"https:\\\/\\\/www.caudete.org\\\/ayuntamiento\\\/abono-social-telefonia-fija-telefonica-movistar\\\/\",\"name\":\"ABONO SOCIAL TELEFON\u00cdA FIJA (Telef\u00f3nica Movistar) - MI Ayuntamiento de Caudete\",\"isPartOf\":{\"@id\":\"https:\\\/\\\/www.caudete.org\\\/ayuntamiento\\\/#website\"},\"primaryImageOfPage\":{\"@id\":\"https:\\\/\\\/www.caudete.org\\\/ayuntamiento\\\/abono-social-telefonia-fija-telefonica-movistar\\\/#primaryimage\"},\"image\":{\"@id\":\"https:\\\/\\\/www.caudete.org\\\/ayuntamiento\\\/abono-social-telefonia-fija-telefonica-movistar\\\/#primaryimage\"},\"thumbnailUrl\":\"https:\\\/\\\/www.caudete.org\\\/ayuntamiento\\\/wp-content\\\/uploads\\\/2022\\\/02\\\/Abono-telefonico-WEB.jpg\",\"datePublished\":\"2022-02-08T11:38:19+00:00\",\"author\":{\"@id\":\"https:\\\/\\\/www.caudete.org\\\/ayuntamiento\\\/#\\\/schema\\\/person\\\/7656a5bb58fca95b9814e940de0fda63\"},\"description\":\"P\u00e1gina Oficial del Ayuntamiento de Caudete (Albacete)\",\"breadcrumb\":{\"@id\":\"https:\\\/\\\/www.caudete.org\\\/ayuntamiento\\\/abono-social-telefonia-fija-telefonica-movistar\\\/#breadcrumb\"},\"inLanguage\":\"es\",\"potentialAction\":[{\"@type\":\"ReadAction\",\"target\":[\"https:\\\/\\\/www.caudete.org\\\/ayuntamiento\\\/abono-social-telefonia-fija-telefonica-movistar\\\/\"]}]},{\"@type\":\"ImageObject\",\"inLanguage\":\"es\",\"@id\":\"https:\\\/\\\/www.caudete.org\\\/ayuntamiento\\\/abono-social-telefonia-fija-telefonica-movistar\\\/#primaryimage\",\"url\":\"https:\\\/\\\/www.caudete.org\\\/ayuntamiento\\\/wp-content\\\/uploads\\\/2022\\\/02\\\/Abono-telefonico-WEB.jpg\",\"contentUrl\":\"https:\\\/\\\/www.caudete.org\\\/ayuntamiento\\\/wp-content\\\/uploads\\\/2022\\\/02\\\/Abono-telefonico-WEB.jpg\",\"width\":864,\"height\":380},{\"@type\":\"BreadcrumbList\",\"@id\":\"https:\\\/\\\/www.caudete.org\\\/ayuntamiento\\\/abono-social-telefonia-fija-telefonica-movistar\\\/#breadcrumb\",\"itemListElement\":[{\"@type\":\"ListItem\",\"position\":1,\"name\":\"Inicio\",\"item\":\"https:\\\/\\\/www.caudete.org\\\/ayuntamiento\\\/\"},{\"@type\":\"ListItem\",\"position\":2,\"name\":\"ABONO SOCIAL TELEFON\u00cdA FIJA (Telef\u00f3nica Movistar)\"}]},{\"@type\":\"WebSite\",\"@id\":\"https:\\\/\\\/www.caudete.org\\\/ayuntamiento\\\/#website\",\"url\":\"https:\\\/\\\/www.caudete.org\\\/ayuntamiento\\\/\",\"name\":\"MI Ayuntamiento de Caudete\",\"description\":\"P\u00e1gina Oficial del MI Ayuntamiento de Caudete\",\"potentialAction\":[{\"@type\":\"SearchAction\",\"target\":{\"@type\":\"EntryPoint\",\"urlTemplate\":\"https:\\\/\\\/www.caudete.org\\\/ayuntamiento\\\/?s={search_term_string}\"},\"query-input\":{\"@type\":\"PropertyValueSpecification\",\"valueRequired\":true,\"valueName\":\"search_term_string\"}}],\"inLanguage\":\"es\"},{\"@type\":\"Person\",\"@id\":\"https:\\\/\\\/www.caudete.org\\\/ayuntamiento\\\/#\\\/schema\\\/person\\\/7656a5bb58fca95b9814e940de0fda63\",\"name\":\"Juan\",\"image\":{\"@type\":\"ImageObject\",\"inLanguage\":\"es\",\"@id\":\"https:\\\/\\\/secure.gravatar.com\\\/avatar\\\/dd53e51c0cd6ab23f52d4f3e4f1c59730240727763de3dbbf26750b079a2c292?s=96&d=mm&r=g\",\"url\":\"https:\\\/\\\/secure.gravatar.com\\\/avatar\\\/dd53e51c0cd6ab23f52d4f3e4f1c59730240727763de3dbbf26750b079a2c292?s=96&d=mm&r=g\",\"contentUrl\":\"https:\\\/\\\/secure.gravatar.com\\\/avatar\\\/dd53e51c0cd6ab23f52d4f3e4f1c59730240727763de3dbbf26750b079a2c292?s=96&d=mm&r=g\",\"caption\":\"Juan\"},\"url\":\"https:\\\/\\\/www.caudete.org\\\/ayuntamiento\\\/author\\\/centrodeinternet\\\/\"}]}<\/script>\n<!-- \/ Yoast SEO plugin. -->","yoast_head_json":{"title":"ABONO SOCIAL TELEFON\u00cdA FIJA (Telef\u00f3nica Movistar) - MI Ayuntamiento de Caudete","description":"P\u00e1gina Oficial del Ayuntamiento de Caudete (Albacete)","robots":{"index":"index","follow":"follow","max-snippet":"max-snippet:-1","max-image-preview":"max-image-preview:large","max-video-preview":"max-video-preview:-1"},"canonical":"https:\/\/www.caudete.org\/ayuntamiento\/abono-social-telefonia-fija-telefonica-movistar\/","og_locale":"es_ES","og_type":"article","og_title":"ABONO SOCIAL TELEFON\u00cdA FIJA (Telef\u00f3nica Movistar) - MI Ayuntamiento de Caudete","og_description":"P\u00e1gina Oficial del Ayuntamiento de Caudete (Albacete)","og_url":"https:\/\/www.caudete.org\/ayuntamiento\/abono-social-telefonia-fija-telefonica-movistar\/","og_site_name":"MI Ayuntamiento de Caudete","article_publisher":"https:\/\/www.facebook.com\/ayuntamientocaudete\/","article_published_time":"2022-02-08T11:38:19+00:00","og_image":[{"width":864,"height":380,"url":"https:\/\/www.caudete.org\/ayuntamiento\/wp-content\/uploads\/2022\/02\/Abono-telefonico-WEB.jpg","type":"image\/jpeg"}],"author":"Juan","twitter_card":"summary_large_image","twitter_misc":{"Escrito por":"Juan","Tiempo de lectura":"4 minutos"},"schema":{"@context":"https:\/\/schema.org","@graph":[{"@type":"Article","@id":"https:\/\/www.caudete.org\/ayuntamiento\/abono-social-telefonia-fija-telefonica-movistar\/#article","isPartOf":{"@id":"https:\/\/www.caudete.org\/ayuntamiento\/abono-social-telefonia-fija-telefonica-movistar\/"},"author":{"name":"Juan","@id":"https:\/\/www.caudete.org\/ayuntamiento\/#\/schema\/person\/7656a5bb58fca95b9814e940de0fda63"},"headline":"ABONO SOCIAL TELEFON\u00cdA FIJA (Telef\u00f3nica Movistar)","datePublished":"2022-02-08T11:38:19+00:00","mainEntityOfPage":{"@id":"https:\/\/www.caudete.org\/ayuntamiento\/abono-social-telefonia-fija-telefonica-movistar\/"},"wordCount":804,"image":{"@id":"https:\/\/www.caudete.org\/ayuntamiento\/abono-social-telefonia-fija-telefonica-movistar\/#primaryimage"},"thumbnailUrl":"https:\/\/www.caudete.org\/ayuntamiento\/wp-content\/uploads\/2022\/02\/Abono-telefonico-WEB.jpg","keywords":["Abono social telefonico"],"articleSection":["Comercio"],"inLanguage":"es"},{"@type":"WebPage","@id":"https:\/\/www.caudete.org\/ayuntamiento\/abono-social-telefonia-fija-telefonica-movistar\/","url":"https:\/\/www.caudete.org\/ayuntamiento\/abono-social-telefonia-fija-telefonica-movistar\/","name":"ABONO SOCIAL TELEFON\u00cdA FIJA (Telef\u00f3nica Movistar) - MI Ayuntamiento de Caudete","isPartOf":{"@id":"https:\/\/www.caudete.org\/ayuntamiento\/#website"},"primaryImageOfPage":{"@id":"https:\/\/www.caudete.org\/ayuntamiento\/abono-social-telefonia-fija-telefonica-movistar\/#primaryimage"},"image":{"@id":"https:\/\/www.caudete.org\/ayuntamiento\/abono-social-telefonia-fija-telefonica-movistar\/#primaryimage"},"thumbnailUrl":"https:\/\/www.caudete.org\/ayuntamiento\/wp-content\/uploads\/2022\/02\/Abono-telefonico-WEB.jpg","datePublished":"2022-02-08T11:38:19+00:00","author":{"@id":"https:\/\/www.caudete.org\/ayuntamiento\/#\/schema\/person\/7656a5bb58fca95b9814e940de0fda63"},"description":"P\u00e1gina Oficial del Ayuntamiento de Caudete (Albacete)","breadcrumb":{"@id":"https:\/\/www.caudete.org\/ayuntamiento\/abono-social-telefonia-fija-telefonica-movistar\/#breadcrumb"},"inLanguage":"es","potentialAction":[{"@type":"ReadAction","target":["https:\/\/www.caudete.org\/ayuntamiento\/abono-social-telefonia-fija-telefonica-movistar\/"]}]},{"@type":"ImageObject","inLanguage":"es","@id":"https:\/\/www.caudete.org\/ayuntamiento\/abono-social-telefonia-fija-telefonica-movistar\/#primaryimage","url":"https:\/\/www.caudete.org\/ayuntamiento\/wp-content\/uploads\/2022\/02\/Abono-telefonico-WEB.jpg","contentUrl":"https:\/\/www.caudete.org\/ayuntamiento\/wp-content\/uploads\/2022\/02\/Abono-telefonico-WEB.jpg","width":864,"height":380},{"@type":"BreadcrumbList","@id":"https:\/\/www.caudete.org\/ayuntamiento\/abono-social-telefonia-fija-telefonica-movistar\/#breadcrumb","itemListElement":[{"@type":"ListItem","position":1,"name":"Inicio","item":"https:\/\/www.caudete.org\/ayuntamiento\/"},{"@type":"ListItem","position":2,"name":"ABONO SOCIAL TELEFON\u00cdA FIJA (Telef\u00f3nica Movistar)"}]},{"@type":"WebSite","@id":"https:\/\/www.caudete.org\/ayuntamiento\/#website","url":"https:\/\/www.caudete.org\/ayuntamiento\/","name":"MI Ayuntamiento de Caudete","description":"P\u00e1gina Oficial del MI Ayuntamiento de Caudete","potentialAction":[{"@type":"SearchAction","target":{"@type":"EntryPoint","urlTemplate":"https:\/\/www.caudete.org\/ayuntamiento\/?s={search_term_string}"},"query-input":{"@type":"PropertyValueSpecification","valueRequired":true,"valueName":"search_term_string"}}],"inLanguage":"es"},{"@type":"Person","@id":"https:\/\/www.caudete.org\/ayuntamiento\/#\/schema\/person\/7656a5bb58fca95b9814e940de0fda63","name":"Juan","image":{"@type":"ImageObject","inLanguage":"es","@id":"https:\/\/secure.gravatar.com\/avatar\/dd53e51c0cd6ab23f52d4f3e4f1c59730240727763de3dbbf26750b079a2c292?s=96&d=mm&r=g","url":"https:\/\/secure.gravatar.com\/avatar\/dd53e51c0cd6ab23f52d4f3e4f1c59730240727763de3dbbf26750b079a2c292?s=96&d=mm&r=g","contentUrl":"https:\/\/secure.gravatar.com\/avatar\/dd53e51c0cd6ab23f52d4f3e4f1c59730240727763de3dbbf26750b079a2c292?s=96&d=mm&r=g","caption":"Juan"},"url":"https:\/\/www.caudete.org\/ayuntamiento\/author\/centrodeinternet\/"}]}},"_links":{"self":[{"href":"https:\/\/www.caudete.org\/ayuntamiento\/wp-json\/wp\/v2\/posts\/18084","targetHints":{"allow":["GET"]}}],"collection":[{"href":"https:\/\/www.caudete.org\/ayuntamiento\/wp-json\/wp\/v2\/posts"}],"about":[{"href":"https:\/\/www.caudete.org\/ayuntamiento\/wp-json\/wp\/v2\/types\/post"}],"author":[{"embeddable":true,"href":"https:\/\/www.caudete.org\/ayuntamiento\/wp-json\/wp\/v2\/users\/2"}],"replies":[{"embeddable":true,"href":"https:\/\/www.caudete.org\/ayuntamiento\/wp-json\/wp\/v2\/comments?post=18084"}],"version-history":[{"count":5,"href":"https:\/\/www.caudete.org\/ayuntamiento\/wp-json\/wp\/v2\/posts\/18084\/revisions"}],"predecessor-version":[{"id":18091,"href":"https:\/\/www.caudete.org\/ayuntamiento\/wp-json\/wp\/v2\/posts\/18084\/revisions\/18091"}],"wp:featuredmedia":[{"embeddable":true,"href":"https:\/\/www.caudete.org\/ayuntamiento\/wp-json\/wp\/v2\/media\/18087"}],"wp:attachment":[{"href":"https:\/\/www.caudete.org\/ayuntamiento\/wp-json\/wp\/v2\/media?parent=18084"}],"wp:term":[{"taxonomy":"category","embeddable":true,"href":"https:\/\/www.caudete.org\/ayuntamiento\/wp-json\/wp\/v2\/categories?post=18084"},{"taxonomy":"post_tag","embeddable":true,"href":"https:\/\/www.caudete.org\/ayuntamiento\/wp-json\/wp\/v2\/tags?post=18084"}],"curies":[{"name":"wp","href":"https:\/\/api.w.org\/{rel}","templated":true}]}}