{"id":18092,"date":"2022-02-08T18:03:17","date_gmt":"2022-02-08T17:03:17","guid":{"rendered":"https:\/\/www.caudete.org\/ayuntamiento\/?p=18092"},"modified":"2022-02-09T08:59:42","modified_gmt":"2022-02-09T07:59:42","slug":"el-gobierno-municipal-solicito-al-juzgado-y-la-jccm-paralizar-el-pago-y-la-ocupacion-de-terrenos-por-tanit-tres-como-medida-cautelar","status":"publish","type":"post","link":"https:\/\/www.caudete.org\/ayuntamiento\/el-gobierno-municipal-solicito-al-juzgado-y-la-jccm-paralizar-el-pago-y-la-ocupacion-de-terrenos-por-tanit-tres-como-medida-cautelar\/","title":{"rendered":"El Gobierno Municipal solicit\u00f3 al Juzgado y a la JCCM paralizar el pago y la ocupaci\u00f3n de terrenos por TANIT TRES como medida cautelar"},"content":{"rendered":"<p style=\"text-align: justify;\">El pasado viernes 28 de Febrero la Junta de Gobierno Local, a propuesta del Alcalde, abord\u00f3 una vez m\u00e1s la situaci\u00f3n que TANIT TRES est\u00e1 generando en el entorno natural caudetano con su proyecto de extracci\u00f3n de roca ornamental que pretende realizar en el entorno de la Sierra Cuchillo, catalogada BIC por la Regi\u00f3n de Murcia en 2018, y en donde la JCCM otorg\u00f3 la protecci\u00f3n hace m\u00e1s de 15 a\u00f1os a la Microreserva &#8220;Los Arenales&#8221;.<\/p>\n<p style=\"text-align: justify;\">Esta vez, las acciones se toman tras el conocimiento que el Consistorio obtiene de parte de la Consejer\u00eda de Desarrollo Sostenible de la JCCM sobre la Convocatoria de Acta de pago de justiprecio por la ocupaci\u00f3n temporal del permiso de investigaci\u00f3n n\u00b01941 &#8220;TANIT TRES&#8221;, al considerar que la JCCM vuelve a hacer caso omiso a los valores paisaj\u00edsticos y ambientales del municipio, as\u00ed como a la petici\u00f3n fundada legalmente por el Ayuntamiento de Caudete, y del sentir de los vecinos caudetanos.<\/p>\n<p style=\"text-align: justify;\">Dicho acto, lo prev\u00e9 la JCCM realizar el 17 de Marzo a las 11:30h, haciendo constar que \u00e9sta ha de realizarse en espacio municipal, y ha de darse la comparecencia del Alcalde y Secretario para poder dar cumplimiento a la legislaci\u00f3n vigente en dicha materia.<\/p>\n<p style=\"text-align: justify;\">Ante ello, el propio Alcalde ha manifestado p\u00fablicamente su decisi\u00f3n de no asistir a este tr\u00e1mite administrativo, puesto que adem\u00e1s de no tener sentido la continuidad de los tr\u00e1mites de este expediente, por estar judicializado (e incluso poder rozar el l\u00edmite de la legalidad), supone tambi\u00e9n un grave atentado al medio natural caudetano, y una falta de respeto a todos los caudetanos.<\/p>\n<p style=\"text-align: justify;\">No obstante, y dada la gravedad y trascendencia del asunto, la Junta de Gobierno Local dictamin\u00f3 solicitar tanto a la Delegaci\u00f3n Provincial de Desarrollo Sostenible, como al Juzgado de lo Contencioso Administrativo de Albacete, la suspensi\u00f3n del Acta de pago de justiprecio, como medida cautelar, dada la judicializaci\u00f3n del expediente, y mientras no se obtenga resoluci\u00f3n firme de la Justicia.<\/p>\n<p style=\"text-align: justify;\">As\u00ed las cosas, el mismo d\u00eda 28 de Enero (viernes) se daba traslado a la administraci\u00f3n competente (JCCM), mientras que el lunes 31 de Enero los servicios jur\u00eddicos del Ayuntamiento de Caudete lo hac\u00edan ante el Juzgado encargado de este asunto; ante lo cual se esperan noticias en un plazo de tiempo breve, dada la relevancia de lo expuesto.<\/p>\n<p style=\"text-align: justify;\">Cabe recordar la situaci\u00f3n jur\u00eddica del proyecto de investigaci\u00f3n propuesto por TANIT TRES para actuar sobre la Sierra Cuchillo:<\/p>\n<p style=\"text-align: justify;\">1\u00b0.- El Ayuntamiento tiene impugnada la Resoluci\u00f3n de la Direcci\u00f3n Provincial de Econom\u00eda, Empresas y Empleo de Albacete de fecha 29 de Mayo de 2019, sobre declaraci\u00f3n de necesidad de ocupaci\u00f3n de los terrenos para el desarrollo de los trabajos del Permiso de Investigaci\u00f3n expuesto anteriormente. Dicho procedimiento se encuentra actualmente por &#8220;sub iudice&#8221; en el Juzgado de lo Contencioso-Administrativo n\u00b02 de Albacete.<\/p>\n<p style=\"text-align: justify;\">2\u00b0.- El Ayuntamiento tiene denegada a la promotora del permiso de investigaci\u00f3n la Licencia de Obras de car\u00e1cter provisional solicitada para la ejecuci\u00f3n de dicho proyecto.<\/p>\n<p style=\"text-align: justify;\">3\u00b0.- Dicha denegaci\u00f3n, llevo a la mercantil promotora del proyecto de investigaci\u00f3n a interponer recurso contencioso-administrativo contra el Ayuntamiento de Caudete, encontr\u00e1ndose en la misma situaci\u00f3n que lo expuesto en el apartado 1\u00b0.<\/p>\n<p style=\"text-align: justify;\">4\u00b0.- La Consejer\u00eda competente de la JCCM emite Resoluci\u00f3n de 21 de Septiembre de 2021, denegando la segunda pr\u00f3rroga de la Licencia de la Resoluci\u00f3n de 22 de Diciembre de 2016 de la Viceconsejer\u00eda de Medio Ambiente, por la que se formula el Informe de Impacto Ambiental del permiso de investigaci\u00f3n.<\/p>\n<p style=\"text-align: justify;\">Expuesta de forma resumida la situaci\u00f3n y acciones legales emprendidas en los \u00faltimos d\u00edas por el Gobierno Municipal, el Alcalde conf\u00eda en que la Justicia tenga a bien atender la demanda de todo un pueblo que ha mostrado su rechazo a que la Sierra del Cuchillo se vea afectada por la extracci\u00f3n minera de roca ornamental; situaci\u00f3n que tambi\u00e9n espera sea atendida por la parte t\u00e9cnica y pol\u00edtica de la Junta de Comunidades de Castilla La Mancha, y en especial, de la Delegaci\u00f3n Provincial de Desarrollo Sostenible, responsable de los permisos y resoluciones que en estos momentos est\u00e1n obviando la voluntad del Ayuntamiento y pueblo de Caudete.<\/p>\n<p style=\"text-align: justify;\">Igualmente, ha adelantado el Alcalde que ya ha solicitado reunirse con la Plataforma ciudadana &#8220;Salvemos la Sierra del Cuchillo&#8221;, para trasladarles el apoyo incondicional del Ayuntamiento y solicitar su rec\u00edproca colaboraci\u00f3n en la defensa de los intereses naturales de Caudete, as\u00ed como informarles pormenorizadamente de las acciones realizadas y las que se prev\u00e9n adoptar conforme vaya avanzando el expediente.<\/p>\n","protected":false},"excerpt":{"rendered":"<p>El pasado viernes 28 de Febrero la Junta de Gobierno Local, a propuesta del Alcalde, abord\u00f3 una vez m\u00e1s la situaci\u00f3n que TANIT TRES est\u00e1 generando en el entorno natural caudetano con su proyecto de extracci\u00f3n de roca ornamental que pretende realizar en el entorno de la Sierra Cuchillo, catalogada BIC por la Regi\u00f3n de &hellip;<\/p>\n","protected":false},"author":3,"featured_media":18101,"comment_status":"closed","ping_status":"open","sticky":false,"template":"","format":"standard","meta":{"ngg_post_thumbnail":0,"footnotes":""},"categories":[29],"tags":[],"class_list":["post-18092","post","type-post","status-publish","format-standard","has-post-thumbnail","hentry","category-medio-ambiente"],"yoast_head":"<!-- This site is optimized with the Yoast SEO plugin v27.5 - https:\/\/yoast.com\/product\/yoast-seo-wordpress\/ -->\n<title>El Gobierno Municipal solicit\u00f3 al Juzgado y a la JCCM paralizar el pago y la ocupaci\u00f3n de terrenos por TANIT TRES como medida cautelar - MI Ayuntamiento de Caudete<\/title>\n<meta name=\"description\" content=\"P\u00e1gina Oficial del Ayuntamiento de Caudete (Albacete)\" \/>\n<meta name=\"robots\" content=\"index, follow, max-snippet:-1, max-image-preview:large, max-video-preview:-1\" \/>\n<link rel=\"canonical\" href=\"https:\/\/www.caudete.org\/ayuntamiento\/el-gobierno-municipal-solicito-al-juzgado-y-la-jccm-paralizar-el-pago-y-la-ocupacion-de-terrenos-por-tanit-tres-como-medida-cautelar\/\" \/>\n<meta property=\"og:locale\" content=\"es_ES\" \/>\n<meta property=\"og:type\" content=\"article\" \/>\n<meta property=\"og:title\" content=\"El Gobierno Municipal solicit\u00f3 al Juzgado y a la JCCM paralizar el pago y la ocupaci\u00f3n de terrenos por TANIT TRES como medida cautelar - MI Ayuntamiento de Caudete\" \/>\n<meta property=\"og:description\" content=\"P\u00e1gina Oficial del Ayuntamiento de Caudete (Albacete)\" \/>\n<meta property=\"og:url\" content=\"https:\/\/www.caudete.org\/ayuntamiento\/el-gobierno-municipal-solicito-al-juzgado-y-la-jccm-paralizar-el-pago-y-la-ocupacion-de-terrenos-por-tanit-tres-como-medida-cautelar\/\" \/>\n<meta property=\"og:site_name\" content=\"MI Ayuntamiento de Caudete\" \/>\n<meta property=\"article:publisher\" content=\"https:\/\/www.facebook.com\/ayuntamientocaudete\/\" \/>\n<meta property=\"article:published_time\" content=\"2022-02-08T17:03:17+00:00\" \/>\n<meta property=\"article:modified_time\" content=\"2022-02-09T07:59:42+00:00\" \/>\n<meta property=\"og:image\" content=\"https:\/\/www.caudete.org\/ayuntamiento\/wp-content\/uploads\/2022\/02\/Tanit-Tres-WEB.jpg\" \/>\n\t<meta property=\"og:image:width\" content=\"864\" \/>\n\t<meta property=\"og:image:height\" content=\"380\" \/>\n\t<meta property=\"og:image:type\" content=\"image\/jpeg\" \/>\n<meta name=\"author\" content=\"alcalde\" \/>\n<meta name=\"twitter:card\" content=\"summary_large_image\" \/>\n<meta name=\"twitter:label1\" content=\"Escrito por\" \/>\n\t<meta name=\"twitter:data1\" content=\"alcalde\" \/>\n\t<meta name=\"twitter:label2\" content=\"Tiempo de lectura\" \/>\n\t<meta name=\"twitter:data2\" content=\"4 minutos\" \/>\n<script type=\"application\/ld+json\" class=\"yoast-schema-graph\">{\"@context\":\"https:\\\/\\\/schema.org\",\"@graph\":[{\"@type\":\"Article\",\"@id\":\"https:\\\/\\\/www.caudete.org\\\/ayuntamiento\\\/el-gobierno-municipal-solicito-al-juzgado-y-la-jccm-paralizar-el-pago-y-la-ocupacion-de-terrenos-por-tanit-tres-como-medida-cautelar\\\/#article\",\"isPartOf\":{\"@id\":\"https:\\\/\\\/www.caudete.org\\\/ayuntamiento\\\/el-gobierno-municipal-solicito-al-juzgado-y-la-jccm-paralizar-el-pago-y-la-ocupacion-de-terrenos-por-tanit-tres-como-medida-cautelar\\\/\"},\"author\":{\"name\":\"alcalde\",\"@id\":\"https:\\\/\\\/www.caudete.org\\\/ayuntamiento\\\/#\\\/schema\\\/person\\\/cc646da9133078ee4d8dd47457947253\"},\"headline\":\"El Gobierno Municipal solicit\u00f3 al Juzgado y a la JCCM paralizar el pago y la ocupaci\u00f3n de terrenos por TANIT TRES como medida cautelar\",\"datePublished\":\"2022-02-08T17:03:17+00:00\",\"dateModified\":\"2022-02-09T07:59:42+00:00\",\"mainEntityOfPage\":{\"@id\":\"https:\\\/\\\/www.caudete.org\\\/ayuntamiento\\\/el-gobierno-municipal-solicito-al-juzgado-y-la-jccm-paralizar-el-pago-y-la-ocupacion-de-terrenos-por-tanit-tres-como-medida-cautelar\\\/\"},\"wordCount\":816,\"image\":{\"@id\":\"https:\\\/\\\/www.caudete.org\\\/ayuntamiento\\\/el-gobierno-municipal-solicito-al-juzgado-y-la-jccm-paralizar-el-pago-y-la-ocupacion-de-terrenos-por-tanit-tres-como-medida-cautelar\\\/#primaryimage\"},\"thumbnailUrl\":\"https:\\\/\\\/www.caudete.org\\\/ayuntamiento\\\/wp-content\\\/uploads\\\/2022\\\/02\\\/Tanit-Tres-WEB.jpg\",\"articleSection\":[\"Medio Ambiente\"],\"inLanguage\":\"es\"},{\"@type\":\"WebPage\",\"@id\":\"https:\\\/\\\/www.caudete.org\\\/ayuntamiento\\\/el-gobierno-municipal-solicito-al-juzgado-y-la-jccm-paralizar-el-pago-y-la-ocupacion-de-terrenos-por-tanit-tres-como-medida-cautelar\\\/\",\"url\":\"https:\\\/\\\/www.caudete.org\\\/ayuntamiento\\\/el-gobierno-municipal-solicito-al-juzgado-y-la-jccm-paralizar-el-pago-y-la-ocupacion-de-terrenos-por-tanit-tres-como-medida-cautelar\\\/\",\"name\":\"El Gobierno Municipal solicit\u00f3 al Juzgado y a la JCCM paralizar el pago y la ocupaci\u00f3n de terrenos por TANIT TRES como medida cautelar - MI Ayuntamiento de Caudete\",\"isPartOf\":{\"@id\":\"https:\\\/\\\/www.caudete.org\\\/ayuntamiento\\\/#website\"},\"primaryImageOfPage\":{\"@id\":\"https:\\\/\\\/www.caudete.org\\\/ayuntamiento\\\/el-gobierno-municipal-solicito-al-juzgado-y-la-jccm-paralizar-el-pago-y-la-ocupacion-de-terrenos-por-tanit-tres-como-medida-cautelar\\\/#primaryimage\"},\"image\":{\"@id\":\"https:\\\/\\\/www.caudete.org\\\/ayuntamiento\\\/el-gobierno-municipal-solicito-al-juzgado-y-la-jccm-paralizar-el-pago-y-la-ocupacion-de-terrenos-por-tanit-tres-como-medida-cautelar\\\/#primaryimage\"},\"thumbnailUrl\":\"https:\\\/\\\/www.caudete.org\\\/ayuntamiento\\\/wp-content\\\/uploads\\\/2022\\\/02\\\/Tanit-Tres-WEB.jpg\",\"datePublished\":\"2022-02-08T17:03:17+00:00\",\"dateModified\":\"2022-02-09T07:59:42+00:00\",\"author\":{\"@id\":\"https:\\\/\\\/www.caudete.org\\\/ayuntamiento\\\/#\\\/schema\\\/person\\\/cc646da9133078ee4d8dd47457947253\"},\"description\":\"P\u00e1gina Oficial del Ayuntamiento de Caudete (Albacete)\",\"breadcrumb\":{\"@id\":\"https:\\\/\\\/www.caudete.org\\\/ayuntamiento\\\/el-gobierno-municipal-solicito-al-juzgado-y-la-jccm-paralizar-el-pago-y-la-ocupacion-de-terrenos-por-tanit-tres-como-medida-cautelar\\\/#breadcrumb\"},\"inLanguage\":\"es\",\"potentialAction\":[{\"@type\":\"ReadAction\",\"target\":[\"https:\\\/\\\/www.caudete.org\\\/ayuntamiento\\\/el-gobierno-municipal-solicito-al-juzgado-y-la-jccm-paralizar-el-pago-y-la-ocupacion-de-terrenos-por-tanit-tres-como-medida-cautelar\\\/\"]}]},{\"@type\":\"ImageObject\",\"inLanguage\":\"es\",\"@id\":\"https:\\\/\\\/www.caudete.org\\\/ayuntamiento\\\/el-gobierno-municipal-solicito-al-juzgado-y-la-jccm-paralizar-el-pago-y-la-ocupacion-de-terrenos-por-tanit-tres-como-medida-cautelar\\\/#primaryimage\",\"url\":\"https:\\\/\\\/www.caudete.org\\\/ayuntamiento\\\/wp-content\\\/uploads\\\/2022\\\/02\\\/Tanit-Tres-WEB.jpg\",\"contentUrl\":\"https:\\\/\\\/www.caudete.org\\\/ayuntamiento\\\/wp-content\\\/uploads\\\/2022\\\/02\\\/Tanit-Tres-WEB.jpg\",\"width\":864,\"height\":380},{\"@type\":\"BreadcrumbList\",\"@id\":\"https:\\\/\\\/www.caudete.org\\\/ayuntamiento\\\/el-gobierno-municipal-solicito-al-juzgado-y-la-jccm-paralizar-el-pago-y-la-ocupacion-de-terrenos-por-tanit-tres-como-medida-cautelar\\\/#breadcrumb\",\"itemListElement\":[{\"@type\":\"ListItem\",\"position\":1,\"name\":\"Inicio\",\"item\":\"https:\\\/\\\/www.caudete.org\\\/ayuntamiento\\\/\"},{\"@type\":\"ListItem\",\"position\":2,\"name\":\"El Gobierno Municipal solicit\u00f3 al Juzgado y a la JCCM paralizar el pago y la ocupaci\u00f3n de terrenos por TANIT TRES como medida cautelar\"}]},{\"@type\":\"WebSite\",\"@id\":\"https:\\\/\\\/www.caudete.org\\\/ayuntamiento\\\/#website\",\"url\":\"https:\\\/\\\/www.caudete.org\\\/ayuntamiento\\\/\",\"name\":\"MI Ayuntamiento de Caudete\",\"description\":\"P\u00e1gina Oficial del MI Ayuntamiento de Caudete\",\"potentialAction\":[{\"@type\":\"SearchAction\",\"target\":{\"@type\":\"EntryPoint\",\"urlTemplate\":\"https:\\\/\\\/www.caudete.org\\\/ayuntamiento\\\/?s={search_term_string}\"},\"query-input\":{\"@type\":\"PropertyValueSpecification\",\"valueRequired\":true,\"valueName\":\"search_term_string\"}}],\"inLanguage\":\"es\"},{\"@type\":\"Person\",\"@id\":\"https:\\\/\\\/www.caudete.org\\\/ayuntamiento\\\/#\\\/schema\\\/person\\\/cc646da9133078ee4d8dd47457947253\",\"name\":\"alcalde\",\"image\":{\"@type\":\"ImageObject\",\"inLanguage\":\"es\",\"@id\":\"https:\\\/\\\/secure.gravatar.com\\\/avatar\\\/84a817ba065b29ff08d666b215a215f5c79186a645ccb25b14a663d48a130f77?s=96&d=mm&r=g\",\"url\":\"https:\\\/\\\/secure.gravatar.com\\\/avatar\\\/84a817ba065b29ff08d666b215a215f5c79186a645ccb25b14a663d48a130f77?s=96&d=mm&r=g\",\"contentUrl\":\"https:\\\/\\\/secure.gravatar.com\\\/avatar\\\/84a817ba065b29ff08d666b215a215f5c79186a645ccb25b14a663d48a130f77?s=96&d=mm&r=g\",\"caption\":\"alcalde\"},\"url\":\"https:\\\/\\\/www.caudete.org\\\/ayuntamiento\\\/author\\\/alcalde\\\/\"}]}<\/script>\n<!-- \/ Yoast SEO plugin. -->","yoast_head_json":{"title":"El Gobierno Municipal solicit\u00f3 al Juzgado y a la JCCM paralizar el pago y la ocupaci\u00f3n de terrenos por TANIT TRES como medida cautelar - MI Ayuntamiento de Caudete","description":"P\u00e1gina Oficial del Ayuntamiento de Caudete (Albacete)","robots":{"index":"index","follow":"follow","max-snippet":"max-snippet:-1","max-image-preview":"max-image-preview:large","max-video-preview":"max-video-preview:-1"},"canonical":"https:\/\/www.caudete.org\/ayuntamiento\/el-gobierno-municipal-solicito-al-juzgado-y-la-jccm-paralizar-el-pago-y-la-ocupacion-de-terrenos-por-tanit-tres-como-medida-cautelar\/","og_locale":"es_ES","og_type":"article","og_title":"El Gobierno Municipal solicit\u00f3 al Juzgado y a la JCCM paralizar el pago y la ocupaci\u00f3n de terrenos por TANIT TRES como medida cautelar - MI Ayuntamiento de Caudete","og_description":"P\u00e1gina Oficial del Ayuntamiento de Caudete (Albacete)","og_url":"https:\/\/www.caudete.org\/ayuntamiento\/el-gobierno-municipal-solicito-al-juzgado-y-la-jccm-paralizar-el-pago-y-la-ocupacion-de-terrenos-por-tanit-tres-como-medida-cautelar\/","og_site_name":"MI Ayuntamiento de Caudete","article_publisher":"https:\/\/www.facebook.com\/ayuntamientocaudete\/","article_published_time":"2022-02-08T17:03:17+00:00","article_modified_time":"2022-02-09T07:59:42+00:00","og_image":[{"width":864,"height":380,"url":"https:\/\/www.caudete.org\/ayuntamiento\/wp-content\/uploads\/2022\/02\/Tanit-Tres-WEB.jpg","type":"image\/jpeg"}],"author":"alcalde","twitter_card":"summary_large_image","twitter_misc":{"Escrito por":"alcalde","Tiempo de lectura":"4 minutos"},"schema":{"@context":"https:\/\/schema.org","@graph":[{"@type":"Article","@id":"https:\/\/www.caudete.org\/ayuntamiento\/el-gobierno-municipal-solicito-al-juzgado-y-la-jccm-paralizar-el-pago-y-la-ocupacion-de-terrenos-por-tanit-tres-como-medida-cautelar\/#article","isPartOf":{"@id":"https:\/\/www.caudete.org\/ayuntamiento\/el-gobierno-municipal-solicito-al-juzgado-y-la-jccm-paralizar-el-pago-y-la-ocupacion-de-terrenos-por-tanit-tres-como-medida-cautelar\/"},"author":{"name":"alcalde","@id":"https:\/\/www.caudete.org\/ayuntamiento\/#\/schema\/person\/cc646da9133078ee4d8dd47457947253"},"headline":"El Gobierno Municipal solicit\u00f3 al Juzgado y a la JCCM paralizar el pago y la ocupaci\u00f3n de terrenos por TANIT TRES como medida cautelar","datePublished":"2022-02-08T17:03:17+00:00","dateModified":"2022-02-09T07:59:42+00:00","mainEntityOfPage":{"@id":"https:\/\/www.caudete.org\/ayuntamiento\/el-gobierno-municipal-solicito-al-juzgado-y-la-jccm-paralizar-el-pago-y-la-ocupacion-de-terrenos-por-tanit-tres-como-medida-cautelar\/"},"wordCount":816,"image":{"@id":"https:\/\/www.caudete.org\/ayuntamiento\/el-gobierno-municipal-solicito-al-juzgado-y-la-jccm-paralizar-el-pago-y-la-ocupacion-de-terrenos-por-tanit-tres-como-medida-cautelar\/#primaryimage"},"thumbnailUrl":"https:\/\/www.caudete.org\/ayuntamiento\/wp-content\/uploads\/2022\/02\/Tanit-Tres-WEB.jpg","articleSection":["Medio Ambiente"],"inLanguage":"es"},{"@type":"WebPage","@id":"https:\/\/www.caudete.org\/ayuntamiento\/el-gobierno-municipal-solicito-al-juzgado-y-la-jccm-paralizar-el-pago-y-la-ocupacion-de-terrenos-por-tanit-tres-como-medida-cautelar\/","url":"https:\/\/www.caudete.org\/ayuntamiento\/el-gobierno-municipal-solicito-al-juzgado-y-la-jccm-paralizar-el-pago-y-la-ocupacion-de-terrenos-por-tanit-tres-como-medida-cautelar\/","name":"El Gobierno Municipal solicit\u00f3 al Juzgado y a la JCCM paralizar el pago y la ocupaci\u00f3n de terrenos por TANIT TRES como medida cautelar - MI Ayuntamiento de Caudete","isPartOf":{"@id":"https:\/\/www.caudete.org\/ayuntamiento\/#website"},"primaryImageOfPage":{"@id":"https:\/\/www.caudete.org\/ayuntamiento\/el-gobierno-municipal-solicito-al-juzgado-y-la-jccm-paralizar-el-pago-y-la-ocupacion-de-terrenos-por-tanit-tres-como-medida-cautelar\/#primaryimage"},"image":{"@id":"https:\/\/www.caudete.org\/ayuntamiento\/el-gobierno-municipal-solicito-al-juzgado-y-la-jccm-paralizar-el-pago-y-la-ocupacion-de-terrenos-por-tanit-tres-como-medida-cautelar\/#primaryimage"},"thumbnailUrl":"https:\/\/www.caudete.org\/ayuntamiento\/wp-content\/uploads\/2022\/02\/Tanit-Tres-WEB.jpg","datePublished":"2022-02-08T17:03:17+00:00","dateModified":"2022-02-09T07:59:42+00:00","author":{"@id":"https:\/\/www.caudete.org\/ayuntamiento\/#\/schema\/person\/cc646da9133078ee4d8dd47457947253"},"description":"P\u00e1gina Oficial del Ayuntamiento de Caudete (Albacete)","breadcrumb":{"@id":"https:\/\/www.caudete.org\/ayuntamiento\/el-gobierno-municipal-solicito-al-juzgado-y-la-jccm-paralizar-el-pago-y-la-ocupacion-de-terrenos-por-tanit-tres-como-medida-cautelar\/#breadcrumb"},"inLanguage":"es","potentialAction":[{"@type":"ReadAction","target":["https:\/\/www.caudete.org\/ayuntamiento\/el-gobierno-municipal-solicito-al-juzgado-y-la-jccm-paralizar-el-pago-y-la-ocupacion-de-terrenos-por-tanit-tres-como-medida-cautelar\/"]}]},{"@type":"ImageObject","inLanguage":"es","@id":"https:\/\/www.caudete.org\/ayuntamiento\/el-gobierno-municipal-solicito-al-juzgado-y-la-jccm-paralizar-el-pago-y-la-ocupacion-de-terrenos-por-tanit-tres-como-medida-cautelar\/#primaryimage","url":"https:\/\/www.caudete.org\/ayuntamiento\/wp-content\/uploads\/2022\/02\/Tanit-Tres-WEB.jpg","contentUrl":"https:\/\/www.caudete.org\/ayuntamiento\/wp-content\/uploads\/2022\/02\/Tanit-Tres-WEB.jpg","width":864,"height":380},{"@type":"BreadcrumbList","@id":"https:\/\/www.caudete.org\/ayuntamiento\/el-gobierno-municipal-solicito-al-juzgado-y-la-jccm-paralizar-el-pago-y-la-ocupacion-de-terrenos-por-tanit-tres-como-medida-cautelar\/#breadcrumb","itemListElement":[{"@type":"ListItem","position":1,"name":"Inicio","item":"https:\/\/www.caudete.org\/ayuntamiento\/"},{"@type":"ListItem","position":2,"name":"El Gobierno Municipal solicit\u00f3 al Juzgado y a la JCCM paralizar el pago y la ocupaci\u00f3n de terrenos por TANIT TRES como medida cautelar"}]},{"@type":"WebSite","@id":"https:\/\/www.caudete.org\/ayuntamiento\/#website","url":"https:\/\/www.caudete.org\/ayuntamiento\/","name":"MI Ayuntamiento de Caudete","description":"P\u00e1gina Oficial del MI Ayuntamiento de Caudete","potentialAction":[{"@type":"SearchAction","target":{"@type":"EntryPoint","urlTemplate":"https:\/\/www.caudete.org\/ayuntamiento\/?s={search_term_string}"},"query-input":{"@type":"PropertyValueSpecification","valueRequired":true,"valueName":"search_term_string"}}],"inLanguage":"es"},{"@type":"Person","@id":"https:\/\/www.caudete.org\/ayuntamiento\/#\/schema\/person\/cc646da9133078ee4d8dd47457947253","name":"alcalde","image":{"@type":"ImageObject","inLanguage":"es","@id":"https:\/\/secure.gravatar.com\/avatar\/84a817ba065b29ff08d666b215a215f5c79186a645ccb25b14a663d48a130f77?s=96&d=mm&r=g","url":"https:\/\/secure.gravatar.com\/avatar\/84a817ba065b29ff08d666b215a215f5c79186a645ccb25b14a663d48a130f77?s=96&d=mm&r=g","contentUrl":"https:\/\/secure.gravatar.com\/avatar\/84a817ba065b29ff08d666b215a215f5c79186a645ccb25b14a663d48a130f77?s=96&d=mm&r=g","caption":"alcalde"},"url":"https:\/\/www.caudete.org\/ayuntamiento\/author\/alcalde\/"}]}},"_links":{"self":[{"href":"https:\/\/www.caudete.org\/ayuntamiento\/wp-json\/wp\/v2\/posts\/18092","targetHints":{"allow":["GET"]}}],"collection":[{"href":"https:\/\/www.caudete.org\/ayuntamiento\/wp-json\/wp\/v2\/posts"}],"about":[{"href":"https:\/\/www.caudete.org\/ayuntamiento\/wp-json\/wp\/v2\/types\/post"}],"author":[{"embeddable":true,"href":"https:\/\/www.caudete.org\/ayuntamiento\/wp-json\/wp\/v2\/users\/3"}],"replies":[{"embeddable":true,"href":"https:\/\/www.caudete.org\/ayuntamiento\/wp-json\/wp\/v2\/comments?post=18092"}],"version-history":[{"count":5,"href":"https:\/\/www.caudete.org\/ayuntamiento\/wp-json\/wp\/v2\/posts\/18092\/revisions"}],"predecessor-version":[{"id":18100,"href":"https:\/\/www.caudete.org\/ayuntamiento\/wp-json\/wp\/v2\/posts\/18092\/revisions\/18100"}],"wp:featuredmedia":[{"embeddable":true,"href":"https:\/\/www.caudete.org\/ayuntamiento\/wp-json\/wp\/v2\/media\/18101"}],"wp:attachment":[{"href":"https:\/\/www.caudete.org\/ayuntamiento\/wp-json\/wp\/v2\/media?parent=18092"}],"wp:term":[{"taxonomy":"category","embeddable":true,"href":"https:\/\/www.caudete.org\/ayuntamiento\/wp-json\/wp\/v2\/categories?post=18092"},{"taxonomy":"post_tag","embeddable":true,"href":"https:\/\/www.caudete.org\/ayuntamiento\/wp-json\/wp\/v2\/tags?post=18092"}],"curies":[{"name":"wp","href":"https:\/\/api.w.org\/{rel}","templated":true}]}}