{"id":18106,"date":"2022-02-10T08:30:14","date_gmt":"2022-02-10T07:30:14","guid":{"rendered":"https:\/\/www.caudete.org\/ayuntamiento\/?p=18106"},"modified":"2022-02-09T23:06:19","modified_gmt":"2022-02-09T22:06:19","slug":"abierta-la-admision-de-alumnado-para-el-curso-2022-23-en-infantil-primaria-y-e-s-o","status":"publish","type":"post","link":"https:\/\/www.caudete.org\/ayuntamiento\/abierta-la-admision-de-alumnado-para-el-curso-2022-23-en-infantil-primaria-y-e-s-o\/","title":{"rendered":"Abierta la admisi\u00f3n de Alumnado para el curso 2022\/23 en Infantil, Primaria y E.S.O."},"content":{"rendered":"<p style=\"text-align: justify;\">Natalia Ba\u00f1\u00f3n, Concejal de Educaci\u00f3n, ha informado a la ciudadan\u00eda de la apertura del plazo de admisi\u00f3n que la JCCM ha establecido para el alumnado de nuevo ingreso en los Centros Educativos de la localidad que imparten Infantil, Primaria o E.S.O, para los que vayan a iniciar una nueva etapa de estudios en un centro distinto al actual, o bien, que deseen\u00a0cambiar de centro.<\/p>\n<p style=\"text-align: justify;\">Desde el pasado lunes d\u00eda 7 y hasta el viernes 25 de Febrero la plataforma educativa <em>EducamosCLM<\/em> acoge las solicitudes, que deber\u00e1n de acompa\u00f1ar la documentaci\u00f3n establecida por la Consejer\u00eda.<\/p>\n<p style=\"text-align: justify;\">A pesar de ser p\u00fablica y consultable f\u00e1cilmente toda la informaci\u00f3n en la web de la Consejer\u00eda de Educaci\u00f3n (www.educa.jccm.es), as\u00ed como en las Secretar\u00edas de cada uno de los centros, ha remarcado aquellas cuestiones m\u00e1s importantes a tener en cuenta.<\/p>\n<p>&nbsp;<\/p>\n<p class=\"cmParagraph\"><span style=\"text-decoration: underline;\"><strong><em>Fechas del proceso, curso 2022\/2023:<\/em><\/strong><\/span><\/p>\n<ul>\n<li><strong>Del 7 al 25 de febrero:<\/strong>\u00a0Plazo de presentaci\u00f3n de\u00a0solicitudes\u00a0<strong class=\"rojo\"><a class=\"cmNavContentLink\" title=\"V\u00eddeo - tutorial para completar la solicitud de admisi\u00f3n en la Secretar\u00eda Virtual de EducamosCLM. Curso 2022\/2023\" href=\"https:\/\/www.educa.jccm.es\/es\/admision\/admision-2-ciclo-infantil-primaria\/video-tutorial-completar-solicitud-admision-secretaria-virt\" target=\"_blank\" rel=\"nofollow\">(ver v\u00eddeo-tutorial sobre c\u00f3mo realizar la solicitud)<\/a><\/strong>\u00a0&#8211; La solicitud se realiza en\u00a0<a title=\"EducamosCLM\" href=\"https:\/\/educamosclm.castillalamancha.es\/\" target=\"_blank\" rel=\"noopener nofollow\">EducamosCLM<img decoding=\"async\" class=\"cmPopupIcon\" src=\"https:\/\/www.educa.jccm.es\/educacion\/imagenes\/popup\/popup_external_small.gif\" rel='prettyPhoto' alt=\"Este enlace se abrir\u00e1 en una ventana nueva\" \/><\/a>.<\/li>\n<li><strong>22 de abril:<\/strong>\u00a0Publicaci\u00f3n del Baremo provisional.<\/li>\n<li><strong>Del 23 de abril hasta el\u00a027 de abril\u00a0<\/strong>(ambos incluidos)<strong>:\u00a0<\/strong>Reclamaciones al Baremo provisional.<\/li>\n<li><strong>25 de abril:<\/strong>\u00a0Sorteo p\u00fablico para resolver situaciones de empate.<\/li>\n<li><strong>Entre el 4 y 16 de mayo:<\/strong>\u00a0Informaci\u00f3n a familias sobre escolarizaci\u00f3n provisional de alumnado de inclusi\u00f3n educativa.<\/li>\n<li><strong>25 de mayo:<\/strong>\u00a0Publicaci\u00f3n del Baremo Definitivo y la Resoluci\u00f3n Provisional.<\/li>\n<li><strong>Del 26 de mayo al 30 de mayo<\/strong>\u00a0(ambos incluidos): Reclamaciones a la Asignaci\u00f3n Provisional.<\/li>\n<li><strong>Desde el 26 de mayo al 10 de junio\u00a0<\/strong>(ambos incluidos)<strong>:<\/strong>\u00a0<strong>Renuncia<\/strong>\u00a0a participar en el Proceso de Admisi\u00f3n de Alumnado.<\/li>\n<li><strong>29 de junio:<\/strong>\u00a0Publicaci\u00f3n de la\u00a0<strong>Resoluci\u00f3n Definitiva<\/strong>\u00a0del Proceso de Admisi\u00f3n de Alumnado.<\/li>\n<li><strong>Del 30 de junio al 4 de julio:<\/strong>\u00a0Plazo de solicitudes a vacantes resultantes (mejora de opci\u00f3n, agrupamiento de hermanos\/as, adjudicaci\u00f3n de oficio). S\u00f3lo participantes en el proceso de admisi\u00f3n.<\/li>\n<li><strong>1 de junio:<\/strong>\u00a0Comienzo del\u00a0<strong>Plazo Extraordinario<\/strong>\u00a0de solicitudes.<\/li>\n<li><strong>Del 30 de junio al 6 de julio:<\/strong>\u00a0Plazo de matriculaci\u00f3n de alumnado de E. Infantil y Primaria.<\/li>\n<li><strong>Del 30 de junio al 8 de julio:<\/strong>\u00a0Plazo de matriculaci\u00f3n de alumnado de ESO.<\/li>\n<li><strong>21 de Julio:<\/strong>\u00a0Adjudicaci\u00f3n de vacantes resultantes.\u00a0<strong>Matriculaci\u00f3n 1 y 2 de septiembre.<\/strong><\/li>\n<li><strong>7 de septiembre:\u00a0<\/strong>1\u00aaAdjudicaci\u00f3n de solicitudes de plazo extraordinario presentadas desde del 1 de junio a 31 de agosto.<\/li>\n<li><strong>Despu\u00e9s del 7 de septiembre<\/strong>. Asignaci\u00f3n de vacantes para solicitudes extraordinarias presentadas a partir del 1 de septiembre. Todos los niveles.<\/li>\n<\/ul>\n<p class=\"cmParagraph cmAlignleft\"><span style=\"text-decoration: underline;\"><strong>NOVEDADES<\/strong><\/span><\/p>\n<p class=\"cmParagraph\">Este nuevo proceso de admisi\u00f3n de alumnos y alumnas se adapta a la Ley Org\u00e1nica 3\/2020, de 29 de diciembre, por la que se modifica la Ley Org\u00e1nica 2\/2006, de 3 de mayo, de Educaci\u00f3n.<\/p>\n<ul>\n<li><strong>Se a\u00f1aden tres nuevos criterios de baremaci\u00f3n;<\/strong>\u00a0familia monoparental, alumnado nacido de parto m\u00faltiple y condici\u00f3n de v\u00edctima de violencia de g\u00e9nero o de terrorismo.<\/li>\n<li><strong>Se contin\u00faa contemplando la delimitaci\u00f3n de \u00e1reas de influencia<\/strong>\u00a0en determinadas localidades de cierto volumen poblacional y n\u00famero de centros educativos, es decir, la proximidad del domicilio familiar o del lugar de trabajo de alguno de los padres, madres o tutores legales. Esta delimitaci\u00f3n se ha realizado previa consulta a los sectores afectados y al Consejo Escolar de la Localidad, en su caso. Estas \u00e1reas de influencia han sido determinadas de manera que sean lo suficientemente amplias a los efectos de facilitar la elecci\u00f3n de centro por parte de las familias. La consulta de las mismas se dar\u00e1 a conocer a trav\u00e9s de las Resoluciones de las Delegaciones Provinciales que se publicar\u00e1n en este mismo espacio.<\/li>\n<\/ul>\n<p>&nbsp;<\/p>\n<p class=\"cmParagraph\"><strong>INFORMACI\u00d3N MUY IMPORTANTE:<\/strong>\u00a0Todos los listados de publicaci\u00f3n se realizar\u00e1n con el N\u00daMERO DE REGISTRO DE LAS SOLICITUDES, sustituyendo al nombre y apellidos del alumno\/a.<\/p>\n","protected":false},"excerpt":{"rendered":"<p>Natalia Ba\u00f1\u00f3n, Concejal de Educaci\u00f3n, ha informado a la ciudadan\u00eda de la apertura del plazo de admisi\u00f3n que la JCCM ha establecido para el alumnado de nuevo ingreso en los Centros Educativos de la localidad que imparten Infantil, Primaria o E.S.O, para los que vayan a iniciar una nueva etapa de estudios en un centro &hellip;<\/p>\n","protected":false},"author":3,"featured_media":18125,"comment_status":"closed","ping_status":"open","sticky":false,"template":"","format":"standard","meta":{"ngg_post_thumbnail":0,"footnotes":""},"categories":[25],"tags":[],"class_list":["post-18106","post","type-post","status-publish","format-standard","has-post-thumbnail","hentry","category-educacion"],"yoast_head":"<!-- This site is optimized with the Yoast SEO plugin v27.4 - https:\/\/yoast.com\/product\/yoast-seo-wordpress\/ -->\n<title>Abierta la admisi\u00f3n de Alumnado para el curso 2022\/23 en Infantil, Primaria y E.S.O. - MI Ayuntamiento de Caudete<\/title>\n<meta name=\"description\" content=\"P\u00e1gina Oficial del Ayuntamiento de Caudete (Albacete)\" \/>\n<meta name=\"robots\" content=\"index, follow, max-snippet:-1, max-image-preview:large, max-video-preview:-1\" \/>\n<link rel=\"canonical\" href=\"https:\/\/www.caudete.org\/ayuntamiento\/abierta-la-admision-de-alumnado-para-el-curso-2022-23-en-infantil-primaria-y-e-s-o\/\" \/>\n<meta property=\"og:locale\" content=\"es_ES\" \/>\n<meta property=\"og:type\" content=\"article\" \/>\n<meta property=\"og:title\" content=\"Abierta la admisi\u00f3n de Alumnado para el curso 2022\/23 en Infantil, Primaria y E.S.O. - MI Ayuntamiento de Caudete\" \/>\n<meta property=\"og:description\" content=\"P\u00e1gina Oficial del Ayuntamiento de Caudete (Albacete)\" \/>\n<meta property=\"og:url\" content=\"https:\/\/www.caudete.org\/ayuntamiento\/abierta-la-admision-de-alumnado-para-el-curso-2022-23-en-infantil-primaria-y-e-s-o\/\" \/>\n<meta property=\"og:site_name\" content=\"MI Ayuntamiento de Caudete\" \/>\n<meta property=\"article:publisher\" content=\"https:\/\/www.facebook.com\/ayuntamientocaudete\/\" \/>\n<meta property=\"article:published_time\" content=\"2022-02-10T07:30:14+00:00\" \/>\n<meta property=\"og:image\" content=\"https:\/\/www.caudete.org\/ayuntamiento\/wp-content\/uploads\/2022\/02\/admision-alumnado.jpg\" \/>\n\t<meta property=\"og:image:width\" content=\"1125\" \/>\n\t<meta property=\"og:image:height\" content=\"706\" \/>\n\t<meta property=\"og:image:type\" content=\"image\/jpeg\" \/>\n<meta name=\"author\" content=\"alcalde\" \/>\n<meta name=\"twitter:card\" content=\"summary_large_image\" \/>\n<meta name=\"twitter:label1\" content=\"Escrito por\" \/>\n\t<meta name=\"twitter:data1\" content=\"alcalde\" \/>\n\t<meta name=\"twitter:label2\" content=\"Tiempo de lectura\" \/>\n\t<meta name=\"twitter:data2\" content=\"3 minutos\" \/>\n<script type=\"application\/ld+json\" class=\"yoast-schema-graph\">{\"@context\":\"https:\\\/\\\/schema.org\",\"@graph\":[{\"@type\":\"Article\",\"@id\":\"https:\\\/\\\/www.caudete.org\\\/ayuntamiento\\\/abierta-la-admision-de-alumnado-para-el-curso-2022-23-en-infantil-primaria-y-e-s-o\\\/#article\",\"isPartOf\":{\"@id\":\"https:\\\/\\\/www.caudete.org\\\/ayuntamiento\\\/abierta-la-admision-de-alumnado-para-el-curso-2022-23-en-infantil-primaria-y-e-s-o\\\/\"},\"author\":{\"name\":\"alcalde\",\"@id\":\"https:\\\/\\\/www.caudete.org\\\/ayuntamiento\\\/#\\\/schema\\\/person\\\/cc646da9133078ee4d8dd47457947253\"},\"headline\":\"Abierta la admisi\u00f3n de Alumnado para el curso 2022\\\/23 en Infantil, Primaria y E.S.O.\",\"datePublished\":\"2022-02-10T07:30:14+00:00\",\"mainEntityOfPage\":{\"@id\":\"https:\\\/\\\/www.caudete.org\\\/ayuntamiento\\\/abierta-la-admision-de-alumnado-para-el-curso-2022-23-en-infantil-primaria-y-e-s-o\\\/\"},\"wordCount\":656,\"publisher\":{\"@id\":\"https:\\\/\\\/www.caudete.org\\\/ayuntamiento\\\/#organization\"},\"image\":{\"@id\":\"https:\\\/\\\/www.caudete.org\\\/ayuntamiento\\\/abierta-la-admision-de-alumnado-para-el-curso-2022-23-en-infantil-primaria-y-e-s-o\\\/#primaryimage\"},\"thumbnailUrl\":\"https:\\\/\\\/www.caudete.org\\\/ayuntamiento\\\/wp-content\\\/uploads\\\/2022\\\/02\\\/admision-alumnado.jpg\",\"articleSection\":[\"Educaci\u00f3n\"],\"inLanguage\":\"es\"},{\"@type\":\"WebPage\",\"@id\":\"https:\\\/\\\/www.caudete.org\\\/ayuntamiento\\\/abierta-la-admision-de-alumnado-para-el-curso-2022-23-en-infantil-primaria-y-e-s-o\\\/\",\"url\":\"https:\\\/\\\/www.caudete.org\\\/ayuntamiento\\\/abierta-la-admision-de-alumnado-para-el-curso-2022-23-en-infantil-primaria-y-e-s-o\\\/\",\"name\":\"Abierta la admisi\u00f3n de Alumnado para el curso 2022\\\/23 en Infantil, Primaria y E.S.O. - MI Ayuntamiento de Caudete\",\"isPartOf\":{\"@id\":\"https:\\\/\\\/www.caudete.org\\\/ayuntamiento\\\/#website\"},\"primaryImageOfPage\":{\"@id\":\"https:\\\/\\\/www.caudete.org\\\/ayuntamiento\\\/abierta-la-admision-de-alumnado-para-el-curso-2022-23-en-infantil-primaria-y-e-s-o\\\/#primaryimage\"},\"image\":{\"@id\":\"https:\\\/\\\/www.caudete.org\\\/ayuntamiento\\\/abierta-la-admision-de-alumnado-para-el-curso-2022-23-en-infantil-primaria-y-e-s-o\\\/#primaryimage\"},\"thumbnailUrl\":\"https:\\\/\\\/www.caudete.org\\\/ayuntamiento\\\/wp-content\\\/uploads\\\/2022\\\/02\\\/admision-alumnado.jpg\",\"datePublished\":\"2022-02-10T07:30:14+00:00\",\"description\":\"P\u00e1gina Oficial del Ayuntamiento de Caudete (Albacete)\",\"breadcrumb\":{\"@id\":\"https:\\\/\\\/www.caudete.org\\\/ayuntamiento\\\/abierta-la-admision-de-alumnado-para-el-curso-2022-23-en-infantil-primaria-y-e-s-o\\\/#breadcrumb\"},\"inLanguage\":\"es\",\"potentialAction\":[{\"@type\":\"ReadAction\",\"target\":[\"https:\\\/\\\/www.caudete.org\\\/ayuntamiento\\\/abierta-la-admision-de-alumnado-para-el-curso-2022-23-en-infantil-primaria-y-e-s-o\\\/\"]}]},{\"@type\":\"ImageObject\",\"inLanguage\":\"es\",\"@id\":\"https:\\\/\\\/www.caudete.org\\\/ayuntamiento\\\/abierta-la-admision-de-alumnado-para-el-curso-2022-23-en-infantil-primaria-y-e-s-o\\\/#primaryimage\",\"url\":\"https:\\\/\\\/www.caudete.org\\\/ayuntamiento\\\/wp-content\\\/uploads\\\/2022\\\/02\\\/admision-alumnado.jpg\",\"contentUrl\":\"https:\\\/\\\/www.caudete.org\\\/ayuntamiento\\\/wp-content\\\/uploads\\\/2022\\\/02\\\/admision-alumnado.jpg\",\"width\":1125,\"height\":706},{\"@type\":\"BreadcrumbList\",\"@id\":\"https:\\\/\\\/www.caudete.org\\\/ayuntamiento\\\/abierta-la-admision-de-alumnado-para-el-curso-2022-23-en-infantil-primaria-y-e-s-o\\\/#breadcrumb\",\"itemListElement\":[{\"@type\":\"ListItem\",\"position\":1,\"name\":\"Inicio\",\"item\":\"https:\\\/\\\/www.caudete.org\\\/ayuntamiento\\\/\"},{\"@type\":\"ListItem\",\"position\":2,\"name\":\"Abierta la admisi\u00f3n de Alumnado para el curso 2022\\\/23 en Infantil, Primaria y E.S.O.\"}]},{\"@type\":\"WebSite\",\"@id\":\"https:\\\/\\\/www.caudete.org\\\/ayuntamiento\\\/#website\",\"url\":\"https:\\\/\\\/www.caudete.org\\\/ayuntamiento\\\/\",\"name\":\"MI Ayuntamiento de Caudete\",\"description\":\"P\u00e1gina Oficial del MI Ayuntamiento de Caudete\",\"publisher\":{\"@id\":\"https:\\\/\\\/www.caudete.org\\\/ayuntamiento\\\/#organization\"},\"potentialAction\":[{\"@type\":\"SearchAction\",\"target\":{\"@type\":\"EntryPoint\",\"urlTemplate\":\"https:\\\/\\\/www.caudete.org\\\/ayuntamiento\\\/?s={search_term_string}\"},\"query-input\":{\"@type\":\"PropertyValueSpecification\",\"valueRequired\":true,\"valueName\":\"search_term_string\"}}],\"inLanguage\":\"es\"},{\"@type\":\"Organization\",\"@id\":\"https:\\\/\\\/www.caudete.org\\\/ayuntamiento\\\/#organization\",\"name\":\"Ayuntamiento de Caudete\",\"url\":\"https:\\\/\\\/www.caudete.org\\\/ayuntamiento\\\/\",\"logo\":{\"@type\":\"ImageObject\",\"inLanguage\":\"es\",\"@id\":\"https:\\\/\\\/www.caudete.org\\\/ayuntamiento\\\/#\\\/schema\\\/logo\\\/image\\\/\",\"url\":\"https:\\\/\\\/www.caudete.org\\\/ayuntamiento\\\/wp-content\\\/uploads\\\/2020\\\/11\\\/logo_ayuntamiento_caudete.jpg\",\"contentUrl\":\"https:\\\/\\\/www.caudete.org\\\/ayuntamiento\\\/wp-content\\\/uploads\\\/2020\\\/11\\\/logo_ayuntamiento_caudete.jpg\",\"width\":600,\"height\":150,\"caption\":\"Ayuntamiento de Caudete\"},\"image\":{\"@id\":\"https:\\\/\\\/www.caudete.org\\\/ayuntamiento\\\/#\\\/schema\\\/logo\\\/image\\\/\"},\"sameAs\":[\"https:\\\/\\\/www.facebook.com\\\/ayuntamientocaudete\\\/\",\"https:\\\/\\\/www.youtube.com\\\/channel\\\/UC6VztHaooNsGpw-tNoBEFnQ\"]},{\"@type\":\"Person\",\"@id\":\"https:\\\/\\\/www.caudete.org\\\/ayuntamiento\\\/#\\\/schema\\\/person\\\/cc646da9133078ee4d8dd47457947253\",\"name\":\"alcalde\",\"image\":{\"@type\":\"ImageObject\",\"inLanguage\":\"es\",\"@id\":\"https:\\\/\\\/secure.gravatar.com\\\/avatar\\\/84a817ba065b29ff08d666b215a215f5c79186a645ccb25b14a663d48a130f77?s=96&d=mm&r=g\",\"url\":\"https:\\\/\\\/secure.gravatar.com\\\/avatar\\\/84a817ba065b29ff08d666b215a215f5c79186a645ccb25b14a663d48a130f77?s=96&d=mm&r=g\",\"contentUrl\":\"https:\\\/\\\/secure.gravatar.com\\\/avatar\\\/84a817ba065b29ff08d666b215a215f5c79186a645ccb25b14a663d48a130f77?s=96&d=mm&r=g\",\"caption\":\"alcalde\"},\"url\":\"https:\\\/\\\/www.caudete.org\\\/ayuntamiento\\\/author\\\/alcalde\\\/\"}]}<\/script>\n<!-- \/ Yoast SEO plugin. -->","yoast_head_json":{"title":"Abierta la admisi\u00f3n de Alumnado para el curso 2022\/23 en Infantil, Primaria y E.S.O. - MI Ayuntamiento de Caudete","description":"P\u00e1gina Oficial del Ayuntamiento de Caudete (Albacete)","robots":{"index":"index","follow":"follow","max-snippet":"max-snippet:-1","max-image-preview":"max-image-preview:large","max-video-preview":"max-video-preview:-1"},"canonical":"https:\/\/www.caudete.org\/ayuntamiento\/abierta-la-admision-de-alumnado-para-el-curso-2022-23-en-infantil-primaria-y-e-s-o\/","og_locale":"es_ES","og_type":"article","og_title":"Abierta la admisi\u00f3n de Alumnado para el curso 2022\/23 en Infantil, Primaria y E.S.O. - MI Ayuntamiento de Caudete","og_description":"P\u00e1gina Oficial del Ayuntamiento de Caudete (Albacete)","og_url":"https:\/\/www.caudete.org\/ayuntamiento\/abierta-la-admision-de-alumnado-para-el-curso-2022-23-en-infantil-primaria-y-e-s-o\/","og_site_name":"MI Ayuntamiento de Caudete","article_publisher":"https:\/\/www.facebook.com\/ayuntamientocaudete\/","article_published_time":"2022-02-10T07:30:14+00:00","og_image":[{"width":1125,"height":706,"url":"https:\/\/www.caudete.org\/ayuntamiento\/wp-content\/uploads\/2022\/02\/admision-alumnado.jpg","type":"image\/jpeg"}],"author":"alcalde","twitter_card":"summary_large_image","twitter_misc":{"Escrito por":"alcalde","Tiempo de lectura":"3 minutos"},"schema":{"@context":"https:\/\/schema.org","@graph":[{"@type":"Article","@id":"https:\/\/www.caudete.org\/ayuntamiento\/abierta-la-admision-de-alumnado-para-el-curso-2022-23-en-infantil-primaria-y-e-s-o\/#article","isPartOf":{"@id":"https:\/\/www.caudete.org\/ayuntamiento\/abierta-la-admision-de-alumnado-para-el-curso-2022-23-en-infantil-primaria-y-e-s-o\/"},"author":{"name":"alcalde","@id":"https:\/\/www.caudete.org\/ayuntamiento\/#\/schema\/person\/cc646da9133078ee4d8dd47457947253"},"headline":"Abierta la admisi\u00f3n de Alumnado para el curso 2022\/23 en Infantil, Primaria y E.S.O.","datePublished":"2022-02-10T07:30:14+00:00","mainEntityOfPage":{"@id":"https:\/\/www.caudete.org\/ayuntamiento\/abierta-la-admision-de-alumnado-para-el-curso-2022-23-en-infantil-primaria-y-e-s-o\/"},"wordCount":656,"publisher":{"@id":"https:\/\/www.caudete.org\/ayuntamiento\/#organization"},"image":{"@id":"https:\/\/www.caudete.org\/ayuntamiento\/abierta-la-admision-de-alumnado-para-el-curso-2022-23-en-infantil-primaria-y-e-s-o\/#primaryimage"},"thumbnailUrl":"https:\/\/www.caudete.org\/ayuntamiento\/wp-content\/uploads\/2022\/02\/admision-alumnado.jpg","articleSection":["Educaci\u00f3n"],"inLanguage":"es"},{"@type":"WebPage","@id":"https:\/\/www.caudete.org\/ayuntamiento\/abierta-la-admision-de-alumnado-para-el-curso-2022-23-en-infantil-primaria-y-e-s-o\/","url":"https:\/\/www.caudete.org\/ayuntamiento\/abierta-la-admision-de-alumnado-para-el-curso-2022-23-en-infantil-primaria-y-e-s-o\/","name":"Abierta la admisi\u00f3n de Alumnado para el curso 2022\/23 en Infantil, Primaria y E.S.O. - MI Ayuntamiento de Caudete","isPartOf":{"@id":"https:\/\/www.caudete.org\/ayuntamiento\/#website"},"primaryImageOfPage":{"@id":"https:\/\/www.caudete.org\/ayuntamiento\/abierta-la-admision-de-alumnado-para-el-curso-2022-23-en-infantil-primaria-y-e-s-o\/#primaryimage"},"image":{"@id":"https:\/\/www.caudete.org\/ayuntamiento\/abierta-la-admision-de-alumnado-para-el-curso-2022-23-en-infantil-primaria-y-e-s-o\/#primaryimage"},"thumbnailUrl":"https:\/\/www.caudete.org\/ayuntamiento\/wp-content\/uploads\/2022\/02\/admision-alumnado.jpg","datePublished":"2022-02-10T07:30:14+00:00","description":"P\u00e1gina Oficial del Ayuntamiento de Caudete (Albacete)","breadcrumb":{"@id":"https:\/\/www.caudete.org\/ayuntamiento\/abierta-la-admision-de-alumnado-para-el-curso-2022-23-en-infantil-primaria-y-e-s-o\/#breadcrumb"},"inLanguage":"es","potentialAction":[{"@type":"ReadAction","target":["https:\/\/www.caudete.org\/ayuntamiento\/abierta-la-admision-de-alumnado-para-el-curso-2022-23-en-infantil-primaria-y-e-s-o\/"]}]},{"@type":"ImageObject","inLanguage":"es","@id":"https:\/\/www.caudete.org\/ayuntamiento\/abierta-la-admision-de-alumnado-para-el-curso-2022-23-en-infantil-primaria-y-e-s-o\/#primaryimage","url":"https:\/\/www.caudete.org\/ayuntamiento\/wp-content\/uploads\/2022\/02\/admision-alumnado.jpg","contentUrl":"https:\/\/www.caudete.org\/ayuntamiento\/wp-content\/uploads\/2022\/02\/admision-alumnado.jpg","width":1125,"height":706},{"@type":"BreadcrumbList","@id":"https:\/\/www.caudete.org\/ayuntamiento\/abierta-la-admision-de-alumnado-para-el-curso-2022-23-en-infantil-primaria-y-e-s-o\/#breadcrumb","itemListElement":[{"@type":"ListItem","position":1,"name":"Inicio","item":"https:\/\/www.caudete.org\/ayuntamiento\/"},{"@type":"ListItem","position":2,"name":"Abierta la admisi\u00f3n de Alumnado para el curso 2022\/23 en Infantil, Primaria y E.S.O."}]},{"@type":"WebSite","@id":"https:\/\/www.caudete.org\/ayuntamiento\/#website","url":"https:\/\/www.caudete.org\/ayuntamiento\/","name":"MI Ayuntamiento de Caudete","description":"P\u00e1gina Oficial del MI Ayuntamiento de Caudete","publisher":{"@id":"https:\/\/www.caudete.org\/ayuntamiento\/#organization"},"potentialAction":[{"@type":"SearchAction","target":{"@type":"EntryPoint","urlTemplate":"https:\/\/www.caudete.org\/ayuntamiento\/?s={search_term_string}"},"query-input":{"@type":"PropertyValueSpecification","valueRequired":true,"valueName":"search_term_string"}}],"inLanguage":"es"},{"@type":"Organization","@id":"https:\/\/www.caudete.org\/ayuntamiento\/#organization","name":"Ayuntamiento de Caudete","url":"https:\/\/www.caudete.org\/ayuntamiento\/","logo":{"@type":"ImageObject","inLanguage":"es","@id":"https:\/\/www.caudete.org\/ayuntamiento\/#\/schema\/logo\/image\/","url":"https:\/\/www.caudete.org\/ayuntamiento\/wp-content\/uploads\/2020\/11\/logo_ayuntamiento_caudete.jpg","contentUrl":"https:\/\/www.caudete.org\/ayuntamiento\/wp-content\/uploads\/2020\/11\/logo_ayuntamiento_caudete.jpg","width":600,"height":150,"caption":"Ayuntamiento de Caudete"},"image":{"@id":"https:\/\/www.caudete.org\/ayuntamiento\/#\/schema\/logo\/image\/"},"sameAs":["https:\/\/www.facebook.com\/ayuntamientocaudete\/","https:\/\/www.youtube.com\/channel\/UC6VztHaooNsGpw-tNoBEFnQ"]},{"@type":"Person","@id":"https:\/\/www.caudete.org\/ayuntamiento\/#\/schema\/person\/cc646da9133078ee4d8dd47457947253","name":"alcalde","image":{"@type":"ImageObject","inLanguage":"es","@id":"https:\/\/secure.gravatar.com\/avatar\/84a817ba065b29ff08d666b215a215f5c79186a645ccb25b14a663d48a130f77?s=96&d=mm&r=g","url":"https:\/\/secure.gravatar.com\/avatar\/84a817ba065b29ff08d666b215a215f5c79186a645ccb25b14a663d48a130f77?s=96&d=mm&r=g","contentUrl":"https:\/\/secure.gravatar.com\/avatar\/84a817ba065b29ff08d666b215a215f5c79186a645ccb25b14a663d48a130f77?s=96&d=mm&r=g","caption":"alcalde"},"url":"https:\/\/www.caudete.org\/ayuntamiento\/author\/alcalde\/"}]}},"_links":{"self":[{"href":"https:\/\/www.caudete.org\/ayuntamiento\/wp-json\/wp\/v2\/posts\/18106","targetHints":{"allow":["GET"]}}],"collection":[{"href":"https:\/\/www.caudete.org\/ayuntamiento\/wp-json\/wp\/v2\/posts"}],"about":[{"href":"https:\/\/www.caudete.org\/ayuntamiento\/wp-json\/wp\/v2\/types\/post"}],"author":[{"embeddable":true,"href":"https:\/\/www.caudete.org\/ayuntamiento\/wp-json\/wp\/v2\/users\/3"}],"replies":[{"embeddable":true,"href":"https:\/\/www.caudete.org\/ayuntamiento\/wp-json\/wp\/v2\/comments?post=18106"}],"version-history":[{"count":3,"href":"https:\/\/www.caudete.org\/ayuntamiento\/wp-json\/wp\/v2\/posts\/18106\/revisions"}],"predecessor-version":[{"id":18127,"href":"https:\/\/www.caudete.org\/ayuntamiento\/wp-json\/wp\/v2\/posts\/18106\/revisions\/18127"}],"wp:featuredmedia":[{"embeddable":true,"href":"https:\/\/www.caudete.org\/ayuntamiento\/wp-json\/wp\/v2\/media\/18125"}],"wp:attachment":[{"href":"https:\/\/www.caudete.org\/ayuntamiento\/wp-json\/wp\/v2\/media?parent=18106"}],"wp:term":[{"taxonomy":"category","embeddable":true,"href":"https:\/\/www.caudete.org\/ayuntamiento\/wp-json\/wp\/v2\/categories?post=18106"},{"taxonomy":"post_tag","embeddable":true,"href":"https:\/\/www.caudete.org\/ayuntamiento\/wp-json\/wp\/v2\/tags?post=18106"}],"curies":[{"name":"wp","href":"https:\/\/api.w.org\/{rel}","templated":true}]}}