{"id":18167,"date":"2022-02-11T20:41:30","date_gmt":"2022-02-11T19:41:30","guid":{"rendered":"https:\/\/www.caudete.org\/ayuntamiento\/?p=18167"},"modified":"2022-02-11T20:42:28","modified_gmt":"2022-02-11T19:42:28","slug":"caudete-recibe-686-283e-de-subvencion-del-idae-para-el-cambio-a-led-del-alumbrado-municipal","status":"publish","type":"post","link":"https:\/\/www.caudete.org\/ayuntamiento\/caudete-recibe-686-283e-de-subvencion-del-idae-para-el-cambio-a-led-del-alumbrado-municipal\/","title":{"rendered":"Caudete recibe 686.283\u20ac de subvenci\u00f3n del IDAE para el cambio a LED del Alumbrado Municipal"},"content":{"rendered":"<p style=\"text-align: justify;\"><span style=\"font-weight: 400;\">Joaqu\u00edn Pag\u00e1n, Concejal de Servicios daba a conocer en el Pleno Ordinario realizado ayer la concesi\u00f3n de una subvenci\u00f3n a favor del Ayuntamiento que el IDAE concede por importe de 686.283\u20ac y que permitir\u00e1 sufragar el coste de la modernizaci\u00f3n del alumbrado municipal a tecnolog\u00eda LED que se est\u00e1 llevando a cabo gracias al Plan Clime que el Ayuntamiento suscribi\u00f3 en Junio de 2020.<\/span><\/p>\n<p style=\"text-align: justify;\"><span style=\"font-weight: 400;\">Hoy ha aprovechado para dar m\u00e1s detalles de esta subvenci\u00f3n, la cual esta autorizada por el IDEA desde el 15 de abril de 2020, pero matizaba que <em>&#8220;es ahora cuando el Ayuntamiento con el proyecto de actualizaci\u00f3n de alumbrado a LED terminado, procede a las gestiones necesarias para poder materializar el cobro de esta subvenci\u00f3n&#8221;.<\/em><\/span><\/p>\n<p style=\"text-align: justify;\"><span style=\"font-weight: 400;\">De forma resumida explicaba Pag\u00e1n que el Ayuntamiento ya ha procedido a realizar una Adenda al Contrato suscrito en 2020 con Elecnor y la FEMP-CLM, tras lo cual, el Ayuntamiento tendr\u00e1 que abonar el coste \u00edntegro del proyecto de subvenci\u00f3n solicitada (857.853&#8217;97\u20ac) para entonces poder recibir del IDAE la parte subvencionada (686.283&#8217;17\u20ac)<\/span><\/p>\n<p style=\"text-align: justify;\">Continuaba remarcando que con esta gesti\u00f3n llevada a cabo desde los Departamentos de Medio Ambiente y Desarrollo Local, y respaldado por la Junta de Gobierno Local, supondr\u00e1 un ahorro para el Ayuntamiento de 760.283\u20ac en los 8 a\u00f1os restantes del contrato Clime. Este ahorro, adelantaba &#8220;v<em>a a permitir impulsar nuesvos proyectos de mejora tanto en la Ciudad Deportiva como en ampliaci\u00f3n de nuevas zonas de alumbrado p\u00fablico del municipio<\/em>&#8220;<\/p>\n<p style=\"text-align: justify;\"><span style=\"font-weight: 400;\">\u00a0<\/span><\/p>\n<p style=\"text-align: justify;\"><span style=\"font-weight: 400;\">Con m\u00e1s detalle, recordaba que <\/span><span style=\"font-weight: 400;\">con\u00a0 fecha\u00a0 24 de junio\u00a0 de 2020,\u00a0 se firma,\u00a0 entre\u00a0 el M.I. Ayuntamiento de Caudete y Elecnor, el contrato\u00a0 mixto \u00a0 de\u00a0 Servicios y\u00a0 Suministros\u00a0 Energ\u00e9ticos\u00a0 en\u00a0 las\u00a0 Instalaciones T\u00e9rmicas\u00a0 y\u00a0 el Alumbrado Interior\u00a0 de los Edificios P\u00fablicos y de las Instalciones de Alumbrado P\u00fablico\u00a0 Exterior y otras\u00a0 de\u00a0 Caudete, entidad \u00a0 local\u00a0 adherida a\u00a0 la\u00a0 central \u00a0 de\u00a0 contrataci\u00f3n y\u00a0 a\u00a0 la\u00a0 fase\u00a0 II\u00a0 del Proyecto CLIME\u00a0 de\u00a0 la\u00a0 FEMPCLM. Dicho\u00a0 contrato se\u00a0 firma\u00a0 por\u00a0 un\u00a0 periodo de\u00a0 10\u00a0 a\u00f1os\u00a0 y un importe total de 6.413.000\u20ac (IVA incluido)<\/span><\/p>\n<p style=\"text-align: justify;\"><span style=\"font-weight: 400;\">As\u00ed pues, la\u00a0 cl\u00e1usula\u00a0 25\u00a0 del\u00a0 PCAP\u00a0 del\u00a0 citado \u00a0 contrato, establece que\u00a0 <em>se\u00a0 podr\u00e1\u00a0 solicitar en\u00a0 cualquier momento subvenciones que\u00a0 pudieran ser\u00a0 de inter\u00e9s \u00a0 para \u00a0 la \u00a0 Entidad\u00a0 Local, \u00a0 estando\u00a0 obligado\u00a0 el\u00a0 Adjudicatario\u00a0 a \u00a0 realizar<\/em><\/span> <span style=\"font-weight: 400;\"><em>los \u00a0 ajustes econ\u00f3micos \u2013 financieros que procedan en el caso de que la subvenci\u00f3n sea concedida<\/em>.<\/span><\/p>\n<p style=\"text-align: justify;\"><span style=\"font-weight: 400;\">Con \u00a0 fecha \u00a0 15 \u00a0 de \u00a0 abril \u00a0 de \u00a0 2021, \u00a0 el \u00a0 Director\u00a0 General\u00a0 del \u00a0 IDAE \u00a0 emite \u00a0 RESOLUCI\u00d3N FAVORABLE, por la que\u00a0 se concede al M.I. Ayuntamiento de Caudete una\u00a0 ayuda\u00a0 por importe de 686.283&#8217;17\u20ac de conformidad a lo establecido en el Real\u00a0 Decreto 616\/2017, de 16 de junio por\u00a0 el\u00a0 que\u00a0 se\u00a0 regula \u00a0 la\u00a0 concesi\u00f3n\u00a0 de\u00a0 subvenciones\u00a0 a\u00a0 proyectos\u00a0 singulares\u00a0 de\u00a0 Entidades Locales que\u00a0 favorezcan el paso\u00a0 a una\u00a0 econom\u00eda baja\u00a0 en\u00a0 carbono en\u00a0 el marco\u00a0 del\u00a0 Programa Operativo FEDER de\u00a0 crecimiento sostenible 2014-2020, dicha\u00a0 ayuda\u00a0 va\u00a0 destinada a llevar\u00a0 a cabo las siguientes actuaciones y en los siguientes t\u00e9rminos:<\/span><\/p>\n<p style=\"text-align: justify;\"><span style=\"font-weight: 400;\">\u00a0<\/span><\/p>\n<p style=\"text-align: justify;\"><span style=\"font-weight: 400;\">&#8211;\u00a0 Sustituci\u00f3n\u00a0 de\u00a0 2.701 \u00a0 luminarias\u00a0 de\u00a0 alumbrado\u00a0 exterior\u00a0 de\u00a0 Caudete\u00a0 por\u00a0 nuevas luminarias de tecnolog\u00eda LED.<\/span><\/p>\n<p style=\"text-align: justify;\"><span style=\"font-weight: 400;\">&#8211;\u00a0 Reducci\u00f3n estimada de\u00a0 la\u00a0 potencia tras\u00a0 la\u00a0 ejecuci\u00f3n del\u00a0 proyecto, de\u00a0 442,5kW a <\/span><span style=\"font-weight: 400;\">82,5kW. Con un ahorro\u00a0 estimado del 81%<\/span><\/p>\n<p style=\"text-align: justify;\"><span style=\"font-weight: 400;\">&#8211; Inversi\u00f3n total para la renovaci\u00f3n del alumbrado exterior: 857.853,97\u20ac<\/span><\/p>\n<p style=\"text-align: justify;\"><span style=\"font-weight: 400;\">&#8211; Ayuda\u00a0 otorgada por\u00a0 el\u00a0 IDAE:\u00a0 686.283,17\u20ac (se\u00a0 admite\u00a0 la\u00a0 totalidad del\u00a0 coste\u00a0 y de\u00a0 la ayuda\u00a0 solicitados)<\/span><\/p>\n<p style=\"text-align: justify;\"><span style=\"font-weight: 400;\">\u00a0<\/span><\/p>\n<p style=\"text-align: justify;\"><span style=\"font-weight: 400;\">Con todo ello, el\u00a0 balance econ\u00f3mico para\u00a0 el Ayuntamiento de\u00a0 Caudete, una\u00a0 vez\u00a0 ejecutada y\u00a0 justificada la subvenci\u00f3n otorgada por el IDAE,\u00a0 es la siguiente:<\/span><\/p>\n<table style=\"width: 44.3195%; height: 168px;\">\n<tbody>\n<tr style=\"height: 56px;\">\n<td style=\"width: 68.9774%; height: 56px;\"><span style=\"font-weight: 400;\">COSTE DE LA INVERSI\u00d3N<\/span><\/td>\n<td style=\"width: 76.083%; text-align: center; height: 56px;\"><span style=\"font-weight: 400;\">857. 853&#8217;97\u00a0 \u20ac<\/span><\/td>\n<\/tr>\n<tr style=\"height: 56px;\">\n<td style=\"width: 68.9774%; height: 56px;\"><span style=\"font-weight: 400;\">AYUDA DEL IDAE<\/span><\/td>\n<td style=\"width: 76.083%; text-align: center; height: 56px;\"><span style=\"font-weight: 400;\">686.283&#8217;17 \u20ac<\/span><\/td>\n<\/tr>\n<tr style=\"height: 56px;\">\n<td style=\"width: 68.9774%; height: 56px;\"><b>APORTACI\u00d3N MUNICIPAL<\/b><\/td>\n<td style=\"width: 76.083%; text-align: center; height: 56px;\"><b>171.570&#8217;80 \u20ac<\/b><\/td>\n<\/tr>\n<\/tbody>\n<\/table>\n<p>&nbsp;<\/p>\n<p style=\"text-align: justify;\"><span style=\"font-weight: 400;\">En cumplimiento de la cl\u00e1usula 25 del PCAP,\u00a0 la adjudicataria Elecnor junto con la Concejal\u00eda de Servicios de este Ayuntamiento, proceden a realizar\u00a0 los ajustes\u00a0 econ\u00f3micos \u2013 financieros del contrato actual.\u00a0 Dicho\u00a0 estudio\u00a0 se realiza\u00a0 a ocho\u00a0 a\u00f1os\u00a0 (96 meses), ya que se supone\u00a0 que es la vigencia de\u00a0 este\u00a0 contrato una\u00a0 vez\u00a0 ejecutada la actuaci\u00f3n. En\u00a0 la siguiente tabla\u00a0 se\u00a0 recoge\u00a0 el <\/span><span style=\"font-weight: 400;\">resumen de este ajuste\u00a0 econ\u00f3mico:<\/span><\/p>\n<table style=\"width: 55.1232%;\">\n<tbody>\n<tr>\n<td style=\"width: 44.8753%;\"><strong>Contrato Elecnor<\/strong><\/td>\n<td style=\"width: 24.9307%; text-align: center;\"><strong>Mensual<\/strong><\/td>\n<td style=\"width: 105.263%; text-align: center;\"><strong>Anual<\/strong><\/td>\n<\/tr>\n<tr>\n<td style=\"width: 44.8753%;\"><span style=\"font-weight: 400;\">Coste\u00a0 actual<\/span><\/td>\n<td style=\"width: 24.9307%; text-align: center;\"><span style=\"font-weight: 400;\">53.441&#8217;67 \u20ac<\/span><\/td>\n<td style=\"width: 105.263%; text-align: center;\"><span style=\"font-weight: 400;\">641.300&#8217;00 \u20ac<\/span><\/td>\n<\/tr>\n<tr>\n<td style=\"width: 44.8753%;\"><span style=\"font-weight: 400;\">Coste\u00a0 futuro\u00a0 (8 a\u00f1os)<\/span><\/td>\n<td style=\"width: 24.9307%; text-align: center;\"><span style=\"font-weight: 400;\">43.732&#8217;00 \u20ac<\/span><\/td>\n<td style=\"width: 105.263%; text-align: center;\"><span style=\"font-weight: 400;\">524.784&#8217;00 \u20ac<\/span><\/td>\n<\/tr>\n<tr>\n<td style=\"width: 44.8753%;\"><span style=\"font-weight: 400;\">Ahorro<\/span><\/td>\n<td style=\"width: 24.9307%; text-align: center;\"><span style=\"font-weight: 400;\">9.709&#8217;67 \u20ac<\/span><\/td>\n<td style=\"width: 105.263%; text-align: center;\"><span style=\"font-weight: 400;\">116.516&#8217;00 \u20ac<\/span><\/td>\n<\/tr>\n<\/tbody>\n<\/table>\n<table style=\"width: 55.0741%;\">\n<tbody>\n<tr>\n<td style=\"width: 45.1255%;\"><strong>Ahorro contrato (8 a\u00f1os)<\/strong><\/td>\n<td style=\"width: 24.5359%;\">\n<p style=\"text-align: center;\"><strong>\u00a0(Total contrato)<\/strong><\/p>\n<\/td>\n<td style=\"width: 118.087%;\">\n<p style=\"text-align: center;\"><b>932.128&#8217;00 \u20ac<\/b><\/p>\n<\/td>\n<\/tr>\n<\/tbody>\n<\/table>\n<p>&nbsp;<\/p>\n<p style=\"text-align: justify;\"><span style=\"font-weight: 400;\">Por\u00a0 tanto,\u00a0 el\u00a0 ahorro\u00a0 total\u00a0 para\u00a0 el Ayuntamiento de\u00a0 Caudete, una\u00a0 vez\u00a0 ejecutada, abonada y justificada esta actuaci\u00f3n, a lo largo de la vigencia restante de este contrato es:<\/span><\/p>\n<table style=\"width: 35.2425%;\">\n<tbody>\n<tr>\n<td style=\"width: 57.7061%;\"><span style=\"font-weight: 400;\">Aportaci\u00f3n municipal<\/span><\/td>\n<td style=\"width: 84.2294%; text-align: center;\"><span style=\"font-weight: 400;\">171.570&#8217;80 \u20ac<\/span><\/td>\n<\/tr>\n<tr>\n<td style=\"width: 57.7061%;\"><span style=\"font-weight: 400;\">Ahorro\u00a0 contrato<\/span><\/td>\n<td style=\"width: 84.2294%; text-align: center;\"><span style=\"font-weight: 400;\">932.128&#8217;00 \u20ac<\/span><\/td>\n<\/tr>\n<tr>\n<td style=\"width: 57.7061%;\"><b>Ahorro total<\/b><\/td>\n<td style=\"width: 84.2294%; text-align: center;\"><b>760.557&#8217;20 \u20ac<\/b><\/td>\n<\/tr>\n<\/tbody>\n<\/table>\n<p>&nbsp;<\/p>\n<p>&nbsp;<\/p>\n","protected":false},"excerpt":{"rendered":"<p>Joaqu\u00edn Pag\u00e1n, Concejal de Servicios daba a conocer en el Pleno Ordinario realizado ayer la concesi\u00f3n de una subvenci\u00f3n a favor del Ayuntamiento que el IDAE concede por importe de 686.283\u20ac y que permitir\u00e1 sufragar el coste de la modernizaci\u00f3n del alumbrado municipal a tecnolog\u00eda LED que se est\u00e1 llevando a cabo gracias al Plan &hellip;<\/p>\n","protected":false},"author":3,"featured_media":5741,"comment_status":"closed","ping_status":"open","sticky":false,"template":"","format":"standard","meta":{"ngg_post_thumbnail":0,"footnotes":""},"categories":[270],"tags":[],"class_list":["post-18167","post","type-post","status-publish","format-standard","has-post-thumbnail","hentry","category-servicios"],"yoast_head":"<!-- This site is optimized with the Yoast SEO plugin v27.5 - https:\/\/yoast.com\/product\/yoast-seo-wordpress\/ -->\n<title>Caudete recibe 686.283\u20ac de subvenci\u00f3n del IDAE para el cambio a LED del Alumbrado Municipal - MI Ayuntamiento de Caudete<\/title>\n<meta name=\"description\" content=\"P\u00e1gina Oficial del Ayuntamiento de Caudete (Albacete)\" \/>\n<meta name=\"robots\" content=\"index, follow, max-snippet:-1, max-image-preview:large, max-video-preview:-1\" \/>\n<link rel=\"canonical\" href=\"https:\/\/www.caudete.org\/ayuntamiento\/caudete-recibe-686-283e-de-subvencion-del-idae-para-el-cambio-a-led-del-alumbrado-municipal\/\" \/>\n<meta property=\"og:locale\" content=\"es_ES\" \/>\n<meta property=\"og:type\" content=\"article\" \/>\n<meta property=\"og:title\" content=\"Caudete recibe 686.283\u20ac de subvenci\u00f3n del IDAE para el cambio a LED del Alumbrado Municipal - MI Ayuntamiento de Caudete\" \/>\n<meta property=\"og:description\" content=\"P\u00e1gina Oficial del Ayuntamiento de Caudete (Albacete)\" \/>\n<meta property=\"og:url\" content=\"https:\/\/www.caudete.org\/ayuntamiento\/caudete-recibe-686-283e-de-subvencion-del-idae-para-el-cambio-a-led-del-alumbrado-municipal\/\" \/>\n<meta property=\"og:site_name\" content=\"MI Ayuntamiento de Caudete\" \/>\n<meta property=\"article:publisher\" content=\"https:\/\/www.facebook.com\/ayuntamientocaudete\/\" \/>\n<meta property=\"article:published_time\" content=\"2022-02-11T19:41:30+00:00\" \/>\n<meta property=\"article:modified_time\" content=\"2022-02-11T19:42:28+00:00\" \/>\n<meta property=\"og:image\" content=\"https:\/\/www.caudete.org\/ayuntamiento\/wp-content\/uploads\/2020\/11\/luminarias3.jpg\" \/>\n\t<meta property=\"og:image:width\" content=\"800\" \/>\n\t<meta property=\"og:image:height\" content=\"600\" \/>\n\t<meta property=\"og:image:type\" content=\"image\/jpeg\" \/>\n<meta name=\"author\" content=\"alcalde\" \/>\n<meta name=\"twitter:card\" content=\"summary_large_image\" \/>\n<meta name=\"twitter:label1\" content=\"Escrito por\" \/>\n\t<meta name=\"twitter:data1\" content=\"alcalde\" \/>\n\t<meta name=\"twitter:label2\" content=\"Tiempo de lectura\" \/>\n\t<meta name=\"twitter:data2\" content=\"4 minutos\" \/>\n<script type=\"application\/ld+json\" class=\"yoast-schema-graph\">{\"@context\":\"https:\\\/\\\/schema.org\",\"@graph\":[{\"@type\":\"Article\",\"@id\":\"https:\\\/\\\/www.caudete.org\\\/ayuntamiento\\\/caudete-recibe-686-283e-de-subvencion-del-idae-para-el-cambio-a-led-del-alumbrado-municipal\\\/#article\",\"isPartOf\":{\"@id\":\"https:\\\/\\\/www.caudete.org\\\/ayuntamiento\\\/caudete-recibe-686-283e-de-subvencion-del-idae-para-el-cambio-a-led-del-alumbrado-municipal\\\/\"},\"author\":{\"name\":\"alcalde\",\"@id\":\"https:\\\/\\\/www.caudete.org\\\/ayuntamiento\\\/#\\\/schema\\\/person\\\/cc646da9133078ee4d8dd47457947253\"},\"headline\":\"Caudete recibe 686.283\u20ac de subvenci\u00f3n del IDAE para el cambio a LED del Alumbrado Municipal\",\"datePublished\":\"2022-02-11T19:41:30+00:00\",\"dateModified\":\"2022-02-11T19:42:28+00:00\",\"mainEntityOfPage\":{\"@id\":\"https:\\\/\\\/www.caudete.org\\\/ayuntamiento\\\/caudete-recibe-686-283e-de-subvencion-del-idae-para-el-cambio-a-led-del-alumbrado-municipal\\\/\"},\"wordCount\":740,\"publisher\":{\"@id\":\"https:\\\/\\\/www.caudete.org\\\/ayuntamiento\\\/#organization\"},\"image\":{\"@id\":\"https:\\\/\\\/www.caudete.org\\\/ayuntamiento\\\/caudete-recibe-686-283e-de-subvencion-del-idae-para-el-cambio-a-led-del-alumbrado-municipal\\\/#primaryimage\"},\"thumbnailUrl\":\"https:\\\/\\\/www.caudete.org\\\/ayuntamiento\\\/wp-content\\\/uploads\\\/2020\\\/11\\\/luminarias3.jpg\",\"articleSection\":[\"Servicios\"],\"inLanguage\":\"es\"},{\"@type\":\"WebPage\",\"@id\":\"https:\\\/\\\/www.caudete.org\\\/ayuntamiento\\\/caudete-recibe-686-283e-de-subvencion-del-idae-para-el-cambio-a-led-del-alumbrado-municipal\\\/\",\"url\":\"https:\\\/\\\/www.caudete.org\\\/ayuntamiento\\\/caudete-recibe-686-283e-de-subvencion-del-idae-para-el-cambio-a-led-del-alumbrado-municipal\\\/\",\"name\":\"Caudete recibe 686.283\u20ac de subvenci\u00f3n del IDAE para el cambio a LED del Alumbrado Municipal - MI Ayuntamiento de Caudete\",\"isPartOf\":{\"@id\":\"https:\\\/\\\/www.caudete.org\\\/ayuntamiento\\\/#website\"},\"primaryImageOfPage\":{\"@id\":\"https:\\\/\\\/www.caudete.org\\\/ayuntamiento\\\/caudete-recibe-686-283e-de-subvencion-del-idae-para-el-cambio-a-led-del-alumbrado-municipal\\\/#primaryimage\"},\"image\":{\"@id\":\"https:\\\/\\\/www.caudete.org\\\/ayuntamiento\\\/caudete-recibe-686-283e-de-subvencion-del-idae-para-el-cambio-a-led-del-alumbrado-municipal\\\/#primaryimage\"},\"thumbnailUrl\":\"https:\\\/\\\/www.caudete.org\\\/ayuntamiento\\\/wp-content\\\/uploads\\\/2020\\\/11\\\/luminarias3.jpg\",\"datePublished\":\"2022-02-11T19:41:30+00:00\",\"dateModified\":\"2022-02-11T19:42:28+00:00\",\"description\":\"P\u00e1gina Oficial del Ayuntamiento de Caudete (Albacete)\",\"breadcrumb\":{\"@id\":\"https:\\\/\\\/www.caudete.org\\\/ayuntamiento\\\/caudete-recibe-686-283e-de-subvencion-del-idae-para-el-cambio-a-led-del-alumbrado-municipal\\\/#breadcrumb\"},\"inLanguage\":\"es\",\"potentialAction\":[{\"@type\":\"ReadAction\",\"target\":[\"https:\\\/\\\/www.caudete.org\\\/ayuntamiento\\\/caudete-recibe-686-283e-de-subvencion-del-idae-para-el-cambio-a-led-del-alumbrado-municipal\\\/\"]}]},{\"@type\":\"ImageObject\",\"inLanguage\":\"es\",\"@id\":\"https:\\\/\\\/www.caudete.org\\\/ayuntamiento\\\/caudete-recibe-686-283e-de-subvencion-del-idae-para-el-cambio-a-led-del-alumbrado-municipal\\\/#primaryimage\",\"url\":\"https:\\\/\\\/www.caudete.org\\\/ayuntamiento\\\/wp-content\\\/uploads\\\/2020\\\/11\\\/luminarias3.jpg\",\"contentUrl\":\"https:\\\/\\\/www.caudete.org\\\/ayuntamiento\\\/wp-content\\\/uploads\\\/2020\\\/11\\\/luminarias3.jpg\",\"width\":800,\"height\":600},{\"@type\":\"BreadcrumbList\",\"@id\":\"https:\\\/\\\/www.caudete.org\\\/ayuntamiento\\\/caudete-recibe-686-283e-de-subvencion-del-idae-para-el-cambio-a-led-del-alumbrado-municipal\\\/#breadcrumb\",\"itemListElement\":[{\"@type\":\"ListItem\",\"position\":1,\"name\":\"Inicio\",\"item\":\"https:\\\/\\\/www.caudete.org\\\/ayuntamiento\\\/\"},{\"@type\":\"ListItem\",\"position\":2,\"name\":\"Caudete recibe 686.283\u20ac de subvenci\u00f3n del IDAE para el cambio a LED del Alumbrado Municipal\"}]},{\"@type\":\"WebSite\",\"@id\":\"https:\\\/\\\/www.caudete.org\\\/ayuntamiento\\\/#website\",\"url\":\"https:\\\/\\\/www.caudete.org\\\/ayuntamiento\\\/\",\"name\":\"MI Ayuntamiento de Caudete\",\"description\":\"P\u00e1gina Oficial del MI Ayuntamiento de Caudete\",\"publisher\":{\"@id\":\"https:\\\/\\\/www.caudete.org\\\/ayuntamiento\\\/#organization\"},\"potentialAction\":[{\"@type\":\"SearchAction\",\"target\":{\"@type\":\"EntryPoint\",\"urlTemplate\":\"https:\\\/\\\/www.caudete.org\\\/ayuntamiento\\\/?s={search_term_string}\"},\"query-input\":{\"@type\":\"PropertyValueSpecification\",\"valueRequired\":true,\"valueName\":\"search_term_string\"}}],\"inLanguage\":\"es\"},{\"@type\":\"Organization\",\"@id\":\"https:\\\/\\\/www.caudete.org\\\/ayuntamiento\\\/#organization\",\"name\":\"Ayuntamiento de Caudete\",\"url\":\"https:\\\/\\\/www.caudete.org\\\/ayuntamiento\\\/\",\"logo\":{\"@type\":\"ImageObject\",\"inLanguage\":\"es\",\"@id\":\"https:\\\/\\\/www.caudete.org\\\/ayuntamiento\\\/#\\\/schema\\\/logo\\\/image\\\/\",\"url\":\"https:\\\/\\\/www.caudete.org\\\/ayuntamiento\\\/wp-content\\\/uploads\\\/2020\\\/11\\\/logo_ayuntamiento_caudete.jpg\",\"contentUrl\":\"https:\\\/\\\/www.caudete.org\\\/ayuntamiento\\\/wp-content\\\/uploads\\\/2020\\\/11\\\/logo_ayuntamiento_caudete.jpg\",\"width\":600,\"height\":150,\"caption\":\"Ayuntamiento de Caudete\"},\"image\":{\"@id\":\"https:\\\/\\\/www.caudete.org\\\/ayuntamiento\\\/#\\\/schema\\\/logo\\\/image\\\/\"},\"sameAs\":[\"https:\\\/\\\/www.facebook.com\\\/ayuntamientocaudete\\\/\",\"https:\\\/\\\/www.youtube.com\\\/channel\\\/UC6VztHaooNsGpw-tNoBEFnQ\"]},{\"@type\":\"Person\",\"@id\":\"https:\\\/\\\/www.caudete.org\\\/ayuntamiento\\\/#\\\/schema\\\/person\\\/cc646da9133078ee4d8dd47457947253\",\"name\":\"alcalde\",\"image\":{\"@type\":\"ImageObject\",\"inLanguage\":\"es\",\"@id\":\"https:\\\/\\\/secure.gravatar.com\\\/avatar\\\/84a817ba065b29ff08d666b215a215f5c79186a645ccb25b14a663d48a130f77?s=96&d=mm&r=g\",\"url\":\"https:\\\/\\\/secure.gravatar.com\\\/avatar\\\/84a817ba065b29ff08d666b215a215f5c79186a645ccb25b14a663d48a130f77?s=96&d=mm&r=g\",\"contentUrl\":\"https:\\\/\\\/secure.gravatar.com\\\/avatar\\\/84a817ba065b29ff08d666b215a215f5c79186a645ccb25b14a663d48a130f77?s=96&d=mm&r=g\",\"caption\":\"alcalde\"},\"url\":\"https:\\\/\\\/www.caudete.org\\\/ayuntamiento\\\/author\\\/alcalde\\\/\"}]}<\/script>\n<!-- \/ Yoast SEO plugin. -->","yoast_head_json":{"title":"Caudete recibe 686.283\u20ac de subvenci\u00f3n del IDAE para el cambio a LED del Alumbrado Municipal - MI Ayuntamiento de Caudete","description":"P\u00e1gina Oficial del Ayuntamiento de Caudete (Albacete)","robots":{"index":"index","follow":"follow","max-snippet":"max-snippet:-1","max-image-preview":"max-image-preview:large","max-video-preview":"max-video-preview:-1"},"canonical":"https:\/\/www.caudete.org\/ayuntamiento\/caudete-recibe-686-283e-de-subvencion-del-idae-para-el-cambio-a-led-del-alumbrado-municipal\/","og_locale":"es_ES","og_type":"article","og_title":"Caudete recibe 686.283\u20ac de subvenci\u00f3n del IDAE para el cambio a LED del Alumbrado Municipal - MI Ayuntamiento de Caudete","og_description":"P\u00e1gina Oficial del Ayuntamiento de Caudete (Albacete)","og_url":"https:\/\/www.caudete.org\/ayuntamiento\/caudete-recibe-686-283e-de-subvencion-del-idae-para-el-cambio-a-led-del-alumbrado-municipal\/","og_site_name":"MI Ayuntamiento de Caudete","article_publisher":"https:\/\/www.facebook.com\/ayuntamientocaudete\/","article_published_time":"2022-02-11T19:41:30+00:00","article_modified_time":"2022-02-11T19:42:28+00:00","og_image":[{"width":800,"height":600,"url":"https:\/\/www.caudete.org\/ayuntamiento\/wp-content\/uploads\/2020\/11\/luminarias3.jpg","type":"image\/jpeg"}],"author":"alcalde","twitter_card":"summary_large_image","twitter_misc":{"Escrito por":"alcalde","Tiempo de lectura":"4 minutos"},"schema":{"@context":"https:\/\/schema.org","@graph":[{"@type":"Article","@id":"https:\/\/www.caudete.org\/ayuntamiento\/caudete-recibe-686-283e-de-subvencion-del-idae-para-el-cambio-a-led-del-alumbrado-municipal\/#article","isPartOf":{"@id":"https:\/\/www.caudete.org\/ayuntamiento\/caudete-recibe-686-283e-de-subvencion-del-idae-para-el-cambio-a-led-del-alumbrado-municipal\/"},"author":{"name":"alcalde","@id":"https:\/\/www.caudete.org\/ayuntamiento\/#\/schema\/person\/cc646da9133078ee4d8dd47457947253"},"headline":"Caudete recibe 686.283\u20ac de subvenci\u00f3n del IDAE para el cambio a LED del Alumbrado Municipal","datePublished":"2022-02-11T19:41:30+00:00","dateModified":"2022-02-11T19:42:28+00:00","mainEntityOfPage":{"@id":"https:\/\/www.caudete.org\/ayuntamiento\/caudete-recibe-686-283e-de-subvencion-del-idae-para-el-cambio-a-led-del-alumbrado-municipal\/"},"wordCount":740,"publisher":{"@id":"https:\/\/www.caudete.org\/ayuntamiento\/#organization"},"image":{"@id":"https:\/\/www.caudete.org\/ayuntamiento\/caudete-recibe-686-283e-de-subvencion-del-idae-para-el-cambio-a-led-del-alumbrado-municipal\/#primaryimage"},"thumbnailUrl":"https:\/\/www.caudete.org\/ayuntamiento\/wp-content\/uploads\/2020\/11\/luminarias3.jpg","articleSection":["Servicios"],"inLanguage":"es"},{"@type":"WebPage","@id":"https:\/\/www.caudete.org\/ayuntamiento\/caudete-recibe-686-283e-de-subvencion-del-idae-para-el-cambio-a-led-del-alumbrado-municipal\/","url":"https:\/\/www.caudete.org\/ayuntamiento\/caudete-recibe-686-283e-de-subvencion-del-idae-para-el-cambio-a-led-del-alumbrado-municipal\/","name":"Caudete recibe 686.283\u20ac de subvenci\u00f3n del IDAE para el cambio a LED del Alumbrado Municipal - MI Ayuntamiento de Caudete","isPartOf":{"@id":"https:\/\/www.caudete.org\/ayuntamiento\/#website"},"primaryImageOfPage":{"@id":"https:\/\/www.caudete.org\/ayuntamiento\/caudete-recibe-686-283e-de-subvencion-del-idae-para-el-cambio-a-led-del-alumbrado-municipal\/#primaryimage"},"image":{"@id":"https:\/\/www.caudete.org\/ayuntamiento\/caudete-recibe-686-283e-de-subvencion-del-idae-para-el-cambio-a-led-del-alumbrado-municipal\/#primaryimage"},"thumbnailUrl":"https:\/\/www.caudete.org\/ayuntamiento\/wp-content\/uploads\/2020\/11\/luminarias3.jpg","datePublished":"2022-02-11T19:41:30+00:00","dateModified":"2022-02-11T19:42:28+00:00","description":"P\u00e1gina Oficial del Ayuntamiento de Caudete (Albacete)","breadcrumb":{"@id":"https:\/\/www.caudete.org\/ayuntamiento\/caudete-recibe-686-283e-de-subvencion-del-idae-para-el-cambio-a-led-del-alumbrado-municipal\/#breadcrumb"},"inLanguage":"es","potentialAction":[{"@type":"ReadAction","target":["https:\/\/www.caudete.org\/ayuntamiento\/caudete-recibe-686-283e-de-subvencion-del-idae-para-el-cambio-a-led-del-alumbrado-municipal\/"]}]},{"@type":"ImageObject","inLanguage":"es","@id":"https:\/\/www.caudete.org\/ayuntamiento\/caudete-recibe-686-283e-de-subvencion-del-idae-para-el-cambio-a-led-del-alumbrado-municipal\/#primaryimage","url":"https:\/\/www.caudete.org\/ayuntamiento\/wp-content\/uploads\/2020\/11\/luminarias3.jpg","contentUrl":"https:\/\/www.caudete.org\/ayuntamiento\/wp-content\/uploads\/2020\/11\/luminarias3.jpg","width":800,"height":600},{"@type":"BreadcrumbList","@id":"https:\/\/www.caudete.org\/ayuntamiento\/caudete-recibe-686-283e-de-subvencion-del-idae-para-el-cambio-a-led-del-alumbrado-municipal\/#breadcrumb","itemListElement":[{"@type":"ListItem","position":1,"name":"Inicio","item":"https:\/\/www.caudete.org\/ayuntamiento\/"},{"@type":"ListItem","position":2,"name":"Caudete recibe 686.283\u20ac de subvenci\u00f3n del IDAE para el cambio a LED del Alumbrado Municipal"}]},{"@type":"WebSite","@id":"https:\/\/www.caudete.org\/ayuntamiento\/#website","url":"https:\/\/www.caudete.org\/ayuntamiento\/","name":"MI Ayuntamiento de Caudete","description":"P\u00e1gina Oficial del MI Ayuntamiento de Caudete","publisher":{"@id":"https:\/\/www.caudete.org\/ayuntamiento\/#organization"},"potentialAction":[{"@type":"SearchAction","target":{"@type":"EntryPoint","urlTemplate":"https:\/\/www.caudete.org\/ayuntamiento\/?s={search_term_string}"},"query-input":{"@type":"PropertyValueSpecification","valueRequired":true,"valueName":"search_term_string"}}],"inLanguage":"es"},{"@type":"Organization","@id":"https:\/\/www.caudete.org\/ayuntamiento\/#organization","name":"Ayuntamiento de Caudete","url":"https:\/\/www.caudete.org\/ayuntamiento\/","logo":{"@type":"ImageObject","inLanguage":"es","@id":"https:\/\/www.caudete.org\/ayuntamiento\/#\/schema\/logo\/image\/","url":"https:\/\/www.caudete.org\/ayuntamiento\/wp-content\/uploads\/2020\/11\/logo_ayuntamiento_caudete.jpg","contentUrl":"https:\/\/www.caudete.org\/ayuntamiento\/wp-content\/uploads\/2020\/11\/logo_ayuntamiento_caudete.jpg","width":600,"height":150,"caption":"Ayuntamiento de Caudete"},"image":{"@id":"https:\/\/www.caudete.org\/ayuntamiento\/#\/schema\/logo\/image\/"},"sameAs":["https:\/\/www.facebook.com\/ayuntamientocaudete\/","https:\/\/www.youtube.com\/channel\/UC6VztHaooNsGpw-tNoBEFnQ"]},{"@type":"Person","@id":"https:\/\/www.caudete.org\/ayuntamiento\/#\/schema\/person\/cc646da9133078ee4d8dd47457947253","name":"alcalde","image":{"@type":"ImageObject","inLanguage":"es","@id":"https:\/\/secure.gravatar.com\/avatar\/84a817ba065b29ff08d666b215a215f5c79186a645ccb25b14a663d48a130f77?s=96&d=mm&r=g","url":"https:\/\/secure.gravatar.com\/avatar\/84a817ba065b29ff08d666b215a215f5c79186a645ccb25b14a663d48a130f77?s=96&d=mm&r=g","contentUrl":"https:\/\/secure.gravatar.com\/avatar\/84a817ba065b29ff08d666b215a215f5c79186a645ccb25b14a663d48a130f77?s=96&d=mm&r=g","caption":"alcalde"},"url":"https:\/\/www.caudete.org\/ayuntamiento\/author\/alcalde\/"}]}},"_links":{"self":[{"href":"https:\/\/www.caudete.org\/ayuntamiento\/wp-json\/wp\/v2\/posts\/18167","targetHints":{"allow":["GET"]}}],"collection":[{"href":"https:\/\/www.caudete.org\/ayuntamiento\/wp-json\/wp\/v2\/posts"}],"about":[{"href":"https:\/\/www.caudete.org\/ayuntamiento\/wp-json\/wp\/v2\/types\/post"}],"author":[{"embeddable":true,"href":"https:\/\/www.caudete.org\/ayuntamiento\/wp-json\/wp\/v2\/users\/3"}],"replies":[{"embeddable":true,"href":"https:\/\/www.caudete.org\/ayuntamiento\/wp-json\/wp\/v2\/comments?post=18167"}],"version-history":[{"count":1,"href":"https:\/\/www.caudete.org\/ayuntamiento\/wp-json\/wp\/v2\/posts\/18167\/revisions"}],"predecessor-version":[{"id":18168,"href":"https:\/\/www.caudete.org\/ayuntamiento\/wp-json\/wp\/v2\/posts\/18167\/revisions\/18168"}],"wp:featuredmedia":[{"embeddable":true,"href":"https:\/\/www.caudete.org\/ayuntamiento\/wp-json\/wp\/v2\/media\/5741"}],"wp:attachment":[{"href":"https:\/\/www.caudete.org\/ayuntamiento\/wp-json\/wp\/v2\/media?parent=18167"}],"wp:term":[{"taxonomy":"category","embeddable":true,"href":"https:\/\/www.caudete.org\/ayuntamiento\/wp-json\/wp\/v2\/categories?post=18167"},{"taxonomy":"post_tag","embeddable":true,"href":"https:\/\/www.caudete.org\/ayuntamiento\/wp-json\/wp\/v2\/tags?post=18167"}],"curies":[{"name":"wp","href":"https:\/\/api.w.org\/{rel}","templated":true}]}}