{"id":18169,"date":"2022-02-11T21:23:10","date_gmt":"2022-02-11T20:23:10","guid":{"rendered":"https:\/\/www.caudete.org\/ayuntamiento\/?p=18169"},"modified":"2022-02-11T21:27:22","modified_gmt":"2022-02-11T20:27:22","slug":"el-juzgado-admite-a-tramite-la-solicitud-del-ayuntamiento-por-la-expropiacion-de-terrenos-para-la-cantera-en-sierra-del-cuchillo","status":"publish","type":"post","link":"https:\/\/www.caudete.org\/ayuntamiento\/el-juzgado-admite-a-tramite-la-solicitud-del-ayuntamiento-por-la-expropiacion-de-terrenos-para-la-cantera-en-sierra-del-cuchillo\/","title":{"rendered":"El Juzgado admite a tr\u00e1mite la solicitud del Ayuntamiento por la expropiaci\u00f3n de terrenos para la cantera en Sierra del Cuchillo"},"content":{"rendered":"<p style=\"text-align: justify;\">El Alcalde Mois\u00e9s L\u00f3pez anunciaba ayer durante el Pleno Ordinario la noticia de que el Juzgado de lo Contencioso-Administrativo n\u00ba2 de Albacete ha admitido a tr\u00e1mite la solicitud el Gobierno Municipal del pasado d\u00eda 31 de Enero para paralizar los tramites de TANIT TRES sobre el permiso de investigaci\u00f3n minera que dicha mercantil propone realizar sobre la Sierra Cuchillo.<\/p>\n<p style=\"text-align: justify;\">Con fecha 7 de Febrero, el letrado de la Administraci\u00f3n de Justicia acuerda\u00a0<span id=\"page45R_mcid31\" class=\"markedContent\"><span dir=\"ltr\" role=\"presentation\">&#8220;<em>resolver<\/em><\/span><em> <span dir=\"ltr\" role=\"presentation\">sobre<\/span> <span dir=\"ltr\" role=\"presentation\">la<\/span> <span dir=\"ltr\" role=\"presentation\">medida <\/span><span dir=\"ltr\" role=\"presentation\">cautelar<\/span> <span dir=\"ltr\" role=\"presentation\">de<\/span> <span dir=\"ltr\" role=\"presentation\">suspensi\u00f3n<\/span> <span dir=\"ltr\" role=\"presentation\">de<\/span> <span dir=\"ltr\" role=\"presentation\">la<\/span> <span dir=\"ltr\" role=\"presentation\">ejecuci\u00f3n<\/span> <span dir=\"ltr\" role=\"presentation\">del<\/span> <span dir=\"ltr\" role=\"presentation\">acto<\/span> <span dir=\"ltr\" role=\"presentation\">impugnado <\/span><span dir=\"ltr\" role=\"presentation\">solicitada<\/span> <span dir=\"ltr\" role=\"presentation\">por<\/span> <span dir=\"ltr\" role=\"presentation\">la<\/span> <span dir=\"ltr\" role=\"presentation\">parte<\/span> <span dir=\"ltr\" role=\"presentation\">recurrente<\/span><span dir=\"ltr\" role=\"presentation\">,<\/span> <span dir=\"ltr\" role=\"presentation\">quedando<\/span> <span dir=\"ltr\" role=\"presentation\">en<\/span> <span dir=\"ltr\" role=\"presentation\">suspenso<\/span> <span dir=\"ltr\" role=\"presentation\">el <\/span><span dir=\"ltr\" role=\"presentation\">plazo<\/span> <span dir=\"ltr\" role=\"presentation\">para<\/span> <span dir=\"ltr\" role=\"presentation\">dictar<\/span> <span dir=\"ltr\" role=\"presentation\">sentencia<\/span> <span dir=\"ltr\" role=\"presentation\">en<\/span> <span dir=\"ltr\" role=\"presentation\">el<\/span> <span dir=\"ltr\" role=\"presentation\">procedimiento<\/span> <span dir=\"ltr\" role=\"presentation\">principal <\/span><span dir=\"ltr\" role=\"presentation\">hasta la resoluc<\/span><\/em><span dir=\"ltr\" role=\"presentation\"><em>i\u00f3n de la presente pieza<\/em>&#8220;. <\/span><\/span><\/p>\n<p style=\"text-align: justify;\"><span id=\"page45R_mcid31\" class=\"markedContent\"><span dir=\"ltr\" role=\"presentation\">Cuesti\u00f3n que planteaba el Ayuntamiento ante la &#8220;<em>incongruencia de los hechos acontecidos de forma inexplicable sobre un expediente que tendr\u00eda que haberse resuelto favorablemente para Caudete desde hace varios a\u00f1os<\/em>&#8221; expresaba el Alcalde, pues &#8220;<em>el Consistorio en todo momento ha comunicado al \u00f3rgano competente la imposibilidad legal de llevar a cabo en el paraje y parcela solicitada la extracci\u00f3n minera que se pretende, haciendo caso omiso a los informes T\u00e9cnicos y Jur\u00eddicos<\/em>&#8220;, argumento en el que de forma resumida basa el Ayuntamiento su Contencioso-Administrativo interpuesto contra la JCCM (mediante la <\/span><\/span>Direcci\u00f3n Provincial de Econom\u00eda, Empresas y Empleo de Albacete) por la Resoluci\u00f3n de fecha 29 de Mayo de 2019, sobre declaraci\u00f3n de necesidad de ocupaci\u00f3n de los terrenos para el desarrollo de los trabajos del Permiso de Investigaci\u00f3n expuesto anteriormente<\/p>\n<p style=\"text-align: justify;\"><span id=\"page45R_mcid33\" class=\"markedContent\">Ante esta noticia, el Alcalde expresaba su &#8220;<em>confianza en la justicia<\/em>&#8220;, a pesar de que dicho acuerdo establece tambi\u00e9n &#8220;<em>d<span dir=\"ltr\" role=\"presentation\">ar<\/span> <span dir=\"ltr\" role=\"presentation\">traslado,<\/span> <span dir=\"ltr\" role=\"presentation\">por<\/span> <span dir=\"ltr\" role=\"presentation\">t\u00e9rmino<\/span> <span dir=\"ltr\" role=\"presentation\">de<\/span> <span dir=\"ltr\" role=\"presentation\">DIEZ<\/span> <span dir=\"ltr\" role=\"presentation\">D\u00cdAS<\/span> <span dir=\"ltr\" role=\"presentation\">a<\/span> <span dir=\"ltr\" role=\"presentation\">la <\/span><span dir=\"ltr\" role=\"presentation\">Administraci\u00f3n<\/span> <span dir=\"ltr\" role=\"presentation\">demandada,<\/span> <span dir=\"ltr\" role=\"presentation\">conforme<\/span> <span dir=\"ltr\" role=\"presentation\">a<\/span> <span dir=\"ltr\" role=\"presentation\">lo<\/span> <span dir=\"ltr\" role=\"presentation\">dispuesto<\/span> <span dir=\"ltr\" role=\"presentation\">en<\/span> <span dir=\"ltr\" role=\"presentation\">el<\/span> <span dir=\"ltr\" role=\"presentation\">art <\/span><span dir=\"ltr\" role=\"presentation\">131<\/span> <span dir=\"ltr\" role=\"presentation\">de<\/span> <span dir=\"ltr\" role=\"presentation\">la<\/span> <span dir=\"ltr\" role=\"presentation\">LJCA,<\/span> <span dir=\"ltr\" role=\"presentation\">para<\/span> <span dir=\"ltr\" role=\"presentation\">que<\/span> <span dir=\"ltr\" role=\"presentation\">exponga<\/span> <span dir=\"ltr\" role=\"presentation\">lo<\/span> <span dir=\"ltr\" role=\"presentation\">que<\/span> <span dir=\"ltr\" role=\"presentation\">estime<\/span> <span dir=\"ltr\" role=\"presentation\">procedente <\/span><\/em><span dir=\"ltr\" role=\"presentation\"><em>sobre la solicitud formulada por el recurrente<\/em>&#8220;, por lo que toca esperar a ver si la JCCM realiza alegaciones al respecto, para que el Juzgado se pronuncie al respecto.<\/span><\/span><\/p>\n<p style=\"text-align: justify;\">Este hecho demuestra que &#8220;<em>las gestiones legales que el Ayuntamiento de Caudete est\u00e1 llevando a cabo van por buen camino, y que quiz\u00e1 tengamos m\u00e1s cerca el final de esta pesadilla<\/em>&#8221; trasladaba el Primer Edil a la Corporaci\u00f3n Municipal, y m\u00e1s teniendo en cuenta la premisa de la Resoluci\u00f3n de 21 de Septiembre de 2021, de la Delegaci\u00f3n de Desarrollo Sostenible denegando la segunda pr\u00f3rroga de la Licencia de la Resoluci\u00f3n de 22 de Diciembre de 2016 de la Viceconsejer\u00eda de Medio Ambiente, por la que se formula el Informe de Impacto Ambiental del permiso de investigaci\u00f3n.<\/p>\n<p style=\"text-align: justify;\">Igualmente, el Alcalde informaba que se han realizado diversas reuniones de trabajo de asesoramiento t\u00e9cnico, jur\u00eddico y ambiental sobre las opciones posibles de modificar las actuales Normas Subsidiarias de Caudete para blindar el entorno natural de Caudete y de esta forma evitar en el futuro situaciones an\u00e1logas. Sobre esta cuesti\u00f3n, adelantaba que ya est\u00e1 en marcha el expediente de contrataci\u00f3n de servicios profesionales para la redacci\u00f3n de la oportuna Modificaci\u00f3n puntual de las Normas Subsidiarias que consigan dicho fin, esperando poder abordarla en Pleno en un plazo de tiempo breve.<\/p>\n<p>&nbsp;<\/p>\n","protected":false},"excerpt":{"rendered":"<p>El Alcalde Mois\u00e9s L\u00f3pez anunciaba ayer durante el Pleno Ordinario la noticia de que el Juzgado de lo Contencioso-Administrativo n\u00ba2 de Albacete ha admitido a tr\u00e1mite la solicitud el Gobierno Municipal del pasado d\u00eda 31 de Enero para paralizar los tramites de TANIT TRES sobre el permiso de investigaci\u00f3n minera que dicha mercantil propone realizar &hellip;<\/p>\n","protected":false},"author":3,"featured_media":18101,"comment_status":"closed","ping_status":"open","sticky":false,"template":"","format":"standard","meta":{"ngg_post_thumbnail":0,"footnotes":""},"categories":[29],"tags":[],"class_list":["post-18169","post","type-post","status-publish","format-standard","has-post-thumbnail","hentry","category-medio-ambiente"],"yoast_head":"<!-- This site is optimized with the Yoast SEO plugin v27.5 - https:\/\/yoast.com\/product\/yoast-seo-wordpress\/ -->\n<title>El Juzgado admite a tr\u00e1mite la solicitud del Ayuntamiento por la expropiaci\u00f3n de terrenos para la cantera en Sierra del Cuchillo - MI Ayuntamiento de Caudete<\/title>\n<meta name=\"description\" content=\"P\u00e1gina Oficial del Ayuntamiento de Caudete (Albacete)\" \/>\n<meta name=\"robots\" content=\"index, follow, max-snippet:-1, max-image-preview:large, max-video-preview:-1\" \/>\n<link rel=\"canonical\" href=\"https:\/\/www.caudete.org\/ayuntamiento\/el-juzgado-admite-a-tramite-la-solicitud-del-ayuntamiento-por-la-expropiacion-de-terrenos-para-la-cantera-en-sierra-del-cuchillo\/\" \/>\n<meta property=\"og:locale\" content=\"es_ES\" \/>\n<meta property=\"og:type\" content=\"article\" \/>\n<meta property=\"og:title\" content=\"El Juzgado admite a tr\u00e1mite la solicitud del Ayuntamiento por la expropiaci\u00f3n de terrenos para la cantera en Sierra del Cuchillo - MI Ayuntamiento de Caudete\" \/>\n<meta property=\"og:description\" content=\"P\u00e1gina Oficial del Ayuntamiento de Caudete (Albacete)\" \/>\n<meta property=\"og:url\" content=\"https:\/\/www.caudete.org\/ayuntamiento\/el-juzgado-admite-a-tramite-la-solicitud-del-ayuntamiento-por-la-expropiacion-de-terrenos-para-la-cantera-en-sierra-del-cuchillo\/\" \/>\n<meta property=\"og:site_name\" content=\"MI Ayuntamiento de Caudete\" \/>\n<meta property=\"article:publisher\" content=\"https:\/\/www.facebook.com\/ayuntamientocaudete\/\" \/>\n<meta property=\"article:published_time\" content=\"2022-02-11T20:23:10+00:00\" \/>\n<meta property=\"article:modified_time\" content=\"2022-02-11T20:27:22+00:00\" \/>\n<meta property=\"og:image\" content=\"https:\/\/www.caudete.org\/ayuntamiento\/wp-content\/uploads\/2022\/02\/Tanit-Tres-WEB.jpg\" \/>\n\t<meta property=\"og:image:width\" content=\"864\" \/>\n\t<meta property=\"og:image:height\" content=\"380\" \/>\n\t<meta property=\"og:image:type\" content=\"image\/jpeg\" \/>\n<meta name=\"author\" content=\"alcalde\" \/>\n<meta name=\"twitter:card\" content=\"summary_large_image\" \/>\n<meta name=\"twitter:label1\" content=\"Escrito por\" \/>\n\t<meta name=\"twitter:data1\" content=\"alcalde\" \/>\n\t<meta name=\"twitter:label2\" content=\"Tiempo de lectura\" \/>\n\t<meta name=\"twitter:data2\" content=\"3 minutos\" \/>\n<script type=\"application\/ld+json\" class=\"yoast-schema-graph\">{\"@context\":\"https:\\\/\\\/schema.org\",\"@graph\":[{\"@type\":\"Article\",\"@id\":\"https:\\\/\\\/www.caudete.org\\\/ayuntamiento\\\/el-juzgado-admite-a-tramite-la-solicitud-del-ayuntamiento-por-la-expropiacion-de-terrenos-para-la-cantera-en-sierra-del-cuchillo\\\/#article\",\"isPartOf\":{\"@id\":\"https:\\\/\\\/www.caudete.org\\\/ayuntamiento\\\/el-juzgado-admite-a-tramite-la-solicitud-del-ayuntamiento-por-la-expropiacion-de-terrenos-para-la-cantera-en-sierra-del-cuchillo\\\/\"},\"author\":{\"name\":\"alcalde\",\"@id\":\"https:\\\/\\\/www.caudete.org\\\/ayuntamiento\\\/#\\\/schema\\\/person\\\/cc646da9133078ee4d8dd47457947253\"},\"headline\":\"El Juzgado admite a tr\u00e1mite la solicitud del Ayuntamiento por la expropiaci\u00f3n de terrenos para la cantera en Sierra del Cuchillo\",\"datePublished\":\"2022-02-11T20:23:10+00:00\",\"dateModified\":\"2022-02-11T20:27:22+00:00\",\"mainEntityOfPage\":{\"@id\":\"https:\\\/\\\/www.caudete.org\\\/ayuntamiento\\\/el-juzgado-admite-a-tramite-la-solicitud-del-ayuntamiento-por-la-expropiacion-de-terrenos-para-la-cantera-en-sierra-del-cuchillo\\\/\"},\"wordCount\":560,\"image\":{\"@id\":\"https:\\\/\\\/www.caudete.org\\\/ayuntamiento\\\/el-juzgado-admite-a-tramite-la-solicitud-del-ayuntamiento-por-la-expropiacion-de-terrenos-para-la-cantera-en-sierra-del-cuchillo\\\/#primaryimage\"},\"thumbnailUrl\":\"https:\\\/\\\/www.caudete.org\\\/ayuntamiento\\\/wp-content\\\/uploads\\\/2022\\\/02\\\/Tanit-Tres-WEB.jpg\",\"articleSection\":[\"Medio Ambiente\"],\"inLanguage\":\"es\"},{\"@type\":\"WebPage\",\"@id\":\"https:\\\/\\\/www.caudete.org\\\/ayuntamiento\\\/el-juzgado-admite-a-tramite-la-solicitud-del-ayuntamiento-por-la-expropiacion-de-terrenos-para-la-cantera-en-sierra-del-cuchillo\\\/\",\"url\":\"https:\\\/\\\/www.caudete.org\\\/ayuntamiento\\\/el-juzgado-admite-a-tramite-la-solicitud-del-ayuntamiento-por-la-expropiacion-de-terrenos-para-la-cantera-en-sierra-del-cuchillo\\\/\",\"name\":\"El Juzgado admite a tr\u00e1mite la solicitud del Ayuntamiento por la expropiaci\u00f3n de terrenos para la cantera en Sierra del Cuchillo - MI Ayuntamiento de Caudete\",\"isPartOf\":{\"@id\":\"https:\\\/\\\/www.caudete.org\\\/ayuntamiento\\\/#website\"},\"primaryImageOfPage\":{\"@id\":\"https:\\\/\\\/www.caudete.org\\\/ayuntamiento\\\/el-juzgado-admite-a-tramite-la-solicitud-del-ayuntamiento-por-la-expropiacion-de-terrenos-para-la-cantera-en-sierra-del-cuchillo\\\/#primaryimage\"},\"image\":{\"@id\":\"https:\\\/\\\/www.caudete.org\\\/ayuntamiento\\\/el-juzgado-admite-a-tramite-la-solicitud-del-ayuntamiento-por-la-expropiacion-de-terrenos-para-la-cantera-en-sierra-del-cuchillo\\\/#primaryimage\"},\"thumbnailUrl\":\"https:\\\/\\\/www.caudete.org\\\/ayuntamiento\\\/wp-content\\\/uploads\\\/2022\\\/02\\\/Tanit-Tres-WEB.jpg\",\"datePublished\":\"2022-02-11T20:23:10+00:00\",\"dateModified\":\"2022-02-11T20:27:22+00:00\",\"author\":{\"@id\":\"https:\\\/\\\/www.caudete.org\\\/ayuntamiento\\\/#\\\/schema\\\/person\\\/cc646da9133078ee4d8dd47457947253\"},\"description\":\"P\u00e1gina Oficial del Ayuntamiento de Caudete (Albacete)\",\"breadcrumb\":{\"@id\":\"https:\\\/\\\/www.caudete.org\\\/ayuntamiento\\\/el-juzgado-admite-a-tramite-la-solicitud-del-ayuntamiento-por-la-expropiacion-de-terrenos-para-la-cantera-en-sierra-del-cuchillo\\\/#breadcrumb\"},\"inLanguage\":\"es\",\"potentialAction\":[{\"@type\":\"ReadAction\",\"target\":[\"https:\\\/\\\/www.caudete.org\\\/ayuntamiento\\\/el-juzgado-admite-a-tramite-la-solicitud-del-ayuntamiento-por-la-expropiacion-de-terrenos-para-la-cantera-en-sierra-del-cuchillo\\\/\"]}]},{\"@type\":\"ImageObject\",\"inLanguage\":\"es\",\"@id\":\"https:\\\/\\\/www.caudete.org\\\/ayuntamiento\\\/el-juzgado-admite-a-tramite-la-solicitud-del-ayuntamiento-por-la-expropiacion-de-terrenos-para-la-cantera-en-sierra-del-cuchillo\\\/#primaryimage\",\"url\":\"https:\\\/\\\/www.caudete.org\\\/ayuntamiento\\\/wp-content\\\/uploads\\\/2022\\\/02\\\/Tanit-Tres-WEB.jpg\",\"contentUrl\":\"https:\\\/\\\/www.caudete.org\\\/ayuntamiento\\\/wp-content\\\/uploads\\\/2022\\\/02\\\/Tanit-Tres-WEB.jpg\",\"width\":864,\"height\":380},{\"@type\":\"BreadcrumbList\",\"@id\":\"https:\\\/\\\/www.caudete.org\\\/ayuntamiento\\\/el-juzgado-admite-a-tramite-la-solicitud-del-ayuntamiento-por-la-expropiacion-de-terrenos-para-la-cantera-en-sierra-del-cuchillo\\\/#breadcrumb\",\"itemListElement\":[{\"@type\":\"ListItem\",\"position\":1,\"name\":\"Inicio\",\"item\":\"https:\\\/\\\/www.caudete.org\\\/ayuntamiento\\\/\"},{\"@type\":\"ListItem\",\"position\":2,\"name\":\"El Juzgado admite a tr\u00e1mite la solicitud del Ayuntamiento por la expropiaci\u00f3n de terrenos para la cantera en Sierra del Cuchillo\"}]},{\"@type\":\"WebSite\",\"@id\":\"https:\\\/\\\/www.caudete.org\\\/ayuntamiento\\\/#website\",\"url\":\"https:\\\/\\\/www.caudete.org\\\/ayuntamiento\\\/\",\"name\":\"MI Ayuntamiento de Caudete\",\"description\":\"P\u00e1gina Oficial del MI Ayuntamiento de Caudete\",\"potentialAction\":[{\"@type\":\"SearchAction\",\"target\":{\"@type\":\"EntryPoint\",\"urlTemplate\":\"https:\\\/\\\/www.caudete.org\\\/ayuntamiento\\\/?s={search_term_string}\"},\"query-input\":{\"@type\":\"PropertyValueSpecification\",\"valueRequired\":true,\"valueName\":\"search_term_string\"}}],\"inLanguage\":\"es\"},{\"@type\":\"Person\",\"@id\":\"https:\\\/\\\/www.caudete.org\\\/ayuntamiento\\\/#\\\/schema\\\/person\\\/cc646da9133078ee4d8dd47457947253\",\"name\":\"alcalde\",\"image\":{\"@type\":\"ImageObject\",\"inLanguage\":\"es\",\"@id\":\"https:\\\/\\\/secure.gravatar.com\\\/avatar\\\/84a817ba065b29ff08d666b215a215f5c79186a645ccb25b14a663d48a130f77?s=96&d=mm&r=g\",\"url\":\"https:\\\/\\\/secure.gravatar.com\\\/avatar\\\/84a817ba065b29ff08d666b215a215f5c79186a645ccb25b14a663d48a130f77?s=96&d=mm&r=g\",\"contentUrl\":\"https:\\\/\\\/secure.gravatar.com\\\/avatar\\\/84a817ba065b29ff08d666b215a215f5c79186a645ccb25b14a663d48a130f77?s=96&d=mm&r=g\",\"caption\":\"alcalde\"},\"url\":\"https:\\\/\\\/www.caudete.org\\\/ayuntamiento\\\/author\\\/alcalde\\\/\"}]}<\/script>\n<!-- \/ Yoast SEO plugin. -->","yoast_head_json":{"title":"El Juzgado admite a tr\u00e1mite la solicitud del Ayuntamiento por la expropiaci\u00f3n de terrenos para la cantera en Sierra del Cuchillo - MI Ayuntamiento de Caudete","description":"P\u00e1gina Oficial del Ayuntamiento de Caudete (Albacete)","robots":{"index":"index","follow":"follow","max-snippet":"max-snippet:-1","max-image-preview":"max-image-preview:large","max-video-preview":"max-video-preview:-1"},"canonical":"https:\/\/www.caudete.org\/ayuntamiento\/el-juzgado-admite-a-tramite-la-solicitud-del-ayuntamiento-por-la-expropiacion-de-terrenos-para-la-cantera-en-sierra-del-cuchillo\/","og_locale":"es_ES","og_type":"article","og_title":"El Juzgado admite a tr\u00e1mite la solicitud del Ayuntamiento por la expropiaci\u00f3n de terrenos para la cantera en Sierra del Cuchillo - MI Ayuntamiento de Caudete","og_description":"P\u00e1gina Oficial del Ayuntamiento de Caudete (Albacete)","og_url":"https:\/\/www.caudete.org\/ayuntamiento\/el-juzgado-admite-a-tramite-la-solicitud-del-ayuntamiento-por-la-expropiacion-de-terrenos-para-la-cantera-en-sierra-del-cuchillo\/","og_site_name":"MI Ayuntamiento de Caudete","article_publisher":"https:\/\/www.facebook.com\/ayuntamientocaudete\/","article_published_time":"2022-02-11T20:23:10+00:00","article_modified_time":"2022-02-11T20:27:22+00:00","og_image":[{"width":864,"height":380,"url":"https:\/\/www.caudete.org\/ayuntamiento\/wp-content\/uploads\/2022\/02\/Tanit-Tres-WEB.jpg","type":"image\/jpeg"}],"author":"alcalde","twitter_card":"summary_large_image","twitter_misc":{"Escrito por":"alcalde","Tiempo de lectura":"3 minutos"},"schema":{"@context":"https:\/\/schema.org","@graph":[{"@type":"Article","@id":"https:\/\/www.caudete.org\/ayuntamiento\/el-juzgado-admite-a-tramite-la-solicitud-del-ayuntamiento-por-la-expropiacion-de-terrenos-para-la-cantera-en-sierra-del-cuchillo\/#article","isPartOf":{"@id":"https:\/\/www.caudete.org\/ayuntamiento\/el-juzgado-admite-a-tramite-la-solicitud-del-ayuntamiento-por-la-expropiacion-de-terrenos-para-la-cantera-en-sierra-del-cuchillo\/"},"author":{"name":"alcalde","@id":"https:\/\/www.caudete.org\/ayuntamiento\/#\/schema\/person\/cc646da9133078ee4d8dd47457947253"},"headline":"El Juzgado admite a tr\u00e1mite la solicitud del Ayuntamiento por la expropiaci\u00f3n de terrenos para la cantera en Sierra del Cuchillo","datePublished":"2022-02-11T20:23:10+00:00","dateModified":"2022-02-11T20:27:22+00:00","mainEntityOfPage":{"@id":"https:\/\/www.caudete.org\/ayuntamiento\/el-juzgado-admite-a-tramite-la-solicitud-del-ayuntamiento-por-la-expropiacion-de-terrenos-para-la-cantera-en-sierra-del-cuchillo\/"},"wordCount":560,"image":{"@id":"https:\/\/www.caudete.org\/ayuntamiento\/el-juzgado-admite-a-tramite-la-solicitud-del-ayuntamiento-por-la-expropiacion-de-terrenos-para-la-cantera-en-sierra-del-cuchillo\/#primaryimage"},"thumbnailUrl":"https:\/\/www.caudete.org\/ayuntamiento\/wp-content\/uploads\/2022\/02\/Tanit-Tres-WEB.jpg","articleSection":["Medio Ambiente"],"inLanguage":"es"},{"@type":"WebPage","@id":"https:\/\/www.caudete.org\/ayuntamiento\/el-juzgado-admite-a-tramite-la-solicitud-del-ayuntamiento-por-la-expropiacion-de-terrenos-para-la-cantera-en-sierra-del-cuchillo\/","url":"https:\/\/www.caudete.org\/ayuntamiento\/el-juzgado-admite-a-tramite-la-solicitud-del-ayuntamiento-por-la-expropiacion-de-terrenos-para-la-cantera-en-sierra-del-cuchillo\/","name":"El Juzgado admite a tr\u00e1mite la solicitud del Ayuntamiento por la expropiaci\u00f3n de terrenos para la cantera en Sierra del Cuchillo - MI Ayuntamiento de Caudete","isPartOf":{"@id":"https:\/\/www.caudete.org\/ayuntamiento\/#website"},"primaryImageOfPage":{"@id":"https:\/\/www.caudete.org\/ayuntamiento\/el-juzgado-admite-a-tramite-la-solicitud-del-ayuntamiento-por-la-expropiacion-de-terrenos-para-la-cantera-en-sierra-del-cuchillo\/#primaryimage"},"image":{"@id":"https:\/\/www.caudete.org\/ayuntamiento\/el-juzgado-admite-a-tramite-la-solicitud-del-ayuntamiento-por-la-expropiacion-de-terrenos-para-la-cantera-en-sierra-del-cuchillo\/#primaryimage"},"thumbnailUrl":"https:\/\/www.caudete.org\/ayuntamiento\/wp-content\/uploads\/2022\/02\/Tanit-Tres-WEB.jpg","datePublished":"2022-02-11T20:23:10+00:00","dateModified":"2022-02-11T20:27:22+00:00","author":{"@id":"https:\/\/www.caudete.org\/ayuntamiento\/#\/schema\/person\/cc646da9133078ee4d8dd47457947253"},"description":"P\u00e1gina Oficial del Ayuntamiento de Caudete (Albacete)","breadcrumb":{"@id":"https:\/\/www.caudete.org\/ayuntamiento\/el-juzgado-admite-a-tramite-la-solicitud-del-ayuntamiento-por-la-expropiacion-de-terrenos-para-la-cantera-en-sierra-del-cuchillo\/#breadcrumb"},"inLanguage":"es","potentialAction":[{"@type":"ReadAction","target":["https:\/\/www.caudete.org\/ayuntamiento\/el-juzgado-admite-a-tramite-la-solicitud-del-ayuntamiento-por-la-expropiacion-de-terrenos-para-la-cantera-en-sierra-del-cuchillo\/"]}]},{"@type":"ImageObject","inLanguage":"es","@id":"https:\/\/www.caudete.org\/ayuntamiento\/el-juzgado-admite-a-tramite-la-solicitud-del-ayuntamiento-por-la-expropiacion-de-terrenos-para-la-cantera-en-sierra-del-cuchillo\/#primaryimage","url":"https:\/\/www.caudete.org\/ayuntamiento\/wp-content\/uploads\/2022\/02\/Tanit-Tres-WEB.jpg","contentUrl":"https:\/\/www.caudete.org\/ayuntamiento\/wp-content\/uploads\/2022\/02\/Tanit-Tres-WEB.jpg","width":864,"height":380},{"@type":"BreadcrumbList","@id":"https:\/\/www.caudete.org\/ayuntamiento\/el-juzgado-admite-a-tramite-la-solicitud-del-ayuntamiento-por-la-expropiacion-de-terrenos-para-la-cantera-en-sierra-del-cuchillo\/#breadcrumb","itemListElement":[{"@type":"ListItem","position":1,"name":"Inicio","item":"https:\/\/www.caudete.org\/ayuntamiento\/"},{"@type":"ListItem","position":2,"name":"El Juzgado admite a tr\u00e1mite la solicitud del Ayuntamiento por la expropiaci\u00f3n de terrenos para la cantera en Sierra del Cuchillo"}]},{"@type":"WebSite","@id":"https:\/\/www.caudete.org\/ayuntamiento\/#website","url":"https:\/\/www.caudete.org\/ayuntamiento\/","name":"MI Ayuntamiento de Caudete","description":"P\u00e1gina Oficial del MI Ayuntamiento de Caudete","potentialAction":[{"@type":"SearchAction","target":{"@type":"EntryPoint","urlTemplate":"https:\/\/www.caudete.org\/ayuntamiento\/?s={search_term_string}"},"query-input":{"@type":"PropertyValueSpecification","valueRequired":true,"valueName":"search_term_string"}}],"inLanguage":"es"},{"@type":"Person","@id":"https:\/\/www.caudete.org\/ayuntamiento\/#\/schema\/person\/cc646da9133078ee4d8dd47457947253","name":"alcalde","image":{"@type":"ImageObject","inLanguage":"es","@id":"https:\/\/secure.gravatar.com\/avatar\/84a817ba065b29ff08d666b215a215f5c79186a645ccb25b14a663d48a130f77?s=96&d=mm&r=g","url":"https:\/\/secure.gravatar.com\/avatar\/84a817ba065b29ff08d666b215a215f5c79186a645ccb25b14a663d48a130f77?s=96&d=mm&r=g","contentUrl":"https:\/\/secure.gravatar.com\/avatar\/84a817ba065b29ff08d666b215a215f5c79186a645ccb25b14a663d48a130f77?s=96&d=mm&r=g","caption":"alcalde"},"url":"https:\/\/www.caudete.org\/ayuntamiento\/author\/alcalde\/"}]}},"_links":{"self":[{"href":"https:\/\/www.caudete.org\/ayuntamiento\/wp-json\/wp\/v2\/posts\/18169","targetHints":{"allow":["GET"]}}],"collection":[{"href":"https:\/\/www.caudete.org\/ayuntamiento\/wp-json\/wp\/v2\/posts"}],"about":[{"href":"https:\/\/www.caudete.org\/ayuntamiento\/wp-json\/wp\/v2\/types\/post"}],"author":[{"embeddable":true,"href":"https:\/\/www.caudete.org\/ayuntamiento\/wp-json\/wp\/v2\/users\/3"}],"replies":[{"embeddable":true,"href":"https:\/\/www.caudete.org\/ayuntamiento\/wp-json\/wp\/v2\/comments?post=18169"}],"version-history":[{"count":3,"href":"https:\/\/www.caudete.org\/ayuntamiento\/wp-json\/wp\/v2\/posts\/18169\/revisions"}],"predecessor-version":[{"id":18172,"href":"https:\/\/www.caudete.org\/ayuntamiento\/wp-json\/wp\/v2\/posts\/18169\/revisions\/18172"}],"wp:featuredmedia":[{"embeddable":true,"href":"https:\/\/www.caudete.org\/ayuntamiento\/wp-json\/wp\/v2\/media\/18101"}],"wp:attachment":[{"href":"https:\/\/www.caudete.org\/ayuntamiento\/wp-json\/wp\/v2\/media?parent=18169"}],"wp:term":[{"taxonomy":"category","embeddable":true,"href":"https:\/\/www.caudete.org\/ayuntamiento\/wp-json\/wp\/v2\/categories?post=18169"},{"taxonomy":"post_tag","embeddable":true,"href":"https:\/\/www.caudete.org\/ayuntamiento\/wp-json\/wp\/v2\/tags?post=18169"}],"curies":[{"name":"wp","href":"https:\/\/api.w.org\/{rel}","templated":true}]}}