{"id":18174,"date":"2022-02-14T08:39:14","date_gmt":"2022-02-14T07:39:14","guid":{"rendered":"https:\/\/www.caudete.org\/ayuntamiento\/?p=18174"},"modified":"2022-02-14T08:39:14","modified_gmt":"2022-02-14T07:39:14","slug":"nuevos-anclajes-para-contenedores-con-sistema-magnetico","status":"publish","type":"post","link":"https:\/\/www.caudete.org\/ayuntamiento\/nuevos-anclajes-para-contenedores-con-sistema-magnetico\/","title":{"rendered":"Nuevos anclajes para contenedores con sistema magn\u00e9tico"},"content":{"rendered":"<p style=\"text-align: justify;\"><span style=\"font-weight: 400;\">En junio de 2021 el Ayuntamiento realiz\u00f3 un piloto instalando un nuevo sistema de anclaje MAGNUT para los contenedores de residuos urbanos, de aplicaci\u00f3n para los contenedores &#8220;RESTOS&#8221; y &#8220;ORGANICO&#8221;. As\u00ed lo recordaba Joaqu\u00edn Pag\u00e1n, Concejal de Servicios especificando que el lugar entonces elegido fue la Plaza Jos\u00e9 Ruiz Ruiz , junto a los nuevos contenedores soterrados y en la Calle Alcalde Luis Pascual, tambi\u00e9n junto a los contenedores soterrados.<\/span><\/p>\n<p style=\"text-align: justify;\"><span style=\"font-weight: 400;\">El sistema es robusto y sencillo, desarrollado por la empresa MAGNUT (ubicada en Villena), empresa dedicada a innovaciones urbanas y que ha creado este novedoso sistema de sujeci\u00f3n de contenedores de residuos urbanos. Un sistema eficaz, que pasa desapercibido y que evita accidentes producidos por desplazamientos indeseados, seguro para viandantes y sencillo para el personal del servicio de recogida y limpieza.<\/span><\/p>\n<p style=\"text-align: justify;\"><span style=\"font-weight: 400;\">Se basa en unos potentes imanes instalados en el soporte tubular y en una doble chapa instalada en el contenedor. De esta forma el contenedor permanece sujeto por el efecto de los imanes, siendo la\u00a0<\/span><span style=\"font-weight: 400;\">mec\u00e1nica de separaci\u00f3n del contenedor de su ubicaci\u00f3n y su regreso al mismo es muy sencilla.<\/span><\/p>\n<p style=\"text-align: justify;\"><span style=\"font-weight: 400;\">\u00a0<\/span><span style=\"font-weight: 400;\">Satisfechos con el resultado de estas primeras instalaciones, este a\u00f1o hemos acometido la instalaci\u00f3n de 17 nuevos anclajes MAGNUT en diferentes ubicaciones de la poblaci\u00f3n. Las ubicaciones seleccionadas para las instalaciones de anclajes son las m\u00e1s expuestas a los vientos que puedan desplazar o volcar los contenedores.<\/span><\/p>\n<table style=\"width: 30.9442%;\">\n<tbody>\n<tr>\n<td style=\"width: 10.0358%;\"><span style=\"font-weight: 400;\">1<\/span><\/td>\n<td style=\"width: 116.443%;\"><span style=\"font-weight: 400;\"> en C\/ Isaac Peral<\/span><\/td>\n<\/tr>\n<tr>\n<td style=\"width: 10.0358%;\"><span style=\"font-weight: 400;\">2<\/span><\/td>\n<td style=\"width: 116.443%;\"><span style=\"font-weight: 400;\"> en C\/El Molino<\/span><\/td>\n<\/tr>\n<tr>\n<td style=\"width: 10.0358%;\"><span style=\"font-weight: 400;\">2<\/span><\/td>\n<td style=\"width: 116.443%;\"><span style=\"font-weight: 400;\"> en Avenida Atleta Antonio Amor\u00f3s<\/span><\/td>\n<\/tr>\n<tr>\n<td style=\"width: 10.0358%;\"><span style=\"font-weight: 400;\">1<\/span><\/td>\n<td style=\"width: 116.443%;\"><span style=\"font-weight: 400;\">en Plaza aleda\u00f1a a C\/ San Luis<\/span><\/td>\n<\/tr>\n<tr>\n<td style=\"width: 10.0358%;\"><span style=\"font-weight: 400;\">2<\/span><\/td>\n<td style=\"width: 116.443%;\"><span style=\"font-weight: 400;\"> en C\/San Jaime<\/span><\/td>\n<\/tr>\n<tr>\n<td style=\"width: 10.0358%;\"><span style=\"font-weight: 400;\">1<\/span><\/td>\n<td style=\"width: 116.443%;\"><span style=\"font-weight: 400;\">en C\/San Joaqu\u00edn, cruce con C\/ El Calvario<\/span><\/td>\n<\/tr>\n<tr>\n<td style=\"width: 10.0358%;\"><span style=\"font-weight: 400;\">1<\/span><\/td>\n<td style=\"width: 116.443%;\"><span style=\"font-weight: 400;\">en C\/San Joaqu\u00edn 26<\/span><\/td>\n<\/tr>\n<tr>\n<td style=\"width: 10.0358%;\"><span style=\"font-weight: 400;\">2<\/span><\/td>\n<td style=\"width: 116.443%;\"><span style=\"font-weight: 400;\">en C\/Alfonso el Sabio<\/span><\/td>\n<\/tr>\n<tr>\n<td style=\"width: 10.0358%;\"><span style=\"font-weight: 400;\">2<\/span><\/td>\n<td style=\"width: 116.443%;\"><span style=\"font-weight: 400;\">en C\/Poeta Evaristo Ba\u00f1\u00f3n<\/span><\/td>\n<\/tr>\n<tr>\n<td style=\"width: 10.0358%;\"><span style=\"font-weight: 400;\">1<\/span><\/td>\n<td style=\"width: 116.443%;\"><span style=\"font-weight: 400;\">en Avenida de Valencia 169<\/span><\/td>\n<\/tr>\n<tr>\n<td style=\"width: 10.0358%;\"><span style=\"font-weight: 400;\">2<\/span><\/td>\n<td style=\"width: 116.443%;\"><span style=\"font-weight: 400;\">en C\/Santa Barbara<\/span><\/td>\n<\/tr>\n<\/tbody>\n<\/table>\n","protected":false},"excerpt":{"rendered":"<p>En junio de 2021 el Ayuntamiento realiz\u00f3 un piloto instalando un nuevo sistema de anclaje MAGNUT para los contenedores de residuos urbanos, de aplicaci\u00f3n para los contenedores &#8220;RESTOS&#8221; y &#8220;ORGANICO&#8221;. As\u00ed lo recordaba Joaqu\u00edn Pag\u00e1n, Concejal de Servicios especificando que el lugar entonces elegido fue la Plaza Jos\u00e9 Ruiz Ruiz , junto a los nuevos &hellip;<\/p>\n","protected":false},"author":3,"featured_media":18175,"comment_status":"closed","ping_status":"open","sticky":false,"template":"","format":"standard","meta":{"ngg_post_thumbnail":0,"footnotes":""},"categories":[270],"tags":[],"class_list":["post-18174","post","type-post","status-publish","format-standard","has-post-thumbnail","hentry","category-servicios"],"yoast_head":"<!-- This site is optimized with the Yoast SEO plugin v27.5 - https:\/\/yoast.com\/product\/yoast-seo-wordpress\/ -->\n<title>Nuevos anclajes para contenedores con sistema magn\u00e9tico - MI Ayuntamiento de Caudete<\/title>\n<meta name=\"description\" content=\"P\u00e1gina Oficial del Ayuntamiento de Caudete (Albacete)\" \/>\n<meta name=\"robots\" content=\"index, follow, max-snippet:-1, max-image-preview:large, max-video-preview:-1\" \/>\n<link rel=\"canonical\" href=\"https:\/\/www.caudete.org\/ayuntamiento\/nuevos-anclajes-para-contenedores-con-sistema-magnetico\/\" \/>\n<meta property=\"og:locale\" content=\"es_ES\" \/>\n<meta property=\"og:type\" content=\"article\" \/>\n<meta property=\"og:title\" content=\"Nuevos anclajes para contenedores con sistema magn\u00e9tico - MI Ayuntamiento de Caudete\" \/>\n<meta property=\"og:description\" content=\"P\u00e1gina Oficial del Ayuntamiento de Caudete (Albacete)\" \/>\n<meta property=\"og:url\" content=\"https:\/\/www.caudete.org\/ayuntamiento\/nuevos-anclajes-para-contenedores-con-sistema-magnetico\/\" \/>\n<meta property=\"og:site_name\" content=\"MI Ayuntamiento de Caudete\" \/>\n<meta property=\"article:publisher\" content=\"https:\/\/www.facebook.com\/ayuntamientocaudete\/\" \/>\n<meta property=\"article:published_time\" content=\"2022-02-14T07:39:14+00:00\" \/>\n<meta property=\"og:image\" content=\"https:\/\/www.caudete.org\/ayuntamiento\/wp-content\/uploads\/2022\/02\/WhatsApp-Image-2022-02-13-at-08.52.48.jpeg\" \/>\n\t<meta property=\"og:image:width\" content=\"2048\" \/>\n\t<meta property=\"og:image:height\" content=\"1536\" \/>\n\t<meta property=\"og:image:type\" content=\"image\/jpeg\" \/>\n<meta name=\"author\" content=\"alcalde\" \/>\n<meta name=\"twitter:card\" content=\"summary_large_image\" \/>\n<meta name=\"twitter:label1\" content=\"Escrito por\" \/>\n\t<meta name=\"twitter:data1\" content=\"alcalde\" \/>\n\t<meta name=\"twitter:label2\" content=\"Tiempo de lectura\" \/>\n\t<meta name=\"twitter:data2\" content=\"2 minutos\" \/>\n<script type=\"application\/ld+json\" class=\"yoast-schema-graph\">{\"@context\":\"https:\\\/\\\/schema.org\",\"@graph\":[{\"@type\":\"Article\",\"@id\":\"https:\\\/\\\/www.caudete.org\\\/ayuntamiento\\\/nuevos-anclajes-para-contenedores-con-sistema-magnetico\\\/#article\",\"isPartOf\":{\"@id\":\"https:\\\/\\\/www.caudete.org\\\/ayuntamiento\\\/nuevos-anclajes-para-contenedores-con-sistema-magnetico\\\/\"},\"author\":{\"name\":\"alcalde\",\"@id\":\"https:\\\/\\\/www.caudete.org\\\/ayuntamiento\\\/#\\\/schema\\\/person\\\/cc646da9133078ee4d8dd47457947253\"},\"headline\":\"Nuevos anclajes para contenedores con sistema magn\u00e9tico\",\"datePublished\":\"2022-02-14T07:39:14+00:00\",\"mainEntityOfPage\":{\"@id\":\"https:\\\/\\\/www.caudete.org\\\/ayuntamiento\\\/nuevos-anclajes-para-contenedores-con-sistema-magnetico\\\/\"},\"wordCount\":306,\"publisher\":{\"@id\":\"https:\\\/\\\/www.caudete.org\\\/ayuntamiento\\\/#organization\"},\"image\":{\"@id\":\"https:\\\/\\\/www.caudete.org\\\/ayuntamiento\\\/nuevos-anclajes-para-contenedores-con-sistema-magnetico\\\/#primaryimage\"},\"thumbnailUrl\":\"https:\\\/\\\/www.caudete.org\\\/ayuntamiento\\\/wp-content\\\/uploads\\\/2022\\\/02\\\/WhatsApp-Image-2022-02-13-at-08.52.48.jpeg\",\"articleSection\":[\"Servicios\"],\"inLanguage\":\"es\"},{\"@type\":\"WebPage\",\"@id\":\"https:\\\/\\\/www.caudete.org\\\/ayuntamiento\\\/nuevos-anclajes-para-contenedores-con-sistema-magnetico\\\/\",\"url\":\"https:\\\/\\\/www.caudete.org\\\/ayuntamiento\\\/nuevos-anclajes-para-contenedores-con-sistema-magnetico\\\/\",\"name\":\"Nuevos anclajes para contenedores con sistema magn\u00e9tico - MI Ayuntamiento de Caudete\",\"isPartOf\":{\"@id\":\"https:\\\/\\\/www.caudete.org\\\/ayuntamiento\\\/#website\"},\"primaryImageOfPage\":{\"@id\":\"https:\\\/\\\/www.caudete.org\\\/ayuntamiento\\\/nuevos-anclajes-para-contenedores-con-sistema-magnetico\\\/#primaryimage\"},\"image\":{\"@id\":\"https:\\\/\\\/www.caudete.org\\\/ayuntamiento\\\/nuevos-anclajes-para-contenedores-con-sistema-magnetico\\\/#primaryimage\"},\"thumbnailUrl\":\"https:\\\/\\\/www.caudete.org\\\/ayuntamiento\\\/wp-content\\\/uploads\\\/2022\\\/02\\\/WhatsApp-Image-2022-02-13-at-08.52.48.jpeg\",\"datePublished\":\"2022-02-14T07:39:14+00:00\",\"description\":\"P\u00e1gina Oficial del Ayuntamiento de Caudete (Albacete)\",\"breadcrumb\":{\"@id\":\"https:\\\/\\\/www.caudete.org\\\/ayuntamiento\\\/nuevos-anclajes-para-contenedores-con-sistema-magnetico\\\/#breadcrumb\"},\"inLanguage\":\"es\",\"potentialAction\":[{\"@type\":\"ReadAction\",\"target\":[\"https:\\\/\\\/www.caudete.org\\\/ayuntamiento\\\/nuevos-anclajes-para-contenedores-con-sistema-magnetico\\\/\"]}]},{\"@type\":\"ImageObject\",\"inLanguage\":\"es\",\"@id\":\"https:\\\/\\\/www.caudete.org\\\/ayuntamiento\\\/nuevos-anclajes-para-contenedores-con-sistema-magnetico\\\/#primaryimage\",\"url\":\"https:\\\/\\\/www.caudete.org\\\/ayuntamiento\\\/wp-content\\\/uploads\\\/2022\\\/02\\\/WhatsApp-Image-2022-02-13-at-08.52.48.jpeg\",\"contentUrl\":\"https:\\\/\\\/www.caudete.org\\\/ayuntamiento\\\/wp-content\\\/uploads\\\/2022\\\/02\\\/WhatsApp-Image-2022-02-13-at-08.52.48.jpeg\",\"width\":2048,\"height\":1536},{\"@type\":\"BreadcrumbList\",\"@id\":\"https:\\\/\\\/www.caudete.org\\\/ayuntamiento\\\/nuevos-anclajes-para-contenedores-con-sistema-magnetico\\\/#breadcrumb\",\"itemListElement\":[{\"@type\":\"ListItem\",\"position\":1,\"name\":\"Inicio\",\"item\":\"https:\\\/\\\/www.caudete.org\\\/ayuntamiento\\\/\"},{\"@type\":\"ListItem\",\"position\":2,\"name\":\"Nuevos anclajes para contenedores con sistema magn\u00e9tico\"}]},{\"@type\":\"WebSite\",\"@id\":\"https:\\\/\\\/www.caudete.org\\\/ayuntamiento\\\/#website\",\"url\":\"https:\\\/\\\/www.caudete.org\\\/ayuntamiento\\\/\",\"name\":\"MI Ayuntamiento de Caudete\",\"description\":\"P\u00e1gina Oficial del MI Ayuntamiento de Caudete\",\"publisher\":{\"@id\":\"https:\\\/\\\/www.caudete.org\\\/ayuntamiento\\\/#organization\"},\"potentialAction\":[{\"@type\":\"SearchAction\",\"target\":{\"@type\":\"EntryPoint\",\"urlTemplate\":\"https:\\\/\\\/www.caudete.org\\\/ayuntamiento\\\/?s={search_term_string}\"},\"query-input\":{\"@type\":\"PropertyValueSpecification\",\"valueRequired\":true,\"valueName\":\"search_term_string\"}}],\"inLanguage\":\"es\"},{\"@type\":\"Organization\",\"@id\":\"https:\\\/\\\/www.caudete.org\\\/ayuntamiento\\\/#organization\",\"name\":\"Ayuntamiento de Caudete\",\"url\":\"https:\\\/\\\/www.caudete.org\\\/ayuntamiento\\\/\",\"logo\":{\"@type\":\"ImageObject\",\"inLanguage\":\"es\",\"@id\":\"https:\\\/\\\/www.caudete.org\\\/ayuntamiento\\\/#\\\/schema\\\/logo\\\/image\\\/\",\"url\":\"https:\\\/\\\/www.caudete.org\\\/ayuntamiento\\\/wp-content\\\/uploads\\\/2020\\\/11\\\/logo_ayuntamiento_caudete.jpg\",\"contentUrl\":\"https:\\\/\\\/www.caudete.org\\\/ayuntamiento\\\/wp-content\\\/uploads\\\/2020\\\/11\\\/logo_ayuntamiento_caudete.jpg\",\"width\":600,\"height\":150,\"caption\":\"Ayuntamiento de Caudete\"},\"image\":{\"@id\":\"https:\\\/\\\/www.caudete.org\\\/ayuntamiento\\\/#\\\/schema\\\/logo\\\/image\\\/\"},\"sameAs\":[\"https:\\\/\\\/www.facebook.com\\\/ayuntamientocaudete\\\/\",\"https:\\\/\\\/www.youtube.com\\\/channel\\\/UC6VztHaooNsGpw-tNoBEFnQ\"]},{\"@type\":\"Person\",\"@id\":\"https:\\\/\\\/www.caudete.org\\\/ayuntamiento\\\/#\\\/schema\\\/person\\\/cc646da9133078ee4d8dd47457947253\",\"name\":\"alcalde\",\"image\":{\"@type\":\"ImageObject\",\"inLanguage\":\"es\",\"@id\":\"https:\\\/\\\/secure.gravatar.com\\\/avatar\\\/84a817ba065b29ff08d666b215a215f5c79186a645ccb25b14a663d48a130f77?s=96&d=mm&r=g\",\"url\":\"https:\\\/\\\/secure.gravatar.com\\\/avatar\\\/84a817ba065b29ff08d666b215a215f5c79186a645ccb25b14a663d48a130f77?s=96&d=mm&r=g\",\"contentUrl\":\"https:\\\/\\\/secure.gravatar.com\\\/avatar\\\/84a817ba065b29ff08d666b215a215f5c79186a645ccb25b14a663d48a130f77?s=96&d=mm&r=g\",\"caption\":\"alcalde\"},\"url\":\"https:\\\/\\\/www.caudete.org\\\/ayuntamiento\\\/author\\\/alcalde\\\/\"}]}<\/script>\n<!-- \/ Yoast SEO plugin. -->","yoast_head_json":{"title":"Nuevos anclajes para contenedores con sistema magn\u00e9tico - MI Ayuntamiento de Caudete","description":"P\u00e1gina Oficial del Ayuntamiento de Caudete (Albacete)","robots":{"index":"index","follow":"follow","max-snippet":"max-snippet:-1","max-image-preview":"max-image-preview:large","max-video-preview":"max-video-preview:-1"},"canonical":"https:\/\/www.caudete.org\/ayuntamiento\/nuevos-anclajes-para-contenedores-con-sistema-magnetico\/","og_locale":"es_ES","og_type":"article","og_title":"Nuevos anclajes para contenedores con sistema magn\u00e9tico - MI Ayuntamiento de Caudete","og_description":"P\u00e1gina Oficial del Ayuntamiento de Caudete (Albacete)","og_url":"https:\/\/www.caudete.org\/ayuntamiento\/nuevos-anclajes-para-contenedores-con-sistema-magnetico\/","og_site_name":"MI Ayuntamiento de Caudete","article_publisher":"https:\/\/www.facebook.com\/ayuntamientocaudete\/","article_published_time":"2022-02-14T07:39:14+00:00","og_image":[{"width":2048,"height":1536,"url":"https:\/\/www.caudete.org\/ayuntamiento\/wp-content\/uploads\/2022\/02\/WhatsApp-Image-2022-02-13-at-08.52.48.jpeg","type":"image\/jpeg"}],"author":"alcalde","twitter_card":"summary_large_image","twitter_misc":{"Escrito por":"alcalde","Tiempo de lectura":"2 minutos"},"schema":{"@context":"https:\/\/schema.org","@graph":[{"@type":"Article","@id":"https:\/\/www.caudete.org\/ayuntamiento\/nuevos-anclajes-para-contenedores-con-sistema-magnetico\/#article","isPartOf":{"@id":"https:\/\/www.caudete.org\/ayuntamiento\/nuevos-anclajes-para-contenedores-con-sistema-magnetico\/"},"author":{"name":"alcalde","@id":"https:\/\/www.caudete.org\/ayuntamiento\/#\/schema\/person\/cc646da9133078ee4d8dd47457947253"},"headline":"Nuevos anclajes para contenedores con sistema magn\u00e9tico","datePublished":"2022-02-14T07:39:14+00:00","mainEntityOfPage":{"@id":"https:\/\/www.caudete.org\/ayuntamiento\/nuevos-anclajes-para-contenedores-con-sistema-magnetico\/"},"wordCount":306,"publisher":{"@id":"https:\/\/www.caudete.org\/ayuntamiento\/#organization"},"image":{"@id":"https:\/\/www.caudete.org\/ayuntamiento\/nuevos-anclajes-para-contenedores-con-sistema-magnetico\/#primaryimage"},"thumbnailUrl":"https:\/\/www.caudete.org\/ayuntamiento\/wp-content\/uploads\/2022\/02\/WhatsApp-Image-2022-02-13-at-08.52.48.jpeg","articleSection":["Servicios"],"inLanguage":"es"},{"@type":"WebPage","@id":"https:\/\/www.caudete.org\/ayuntamiento\/nuevos-anclajes-para-contenedores-con-sistema-magnetico\/","url":"https:\/\/www.caudete.org\/ayuntamiento\/nuevos-anclajes-para-contenedores-con-sistema-magnetico\/","name":"Nuevos anclajes para contenedores con sistema magn\u00e9tico - MI Ayuntamiento de Caudete","isPartOf":{"@id":"https:\/\/www.caudete.org\/ayuntamiento\/#website"},"primaryImageOfPage":{"@id":"https:\/\/www.caudete.org\/ayuntamiento\/nuevos-anclajes-para-contenedores-con-sistema-magnetico\/#primaryimage"},"image":{"@id":"https:\/\/www.caudete.org\/ayuntamiento\/nuevos-anclajes-para-contenedores-con-sistema-magnetico\/#primaryimage"},"thumbnailUrl":"https:\/\/www.caudete.org\/ayuntamiento\/wp-content\/uploads\/2022\/02\/WhatsApp-Image-2022-02-13-at-08.52.48.jpeg","datePublished":"2022-02-14T07:39:14+00:00","description":"P\u00e1gina Oficial del Ayuntamiento de Caudete (Albacete)","breadcrumb":{"@id":"https:\/\/www.caudete.org\/ayuntamiento\/nuevos-anclajes-para-contenedores-con-sistema-magnetico\/#breadcrumb"},"inLanguage":"es","potentialAction":[{"@type":"ReadAction","target":["https:\/\/www.caudete.org\/ayuntamiento\/nuevos-anclajes-para-contenedores-con-sistema-magnetico\/"]}]},{"@type":"ImageObject","inLanguage":"es","@id":"https:\/\/www.caudete.org\/ayuntamiento\/nuevos-anclajes-para-contenedores-con-sistema-magnetico\/#primaryimage","url":"https:\/\/www.caudete.org\/ayuntamiento\/wp-content\/uploads\/2022\/02\/WhatsApp-Image-2022-02-13-at-08.52.48.jpeg","contentUrl":"https:\/\/www.caudete.org\/ayuntamiento\/wp-content\/uploads\/2022\/02\/WhatsApp-Image-2022-02-13-at-08.52.48.jpeg","width":2048,"height":1536},{"@type":"BreadcrumbList","@id":"https:\/\/www.caudete.org\/ayuntamiento\/nuevos-anclajes-para-contenedores-con-sistema-magnetico\/#breadcrumb","itemListElement":[{"@type":"ListItem","position":1,"name":"Inicio","item":"https:\/\/www.caudete.org\/ayuntamiento\/"},{"@type":"ListItem","position":2,"name":"Nuevos anclajes para contenedores con sistema magn\u00e9tico"}]},{"@type":"WebSite","@id":"https:\/\/www.caudete.org\/ayuntamiento\/#website","url":"https:\/\/www.caudete.org\/ayuntamiento\/","name":"MI Ayuntamiento de Caudete","description":"P\u00e1gina Oficial del MI Ayuntamiento de Caudete","publisher":{"@id":"https:\/\/www.caudete.org\/ayuntamiento\/#organization"},"potentialAction":[{"@type":"SearchAction","target":{"@type":"EntryPoint","urlTemplate":"https:\/\/www.caudete.org\/ayuntamiento\/?s={search_term_string}"},"query-input":{"@type":"PropertyValueSpecification","valueRequired":true,"valueName":"search_term_string"}}],"inLanguage":"es"},{"@type":"Organization","@id":"https:\/\/www.caudete.org\/ayuntamiento\/#organization","name":"Ayuntamiento de Caudete","url":"https:\/\/www.caudete.org\/ayuntamiento\/","logo":{"@type":"ImageObject","inLanguage":"es","@id":"https:\/\/www.caudete.org\/ayuntamiento\/#\/schema\/logo\/image\/","url":"https:\/\/www.caudete.org\/ayuntamiento\/wp-content\/uploads\/2020\/11\/logo_ayuntamiento_caudete.jpg","contentUrl":"https:\/\/www.caudete.org\/ayuntamiento\/wp-content\/uploads\/2020\/11\/logo_ayuntamiento_caudete.jpg","width":600,"height":150,"caption":"Ayuntamiento de Caudete"},"image":{"@id":"https:\/\/www.caudete.org\/ayuntamiento\/#\/schema\/logo\/image\/"},"sameAs":["https:\/\/www.facebook.com\/ayuntamientocaudete\/","https:\/\/www.youtube.com\/channel\/UC6VztHaooNsGpw-tNoBEFnQ"]},{"@type":"Person","@id":"https:\/\/www.caudete.org\/ayuntamiento\/#\/schema\/person\/cc646da9133078ee4d8dd47457947253","name":"alcalde","image":{"@type":"ImageObject","inLanguage":"es","@id":"https:\/\/secure.gravatar.com\/avatar\/84a817ba065b29ff08d666b215a215f5c79186a645ccb25b14a663d48a130f77?s=96&d=mm&r=g","url":"https:\/\/secure.gravatar.com\/avatar\/84a817ba065b29ff08d666b215a215f5c79186a645ccb25b14a663d48a130f77?s=96&d=mm&r=g","contentUrl":"https:\/\/secure.gravatar.com\/avatar\/84a817ba065b29ff08d666b215a215f5c79186a645ccb25b14a663d48a130f77?s=96&d=mm&r=g","caption":"alcalde"},"url":"https:\/\/www.caudete.org\/ayuntamiento\/author\/alcalde\/"}]}},"_links":{"self":[{"href":"https:\/\/www.caudete.org\/ayuntamiento\/wp-json\/wp\/v2\/posts\/18174","targetHints":{"allow":["GET"]}}],"collection":[{"href":"https:\/\/www.caudete.org\/ayuntamiento\/wp-json\/wp\/v2\/posts"}],"about":[{"href":"https:\/\/www.caudete.org\/ayuntamiento\/wp-json\/wp\/v2\/types\/post"}],"author":[{"embeddable":true,"href":"https:\/\/www.caudete.org\/ayuntamiento\/wp-json\/wp\/v2\/users\/3"}],"replies":[{"embeddable":true,"href":"https:\/\/www.caudete.org\/ayuntamiento\/wp-json\/wp\/v2\/comments?post=18174"}],"version-history":[{"count":1,"href":"https:\/\/www.caudete.org\/ayuntamiento\/wp-json\/wp\/v2\/posts\/18174\/revisions"}],"predecessor-version":[{"id":18176,"href":"https:\/\/www.caudete.org\/ayuntamiento\/wp-json\/wp\/v2\/posts\/18174\/revisions\/18176"}],"wp:featuredmedia":[{"embeddable":true,"href":"https:\/\/www.caudete.org\/ayuntamiento\/wp-json\/wp\/v2\/media\/18175"}],"wp:attachment":[{"href":"https:\/\/www.caudete.org\/ayuntamiento\/wp-json\/wp\/v2\/media?parent=18174"}],"wp:term":[{"taxonomy":"category","embeddable":true,"href":"https:\/\/www.caudete.org\/ayuntamiento\/wp-json\/wp\/v2\/categories?post=18174"},{"taxonomy":"post_tag","embeddable":true,"href":"https:\/\/www.caudete.org\/ayuntamiento\/wp-json\/wp\/v2\/tags?post=18174"}],"curies":[{"name":"wp","href":"https:\/\/api.w.org\/{rel}","templated":true}]}}