{"id":18189,"date":"2022-02-15T08:30:30","date_gmt":"2022-02-15T07:30:30","guid":{"rendered":"https:\/\/www.caudete.org\/ayuntamiento\/?p=18189"},"modified":"2022-02-15T00:46:09","modified_gmt":"2022-02-14T23:46:09","slug":"un-tramo-del-camino-de-la-encina-es-ensanchado-en-1-metro","status":"publish","type":"post","link":"https:\/\/www.caudete.org\/ayuntamiento\/un-tramo-del-camino-de-la-encina-es-ensanchado-en-1-metro\/","title":{"rendered":"Un tramo del Camino de LA ENCINA es ensanchado en 1 metro"},"content":{"rendered":"<p style=\"text-align: justify;\">En la ma\u00f1ana de ayer, se procedi\u00f3 a la actuaci\u00f3n con aglomerado asf\u00e1ltico sobre el Camino de La Encina, de titularidad municipal. As\u00ed lo ha explicado en los medios el Concejal de Movilidad Urbana Joaqu\u00edn Pag\u00e1n, encargado del Plan de Asfaltado que se recoge en el Plan de Mejoras Urbanas.<\/p>\n<p style=\"text-align: justify;\">Hace 1 a\u00f1o, un tramo de 450 metros fue renovado en su totalidad gracias a una subvenci\u00f3n recibida de la Diputaci\u00f3n, dejando el tr\u00e1nsito de veh\u00edculos libre de discontinuidades sobre el pavimento.<\/p>\n<p style=\"text-align: justify;\">En esta ocasi\u00f3n, se ha actuado en unos 300 metros lineales en la zona de la Finca &#8220;El Derramador&#8221;, ensanchando el camino en 1 metro, en una zona donde el firme aunaba estrechez, desgranado de los bordes y reducida visibilidad de la v\u00eda ante la existencia de vallado y una curva en el trazado del camino.<\/p>\n<p style=\"text-align: justify;\">Tras ello, el Concejal ya adelantaba que sobre esta citada v\u00eda se van a delimitar las zonas que requieren de una actuaci\u00f3n similar, de cara a poder ser programadas en pr\u00f3ximas inversiones, con el fin de mejorar una v\u00eda que es altamente utilizada por los caudetanos, adem\u00e1s de estudiar aquellos elementos de se\u00f1alizaci\u00f3n o reductores de velocidad que se requieran para una mayor seguridad.<\/p>\n","protected":false},"excerpt":{"rendered":"<p>En la ma\u00f1ana de ayer, se procedi\u00f3 a la actuaci\u00f3n con aglomerado asf\u00e1ltico sobre el Camino de La Encina, de titularidad municipal. As\u00ed lo ha explicado en los medios el Concejal de Movilidad Urbana Joaqu\u00edn Pag\u00e1n, encargado del Plan de Asfaltado que se recoge en el Plan de Mejoras Urbanas. Hace 1 a\u00f1o, un tramo &hellip;<\/p>\n","protected":false},"author":3,"featured_media":18190,"comment_status":"closed","ping_status":"open","sticky":false,"template":"","format":"standard","meta":{"ngg_post_thumbnail":0,"footnotes":""},"categories":[46],"tags":[],"class_list":["post-18189","post","type-post","status-publish","format-standard","has-post-thumbnail","hentry","category-movilidad-urbana"],"yoast_head":"<!-- This site is optimized with the Yoast SEO plugin v27.5 - https:\/\/yoast.com\/product\/yoast-seo-wordpress\/ -->\n<title>Un tramo del Camino de LA ENCINA es ensanchado en 1 metro - MI Ayuntamiento de Caudete<\/title>\n<meta name=\"description\" content=\"P\u00e1gina Oficial del Ayuntamiento de Caudete (Albacete)\" \/>\n<meta name=\"robots\" content=\"index, follow, max-snippet:-1, max-image-preview:large, max-video-preview:-1\" \/>\n<link rel=\"canonical\" href=\"https:\/\/www.caudete.org\/ayuntamiento\/un-tramo-del-camino-de-la-encina-es-ensanchado-en-1-metro\/\" \/>\n<meta property=\"og:locale\" content=\"es_ES\" \/>\n<meta property=\"og:type\" content=\"article\" \/>\n<meta property=\"og:title\" content=\"Un tramo del Camino de LA ENCINA es ensanchado en 1 metro - MI Ayuntamiento de Caudete\" \/>\n<meta property=\"og:description\" content=\"P\u00e1gina Oficial del Ayuntamiento de Caudete (Albacete)\" \/>\n<meta property=\"og:url\" content=\"https:\/\/www.caudete.org\/ayuntamiento\/un-tramo-del-camino-de-la-encina-es-ensanchado-en-1-metro\/\" \/>\n<meta property=\"og:site_name\" content=\"MI Ayuntamiento de Caudete\" \/>\n<meta property=\"article:publisher\" content=\"https:\/\/www.facebook.com\/ayuntamientocaudete\/\" \/>\n<meta property=\"article:published_time\" content=\"2022-02-15T07:30:30+00:00\" \/>\n<meta property=\"og:image\" content=\"https:\/\/www.caudete.org\/ayuntamiento\/wp-content\/uploads\/2022\/02\/WhatsApp-Image-2022-02-14-at-23.19.38.jpeg\" \/>\n\t<meta property=\"og:image:width\" content=\"1600\" \/>\n\t<meta property=\"og:image:height\" content=\"1200\" \/>\n\t<meta property=\"og:image:type\" content=\"image\/jpeg\" \/>\n<meta name=\"author\" content=\"alcalde\" \/>\n<meta name=\"twitter:card\" content=\"summary_large_image\" \/>\n<meta name=\"twitter:label1\" content=\"Escrito por\" \/>\n\t<meta name=\"twitter:data1\" content=\"alcalde\" \/>\n\t<meta name=\"twitter:label2\" content=\"Tiempo de lectura\" \/>\n\t<meta name=\"twitter:data2\" content=\"1 minuto\" \/>\n<script type=\"application\/ld+json\" class=\"yoast-schema-graph\">{\"@context\":\"https:\\\/\\\/schema.org\",\"@graph\":[{\"@type\":\"Article\",\"@id\":\"https:\\\/\\\/www.caudete.org\\\/ayuntamiento\\\/un-tramo-del-camino-de-la-encina-es-ensanchado-en-1-metro\\\/#article\",\"isPartOf\":{\"@id\":\"https:\\\/\\\/www.caudete.org\\\/ayuntamiento\\\/un-tramo-del-camino-de-la-encina-es-ensanchado-en-1-metro\\\/\"},\"author\":{\"name\":\"alcalde\",\"@id\":\"https:\\\/\\\/www.caudete.org\\\/ayuntamiento\\\/#\\\/schema\\\/person\\\/cc646da9133078ee4d8dd47457947253\"},\"headline\":\"Un tramo del Camino de LA ENCINA es ensanchado en 1 metro\",\"datePublished\":\"2022-02-15T07:30:30+00:00\",\"mainEntityOfPage\":{\"@id\":\"https:\\\/\\\/www.caudete.org\\\/ayuntamiento\\\/un-tramo-del-camino-de-la-encina-es-ensanchado-en-1-metro\\\/\"},\"wordCount\":228,\"image\":{\"@id\":\"https:\\\/\\\/www.caudete.org\\\/ayuntamiento\\\/un-tramo-del-camino-de-la-encina-es-ensanchado-en-1-metro\\\/#primaryimage\"},\"thumbnailUrl\":\"https:\\\/\\\/www.caudete.org\\\/ayuntamiento\\\/wp-content\\\/uploads\\\/2022\\\/02\\\/WhatsApp-Image-2022-02-14-at-23.19.38.jpeg\",\"articleSection\":[\"Movilidad Urbana\"],\"inLanguage\":\"es\"},{\"@type\":\"WebPage\",\"@id\":\"https:\\\/\\\/www.caudete.org\\\/ayuntamiento\\\/un-tramo-del-camino-de-la-encina-es-ensanchado-en-1-metro\\\/\",\"url\":\"https:\\\/\\\/www.caudete.org\\\/ayuntamiento\\\/un-tramo-del-camino-de-la-encina-es-ensanchado-en-1-metro\\\/\",\"name\":\"Un tramo del Camino de LA ENCINA es ensanchado en 1 metro - MI Ayuntamiento de Caudete\",\"isPartOf\":{\"@id\":\"https:\\\/\\\/www.caudete.org\\\/ayuntamiento\\\/#website\"},\"primaryImageOfPage\":{\"@id\":\"https:\\\/\\\/www.caudete.org\\\/ayuntamiento\\\/un-tramo-del-camino-de-la-encina-es-ensanchado-en-1-metro\\\/#primaryimage\"},\"image\":{\"@id\":\"https:\\\/\\\/www.caudete.org\\\/ayuntamiento\\\/un-tramo-del-camino-de-la-encina-es-ensanchado-en-1-metro\\\/#primaryimage\"},\"thumbnailUrl\":\"https:\\\/\\\/www.caudete.org\\\/ayuntamiento\\\/wp-content\\\/uploads\\\/2022\\\/02\\\/WhatsApp-Image-2022-02-14-at-23.19.38.jpeg\",\"datePublished\":\"2022-02-15T07:30:30+00:00\",\"author\":{\"@id\":\"https:\\\/\\\/www.caudete.org\\\/ayuntamiento\\\/#\\\/schema\\\/person\\\/cc646da9133078ee4d8dd47457947253\"},\"description\":\"P\u00e1gina Oficial del Ayuntamiento de Caudete (Albacete)\",\"breadcrumb\":{\"@id\":\"https:\\\/\\\/www.caudete.org\\\/ayuntamiento\\\/un-tramo-del-camino-de-la-encina-es-ensanchado-en-1-metro\\\/#breadcrumb\"},\"inLanguage\":\"es\",\"potentialAction\":[{\"@type\":\"ReadAction\",\"target\":[\"https:\\\/\\\/www.caudete.org\\\/ayuntamiento\\\/un-tramo-del-camino-de-la-encina-es-ensanchado-en-1-metro\\\/\"]}]},{\"@type\":\"ImageObject\",\"inLanguage\":\"es\",\"@id\":\"https:\\\/\\\/www.caudete.org\\\/ayuntamiento\\\/un-tramo-del-camino-de-la-encina-es-ensanchado-en-1-metro\\\/#primaryimage\",\"url\":\"https:\\\/\\\/www.caudete.org\\\/ayuntamiento\\\/wp-content\\\/uploads\\\/2022\\\/02\\\/WhatsApp-Image-2022-02-14-at-23.19.38.jpeg\",\"contentUrl\":\"https:\\\/\\\/www.caudete.org\\\/ayuntamiento\\\/wp-content\\\/uploads\\\/2022\\\/02\\\/WhatsApp-Image-2022-02-14-at-23.19.38.jpeg\",\"width\":1600,\"height\":1200},{\"@type\":\"BreadcrumbList\",\"@id\":\"https:\\\/\\\/www.caudete.org\\\/ayuntamiento\\\/un-tramo-del-camino-de-la-encina-es-ensanchado-en-1-metro\\\/#breadcrumb\",\"itemListElement\":[{\"@type\":\"ListItem\",\"position\":1,\"name\":\"Inicio\",\"item\":\"https:\\\/\\\/www.caudete.org\\\/ayuntamiento\\\/\"},{\"@type\":\"ListItem\",\"position\":2,\"name\":\"Un tramo del Camino de LA ENCINA es ensanchado en 1 metro\"}]},{\"@type\":\"WebSite\",\"@id\":\"https:\\\/\\\/www.caudete.org\\\/ayuntamiento\\\/#website\",\"url\":\"https:\\\/\\\/www.caudete.org\\\/ayuntamiento\\\/\",\"name\":\"MI Ayuntamiento de Caudete\",\"description\":\"P\u00e1gina Oficial del MI Ayuntamiento de Caudete\",\"potentialAction\":[{\"@type\":\"SearchAction\",\"target\":{\"@type\":\"EntryPoint\",\"urlTemplate\":\"https:\\\/\\\/www.caudete.org\\\/ayuntamiento\\\/?s={search_term_string}\"},\"query-input\":{\"@type\":\"PropertyValueSpecification\",\"valueRequired\":true,\"valueName\":\"search_term_string\"}}],\"inLanguage\":\"es\"},{\"@type\":\"Person\",\"@id\":\"https:\\\/\\\/www.caudete.org\\\/ayuntamiento\\\/#\\\/schema\\\/person\\\/cc646da9133078ee4d8dd47457947253\",\"name\":\"alcalde\",\"image\":{\"@type\":\"ImageObject\",\"inLanguage\":\"es\",\"@id\":\"https:\\\/\\\/secure.gravatar.com\\\/avatar\\\/84a817ba065b29ff08d666b215a215f5c79186a645ccb25b14a663d48a130f77?s=96&d=mm&r=g\",\"url\":\"https:\\\/\\\/secure.gravatar.com\\\/avatar\\\/84a817ba065b29ff08d666b215a215f5c79186a645ccb25b14a663d48a130f77?s=96&d=mm&r=g\",\"contentUrl\":\"https:\\\/\\\/secure.gravatar.com\\\/avatar\\\/84a817ba065b29ff08d666b215a215f5c79186a645ccb25b14a663d48a130f77?s=96&d=mm&r=g\",\"caption\":\"alcalde\"},\"url\":\"https:\\\/\\\/www.caudete.org\\\/ayuntamiento\\\/author\\\/alcalde\\\/\"}]}<\/script>\n<!-- \/ Yoast SEO plugin. -->","yoast_head_json":{"title":"Un tramo del Camino de LA ENCINA es ensanchado en 1 metro - MI Ayuntamiento de Caudete","description":"P\u00e1gina Oficial del Ayuntamiento de Caudete (Albacete)","robots":{"index":"index","follow":"follow","max-snippet":"max-snippet:-1","max-image-preview":"max-image-preview:large","max-video-preview":"max-video-preview:-1"},"canonical":"https:\/\/www.caudete.org\/ayuntamiento\/un-tramo-del-camino-de-la-encina-es-ensanchado-en-1-metro\/","og_locale":"es_ES","og_type":"article","og_title":"Un tramo del Camino de LA ENCINA es ensanchado en 1 metro - MI Ayuntamiento de Caudete","og_description":"P\u00e1gina Oficial del Ayuntamiento de Caudete (Albacete)","og_url":"https:\/\/www.caudete.org\/ayuntamiento\/un-tramo-del-camino-de-la-encina-es-ensanchado-en-1-metro\/","og_site_name":"MI Ayuntamiento de Caudete","article_publisher":"https:\/\/www.facebook.com\/ayuntamientocaudete\/","article_published_time":"2022-02-15T07:30:30+00:00","og_image":[{"width":1600,"height":1200,"url":"https:\/\/www.caudete.org\/ayuntamiento\/wp-content\/uploads\/2022\/02\/WhatsApp-Image-2022-02-14-at-23.19.38.jpeg","type":"image\/jpeg"}],"author":"alcalde","twitter_card":"summary_large_image","twitter_misc":{"Escrito por":"alcalde","Tiempo de lectura":"1 minuto"},"schema":{"@context":"https:\/\/schema.org","@graph":[{"@type":"Article","@id":"https:\/\/www.caudete.org\/ayuntamiento\/un-tramo-del-camino-de-la-encina-es-ensanchado-en-1-metro\/#article","isPartOf":{"@id":"https:\/\/www.caudete.org\/ayuntamiento\/un-tramo-del-camino-de-la-encina-es-ensanchado-en-1-metro\/"},"author":{"name":"alcalde","@id":"https:\/\/www.caudete.org\/ayuntamiento\/#\/schema\/person\/cc646da9133078ee4d8dd47457947253"},"headline":"Un tramo del Camino de LA ENCINA es ensanchado en 1 metro","datePublished":"2022-02-15T07:30:30+00:00","mainEntityOfPage":{"@id":"https:\/\/www.caudete.org\/ayuntamiento\/un-tramo-del-camino-de-la-encina-es-ensanchado-en-1-metro\/"},"wordCount":228,"image":{"@id":"https:\/\/www.caudete.org\/ayuntamiento\/un-tramo-del-camino-de-la-encina-es-ensanchado-en-1-metro\/#primaryimage"},"thumbnailUrl":"https:\/\/www.caudete.org\/ayuntamiento\/wp-content\/uploads\/2022\/02\/WhatsApp-Image-2022-02-14-at-23.19.38.jpeg","articleSection":["Movilidad Urbana"],"inLanguage":"es"},{"@type":"WebPage","@id":"https:\/\/www.caudete.org\/ayuntamiento\/un-tramo-del-camino-de-la-encina-es-ensanchado-en-1-metro\/","url":"https:\/\/www.caudete.org\/ayuntamiento\/un-tramo-del-camino-de-la-encina-es-ensanchado-en-1-metro\/","name":"Un tramo del Camino de LA ENCINA es ensanchado en 1 metro - MI Ayuntamiento de Caudete","isPartOf":{"@id":"https:\/\/www.caudete.org\/ayuntamiento\/#website"},"primaryImageOfPage":{"@id":"https:\/\/www.caudete.org\/ayuntamiento\/un-tramo-del-camino-de-la-encina-es-ensanchado-en-1-metro\/#primaryimage"},"image":{"@id":"https:\/\/www.caudete.org\/ayuntamiento\/un-tramo-del-camino-de-la-encina-es-ensanchado-en-1-metro\/#primaryimage"},"thumbnailUrl":"https:\/\/www.caudete.org\/ayuntamiento\/wp-content\/uploads\/2022\/02\/WhatsApp-Image-2022-02-14-at-23.19.38.jpeg","datePublished":"2022-02-15T07:30:30+00:00","author":{"@id":"https:\/\/www.caudete.org\/ayuntamiento\/#\/schema\/person\/cc646da9133078ee4d8dd47457947253"},"description":"P\u00e1gina Oficial del Ayuntamiento de Caudete (Albacete)","breadcrumb":{"@id":"https:\/\/www.caudete.org\/ayuntamiento\/un-tramo-del-camino-de-la-encina-es-ensanchado-en-1-metro\/#breadcrumb"},"inLanguage":"es","potentialAction":[{"@type":"ReadAction","target":["https:\/\/www.caudete.org\/ayuntamiento\/un-tramo-del-camino-de-la-encina-es-ensanchado-en-1-metro\/"]}]},{"@type":"ImageObject","inLanguage":"es","@id":"https:\/\/www.caudete.org\/ayuntamiento\/un-tramo-del-camino-de-la-encina-es-ensanchado-en-1-metro\/#primaryimage","url":"https:\/\/www.caudete.org\/ayuntamiento\/wp-content\/uploads\/2022\/02\/WhatsApp-Image-2022-02-14-at-23.19.38.jpeg","contentUrl":"https:\/\/www.caudete.org\/ayuntamiento\/wp-content\/uploads\/2022\/02\/WhatsApp-Image-2022-02-14-at-23.19.38.jpeg","width":1600,"height":1200},{"@type":"BreadcrumbList","@id":"https:\/\/www.caudete.org\/ayuntamiento\/un-tramo-del-camino-de-la-encina-es-ensanchado-en-1-metro\/#breadcrumb","itemListElement":[{"@type":"ListItem","position":1,"name":"Inicio","item":"https:\/\/www.caudete.org\/ayuntamiento\/"},{"@type":"ListItem","position":2,"name":"Un tramo del Camino de LA ENCINA es ensanchado en 1 metro"}]},{"@type":"WebSite","@id":"https:\/\/www.caudete.org\/ayuntamiento\/#website","url":"https:\/\/www.caudete.org\/ayuntamiento\/","name":"MI Ayuntamiento de Caudete","description":"P\u00e1gina Oficial del MI Ayuntamiento de Caudete","potentialAction":[{"@type":"SearchAction","target":{"@type":"EntryPoint","urlTemplate":"https:\/\/www.caudete.org\/ayuntamiento\/?s={search_term_string}"},"query-input":{"@type":"PropertyValueSpecification","valueRequired":true,"valueName":"search_term_string"}}],"inLanguage":"es"},{"@type":"Person","@id":"https:\/\/www.caudete.org\/ayuntamiento\/#\/schema\/person\/cc646da9133078ee4d8dd47457947253","name":"alcalde","image":{"@type":"ImageObject","inLanguage":"es","@id":"https:\/\/secure.gravatar.com\/avatar\/84a817ba065b29ff08d666b215a215f5c79186a645ccb25b14a663d48a130f77?s=96&d=mm&r=g","url":"https:\/\/secure.gravatar.com\/avatar\/84a817ba065b29ff08d666b215a215f5c79186a645ccb25b14a663d48a130f77?s=96&d=mm&r=g","contentUrl":"https:\/\/secure.gravatar.com\/avatar\/84a817ba065b29ff08d666b215a215f5c79186a645ccb25b14a663d48a130f77?s=96&d=mm&r=g","caption":"alcalde"},"url":"https:\/\/www.caudete.org\/ayuntamiento\/author\/alcalde\/"}]}},"_links":{"self":[{"href":"https:\/\/www.caudete.org\/ayuntamiento\/wp-json\/wp\/v2\/posts\/18189","targetHints":{"allow":["GET"]}}],"collection":[{"href":"https:\/\/www.caudete.org\/ayuntamiento\/wp-json\/wp\/v2\/posts"}],"about":[{"href":"https:\/\/www.caudete.org\/ayuntamiento\/wp-json\/wp\/v2\/types\/post"}],"author":[{"embeddable":true,"href":"https:\/\/www.caudete.org\/ayuntamiento\/wp-json\/wp\/v2\/users\/3"}],"replies":[{"embeddable":true,"href":"https:\/\/www.caudete.org\/ayuntamiento\/wp-json\/wp\/v2\/comments?post=18189"}],"version-history":[{"count":1,"href":"https:\/\/www.caudete.org\/ayuntamiento\/wp-json\/wp\/v2\/posts\/18189\/revisions"}],"predecessor-version":[{"id":18191,"href":"https:\/\/www.caudete.org\/ayuntamiento\/wp-json\/wp\/v2\/posts\/18189\/revisions\/18191"}],"wp:featuredmedia":[{"embeddable":true,"href":"https:\/\/www.caudete.org\/ayuntamiento\/wp-json\/wp\/v2\/media\/18190"}],"wp:attachment":[{"href":"https:\/\/www.caudete.org\/ayuntamiento\/wp-json\/wp\/v2\/media?parent=18189"}],"wp:term":[{"taxonomy":"category","embeddable":true,"href":"https:\/\/www.caudete.org\/ayuntamiento\/wp-json\/wp\/v2\/categories?post=18189"},{"taxonomy":"post_tag","embeddable":true,"href":"https:\/\/www.caudete.org\/ayuntamiento\/wp-json\/wp\/v2\/tags?post=18189"}],"curies":[{"name":"wp","href":"https:\/\/api.w.org\/{rel}","templated":true}]}}