{"id":18202,"date":"2022-02-15T09:13:43","date_gmt":"2022-02-15T08:13:43","guid":{"rendered":"https:\/\/www.caudete.org\/ayuntamiento\/?p=18202"},"modified":"2022-02-15T09:13:43","modified_gmt":"2022-02-15T08:13:43","slug":"presentacion-de-la-revista-numero-3-de-la-cambra-en-caudete","status":"publish","type":"post","link":"https:\/\/www.caudete.org\/ayuntamiento\/presentacion-de-la-revista-numero-3-de-la-cambra-en-caudete\/","title":{"rendered":"Presentaci\u00f3n de la Revista N\u00famero 3 de \u201cLA CAMBRA\u201d en Caudete"},"content":{"rendered":"<p><span style=\"font-family: 'Arial','sans-serif'; color: black;\">Este mes de febrero, desde la Concejal\u00eda de Cultura del M.I. Ayuntamiento de Caudete y a trav\u00e9s de la Biblioteca P\u00fablica Municipal Ana Mar\u00eda Matute, realizaremos la presentaci\u00f3n del n\u00famero 3 de la revista La Cambra, editada por Manolo Beltr\u00e1n.<\/span><\/p>\n<p><b><span style=\"font-family: 'Arial','sans-serif'; color: black;\">La presentaci\u00f3n tendr\u00e1 lugar el jueves 17 de febrero a las 19:30 horas, en el <em><span style=\"font-family: 'Arial','sans-serif'; font-style: normal;\">Museo de la Acuarela Rafael Requena, y contar\u00e1 con el autor de la revista acompa\u00f1ado de Chimo Medina.<\/span><\/em><\/span><\/b><\/p>\n<p><span style=\"font-family: 'Arial','sans-serif';\">Jos\u00e9 Manuel Beltr\u00e1n Ortu\u00f1o, m\u00e1s conocido como Manolo Beltr\u00e1n (Caudete-1950), curs\u00f3 la carrera de Arquitectura T\u00e9cnica, ha sido profesor en diferentes centros educativos como la Universidad de Alicante, trabajo en un despacho profesional y actualmente realiza formaci\u00f3n online a colegios profesionales de arquitectura t\u00e9cnica. En Caudete fue miembro fundador del Ateneo Caudetano, entidad que realiz\u00f3 una importante labor cultural y que public\u00f3 la revista Nuestro Pueblo, que tuvo gran difusi\u00f3n en su \u00e9poca. Como escritor ha publicado dos libros sobre geometr\u00eda descriptiva, adem\u00e1s de colaborar con el peri\u00f3dico Informaci\u00f3n de Alicante y con distintos colegios profesionales publicando art\u00edculos de su \u00e1mbito profesional. Tras su jubilaci\u00f3n ha puesto en marcha la revista La Cambra como foro abierto a la difusi\u00f3n cultural para todas aquellas personas con inquietudes art\u00edsticas y literarias. <\/span><\/p>\n<p><span style=\"font-family: 'Arial','sans-serif'; color: black;\">Se presentar\u00e1 el n\u00famero 3 de esta revista que incluye novedosas incorporaciones de colaboradores que permiten la apertura de nuevas secciones como la de Viajes o la de Caudetanos Ilustres. <\/span><\/p>\n<p><span style=\"font-family: 'Arial','sans-serif';\">Esta revista est\u00e1 disponible en versi\u00f3n online en el Blog de Manolo Beltr\u00e1n en la siguiente direcci\u00f3n <a href=\"https:\/\/manolobeltran.wordpress.com\/\" target=\"_blank\" rel=\"nofollow\">https:\/\/manolobeltran.wordpress.com\/<\/a> y se puede consultar en la Biblioteca P\u00fablica Municipal Ana Mar\u00eda Matute.<\/span><\/p>\n<p><span style=\"font-family: 'Arial','sans-serif';\">Este acto es con entrada libre hasta completar aforo.<\/span><\/p>\n<p><a href=\"https:\/\/www.caudete.org\/ayuntamiento\/wp-content\/uploads\/2022\/02\/portada.jpg\" rel='prettyPhoto'><img fetchpriority=\"high\" decoding=\"async\" class=\"aligncenter wp-image-18197 size-medium\" src=\"https:\/\/www.caudete.org\/ayuntamiento\/wp-content\/uploads\/2022\/02\/portada-212x300.jpg\" alt=\"\" width=\"212\" height=\"300\" srcset=\"https:\/\/www.caudete.org\/ayuntamiento\/wp-content\/uploads\/2022\/02\/portada-212x300.jpg 212w, https:\/\/www.caudete.org\/ayuntamiento\/wp-content\/uploads\/2022\/02\/portada.jpg 636w\" sizes=\"(max-width: 212px) 100vw, 212px\" \/><\/a><\/p>\n<p style=\"margin-bottom: 12.0pt;\">\n","protected":false},"excerpt":{"rendered":"<p>Este mes de febrero, desde la Concejal\u00eda de Cultura del M.I. Ayuntamiento de Caudete y a trav\u00e9s de la Biblioteca P\u00fablica Municipal Ana Mar\u00eda Matute, realizaremos la presentaci\u00f3n del n\u00famero 3 de la revista La Cambra, editada por Manolo Beltr\u00e1n. La presentaci\u00f3n tendr\u00e1 lugar el jueves 17 de febrero a las 19:30 horas, en el &hellip;<\/p>\n","protected":false},"author":2,"featured_media":18196,"comment_status":"closed","ping_status":"open","sticky":false,"template":"","format":"standard","meta":{"ngg_post_thumbnail":0,"footnotes":""},"categories":[14],"tags":[788,787],"class_list":["post-18202","post","type-post","status-publish","format-standard","has-post-thumbnail","hentry","category-cultura","tag-manolo-beltran","tag-revista-la-cambra"],"yoast_head":"<!-- This site is optimized with the Yoast SEO plugin v27.5 - https:\/\/yoast.com\/product\/yoast-seo-wordpress\/ -->\n<title>Presentaci\u00f3n de la Revista N\u00famero 3 de \u201cLA CAMBRA\u201d en Caudete - MI Ayuntamiento de Caudete<\/title>\n<meta name=\"description\" content=\"P\u00e1gina Oficial del Ayuntamiento de Caudete (Albacete)\" \/>\n<meta name=\"robots\" content=\"index, follow, max-snippet:-1, max-image-preview:large, max-video-preview:-1\" \/>\n<link rel=\"canonical\" href=\"https:\/\/www.caudete.org\/ayuntamiento\/presentacion-de-la-revista-numero-3-de-la-cambra-en-caudete\/\" \/>\n<meta property=\"og:locale\" content=\"es_ES\" \/>\n<meta property=\"og:type\" content=\"article\" \/>\n<meta property=\"og:title\" content=\"Presentaci\u00f3n de la Revista N\u00famero 3 de \u201cLA CAMBRA\u201d en Caudete - MI Ayuntamiento de Caudete\" \/>\n<meta property=\"og:description\" content=\"P\u00e1gina Oficial del Ayuntamiento de Caudete (Albacete)\" \/>\n<meta property=\"og:url\" content=\"https:\/\/www.caudete.org\/ayuntamiento\/presentacion-de-la-revista-numero-3-de-la-cambra-en-caudete\/\" \/>\n<meta property=\"og:site_name\" content=\"MI Ayuntamiento de Caudete\" \/>\n<meta property=\"article:publisher\" content=\"https:\/\/www.facebook.com\/ayuntamientocaudete\/\" \/>\n<meta property=\"article:published_time\" content=\"2022-02-15T08:13:43+00:00\" \/>\n<meta property=\"og:image\" content=\"https:\/\/www.caudete.org\/ayuntamiento\/wp-content\/uploads\/2022\/02\/La-Cambra-WEB.jpg\" \/>\n\t<meta property=\"og:image:width\" content=\"864\" \/>\n\t<meta property=\"og:image:height\" content=\"380\" \/>\n\t<meta property=\"og:image:type\" content=\"image\/jpeg\" \/>\n<meta name=\"author\" content=\"Juan\" \/>\n<meta name=\"twitter:card\" content=\"summary_large_image\" \/>\n<meta name=\"twitter:label1\" content=\"Escrito por\" \/>\n\t<meta name=\"twitter:data1\" content=\"Juan\" \/>\n\t<meta name=\"twitter:label2\" content=\"Tiempo de lectura\" \/>\n\t<meta name=\"twitter:data2\" content=\"2 minutos\" \/>\n<script type=\"application\/ld+json\" class=\"yoast-schema-graph\">{\"@context\":\"https:\\\/\\\/schema.org\",\"@graph\":[{\"@type\":\"Article\",\"@id\":\"https:\\\/\\\/www.caudete.org\\\/ayuntamiento\\\/presentacion-de-la-revista-numero-3-de-la-cambra-en-caudete\\\/#article\",\"isPartOf\":{\"@id\":\"https:\\\/\\\/www.caudete.org\\\/ayuntamiento\\\/presentacion-de-la-revista-numero-3-de-la-cambra-en-caudete\\\/\"},\"author\":{\"name\":\"Juan\",\"@id\":\"https:\\\/\\\/www.caudete.org\\\/ayuntamiento\\\/#\\\/schema\\\/person\\\/7656a5bb58fca95b9814e940de0fda63\"},\"headline\":\"Presentaci\u00f3n de la Revista N\u00famero 3 de \u201cLA CAMBRA\u201d en Caudete\",\"datePublished\":\"2022-02-15T08:13:43+00:00\",\"mainEntityOfPage\":{\"@id\":\"https:\\\/\\\/www.caudete.org\\\/ayuntamiento\\\/presentacion-de-la-revista-numero-3-de-la-cambra-en-caudete\\\/\"},\"wordCount\":314,\"image\":{\"@id\":\"https:\\\/\\\/www.caudete.org\\\/ayuntamiento\\\/presentacion-de-la-revista-numero-3-de-la-cambra-en-caudete\\\/#primaryimage\"},\"thumbnailUrl\":\"https:\\\/\\\/www.caudete.org\\\/ayuntamiento\\\/wp-content\\\/uploads\\\/2022\\\/02\\\/La-Cambra-WEB.jpg\",\"keywords\":[\"Manolo Beltran\",\"Revista La Cambra\"],\"articleSection\":[\"Cultura\"],\"inLanguage\":\"es\"},{\"@type\":\"WebPage\",\"@id\":\"https:\\\/\\\/www.caudete.org\\\/ayuntamiento\\\/presentacion-de-la-revista-numero-3-de-la-cambra-en-caudete\\\/\",\"url\":\"https:\\\/\\\/www.caudete.org\\\/ayuntamiento\\\/presentacion-de-la-revista-numero-3-de-la-cambra-en-caudete\\\/\",\"name\":\"Presentaci\u00f3n de la Revista N\u00famero 3 de \u201cLA CAMBRA\u201d en Caudete - MI Ayuntamiento de Caudete\",\"isPartOf\":{\"@id\":\"https:\\\/\\\/www.caudete.org\\\/ayuntamiento\\\/#website\"},\"primaryImageOfPage\":{\"@id\":\"https:\\\/\\\/www.caudete.org\\\/ayuntamiento\\\/presentacion-de-la-revista-numero-3-de-la-cambra-en-caudete\\\/#primaryimage\"},\"image\":{\"@id\":\"https:\\\/\\\/www.caudete.org\\\/ayuntamiento\\\/presentacion-de-la-revista-numero-3-de-la-cambra-en-caudete\\\/#primaryimage\"},\"thumbnailUrl\":\"https:\\\/\\\/www.caudete.org\\\/ayuntamiento\\\/wp-content\\\/uploads\\\/2022\\\/02\\\/La-Cambra-WEB.jpg\",\"datePublished\":\"2022-02-15T08:13:43+00:00\",\"author\":{\"@id\":\"https:\\\/\\\/www.caudete.org\\\/ayuntamiento\\\/#\\\/schema\\\/person\\\/7656a5bb58fca95b9814e940de0fda63\"},\"description\":\"P\u00e1gina Oficial del Ayuntamiento de Caudete (Albacete)\",\"breadcrumb\":{\"@id\":\"https:\\\/\\\/www.caudete.org\\\/ayuntamiento\\\/presentacion-de-la-revista-numero-3-de-la-cambra-en-caudete\\\/#breadcrumb\"},\"inLanguage\":\"es\",\"potentialAction\":[{\"@type\":\"ReadAction\",\"target\":[\"https:\\\/\\\/www.caudete.org\\\/ayuntamiento\\\/presentacion-de-la-revista-numero-3-de-la-cambra-en-caudete\\\/\"]}]},{\"@type\":\"ImageObject\",\"inLanguage\":\"es\",\"@id\":\"https:\\\/\\\/www.caudete.org\\\/ayuntamiento\\\/presentacion-de-la-revista-numero-3-de-la-cambra-en-caudete\\\/#primaryimage\",\"url\":\"https:\\\/\\\/www.caudete.org\\\/ayuntamiento\\\/wp-content\\\/uploads\\\/2022\\\/02\\\/La-Cambra-WEB.jpg\",\"contentUrl\":\"https:\\\/\\\/www.caudete.org\\\/ayuntamiento\\\/wp-content\\\/uploads\\\/2022\\\/02\\\/La-Cambra-WEB.jpg\",\"width\":864,\"height\":380},{\"@type\":\"BreadcrumbList\",\"@id\":\"https:\\\/\\\/www.caudete.org\\\/ayuntamiento\\\/presentacion-de-la-revista-numero-3-de-la-cambra-en-caudete\\\/#breadcrumb\",\"itemListElement\":[{\"@type\":\"ListItem\",\"position\":1,\"name\":\"Inicio\",\"item\":\"https:\\\/\\\/www.caudete.org\\\/ayuntamiento\\\/\"},{\"@type\":\"ListItem\",\"position\":2,\"name\":\"Presentaci\u00f3n de la Revista N\u00famero 3 de \u201cLA CAMBRA\u201d en Caudete\"}]},{\"@type\":\"WebSite\",\"@id\":\"https:\\\/\\\/www.caudete.org\\\/ayuntamiento\\\/#website\",\"url\":\"https:\\\/\\\/www.caudete.org\\\/ayuntamiento\\\/\",\"name\":\"MI Ayuntamiento de Caudete\",\"description\":\"P\u00e1gina Oficial del MI Ayuntamiento de Caudete\",\"potentialAction\":[{\"@type\":\"SearchAction\",\"target\":{\"@type\":\"EntryPoint\",\"urlTemplate\":\"https:\\\/\\\/www.caudete.org\\\/ayuntamiento\\\/?s={search_term_string}\"},\"query-input\":{\"@type\":\"PropertyValueSpecification\",\"valueRequired\":true,\"valueName\":\"search_term_string\"}}],\"inLanguage\":\"es\"},{\"@type\":\"Person\",\"@id\":\"https:\\\/\\\/www.caudete.org\\\/ayuntamiento\\\/#\\\/schema\\\/person\\\/7656a5bb58fca95b9814e940de0fda63\",\"name\":\"Juan\",\"image\":{\"@type\":\"ImageObject\",\"inLanguage\":\"es\",\"@id\":\"https:\\\/\\\/secure.gravatar.com\\\/avatar\\\/dd53e51c0cd6ab23f52d4f3e4f1c59730240727763de3dbbf26750b079a2c292?s=96&d=mm&r=g\",\"url\":\"https:\\\/\\\/secure.gravatar.com\\\/avatar\\\/dd53e51c0cd6ab23f52d4f3e4f1c59730240727763de3dbbf26750b079a2c292?s=96&d=mm&r=g\",\"contentUrl\":\"https:\\\/\\\/secure.gravatar.com\\\/avatar\\\/dd53e51c0cd6ab23f52d4f3e4f1c59730240727763de3dbbf26750b079a2c292?s=96&d=mm&r=g\",\"caption\":\"Juan\"},\"url\":\"https:\\\/\\\/www.caudete.org\\\/ayuntamiento\\\/author\\\/centrodeinternet\\\/\"}]}<\/script>\n<!-- \/ Yoast SEO plugin. -->","yoast_head_json":{"title":"Presentaci\u00f3n de la Revista N\u00famero 3 de \u201cLA CAMBRA\u201d en Caudete - MI Ayuntamiento de Caudete","description":"P\u00e1gina Oficial del Ayuntamiento de Caudete (Albacete)","robots":{"index":"index","follow":"follow","max-snippet":"max-snippet:-1","max-image-preview":"max-image-preview:large","max-video-preview":"max-video-preview:-1"},"canonical":"https:\/\/www.caudete.org\/ayuntamiento\/presentacion-de-la-revista-numero-3-de-la-cambra-en-caudete\/","og_locale":"es_ES","og_type":"article","og_title":"Presentaci\u00f3n de la Revista N\u00famero 3 de \u201cLA CAMBRA\u201d en Caudete - MI Ayuntamiento de Caudete","og_description":"P\u00e1gina Oficial del Ayuntamiento de Caudete (Albacete)","og_url":"https:\/\/www.caudete.org\/ayuntamiento\/presentacion-de-la-revista-numero-3-de-la-cambra-en-caudete\/","og_site_name":"MI Ayuntamiento de Caudete","article_publisher":"https:\/\/www.facebook.com\/ayuntamientocaudete\/","article_published_time":"2022-02-15T08:13:43+00:00","og_image":[{"width":864,"height":380,"url":"https:\/\/www.caudete.org\/ayuntamiento\/wp-content\/uploads\/2022\/02\/La-Cambra-WEB.jpg","type":"image\/jpeg"}],"author":"Juan","twitter_card":"summary_large_image","twitter_misc":{"Escrito por":"Juan","Tiempo de lectura":"2 minutos"},"schema":{"@context":"https:\/\/schema.org","@graph":[{"@type":"Article","@id":"https:\/\/www.caudete.org\/ayuntamiento\/presentacion-de-la-revista-numero-3-de-la-cambra-en-caudete\/#article","isPartOf":{"@id":"https:\/\/www.caudete.org\/ayuntamiento\/presentacion-de-la-revista-numero-3-de-la-cambra-en-caudete\/"},"author":{"name":"Juan","@id":"https:\/\/www.caudete.org\/ayuntamiento\/#\/schema\/person\/7656a5bb58fca95b9814e940de0fda63"},"headline":"Presentaci\u00f3n de la Revista N\u00famero 3 de \u201cLA CAMBRA\u201d en Caudete","datePublished":"2022-02-15T08:13:43+00:00","mainEntityOfPage":{"@id":"https:\/\/www.caudete.org\/ayuntamiento\/presentacion-de-la-revista-numero-3-de-la-cambra-en-caudete\/"},"wordCount":314,"image":{"@id":"https:\/\/www.caudete.org\/ayuntamiento\/presentacion-de-la-revista-numero-3-de-la-cambra-en-caudete\/#primaryimage"},"thumbnailUrl":"https:\/\/www.caudete.org\/ayuntamiento\/wp-content\/uploads\/2022\/02\/La-Cambra-WEB.jpg","keywords":["Manolo Beltran","Revista La Cambra"],"articleSection":["Cultura"],"inLanguage":"es"},{"@type":"WebPage","@id":"https:\/\/www.caudete.org\/ayuntamiento\/presentacion-de-la-revista-numero-3-de-la-cambra-en-caudete\/","url":"https:\/\/www.caudete.org\/ayuntamiento\/presentacion-de-la-revista-numero-3-de-la-cambra-en-caudete\/","name":"Presentaci\u00f3n de la Revista N\u00famero 3 de \u201cLA CAMBRA\u201d en Caudete - MI Ayuntamiento de Caudete","isPartOf":{"@id":"https:\/\/www.caudete.org\/ayuntamiento\/#website"},"primaryImageOfPage":{"@id":"https:\/\/www.caudete.org\/ayuntamiento\/presentacion-de-la-revista-numero-3-de-la-cambra-en-caudete\/#primaryimage"},"image":{"@id":"https:\/\/www.caudete.org\/ayuntamiento\/presentacion-de-la-revista-numero-3-de-la-cambra-en-caudete\/#primaryimage"},"thumbnailUrl":"https:\/\/www.caudete.org\/ayuntamiento\/wp-content\/uploads\/2022\/02\/La-Cambra-WEB.jpg","datePublished":"2022-02-15T08:13:43+00:00","author":{"@id":"https:\/\/www.caudete.org\/ayuntamiento\/#\/schema\/person\/7656a5bb58fca95b9814e940de0fda63"},"description":"P\u00e1gina Oficial del Ayuntamiento de Caudete (Albacete)","breadcrumb":{"@id":"https:\/\/www.caudete.org\/ayuntamiento\/presentacion-de-la-revista-numero-3-de-la-cambra-en-caudete\/#breadcrumb"},"inLanguage":"es","potentialAction":[{"@type":"ReadAction","target":["https:\/\/www.caudete.org\/ayuntamiento\/presentacion-de-la-revista-numero-3-de-la-cambra-en-caudete\/"]}]},{"@type":"ImageObject","inLanguage":"es","@id":"https:\/\/www.caudete.org\/ayuntamiento\/presentacion-de-la-revista-numero-3-de-la-cambra-en-caudete\/#primaryimage","url":"https:\/\/www.caudete.org\/ayuntamiento\/wp-content\/uploads\/2022\/02\/La-Cambra-WEB.jpg","contentUrl":"https:\/\/www.caudete.org\/ayuntamiento\/wp-content\/uploads\/2022\/02\/La-Cambra-WEB.jpg","width":864,"height":380},{"@type":"BreadcrumbList","@id":"https:\/\/www.caudete.org\/ayuntamiento\/presentacion-de-la-revista-numero-3-de-la-cambra-en-caudete\/#breadcrumb","itemListElement":[{"@type":"ListItem","position":1,"name":"Inicio","item":"https:\/\/www.caudete.org\/ayuntamiento\/"},{"@type":"ListItem","position":2,"name":"Presentaci\u00f3n de la Revista N\u00famero 3 de \u201cLA CAMBRA\u201d en Caudete"}]},{"@type":"WebSite","@id":"https:\/\/www.caudete.org\/ayuntamiento\/#website","url":"https:\/\/www.caudete.org\/ayuntamiento\/","name":"MI Ayuntamiento de Caudete","description":"P\u00e1gina Oficial del MI Ayuntamiento de Caudete","potentialAction":[{"@type":"SearchAction","target":{"@type":"EntryPoint","urlTemplate":"https:\/\/www.caudete.org\/ayuntamiento\/?s={search_term_string}"},"query-input":{"@type":"PropertyValueSpecification","valueRequired":true,"valueName":"search_term_string"}}],"inLanguage":"es"},{"@type":"Person","@id":"https:\/\/www.caudete.org\/ayuntamiento\/#\/schema\/person\/7656a5bb58fca95b9814e940de0fda63","name":"Juan","image":{"@type":"ImageObject","inLanguage":"es","@id":"https:\/\/secure.gravatar.com\/avatar\/dd53e51c0cd6ab23f52d4f3e4f1c59730240727763de3dbbf26750b079a2c292?s=96&d=mm&r=g","url":"https:\/\/secure.gravatar.com\/avatar\/dd53e51c0cd6ab23f52d4f3e4f1c59730240727763de3dbbf26750b079a2c292?s=96&d=mm&r=g","contentUrl":"https:\/\/secure.gravatar.com\/avatar\/dd53e51c0cd6ab23f52d4f3e4f1c59730240727763de3dbbf26750b079a2c292?s=96&d=mm&r=g","caption":"Juan"},"url":"https:\/\/www.caudete.org\/ayuntamiento\/author\/centrodeinternet\/"}]}},"_links":{"self":[{"href":"https:\/\/www.caudete.org\/ayuntamiento\/wp-json\/wp\/v2\/posts\/18202","targetHints":{"allow":["GET"]}}],"collection":[{"href":"https:\/\/www.caudete.org\/ayuntamiento\/wp-json\/wp\/v2\/posts"}],"about":[{"href":"https:\/\/www.caudete.org\/ayuntamiento\/wp-json\/wp\/v2\/types\/post"}],"author":[{"embeddable":true,"href":"https:\/\/www.caudete.org\/ayuntamiento\/wp-json\/wp\/v2\/users\/2"}],"replies":[{"embeddable":true,"href":"https:\/\/www.caudete.org\/ayuntamiento\/wp-json\/wp\/v2\/comments?post=18202"}],"version-history":[{"count":3,"href":"https:\/\/www.caudete.org\/ayuntamiento\/wp-json\/wp\/v2\/posts\/18202\/revisions"}],"predecessor-version":[{"id":18205,"href":"https:\/\/www.caudete.org\/ayuntamiento\/wp-json\/wp\/v2\/posts\/18202\/revisions\/18205"}],"wp:featuredmedia":[{"embeddable":true,"href":"https:\/\/www.caudete.org\/ayuntamiento\/wp-json\/wp\/v2\/media\/18196"}],"wp:attachment":[{"href":"https:\/\/www.caudete.org\/ayuntamiento\/wp-json\/wp\/v2\/media?parent=18202"}],"wp:term":[{"taxonomy":"category","embeddable":true,"href":"https:\/\/www.caudete.org\/ayuntamiento\/wp-json\/wp\/v2\/categories?post=18202"},{"taxonomy":"post_tag","embeddable":true,"href":"https:\/\/www.caudete.org\/ayuntamiento\/wp-json\/wp\/v2\/tags?post=18202"}],"curies":[{"name":"wp","href":"https:\/\/api.w.org\/{rel}","templated":true}]}}