{"id":18206,"date":"2022-02-15T09:23:04","date_gmt":"2022-02-15T08:23:04","guid":{"rendered":"https:\/\/www.caudete.org\/ayuntamiento\/?p=18206"},"modified":"2022-02-16T18:03:03","modified_gmt":"2022-02-16T17:03:03","slug":"concierto-desde-el-cine-a-piano-con-fernando-lazaro","status":"publish","type":"post","link":"https:\/\/www.caudete.org\/ayuntamiento\/concierto-desde-el-cine-a-piano-con-fernando-lazaro\/","title":{"rendered":"CONCIERTO &#8220;Desde el cine a piano&#8221; con Fernando L\u00e1zaro"},"content":{"rendered":"<p><strong>S\u00e1bado 19 de febrero. 19:00 horas.<\/strong><\/p>\n<p><strong>UN CONCIERTO &#8220;DE PEL\u00cdCULA&#8221; PARA VER CON LOS O\u00cdDOS.<\/strong><\/p>\n<p>Continuamos con las actividades programadas por la Concejal\u00eda de Cultura del Ayuntamiento de Caudete, con el patrocinio del Cultural Albacete y el programa Actuamos de la JCCM.<\/p>\n<p>El pianista, compositor y music\u00f3logo Fernando L\u00e1zaro ofrece en esta ocasi\u00f3n un especial concierto como int\u00e9rprete de piano. Especial por sus caracter\u00edsticas y, sobre todo, por la m\u00fasica que el espectador podr\u00e1 escuchar, ya que no se trata del concierto de piano al que estamos acostumbrados a asistir. L\u00e1zaro ha dejado \u201caparcados\u201c a los grandes compositores cl\u00e1sicos y ha elegido esta vez a grandes compositores de nuestro tiempo, autores conocidos por el gran p\u00fablico -entendido en m\u00fasica o no- que han dedicado su enorme talento a escribir algunas de las m\u00e1s famosas y bellas bandas sonoras de la historia del cine universal, esas maravillosas creaciones que llevamos escuchando desde nuestra infancia y que, de alguna manera, tambi\u00e9n han sido las \u201cbandas sonoras\u201d de nuestra propia vida.<\/p>\n<p>Es especial este concierto porque Fernando L\u00e1zaro aparte de int\u00e9rprete tambi\u00e9n es compositor, y se ha valido de su capacidad creadora al haber sido \u00e9l mismo quien ha transcrito, arreglado y realizado una muy personal versi\u00f3n pian\u00edstica de cada pieza, ya que la mayor parte de ellas fueron compuestas originariamente para orquesta. Temas tan conocidos como Candilejas, Doctor Zhivago, Cinema Paradiso, Memorias de \u00c1frica o La Lista de Schindler, escritos por grandes m\u00fasicos como Charles Chaplin, EnnioMorricone, Jerry Goldsmith o John Williams, deleitar\u00e1n los o\u00eddos y el coraz\u00f3n de todos los p\u00fablicos.<\/p>\n<p>En su d\u00eda L\u00e1zaro lleg\u00f3 a transcribir para piano m\u00e1s de una veintena de bandas sonoras, en el programa propuesto aqu\u00ed nos ofrece deleitarnos durante unos 70 minutos, con una cuidada selecci\u00f3n de ellas.<\/p>\n<p><strong>Entradas a la venta en Casa de Cultura<\/strong><\/p>\n<p><a href=\"https:\/\/www.caudete.org\/ayuntamiento\/wp-content\/uploads\/2022\/02\/Cartel-desde-el-cine-al-teatro-Fondo-Piano-scaled.jpg\" rel='prettyPhoto'><img fetchpriority=\"high\" decoding=\"async\" class=\"aligncenter wp-image-18199 size-medium\" src=\"https:\/\/www.caudete.org\/ayuntamiento\/wp-content\/uploads\/2022\/02\/Cartel-desde-el-cine-al-teatro-Fondo-Piano-300x212.jpg\" alt=\"\" width=\"300\" height=\"212\" srcset=\"https:\/\/www.caudete.org\/ayuntamiento\/wp-content\/uploads\/2022\/02\/Cartel-desde-el-cine-al-teatro-Fondo-Piano-300x212.jpg 300w, https:\/\/www.caudete.org\/ayuntamiento\/wp-content\/uploads\/2022\/02\/Cartel-desde-el-cine-al-teatro-Fondo-Piano-1024x724.jpg 1024w, https:\/\/www.caudete.org\/ayuntamiento\/wp-content\/uploads\/2022\/02\/Cartel-desde-el-cine-al-teatro-Fondo-Piano-768x543.jpg 768w, https:\/\/www.caudete.org\/ayuntamiento\/wp-content\/uploads\/2022\/02\/Cartel-desde-el-cine-al-teatro-Fondo-Piano-1536x1086.jpg 1536w, https:\/\/www.caudete.org\/ayuntamiento\/wp-content\/uploads\/2022\/02\/Cartel-desde-el-cine-al-teatro-Fondo-Piano-2048x1448.jpg 2048w\" sizes=\"(max-width: 300px) 100vw, 300px\" \/><\/a><\/p>\n<p>&nbsp;<\/p>\n","protected":false},"excerpt":{"rendered":"<p>S\u00e1bado 19 de febrero. 19:00 horas. UN CONCIERTO &#8220;DE PEL\u00cdCULA&#8221; PARA VER CON LOS O\u00cdDOS. Continuamos con las actividades programadas por la Concejal\u00eda de Cultura del Ayuntamiento de Caudete, con el patrocinio del Cultural Albacete y el programa Actuamos de la JCCM. El pianista, compositor y music\u00f3logo Fernando L\u00e1zaro ofrece en esta ocasi\u00f3n un especial &hellip;<\/p>\n","protected":false},"author":2,"featured_media":18198,"comment_status":"closed","ping_status":"open","sticky":false,"template":"","format":"standard","meta":{"ngg_post_thumbnail":0,"footnotes":""},"categories":[14],"tags":[789,791,790],"class_list":["post-18206","post","type-post","status-publish","format-standard","has-post-thumbnail","hentry","category-cultura","tag-concierto","tag-desde-el-cine-al-piano","tag-fernando-lazaro"],"yoast_head":"<!-- This site is optimized with the Yoast SEO plugin v27.5 - https:\/\/yoast.com\/product\/yoast-seo-wordpress\/ -->\n<title>CONCIERTO &quot;Desde el cine a piano&quot; con Fernando L\u00e1zaro - MI Ayuntamiento de Caudete<\/title>\n<meta name=\"description\" content=\"P\u00e1gina Oficial del Ayuntamiento de Caudete (Albacete)\" \/>\n<meta name=\"robots\" content=\"index, follow, max-snippet:-1, max-image-preview:large, max-video-preview:-1\" \/>\n<link rel=\"canonical\" href=\"https:\/\/www.caudete.org\/ayuntamiento\/concierto-desde-el-cine-a-piano-con-fernando-lazaro\/\" \/>\n<meta property=\"og:locale\" content=\"es_ES\" \/>\n<meta property=\"og:type\" content=\"article\" \/>\n<meta property=\"og:title\" content=\"CONCIERTO &quot;Desde el cine a piano&quot; con Fernando L\u00e1zaro - MI Ayuntamiento de Caudete\" \/>\n<meta property=\"og:description\" content=\"P\u00e1gina Oficial del Ayuntamiento de Caudete (Albacete)\" \/>\n<meta property=\"og:url\" content=\"https:\/\/www.caudete.org\/ayuntamiento\/concierto-desde-el-cine-a-piano-con-fernando-lazaro\/\" \/>\n<meta property=\"og:site_name\" content=\"MI Ayuntamiento de Caudete\" \/>\n<meta property=\"article:publisher\" content=\"https:\/\/www.facebook.com\/ayuntamientocaudete\/\" \/>\n<meta property=\"article:published_time\" content=\"2022-02-15T08:23:04+00:00\" \/>\n<meta property=\"article:modified_time\" content=\"2022-02-16T17:03:03+00:00\" \/>\n<meta property=\"og:image\" content=\"https:\/\/www.caudete.org\/ayuntamiento\/wp-content\/uploads\/2022\/02\/Del-cine-al-piano-WEB.jpg\" \/>\n\t<meta property=\"og:image:width\" content=\"864\" \/>\n\t<meta property=\"og:image:height\" content=\"380\" \/>\n\t<meta property=\"og:image:type\" content=\"image\/jpeg\" \/>\n<meta name=\"author\" content=\"Juan\" \/>\n<meta name=\"twitter:card\" content=\"summary_large_image\" \/>\n<meta name=\"twitter:label1\" content=\"Escrito por\" \/>\n\t<meta name=\"twitter:data1\" content=\"Juan\" \/>\n\t<meta name=\"twitter:label2\" content=\"Tiempo de lectura\" \/>\n\t<meta name=\"twitter:data2\" content=\"2 minutos\" \/>\n<script type=\"application\/ld+json\" class=\"yoast-schema-graph\">{\"@context\":\"https:\\\/\\\/schema.org\",\"@graph\":[{\"@type\":\"Article\",\"@id\":\"https:\\\/\\\/www.caudete.org\\\/ayuntamiento\\\/concierto-desde-el-cine-a-piano-con-fernando-lazaro\\\/#article\",\"isPartOf\":{\"@id\":\"https:\\\/\\\/www.caudete.org\\\/ayuntamiento\\\/concierto-desde-el-cine-a-piano-con-fernando-lazaro\\\/\"},\"author\":{\"name\":\"Juan\",\"@id\":\"https:\\\/\\\/www.caudete.org\\\/ayuntamiento\\\/#\\\/schema\\\/person\\\/7656a5bb58fca95b9814e940de0fda63\"},\"headline\":\"CONCIERTO &#8220;Desde el cine a piano&#8221; con Fernando L\u00e1zaro\",\"datePublished\":\"2022-02-15T08:23:04+00:00\",\"dateModified\":\"2022-02-16T17:03:03+00:00\",\"mainEntityOfPage\":{\"@id\":\"https:\\\/\\\/www.caudete.org\\\/ayuntamiento\\\/concierto-desde-el-cine-a-piano-con-fernando-lazaro\\\/\"},\"wordCount\":340,\"image\":{\"@id\":\"https:\\\/\\\/www.caudete.org\\\/ayuntamiento\\\/concierto-desde-el-cine-a-piano-con-fernando-lazaro\\\/#primaryimage\"},\"thumbnailUrl\":\"https:\\\/\\\/www.caudete.org\\\/ayuntamiento\\\/wp-content\\\/uploads\\\/2022\\\/02\\\/Del-cine-al-piano-WEB.jpg\",\"keywords\":[\"Concierto\",\"Desde el cine al piano\",\"Fernando L\u00e1zaro\"],\"articleSection\":[\"Cultura\"],\"inLanguage\":\"es\"},{\"@type\":\"WebPage\",\"@id\":\"https:\\\/\\\/www.caudete.org\\\/ayuntamiento\\\/concierto-desde-el-cine-a-piano-con-fernando-lazaro\\\/\",\"url\":\"https:\\\/\\\/www.caudete.org\\\/ayuntamiento\\\/concierto-desde-el-cine-a-piano-con-fernando-lazaro\\\/\",\"name\":\"CONCIERTO \\\"Desde el cine a piano\\\" con Fernando L\u00e1zaro - MI Ayuntamiento de Caudete\",\"isPartOf\":{\"@id\":\"https:\\\/\\\/www.caudete.org\\\/ayuntamiento\\\/#website\"},\"primaryImageOfPage\":{\"@id\":\"https:\\\/\\\/www.caudete.org\\\/ayuntamiento\\\/concierto-desde-el-cine-a-piano-con-fernando-lazaro\\\/#primaryimage\"},\"image\":{\"@id\":\"https:\\\/\\\/www.caudete.org\\\/ayuntamiento\\\/concierto-desde-el-cine-a-piano-con-fernando-lazaro\\\/#primaryimage\"},\"thumbnailUrl\":\"https:\\\/\\\/www.caudete.org\\\/ayuntamiento\\\/wp-content\\\/uploads\\\/2022\\\/02\\\/Del-cine-al-piano-WEB.jpg\",\"datePublished\":\"2022-02-15T08:23:04+00:00\",\"dateModified\":\"2022-02-16T17:03:03+00:00\",\"author\":{\"@id\":\"https:\\\/\\\/www.caudete.org\\\/ayuntamiento\\\/#\\\/schema\\\/person\\\/7656a5bb58fca95b9814e940de0fda63\"},\"description\":\"P\u00e1gina Oficial del Ayuntamiento de Caudete (Albacete)\",\"breadcrumb\":{\"@id\":\"https:\\\/\\\/www.caudete.org\\\/ayuntamiento\\\/concierto-desde-el-cine-a-piano-con-fernando-lazaro\\\/#breadcrumb\"},\"inLanguage\":\"es\",\"potentialAction\":[{\"@type\":\"ReadAction\",\"target\":[\"https:\\\/\\\/www.caudete.org\\\/ayuntamiento\\\/concierto-desde-el-cine-a-piano-con-fernando-lazaro\\\/\"]}]},{\"@type\":\"ImageObject\",\"inLanguage\":\"es\",\"@id\":\"https:\\\/\\\/www.caudete.org\\\/ayuntamiento\\\/concierto-desde-el-cine-a-piano-con-fernando-lazaro\\\/#primaryimage\",\"url\":\"https:\\\/\\\/www.caudete.org\\\/ayuntamiento\\\/wp-content\\\/uploads\\\/2022\\\/02\\\/Del-cine-al-piano-WEB.jpg\",\"contentUrl\":\"https:\\\/\\\/www.caudete.org\\\/ayuntamiento\\\/wp-content\\\/uploads\\\/2022\\\/02\\\/Del-cine-al-piano-WEB.jpg\",\"width\":864,\"height\":380},{\"@type\":\"BreadcrumbList\",\"@id\":\"https:\\\/\\\/www.caudete.org\\\/ayuntamiento\\\/concierto-desde-el-cine-a-piano-con-fernando-lazaro\\\/#breadcrumb\",\"itemListElement\":[{\"@type\":\"ListItem\",\"position\":1,\"name\":\"Inicio\",\"item\":\"https:\\\/\\\/www.caudete.org\\\/ayuntamiento\\\/\"},{\"@type\":\"ListItem\",\"position\":2,\"name\":\"CONCIERTO &#8220;Desde el cine a piano&#8221; con Fernando L\u00e1zaro\"}]},{\"@type\":\"WebSite\",\"@id\":\"https:\\\/\\\/www.caudete.org\\\/ayuntamiento\\\/#website\",\"url\":\"https:\\\/\\\/www.caudete.org\\\/ayuntamiento\\\/\",\"name\":\"MI Ayuntamiento de Caudete\",\"description\":\"P\u00e1gina Oficial del MI Ayuntamiento de Caudete\",\"potentialAction\":[{\"@type\":\"SearchAction\",\"target\":{\"@type\":\"EntryPoint\",\"urlTemplate\":\"https:\\\/\\\/www.caudete.org\\\/ayuntamiento\\\/?s={search_term_string}\"},\"query-input\":{\"@type\":\"PropertyValueSpecification\",\"valueRequired\":true,\"valueName\":\"search_term_string\"}}],\"inLanguage\":\"es\"},{\"@type\":\"Person\",\"@id\":\"https:\\\/\\\/www.caudete.org\\\/ayuntamiento\\\/#\\\/schema\\\/person\\\/7656a5bb58fca95b9814e940de0fda63\",\"name\":\"Juan\",\"image\":{\"@type\":\"ImageObject\",\"inLanguage\":\"es\",\"@id\":\"https:\\\/\\\/secure.gravatar.com\\\/avatar\\\/dd53e51c0cd6ab23f52d4f3e4f1c59730240727763de3dbbf26750b079a2c292?s=96&d=mm&r=g\",\"url\":\"https:\\\/\\\/secure.gravatar.com\\\/avatar\\\/dd53e51c0cd6ab23f52d4f3e4f1c59730240727763de3dbbf26750b079a2c292?s=96&d=mm&r=g\",\"contentUrl\":\"https:\\\/\\\/secure.gravatar.com\\\/avatar\\\/dd53e51c0cd6ab23f52d4f3e4f1c59730240727763de3dbbf26750b079a2c292?s=96&d=mm&r=g\",\"caption\":\"Juan\"},\"url\":\"https:\\\/\\\/www.caudete.org\\\/ayuntamiento\\\/author\\\/centrodeinternet\\\/\"}]}<\/script>\n<!-- \/ Yoast SEO plugin. -->","yoast_head_json":{"title":"CONCIERTO \"Desde el cine a piano\" con Fernando L\u00e1zaro - MI Ayuntamiento de Caudete","description":"P\u00e1gina Oficial del Ayuntamiento de Caudete (Albacete)","robots":{"index":"index","follow":"follow","max-snippet":"max-snippet:-1","max-image-preview":"max-image-preview:large","max-video-preview":"max-video-preview:-1"},"canonical":"https:\/\/www.caudete.org\/ayuntamiento\/concierto-desde-el-cine-a-piano-con-fernando-lazaro\/","og_locale":"es_ES","og_type":"article","og_title":"CONCIERTO \"Desde el cine a piano\" con Fernando L\u00e1zaro - MI Ayuntamiento de Caudete","og_description":"P\u00e1gina Oficial del Ayuntamiento de Caudete (Albacete)","og_url":"https:\/\/www.caudete.org\/ayuntamiento\/concierto-desde-el-cine-a-piano-con-fernando-lazaro\/","og_site_name":"MI Ayuntamiento de Caudete","article_publisher":"https:\/\/www.facebook.com\/ayuntamientocaudete\/","article_published_time":"2022-02-15T08:23:04+00:00","article_modified_time":"2022-02-16T17:03:03+00:00","og_image":[{"width":864,"height":380,"url":"https:\/\/www.caudete.org\/ayuntamiento\/wp-content\/uploads\/2022\/02\/Del-cine-al-piano-WEB.jpg","type":"image\/jpeg"}],"author":"Juan","twitter_card":"summary_large_image","twitter_misc":{"Escrito por":"Juan","Tiempo de lectura":"2 minutos"},"schema":{"@context":"https:\/\/schema.org","@graph":[{"@type":"Article","@id":"https:\/\/www.caudete.org\/ayuntamiento\/concierto-desde-el-cine-a-piano-con-fernando-lazaro\/#article","isPartOf":{"@id":"https:\/\/www.caudete.org\/ayuntamiento\/concierto-desde-el-cine-a-piano-con-fernando-lazaro\/"},"author":{"name":"Juan","@id":"https:\/\/www.caudete.org\/ayuntamiento\/#\/schema\/person\/7656a5bb58fca95b9814e940de0fda63"},"headline":"CONCIERTO &#8220;Desde el cine a piano&#8221; con Fernando L\u00e1zaro","datePublished":"2022-02-15T08:23:04+00:00","dateModified":"2022-02-16T17:03:03+00:00","mainEntityOfPage":{"@id":"https:\/\/www.caudete.org\/ayuntamiento\/concierto-desde-el-cine-a-piano-con-fernando-lazaro\/"},"wordCount":340,"image":{"@id":"https:\/\/www.caudete.org\/ayuntamiento\/concierto-desde-el-cine-a-piano-con-fernando-lazaro\/#primaryimage"},"thumbnailUrl":"https:\/\/www.caudete.org\/ayuntamiento\/wp-content\/uploads\/2022\/02\/Del-cine-al-piano-WEB.jpg","keywords":["Concierto","Desde el cine al piano","Fernando L\u00e1zaro"],"articleSection":["Cultura"],"inLanguage":"es"},{"@type":"WebPage","@id":"https:\/\/www.caudete.org\/ayuntamiento\/concierto-desde-el-cine-a-piano-con-fernando-lazaro\/","url":"https:\/\/www.caudete.org\/ayuntamiento\/concierto-desde-el-cine-a-piano-con-fernando-lazaro\/","name":"CONCIERTO \"Desde el cine a piano\" con Fernando L\u00e1zaro - MI Ayuntamiento de Caudete","isPartOf":{"@id":"https:\/\/www.caudete.org\/ayuntamiento\/#website"},"primaryImageOfPage":{"@id":"https:\/\/www.caudete.org\/ayuntamiento\/concierto-desde-el-cine-a-piano-con-fernando-lazaro\/#primaryimage"},"image":{"@id":"https:\/\/www.caudete.org\/ayuntamiento\/concierto-desde-el-cine-a-piano-con-fernando-lazaro\/#primaryimage"},"thumbnailUrl":"https:\/\/www.caudete.org\/ayuntamiento\/wp-content\/uploads\/2022\/02\/Del-cine-al-piano-WEB.jpg","datePublished":"2022-02-15T08:23:04+00:00","dateModified":"2022-02-16T17:03:03+00:00","author":{"@id":"https:\/\/www.caudete.org\/ayuntamiento\/#\/schema\/person\/7656a5bb58fca95b9814e940de0fda63"},"description":"P\u00e1gina Oficial del Ayuntamiento de Caudete (Albacete)","breadcrumb":{"@id":"https:\/\/www.caudete.org\/ayuntamiento\/concierto-desde-el-cine-a-piano-con-fernando-lazaro\/#breadcrumb"},"inLanguage":"es","potentialAction":[{"@type":"ReadAction","target":["https:\/\/www.caudete.org\/ayuntamiento\/concierto-desde-el-cine-a-piano-con-fernando-lazaro\/"]}]},{"@type":"ImageObject","inLanguage":"es","@id":"https:\/\/www.caudete.org\/ayuntamiento\/concierto-desde-el-cine-a-piano-con-fernando-lazaro\/#primaryimage","url":"https:\/\/www.caudete.org\/ayuntamiento\/wp-content\/uploads\/2022\/02\/Del-cine-al-piano-WEB.jpg","contentUrl":"https:\/\/www.caudete.org\/ayuntamiento\/wp-content\/uploads\/2022\/02\/Del-cine-al-piano-WEB.jpg","width":864,"height":380},{"@type":"BreadcrumbList","@id":"https:\/\/www.caudete.org\/ayuntamiento\/concierto-desde-el-cine-a-piano-con-fernando-lazaro\/#breadcrumb","itemListElement":[{"@type":"ListItem","position":1,"name":"Inicio","item":"https:\/\/www.caudete.org\/ayuntamiento\/"},{"@type":"ListItem","position":2,"name":"CONCIERTO &#8220;Desde el cine a piano&#8221; con Fernando L\u00e1zaro"}]},{"@type":"WebSite","@id":"https:\/\/www.caudete.org\/ayuntamiento\/#website","url":"https:\/\/www.caudete.org\/ayuntamiento\/","name":"MI Ayuntamiento de Caudete","description":"P\u00e1gina Oficial del MI Ayuntamiento de Caudete","potentialAction":[{"@type":"SearchAction","target":{"@type":"EntryPoint","urlTemplate":"https:\/\/www.caudete.org\/ayuntamiento\/?s={search_term_string}"},"query-input":{"@type":"PropertyValueSpecification","valueRequired":true,"valueName":"search_term_string"}}],"inLanguage":"es"},{"@type":"Person","@id":"https:\/\/www.caudete.org\/ayuntamiento\/#\/schema\/person\/7656a5bb58fca95b9814e940de0fda63","name":"Juan","image":{"@type":"ImageObject","inLanguage":"es","@id":"https:\/\/secure.gravatar.com\/avatar\/dd53e51c0cd6ab23f52d4f3e4f1c59730240727763de3dbbf26750b079a2c292?s=96&d=mm&r=g","url":"https:\/\/secure.gravatar.com\/avatar\/dd53e51c0cd6ab23f52d4f3e4f1c59730240727763de3dbbf26750b079a2c292?s=96&d=mm&r=g","contentUrl":"https:\/\/secure.gravatar.com\/avatar\/dd53e51c0cd6ab23f52d4f3e4f1c59730240727763de3dbbf26750b079a2c292?s=96&d=mm&r=g","caption":"Juan"},"url":"https:\/\/www.caudete.org\/ayuntamiento\/author\/centrodeinternet\/"}]}},"_links":{"self":[{"href":"https:\/\/www.caudete.org\/ayuntamiento\/wp-json\/wp\/v2\/posts\/18206","targetHints":{"allow":["GET"]}}],"collection":[{"href":"https:\/\/www.caudete.org\/ayuntamiento\/wp-json\/wp\/v2\/posts"}],"about":[{"href":"https:\/\/www.caudete.org\/ayuntamiento\/wp-json\/wp\/v2\/types\/post"}],"author":[{"embeddable":true,"href":"https:\/\/www.caudete.org\/ayuntamiento\/wp-json\/wp\/v2\/users\/2"}],"replies":[{"embeddable":true,"href":"https:\/\/www.caudete.org\/ayuntamiento\/wp-json\/wp\/v2\/comments?post=18206"}],"version-history":[{"count":6,"href":"https:\/\/www.caudete.org\/ayuntamiento\/wp-json\/wp\/v2\/posts\/18206\/revisions"}],"predecessor-version":[{"id":18213,"href":"https:\/\/www.caudete.org\/ayuntamiento\/wp-json\/wp\/v2\/posts\/18206\/revisions\/18213"}],"wp:featuredmedia":[{"embeddable":true,"href":"https:\/\/www.caudete.org\/ayuntamiento\/wp-json\/wp\/v2\/media\/18198"}],"wp:attachment":[{"href":"https:\/\/www.caudete.org\/ayuntamiento\/wp-json\/wp\/v2\/media?parent=18206"}],"wp:term":[{"taxonomy":"category","embeddable":true,"href":"https:\/\/www.caudete.org\/ayuntamiento\/wp-json\/wp\/v2\/categories?post=18206"},{"taxonomy":"post_tag","embeddable":true,"href":"https:\/\/www.caudete.org\/ayuntamiento\/wp-json\/wp\/v2\/tags?post=18206"}],"curies":[{"name":"wp","href":"https:\/\/api.w.org\/{rel}","templated":true}]}}