{"id":18214,"date":"2022-02-17T09:03:49","date_gmt":"2022-02-17T08:03:49","guid":{"rendered":"https:\/\/www.caudete.org\/ayuntamiento\/?p=18214"},"modified":"2022-02-18T05:42:25","modified_gmt":"2022-02-18T04:42:25","slug":"conferencia-el-divino-y-la-fornarina-un-amor-intenso-hasta-la-muerte","status":"publish","type":"post","link":"https:\/\/www.caudete.org\/ayuntamiento\/conferencia-el-divino-y-la-fornarina-un-amor-intenso-hasta-la-muerte\/","title":{"rendered":"CONFERENCIA \u201cEl Divino\u201d y \u201cLa Fornarina\u201d: Un amor intenso hasta la muerte."},"content":{"rendered":"<p><strong>A cargo de Valeriano Venneri, Historiador y cr\u00edtico de Arte. <\/strong><\/p>\n<p><strong>Martes 22 de febrero. 19:30 horas.<\/strong><\/p>\n<p><strong>LUGAR: <\/strong><strong>Museo de la Acuarela Rafael Requena.<\/strong><\/p>\n<p>Este hombre es uno de los m\u00e1s grandes artistas del Renacimiento, conocido en todo el mundo. Nacido en Urbino en 1483, hijo de otro famoso pintor, Giovanni Santi, que trabaj\u00f3 en la corte de Montefeltro. Es alumno del famoso pintor Perugino y amigo de Pinturicchio. Tras de viajar de Florencia a Siena, se traslada a Roma, donde crear\u00e1 algunas de sus mayores obras maestras a instancias de los Papas Julio II y Le\u00f3n X. \u00c9l es Raffaello Sanzio, <strong>Rafael<\/strong>.<\/p>\n<p>Ella, es la hija de un panadero del Trastevere, tan hermosa que en cuanto Raffaello la ve queda impactado por ella. No es casualidad que se convierta en la musa inspiradora de algunas de sus pinturas m\u00e1s famosas: la llamada \u2018Fornarina\u2019, conservada en la Galer\u00eda Nacional de Arte Antiguo en el Palacio Barberini de Roma, y probablemente tambi\u00e9n de \u2018la Velada\u2019, conservada en la Galer\u00eda Palatina de Florencia. Ella es Margherita Luti, una joven de Siena hija de Francesco Luti, panadero en Roma. El apodo de \u2018Fornarina\u2019 deriva de la profesi\u00f3n de su padre.<\/p>\n<p>La relaci\u00f3n amorosa entre el Divino Rafael y Margherita, es una de las m\u00e1s intensas y conocidas de la historia del arte, lamentablemente, con un final triste. Rafael muere joven, el 6 de abril 1520 y ella, quiz\u00e1s, a causa del dolor provocado por la muerte de su amante fallece en el 1522.<\/p>\n<p>Conferencia programada dentro de la Programaci\u00f3n Primavera 2022 organizada por la Concejal\u00eda de Cultura.<\/p>\n<p>&nbsp;<\/p>\n<p>\ud835\udc04\ud835\udc0d \ud835\udc03\ud835\udc08\ud835\udc11\ud835\udc04\ud835\udc02\ud835\udc13\ud835\udc0e \ud835\udc0f\ud835\udc0e\ud835\udc11 \ud835\udc12\ud835\udc13\ud835\udc11\ud835\udc04\ud835\udc00\ud835\udc0c\ud835\udc08\ud835\udc0d\ud835\udc06<\/p>\n<p>\ud835\udc0c\ud835\udc1a\ud835\udc2b\ud835\udc2d\ud835\udc1e\ud835\udc2c \ud835\udc1d\ud835\udc22\u0301\ud835\udc1a \ud835\udfd0\ud835\udfd0 \ud835\udc1d\ud835\udc1e \ud835\udc1f\ud835\udc1e\ud835\udc1b\ud835\udc2b\ud835\udc1e\ud835\udc2b\ud835\udc28 \ud835\udc1a \ud835\udc25\ud835\udc1a\ud835\udc2c \ud835\udfcf\ud835\udfd7:\ud835\udfd1\ud835\udfce \ud835\udc21\ud835\udc28\ud835\udc2b\ud835\udc1a\ud835\udc2c \ud835\udc1d\ud835\udc1e\ud835\udc2c\ud835\udc1d\ud835\udc1e \ud835\udc1e\ud835\udc25 \ud835\udc0c\ud835\udc2e\ud835\udc2c\ud835\udc1e\ud835\udc28 \ud835\udc1d\ud835\udc1e \ud835\udc25\ud835\udc1a \ud835\udc00\ud835\udc1c\ud835\udc2e\ud835\udc1a\ud835\udc2b\ud835\udc1e\ud835\udc25\ud835\udc1a &#8220;\ud835\udc11\ud835\udc1a\ud835\udc1f\ud835\udc1a\ud835\udc1e\ud835\udc25 \ud835\udc11\ud835\udc1e\ud835\udc2a\ud835\udc2e\ud835\udc1e\ud835\udc27\ud835\udc1a&#8221; \ud835\udc1d\ud835\udc1e \ud835\udc02\ud835\udc1a\ud835\udc2e\ud835\udc1d\ud835\udc1e\ud835\udc2d\ud835\udc1e.<\/p>\n<p><iframe title=\"CONFERENCIA \u201cEl Divino\u201d y \u201cLa Fornarina\u201d: Un amor intenso hasta la muerte.\" width=\"587\" height=\"440\" src=\"https:\/\/www.youtube.com\/embed\/XhfLtn3UUm8?feature=oembed\" frameborder=\"0\" allow=\"accelerometer; autoplay; clipboard-write; encrypted-media; gyroscope; picture-in-picture\" allowfullscreen><\/iframe><\/p>\n","protected":false},"excerpt":{"rendered":"<p>A cargo de Valeriano Venneri, Historiador y cr\u00edtico de Arte. Martes 22 de febrero. 19:30 horas. LUGAR: Museo de la Acuarela Rafael Requena. Este hombre es uno de los m\u00e1s grandes artistas del Renacimiento, conocido en todo el mundo. Nacido en Urbino en 1483, hijo de otro famoso pintor, Giovanni Santi, que trabaj\u00f3 en la &hellip;<\/p>\n","protected":false},"author":2,"featured_media":18217,"comment_status":"closed","ping_status":"open","sticky":false,"template":"","format":"standard","meta":{"ngg_post_thumbnail":0,"footnotes":""},"categories":[14],"tags":[794,793,792],"class_list":["post-18214","post","type-post","status-publish","format-standard","has-post-thumbnail","hentry","category-cultura","tag-la-fornarina","tag-rafael","tag-valeriano-venneri"],"yoast_head":"<!-- This site is optimized with the Yoast SEO plugin v27.5 - https:\/\/yoast.com\/product\/yoast-seo-wordpress\/ -->\n<title>CONFERENCIA \u201cEl Divino\u201d y \u201cLa Fornarina\u201d: Un amor intenso hasta la muerte. - MI Ayuntamiento de Caudete<\/title>\n<meta name=\"description\" content=\"P\u00e1gina Oficial del Ayuntamiento de Caudete (Albacete)\" \/>\n<meta name=\"robots\" content=\"index, follow, max-snippet:-1, max-image-preview:large, max-video-preview:-1\" \/>\n<link rel=\"canonical\" href=\"https:\/\/www.caudete.org\/ayuntamiento\/conferencia-el-divino-y-la-fornarina-un-amor-intenso-hasta-la-muerte\/\" \/>\n<meta property=\"og:locale\" content=\"es_ES\" \/>\n<meta property=\"og:type\" content=\"article\" \/>\n<meta property=\"og:title\" content=\"CONFERENCIA \u201cEl Divino\u201d y \u201cLa Fornarina\u201d: Un amor intenso hasta la muerte. - MI Ayuntamiento de Caudete\" \/>\n<meta property=\"og:description\" content=\"P\u00e1gina Oficial del Ayuntamiento de Caudete (Albacete)\" \/>\n<meta property=\"og:url\" content=\"https:\/\/www.caudete.org\/ayuntamiento\/conferencia-el-divino-y-la-fornarina-un-amor-intenso-hasta-la-muerte\/\" \/>\n<meta property=\"og:site_name\" content=\"MI Ayuntamiento de Caudete\" \/>\n<meta property=\"article:publisher\" content=\"https:\/\/www.facebook.com\/ayuntamientocaudete\/\" \/>\n<meta property=\"article:published_time\" content=\"2022-02-17T08:03:49+00:00\" \/>\n<meta property=\"article:modified_time\" content=\"2022-02-18T04:42:25+00:00\" \/>\n<meta property=\"og:image\" content=\"https:\/\/www.caudete.org\/ayuntamiento\/wp-content\/uploads\/2022\/02\/Conferencia-WEB.jpg\" \/>\n\t<meta property=\"og:image:width\" content=\"864\" \/>\n\t<meta property=\"og:image:height\" content=\"380\" \/>\n\t<meta property=\"og:image:type\" content=\"image\/jpeg\" \/>\n<meta name=\"author\" content=\"Juan\" \/>\n<meta name=\"twitter:card\" content=\"summary_large_image\" \/>\n<meta name=\"twitter:label1\" content=\"Escrito por\" \/>\n\t<meta name=\"twitter:data1\" content=\"Juan\" \/>\n\t<meta name=\"twitter:label2\" content=\"Tiempo de lectura\" \/>\n\t<meta name=\"twitter:data2\" content=\"2 minutos\" \/>\n<script type=\"application\/ld+json\" class=\"yoast-schema-graph\">{\"@context\":\"https:\\\/\\\/schema.org\",\"@graph\":[{\"@type\":\"Article\",\"@id\":\"https:\\\/\\\/www.caudete.org\\\/ayuntamiento\\\/conferencia-el-divino-y-la-fornarina-un-amor-intenso-hasta-la-muerte\\\/#article\",\"isPartOf\":{\"@id\":\"https:\\\/\\\/www.caudete.org\\\/ayuntamiento\\\/conferencia-el-divino-y-la-fornarina-un-amor-intenso-hasta-la-muerte\\\/\"},\"author\":{\"name\":\"Juan\",\"@id\":\"https:\\\/\\\/www.caudete.org\\\/ayuntamiento\\\/#\\\/schema\\\/person\\\/7656a5bb58fca95b9814e940de0fda63\"},\"headline\":\"CONFERENCIA \u201cEl Divino\u201d y \u201cLa Fornarina\u201d: Un amor intenso hasta la muerte.\",\"datePublished\":\"2022-02-17T08:03:49+00:00\",\"dateModified\":\"2022-02-18T04:42:25+00:00\",\"mainEntityOfPage\":{\"@id\":\"https:\\\/\\\/www.caudete.org\\\/ayuntamiento\\\/conferencia-el-divino-y-la-fornarina-un-amor-intenso-hasta-la-muerte\\\/\"},\"wordCount\":287,\"image\":{\"@id\":\"https:\\\/\\\/www.caudete.org\\\/ayuntamiento\\\/conferencia-el-divino-y-la-fornarina-un-amor-intenso-hasta-la-muerte\\\/#primaryimage\"},\"thumbnailUrl\":\"https:\\\/\\\/www.caudete.org\\\/ayuntamiento\\\/wp-content\\\/uploads\\\/2022\\\/02\\\/Conferencia-WEB.jpg\",\"keywords\":[\"La fornarina\",\"Rafael\",\"Valeriano Venneri\"],\"articleSection\":[\"Cultura\"],\"inLanguage\":\"es\"},{\"@type\":\"WebPage\",\"@id\":\"https:\\\/\\\/www.caudete.org\\\/ayuntamiento\\\/conferencia-el-divino-y-la-fornarina-un-amor-intenso-hasta-la-muerte\\\/\",\"url\":\"https:\\\/\\\/www.caudete.org\\\/ayuntamiento\\\/conferencia-el-divino-y-la-fornarina-un-amor-intenso-hasta-la-muerte\\\/\",\"name\":\"CONFERENCIA \u201cEl Divino\u201d y \u201cLa Fornarina\u201d: Un amor intenso hasta la muerte. - MI Ayuntamiento de Caudete\",\"isPartOf\":{\"@id\":\"https:\\\/\\\/www.caudete.org\\\/ayuntamiento\\\/#website\"},\"primaryImageOfPage\":{\"@id\":\"https:\\\/\\\/www.caudete.org\\\/ayuntamiento\\\/conferencia-el-divino-y-la-fornarina-un-amor-intenso-hasta-la-muerte\\\/#primaryimage\"},\"image\":{\"@id\":\"https:\\\/\\\/www.caudete.org\\\/ayuntamiento\\\/conferencia-el-divino-y-la-fornarina-un-amor-intenso-hasta-la-muerte\\\/#primaryimage\"},\"thumbnailUrl\":\"https:\\\/\\\/www.caudete.org\\\/ayuntamiento\\\/wp-content\\\/uploads\\\/2022\\\/02\\\/Conferencia-WEB.jpg\",\"datePublished\":\"2022-02-17T08:03:49+00:00\",\"dateModified\":\"2022-02-18T04:42:25+00:00\",\"author\":{\"@id\":\"https:\\\/\\\/www.caudete.org\\\/ayuntamiento\\\/#\\\/schema\\\/person\\\/7656a5bb58fca95b9814e940de0fda63\"},\"description\":\"P\u00e1gina Oficial del Ayuntamiento de Caudete (Albacete)\",\"breadcrumb\":{\"@id\":\"https:\\\/\\\/www.caudete.org\\\/ayuntamiento\\\/conferencia-el-divino-y-la-fornarina-un-amor-intenso-hasta-la-muerte\\\/#breadcrumb\"},\"inLanguage\":\"es\",\"potentialAction\":[{\"@type\":\"ReadAction\",\"target\":[\"https:\\\/\\\/www.caudete.org\\\/ayuntamiento\\\/conferencia-el-divino-y-la-fornarina-un-amor-intenso-hasta-la-muerte\\\/\"]}]},{\"@type\":\"ImageObject\",\"inLanguage\":\"es\",\"@id\":\"https:\\\/\\\/www.caudete.org\\\/ayuntamiento\\\/conferencia-el-divino-y-la-fornarina-un-amor-intenso-hasta-la-muerte\\\/#primaryimage\",\"url\":\"https:\\\/\\\/www.caudete.org\\\/ayuntamiento\\\/wp-content\\\/uploads\\\/2022\\\/02\\\/Conferencia-WEB.jpg\",\"contentUrl\":\"https:\\\/\\\/www.caudete.org\\\/ayuntamiento\\\/wp-content\\\/uploads\\\/2022\\\/02\\\/Conferencia-WEB.jpg\",\"width\":864,\"height\":380},{\"@type\":\"BreadcrumbList\",\"@id\":\"https:\\\/\\\/www.caudete.org\\\/ayuntamiento\\\/conferencia-el-divino-y-la-fornarina-un-amor-intenso-hasta-la-muerte\\\/#breadcrumb\",\"itemListElement\":[{\"@type\":\"ListItem\",\"position\":1,\"name\":\"Inicio\",\"item\":\"https:\\\/\\\/www.caudete.org\\\/ayuntamiento\\\/\"},{\"@type\":\"ListItem\",\"position\":2,\"name\":\"CONFERENCIA \u201cEl Divino\u201d y \u201cLa Fornarina\u201d: Un amor intenso hasta la muerte.\"}]},{\"@type\":\"WebSite\",\"@id\":\"https:\\\/\\\/www.caudete.org\\\/ayuntamiento\\\/#website\",\"url\":\"https:\\\/\\\/www.caudete.org\\\/ayuntamiento\\\/\",\"name\":\"MI Ayuntamiento de Caudete\",\"description\":\"P\u00e1gina Oficial del MI Ayuntamiento de Caudete\",\"potentialAction\":[{\"@type\":\"SearchAction\",\"target\":{\"@type\":\"EntryPoint\",\"urlTemplate\":\"https:\\\/\\\/www.caudete.org\\\/ayuntamiento\\\/?s={search_term_string}\"},\"query-input\":{\"@type\":\"PropertyValueSpecification\",\"valueRequired\":true,\"valueName\":\"search_term_string\"}}],\"inLanguage\":\"es\"},{\"@type\":\"Person\",\"@id\":\"https:\\\/\\\/www.caudete.org\\\/ayuntamiento\\\/#\\\/schema\\\/person\\\/7656a5bb58fca95b9814e940de0fda63\",\"name\":\"Juan\",\"image\":{\"@type\":\"ImageObject\",\"inLanguage\":\"es\",\"@id\":\"https:\\\/\\\/secure.gravatar.com\\\/avatar\\\/dd53e51c0cd6ab23f52d4f3e4f1c59730240727763de3dbbf26750b079a2c292?s=96&d=mm&r=g\",\"url\":\"https:\\\/\\\/secure.gravatar.com\\\/avatar\\\/dd53e51c0cd6ab23f52d4f3e4f1c59730240727763de3dbbf26750b079a2c292?s=96&d=mm&r=g\",\"contentUrl\":\"https:\\\/\\\/secure.gravatar.com\\\/avatar\\\/dd53e51c0cd6ab23f52d4f3e4f1c59730240727763de3dbbf26750b079a2c292?s=96&d=mm&r=g\",\"caption\":\"Juan\"},\"url\":\"https:\\\/\\\/www.caudete.org\\\/ayuntamiento\\\/author\\\/centrodeinternet\\\/\"}]}<\/script>\n<!-- \/ Yoast SEO plugin. -->","yoast_head_json":{"title":"CONFERENCIA \u201cEl Divino\u201d y \u201cLa Fornarina\u201d: Un amor intenso hasta la muerte. - MI Ayuntamiento de Caudete","description":"P\u00e1gina Oficial del Ayuntamiento de Caudete (Albacete)","robots":{"index":"index","follow":"follow","max-snippet":"max-snippet:-1","max-image-preview":"max-image-preview:large","max-video-preview":"max-video-preview:-1"},"canonical":"https:\/\/www.caudete.org\/ayuntamiento\/conferencia-el-divino-y-la-fornarina-un-amor-intenso-hasta-la-muerte\/","og_locale":"es_ES","og_type":"article","og_title":"CONFERENCIA \u201cEl Divino\u201d y \u201cLa Fornarina\u201d: Un amor intenso hasta la muerte. - MI Ayuntamiento de Caudete","og_description":"P\u00e1gina Oficial del Ayuntamiento de Caudete (Albacete)","og_url":"https:\/\/www.caudete.org\/ayuntamiento\/conferencia-el-divino-y-la-fornarina-un-amor-intenso-hasta-la-muerte\/","og_site_name":"MI Ayuntamiento de Caudete","article_publisher":"https:\/\/www.facebook.com\/ayuntamientocaudete\/","article_published_time":"2022-02-17T08:03:49+00:00","article_modified_time":"2022-02-18T04:42:25+00:00","og_image":[{"width":864,"height":380,"url":"https:\/\/www.caudete.org\/ayuntamiento\/wp-content\/uploads\/2022\/02\/Conferencia-WEB.jpg","type":"image\/jpeg"}],"author":"Juan","twitter_card":"summary_large_image","twitter_misc":{"Escrito por":"Juan","Tiempo de lectura":"2 minutos"},"schema":{"@context":"https:\/\/schema.org","@graph":[{"@type":"Article","@id":"https:\/\/www.caudete.org\/ayuntamiento\/conferencia-el-divino-y-la-fornarina-un-amor-intenso-hasta-la-muerte\/#article","isPartOf":{"@id":"https:\/\/www.caudete.org\/ayuntamiento\/conferencia-el-divino-y-la-fornarina-un-amor-intenso-hasta-la-muerte\/"},"author":{"name":"Juan","@id":"https:\/\/www.caudete.org\/ayuntamiento\/#\/schema\/person\/7656a5bb58fca95b9814e940de0fda63"},"headline":"CONFERENCIA \u201cEl Divino\u201d y \u201cLa Fornarina\u201d: Un amor intenso hasta la muerte.","datePublished":"2022-02-17T08:03:49+00:00","dateModified":"2022-02-18T04:42:25+00:00","mainEntityOfPage":{"@id":"https:\/\/www.caudete.org\/ayuntamiento\/conferencia-el-divino-y-la-fornarina-un-amor-intenso-hasta-la-muerte\/"},"wordCount":287,"image":{"@id":"https:\/\/www.caudete.org\/ayuntamiento\/conferencia-el-divino-y-la-fornarina-un-amor-intenso-hasta-la-muerte\/#primaryimage"},"thumbnailUrl":"https:\/\/www.caudete.org\/ayuntamiento\/wp-content\/uploads\/2022\/02\/Conferencia-WEB.jpg","keywords":["La fornarina","Rafael","Valeriano Venneri"],"articleSection":["Cultura"],"inLanguage":"es"},{"@type":"WebPage","@id":"https:\/\/www.caudete.org\/ayuntamiento\/conferencia-el-divino-y-la-fornarina-un-amor-intenso-hasta-la-muerte\/","url":"https:\/\/www.caudete.org\/ayuntamiento\/conferencia-el-divino-y-la-fornarina-un-amor-intenso-hasta-la-muerte\/","name":"CONFERENCIA \u201cEl Divino\u201d y \u201cLa Fornarina\u201d: Un amor intenso hasta la muerte. - MI Ayuntamiento de Caudete","isPartOf":{"@id":"https:\/\/www.caudete.org\/ayuntamiento\/#website"},"primaryImageOfPage":{"@id":"https:\/\/www.caudete.org\/ayuntamiento\/conferencia-el-divino-y-la-fornarina-un-amor-intenso-hasta-la-muerte\/#primaryimage"},"image":{"@id":"https:\/\/www.caudete.org\/ayuntamiento\/conferencia-el-divino-y-la-fornarina-un-amor-intenso-hasta-la-muerte\/#primaryimage"},"thumbnailUrl":"https:\/\/www.caudete.org\/ayuntamiento\/wp-content\/uploads\/2022\/02\/Conferencia-WEB.jpg","datePublished":"2022-02-17T08:03:49+00:00","dateModified":"2022-02-18T04:42:25+00:00","author":{"@id":"https:\/\/www.caudete.org\/ayuntamiento\/#\/schema\/person\/7656a5bb58fca95b9814e940de0fda63"},"description":"P\u00e1gina Oficial del Ayuntamiento de Caudete (Albacete)","breadcrumb":{"@id":"https:\/\/www.caudete.org\/ayuntamiento\/conferencia-el-divino-y-la-fornarina-un-amor-intenso-hasta-la-muerte\/#breadcrumb"},"inLanguage":"es","potentialAction":[{"@type":"ReadAction","target":["https:\/\/www.caudete.org\/ayuntamiento\/conferencia-el-divino-y-la-fornarina-un-amor-intenso-hasta-la-muerte\/"]}]},{"@type":"ImageObject","inLanguage":"es","@id":"https:\/\/www.caudete.org\/ayuntamiento\/conferencia-el-divino-y-la-fornarina-un-amor-intenso-hasta-la-muerte\/#primaryimage","url":"https:\/\/www.caudete.org\/ayuntamiento\/wp-content\/uploads\/2022\/02\/Conferencia-WEB.jpg","contentUrl":"https:\/\/www.caudete.org\/ayuntamiento\/wp-content\/uploads\/2022\/02\/Conferencia-WEB.jpg","width":864,"height":380},{"@type":"BreadcrumbList","@id":"https:\/\/www.caudete.org\/ayuntamiento\/conferencia-el-divino-y-la-fornarina-un-amor-intenso-hasta-la-muerte\/#breadcrumb","itemListElement":[{"@type":"ListItem","position":1,"name":"Inicio","item":"https:\/\/www.caudete.org\/ayuntamiento\/"},{"@type":"ListItem","position":2,"name":"CONFERENCIA \u201cEl Divino\u201d y \u201cLa Fornarina\u201d: Un amor intenso hasta la muerte."}]},{"@type":"WebSite","@id":"https:\/\/www.caudete.org\/ayuntamiento\/#website","url":"https:\/\/www.caudete.org\/ayuntamiento\/","name":"MI Ayuntamiento de Caudete","description":"P\u00e1gina Oficial del MI Ayuntamiento de Caudete","potentialAction":[{"@type":"SearchAction","target":{"@type":"EntryPoint","urlTemplate":"https:\/\/www.caudete.org\/ayuntamiento\/?s={search_term_string}"},"query-input":{"@type":"PropertyValueSpecification","valueRequired":true,"valueName":"search_term_string"}}],"inLanguage":"es"},{"@type":"Person","@id":"https:\/\/www.caudete.org\/ayuntamiento\/#\/schema\/person\/7656a5bb58fca95b9814e940de0fda63","name":"Juan","image":{"@type":"ImageObject","inLanguage":"es","@id":"https:\/\/secure.gravatar.com\/avatar\/dd53e51c0cd6ab23f52d4f3e4f1c59730240727763de3dbbf26750b079a2c292?s=96&d=mm&r=g","url":"https:\/\/secure.gravatar.com\/avatar\/dd53e51c0cd6ab23f52d4f3e4f1c59730240727763de3dbbf26750b079a2c292?s=96&d=mm&r=g","contentUrl":"https:\/\/secure.gravatar.com\/avatar\/dd53e51c0cd6ab23f52d4f3e4f1c59730240727763de3dbbf26750b079a2c292?s=96&d=mm&r=g","caption":"Juan"},"url":"https:\/\/www.caudete.org\/ayuntamiento\/author\/centrodeinternet\/"}]}},"_links":{"self":[{"href":"https:\/\/www.caudete.org\/ayuntamiento\/wp-json\/wp\/v2\/posts\/18214","targetHints":{"allow":["GET"]}}],"collection":[{"href":"https:\/\/www.caudete.org\/ayuntamiento\/wp-json\/wp\/v2\/posts"}],"about":[{"href":"https:\/\/www.caudete.org\/ayuntamiento\/wp-json\/wp\/v2\/types\/post"}],"author":[{"embeddable":true,"href":"https:\/\/www.caudete.org\/ayuntamiento\/wp-json\/wp\/v2\/users\/2"}],"replies":[{"embeddable":true,"href":"https:\/\/www.caudete.org\/ayuntamiento\/wp-json\/wp\/v2\/comments?post=18214"}],"version-history":[{"count":9,"href":"https:\/\/www.caudete.org\/ayuntamiento\/wp-json\/wp\/v2\/posts\/18214\/revisions"}],"predecessor-version":[{"id":18224,"href":"https:\/\/www.caudete.org\/ayuntamiento\/wp-json\/wp\/v2\/posts\/18214\/revisions\/18224"}],"wp:featuredmedia":[{"embeddable":true,"href":"https:\/\/www.caudete.org\/ayuntamiento\/wp-json\/wp\/v2\/media\/18217"}],"wp:attachment":[{"href":"https:\/\/www.caudete.org\/ayuntamiento\/wp-json\/wp\/v2\/media?parent=18214"}],"wp:term":[{"taxonomy":"category","embeddable":true,"href":"https:\/\/www.caudete.org\/ayuntamiento\/wp-json\/wp\/v2\/categories?post=18214"},{"taxonomy":"post_tag","embeddable":true,"href":"https:\/\/www.caudete.org\/ayuntamiento\/wp-json\/wp\/v2\/tags?post=18214"}],"curies":[{"name":"wp","href":"https:\/\/api.w.org\/{rel}","templated":true}]}}