{"id":18242,"date":"2022-02-21T12:00:30","date_gmt":"2022-02-21T11:00:30","guid":{"rendered":"https:\/\/www.caudete.org\/ayuntamiento\/?p=18242"},"modified":"2022-02-21T00:27:57","modified_gmt":"2022-02-20T23:27:57","slug":"mmar-sanchez-lopez-sera-la-dama-de-honor-del-ayuntamiento-para-las-proximas-fiestas-patronales","status":"publish","type":"post","link":"https:\/\/www.caudete.org\/ayuntamiento\/mmar-sanchez-lopez-sera-la-dama-de-honor-del-ayuntamiento-para-las-proximas-fiestas-patronales\/","title":{"rendered":"M\u00b0Mar S\u00e1nchez L\u00f3pez, ser\u00e1 la DAMA DE HONOR del Ayuntamiento para las pr\u00f3ximas Fiestas Patronales"},"content":{"rendered":"<p style=\"text-align: justify;\">En la tarde del s\u00e1bado la Corporaci\u00f3n Municipal, encabezada por su Alcalde Mois\u00e9s L\u00f3pez, procedi\u00f3 a realizar el acto de Pedida de Dama para las pr\u00f3ximas Fiestas Patronales de Septiembre, toda vez que el cargo quedase vacante por quien lo ostentaba anteriormente.<\/p>\n<p style=\"text-align: justify;\">M\u00b0 del Mar S\u00e1nchez L\u00f3pez, una joven festera de cuna ha aceptado el mismo p\u00fablicamente, rodeada de familiares y amigos, ante el ofrecimiento realizado por el Primer Edil.<\/p>\n<p style=\"text-align: justify;\">Con este acto, el Alcalde reconoc\u00eda ante los asistentes que &#8220;el engranaje festero vuelve a activarse con la ilusi\u00f3n, la esperanza y el convencimiento de celebrar las Fiestas Patronales el pr\u00f3ximo Septiembre&#8221; por lo que el acto del s\u00e1bado supon\u00eda &#8220;el pistoletazo de salida no solo para la cuenta atr\u00e1s de las Fiestas, sino para recuperar esa normalidad y alegr\u00eda que tanto ansiamos los caudetanos&#8221;.<\/p>\n<p style=\"text-align: justify;\">Felicitaba a la joven Dama por su decisi\u00f3n e implicaci\u00f3n en la Fiesta en unas condiciones diferentes a lo habitual, su valent\u00eda por aceptar meterse a mitad de carrera y por cumplir uno de sus sue\u00f1os como festera, representando a la mujer caudetana bajo el cargo que ostentar\u00e1.<\/p>\n<p style=\"text-align: justify;\">Invitaba a los presentes a ser part\u00edcipes del acto de proclamaci\u00f3n de Dama de Honor que M\u00aa del Mar S\u00e1nchez L\u00f3pez tendr\u00e1 en unas semanas, justo cuando se retome la Semana Cultural Festera, pues sus compa\u00f1eras ya lo tuvieron en Marzo de 2020.<\/p>\n<p>&nbsp;<\/p>\n","protected":false},"excerpt":{"rendered":"<p>En la tarde del s\u00e1bado la Corporaci\u00f3n Municipal, encabezada por su Alcalde Mois\u00e9s L\u00f3pez, procedi\u00f3 a realizar el acto de Pedida de Dama para las pr\u00f3ximas Fiestas Patronales de Septiembre, toda vez que el cargo quedase vacante por quien lo ostentaba anteriormente. M\u00b0 del Mar S\u00e1nchez L\u00f3pez, una joven festera de cuna ha aceptado el &hellip;<\/p>\n","protected":false},"author":3,"featured_media":18246,"comment_status":"closed","ping_status":"open","sticky":false,"template":"","format":"standard","meta":{"ngg_post_thumbnail":0,"footnotes":""},"categories":[31],"tags":[],"class_list":["post-18242","post","type-post","status-publish","format-standard","has-post-thumbnail","hentry","category-fiestas"],"yoast_head":"<!-- This site is optimized with the Yoast SEO plugin v27.5 - https:\/\/yoast.com\/product\/yoast-seo-wordpress\/ -->\n<title>M\u00b0Mar S\u00e1nchez L\u00f3pez, ser\u00e1 la DAMA DE HONOR del Ayuntamiento para las pr\u00f3ximas Fiestas Patronales - MI Ayuntamiento de Caudete<\/title>\n<meta name=\"description\" content=\"P\u00e1gina Oficial del Ayuntamiento de Caudete (Albacete)\" \/>\n<meta name=\"robots\" content=\"index, follow, max-snippet:-1, max-image-preview:large, max-video-preview:-1\" \/>\n<link rel=\"canonical\" href=\"https:\/\/www.caudete.org\/ayuntamiento\/mmar-sanchez-lopez-sera-la-dama-de-honor-del-ayuntamiento-para-las-proximas-fiestas-patronales\/\" \/>\n<meta property=\"og:locale\" content=\"es_ES\" \/>\n<meta property=\"og:type\" content=\"article\" \/>\n<meta property=\"og:title\" content=\"M\u00b0Mar S\u00e1nchez L\u00f3pez, ser\u00e1 la DAMA DE HONOR del Ayuntamiento para las pr\u00f3ximas Fiestas Patronales - MI Ayuntamiento de Caudete\" \/>\n<meta property=\"og:description\" content=\"P\u00e1gina Oficial del Ayuntamiento de Caudete (Albacete)\" \/>\n<meta property=\"og:url\" content=\"https:\/\/www.caudete.org\/ayuntamiento\/mmar-sanchez-lopez-sera-la-dama-de-honor-del-ayuntamiento-para-las-proximas-fiestas-patronales\/\" \/>\n<meta property=\"og:site_name\" content=\"MI Ayuntamiento de Caudete\" \/>\n<meta property=\"article:publisher\" content=\"https:\/\/www.facebook.com\/ayuntamientocaudete\/\" \/>\n<meta property=\"article:published_time\" content=\"2022-02-21T11:00:30+00:00\" \/>\n<meta property=\"og:image\" content=\"https:\/\/www.caudete.org\/ayuntamiento\/wp-content\/uploads\/2022\/02\/IMG-20220219-WA0030.jpg\" \/>\n\t<meta property=\"og:image:width\" content=\"2048\" \/>\n\t<meta property=\"og:image:height\" content=\"1536\" \/>\n\t<meta property=\"og:image:type\" content=\"image\/jpeg\" \/>\n<meta name=\"author\" content=\"alcalde\" \/>\n<meta name=\"twitter:card\" content=\"summary_large_image\" \/>\n<meta name=\"twitter:label1\" content=\"Escrito por\" \/>\n\t<meta name=\"twitter:data1\" content=\"alcalde\" \/>\n\t<meta name=\"twitter:label2\" content=\"Tiempo de lectura\" \/>\n\t<meta name=\"twitter:data2\" content=\"1 minuto\" \/>\n<script type=\"application\/ld+json\" class=\"yoast-schema-graph\">{\"@context\":\"https:\\\/\\\/schema.org\",\"@graph\":[{\"@type\":\"Article\",\"@id\":\"https:\\\/\\\/www.caudete.org\\\/ayuntamiento\\\/mmar-sanchez-lopez-sera-la-dama-de-honor-del-ayuntamiento-para-las-proximas-fiestas-patronales\\\/#article\",\"isPartOf\":{\"@id\":\"https:\\\/\\\/www.caudete.org\\\/ayuntamiento\\\/mmar-sanchez-lopez-sera-la-dama-de-honor-del-ayuntamiento-para-las-proximas-fiestas-patronales\\\/\"},\"author\":{\"name\":\"alcalde\",\"@id\":\"https:\\\/\\\/www.caudete.org\\\/ayuntamiento\\\/#\\\/schema\\\/person\\\/cc646da9133078ee4d8dd47457947253\"},\"headline\":\"M\u00b0Mar S\u00e1nchez L\u00f3pez, ser\u00e1 la DAMA DE HONOR del Ayuntamiento para las pr\u00f3ximas Fiestas Patronales\",\"datePublished\":\"2022-02-21T11:00:30+00:00\",\"mainEntityOfPage\":{\"@id\":\"https:\\\/\\\/www.caudete.org\\\/ayuntamiento\\\/mmar-sanchez-lopez-sera-la-dama-de-honor-del-ayuntamiento-para-las-proximas-fiestas-patronales\\\/\"},\"wordCount\":269,\"image\":{\"@id\":\"https:\\\/\\\/www.caudete.org\\\/ayuntamiento\\\/mmar-sanchez-lopez-sera-la-dama-de-honor-del-ayuntamiento-para-las-proximas-fiestas-patronales\\\/#primaryimage\"},\"thumbnailUrl\":\"https:\\\/\\\/www.caudete.org\\\/ayuntamiento\\\/wp-content\\\/uploads\\\/2022\\\/02\\\/IMG-20220219-WA0030.jpg\",\"articleSection\":[\"Fiestas\"],\"inLanguage\":\"es\"},{\"@type\":\"WebPage\",\"@id\":\"https:\\\/\\\/www.caudete.org\\\/ayuntamiento\\\/mmar-sanchez-lopez-sera-la-dama-de-honor-del-ayuntamiento-para-las-proximas-fiestas-patronales\\\/\",\"url\":\"https:\\\/\\\/www.caudete.org\\\/ayuntamiento\\\/mmar-sanchez-lopez-sera-la-dama-de-honor-del-ayuntamiento-para-las-proximas-fiestas-patronales\\\/\",\"name\":\"M\u00b0Mar S\u00e1nchez L\u00f3pez, ser\u00e1 la DAMA DE HONOR del Ayuntamiento para las pr\u00f3ximas Fiestas Patronales - MI Ayuntamiento de Caudete\",\"isPartOf\":{\"@id\":\"https:\\\/\\\/www.caudete.org\\\/ayuntamiento\\\/#website\"},\"primaryImageOfPage\":{\"@id\":\"https:\\\/\\\/www.caudete.org\\\/ayuntamiento\\\/mmar-sanchez-lopez-sera-la-dama-de-honor-del-ayuntamiento-para-las-proximas-fiestas-patronales\\\/#primaryimage\"},\"image\":{\"@id\":\"https:\\\/\\\/www.caudete.org\\\/ayuntamiento\\\/mmar-sanchez-lopez-sera-la-dama-de-honor-del-ayuntamiento-para-las-proximas-fiestas-patronales\\\/#primaryimage\"},\"thumbnailUrl\":\"https:\\\/\\\/www.caudete.org\\\/ayuntamiento\\\/wp-content\\\/uploads\\\/2022\\\/02\\\/IMG-20220219-WA0030.jpg\",\"datePublished\":\"2022-02-21T11:00:30+00:00\",\"author\":{\"@id\":\"https:\\\/\\\/www.caudete.org\\\/ayuntamiento\\\/#\\\/schema\\\/person\\\/cc646da9133078ee4d8dd47457947253\"},\"description\":\"P\u00e1gina Oficial del Ayuntamiento de Caudete (Albacete)\",\"breadcrumb\":{\"@id\":\"https:\\\/\\\/www.caudete.org\\\/ayuntamiento\\\/mmar-sanchez-lopez-sera-la-dama-de-honor-del-ayuntamiento-para-las-proximas-fiestas-patronales\\\/#breadcrumb\"},\"inLanguage\":\"es\",\"potentialAction\":[{\"@type\":\"ReadAction\",\"target\":[\"https:\\\/\\\/www.caudete.org\\\/ayuntamiento\\\/mmar-sanchez-lopez-sera-la-dama-de-honor-del-ayuntamiento-para-las-proximas-fiestas-patronales\\\/\"]}]},{\"@type\":\"ImageObject\",\"inLanguage\":\"es\",\"@id\":\"https:\\\/\\\/www.caudete.org\\\/ayuntamiento\\\/mmar-sanchez-lopez-sera-la-dama-de-honor-del-ayuntamiento-para-las-proximas-fiestas-patronales\\\/#primaryimage\",\"url\":\"https:\\\/\\\/www.caudete.org\\\/ayuntamiento\\\/wp-content\\\/uploads\\\/2022\\\/02\\\/IMG-20220219-WA0030.jpg\",\"contentUrl\":\"https:\\\/\\\/www.caudete.org\\\/ayuntamiento\\\/wp-content\\\/uploads\\\/2022\\\/02\\\/IMG-20220219-WA0030.jpg\",\"width\":2048,\"height\":1536},{\"@type\":\"BreadcrumbList\",\"@id\":\"https:\\\/\\\/www.caudete.org\\\/ayuntamiento\\\/mmar-sanchez-lopez-sera-la-dama-de-honor-del-ayuntamiento-para-las-proximas-fiestas-patronales\\\/#breadcrumb\",\"itemListElement\":[{\"@type\":\"ListItem\",\"position\":1,\"name\":\"Inicio\",\"item\":\"https:\\\/\\\/www.caudete.org\\\/ayuntamiento\\\/\"},{\"@type\":\"ListItem\",\"position\":2,\"name\":\"M\u00b0Mar S\u00e1nchez L\u00f3pez, ser\u00e1 la DAMA DE HONOR del Ayuntamiento para las pr\u00f3ximas Fiestas Patronales\"}]},{\"@type\":\"WebSite\",\"@id\":\"https:\\\/\\\/www.caudete.org\\\/ayuntamiento\\\/#website\",\"url\":\"https:\\\/\\\/www.caudete.org\\\/ayuntamiento\\\/\",\"name\":\"MI Ayuntamiento de Caudete\",\"description\":\"P\u00e1gina Oficial del MI Ayuntamiento de Caudete\",\"potentialAction\":[{\"@type\":\"SearchAction\",\"target\":{\"@type\":\"EntryPoint\",\"urlTemplate\":\"https:\\\/\\\/www.caudete.org\\\/ayuntamiento\\\/?s={search_term_string}\"},\"query-input\":{\"@type\":\"PropertyValueSpecification\",\"valueRequired\":true,\"valueName\":\"search_term_string\"}}],\"inLanguage\":\"es\"},{\"@type\":\"Person\",\"@id\":\"https:\\\/\\\/www.caudete.org\\\/ayuntamiento\\\/#\\\/schema\\\/person\\\/cc646da9133078ee4d8dd47457947253\",\"name\":\"alcalde\",\"image\":{\"@type\":\"ImageObject\",\"inLanguage\":\"es\",\"@id\":\"https:\\\/\\\/secure.gravatar.com\\\/avatar\\\/84a817ba065b29ff08d666b215a215f5c79186a645ccb25b14a663d48a130f77?s=96&d=mm&r=g\",\"url\":\"https:\\\/\\\/secure.gravatar.com\\\/avatar\\\/84a817ba065b29ff08d666b215a215f5c79186a645ccb25b14a663d48a130f77?s=96&d=mm&r=g\",\"contentUrl\":\"https:\\\/\\\/secure.gravatar.com\\\/avatar\\\/84a817ba065b29ff08d666b215a215f5c79186a645ccb25b14a663d48a130f77?s=96&d=mm&r=g\",\"caption\":\"alcalde\"},\"url\":\"https:\\\/\\\/www.caudete.org\\\/ayuntamiento\\\/author\\\/alcalde\\\/\"}]}<\/script>\n<!-- \/ Yoast SEO plugin. -->","yoast_head_json":{"title":"M\u00b0Mar S\u00e1nchez L\u00f3pez, ser\u00e1 la DAMA DE HONOR del Ayuntamiento para las pr\u00f3ximas Fiestas Patronales - MI Ayuntamiento de Caudete","description":"P\u00e1gina Oficial del Ayuntamiento de Caudete (Albacete)","robots":{"index":"index","follow":"follow","max-snippet":"max-snippet:-1","max-image-preview":"max-image-preview:large","max-video-preview":"max-video-preview:-1"},"canonical":"https:\/\/www.caudete.org\/ayuntamiento\/mmar-sanchez-lopez-sera-la-dama-de-honor-del-ayuntamiento-para-las-proximas-fiestas-patronales\/","og_locale":"es_ES","og_type":"article","og_title":"M\u00b0Mar S\u00e1nchez L\u00f3pez, ser\u00e1 la DAMA DE HONOR del Ayuntamiento para las pr\u00f3ximas Fiestas Patronales - MI Ayuntamiento de Caudete","og_description":"P\u00e1gina Oficial del Ayuntamiento de Caudete (Albacete)","og_url":"https:\/\/www.caudete.org\/ayuntamiento\/mmar-sanchez-lopez-sera-la-dama-de-honor-del-ayuntamiento-para-las-proximas-fiestas-patronales\/","og_site_name":"MI Ayuntamiento de Caudete","article_publisher":"https:\/\/www.facebook.com\/ayuntamientocaudete\/","article_published_time":"2022-02-21T11:00:30+00:00","og_image":[{"width":2048,"height":1536,"url":"https:\/\/www.caudete.org\/ayuntamiento\/wp-content\/uploads\/2022\/02\/IMG-20220219-WA0030.jpg","type":"image\/jpeg"}],"author":"alcalde","twitter_card":"summary_large_image","twitter_misc":{"Escrito por":"alcalde","Tiempo de lectura":"1 minuto"},"schema":{"@context":"https:\/\/schema.org","@graph":[{"@type":"Article","@id":"https:\/\/www.caudete.org\/ayuntamiento\/mmar-sanchez-lopez-sera-la-dama-de-honor-del-ayuntamiento-para-las-proximas-fiestas-patronales\/#article","isPartOf":{"@id":"https:\/\/www.caudete.org\/ayuntamiento\/mmar-sanchez-lopez-sera-la-dama-de-honor-del-ayuntamiento-para-las-proximas-fiestas-patronales\/"},"author":{"name":"alcalde","@id":"https:\/\/www.caudete.org\/ayuntamiento\/#\/schema\/person\/cc646da9133078ee4d8dd47457947253"},"headline":"M\u00b0Mar S\u00e1nchez L\u00f3pez, ser\u00e1 la DAMA DE HONOR del Ayuntamiento para las pr\u00f3ximas Fiestas Patronales","datePublished":"2022-02-21T11:00:30+00:00","mainEntityOfPage":{"@id":"https:\/\/www.caudete.org\/ayuntamiento\/mmar-sanchez-lopez-sera-la-dama-de-honor-del-ayuntamiento-para-las-proximas-fiestas-patronales\/"},"wordCount":269,"image":{"@id":"https:\/\/www.caudete.org\/ayuntamiento\/mmar-sanchez-lopez-sera-la-dama-de-honor-del-ayuntamiento-para-las-proximas-fiestas-patronales\/#primaryimage"},"thumbnailUrl":"https:\/\/www.caudete.org\/ayuntamiento\/wp-content\/uploads\/2022\/02\/IMG-20220219-WA0030.jpg","articleSection":["Fiestas"],"inLanguage":"es"},{"@type":"WebPage","@id":"https:\/\/www.caudete.org\/ayuntamiento\/mmar-sanchez-lopez-sera-la-dama-de-honor-del-ayuntamiento-para-las-proximas-fiestas-patronales\/","url":"https:\/\/www.caudete.org\/ayuntamiento\/mmar-sanchez-lopez-sera-la-dama-de-honor-del-ayuntamiento-para-las-proximas-fiestas-patronales\/","name":"M\u00b0Mar S\u00e1nchez L\u00f3pez, ser\u00e1 la DAMA DE HONOR del Ayuntamiento para las pr\u00f3ximas Fiestas Patronales - MI Ayuntamiento de Caudete","isPartOf":{"@id":"https:\/\/www.caudete.org\/ayuntamiento\/#website"},"primaryImageOfPage":{"@id":"https:\/\/www.caudete.org\/ayuntamiento\/mmar-sanchez-lopez-sera-la-dama-de-honor-del-ayuntamiento-para-las-proximas-fiestas-patronales\/#primaryimage"},"image":{"@id":"https:\/\/www.caudete.org\/ayuntamiento\/mmar-sanchez-lopez-sera-la-dama-de-honor-del-ayuntamiento-para-las-proximas-fiestas-patronales\/#primaryimage"},"thumbnailUrl":"https:\/\/www.caudete.org\/ayuntamiento\/wp-content\/uploads\/2022\/02\/IMG-20220219-WA0030.jpg","datePublished":"2022-02-21T11:00:30+00:00","author":{"@id":"https:\/\/www.caudete.org\/ayuntamiento\/#\/schema\/person\/cc646da9133078ee4d8dd47457947253"},"description":"P\u00e1gina Oficial del Ayuntamiento de Caudete (Albacete)","breadcrumb":{"@id":"https:\/\/www.caudete.org\/ayuntamiento\/mmar-sanchez-lopez-sera-la-dama-de-honor-del-ayuntamiento-para-las-proximas-fiestas-patronales\/#breadcrumb"},"inLanguage":"es","potentialAction":[{"@type":"ReadAction","target":["https:\/\/www.caudete.org\/ayuntamiento\/mmar-sanchez-lopez-sera-la-dama-de-honor-del-ayuntamiento-para-las-proximas-fiestas-patronales\/"]}]},{"@type":"ImageObject","inLanguage":"es","@id":"https:\/\/www.caudete.org\/ayuntamiento\/mmar-sanchez-lopez-sera-la-dama-de-honor-del-ayuntamiento-para-las-proximas-fiestas-patronales\/#primaryimage","url":"https:\/\/www.caudete.org\/ayuntamiento\/wp-content\/uploads\/2022\/02\/IMG-20220219-WA0030.jpg","contentUrl":"https:\/\/www.caudete.org\/ayuntamiento\/wp-content\/uploads\/2022\/02\/IMG-20220219-WA0030.jpg","width":2048,"height":1536},{"@type":"BreadcrumbList","@id":"https:\/\/www.caudete.org\/ayuntamiento\/mmar-sanchez-lopez-sera-la-dama-de-honor-del-ayuntamiento-para-las-proximas-fiestas-patronales\/#breadcrumb","itemListElement":[{"@type":"ListItem","position":1,"name":"Inicio","item":"https:\/\/www.caudete.org\/ayuntamiento\/"},{"@type":"ListItem","position":2,"name":"M\u00b0Mar S\u00e1nchez L\u00f3pez, ser\u00e1 la DAMA DE HONOR del Ayuntamiento para las pr\u00f3ximas Fiestas Patronales"}]},{"@type":"WebSite","@id":"https:\/\/www.caudete.org\/ayuntamiento\/#website","url":"https:\/\/www.caudete.org\/ayuntamiento\/","name":"MI Ayuntamiento de Caudete","description":"P\u00e1gina Oficial del MI Ayuntamiento de Caudete","potentialAction":[{"@type":"SearchAction","target":{"@type":"EntryPoint","urlTemplate":"https:\/\/www.caudete.org\/ayuntamiento\/?s={search_term_string}"},"query-input":{"@type":"PropertyValueSpecification","valueRequired":true,"valueName":"search_term_string"}}],"inLanguage":"es"},{"@type":"Person","@id":"https:\/\/www.caudete.org\/ayuntamiento\/#\/schema\/person\/cc646da9133078ee4d8dd47457947253","name":"alcalde","image":{"@type":"ImageObject","inLanguage":"es","@id":"https:\/\/secure.gravatar.com\/avatar\/84a817ba065b29ff08d666b215a215f5c79186a645ccb25b14a663d48a130f77?s=96&d=mm&r=g","url":"https:\/\/secure.gravatar.com\/avatar\/84a817ba065b29ff08d666b215a215f5c79186a645ccb25b14a663d48a130f77?s=96&d=mm&r=g","contentUrl":"https:\/\/secure.gravatar.com\/avatar\/84a817ba065b29ff08d666b215a215f5c79186a645ccb25b14a663d48a130f77?s=96&d=mm&r=g","caption":"alcalde"},"url":"https:\/\/www.caudete.org\/ayuntamiento\/author\/alcalde\/"}]}},"_links":{"self":[{"href":"https:\/\/www.caudete.org\/ayuntamiento\/wp-json\/wp\/v2\/posts\/18242","targetHints":{"allow":["GET"]}}],"collection":[{"href":"https:\/\/www.caudete.org\/ayuntamiento\/wp-json\/wp\/v2\/posts"}],"about":[{"href":"https:\/\/www.caudete.org\/ayuntamiento\/wp-json\/wp\/v2\/types\/post"}],"author":[{"embeddable":true,"href":"https:\/\/www.caudete.org\/ayuntamiento\/wp-json\/wp\/v2\/users\/3"}],"replies":[{"embeddable":true,"href":"https:\/\/www.caudete.org\/ayuntamiento\/wp-json\/wp\/v2\/comments?post=18242"}],"version-history":[{"count":1,"href":"https:\/\/www.caudete.org\/ayuntamiento\/wp-json\/wp\/v2\/posts\/18242\/revisions"}],"predecessor-version":[{"id":18243,"href":"https:\/\/www.caudete.org\/ayuntamiento\/wp-json\/wp\/v2\/posts\/18242\/revisions\/18243"}],"wp:featuredmedia":[{"embeddable":true,"href":"https:\/\/www.caudete.org\/ayuntamiento\/wp-json\/wp\/v2\/media\/18246"}],"wp:attachment":[{"href":"https:\/\/www.caudete.org\/ayuntamiento\/wp-json\/wp\/v2\/media?parent=18242"}],"wp:term":[{"taxonomy":"category","embeddable":true,"href":"https:\/\/www.caudete.org\/ayuntamiento\/wp-json\/wp\/v2\/categories?post=18242"},{"taxonomy":"post_tag","embeddable":true,"href":"https:\/\/www.caudete.org\/ayuntamiento\/wp-json\/wp\/v2\/tags?post=18242"}],"curies":[{"name":"wp","href":"https:\/\/api.w.org\/{rel}","templated":true}]}}