{"id":18249,"date":"2022-02-21T09:30:22","date_gmt":"2022-02-21T08:30:22","guid":{"rendered":"https:\/\/www.caudete.org\/ayuntamiento\/?p=18249"},"modified":"2022-02-21T09:09:15","modified_gmt":"2022-02-21T08:09:15","slug":"el-ayuntamiento-se-personara-como-acusacion-particular-ante-los-hechos-vandalicos-de-la-madrugada-del-domingo","status":"publish","type":"post","link":"https:\/\/www.caudete.org\/ayuntamiento\/el-ayuntamiento-se-personara-como-acusacion-particular-ante-los-hechos-vandalicos-de-la-madrugada-del-domingo\/","title":{"rendered":"La Corporaci\u00f3n Municipal unida ante el nivel de vandalismo alcanzado el pasado s\u00e1bado"},"content":{"rendered":"<p style=\"text-align: justify;\">Esta ma\u00f1ana el Alcalde Mois\u00e9s L\u00f3pez, comparec\u00eda para informar a los caudetanos de los graves hechos vand\u00e1licos ocurridos el pasado s\u00e1bado en la noche, as\u00ed como trasladar a los caudetanos la preocupaci\u00f3n de la Corporaci\u00f3n Municipal y su apoyo a los caudetanos en un sentimiento de \u00a1basta ya! a la situaci\u00f3n actual que estamos viviendo, en la que numerosos ciudadanos est\u00e1n siendo v\u00edctimas de un comportamiento inc\u00edvico y condenable, para el que la Justicia debe de actuar con todo el peso de la Ley.<\/p>\n<p style=\"text-align: justify;\">Ha querido remarcar dos cuestiones importantes para la ciudadan\u00eda, la primera de ellas una llamada a la calma, abogando por la tranquilidad, y la segunda dejar que las investigaciones den su fruto para que los autores sean identificados y la Justicia act\u00fae ante ello.<\/p>\n<p style=\"text-align: justify;\">As\u00ed, detallaba que tras recibir aviso la patrulla de la Polic\u00eda Local a las 04:10h del domingo por parte del 112, se personan en el lugar y activan el protocolo, hasta donde se desplaza la Guardia Civil y los Bomberos del SEPEI de Almansa, consiguiendo localizar a los propietarios de los veh\u00edculos da\u00f1ados, siendo retirados uno de ellos, quedando calcinados otros dos.<\/p>\n<p style=\"text-align: justify;\">Las investigaciones se mantienen abiertas por la Guardia Civil para despejar la autor\u00eda de los hechos ocurridos, y su relaci\u00f3n con los sufridos d\u00edas y semanas atr\u00e1s, donde el Ayuntamiento se va a personar como acusaci\u00f3n particular.<\/p>\n<p style=\"text-align: justify;\">Ante estos hechos, el Gobierno Municipal se reuni\u00f3 de urgencia en la ma\u00f1ana de ayer para condenar el atentado sufrido en la madrugada a dos veh\u00edculos en la Plaza de la Iglesia, as\u00ed como valorar la situaci\u00f3n con la informaci\u00f3n obtenida por los intervinientes en los hechos, las patrullas de la Polic\u00eda Local, Guardia Civil y destacamento de Bomberos.<\/p>\n<p style=\"text-align: justify;\">Igualmente, el Alcalde ha informado al Subdelegado del Gobierno de Espa\u00f1a, a quien le ha pedido su colaboraci\u00f3n, tras hablar con los propietarios de los veh\u00edculos calcinados, a quien les ha trasladado el apoyo del municipio, y la confianza en los cuerpos y fuerzas de seguridad en las investigaciones que se est\u00e1n llevando a cabo para identificar a los autores de los hechos.<\/p>\n<p style=\"text-align: justify;\">Desde el Gobierno Municipal no se ha dejado en ning\u00fan momento de trabajar en una materia tan importante como lo es la Seguridad Ciudadana, donde la ampliaci\u00f3n de la plantilla de efectivos junto a la mejora de medios ha sido el principal objetivo. Cabe destacar las 4 nuevas plazas que recientemente han sido adjudicadas, m\u00e1s la que ya se preparan para convocar este a\u00f1o; la ampliaci\u00f3n de la red de videovigilancia urbana, en cuyos momentos est\u00e1 siendo instalada; as\u00ed como las permanentes reuniones con Polic\u00eda Local y Guardia Civil para valorar y accionar medidas con el objetivo de perseguir acciones delictivas y trabajar en la prevenci\u00f3n de las mismas.<\/p>\n<p style=\"text-align: justify;\">Es por ello que en la tarde del domingo, el Alcalde ha convoc\u00f3 una reuni\u00f3n de urgencia con los Portavoces de los diferentes Grupos Pol\u00edticos Municipales, para informarles de lo ocurrido, y solicitarles unidad pol\u00edtica en una cuesti\u00f3n tan importante como lo es la seguridad ciudadana, responsabilidad institucional y colaboraci\u00f3n para atajar de forma conjunta esta lacra que en las \u00faltimas semanas ha ido creciendo de forma sustancial.<\/p>\n<p style=\"text-align: justify;\">Adem\u00e1s, les ha informado que la vecina localidad de Yecla sufri\u00f3 anoche los mismos da\u00f1os que Caudete, y d\u00edas atr\u00e1s la localidad de Villena, sin saber en estos momentos si est\u00e1n relacionados o no.<\/p>\n<p style=\"text-align: justify;\">En dicha reuni\u00f3n, han analizado las diferentes acciones que la poblaci\u00f3n viene sufriendo principalmente en los dos \u00faltimos meses, y les ha adelantado que la pr\u00f3xima semana se realizar\u00e1 la Junta Local de Seguridad, donde se ahondar\u00e1 en la situaci\u00f3n de seguridad actual, la necesidad de reforzar con efectivos, as\u00ed como el esclarecer la autor\u00eda de los hechos sufridos tanto con los veh\u00edculos incendiados como en situaciones sufridas semanas anteriores.<\/p>\n<p style=\"text-align: justify;\">Pasada \u00e9sta, se convocar\u00e1 la Comisi\u00f3n Informativa de R\u00e9gimen Interior para trasladar de forma oficial a la Corporaci\u00f3n Municipal lo abordado en la Junta Local de Seguridad, as\u00ed como a la ciudadan\u00eda en general por este mismo medio oficial del Ayuntamiento.<\/p>\n","protected":false},"excerpt":{"rendered":"<p>Esta ma\u00f1ana el Alcalde Mois\u00e9s L\u00f3pez, comparec\u00eda para informar a los caudetanos de los graves hechos vand\u00e1licos ocurridos el pasado s\u00e1bado en la noche, as\u00ed como trasladar a los caudetanos la preocupaci\u00f3n de la Corporaci\u00f3n Municipal y su apoyo a los caudetanos en un sentimiento de \u00a1basta ya! a la situaci\u00f3n actual que estamos viviendo, &hellip;<\/p>\n","protected":false},"author":3,"featured_media":18257,"comment_status":"closed","ping_status":"open","sticky":false,"template":"","format":"standard","meta":{"ngg_post_thumbnail":0,"footnotes":""},"categories":[34],"tags":[],"class_list":["post-18249","post","type-post","status-publish","format-standard","has-post-thumbnail","hentry","category-interior"],"yoast_head":"<!-- This site is optimized with the Yoast SEO plugin v27.5 - https:\/\/yoast.com\/product\/yoast-seo-wordpress\/ -->\n<title>La Corporaci\u00f3n Municipal unida ante el nivel de vandalismo alcanzado el pasado s\u00e1bado - MI Ayuntamiento de Caudete<\/title>\n<meta name=\"description\" content=\"P\u00e1gina Oficial del Ayuntamiento de Caudete (Albacete)\" \/>\n<meta name=\"robots\" content=\"index, follow, max-snippet:-1, max-image-preview:large, max-video-preview:-1\" \/>\n<link rel=\"canonical\" href=\"https:\/\/www.caudete.org\/ayuntamiento\/el-ayuntamiento-se-personara-como-acusacion-particular-ante-los-hechos-vandalicos-de-la-madrugada-del-domingo\/\" \/>\n<meta property=\"og:locale\" content=\"es_ES\" \/>\n<meta property=\"og:type\" content=\"article\" \/>\n<meta property=\"og:title\" content=\"La Corporaci\u00f3n Municipal unida ante el nivel de vandalismo alcanzado el pasado s\u00e1bado - MI Ayuntamiento de Caudete\" \/>\n<meta property=\"og:description\" content=\"P\u00e1gina Oficial del Ayuntamiento de Caudete (Albacete)\" \/>\n<meta property=\"og:url\" content=\"https:\/\/www.caudete.org\/ayuntamiento\/el-ayuntamiento-se-personara-como-acusacion-particular-ante-los-hechos-vandalicos-de-la-madrugada-del-domingo\/\" \/>\n<meta property=\"og:site_name\" content=\"MI Ayuntamiento de Caudete\" \/>\n<meta property=\"article:publisher\" content=\"https:\/\/www.facebook.com\/ayuntamientocaudete\/\" \/>\n<meta property=\"article:published_time\" content=\"2022-02-21T08:30:22+00:00\" \/>\n<meta property=\"og:image\" content=\"https:\/\/www.caudete.org\/ayuntamiento\/wp-content\/uploads\/2022\/02\/IMG_20220221_004051.jpg\" \/>\n\t<meta property=\"og:image:width\" content=\"900\" \/>\n\t<meta property=\"og:image:height\" content=\"680\" \/>\n\t<meta property=\"og:image:type\" content=\"image\/jpeg\" \/>\n<meta name=\"author\" content=\"alcalde\" \/>\n<meta name=\"twitter:card\" content=\"summary_large_image\" \/>\n<meta name=\"twitter:label1\" content=\"Escrito por\" \/>\n\t<meta name=\"twitter:data1\" content=\"alcalde\" \/>\n\t<meta name=\"twitter:label2\" content=\"Tiempo de lectura\" \/>\n\t<meta name=\"twitter:data2\" content=\"4 minutos\" \/>\n<script type=\"application\/ld+json\" class=\"yoast-schema-graph\">{\"@context\":\"https:\\\/\\\/schema.org\",\"@graph\":[{\"@type\":\"Article\",\"@id\":\"https:\\\/\\\/www.caudete.org\\\/ayuntamiento\\\/el-ayuntamiento-se-personara-como-acusacion-particular-ante-los-hechos-vandalicos-de-la-madrugada-del-domingo\\\/#article\",\"isPartOf\":{\"@id\":\"https:\\\/\\\/www.caudete.org\\\/ayuntamiento\\\/el-ayuntamiento-se-personara-como-acusacion-particular-ante-los-hechos-vandalicos-de-la-madrugada-del-domingo\\\/\"},\"author\":{\"name\":\"alcalde\",\"@id\":\"https:\\\/\\\/www.caudete.org\\\/ayuntamiento\\\/#\\\/schema\\\/person\\\/cc646da9133078ee4d8dd47457947253\"},\"headline\":\"La Corporaci\u00f3n Municipal unida ante el nivel de vandalismo alcanzado el pasado s\u00e1bado\",\"datePublished\":\"2022-02-21T08:30:22+00:00\",\"mainEntityOfPage\":{\"@id\":\"https:\\\/\\\/www.caudete.org\\\/ayuntamiento\\\/el-ayuntamiento-se-personara-como-acusacion-particular-ante-los-hechos-vandalicos-de-la-madrugada-del-domingo\\\/\"},\"wordCount\":742,\"image\":{\"@id\":\"https:\\\/\\\/www.caudete.org\\\/ayuntamiento\\\/el-ayuntamiento-se-personara-como-acusacion-particular-ante-los-hechos-vandalicos-de-la-madrugada-del-domingo\\\/#primaryimage\"},\"thumbnailUrl\":\"https:\\\/\\\/www.caudete.org\\\/ayuntamiento\\\/wp-content\\\/uploads\\\/2022\\\/02\\\/IMG_20220221_004051.jpg\",\"articleSection\":[\"Interior\"],\"inLanguage\":\"es\"},{\"@type\":\"WebPage\",\"@id\":\"https:\\\/\\\/www.caudete.org\\\/ayuntamiento\\\/el-ayuntamiento-se-personara-como-acusacion-particular-ante-los-hechos-vandalicos-de-la-madrugada-del-domingo\\\/\",\"url\":\"https:\\\/\\\/www.caudete.org\\\/ayuntamiento\\\/el-ayuntamiento-se-personara-como-acusacion-particular-ante-los-hechos-vandalicos-de-la-madrugada-del-domingo\\\/\",\"name\":\"La Corporaci\u00f3n Municipal unida ante el nivel de vandalismo alcanzado el pasado s\u00e1bado - MI Ayuntamiento de Caudete\",\"isPartOf\":{\"@id\":\"https:\\\/\\\/www.caudete.org\\\/ayuntamiento\\\/#website\"},\"primaryImageOfPage\":{\"@id\":\"https:\\\/\\\/www.caudete.org\\\/ayuntamiento\\\/el-ayuntamiento-se-personara-como-acusacion-particular-ante-los-hechos-vandalicos-de-la-madrugada-del-domingo\\\/#primaryimage\"},\"image\":{\"@id\":\"https:\\\/\\\/www.caudete.org\\\/ayuntamiento\\\/el-ayuntamiento-se-personara-como-acusacion-particular-ante-los-hechos-vandalicos-de-la-madrugada-del-domingo\\\/#primaryimage\"},\"thumbnailUrl\":\"https:\\\/\\\/www.caudete.org\\\/ayuntamiento\\\/wp-content\\\/uploads\\\/2022\\\/02\\\/IMG_20220221_004051.jpg\",\"datePublished\":\"2022-02-21T08:30:22+00:00\",\"author\":{\"@id\":\"https:\\\/\\\/www.caudete.org\\\/ayuntamiento\\\/#\\\/schema\\\/person\\\/cc646da9133078ee4d8dd47457947253\"},\"description\":\"P\u00e1gina Oficial del Ayuntamiento de Caudete (Albacete)\",\"breadcrumb\":{\"@id\":\"https:\\\/\\\/www.caudete.org\\\/ayuntamiento\\\/el-ayuntamiento-se-personara-como-acusacion-particular-ante-los-hechos-vandalicos-de-la-madrugada-del-domingo\\\/#breadcrumb\"},\"inLanguage\":\"es\",\"potentialAction\":[{\"@type\":\"ReadAction\",\"target\":[\"https:\\\/\\\/www.caudete.org\\\/ayuntamiento\\\/el-ayuntamiento-se-personara-como-acusacion-particular-ante-los-hechos-vandalicos-de-la-madrugada-del-domingo\\\/\"]}]},{\"@type\":\"ImageObject\",\"inLanguage\":\"es\",\"@id\":\"https:\\\/\\\/www.caudete.org\\\/ayuntamiento\\\/el-ayuntamiento-se-personara-como-acusacion-particular-ante-los-hechos-vandalicos-de-la-madrugada-del-domingo\\\/#primaryimage\",\"url\":\"https:\\\/\\\/www.caudete.org\\\/ayuntamiento\\\/wp-content\\\/uploads\\\/2022\\\/02\\\/IMG_20220221_004051.jpg\",\"contentUrl\":\"https:\\\/\\\/www.caudete.org\\\/ayuntamiento\\\/wp-content\\\/uploads\\\/2022\\\/02\\\/IMG_20220221_004051.jpg\",\"width\":900,\"height\":680},{\"@type\":\"BreadcrumbList\",\"@id\":\"https:\\\/\\\/www.caudete.org\\\/ayuntamiento\\\/el-ayuntamiento-se-personara-como-acusacion-particular-ante-los-hechos-vandalicos-de-la-madrugada-del-domingo\\\/#breadcrumb\",\"itemListElement\":[{\"@type\":\"ListItem\",\"position\":1,\"name\":\"Inicio\",\"item\":\"https:\\\/\\\/www.caudete.org\\\/ayuntamiento\\\/\"},{\"@type\":\"ListItem\",\"position\":2,\"name\":\"La Corporaci\u00f3n Municipal unida ante el nivel de vandalismo alcanzado el pasado s\u00e1bado\"}]},{\"@type\":\"WebSite\",\"@id\":\"https:\\\/\\\/www.caudete.org\\\/ayuntamiento\\\/#website\",\"url\":\"https:\\\/\\\/www.caudete.org\\\/ayuntamiento\\\/\",\"name\":\"MI Ayuntamiento de Caudete\",\"description\":\"P\u00e1gina Oficial del MI Ayuntamiento de Caudete\",\"potentialAction\":[{\"@type\":\"SearchAction\",\"target\":{\"@type\":\"EntryPoint\",\"urlTemplate\":\"https:\\\/\\\/www.caudete.org\\\/ayuntamiento\\\/?s={search_term_string}\"},\"query-input\":{\"@type\":\"PropertyValueSpecification\",\"valueRequired\":true,\"valueName\":\"search_term_string\"}}],\"inLanguage\":\"es\"},{\"@type\":\"Person\",\"@id\":\"https:\\\/\\\/www.caudete.org\\\/ayuntamiento\\\/#\\\/schema\\\/person\\\/cc646da9133078ee4d8dd47457947253\",\"name\":\"alcalde\",\"image\":{\"@type\":\"ImageObject\",\"inLanguage\":\"es\",\"@id\":\"https:\\\/\\\/secure.gravatar.com\\\/avatar\\\/84a817ba065b29ff08d666b215a215f5c79186a645ccb25b14a663d48a130f77?s=96&d=mm&r=g\",\"url\":\"https:\\\/\\\/secure.gravatar.com\\\/avatar\\\/84a817ba065b29ff08d666b215a215f5c79186a645ccb25b14a663d48a130f77?s=96&d=mm&r=g\",\"contentUrl\":\"https:\\\/\\\/secure.gravatar.com\\\/avatar\\\/84a817ba065b29ff08d666b215a215f5c79186a645ccb25b14a663d48a130f77?s=96&d=mm&r=g\",\"caption\":\"alcalde\"},\"url\":\"https:\\\/\\\/www.caudete.org\\\/ayuntamiento\\\/author\\\/alcalde\\\/\"}]}<\/script>\n<!-- \/ Yoast SEO plugin. -->","yoast_head_json":{"title":"La Corporaci\u00f3n Municipal unida ante el nivel de vandalismo alcanzado el pasado s\u00e1bado - MI Ayuntamiento de Caudete","description":"P\u00e1gina Oficial del Ayuntamiento de Caudete (Albacete)","robots":{"index":"index","follow":"follow","max-snippet":"max-snippet:-1","max-image-preview":"max-image-preview:large","max-video-preview":"max-video-preview:-1"},"canonical":"https:\/\/www.caudete.org\/ayuntamiento\/el-ayuntamiento-se-personara-como-acusacion-particular-ante-los-hechos-vandalicos-de-la-madrugada-del-domingo\/","og_locale":"es_ES","og_type":"article","og_title":"La Corporaci\u00f3n Municipal unida ante el nivel de vandalismo alcanzado el pasado s\u00e1bado - MI Ayuntamiento de Caudete","og_description":"P\u00e1gina Oficial del Ayuntamiento de Caudete (Albacete)","og_url":"https:\/\/www.caudete.org\/ayuntamiento\/el-ayuntamiento-se-personara-como-acusacion-particular-ante-los-hechos-vandalicos-de-la-madrugada-del-domingo\/","og_site_name":"MI Ayuntamiento de Caudete","article_publisher":"https:\/\/www.facebook.com\/ayuntamientocaudete\/","article_published_time":"2022-02-21T08:30:22+00:00","og_image":[{"width":900,"height":680,"url":"https:\/\/www.caudete.org\/ayuntamiento\/wp-content\/uploads\/2022\/02\/IMG_20220221_004051.jpg","type":"image\/jpeg"}],"author":"alcalde","twitter_card":"summary_large_image","twitter_misc":{"Escrito por":"alcalde","Tiempo de lectura":"4 minutos"},"schema":{"@context":"https:\/\/schema.org","@graph":[{"@type":"Article","@id":"https:\/\/www.caudete.org\/ayuntamiento\/el-ayuntamiento-se-personara-como-acusacion-particular-ante-los-hechos-vandalicos-de-la-madrugada-del-domingo\/#article","isPartOf":{"@id":"https:\/\/www.caudete.org\/ayuntamiento\/el-ayuntamiento-se-personara-como-acusacion-particular-ante-los-hechos-vandalicos-de-la-madrugada-del-domingo\/"},"author":{"name":"alcalde","@id":"https:\/\/www.caudete.org\/ayuntamiento\/#\/schema\/person\/cc646da9133078ee4d8dd47457947253"},"headline":"La Corporaci\u00f3n Municipal unida ante el nivel de vandalismo alcanzado el pasado s\u00e1bado","datePublished":"2022-02-21T08:30:22+00:00","mainEntityOfPage":{"@id":"https:\/\/www.caudete.org\/ayuntamiento\/el-ayuntamiento-se-personara-como-acusacion-particular-ante-los-hechos-vandalicos-de-la-madrugada-del-domingo\/"},"wordCount":742,"image":{"@id":"https:\/\/www.caudete.org\/ayuntamiento\/el-ayuntamiento-se-personara-como-acusacion-particular-ante-los-hechos-vandalicos-de-la-madrugada-del-domingo\/#primaryimage"},"thumbnailUrl":"https:\/\/www.caudete.org\/ayuntamiento\/wp-content\/uploads\/2022\/02\/IMG_20220221_004051.jpg","articleSection":["Interior"],"inLanguage":"es"},{"@type":"WebPage","@id":"https:\/\/www.caudete.org\/ayuntamiento\/el-ayuntamiento-se-personara-como-acusacion-particular-ante-los-hechos-vandalicos-de-la-madrugada-del-domingo\/","url":"https:\/\/www.caudete.org\/ayuntamiento\/el-ayuntamiento-se-personara-como-acusacion-particular-ante-los-hechos-vandalicos-de-la-madrugada-del-domingo\/","name":"La Corporaci\u00f3n Municipal unida ante el nivel de vandalismo alcanzado el pasado s\u00e1bado - MI Ayuntamiento de Caudete","isPartOf":{"@id":"https:\/\/www.caudete.org\/ayuntamiento\/#website"},"primaryImageOfPage":{"@id":"https:\/\/www.caudete.org\/ayuntamiento\/el-ayuntamiento-se-personara-como-acusacion-particular-ante-los-hechos-vandalicos-de-la-madrugada-del-domingo\/#primaryimage"},"image":{"@id":"https:\/\/www.caudete.org\/ayuntamiento\/el-ayuntamiento-se-personara-como-acusacion-particular-ante-los-hechos-vandalicos-de-la-madrugada-del-domingo\/#primaryimage"},"thumbnailUrl":"https:\/\/www.caudete.org\/ayuntamiento\/wp-content\/uploads\/2022\/02\/IMG_20220221_004051.jpg","datePublished":"2022-02-21T08:30:22+00:00","author":{"@id":"https:\/\/www.caudete.org\/ayuntamiento\/#\/schema\/person\/cc646da9133078ee4d8dd47457947253"},"description":"P\u00e1gina Oficial del Ayuntamiento de Caudete (Albacete)","breadcrumb":{"@id":"https:\/\/www.caudete.org\/ayuntamiento\/el-ayuntamiento-se-personara-como-acusacion-particular-ante-los-hechos-vandalicos-de-la-madrugada-del-domingo\/#breadcrumb"},"inLanguage":"es","potentialAction":[{"@type":"ReadAction","target":["https:\/\/www.caudete.org\/ayuntamiento\/el-ayuntamiento-se-personara-como-acusacion-particular-ante-los-hechos-vandalicos-de-la-madrugada-del-domingo\/"]}]},{"@type":"ImageObject","inLanguage":"es","@id":"https:\/\/www.caudete.org\/ayuntamiento\/el-ayuntamiento-se-personara-como-acusacion-particular-ante-los-hechos-vandalicos-de-la-madrugada-del-domingo\/#primaryimage","url":"https:\/\/www.caudete.org\/ayuntamiento\/wp-content\/uploads\/2022\/02\/IMG_20220221_004051.jpg","contentUrl":"https:\/\/www.caudete.org\/ayuntamiento\/wp-content\/uploads\/2022\/02\/IMG_20220221_004051.jpg","width":900,"height":680},{"@type":"BreadcrumbList","@id":"https:\/\/www.caudete.org\/ayuntamiento\/el-ayuntamiento-se-personara-como-acusacion-particular-ante-los-hechos-vandalicos-de-la-madrugada-del-domingo\/#breadcrumb","itemListElement":[{"@type":"ListItem","position":1,"name":"Inicio","item":"https:\/\/www.caudete.org\/ayuntamiento\/"},{"@type":"ListItem","position":2,"name":"La Corporaci\u00f3n Municipal unida ante el nivel de vandalismo alcanzado el pasado s\u00e1bado"}]},{"@type":"WebSite","@id":"https:\/\/www.caudete.org\/ayuntamiento\/#website","url":"https:\/\/www.caudete.org\/ayuntamiento\/","name":"MI Ayuntamiento de Caudete","description":"P\u00e1gina Oficial del MI Ayuntamiento de Caudete","potentialAction":[{"@type":"SearchAction","target":{"@type":"EntryPoint","urlTemplate":"https:\/\/www.caudete.org\/ayuntamiento\/?s={search_term_string}"},"query-input":{"@type":"PropertyValueSpecification","valueRequired":true,"valueName":"search_term_string"}}],"inLanguage":"es"},{"@type":"Person","@id":"https:\/\/www.caudete.org\/ayuntamiento\/#\/schema\/person\/cc646da9133078ee4d8dd47457947253","name":"alcalde","image":{"@type":"ImageObject","inLanguage":"es","@id":"https:\/\/secure.gravatar.com\/avatar\/84a817ba065b29ff08d666b215a215f5c79186a645ccb25b14a663d48a130f77?s=96&d=mm&r=g","url":"https:\/\/secure.gravatar.com\/avatar\/84a817ba065b29ff08d666b215a215f5c79186a645ccb25b14a663d48a130f77?s=96&d=mm&r=g","contentUrl":"https:\/\/secure.gravatar.com\/avatar\/84a817ba065b29ff08d666b215a215f5c79186a645ccb25b14a663d48a130f77?s=96&d=mm&r=g","caption":"alcalde"},"url":"https:\/\/www.caudete.org\/ayuntamiento\/author\/alcalde\/"}]}},"_links":{"self":[{"href":"https:\/\/www.caudete.org\/ayuntamiento\/wp-json\/wp\/v2\/posts\/18249","targetHints":{"allow":["GET"]}}],"collection":[{"href":"https:\/\/www.caudete.org\/ayuntamiento\/wp-json\/wp\/v2\/posts"}],"about":[{"href":"https:\/\/www.caudete.org\/ayuntamiento\/wp-json\/wp\/v2\/types\/post"}],"author":[{"embeddable":true,"href":"https:\/\/www.caudete.org\/ayuntamiento\/wp-json\/wp\/v2\/users\/3"}],"replies":[{"embeddable":true,"href":"https:\/\/www.caudete.org\/ayuntamiento\/wp-json\/wp\/v2\/comments?post=18249"}],"version-history":[{"count":5,"href":"https:\/\/www.caudete.org\/ayuntamiento\/wp-json\/wp\/v2\/posts\/18249\/revisions"}],"predecessor-version":[{"id":18273,"href":"https:\/\/www.caudete.org\/ayuntamiento\/wp-json\/wp\/v2\/posts\/18249\/revisions\/18273"}],"wp:featuredmedia":[{"embeddable":true,"href":"https:\/\/www.caudete.org\/ayuntamiento\/wp-json\/wp\/v2\/media\/18257"}],"wp:attachment":[{"href":"https:\/\/www.caudete.org\/ayuntamiento\/wp-json\/wp\/v2\/media?parent=18249"}],"wp:term":[{"taxonomy":"category","embeddable":true,"href":"https:\/\/www.caudete.org\/ayuntamiento\/wp-json\/wp\/v2\/categories?post=18249"},{"taxonomy":"post_tag","embeddable":true,"href":"https:\/\/www.caudete.org\/ayuntamiento\/wp-json\/wp\/v2\/tags?post=18249"}],"curies":[{"name":"wp","href":"https:\/\/api.w.org\/{rel}","templated":true}]}}