{"id":18261,"date":"2022-02-23T09:00:56","date_gmt":"2022-02-23T08:00:56","guid":{"rendered":"https:\/\/www.caudete.org\/ayuntamiento\/?p=18261"},"modified":"2022-02-23T11:27:51","modified_gmt":"2022-02-23T10:27:51","slug":"el-ptec-recibe-una-actuacion-integral-de-sus-zonas-verdes","status":"publish","type":"post","link":"https:\/\/www.caudete.org\/ayuntamiento\/el-ptec-recibe-una-actuacion-integral-de-sus-zonas-verdes\/","title":{"rendered":"El PTEC recibe una actuaci\u00f3n integral de sus Zonas Verdes"},"content":{"rendered":"<p style=\"text-align: justify;\">Desde la Concejal\u00eda de Medio Ambiente y Servicios, su Concejal Joaqu\u00edn Pag\u00e1n informa que se est\u00e1 acometiendo un plan integral de trabajos de mantenimiento sobre las zonas verdes de nuestro PTEC, el cual contiene m\u00e1s de 113.000 m<sup>2<\/sup> de ajardinamientos cuyo mantenimiento recae en los servicios municipales.<\/p>\n<p style=\"text-align: justify;\">Por el personal de Parques y Jardines act\u00faan 5 personas, encargadas de la poda de arboles y arbustos como de la reparaci\u00f3n del riego por goteo, as\u00ed como con el desbroce con 3 desbrozadoras mec\u00e1nicas, mientras que por parte del personal de los planes de empleo de Medio Ambiente trabajan otras 5 personas, 2encargadas del transporte y retirada de restos de podas y desbroce a punto de eliminaci\u00f3n, y otras 3 personas , limpiando, barriendo y recogiendo el peque\u00f1o material.<\/p>\n<p style=\"text-align: justify;\">Debido a las grandes dimensiones de esta zona verde, los trabajos se van a extender a 3 semanas, para ello el Ayuntamiento ha contratado la instalaci\u00f3n de aseo port\u00e1til mientras duren los trabajos.<\/p>\n<p style=\"text-align: justify;\">Los trabajos de esta primera fase de actuaci\u00f3n consisten en:<br \/>\n&#8211; Limpieza y desbroce de malas hierbas.<br \/>\n&#8211; Poda de todo el arbolado y eliminaci\u00f3n de arboles secos o marchitos.<br \/>\n&#8211; Poda de arbustos<br \/>\n&#8211; Eliminaci\u00f3n de hierbas aleda\u00f1as a las aceras.<br \/>\n&#8211; Reparaci\u00f3n del riego por goteo<\/p>\n","protected":false},"excerpt":{"rendered":"<p>Desde la Concejal\u00eda de Medio Ambiente y Servicios, su Concejal Joaqu\u00edn Pag\u00e1n informa que se est\u00e1 acometiendo un plan integral de trabajos de mantenimiento sobre las zonas verdes de nuestro PTEC, el cual contiene m\u00e1s de 113.000 m2 de ajardinamientos cuyo mantenimiento recae en los servicios municipales. Por el personal de Parques y Jardines act\u00faan &hellip;<\/p>\n","protected":false},"author":3,"featured_media":18278,"comment_status":"closed","ping_status":"open","sticky":false,"template":"","format":"standard","meta":{"ngg_post_thumbnail":0,"footnotes":""},"categories":[29],"tags":[],"class_list":["post-18261","post","type-post","status-publish","format-standard","has-post-thumbnail","hentry","category-medio-ambiente"],"yoast_head":"<!-- This site is optimized with the Yoast SEO plugin v27.5 - https:\/\/yoast.com\/product\/yoast-seo-wordpress\/ -->\n<title>El PTEC recibe una actuaci\u00f3n integral de sus Zonas Verdes - MI Ayuntamiento de Caudete<\/title>\n<meta name=\"description\" content=\"P\u00e1gina Oficial del Ayuntamiento de Caudete (Albacete)\" \/>\n<meta name=\"robots\" content=\"index, follow, max-snippet:-1, max-image-preview:large, max-video-preview:-1\" \/>\n<link rel=\"canonical\" href=\"https:\/\/www.caudete.org\/ayuntamiento\/el-ptec-recibe-una-actuacion-integral-de-sus-zonas-verdes\/\" \/>\n<meta property=\"og:locale\" content=\"es_ES\" \/>\n<meta property=\"og:type\" content=\"article\" \/>\n<meta property=\"og:title\" content=\"El PTEC recibe una actuaci\u00f3n integral de sus Zonas Verdes - MI Ayuntamiento de Caudete\" \/>\n<meta property=\"og:description\" content=\"P\u00e1gina Oficial del Ayuntamiento de Caudete (Albacete)\" \/>\n<meta property=\"og:url\" content=\"https:\/\/www.caudete.org\/ayuntamiento\/el-ptec-recibe-una-actuacion-integral-de-sus-zonas-verdes\/\" \/>\n<meta property=\"og:site_name\" content=\"MI Ayuntamiento de Caudete\" \/>\n<meta property=\"article:publisher\" content=\"https:\/\/www.facebook.com\/ayuntamientocaudete\/\" \/>\n<meta property=\"article:published_time\" content=\"2022-02-23T08:00:56+00:00\" \/>\n<meta property=\"article:modified_time\" content=\"2022-02-23T10:27:51+00:00\" \/>\n<meta property=\"og:image\" content=\"https:\/\/www.caudete.org\/ayuntamiento\/wp-content\/uploads\/2022\/02\/PTEC-1-WEB.jpg\" \/>\n\t<meta property=\"og:image:width\" content=\"864\" \/>\n\t<meta property=\"og:image:height\" content=\"380\" \/>\n\t<meta property=\"og:image:type\" content=\"image\/jpeg\" \/>\n<meta name=\"author\" content=\"alcalde\" \/>\n<meta name=\"twitter:card\" content=\"summary_large_image\" \/>\n<meta name=\"twitter:label1\" content=\"Escrito por\" \/>\n\t<meta name=\"twitter:data1\" content=\"alcalde\" \/>\n\t<meta name=\"twitter:label2\" content=\"Tiempo de lectura\" \/>\n\t<meta name=\"twitter:data2\" content=\"1 minuto\" \/>\n<script type=\"application\/ld+json\" class=\"yoast-schema-graph\">{\"@context\":\"https:\\\/\\\/schema.org\",\"@graph\":[{\"@type\":\"Article\",\"@id\":\"https:\\\/\\\/www.caudete.org\\\/ayuntamiento\\\/el-ptec-recibe-una-actuacion-integral-de-sus-zonas-verdes\\\/#article\",\"isPartOf\":{\"@id\":\"https:\\\/\\\/www.caudete.org\\\/ayuntamiento\\\/el-ptec-recibe-una-actuacion-integral-de-sus-zonas-verdes\\\/\"},\"author\":{\"name\":\"alcalde\",\"@id\":\"https:\\\/\\\/www.caudete.org\\\/ayuntamiento\\\/#\\\/schema\\\/person\\\/cc646da9133078ee4d8dd47457947253\"},\"headline\":\"El PTEC recibe una actuaci\u00f3n integral de sus Zonas Verdes\",\"datePublished\":\"2022-02-23T08:00:56+00:00\",\"dateModified\":\"2022-02-23T10:27:51+00:00\",\"mainEntityOfPage\":{\"@id\":\"https:\\\/\\\/www.caudete.org\\\/ayuntamiento\\\/el-ptec-recibe-una-actuacion-integral-de-sus-zonas-verdes\\\/\"},\"wordCount\":228,\"image\":{\"@id\":\"https:\\\/\\\/www.caudete.org\\\/ayuntamiento\\\/el-ptec-recibe-una-actuacion-integral-de-sus-zonas-verdes\\\/#primaryimage\"},\"thumbnailUrl\":\"https:\\\/\\\/www.caudete.org\\\/ayuntamiento\\\/wp-content\\\/uploads\\\/2022\\\/02\\\/PTEC-1-WEB.jpg\",\"articleSection\":[\"Medio Ambiente\"],\"inLanguage\":\"es\"},{\"@type\":\"WebPage\",\"@id\":\"https:\\\/\\\/www.caudete.org\\\/ayuntamiento\\\/el-ptec-recibe-una-actuacion-integral-de-sus-zonas-verdes\\\/\",\"url\":\"https:\\\/\\\/www.caudete.org\\\/ayuntamiento\\\/el-ptec-recibe-una-actuacion-integral-de-sus-zonas-verdes\\\/\",\"name\":\"El PTEC recibe una actuaci\u00f3n integral de sus Zonas Verdes - MI Ayuntamiento de Caudete\",\"isPartOf\":{\"@id\":\"https:\\\/\\\/www.caudete.org\\\/ayuntamiento\\\/#website\"},\"primaryImageOfPage\":{\"@id\":\"https:\\\/\\\/www.caudete.org\\\/ayuntamiento\\\/el-ptec-recibe-una-actuacion-integral-de-sus-zonas-verdes\\\/#primaryimage\"},\"image\":{\"@id\":\"https:\\\/\\\/www.caudete.org\\\/ayuntamiento\\\/el-ptec-recibe-una-actuacion-integral-de-sus-zonas-verdes\\\/#primaryimage\"},\"thumbnailUrl\":\"https:\\\/\\\/www.caudete.org\\\/ayuntamiento\\\/wp-content\\\/uploads\\\/2022\\\/02\\\/PTEC-1-WEB.jpg\",\"datePublished\":\"2022-02-23T08:00:56+00:00\",\"dateModified\":\"2022-02-23T10:27:51+00:00\",\"author\":{\"@id\":\"https:\\\/\\\/www.caudete.org\\\/ayuntamiento\\\/#\\\/schema\\\/person\\\/cc646da9133078ee4d8dd47457947253\"},\"description\":\"P\u00e1gina Oficial del Ayuntamiento de Caudete (Albacete)\",\"breadcrumb\":{\"@id\":\"https:\\\/\\\/www.caudete.org\\\/ayuntamiento\\\/el-ptec-recibe-una-actuacion-integral-de-sus-zonas-verdes\\\/#breadcrumb\"},\"inLanguage\":\"es\",\"potentialAction\":[{\"@type\":\"ReadAction\",\"target\":[\"https:\\\/\\\/www.caudete.org\\\/ayuntamiento\\\/el-ptec-recibe-una-actuacion-integral-de-sus-zonas-verdes\\\/\"]}]},{\"@type\":\"ImageObject\",\"inLanguage\":\"es\",\"@id\":\"https:\\\/\\\/www.caudete.org\\\/ayuntamiento\\\/el-ptec-recibe-una-actuacion-integral-de-sus-zonas-verdes\\\/#primaryimage\",\"url\":\"https:\\\/\\\/www.caudete.org\\\/ayuntamiento\\\/wp-content\\\/uploads\\\/2022\\\/02\\\/PTEC-1-WEB.jpg\",\"contentUrl\":\"https:\\\/\\\/www.caudete.org\\\/ayuntamiento\\\/wp-content\\\/uploads\\\/2022\\\/02\\\/PTEC-1-WEB.jpg\",\"width\":864,\"height\":380},{\"@type\":\"BreadcrumbList\",\"@id\":\"https:\\\/\\\/www.caudete.org\\\/ayuntamiento\\\/el-ptec-recibe-una-actuacion-integral-de-sus-zonas-verdes\\\/#breadcrumb\",\"itemListElement\":[{\"@type\":\"ListItem\",\"position\":1,\"name\":\"Inicio\",\"item\":\"https:\\\/\\\/www.caudete.org\\\/ayuntamiento\\\/\"},{\"@type\":\"ListItem\",\"position\":2,\"name\":\"El PTEC recibe una actuaci\u00f3n integral de sus Zonas Verdes\"}]},{\"@type\":\"WebSite\",\"@id\":\"https:\\\/\\\/www.caudete.org\\\/ayuntamiento\\\/#website\",\"url\":\"https:\\\/\\\/www.caudete.org\\\/ayuntamiento\\\/\",\"name\":\"MI Ayuntamiento de Caudete\",\"description\":\"P\u00e1gina Oficial del MI Ayuntamiento de Caudete\",\"potentialAction\":[{\"@type\":\"SearchAction\",\"target\":{\"@type\":\"EntryPoint\",\"urlTemplate\":\"https:\\\/\\\/www.caudete.org\\\/ayuntamiento\\\/?s={search_term_string}\"},\"query-input\":{\"@type\":\"PropertyValueSpecification\",\"valueRequired\":true,\"valueName\":\"search_term_string\"}}],\"inLanguage\":\"es\"},{\"@type\":\"Person\",\"@id\":\"https:\\\/\\\/www.caudete.org\\\/ayuntamiento\\\/#\\\/schema\\\/person\\\/cc646da9133078ee4d8dd47457947253\",\"name\":\"alcalde\",\"image\":{\"@type\":\"ImageObject\",\"inLanguage\":\"es\",\"@id\":\"https:\\\/\\\/secure.gravatar.com\\\/avatar\\\/84a817ba065b29ff08d666b215a215f5c79186a645ccb25b14a663d48a130f77?s=96&d=mm&r=g\",\"url\":\"https:\\\/\\\/secure.gravatar.com\\\/avatar\\\/84a817ba065b29ff08d666b215a215f5c79186a645ccb25b14a663d48a130f77?s=96&d=mm&r=g\",\"contentUrl\":\"https:\\\/\\\/secure.gravatar.com\\\/avatar\\\/84a817ba065b29ff08d666b215a215f5c79186a645ccb25b14a663d48a130f77?s=96&d=mm&r=g\",\"caption\":\"alcalde\"},\"url\":\"https:\\\/\\\/www.caudete.org\\\/ayuntamiento\\\/author\\\/alcalde\\\/\"}]}<\/script>\n<!-- \/ Yoast SEO plugin. -->","yoast_head_json":{"title":"El PTEC recibe una actuaci\u00f3n integral de sus Zonas Verdes - MI Ayuntamiento de Caudete","description":"P\u00e1gina Oficial del Ayuntamiento de Caudete (Albacete)","robots":{"index":"index","follow":"follow","max-snippet":"max-snippet:-1","max-image-preview":"max-image-preview:large","max-video-preview":"max-video-preview:-1"},"canonical":"https:\/\/www.caudete.org\/ayuntamiento\/el-ptec-recibe-una-actuacion-integral-de-sus-zonas-verdes\/","og_locale":"es_ES","og_type":"article","og_title":"El PTEC recibe una actuaci\u00f3n integral de sus Zonas Verdes - MI Ayuntamiento de Caudete","og_description":"P\u00e1gina Oficial del Ayuntamiento de Caudete (Albacete)","og_url":"https:\/\/www.caudete.org\/ayuntamiento\/el-ptec-recibe-una-actuacion-integral-de-sus-zonas-verdes\/","og_site_name":"MI Ayuntamiento de Caudete","article_publisher":"https:\/\/www.facebook.com\/ayuntamientocaudete\/","article_published_time":"2022-02-23T08:00:56+00:00","article_modified_time":"2022-02-23T10:27:51+00:00","og_image":[{"width":864,"height":380,"url":"https:\/\/www.caudete.org\/ayuntamiento\/wp-content\/uploads\/2022\/02\/PTEC-1-WEB.jpg","type":"image\/jpeg"}],"author":"alcalde","twitter_card":"summary_large_image","twitter_misc":{"Escrito por":"alcalde","Tiempo de lectura":"1 minuto"},"schema":{"@context":"https:\/\/schema.org","@graph":[{"@type":"Article","@id":"https:\/\/www.caudete.org\/ayuntamiento\/el-ptec-recibe-una-actuacion-integral-de-sus-zonas-verdes\/#article","isPartOf":{"@id":"https:\/\/www.caudete.org\/ayuntamiento\/el-ptec-recibe-una-actuacion-integral-de-sus-zonas-verdes\/"},"author":{"name":"alcalde","@id":"https:\/\/www.caudete.org\/ayuntamiento\/#\/schema\/person\/cc646da9133078ee4d8dd47457947253"},"headline":"El PTEC recibe una actuaci\u00f3n integral de sus Zonas Verdes","datePublished":"2022-02-23T08:00:56+00:00","dateModified":"2022-02-23T10:27:51+00:00","mainEntityOfPage":{"@id":"https:\/\/www.caudete.org\/ayuntamiento\/el-ptec-recibe-una-actuacion-integral-de-sus-zonas-verdes\/"},"wordCount":228,"image":{"@id":"https:\/\/www.caudete.org\/ayuntamiento\/el-ptec-recibe-una-actuacion-integral-de-sus-zonas-verdes\/#primaryimage"},"thumbnailUrl":"https:\/\/www.caudete.org\/ayuntamiento\/wp-content\/uploads\/2022\/02\/PTEC-1-WEB.jpg","articleSection":["Medio Ambiente"],"inLanguage":"es"},{"@type":"WebPage","@id":"https:\/\/www.caudete.org\/ayuntamiento\/el-ptec-recibe-una-actuacion-integral-de-sus-zonas-verdes\/","url":"https:\/\/www.caudete.org\/ayuntamiento\/el-ptec-recibe-una-actuacion-integral-de-sus-zonas-verdes\/","name":"El PTEC recibe una actuaci\u00f3n integral de sus Zonas Verdes - MI Ayuntamiento de Caudete","isPartOf":{"@id":"https:\/\/www.caudete.org\/ayuntamiento\/#website"},"primaryImageOfPage":{"@id":"https:\/\/www.caudete.org\/ayuntamiento\/el-ptec-recibe-una-actuacion-integral-de-sus-zonas-verdes\/#primaryimage"},"image":{"@id":"https:\/\/www.caudete.org\/ayuntamiento\/el-ptec-recibe-una-actuacion-integral-de-sus-zonas-verdes\/#primaryimage"},"thumbnailUrl":"https:\/\/www.caudete.org\/ayuntamiento\/wp-content\/uploads\/2022\/02\/PTEC-1-WEB.jpg","datePublished":"2022-02-23T08:00:56+00:00","dateModified":"2022-02-23T10:27:51+00:00","author":{"@id":"https:\/\/www.caudete.org\/ayuntamiento\/#\/schema\/person\/cc646da9133078ee4d8dd47457947253"},"description":"P\u00e1gina Oficial del Ayuntamiento de Caudete (Albacete)","breadcrumb":{"@id":"https:\/\/www.caudete.org\/ayuntamiento\/el-ptec-recibe-una-actuacion-integral-de-sus-zonas-verdes\/#breadcrumb"},"inLanguage":"es","potentialAction":[{"@type":"ReadAction","target":["https:\/\/www.caudete.org\/ayuntamiento\/el-ptec-recibe-una-actuacion-integral-de-sus-zonas-verdes\/"]}]},{"@type":"ImageObject","inLanguage":"es","@id":"https:\/\/www.caudete.org\/ayuntamiento\/el-ptec-recibe-una-actuacion-integral-de-sus-zonas-verdes\/#primaryimage","url":"https:\/\/www.caudete.org\/ayuntamiento\/wp-content\/uploads\/2022\/02\/PTEC-1-WEB.jpg","contentUrl":"https:\/\/www.caudete.org\/ayuntamiento\/wp-content\/uploads\/2022\/02\/PTEC-1-WEB.jpg","width":864,"height":380},{"@type":"BreadcrumbList","@id":"https:\/\/www.caudete.org\/ayuntamiento\/el-ptec-recibe-una-actuacion-integral-de-sus-zonas-verdes\/#breadcrumb","itemListElement":[{"@type":"ListItem","position":1,"name":"Inicio","item":"https:\/\/www.caudete.org\/ayuntamiento\/"},{"@type":"ListItem","position":2,"name":"El PTEC recibe una actuaci\u00f3n integral de sus Zonas Verdes"}]},{"@type":"WebSite","@id":"https:\/\/www.caudete.org\/ayuntamiento\/#website","url":"https:\/\/www.caudete.org\/ayuntamiento\/","name":"MI Ayuntamiento de Caudete","description":"P\u00e1gina Oficial del MI Ayuntamiento de Caudete","potentialAction":[{"@type":"SearchAction","target":{"@type":"EntryPoint","urlTemplate":"https:\/\/www.caudete.org\/ayuntamiento\/?s={search_term_string}"},"query-input":{"@type":"PropertyValueSpecification","valueRequired":true,"valueName":"search_term_string"}}],"inLanguage":"es"},{"@type":"Person","@id":"https:\/\/www.caudete.org\/ayuntamiento\/#\/schema\/person\/cc646da9133078ee4d8dd47457947253","name":"alcalde","image":{"@type":"ImageObject","inLanguage":"es","@id":"https:\/\/secure.gravatar.com\/avatar\/84a817ba065b29ff08d666b215a215f5c79186a645ccb25b14a663d48a130f77?s=96&d=mm&r=g","url":"https:\/\/secure.gravatar.com\/avatar\/84a817ba065b29ff08d666b215a215f5c79186a645ccb25b14a663d48a130f77?s=96&d=mm&r=g","contentUrl":"https:\/\/secure.gravatar.com\/avatar\/84a817ba065b29ff08d666b215a215f5c79186a645ccb25b14a663d48a130f77?s=96&d=mm&r=g","caption":"alcalde"},"url":"https:\/\/www.caudete.org\/ayuntamiento\/author\/alcalde\/"}]}},"_links":{"self":[{"href":"https:\/\/www.caudete.org\/ayuntamiento\/wp-json\/wp\/v2\/posts\/18261","targetHints":{"allow":["GET"]}}],"collection":[{"href":"https:\/\/www.caudete.org\/ayuntamiento\/wp-json\/wp\/v2\/posts"}],"about":[{"href":"https:\/\/www.caudete.org\/ayuntamiento\/wp-json\/wp\/v2\/types\/post"}],"author":[{"embeddable":true,"href":"https:\/\/www.caudete.org\/ayuntamiento\/wp-json\/wp\/v2\/users\/3"}],"replies":[{"embeddable":true,"href":"https:\/\/www.caudete.org\/ayuntamiento\/wp-json\/wp\/v2\/comments?post=18261"}],"version-history":[{"count":2,"href":"https:\/\/www.caudete.org\/ayuntamiento\/wp-json\/wp\/v2\/posts\/18261\/revisions"}],"predecessor-version":[{"id":18263,"href":"https:\/\/www.caudete.org\/ayuntamiento\/wp-json\/wp\/v2\/posts\/18261\/revisions\/18263"}],"wp:featuredmedia":[{"embeddable":true,"href":"https:\/\/www.caudete.org\/ayuntamiento\/wp-json\/wp\/v2\/media\/18278"}],"wp:attachment":[{"href":"https:\/\/www.caudete.org\/ayuntamiento\/wp-json\/wp\/v2\/media?parent=18261"}],"wp:term":[{"taxonomy":"category","embeddable":true,"href":"https:\/\/www.caudete.org\/ayuntamiento\/wp-json\/wp\/v2\/categories?post=18261"},{"taxonomy":"post_tag","embeddable":true,"href":"https:\/\/www.caudete.org\/ayuntamiento\/wp-json\/wp\/v2\/tags?post=18261"}],"curies":[{"name":"wp","href":"https:\/\/api.w.org\/{rel}","templated":true}]}}