{"id":18265,"date":"2022-02-22T09:00:57","date_gmt":"2022-02-22T08:00:57","guid":{"rendered":"https:\/\/www.caudete.org\/ayuntamiento\/?p=18265"},"modified":"2022-02-22T18:11:41","modified_gmt":"2022-02-22T17:11:41","slug":"preparacion-del-pavimento-de-los-vinales-para-el-asfaltado-por-parte-de-los-vecinos","status":"publish","type":"post","link":"https:\/\/www.caudete.org\/ayuntamiento\/preparacion-del-pavimento-de-los-vinales-para-el-asfaltado-por-parte-de-los-vecinos\/","title":{"rendered":"Preparaci\u00f3n del pavimento de LOS VI\u00d1ALES para el asfaltado por parte de los vecinos"},"content":{"rendered":"<p><a href=\"https:\/\/www.caudete.org\/ayuntamiento\/wp-content\/uploads\/2022\/02\/WhatsApp-Image-2022-02-19-at-09.25.15.jpeg\" rel='prettyPhoto'><img fetchpriority=\"high\" decoding=\"async\" class=\"aligncenter wp-image-18270 size-medium\" src=\"https:\/\/www.caudete.org\/ayuntamiento\/wp-content\/uploads\/2022\/02\/WhatsApp-Image-2022-02-19-at-09.25.15-300x225.jpeg\" alt=\"\" width=\"300\" height=\"225\" srcset=\"https:\/\/www.caudete.org\/ayuntamiento\/wp-content\/uploads\/2022\/02\/WhatsApp-Image-2022-02-19-at-09.25.15-300x225.jpeg 300w, https:\/\/www.caudete.org\/ayuntamiento\/wp-content\/uploads\/2022\/02\/WhatsApp-Image-2022-02-19-at-09.25.15-1024x768.jpeg 1024w, https:\/\/www.caudete.org\/ayuntamiento\/wp-content\/uploads\/2022\/02\/WhatsApp-Image-2022-02-19-at-09.25.15-768x576.jpeg 768w, https:\/\/www.caudete.org\/ayuntamiento\/wp-content\/uploads\/2022\/02\/WhatsApp-Image-2022-02-19-at-09.25.15-1536x1152.jpeg 1536w, https:\/\/www.caudete.org\/ayuntamiento\/wp-content\/uploads\/2022\/02\/WhatsApp-Image-2022-02-19-at-09.25.15.jpeg 1600w\" sizes=\"(max-width: 300px) 100vw, 300px\" \/><\/a><\/p>\n<p style=\"text-align: justify;\"><span style=\"font-weight: 400;\">&#8220;<em>Sabemos lo dif\u00edcil que es poner de acuerdo un grupo de propietarios para acometer el asfaltado de un camino. Desde el Ayuntamiento queremos felicitar esta iniciativa, el esfuerzo y el trabajo de estos 40 vecinos<\/em>&#8220;, palabras del Concejal Joaqu\u00edn Pag\u00e1n respecto a los vecinos del Camino Los Vi\u00f1ales.<\/span><\/p>\n<p style=\"text-align: justify;\"><span style=\"font-weight: 400;\">Desde el Gobierno Municipal, y por medio de la Concejal\u00eda del Medio Rural apoyamos este tipo de iniciativas, e intentamos en la medida de las posibilidades presupuestarias dar un apoyo a la preparaci\u00f3n de estos caminos municipales, tanto en el desbroce de los laterales, como en la preparaci\u00f3n previa con zahorra y compactaci\u00f3n del camino.<\/span><\/p>\n<p><a href=\"https:\/\/www.caudete.org\/ayuntamiento\/wp-content\/uploads\/2022\/02\/WhatsApp-Image-2022-02-19-at-09.25.15-1.jpeg\" rel='prettyPhoto'><img decoding=\"async\" class=\"aligncenter wp-image-18269 size-medium\" src=\"https:\/\/www.caudete.org\/ayuntamiento\/wp-content\/uploads\/2022\/02\/WhatsApp-Image-2022-02-19-at-09.25.15-1-300x225.jpeg\" alt=\"\" width=\"300\" height=\"225\" srcset=\"https:\/\/www.caudete.org\/ayuntamiento\/wp-content\/uploads\/2022\/02\/WhatsApp-Image-2022-02-19-at-09.25.15-1-300x225.jpeg 300w, https:\/\/www.caudete.org\/ayuntamiento\/wp-content\/uploads\/2022\/02\/WhatsApp-Image-2022-02-19-at-09.25.15-1-1024x768.jpeg 1024w, https:\/\/www.caudete.org\/ayuntamiento\/wp-content\/uploads\/2022\/02\/WhatsApp-Image-2022-02-19-at-09.25.15-1-768x576.jpeg 768w, https:\/\/www.caudete.org\/ayuntamiento\/wp-content\/uploads\/2022\/02\/WhatsApp-Image-2022-02-19-at-09.25.15-1-1536x1152.jpeg 1536w, https:\/\/www.caudete.org\/ayuntamiento\/wp-content\/uploads\/2022\/02\/WhatsApp-Image-2022-02-19-at-09.25.15-1.jpeg 1600w\" sizes=\"(max-width: 300px) 100vw, 300px\" \/><\/a><\/p>\n<p style=\"text-align: justify;\"><span style=\"font-weight: 400;\">Hace ya varios meses los vecinos se constituyeron como &#8220;Comunidad de vecinos Camino Los Vi\u00f1ales&#8221;, y empezaron a solicitar presupuestos para el asfaltado. Aqu\u00ed el Ayuntamiento tambi\u00e9n ha colaborado para establecer contacto con empresas dedicadas al asfaltado y recepci\u00f3n de presupuestos, as\u00ed como facilitar lugar de reuni\u00f3n de ellos.<\/span><\/p>\n<p style=\"text-align: justify;\"><span style=\"font-weight: 400;\">Una vez estuvieron de acuerdo la mayor\u00eda de vecinos interesados, solicitaron mediante escrito colaboraci\u00f3n al Ayuntamiento de Caudete en los trabajos previos de preparaci\u00f3n del camino, antes del asfalto, acci\u00f3n \u00faltima sufragada de forma \u00edntegra por la comunidad vecinal.<\/span><\/p>\n<p><a href=\"https:\/\/www.caudete.org\/ayuntamiento\/wp-content\/uploads\/2022\/02\/WhatsApp-Image-2022-02-19-at-09.25.47.jpeg\" rel='prettyPhoto'><img decoding=\"async\" class=\"aligncenter wp-image-18271 size-medium\" src=\"https:\/\/www.caudete.org\/ayuntamiento\/wp-content\/uploads\/2022\/02\/WhatsApp-Image-2022-02-19-at-09.25.47-300x254.jpeg\" alt=\"\" width=\"300\" height=\"254\" srcset=\"https:\/\/www.caudete.org\/ayuntamiento\/wp-content\/uploads\/2022\/02\/WhatsApp-Image-2022-02-19-at-09.25.47-300x254.jpeg 300w, https:\/\/www.caudete.org\/ayuntamiento\/wp-content\/uploads\/2022\/02\/WhatsApp-Image-2022-02-19-at-09.25.47-768x651.jpeg 768w, https:\/\/www.caudete.org\/ayuntamiento\/wp-content\/uploads\/2022\/02\/WhatsApp-Image-2022-02-19-at-09.25.47.jpeg 810w\" sizes=\"(max-width: 300px) 100vw, 300px\" \/><\/a><\/p>\n<p style=\"text-align: justify;\"><span style=\"font-weight: 400;\">Esta semana ya se ha ejecutado la preparaci\u00f3n del camino con maquinaria pesada y en una semana aproximadamente se realizar\u00e1 el asfalto, con <\/span><span style=\"font-weight: 400;\">aproximadamente 700 metros de camino, dando comienzo una vez pasado el Puente sobre la Autov\u00eda A33, con un ancho de 4 metros y un grosor de 4 cm de aglomerado asf\u00e1ltico.<\/span><\/p>\n<p style=\"text-align: justify;\"><span style=\"font-weight: 400;\">Como saben los vecinos de Caudete que tienen propiedades o viven en diseminados, los caminos se vienen reparando o arreglando todos los a\u00f1os con la maquinaria de la Mancomunidad de Montearag\u00f3n de la cual somos miembros.\u00a0 Queremos pedir paciencia a los caudetanos que nos solicitan arreglos en los caminos, como todos los a\u00f1os las m\u00e1quinas llegar\u00e1n y esperamos realizar una buena labor. Este a\u00f1o con el proyecto de asfaltado de calles en casco urbano, hemos realizado acopio del material de fresado y con este material esperamos aportarlo en aquellos caminos que lo precisen.<\/span><\/p>\n<p style=\"text-align: justify;\"><span style=\"font-weight: 400;\">Todas las peticiones y reclamaciones sobre caminos las tenemos presentes, revisamos el estado actual de los caminos y realizaremos una planificaci\u00f3n y priorizaci\u00f3n seg\u00fan el estado en que se encuentran.<\/span><\/p>\n<p><a href=\"https:\/\/www.caudete.org\/ayuntamiento\/wp-content\/uploads\/2022\/02\/WhatsApp-Image-2022-02-19-at-09.25.14.jpeg\" rel='prettyPhoto'><img loading=\"lazy\" decoding=\"async\" class=\"alignnone wp-image-18267 size-medium\" src=\"https:\/\/www.caudete.org\/ayuntamiento\/wp-content\/uploads\/2022\/02\/WhatsApp-Image-2022-02-19-at-09.25.14-300x225.jpeg\" alt=\"\" width=\"300\" height=\"225\" srcset=\"https:\/\/www.caudete.org\/ayuntamiento\/wp-content\/uploads\/2022\/02\/WhatsApp-Image-2022-02-19-at-09.25.14-300x225.jpeg 300w, https:\/\/www.caudete.org\/ayuntamiento\/wp-content\/uploads\/2022\/02\/WhatsApp-Image-2022-02-19-at-09.25.14-1024x768.jpeg 1024w, https:\/\/www.caudete.org\/ayuntamiento\/wp-content\/uploads\/2022\/02\/WhatsApp-Image-2022-02-19-at-09.25.14-768x576.jpeg 768w, https:\/\/www.caudete.org\/ayuntamiento\/wp-content\/uploads\/2022\/02\/WhatsApp-Image-2022-02-19-at-09.25.14-1536x1152.jpeg 1536w, https:\/\/www.caudete.org\/ayuntamiento\/wp-content\/uploads\/2022\/02\/WhatsApp-Image-2022-02-19-at-09.25.14.jpeg 1600w\" sizes=\"(max-width: 300px) 100vw, 300px\" \/><\/a> <a href=\"https:\/\/www.caudete.org\/ayuntamiento\/wp-content\/uploads\/2022\/02\/WhatsApp-Image-2022-02-19-at-09.25.15-3.jpeg\" rel='prettyPhoto'><img loading=\"lazy\" decoding=\"async\" class=\"alignnone wp-image-18268 size-medium\" src=\"https:\/\/www.caudete.org\/ayuntamiento\/wp-content\/uploads\/2022\/02\/WhatsApp-Image-2022-02-19-at-09.25.15-3-300x225.jpeg\" alt=\"\" width=\"300\" height=\"225\" srcset=\"https:\/\/www.caudete.org\/ayuntamiento\/wp-content\/uploads\/2022\/02\/WhatsApp-Image-2022-02-19-at-09.25.15-3-300x225.jpeg 300w, https:\/\/www.caudete.org\/ayuntamiento\/wp-content\/uploads\/2022\/02\/WhatsApp-Image-2022-02-19-at-09.25.15-3-1024x768.jpeg 1024w, https:\/\/www.caudete.org\/ayuntamiento\/wp-content\/uploads\/2022\/02\/WhatsApp-Image-2022-02-19-at-09.25.15-3-768x576.jpeg 768w, https:\/\/www.caudete.org\/ayuntamiento\/wp-content\/uploads\/2022\/02\/WhatsApp-Image-2022-02-19-at-09.25.15-3-1536x1152.jpeg 1536w, https:\/\/www.caudete.org\/ayuntamiento\/wp-content\/uploads\/2022\/02\/WhatsApp-Image-2022-02-19-at-09.25.15-3.jpeg 1600w\" sizes=\"(max-width: 300px) 100vw, 300px\" \/><\/a><\/p>\n","protected":false},"excerpt":{"rendered":"<p>&#8220;Sabemos lo dif\u00edcil que es poner de acuerdo un grupo de propietarios para acometer el asfaltado de un camino. Desde el Ayuntamiento queremos felicitar esta iniciativa, el esfuerzo y el trabajo de estos 40 vecinos&#8220;, palabras del Concejal Joaqu\u00edn Pag\u00e1n respecto a los vecinos del Camino Los Vi\u00f1ales. Desde el Gobierno Municipal, y por medio &hellip;<\/p>\n","protected":false},"author":3,"featured_media":18266,"comment_status":"closed","ping_status":"open","sticky":false,"template":"","format":"standard","meta":{"ngg_post_thumbnail":0,"footnotes":""},"categories":[50],"tags":[],"class_list":["post-18265","post","type-post","status-publish","format-standard","has-post-thumbnail","hentry","category-medio-rural"],"yoast_head":"<!-- This site is optimized with the Yoast SEO plugin v27.5 - https:\/\/yoast.com\/product\/yoast-seo-wordpress\/ -->\n<title>Preparaci\u00f3n del pavimento de LOS VI\u00d1ALES para el asfaltado por parte de los vecinos - MI Ayuntamiento de Caudete<\/title>\n<meta name=\"description\" content=\"P\u00e1gina Oficial del Ayuntamiento de Caudete (Albacete)\" \/>\n<meta name=\"robots\" content=\"index, follow, max-snippet:-1, max-image-preview:large, max-video-preview:-1\" \/>\n<link rel=\"canonical\" href=\"https:\/\/www.caudete.org\/ayuntamiento\/preparacion-del-pavimento-de-los-vinales-para-el-asfaltado-por-parte-de-los-vecinos\/\" \/>\n<meta property=\"og:locale\" content=\"es_ES\" \/>\n<meta property=\"og:type\" content=\"article\" \/>\n<meta property=\"og:title\" content=\"Preparaci\u00f3n del pavimento de LOS VI\u00d1ALES para el asfaltado por parte de los vecinos - MI Ayuntamiento de Caudete\" \/>\n<meta property=\"og:description\" content=\"P\u00e1gina Oficial del Ayuntamiento de Caudete (Albacete)\" \/>\n<meta property=\"og:url\" content=\"https:\/\/www.caudete.org\/ayuntamiento\/preparacion-del-pavimento-de-los-vinales-para-el-asfaltado-por-parte-de-los-vecinos\/\" \/>\n<meta property=\"og:site_name\" content=\"MI Ayuntamiento de Caudete\" \/>\n<meta property=\"article:publisher\" content=\"https:\/\/www.facebook.com\/ayuntamientocaudete\/\" \/>\n<meta property=\"article:published_time\" content=\"2022-02-22T08:00:57+00:00\" \/>\n<meta property=\"article:modified_time\" content=\"2022-02-22T17:11:41+00:00\" \/>\n<meta property=\"og:image\" content=\"https:\/\/www.caudete.org\/ayuntamiento\/wp-content\/uploads\/2022\/02\/WhatsApp-Image-2022-02-19-at-09.25.15-2.jpeg\" \/>\n\t<meta property=\"og:image:width\" content=\"1600\" \/>\n\t<meta property=\"og:image:height\" content=\"1200\" \/>\n\t<meta property=\"og:image:type\" content=\"image\/jpeg\" \/>\n<meta name=\"author\" content=\"alcalde\" \/>\n<meta name=\"twitter:card\" content=\"summary_large_image\" \/>\n<meta name=\"twitter:label1\" content=\"Escrito por\" \/>\n\t<meta name=\"twitter:data1\" content=\"alcalde\" \/>\n\t<meta name=\"twitter:label2\" content=\"Tiempo de lectura\" \/>\n\t<meta name=\"twitter:data2\" content=\"2 minutos\" \/>\n<script type=\"application\/ld+json\" class=\"yoast-schema-graph\">{\"@context\":\"https:\\\/\\\/schema.org\",\"@graph\":[{\"@type\":\"Article\",\"@id\":\"https:\\\/\\\/www.caudete.org\\\/ayuntamiento\\\/preparacion-del-pavimento-de-los-vinales-para-el-asfaltado-por-parte-de-los-vecinos\\\/#article\",\"isPartOf\":{\"@id\":\"https:\\\/\\\/www.caudete.org\\\/ayuntamiento\\\/preparacion-del-pavimento-de-los-vinales-para-el-asfaltado-por-parte-de-los-vecinos\\\/\"},\"author\":{\"name\":\"alcalde\",\"@id\":\"https:\\\/\\\/www.caudete.org\\\/ayuntamiento\\\/#\\\/schema\\\/person\\\/cc646da9133078ee4d8dd47457947253\"},\"headline\":\"Preparaci\u00f3n del pavimento de LOS VI\u00d1ALES para el asfaltado por parte de los vecinos\",\"datePublished\":\"2022-02-22T08:00:57+00:00\",\"dateModified\":\"2022-02-22T17:11:41+00:00\",\"mainEntityOfPage\":{\"@id\":\"https:\\\/\\\/www.caudete.org\\\/ayuntamiento\\\/preparacion-del-pavimento-de-los-vinales-para-el-asfaltado-por-parte-de-los-vecinos\\\/\"},\"wordCount\":408,\"image\":{\"@id\":\"https:\\\/\\\/www.caudete.org\\\/ayuntamiento\\\/preparacion-del-pavimento-de-los-vinales-para-el-asfaltado-por-parte-de-los-vecinos\\\/#primaryimage\"},\"thumbnailUrl\":\"https:\\\/\\\/www.caudete.org\\\/ayuntamiento\\\/wp-content\\\/uploads\\\/2022\\\/02\\\/WhatsApp-Image-2022-02-19-at-09.25.15-2.jpeg\",\"articleSection\":[\"Medio Rural\"],\"inLanguage\":\"es\"},{\"@type\":\"WebPage\",\"@id\":\"https:\\\/\\\/www.caudete.org\\\/ayuntamiento\\\/preparacion-del-pavimento-de-los-vinales-para-el-asfaltado-por-parte-de-los-vecinos\\\/\",\"url\":\"https:\\\/\\\/www.caudete.org\\\/ayuntamiento\\\/preparacion-del-pavimento-de-los-vinales-para-el-asfaltado-por-parte-de-los-vecinos\\\/\",\"name\":\"Preparaci\u00f3n del pavimento de LOS VI\u00d1ALES para el asfaltado por parte de los vecinos - MI Ayuntamiento de Caudete\",\"isPartOf\":{\"@id\":\"https:\\\/\\\/www.caudete.org\\\/ayuntamiento\\\/#website\"},\"primaryImageOfPage\":{\"@id\":\"https:\\\/\\\/www.caudete.org\\\/ayuntamiento\\\/preparacion-del-pavimento-de-los-vinales-para-el-asfaltado-por-parte-de-los-vecinos\\\/#primaryimage\"},\"image\":{\"@id\":\"https:\\\/\\\/www.caudete.org\\\/ayuntamiento\\\/preparacion-del-pavimento-de-los-vinales-para-el-asfaltado-por-parte-de-los-vecinos\\\/#primaryimage\"},\"thumbnailUrl\":\"https:\\\/\\\/www.caudete.org\\\/ayuntamiento\\\/wp-content\\\/uploads\\\/2022\\\/02\\\/WhatsApp-Image-2022-02-19-at-09.25.15-2.jpeg\",\"datePublished\":\"2022-02-22T08:00:57+00:00\",\"dateModified\":\"2022-02-22T17:11:41+00:00\",\"author\":{\"@id\":\"https:\\\/\\\/www.caudete.org\\\/ayuntamiento\\\/#\\\/schema\\\/person\\\/cc646da9133078ee4d8dd47457947253\"},\"description\":\"P\u00e1gina Oficial del Ayuntamiento de Caudete (Albacete)\",\"breadcrumb\":{\"@id\":\"https:\\\/\\\/www.caudete.org\\\/ayuntamiento\\\/preparacion-del-pavimento-de-los-vinales-para-el-asfaltado-por-parte-de-los-vecinos\\\/#breadcrumb\"},\"inLanguage\":\"es\",\"potentialAction\":[{\"@type\":\"ReadAction\",\"target\":[\"https:\\\/\\\/www.caudete.org\\\/ayuntamiento\\\/preparacion-del-pavimento-de-los-vinales-para-el-asfaltado-por-parte-de-los-vecinos\\\/\"]}]},{\"@type\":\"ImageObject\",\"inLanguage\":\"es\",\"@id\":\"https:\\\/\\\/www.caudete.org\\\/ayuntamiento\\\/preparacion-del-pavimento-de-los-vinales-para-el-asfaltado-por-parte-de-los-vecinos\\\/#primaryimage\",\"url\":\"https:\\\/\\\/www.caudete.org\\\/ayuntamiento\\\/wp-content\\\/uploads\\\/2022\\\/02\\\/WhatsApp-Image-2022-02-19-at-09.25.15-2.jpeg\",\"contentUrl\":\"https:\\\/\\\/www.caudete.org\\\/ayuntamiento\\\/wp-content\\\/uploads\\\/2022\\\/02\\\/WhatsApp-Image-2022-02-19-at-09.25.15-2.jpeg\",\"width\":1600,\"height\":1200},{\"@type\":\"BreadcrumbList\",\"@id\":\"https:\\\/\\\/www.caudete.org\\\/ayuntamiento\\\/preparacion-del-pavimento-de-los-vinales-para-el-asfaltado-por-parte-de-los-vecinos\\\/#breadcrumb\",\"itemListElement\":[{\"@type\":\"ListItem\",\"position\":1,\"name\":\"Inicio\",\"item\":\"https:\\\/\\\/www.caudete.org\\\/ayuntamiento\\\/\"},{\"@type\":\"ListItem\",\"position\":2,\"name\":\"Preparaci\u00f3n del pavimento de LOS VI\u00d1ALES para el asfaltado por parte de los vecinos\"}]},{\"@type\":\"WebSite\",\"@id\":\"https:\\\/\\\/www.caudete.org\\\/ayuntamiento\\\/#website\",\"url\":\"https:\\\/\\\/www.caudete.org\\\/ayuntamiento\\\/\",\"name\":\"MI Ayuntamiento de Caudete\",\"description\":\"P\u00e1gina Oficial del MI Ayuntamiento de Caudete\",\"potentialAction\":[{\"@type\":\"SearchAction\",\"target\":{\"@type\":\"EntryPoint\",\"urlTemplate\":\"https:\\\/\\\/www.caudete.org\\\/ayuntamiento\\\/?s={search_term_string}\"},\"query-input\":{\"@type\":\"PropertyValueSpecification\",\"valueRequired\":true,\"valueName\":\"search_term_string\"}}],\"inLanguage\":\"es\"},{\"@type\":\"Person\",\"@id\":\"https:\\\/\\\/www.caudete.org\\\/ayuntamiento\\\/#\\\/schema\\\/person\\\/cc646da9133078ee4d8dd47457947253\",\"name\":\"alcalde\",\"image\":{\"@type\":\"ImageObject\",\"inLanguage\":\"es\",\"@id\":\"https:\\\/\\\/secure.gravatar.com\\\/avatar\\\/84a817ba065b29ff08d666b215a215f5c79186a645ccb25b14a663d48a130f77?s=96&d=mm&r=g\",\"url\":\"https:\\\/\\\/secure.gravatar.com\\\/avatar\\\/84a817ba065b29ff08d666b215a215f5c79186a645ccb25b14a663d48a130f77?s=96&d=mm&r=g\",\"contentUrl\":\"https:\\\/\\\/secure.gravatar.com\\\/avatar\\\/84a817ba065b29ff08d666b215a215f5c79186a645ccb25b14a663d48a130f77?s=96&d=mm&r=g\",\"caption\":\"alcalde\"},\"url\":\"https:\\\/\\\/www.caudete.org\\\/ayuntamiento\\\/author\\\/alcalde\\\/\"}]}<\/script>\n<!-- \/ Yoast SEO plugin. -->","yoast_head_json":{"title":"Preparaci\u00f3n del pavimento de LOS VI\u00d1ALES para el asfaltado por parte de los vecinos - MI Ayuntamiento de Caudete","description":"P\u00e1gina Oficial del Ayuntamiento de Caudete (Albacete)","robots":{"index":"index","follow":"follow","max-snippet":"max-snippet:-1","max-image-preview":"max-image-preview:large","max-video-preview":"max-video-preview:-1"},"canonical":"https:\/\/www.caudete.org\/ayuntamiento\/preparacion-del-pavimento-de-los-vinales-para-el-asfaltado-por-parte-de-los-vecinos\/","og_locale":"es_ES","og_type":"article","og_title":"Preparaci\u00f3n del pavimento de LOS VI\u00d1ALES para el asfaltado por parte de los vecinos - MI Ayuntamiento de Caudete","og_description":"P\u00e1gina Oficial del Ayuntamiento de Caudete (Albacete)","og_url":"https:\/\/www.caudete.org\/ayuntamiento\/preparacion-del-pavimento-de-los-vinales-para-el-asfaltado-por-parte-de-los-vecinos\/","og_site_name":"MI Ayuntamiento de Caudete","article_publisher":"https:\/\/www.facebook.com\/ayuntamientocaudete\/","article_published_time":"2022-02-22T08:00:57+00:00","article_modified_time":"2022-02-22T17:11:41+00:00","og_image":[{"width":1600,"height":1200,"url":"https:\/\/www.caudete.org\/ayuntamiento\/wp-content\/uploads\/2022\/02\/WhatsApp-Image-2022-02-19-at-09.25.15-2.jpeg","type":"image\/jpeg"}],"author":"alcalde","twitter_card":"summary_large_image","twitter_misc":{"Escrito por":"alcalde","Tiempo de lectura":"2 minutos"},"schema":{"@context":"https:\/\/schema.org","@graph":[{"@type":"Article","@id":"https:\/\/www.caudete.org\/ayuntamiento\/preparacion-del-pavimento-de-los-vinales-para-el-asfaltado-por-parte-de-los-vecinos\/#article","isPartOf":{"@id":"https:\/\/www.caudete.org\/ayuntamiento\/preparacion-del-pavimento-de-los-vinales-para-el-asfaltado-por-parte-de-los-vecinos\/"},"author":{"name":"alcalde","@id":"https:\/\/www.caudete.org\/ayuntamiento\/#\/schema\/person\/cc646da9133078ee4d8dd47457947253"},"headline":"Preparaci\u00f3n del pavimento de LOS VI\u00d1ALES para el asfaltado por parte de los vecinos","datePublished":"2022-02-22T08:00:57+00:00","dateModified":"2022-02-22T17:11:41+00:00","mainEntityOfPage":{"@id":"https:\/\/www.caudete.org\/ayuntamiento\/preparacion-del-pavimento-de-los-vinales-para-el-asfaltado-por-parte-de-los-vecinos\/"},"wordCount":408,"image":{"@id":"https:\/\/www.caudete.org\/ayuntamiento\/preparacion-del-pavimento-de-los-vinales-para-el-asfaltado-por-parte-de-los-vecinos\/#primaryimage"},"thumbnailUrl":"https:\/\/www.caudete.org\/ayuntamiento\/wp-content\/uploads\/2022\/02\/WhatsApp-Image-2022-02-19-at-09.25.15-2.jpeg","articleSection":["Medio Rural"],"inLanguage":"es"},{"@type":"WebPage","@id":"https:\/\/www.caudete.org\/ayuntamiento\/preparacion-del-pavimento-de-los-vinales-para-el-asfaltado-por-parte-de-los-vecinos\/","url":"https:\/\/www.caudete.org\/ayuntamiento\/preparacion-del-pavimento-de-los-vinales-para-el-asfaltado-por-parte-de-los-vecinos\/","name":"Preparaci\u00f3n del pavimento de LOS VI\u00d1ALES para el asfaltado por parte de los vecinos - MI Ayuntamiento de Caudete","isPartOf":{"@id":"https:\/\/www.caudete.org\/ayuntamiento\/#website"},"primaryImageOfPage":{"@id":"https:\/\/www.caudete.org\/ayuntamiento\/preparacion-del-pavimento-de-los-vinales-para-el-asfaltado-por-parte-de-los-vecinos\/#primaryimage"},"image":{"@id":"https:\/\/www.caudete.org\/ayuntamiento\/preparacion-del-pavimento-de-los-vinales-para-el-asfaltado-por-parte-de-los-vecinos\/#primaryimage"},"thumbnailUrl":"https:\/\/www.caudete.org\/ayuntamiento\/wp-content\/uploads\/2022\/02\/WhatsApp-Image-2022-02-19-at-09.25.15-2.jpeg","datePublished":"2022-02-22T08:00:57+00:00","dateModified":"2022-02-22T17:11:41+00:00","author":{"@id":"https:\/\/www.caudete.org\/ayuntamiento\/#\/schema\/person\/cc646da9133078ee4d8dd47457947253"},"description":"P\u00e1gina Oficial del Ayuntamiento de Caudete (Albacete)","breadcrumb":{"@id":"https:\/\/www.caudete.org\/ayuntamiento\/preparacion-del-pavimento-de-los-vinales-para-el-asfaltado-por-parte-de-los-vecinos\/#breadcrumb"},"inLanguage":"es","potentialAction":[{"@type":"ReadAction","target":["https:\/\/www.caudete.org\/ayuntamiento\/preparacion-del-pavimento-de-los-vinales-para-el-asfaltado-por-parte-de-los-vecinos\/"]}]},{"@type":"ImageObject","inLanguage":"es","@id":"https:\/\/www.caudete.org\/ayuntamiento\/preparacion-del-pavimento-de-los-vinales-para-el-asfaltado-por-parte-de-los-vecinos\/#primaryimage","url":"https:\/\/www.caudete.org\/ayuntamiento\/wp-content\/uploads\/2022\/02\/WhatsApp-Image-2022-02-19-at-09.25.15-2.jpeg","contentUrl":"https:\/\/www.caudete.org\/ayuntamiento\/wp-content\/uploads\/2022\/02\/WhatsApp-Image-2022-02-19-at-09.25.15-2.jpeg","width":1600,"height":1200},{"@type":"BreadcrumbList","@id":"https:\/\/www.caudete.org\/ayuntamiento\/preparacion-del-pavimento-de-los-vinales-para-el-asfaltado-por-parte-de-los-vecinos\/#breadcrumb","itemListElement":[{"@type":"ListItem","position":1,"name":"Inicio","item":"https:\/\/www.caudete.org\/ayuntamiento\/"},{"@type":"ListItem","position":2,"name":"Preparaci\u00f3n del pavimento de LOS VI\u00d1ALES para el asfaltado por parte de los vecinos"}]},{"@type":"WebSite","@id":"https:\/\/www.caudete.org\/ayuntamiento\/#website","url":"https:\/\/www.caudete.org\/ayuntamiento\/","name":"MI Ayuntamiento de Caudete","description":"P\u00e1gina Oficial del MI Ayuntamiento de Caudete","potentialAction":[{"@type":"SearchAction","target":{"@type":"EntryPoint","urlTemplate":"https:\/\/www.caudete.org\/ayuntamiento\/?s={search_term_string}"},"query-input":{"@type":"PropertyValueSpecification","valueRequired":true,"valueName":"search_term_string"}}],"inLanguage":"es"},{"@type":"Person","@id":"https:\/\/www.caudete.org\/ayuntamiento\/#\/schema\/person\/cc646da9133078ee4d8dd47457947253","name":"alcalde","image":{"@type":"ImageObject","inLanguage":"es","@id":"https:\/\/secure.gravatar.com\/avatar\/84a817ba065b29ff08d666b215a215f5c79186a645ccb25b14a663d48a130f77?s=96&d=mm&r=g","url":"https:\/\/secure.gravatar.com\/avatar\/84a817ba065b29ff08d666b215a215f5c79186a645ccb25b14a663d48a130f77?s=96&d=mm&r=g","contentUrl":"https:\/\/secure.gravatar.com\/avatar\/84a817ba065b29ff08d666b215a215f5c79186a645ccb25b14a663d48a130f77?s=96&d=mm&r=g","caption":"alcalde"},"url":"https:\/\/www.caudete.org\/ayuntamiento\/author\/alcalde\/"}]}},"_links":{"self":[{"href":"https:\/\/www.caudete.org\/ayuntamiento\/wp-json\/wp\/v2\/posts\/18265","targetHints":{"allow":["GET"]}}],"collection":[{"href":"https:\/\/www.caudete.org\/ayuntamiento\/wp-json\/wp\/v2\/posts"}],"about":[{"href":"https:\/\/www.caudete.org\/ayuntamiento\/wp-json\/wp\/v2\/types\/post"}],"author":[{"embeddable":true,"href":"https:\/\/www.caudete.org\/ayuntamiento\/wp-json\/wp\/v2\/users\/3"}],"replies":[{"embeddable":true,"href":"https:\/\/www.caudete.org\/ayuntamiento\/wp-json\/wp\/v2\/comments?post=18265"}],"version-history":[{"count":2,"href":"https:\/\/www.caudete.org\/ayuntamiento\/wp-json\/wp\/v2\/posts\/18265\/revisions"}],"predecessor-version":[{"id":18274,"href":"https:\/\/www.caudete.org\/ayuntamiento\/wp-json\/wp\/v2\/posts\/18265\/revisions\/18274"}],"wp:featuredmedia":[{"embeddable":true,"href":"https:\/\/www.caudete.org\/ayuntamiento\/wp-json\/wp\/v2\/media\/18266"}],"wp:attachment":[{"href":"https:\/\/www.caudete.org\/ayuntamiento\/wp-json\/wp\/v2\/media?parent=18265"}],"wp:term":[{"taxonomy":"category","embeddable":true,"href":"https:\/\/www.caudete.org\/ayuntamiento\/wp-json\/wp\/v2\/categories?post=18265"},{"taxonomy":"post_tag","embeddable":true,"href":"https:\/\/www.caudete.org\/ayuntamiento\/wp-json\/wp\/v2\/tags?post=18265"}],"curies":[{"name":"wp","href":"https:\/\/api.w.org\/{rel}","templated":true}]}}