{"id":18331,"date":"2022-03-02T19:54:14","date_gmt":"2022-03-02T18:54:14","guid":{"rendered":"https:\/\/www.caudete.org\/ayuntamiento\/?p=18331"},"modified":"2022-03-02T21:27:02","modified_gmt":"2022-03-02T20:27:02","slug":"exposicion-la-mujer-y-su-papel-en-la-industria-textil-ii-la-fabrica-de-munecas-incomu-famosa-caudete-1973-2001","status":"publish","type":"post","link":"https:\/\/www.caudete.org\/ayuntamiento\/exposicion-la-mujer-y-su-papel-en-la-industria-textil-ii-la-fabrica-de-munecas-incomu-famosa-caudete-1973-2001\/","title":{"rendered":"Exposici\u00f3n \u00a0\u201cLa Mujer y su papel en la Industria Textil II: La f\u00e1brica de mu\u00f1ecas INCOMU-FAMOSA . Caudete, 1973\/2001\u201d"},"content":{"rendered":"<p>El viernes 4 de marzo a las 19:00 horas en la Sala de exposiciones Jose P\u00e9rezgil de la Casa de Cultura de Caudete tendr\u00e1 lugar la inauguraci\u00f3n de la exposici\u00f3n \u201c<strong>LA MUJER Y SU PAPEL EN LA INDUSTRI TEXTIL II: La f\u00e1brica de mu\u00f1ecas INCOMU-FAMOSA . Caudete, 1973\/2001\u201d<\/strong><\/p>\n<p>Un proyecto creado por la Casa de Cultura y el Archivo Municipal del M.I. Ayuntamiento de Caudete que forma parte de un programa de recuperaci\u00f3n de la historia econ\u00f3mica y social de nuestro municipio que se inici\u00f3 en 2018.<\/p>\n<p>La exposici\u00f3n est\u00e1 compuesta por documentaci\u00f3n gr\u00e1fica, documentaci\u00f3n textual y objetos representativos tanto del proceso productivo, como del resultado final de la producci\u00f3n.<\/p>\n<p>La parte gr\u00e1fica es el cuerpo principal de la exposici\u00f3n y consta de un total <strong><em>de 60 fotograf\u00edas<\/em><\/strong> , elegidas de entre unas 80, aportadas por trabajadoras de esta empresa. Las primeras im\u00e1genes son fotos en blanco y negro de de los a\u00f1os 70, y el resto im\u00e1genes en color.<\/p>\n<p>La documentaci\u00f3n textual muestra el funcionamiento diario de lNCOMU y reflejan la trayectoria profesional, as\u00ed como la conciliaci\u00f3n de la vida profesional y laboral de estas mujeres.<\/p>\n<p>Completa la colecci\u00f3n una peque\u00f1a muestra de la maquinaria empleada en la producci\u00f3n: m\u00e1quina de coser, remalladora, silla de trabajo, hilos, herramientas menores\u2026 incluso los uniformes de trabajo.<\/p>\n<p>El proyecto, que no hubiera sido posible sin la aportaci\u00f3n desinteresada de las trabajadoras, es un homenaje a todas estas mujeres que rompieron moldes y cambiaron roles. Los peque\u00f1os avances\u2026 mueven el mundo. A todas y cada uno ellas, muchas gracias<\/p>\n<p>La exposici\u00f3n se podr\u00e1 visitar desde el viernes 4 hasta el s\u00e1bado 19 de marzo en el horario habitual de la Sala : de lunes a viernes, de 18:00 a 21:00 horas, y s\u00e1bados de 10.00 a 13:00 .<\/p>\n<p><a href=\"http:\/\/CaudeteEsCultura#\" target=\"_blank\" rel=\"nofollow\">CaudeteEsCultura#<\/a><\/p>\n<p><a href=\"http:\/\/Culturacaudete#\" target=\"_blank\" rel=\"nofollow\">Culturacaudete#<\/a><\/p>\n<p><a href=\"https:\/\/www.caudete.org\/ayuntamiento\/wp-content\/uploads\/2022\/03\/FABRICA-INCOMU-FAMOSA-Dos-Hojas_001.jpg\" rel='prettyPhoto'><img fetchpriority=\"high\" decoding=\"async\" class=\"aligncenter wp-image-18334 size-medium\" src=\"https:\/\/www.caudete.org\/ayuntamiento\/wp-content\/uploads\/2022\/03\/FABRICA-INCOMU-FAMOSA-Dos-Hojas_001-212x300.jpg\" alt=\"\" width=\"212\" height=\"300\" srcset=\"https:\/\/www.caudete.org\/ayuntamiento\/wp-content\/uploads\/2022\/03\/FABRICA-INCOMU-FAMOSA-Dos-Hojas_001-212x300.jpg 212w, https:\/\/www.caudete.org\/ayuntamiento\/wp-content\/uploads\/2022\/03\/FABRICA-INCOMU-FAMOSA-Dos-Hojas_001-724x1024.jpg 724w, https:\/\/www.caudete.org\/ayuntamiento\/wp-content\/uploads\/2022\/03\/FABRICA-INCOMU-FAMOSA-Dos-Hojas_001-768x1087.jpg 768w, https:\/\/www.caudete.org\/ayuntamiento\/wp-content\/uploads\/2022\/03\/FABRICA-INCOMU-FAMOSA-Dos-Hojas_001-1085x1536.jpg 1085w, https:\/\/www.caudete.org\/ayuntamiento\/wp-content\/uploads\/2022\/03\/FABRICA-INCOMU-FAMOSA-Dos-Hojas_001.jpg 1190w\" sizes=\"(max-width: 212px) 100vw, 212px\" \/><\/a><\/p>\n<p>&nbsp;<\/p>\n","protected":false},"excerpt":{"rendered":"<p>El viernes 4 de marzo a las 19:00 horas en la Sala de exposiciones Jose P\u00e9rezgil de la Casa de Cultura de Caudete tendr\u00e1 lugar la inauguraci\u00f3n de la exposici\u00f3n \u201cLA MUJER Y SU PAPEL EN LA INDUSTRI TEXTIL II: La f\u00e1brica de mu\u00f1ecas INCOMU-FAMOSA . Caudete, 1973\/2001\u201d Un proyecto creado por la Casa de &hellip;<\/p>\n","protected":false},"author":2,"featured_media":18336,"comment_status":"closed","ping_status":"open","sticky":false,"template":"","format":"standard","meta":{"ngg_post_thumbnail":0,"footnotes":""},"categories":[802],"tags":[805,496,803,804],"class_list":["post-18331","post","type-post","status-publish","format-standard","has-post-thumbnail","hentry","category-cultura-archivo-municipal","tag-archivo-municipal","tag-casa-de-cultura","tag-casa-de-cultura-archivo-municipal","tag-cultura-archivo-municipal"],"yoast_head":"<!-- This site is optimized with the Yoast SEO plugin v27.5 - https:\/\/yoast.com\/product\/yoast-seo-wordpress\/ -->\n<title>Exposici\u00f3n \u00a0\u201cLa Mujer y su papel en la Industria Textil II: La f\u00e1brica de mu\u00f1ecas INCOMU-FAMOSA . Caudete, 1973\/2001\u201d - MI Ayuntamiento de Caudete<\/title>\n<meta name=\"description\" content=\"P\u00e1gina Oficial del Ayuntamiento de Caudete (Albacete)\" \/>\n<meta name=\"robots\" content=\"index, follow, max-snippet:-1, max-image-preview:large, max-video-preview:-1\" \/>\n<link rel=\"canonical\" href=\"https:\/\/www.caudete.org\/ayuntamiento\/exposicion-la-mujer-y-su-papel-en-la-industria-textil-ii-la-fabrica-de-munecas-incomu-famosa-caudete-1973-2001\/\" \/>\n<meta property=\"og:locale\" content=\"es_ES\" \/>\n<meta property=\"og:type\" content=\"article\" \/>\n<meta property=\"og:title\" content=\"Exposici\u00f3n \u00a0\u201cLa Mujer y su papel en la Industria Textil II: La f\u00e1brica de mu\u00f1ecas INCOMU-FAMOSA . Caudete, 1973\/2001\u201d - MI Ayuntamiento de Caudete\" \/>\n<meta property=\"og:description\" content=\"P\u00e1gina Oficial del Ayuntamiento de Caudete (Albacete)\" \/>\n<meta property=\"og:url\" content=\"https:\/\/www.caudete.org\/ayuntamiento\/exposicion-la-mujer-y-su-papel-en-la-industria-textil-ii-la-fabrica-de-munecas-incomu-famosa-caudete-1973-2001\/\" \/>\n<meta property=\"og:site_name\" content=\"MI Ayuntamiento de Caudete\" \/>\n<meta property=\"article:publisher\" content=\"https:\/\/www.facebook.com\/ayuntamientocaudete\/\" \/>\n<meta property=\"article:published_time\" content=\"2022-03-02T18:54:14+00:00\" \/>\n<meta property=\"article:modified_time\" content=\"2022-03-02T20:27:02+00:00\" \/>\n<meta property=\"og:image\" content=\"https:\/\/www.caudete.org\/ayuntamiento\/wp-content\/uploads\/2022\/03\/Fabrica-INCOMU-FAMOSA-WEB.jpg\" \/>\n\t<meta property=\"og:image:width\" content=\"864\" \/>\n\t<meta property=\"og:image:height\" content=\"380\" \/>\n\t<meta property=\"og:image:type\" content=\"image\/jpeg\" \/>\n<meta name=\"author\" content=\"Juan\" \/>\n<meta name=\"twitter:card\" content=\"summary_large_image\" \/>\n<meta name=\"twitter:label1\" content=\"Escrito por\" \/>\n\t<meta name=\"twitter:data1\" content=\"Juan\" \/>\n\t<meta name=\"twitter:label2\" content=\"Tiempo de lectura\" \/>\n\t<meta name=\"twitter:data2\" content=\"2 minutos\" \/>\n<script type=\"application\/ld+json\" class=\"yoast-schema-graph\">{\"@context\":\"https:\\\/\\\/schema.org\",\"@graph\":[{\"@type\":\"Article\",\"@id\":\"https:\\\/\\\/www.caudete.org\\\/ayuntamiento\\\/exposicion-la-mujer-y-su-papel-en-la-industria-textil-ii-la-fabrica-de-munecas-incomu-famosa-caudete-1973-2001\\\/#article\",\"isPartOf\":{\"@id\":\"https:\\\/\\\/www.caudete.org\\\/ayuntamiento\\\/exposicion-la-mujer-y-su-papel-en-la-industria-textil-ii-la-fabrica-de-munecas-incomu-famosa-caudete-1973-2001\\\/\"},\"author\":{\"name\":\"Juan\",\"@id\":\"https:\\\/\\\/www.caudete.org\\\/ayuntamiento\\\/#\\\/schema\\\/person\\\/7656a5bb58fca95b9814e940de0fda63\"},\"headline\":\"Exposici\u00f3n \u00a0\u201cLa Mujer y su papel en la Industria Textil II: La f\u00e1brica de mu\u00f1ecas INCOMU-FAMOSA . Caudete, 1973\\\/2001\u201d\",\"datePublished\":\"2022-03-02T18:54:14+00:00\",\"dateModified\":\"2022-03-02T20:27:02+00:00\",\"mainEntityOfPage\":{\"@id\":\"https:\\\/\\\/www.caudete.org\\\/ayuntamiento\\\/exposicion-la-mujer-y-su-papel-en-la-industria-textil-ii-la-fabrica-de-munecas-incomu-famosa-caudete-1973-2001\\\/\"},\"wordCount\":331,\"publisher\":{\"@id\":\"https:\\\/\\\/www.caudete.org\\\/ayuntamiento\\\/#organization\"},\"image\":{\"@id\":\"https:\\\/\\\/www.caudete.org\\\/ayuntamiento\\\/exposicion-la-mujer-y-su-papel-en-la-industria-textil-ii-la-fabrica-de-munecas-incomu-famosa-caudete-1973-2001\\\/#primaryimage\"},\"thumbnailUrl\":\"https:\\\/\\\/www.caudete.org\\\/ayuntamiento\\\/wp-content\\\/uploads\\\/2022\\\/03\\\/Fabrica-INCOMU-FAMOSA-WEB.jpg\",\"keywords\":[\"Archivo Municipal\",\"Casa de Cultura\",\"Casa de Cultura-Archivo Municipal\",\"Cultura-Archivo Municipal\"],\"articleSection\":[\"Cultura - Archivo Municipal\"],\"inLanguage\":\"es\"},{\"@type\":\"WebPage\",\"@id\":\"https:\\\/\\\/www.caudete.org\\\/ayuntamiento\\\/exposicion-la-mujer-y-su-papel-en-la-industria-textil-ii-la-fabrica-de-munecas-incomu-famosa-caudete-1973-2001\\\/\",\"url\":\"https:\\\/\\\/www.caudete.org\\\/ayuntamiento\\\/exposicion-la-mujer-y-su-papel-en-la-industria-textil-ii-la-fabrica-de-munecas-incomu-famosa-caudete-1973-2001\\\/\",\"name\":\"Exposici\u00f3n \u00a0\u201cLa Mujer y su papel en la Industria Textil II: La f\u00e1brica de mu\u00f1ecas INCOMU-FAMOSA . Caudete, 1973\\\/2001\u201d - MI Ayuntamiento de Caudete\",\"isPartOf\":{\"@id\":\"https:\\\/\\\/www.caudete.org\\\/ayuntamiento\\\/#website\"},\"primaryImageOfPage\":{\"@id\":\"https:\\\/\\\/www.caudete.org\\\/ayuntamiento\\\/exposicion-la-mujer-y-su-papel-en-la-industria-textil-ii-la-fabrica-de-munecas-incomu-famosa-caudete-1973-2001\\\/#primaryimage\"},\"image\":{\"@id\":\"https:\\\/\\\/www.caudete.org\\\/ayuntamiento\\\/exposicion-la-mujer-y-su-papel-en-la-industria-textil-ii-la-fabrica-de-munecas-incomu-famosa-caudete-1973-2001\\\/#primaryimage\"},\"thumbnailUrl\":\"https:\\\/\\\/www.caudete.org\\\/ayuntamiento\\\/wp-content\\\/uploads\\\/2022\\\/03\\\/Fabrica-INCOMU-FAMOSA-WEB.jpg\",\"datePublished\":\"2022-03-02T18:54:14+00:00\",\"dateModified\":\"2022-03-02T20:27:02+00:00\",\"description\":\"P\u00e1gina Oficial del Ayuntamiento de Caudete (Albacete)\",\"breadcrumb\":{\"@id\":\"https:\\\/\\\/www.caudete.org\\\/ayuntamiento\\\/exposicion-la-mujer-y-su-papel-en-la-industria-textil-ii-la-fabrica-de-munecas-incomu-famosa-caudete-1973-2001\\\/#breadcrumb\"},\"inLanguage\":\"es\",\"potentialAction\":[{\"@type\":\"ReadAction\",\"target\":[\"https:\\\/\\\/www.caudete.org\\\/ayuntamiento\\\/exposicion-la-mujer-y-su-papel-en-la-industria-textil-ii-la-fabrica-de-munecas-incomu-famosa-caudete-1973-2001\\\/\"]}]},{\"@type\":\"ImageObject\",\"inLanguage\":\"es\",\"@id\":\"https:\\\/\\\/www.caudete.org\\\/ayuntamiento\\\/exposicion-la-mujer-y-su-papel-en-la-industria-textil-ii-la-fabrica-de-munecas-incomu-famosa-caudete-1973-2001\\\/#primaryimage\",\"url\":\"https:\\\/\\\/www.caudete.org\\\/ayuntamiento\\\/wp-content\\\/uploads\\\/2022\\\/03\\\/Fabrica-INCOMU-FAMOSA-WEB.jpg\",\"contentUrl\":\"https:\\\/\\\/www.caudete.org\\\/ayuntamiento\\\/wp-content\\\/uploads\\\/2022\\\/03\\\/Fabrica-INCOMU-FAMOSA-WEB.jpg\",\"width\":864,\"height\":380},{\"@type\":\"BreadcrumbList\",\"@id\":\"https:\\\/\\\/www.caudete.org\\\/ayuntamiento\\\/exposicion-la-mujer-y-su-papel-en-la-industria-textil-ii-la-fabrica-de-munecas-incomu-famosa-caudete-1973-2001\\\/#breadcrumb\",\"itemListElement\":[{\"@type\":\"ListItem\",\"position\":1,\"name\":\"Inicio\",\"item\":\"https:\\\/\\\/www.caudete.org\\\/ayuntamiento\\\/\"},{\"@type\":\"ListItem\",\"position\":2,\"name\":\"Exposici\u00f3n \u00a0\u201cLa Mujer y su papel en la Industria Textil II: La f\u00e1brica de mu\u00f1ecas INCOMU-FAMOSA . Caudete, 1973\\\/2001\u201d\"}]},{\"@type\":\"WebSite\",\"@id\":\"https:\\\/\\\/www.caudete.org\\\/ayuntamiento\\\/#website\",\"url\":\"https:\\\/\\\/www.caudete.org\\\/ayuntamiento\\\/\",\"name\":\"MI Ayuntamiento de Caudete\",\"description\":\"P\u00e1gina Oficial del MI Ayuntamiento de Caudete\",\"publisher\":{\"@id\":\"https:\\\/\\\/www.caudete.org\\\/ayuntamiento\\\/#organization\"},\"potentialAction\":[{\"@type\":\"SearchAction\",\"target\":{\"@type\":\"EntryPoint\",\"urlTemplate\":\"https:\\\/\\\/www.caudete.org\\\/ayuntamiento\\\/?s={search_term_string}\"},\"query-input\":{\"@type\":\"PropertyValueSpecification\",\"valueRequired\":true,\"valueName\":\"search_term_string\"}}],\"inLanguage\":\"es\"},{\"@type\":\"Organization\",\"@id\":\"https:\\\/\\\/www.caudete.org\\\/ayuntamiento\\\/#organization\",\"name\":\"Ayuntamiento de Caudete\",\"url\":\"https:\\\/\\\/www.caudete.org\\\/ayuntamiento\\\/\",\"logo\":{\"@type\":\"ImageObject\",\"inLanguage\":\"es\",\"@id\":\"https:\\\/\\\/www.caudete.org\\\/ayuntamiento\\\/#\\\/schema\\\/logo\\\/image\\\/\",\"url\":\"https:\\\/\\\/www.caudete.org\\\/ayuntamiento\\\/wp-content\\\/uploads\\\/2020\\\/11\\\/logo_ayuntamiento_caudete.jpg\",\"contentUrl\":\"https:\\\/\\\/www.caudete.org\\\/ayuntamiento\\\/wp-content\\\/uploads\\\/2020\\\/11\\\/logo_ayuntamiento_caudete.jpg\",\"width\":600,\"height\":150,\"caption\":\"Ayuntamiento de Caudete\"},\"image\":{\"@id\":\"https:\\\/\\\/www.caudete.org\\\/ayuntamiento\\\/#\\\/schema\\\/logo\\\/image\\\/\"},\"sameAs\":[\"https:\\\/\\\/www.facebook.com\\\/ayuntamientocaudete\\\/\",\"https:\\\/\\\/www.youtube.com\\\/channel\\\/UC6VztHaooNsGpw-tNoBEFnQ\"]},{\"@type\":\"Person\",\"@id\":\"https:\\\/\\\/www.caudete.org\\\/ayuntamiento\\\/#\\\/schema\\\/person\\\/7656a5bb58fca95b9814e940de0fda63\",\"name\":\"Juan\",\"image\":{\"@type\":\"ImageObject\",\"inLanguage\":\"es\",\"@id\":\"https:\\\/\\\/secure.gravatar.com\\\/avatar\\\/dd53e51c0cd6ab23f52d4f3e4f1c59730240727763de3dbbf26750b079a2c292?s=96&d=mm&r=g\",\"url\":\"https:\\\/\\\/secure.gravatar.com\\\/avatar\\\/dd53e51c0cd6ab23f52d4f3e4f1c59730240727763de3dbbf26750b079a2c292?s=96&d=mm&r=g\",\"contentUrl\":\"https:\\\/\\\/secure.gravatar.com\\\/avatar\\\/dd53e51c0cd6ab23f52d4f3e4f1c59730240727763de3dbbf26750b079a2c292?s=96&d=mm&r=g\",\"caption\":\"Juan\"},\"url\":\"https:\\\/\\\/www.caudete.org\\\/ayuntamiento\\\/author\\\/centrodeinternet\\\/\"}]}<\/script>\n<!-- \/ Yoast SEO plugin. -->","yoast_head_json":{"title":"Exposici\u00f3n \u00a0\u201cLa Mujer y su papel en la Industria Textil II: La f\u00e1brica de mu\u00f1ecas INCOMU-FAMOSA . Caudete, 1973\/2001\u201d - MI Ayuntamiento de Caudete","description":"P\u00e1gina Oficial del Ayuntamiento de Caudete (Albacete)","robots":{"index":"index","follow":"follow","max-snippet":"max-snippet:-1","max-image-preview":"max-image-preview:large","max-video-preview":"max-video-preview:-1"},"canonical":"https:\/\/www.caudete.org\/ayuntamiento\/exposicion-la-mujer-y-su-papel-en-la-industria-textil-ii-la-fabrica-de-munecas-incomu-famosa-caudete-1973-2001\/","og_locale":"es_ES","og_type":"article","og_title":"Exposici\u00f3n \u00a0\u201cLa Mujer y su papel en la Industria Textil II: La f\u00e1brica de mu\u00f1ecas INCOMU-FAMOSA . Caudete, 1973\/2001\u201d - MI Ayuntamiento de Caudete","og_description":"P\u00e1gina Oficial del Ayuntamiento de Caudete (Albacete)","og_url":"https:\/\/www.caudete.org\/ayuntamiento\/exposicion-la-mujer-y-su-papel-en-la-industria-textil-ii-la-fabrica-de-munecas-incomu-famosa-caudete-1973-2001\/","og_site_name":"MI Ayuntamiento de Caudete","article_publisher":"https:\/\/www.facebook.com\/ayuntamientocaudete\/","article_published_time":"2022-03-02T18:54:14+00:00","article_modified_time":"2022-03-02T20:27:02+00:00","og_image":[{"width":864,"height":380,"url":"https:\/\/www.caudete.org\/ayuntamiento\/wp-content\/uploads\/2022\/03\/Fabrica-INCOMU-FAMOSA-WEB.jpg","type":"image\/jpeg"}],"author":"Juan","twitter_card":"summary_large_image","twitter_misc":{"Escrito por":"Juan","Tiempo de lectura":"2 minutos"},"schema":{"@context":"https:\/\/schema.org","@graph":[{"@type":"Article","@id":"https:\/\/www.caudete.org\/ayuntamiento\/exposicion-la-mujer-y-su-papel-en-la-industria-textil-ii-la-fabrica-de-munecas-incomu-famosa-caudete-1973-2001\/#article","isPartOf":{"@id":"https:\/\/www.caudete.org\/ayuntamiento\/exposicion-la-mujer-y-su-papel-en-la-industria-textil-ii-la-fabrica-de-munecas-incomu-famosa-caudete-1973-2001\/"},"author":{"name":"Juan","@id":"https:\/\/www.caudete.org\/ayuntamiento\/#\/schema\/person\/7656a5bb58fca95b9814e940de0fda63"},"headline":"Exposici\u00f3n \u00a0\u201cLa Mujer y su papel en la Industria Textil II: La f\u00e1brica de mu\u00f1ecas INCOMU-FAMOSA . Caudete, 1973\/2001\u201d","datePublished":"2022-03-02T18:54:14+00:00","dateModified":"2022-03-02T20:27:02+00:00","mainEntityOfPage":{"@id":"https:\/\/www.caudete.org\/ayuntamiento\/exposicion-la-mujer-y-su-papel-en-la-industria-textil-ii-la-fabrica-de-munecas-incomu-famosa-caudete-1973-2001\/"},"wordCount":331,"publisher":{"@id":"https:\/\/www.caudete.org\/ayuntamiento\/#organization"},"image":{"@id":"https:\/\/www.caudete.org\/ayuntamiento\/exposicion-la-mujer-y-su-papel-en-la-industria-textil-ii-la-fabrica-de-munecas-incomu-famosa-caudete-1973-2001\/#primaryimage"},"thumbnailUrl":"https:\/\/www.caudete.org\/ayuntamiento\/wp-content\/uploads\/2022\/03\/Fabrica-INCOMU-FAMOSA-WEB.jpg","keywords":["Archivo Municipal","Casa de Cultura","Casa de Cultura-Archivo Municipal","Cultura-Archivo Municipal"],"articleSection":["Cultura - Archivo Municipal"],"inLanguage":"es"},{"@type":"WebPage","@id":"https:\/\/www.caudete.org\/ayuntamiento\/exposicion-la-mujer-y-su-papel-en-la-industria-textil-ii-la-fabrica-de-munecas-incomu-famosa-caudete-1973-2001\/","url":"https:\/\/www.caudete.org\/ayuntamiento\/exposicion-la-mujer-y-su-papel-en-la-industria-textil-ii-la-fabrica-de-munecas-incomu-famosa-caudete-1973-2001\/","name":"Exposici\u00f3n \u00a0\u201cLa Mujer y su papel en la Industria Textil II: La f\u00e1brica de mu\u00f1ecas INCOMU-FAMOSA . Caudete, 1973\/2001\u201d - MI Ayuntamiento de Caudete","isPartOf":{"@id":"https:\/\/www.caudete.org\/ayuntamiento\/#website"},"primaryImageOfPage":{"@id":"https:\/\/www.caudete.org\/ayuntamiento\/exposicion-la-mujer-y-su-papel-en-la-industria-textil-ii-la-fabrica-de-munecas-incomu-famosa-caudete-1973-2001\/#primaryimage"},"image":{"@id":"https:\/\/www.caudete.org\/ayuntamiento\/exposicion-la-mujer-y-su-papel-en-la-industria-textil-ii-la-fabrica-de-munecas-incomu-famosa-caudete-1973-2001\/#primaryimage"},"thumbnailUrl":"https:\/\/www.caudete.org\/ayuntamiento\/wp-content\/uploads\/2022\/03\/Fabrica-INCOMU-FAMOSA-WEB.jpg","datePublished":"2022-03-02T18:54:14+00:00","dateModified":"2022-03-02T20:27:02+00:00","description":"P\u00e1gina Oficial del Ayuntamiento de Caudete (Albacete)","breadcrumb":{"@id":"https:\/\/www.caudete.org\/ayuntamiento\/exposicion-la-mujer-y-su-papel-en-la-industria-textil-ii-la-fabrica-de-munecas-incomu-famosa-caudete-1973-2001\/#breadcrumb"},"inLanguage":"es","potentialAction":[{"@type":"ReadAction","target":["https:\/\/www.caudete.org\/ayuntamiento\/exposicion-la-mujer-y-su-papel-en-la-industria-textil-ii-la-fabrica-de-munecas-incomu-famosa-caudete-1973-2001\/"]}]},{"@type":"ImageObject","inLanguage":"es","@id":"https:\/\/www.caudete.org\/ayuntamiento\/exposicion-la-mujer-y-su-papel-en-la-industria-textil-ii-la-fabrica-de-munecas-incomu-famosa-caudete-1973-2001\/#primaryimage","url":"https:\/\/www.caudete.org\/ayuntamiento\/wp-content\/uploads\/2022\/03\/Fabrica-INCOMU-FAMOSA-WEB.jpg","contentUrl":"https:\/\/www.caudete.org\/ayuntamiento\/wp-content\/uploads\/2022\/03\/Fabrica-INCOMU-FAMOSA-WEB.jpg","width":864,"height":380},{"@type":"BreadcrumbList","@id":"https:\/\/www.caudete.org\/ayuntamiento\/exposicion-la-mujer-y-su-papel-en-la-industria-textil-ii-la-fabrica-de-munecas-incomu-famosa-caudete-1973-2001\/#breadcrumb","itemListElement":[{"@type":"ListItem","position":1,"name":"Inicio","item":"https:\/\/www.caudete.org\/ayuntamiento\/"},{"@type":"ListItem","position":2,"name":"Exposici\u00f3n \u00a0\u201cLa Mujer y su papel en la Industria Textil II: La f\u00e1brica de mu\u00f1ecas INCOMU-FAMOSA . Caudete, 1973\/2001\u201d"}]},{"@type":"WebSite","@id":"https:\/\/www.caudete.org\/ayuntamiento\/#website","url":"https:\/\/www.caudete.org\/ayuntamiento\/","name":"MI Ayuntamiento de Caudete","description":"P\u00e1gina Oficial del MI Ayuntamiento de Caudete","publisher":{"@id":"https:\/\/www.caudete.org\/ayuntamiento\/#organization"},"potentialAction":[{"@type":"SearchAction","target":{"@type":"EntryPoint","urlTemplate":"https:\/\/www.caudete.org\/ayuntamiento\/?s={search_term_string}"},"query-input":{"@type":"PropertyValueSpecification","valueRequired":true,"valueName":"search_term_string"}}],"inLanguage":"es"},{"@type":"Organization","@id":"https:\/\/www.caudete.org\/ayuntamiento\/#organization","name":"Ayuntamiento de Caudete","url":"https:\/\/www.caudete.org\/ayuntamiento\/","logo":{"@type":"ImageObject","inLanguage":"es","@id":"https:\/\/www.caudete.org\/ayuntamiento\/#\/schema\/logo\/image\/","url":"https:\/\/www.caudete.org\/ayuntamiento\/wp-content\/uploads\/2020\/11\/logo_ayuntamiento_caudete.jpg","contentUrl":"https:\/\/www.caudete.org\/ayuntamiento\/wp-content\/uploads\/2020\/11\/logo_ayuntamiento_caudete.jpg","width":600,"height":150,"caption":"Ayuntamiento de Caudete"},"image":{"@id":"https:\/\/www.caudete.org\/ayuntamiento\/#\/schema\/logo\/image\/"},"sameAs":["https:\/\/www.facebook.com\/ayuntamientocaudete\/","https:\/\/www.youtube.com\/channel\/UC6VztHaooNsGpw-tNoBEFnQ"]},{"@type":"Person","@id":"https:\/\/www.caudete.org\/ayuntamiento\/#\/schema\/person\/7656a5bb58fca95b9814e940de0fda63","name":"Juan","image":{"@type":"ImageObject","inLanguage":"es","@id":"https:\/\/secure.gravatar.com\/avatar\/dd53e51c0cd6ab23f52d4f3e4f1c59730240727763de3dbbf26750b079a2c292?s=96&d=mm&r=g","url":"https:\/\/secure.gravatar.com\/avatar\/dd53e51c0cd6ab23f52d4f3e4f1c59730240727763de3dbbf26750b079a2c292?s=96&d=mm&r=g","contentUrl":"https:\/\/secure.gravatar.com\/avatar\/dd53e51c0cd6ab23f52d4f3e4f1c59730240727763de3dbbf26750b079a2c292?s=96&d=mm&r=g","caption":"Juan"},"url":"https:\/\/www.caudete.org\/ayuntamiento\/author\/centrodeinternet\/"}]}},"_links":{"self":[{"href":"https:\/\/www.caudete.org\/ayuntamiento\/wp-json\/wp\/v2\/posts\/18331","targetHints":{"allow":["GET"]}}],"collection":[{"href":"https:\/\/www.caudete.org\/ayuntamiento\/wp-json\/wp\/v2\/posts"}],"about":[{"href":"https:\/\/www.caudete.org\/ayuntamiento\/wp-json\/wp\/v2\/types\/post"}],"author":[{"embeddable":true,"href":"https:\/\/www.caudete.org\/ayuntamiento\/wp-json\/wp\/v2\/users\/2"}],"replies":[{"embeddable":true,"href":"https:\/\/www.caudete.org\/ayuntamiento\/wp-json\/wp\/v2\/comments?post=18331"}],"version-history":[{"count":4,"href":"https:\/\/www.caudete.org\/ayuntamiento\/wp-json\/wp\/v2\/posts\/18331\/revisions"}],"predecessor-version":[{"id":18352,"href":"https:\/\/www.caudete.org\/ayuntamiento\/wp-json\/wp\/v2\/posts\/18331\/revisions\/18352"}],"wp:featuredmedia":[{"embeddable":true,"href":"https:\/\/www.caudete.org\/ayuntamiento\/wp-json\/wp\/v2\/media\/18336"}],"wp:attachment":[{"href":"https:\/\/www.caudete.org\/ayuntamiento\/wp-json\/wp\/v2\/media?parent=18331"}],"wp:term":[{"taxonomy":"category","embeddable":true,"href":"https:\/\/www.caudete.org\/ayuntamiento\/wp-json\/wp\/v2\/categories?post=18331"},{"taxonomy":"post_tag","embeddable":true,"href":"https:\/\/www.caudete.org\/ayuntamiento\/wp-json\/wp\/v2\/tags?post=18331"}],"curies":[{"name":"wp","href":"https:\/\/api.w.org\/{rel}","templated":true}]}}