{"id":18343,"date":"2022-03-02T21:24:09","date_gmt":"2022-03-02T20:24:09","guid":{"rendered":"https:\/\/www.caudete.org\/ayuntamiento\/?p=18343"},"modified":"2022-03-03T09:07:44","modified_gmt":"2022-03-03T08:07:44","slug":"el-primer-parque-canino-completa-sus-instalaciones","status":"publish","type":"post","link":"https:\/\/www.caudete.org\/ayuntamiento\/el-primer-parque-canino-completa-sus-instalaciones\/","title":{"rendered":"El primer PARQUE CANINO completa sus instalaciones"},"content":{"rendered":"<p style=\"text-align: justify;\"><span style=\"font-weight: 400;\">Caudete cuenta desde primeros de Diciembre con su primer Parque Canino, en respuesta a la participaci\u00f3n ciudadana, y al compromiso del Gobierno Municipal adquirido con los caudetanos para el presente mandato. As\u00ed lo remarcaban esta ma\u00f1ana en la declaraci\u00f3n a medios realizada in situ por el Alcalde Mois\u00e9s L\u00f3pez, y los Concejales de Medio Ambiente y Participaci\u00f3n Ciudadana, Joaqu\u00edn Pag\u00e1n y Pilar Egea respectivamente.<\/span><\/p>\n<p><a href=\"https:\/\/www.caudete.org\/ayuntamiento\/wp-content\/uploads\/2022\/03\/WhatsApp-Image-2022-02-23-at-17.43.14-1.jpeg\" rel='prettyPhoto'><img fetchpriority=\"high\" decoding=\"async\" class=\"aligncenter wp-image-18349 size-medium\" src=\"https:\/\/www.caudete.org\/ayuntamiento\/wp-content\/uploads\/2022\/03\/WhatsApp-Image-2022-02-23-at-17.43.14-1-300x225.jpeg\" alt=\"\" width=\"300\" height=\"225\" srcset=\"https:\/\/www.caudete.org\/ayuntamiento\/wp-content\/uploads\/2022\/03\/WhatsApp-Image-2022-02-23-at-17.43.14-1-300x225.jpeg 300w, https:\/\/www.caudete.org\/ayuntamiento\/wp-content\/uploads\/2022\/03\/WhatsApp-Image-2022-02-23-at-17.43.14-1-1024x768.jpeg 1024w, https:\/\/www.caudete.org\/ayuntamiento\/wp-content\/uploads\/2022\/03\/WhatsApp-Image-2022-02-23-at-17.43.14-1-768x576.jpeg 768w, https:\/\/www.caudete.org\/ayuntamiento\/wp-content\/uploads\/2022\/03\/WhatsApp-Image-2022-02-23-at-17.43.14-1-1536x1152.jpeg 1536w, https:\/\/www.caudete.org\/ayuntamiento\/wp-content\/uploads\/2022\/03\/WhatsApp-Image-2022-02-23-at-17.43.14-1.jpeg 1600w\" sizes=\"(max-width: 300px) 100vw, 300px\" \/><\/a><\/p>\n<p style=\"text-align: justify;\"><span style=\"font-weight: 400;\">La instalaci\u00f3n cuenta con m\u00e1s 1.000 m<sup>2<\/sup> ubicada entre las C\/Garcia Lorca, Avenida Juan Carlos I y C\/La Huerta. La recorre una valla perimetral de malla electrosoldada realizada e instalada por una empresa local.<\/span><\/p>\n<p style=\"text-align: justify;\"><span style=\"font-weight: 400;\">Dispone de mobiliario espec\u00edfico para el esparcimiento de los perros instalado por la Brigada de Obras, un peque\u00f1o circuito de &#8220;agility&#8221;. La zona ya contaba con \u00e1rboles para sombra, pero se ha completado el parque canino con 4 bancos y una fuente de agua potable especial para que puedan beber los perros. Adem\u00e1s, se ha dotado de 4 papeleras donde depositar cacas y basura si fuere necesario y de diversa carteler\u00eda con la campa\u00f1a de &#8220;Quita la caquita&#8221;. El \u00faltimo mobiliario a\u00f1adido ha sido el cartel informativo con las normas, tambi\u00e9n realizado por una empresa de Caudete.<\/span><\/p>\n<p><a href=\"https:\/\/www.caudete.org\/ayuntamiento\/wp-content\/uploads\/2022\/03\/WhatsApp-Image-2022-02-23-at-17.43.14.jpeg\" rel='prettyPhoto'><img decoding=\"async\" class=\"aligncenter wp-image-18350 size-medium\" src=\"https:\/\/www.caudete.org\/ayuntamiento\/wp-content\/uploads\/2022\/03\/WhatsApp-Image-2022-02-23-at-17.43.14-300x225.jpeg\" alt=\"\" width=\"300\" height=\"225\" srcset=\"https:\/\/www.caudete.org\/ayuntamiento\/wp-content\/uploads\/2022\/03\/WhatsApp-Image-2022-02-23-at-17.43.14-300x225.jpeg 300w, https:\/\/www.caudete.org\/ayuntamiento\/wp-content\/uploads\/2022\/03\/WhatsApp-Image-2022-02-23-at-17.43.14-1024x768.jpeg 1024w, https:\/\/www.caudete.org\/ayuntamiento\/wp-content\/uploads\/2022\/03\/WhatsApp-Image-2022-02-23-at-17.43.14-768x576.jpeg 768w, https:\/\/www.caudete.org\/ayuntamiento\/wp-content\/uploads\/2022\/03\/WhatsApp-Image-2022-02-23-at-17.43.14-1536x1152.jpeg 1536w, https:\/\/www.caudete.org\/ayuntamiento\/wp-content\/uploads\/2022\/03\/WhatsApp-Image-2022-02-23-at-17.43.14.jpeg 1600w\" sizes=\"(max-width: 300px) 100vw, 300px\" \/><\/a><\/p>\n<p style=\"text-align: justify;\"><span style=\"font-weight: 400;\">Este parque es una demanda de los amantes de los perros que ven\u00edan reclamando la necesidad de un lugar para el esparcimiento, entrenamiento y divertimento de estos animales. Un lugar donde corren libres, hacen ejercicio y socializan con otros perros en unas buenas condiciones de salubridad y seguridad.<\/span><\/p>\n<p style=\"text-align: justify;\"><span style=\"font-weight: 400;\">Como el Parque lleva en uso unos meses &#8220;<em>desde el Consistorio hemos visto necesidades y ajustando servicios de apoyo para mantenerlo en perfecto estado<\/em>&#8221; expon\u00eda Pag\u00e1n, a\u00f1adiendo que &#8220;<em>hemos tomado nota de posibles mejoras que aplicaremos en un futuro, como doble puerta y m\u00e1s sombra al centro del recinto<\/em>&#8220;, mostr\u00e1ndose abierto a sugerencias.\u00a0<\/span><\/p>\n<p style=\"text-align: justify;\"><span style=\"font-weight: 400;\">Un Parque Canino es una instalaci\u00f3n para uso y disfrute de animales y propietarios, y no es un sitio donde ir a realizar sus necesidades los animales.\u00a0 Es importante dar un buen paseo antes de entrar al recinto para que el perro alivie sus necesidades. Y en todo caso si el perro deposita sus cacas, es obligatorio que el propietario las recoja. Y el propietario que no est\u00e9 dispuesto al cumplimiento de las normas que se abstenga de entrar.<\/span><\/p>\n<p style=\"text-align: justify;\"><span style=\"font-weight: 400;\">Aqu\u00ed solicitamos colaboraci\u00f3n a todo propietario y amante de los perros para que esto se cumpla.<\/span><\/p>\n<p><a href=\"https:\/\/www.caudete.org\/ayuntamiento\/wp-content\/uploads\/2022\/03\/WhatsApp-Image-2022-02-23-at-17.43.14-3.jpeg\" rel='prettyPhoto'><img decoding=\"async\" class=\"aligncenter wp-image-18348 size-medium\" src=\"https:\/\/www.caudete.org\/ayuntamiento\/wp-content\/uploads\/2022\/03\/WhatsApp-Image-2022-02-23-at-17.43.14-3-300x225.jpeg\" alt=\"\" width=\"300\" height=\"225\" srcset=\"https:\/\/www.caudete.org\/ayuntamiento\/wp-content\/uploads\/2022\/03\/WhatsApp-Image-2022-02-23-at-17.43.14-3-300x225.jpeg 300w, https:\/\/www.caudete.org\/ayuntamiento\/wp-content\/uploads\/2022\/03\/WhatsApp-Image-2022-02-23-at-17.43.14-3-1024x768.jpeg 1024w, https:\/\/www.caudete.org\/ayuntamiento\/wp-content\/uploads\/2022\/03\/WhatsApp-Image-2022-02-23-at-17.43.14-3-768x576.jpeg 768w, https:\/\/www.caudete.org\/ayuntamiento\/wp-content\/uploads\/2022\/03\/WhatsApp-Image-2022-02-23-at-17.43.14-3-1536x1152.jpeg 1536w, https:\/\/www.caudete.org\/ayuntamiento\/wp-content\/uploads\/2022\/03\/WhatsApp-Image-2022-02-23-at-17.43.14-3.jpeg 1600w\" sizes=\"(max-width: 300px) 100vw, 300px\" \/><\/a><\/p>\n","protected":false},"excerpt":{"rendered":"<p>Caudete cuenta desde primeros de Diciembre con su primer Parque Canino, en respuesta a la participaci\u00f3n ciudadana, y al compromiso del Gobierno Municipal adquirido con los caudetanos para el presente mandato. As\u00ed lo remarcaban esta ma\u00f1ana en la declaraci\u00f3n a medios realizada in situ por el Alcalde Mois\u00e9s L\u00f3pez, y los Concejales de Medio Ambiente &hellip;<\/p>\n","protected":false},"author":3,"featured_media":18347,"comment_status":"closed","ping_status":"open","sticky":false,"template":"","format":"standard","meta":{"ngg_post_thumbnail":0,"footnotes":""},"categories":[29],"tags":[],"class_list":["post-18343","post","type-post","status-publish","format-standard","has-post-thumbnail","hentry","category-medio-ambiente"],"yoast_head":"<!-- This site is optimized with the Yoast SEO plugin v27.5 - https:\/\/yoast.com\/product\/yoast-seo-wordpress\/ -->\n<title>El primer PARQUE CANINO completa sus instalaciones - MI Ayuntamiento de Caudete<\/title>\n<meta name=\"description\" content=\"P\u00e1gina Oficial del Ayuntamiento de Caudete (Albacete)\" \/>\n<meta name=\"robots\" content=\"index, follow, max-snippet:-1, max-image-preview:large, max-video-preview:-1\" \/>\n<link rel=\"canonical\" href=\"https:\/\/www.caudete.org\/ayuntamiento\/el-primer-parque-canino-completa-sus-instalaciones\/\" \/>\n<meta property=\"og:locale\" content=\"es_ES\" \/>\n<meta property=\"og:type\" content=\"article\" \/>\n<meta property=\"og:title\" content=\"El primer PARQUE CANINO completa sus instalaciones - MI Ayuntamiento de Caudete\" \/>\n<meta property=\"og:description\" content=\"P\u00e1gina Oficial del Ayuntamiento de Caudete (Albacete)\" \/>\n<meta property=\"og:url\" content=\"https:\/\/www.caudete.org\/ayuntamiento\/el-primer-parque-canino-completa-sus-instalaciones\/\" \/>\n<meta property=\"og:site_name\" content=\"MI Ayuntamiento de Caudete\" \/>\n<meta property=\"article:publisher\" content=\"https:\/\/www.facebook.com\/ayuntamientocaudete\/\" \/>\n<meta property=\"article:published_time\" content=\"2022-03-02T20:24:09+00:00\" \/>\n<meta property=\"article:modified_time\" content=\"2022-03-03T08:07:44+00:00\" \/>\n<meta property=\"og:image\" content=\"https:\/\/www.caudete.org\/ayuntamiento\/wp-content\/uploads\/2022\/03\/WhatsApp-Image-2022-02-23-at-18.00.32.jpeg\" \/>\n\t<meta property=\"og:image:width\" content=\"2048\" \/>\n\t<meta property=\"og:image:height\" content=\"1536\" \/>\n\t<meta property=\"og:image:type\" content=\"image\/jpeg\" \/>\n<meta name=\"author\" content=\"alcalde\" \/>\n<meta name=\"twitter:card\" content=\"summary_large_image\" \/>\n<meta name=\"twitter:label1\" content=\"Escrito por\" \/>\n\t<meta name=\"twitter:data1\" content=\"alcalde\" \/>\n\t<meta name=\"twitter:label2\" content=\"Tiempo de lectura\" \/>\n\t<meta name=\"twitter:data2\" content=\"3 minutos\" \/>\n<script type=\"application\/ld+json\" class=\"yoast-schema-graph\">{\"@context\":\"https:\\\/\\\/schema.org\",\"@graph\":[{\"@type\":\"Article\",\"@id\":\"https:\\\/\\\/www.caudete.org\\\/ayuntamiento\\\/el-primer-parque-canino-completa-sus-instalaciones\\\/#article\",\"isPartOf\":{\"@id\":\"https:\\\/\\\/www.caudete.org\\\/ayuntamiento\\\/el-primer-parque-canino-completa-sus-instalaciones\\\/\"},\"author\":{\"name\":\"alcalde\",\"@id\":\"https:\\\/\\\/www.caudete.org\\\/ayuntamiento\\\/#\\\/schema\\\/person\\\/cc646da9133078ee4d8dd47457947253\"},\"headline\":\"El primer PARQUE CANINO completa sus instalaciones\",\"datePublished\":\"2022-03-02T20:24:09+00:00\",\"dateModified\":\"2022-03-03T08:07:44+00:00\",\"mainEntityOfPage\":{\"@id\":\"https:\\\/\\\/www.caudete.org\\\/ayuntamiento\\\/el-primer-parque-canino-completa-sus-instalaciones\\\/\"},\"wordCount\":422,\"image\":{\"@id\":\"https:\\\/\\\/www.caudete.org\\\/ayuntamiento\\\/el-primer-parque-canino-completa-sus-instalaciones\\\/#primaryimage\"},\"thumbnailUrl\":\"https:\\\/\\\/www.caudete.org\\\/ayuntamiento\\\/wp-content\\\/uploads\\\/2022\\\/03\\\/WhatsApp-Image-2022-02-23-at-18.00.32.jpeg\",\"articleSection\":[\"Medio Ambiente\"],\"inLanguage\":\"es\"},{\"@type\":\"WebPage\",\"@id\":\"https:\\\/\\\/www.caudete.org\\\/ayuntamiento\\\/el-primer-parque-canino-completa-sus-instalaciones\\\/\",\"url\":\"https:\\\/\\\/www.caudete.org\\\/ayuntamiento\\\/el-primer-parque-canino-completa-sus-instalaciones\\\/\",\"name\":\"El primer PARQUE CANINO completa sus instalaciones - MI Ayuntamiento de Caudete\",\"isPartOf\":{\"@id\":\"https:\\\/\\\/www.caudete.org\\\/ayuntamiento\\\/#website\"},\"primaryImageOfPage\":{\"@id\":\"https:\\\/\\\/www.caudete.org\\\/ayuntamiento\\\/el-primer-parque-canino-completa-sus-instalaciones\\\/#primaryimage\"},\"image\":{\"@id\":\"https:\\\/\\\/www.caudete.org\\\/ayuntamiento\\\/el-primer-parque-canino-completa-sus-instalaciones\\\/#primaryimage\"},\"thumbnailUrl\":\"https:\\\/\\\/www.caudete.org\\\/ayuntamiento\\\/wp-content\\\/uploads\\\/2022\\\/03\\\/WhatsApp-Image-2022-02-23-at-18.00.32.jpeg\",\"datePublished\":\"2022-03-02T20:24:09+00:00\",\"dateModified\":\"2022-03-03T08:07:44+00:00\",\"author\":{\"@id\":\"https:\\\/\\\/www.caudete.org\\\/ayuntamiento\\\/#\\\/schema\\\/person\\\/cc646da9133078ee4d8dd47457947253\"},\"description\":\"P\u00e1gina Oficial del Ayuntamiento de Caudete (Albacete)\",\"breadcrumb\":{\"@id\":\"https:\\\/\\\/www.caudete.org\\\/ayuntamiento\\\/el-primer-parque-canino-completa-sus-instalaciones\\\/#breadcrumb\"},\"inLanguage\":\"es\",\"potentialAction\":[{\"@type\":\"ReadAction\",\"target\":[\"https:\\\/\\\/www.caudete.org\\\/ayuntamiento\\\/el-primer-parque-canino-completa-sus-instalaciones\\\/\"]}]},{\"@type\":\"ImageObject\",\"inLanguage\":\"es\",\"@id\":\"https:\\\/\\\/www.caudete.org\\\/ayuntamiento\\\/el-primer-parque-canino-completa-sus-instalaciones\\\/#primaryimage\",\"url\":\"https:\\\/\\\/www.caudete.org\\\/ayuntamiento\\\/wp-content\\\/uploads\\\/2022\\\/03\\\/WhatsApp-Image-2022-02-23-at-18.00.32.jpeg\",\"contentUrl\":\"https:\\\/\\\/www.caudete.org\\\/ayuntamiento\\\/wp-content\\\/uploads\\\/2022\\\/03\\\/WhatsApp-Image-2022-02-23-at-18.00.32.jpeg\",\"width\":2048,\"height\":1536},{\"@type\":\"BreadcrumbList\",\"@id\":\"https:\\\/\\\/www.caudete.org\\\/ayuntamiento\\\/el-primer-parque-canino-completa-sus-instalaciones\\\/#breadcrumb\",\"itemListElement\":[{\"@type\":\"ListItem\",\"position\":1,\"name\":\"Inicio\",\"item\":\"https:\\\/\\\/www.caudete.org\\\/ayuntamiento\\\/\"},{\"@type\":\"ListItem\",\"position\":2,\"name\":\"El primer PARQUE CANINO completa sus instalaciones\"}]},{\"@type\":\"WebSite\",\"@id\":\"https:\\\/\\\/www.caudete.org\\\/ayuntamiento\\\/#website\",\"url\":\"https:\\\/\\\/www.caudete.org\\\/ayuntamiento\\\/\",\"name\":\"MI Ayuntamiento de Caudete\",\"description\":\"P\u00e1gina Oficial del MI Ayuntamiento de Caudete\",\"potentialAction\":[{\"@type\":\"SearchAction\",\"target\":{\"@type\":\"EntryPoint\",\"urlTemplate\":\"https:\\\/\\\/www.caudete.org\\\/ayuntamiento\\\/?s={search_term_string}\"},\"query-input\":{\"@type\":\"PropertyValueSpecification\",\"valueRequired\":true,\"valueName\":\"search_term_string\"}}],\"inLanguage\":\"es\"},{\"@type\":\"Person\",\"@id\":\"https:\\\/\\\/www.caudete.org\\\/ayuntamiento\\\/#\\\/schema\\\/person\\\/cc646da9133078ee4d8dd47457947253\",\"name\":\"alcalde\",\"image\":{\"@type\":\"ImageObject\",\"inLanguage\":\"es\",\"@id\":\"https:\\\/\\\/secure.gravatar.com\\\/avatar\\\/84a817ba065b29ff08d666b215a215f5c79186a645ccb25b14a663d48a130f77?s=96&d=mm&r=g\",\"url\":\"https:\\\/\\\/secure.gravatar.com\\\/avatar\\\/84a817ba065b29ff08d666b215a215f5c79186a645ccb25b14a663d48a130f77?s=96&d=mm&r=g\",\"contentUrl\":\"https:\\\/\\\/secure.gravatar.com\\\/avatar\\\/84a817ba065b29ff08d666b215a215f5c79186a645ccb25b14a663d48a130f77?s=96&d=mm&r=g\",\"caption\":\"alcalde\"},\"url\":\"https:\\\/\\\/www.caudete.org\\\/ayuntamiento\\\/author\\\/alcalde\\\/\"}]}<\/script>\n<!-- \/ Yoast SEO plugin. -->","yoast_head_json":{"title":"El primer PARQUE CANINO completa sus instalaciones - MI Ayuntamiento de Caudete","description":"P\u00e1gina Oficial del Ayuntamiento de Caudete (Albacete)","robots":{"index":"index","follow":"follow","max-snippet":"max-snippet:-1","max-image-preview":"max-image-preview:large","max-video-preview":"max-video-preview:-1"},"canonical":"https:\/\/www.caudete.org\/ayuntamiento\/el-primer-parque-canino-completa-sus-instalaciones\/","og_locale":"es_ES","og_type":"article","og_title":"El primer PARQUE CANINO completa sus instalaciones - MI Ayuntamiento de Caudete","og_description":"P\u00e1gina Oficial del Ayuntamiento de Caudete (Albacete)","og_url":"https:\/\/www.caudete.org\/ayuntamiento\/el-primer-parque-canino-completa-sus-instalaciones\/","og_site_name":"MI Ayuntamiento de Caudete","article_publisher":"https:\/\/www.facebook.com\/ayuntamientocaudete\/","article_published_time":"2022-03-02T20:24:09+00:00","article_modified_time":"2022-03-03T08:07:44+00:00","og_image":[{"width":2048,"height":1536,"url":"https:\/\/www.caudete.org\/ayuntamiento\/wp-content\/uploads\/2022\/03\/WhatsApp-Image-2022-02-23-at-18.00.32.jpeg","type":"image\/jpeg"}],"author":"alcalde","twitter_card":"summary_large_image","twitter_misc":{"Escrito por":"alcalde","Tiempo de lectura":"3 minutos"},"schema":{"@context":"https:\/\/schema.org","@graph":[{"@type":"Article","@id":"https:\/\/www.caudete.org\/ayuntamiento\/el-primer-parque-canino-completa-sus-instalaciones\/#article","isPartOf":{"@id":"https:\/\/www.caudete.org\/ayuntamiento\/el-primer-parque-canino-completa-sus-instalaciones\/"},"author":{"name":"alcalde","@id":"https:\/\/www.caudete.org\/ayuntamiento\/#\/schema\/person\/cc646da9133078ee4d8dd47457947253"},"headline":"El primer PARQUE CANINO completa sus instalaciones","datePublished":"2022-03-02T20:24:09+00:00","dateModified":"2022-03-03T08:07:44+00:00","mainEntityOfPage":{"@id":"https:\/\/www.caudete.org\/ayuntamiento\/el-primer-parque-canino-completa-sus-instalaciones\/"},"wordCount":422,"image":{"@id":"https:\/\/www.caudete.org\/ayuntamiento\/el-primer-parque-canino-completa-sus-instalaciones\/#primaryimage"},"thumbnailUrl":"https:\/\/www.caudete.org\/ayuntamiento\/wp-content\/uploads\/2022\/03\/WhatsApp-Image-2022-02-23-at-18.00.32.jpeg","articleSection":["Medio Ambiente"],"inLanguage":"es"},{"@type":"WebPage","@id":"https:\/\/www.caudete.org\/ayuntamiento\/el-primer-parque-canino-completa-sus-instalaciones\/","url":"https:\/\/www.caudete.org\/ayuntamiento\/el-primer-parque-canino-completa-sus-instalaciones\/","name":"El primer PARQUE CANINO completa sus instalaciones - MI Ayuntamiento de Caudete","isPartOf":{"@id":"https:\/\/www.caudete.org\/ayuntamiento\/#website"},"primaryImageOfPage":{"@id":"https:\/\/www.caudete.org\/ayuntamiento\/el-primer-parque-canino-completa-sus-instalaciones\/#primaryimage"},"image":{"@id":"https:\/\/www.caudete.org\/ayuntamiento\/el-primer-parque-canino-completa-sus-instalaciones\/#primaryimage"},"thumbnailUrl":"https:\/\/www.caudete.org\/ayuntamiento\/wp-content\/uploads\/2022\/03\/WhatsApp-Image-2022-02-23-at-18.00.32.jpeg","datePublished":"2022-03-02T20:24:09+00:00","dateModified":"2022-03-03T08:07:44+00:00","author":{"@id":"https:\/\/www.caudete.org\/ayuntamiento\/#\/schema\/person\/cc646da9133078ee4d8dd47457947253"},"description":"P\u00e1gina Oficial del Ayuntamiento de Caudete (Albacete)","breadcrumb":{"@id":"https:\/\/www.caudete.org\/ayuntamiento\/el-primer-parque-canino-completa-sus-instalaciones\/#breadcrumb"},"inLanguage":"es","potentialAction":[{"@type":"ReadAction","target":["https:\/\/www.caudete.org\/ayuntamiento\/el-primer-parque-canino-completa-sus-instalaciones\/"]}]},{"@type":"ImageObject","inLanguage":"es","@id":"https:\/\/www.caudete.org\/ayuntamiento\/el-primer-parque-canino-completa-sus-instalaciones\/#primaryimage","url":"https:\/\/www.caudete.org\/ayuntamiento\/wp-content\/uploads\/2022\/03\/WhatsApp-Image-2022-02-23-at-18.00.32.jpeg","contentUrl":"https:\/\/www.caudete.org\/ayuntamiento\/wp-content\/uploads\/2022\/03\/WhatsApp-Image-2022-02-23-at-18.00.32.jpeg","width":2048,"height":1536},{"@type":"BreadcrumbList","@id":"https:\/\/www.caudete.org\/ayuntamiento\/el-primer-parque-canino-completa-sus-instalaciones\/#breadcrumb","itemListElement":[{"@type":"ListItem","position":1,"name":"Inicio","item":"https:\/\/www.caudete.org\/ayuntamiento\/"},{"@type":"ListItem","position":2,"name":"El primer PARQUE CANINO completa sus instalaciones"}]},{"@type":"WebSite","@id":"https:\/\/www.caudete.org\/ayuntamiento\/#website","url":"https:\/\/www.caudete.org\/ayuntamiento\/","name":"MI Ayuntamiento de Caudete","description":"P\u00e1gina Oficial del MI Ayuntamiento de Caudete","potentialAction":[{"@type":"SearchAction","target":{"@type":"EntryPoint","urlTemplate":"https:\/\/www.caudete.org\/ayuntamiento\/?s={search_term_string}"},"query-input":{"@type":"PropertyValueSpecification","valueRequired":true,"valueName":"search_term_string"}}],"inLanguage":"es"},{"@type":"Person","@id":"https:\/\/www.caudete.org\/ayuntamiento\/#\/schema\/person\/cc646da9133078ee4d8dd47457947253","name":"alcalde","image":{"@type":"ImageObject","inLanguage":"es","@id":"https:\/\/secure.gravatar.com\/avatar\/84a817ba065b29ff08d666b215a215f5c79186a645ccb25b14a663d48a130f77?s=96&d=mm&r=g","url":"https:\/\/secure.gravatar.com\/avatar\/84a817ba065b29ff08d666b215a215f5c79186a645ccb25b14a663d48a130f77?s=96&d=mm&r=g","contentUrl":"https:\/\/secure.gravatar.com\/avatar\/84a817ba065b29ff08d666b215a215f5c79186a645ccb25b14a663d48a130f77?s=96&d=mm&r=g","caption":"alcalde"},"url":"https:\/\/www.caudete.org\/ayuntamiento\/author\/alcalde\/"}]}},"_links":{"self":[{"href":"https:\/\/www.caudete.org\/ayuntamiento\/wp-json\/wp\/v2\/posts\/18343","targetHints":{"allow":["GET"]}}],"collection":[{"href":"https:\/\/www.caudete.org\/ayuntamiento\/wp-json\/wp\/v2\/posts"}],"about":[{"href":"https:\/\/www.caudete.org\/ayuntamiento\/wp-json\/wp\/v2\/types\/post"}],"author":[{"embeddable":true,"href":"https:\/\/www.caudete.org\/ayuntamiento\/wp-json\/wp\/v2\/users\/3"}],"replies":[{"embeddable":true,"href":"https:\/\/www.caudete.org\/ayuntamiento\/wp-json\/wp\/v2\/comments?post=18343"}],"version-history":[{"count":4,"href":"https:\/\/www.caudete.org\/ayuntamiento\/wp-json\/wp\/v2\/posts\/18343\/revisions"}],"predecessor-version":[{"id":18367,"href":"https:\/\/www.caudete.org\/ayuntamiento\/wp-json\/wp\/v2\/posts\/18343\/revisions\/18367"}],"wp:featuredmedia":[{"embeddable":true,"href":"https:\/\/www.caudete.org\/ayuntamiento\/wp-json\/wp\/v2\/media\/18347"}],"wp:attachment":[{"href":"https:\/\/www.caudete.org\/ayuntamiento\/wp-json\/wp\/v2\/media?parent=18343"}],"wp:term":[{"taxonomy":"category","embeddable":true,"href":"https:\/\/www.caudete.org\/ayuntamiento\/wp-json\/wp\/v2\/categories?post=18343"},{"taxonomy":"post_tag","embeddable":true,"href":"https:\/\/www.caudete.org\/ayuntamiento\/wp-json\/wp\/v2\/tags?post=18343"}],"curies":[{"name":"wp","href":"https:\/\/api.w.org\/{rel}","templated":true}]}}