{"id":18355,"date":"2022-03-03T09:00:34","date_gmt":"2022-03-03T08:00:34","guid":{"rendered":"https:\/\/www.caudete.org\/ayuntamiento\/?p=18355"},"modified":"2022-03-03T20:59:14","modified_gmt":"2022-03-03T19:59:14","slug":"hasta-el-9-de-marzo-abierta-la-inscripcion-al-intercambio-juvenil-lanzado-por-el-programa-erasmus","status":"publish","type":"post","link":"https:\/\/www.caudete.org\/ayuntamiento\/hasta-el-9-de-marzo-abierta-la-inscripcion-al-intercambio-juvenil-lanzado-por-el-programa-erasmus\/","title":{"rendered":"Hasta el 9 de Marzo abierta la inscripcion al INTERCAMBIO JUVENIL lanzado por el programa ERASMUS+"},"content":{"rendered":"<p style=\"text-align: justify;\">Natalia Ba\u00f1\u00f3n y M\u00aa del Mar Requena, Concejales de Educaci\u00f3n, y Formaci\u00f3n y Empleo respectivamente, presentaban en la Sala de Prensa la convocatoria para el Intercambio Juvenil propuesta promovida por el Ayuntamiento de Marseillan (Francia), en la que Caudete forma parte gracias al programa ERASMUS+.<\/p>\n<p style=\"text-align: justify;\">Ello va a permitir que 5 j\u00f3venes caudetanos puedan participar en dicho programa, viajando a las localidades participantes, entre los meses de Abril a Octubre (seg\u00fan calendario estipulado) y con una duraci\u00f3n de entre 7 y 9 d\u00edas, a Francia, Irlanda o B\u00e9lgica.<\/p>\n<p style=\"text-align: justify;\">Est\u00e1 destinado a j\u00f3venes del municipio de edades comprendidas entre los 18 y los 30 a\u00f1os, que est\u00e9n interesados en realizar actividades en el marco del programa, que tiene como objetivo impulsar al aprendizaje y el di\u00e1logo intercultural y el sentimiento de ser europeo; desarrollar las capacidades y actitudes de los j\u00f3venes; reforzar los valores europeos y derribar los prejuicios y los estereotipos; concienciar sobre temas importantes desde el punto de vista social, estimulando el compromiso con la sociedad y la participaci\u00f3n activa.<\/p>\n<p style=\"text-align: justify;\">El proyecto cubrir\u00e1 los gastos de viajes, alojamiento y manutenci\u00f3n de los participantes en las actividades seg\u00fan la subvenci\u00f3n por costes unitarios de cada actividad establecida en la Gu\u00eda del Programa correspondiente a la convocatoria 2020.<\/p>\n<p style=\"text-align: justify;\">El plazo de presentaci\u00f3n de solicitudes es hasta el pr\u00f3ximo d\u00eda 9 de Marzo, siendo el sistema de selecci\u00f3n ser\u00e1 el de concurrencia simple, de manera que todos los<br \/>\nsolicitantes que cumplan los requisitos ser\u00e1n admitidos y se dar\u00e1 prioridad a las solicitudes por orden de presentaci\u00f3n, teniendo en cuenta el registro de entrada de las mismas.<\/p>\n<p style=\"text-align: justify;\">Se seleccionar\u00e1n 5 j\u00f3venes que asistir\u00e1n a los diferentes encuentros del proyecto, y 5 suplentes para el caso de vacantes. En el supuesto de que no hubiese candidatos para cubrir alguna de las plazas a lo largo del periodo de ejecuci\u00f3n del proyecto, se abrir\u00e1 una nueva convocatoria.<\/p>\n<p style=\"text-align: justify;\">El acta con la relaci\u00f3n de participantes seleccionados se publicar\u00e1 en la Sede Electr\u00f3nica del Ayuntamiento.<\/p>\n","protected":false},"excerpt":{"rendered":"<p>Natalia Ba\u00f1\u00f3n y M\u00aa del Mar Requena, Concejales de Educaci\u00f3n, y Formaci\u00f3n y Empleo respectivamente, presentaban en la Sala de Prensa la convocatoria para el Intercambio Juvenil propuesta promovida por el Ayuntamiento de Marseillan (Francia), en la que Caudete forma parte gracias al programa ERASMUS+. Ello va a permitir que 5 j\u00f3venes caudetanos puedan participar &hellip;<\/p>\n","protected":false},"author":3,"featured_media":18369,"comment_status":"closed","ping_status":"open","sticky":false,"template":"","format":"standard","meta":{"ngg_post_thumbnail":0,"footnotes":""},"categories":[121],"tags":[],"class_list":["post-18355","post","type-post","status-publish","format-standard","has-post-thumbnail","hentry","category-juventud-2"],"yoast_head":"<!-- This site is optimized with the Yoast SEO plugin v27.5 - https:\/\/yoast.com\/product\/yoast-seo-wordpress\/ -->\n<title>Hasta el 9 de Marzo abierta la inscripcion al INTERCAMBIO JUVENIL lanzado por el programa ERASMUS+ - MI Ayuntamiento de Caudete<\/title>\n<meta name=\"description\" content=\"P\u00e1gina Oficial del Ayuntamiento de Caudete (Albacete)\" \/>\n<meta name=\"robots\" content=\"index, follow, max-snippet:-1, max-image-preview:large, max-video-preview:-1\" \/>\n<link rel=\"canonical\" href=\"https:\/\/www.caudete.org\/ayuntamiento\/hasta-el-9-de-marzo-abierta-la-inscripcion-al-intercambio-juvenil-lanzado-por-el-programa-erasmus\/\" \/>\n<meta property=\"og:locale\" content=\"es_ES\" \/>\n<meta property=\"og:type\" content=\"article\" \/>\n<meta property=\"og:title\" content=\"Hasta el 9 de Marzo abierta la inscripcion al INTERCAMBIO JUVENIL lanzado por el programa ERASMUS+ - MI Ayuntamiento de Caudete\" \/>\n<meta property=\"og:description\" content=\"P\u00e1gina Oficial del Ayuntamiento de Caudete (Albacete)\" \/>\n<meta property=\"og:url\" content=\"https:\/\/www.caudete.org\/ayuntamiento\/hasta-el-9-de-marzo-abierta-la-inscripcion-al-intercambio-juvenil-lanzado-por-el-programa-erasmus\/\" \/>\n<meta property=\"og:site_name\" content=\"MI Ayuntamiento de Caudete\" \/>\n<meta property=\"article:publisher\" content=\"https:\/\/www.facebook.com\/ayuntamientocaudete\/\" \/>\n<meta property=\"article:published_time\" content=\"2022-03-03T08:00:34+00:00\" \/>\n<meta property=\"article:modified_time\" content=\"2022-03-03T19:59:14+00:00\" \/>\n<meta property=\"og:image\" content=\"https:\/\/www.caudete.org\/ayuntamiento\/wp-content\/uploads\/2022\/03\/Intercambio-Juvenil-ErasmusPlusWEB.jpg\" \/>\n\t<meta property=\"og:image:width\" content=\"864\" \/>\n\t<meta property=\"og:image:height\" content=\"380\" \/>\n\t<meta property=\"og:image:type\" content=\"image\/jpeg\" \/>\n<meta name=\"author\" content=\"alcalde\" \/>\n<meta name=\"twitter:card\" content=\"summary_large_image\" \/>\n<meta name=\"twitter:label1\" content=\"Escrito por\" \/>\n\t<meta name=\"twitter:data1\" content=\"alcalde\" \/>\n\t<meta name=\"twitter:label2\" content=\"Tiempo de lectura\" \/>\n\t<meta name=\"twitter:data2\" content=\"2 minutos\" \/>\n<script type=\"application\/ld+json\" class=\"yoast-schema-graph\">{\"@context\":\"https:\\\/\\\/schema.org\",\"@graph\":[{\"@type\":\"Article\",\"@id\":\"https:\\\/\\\/www.caudete.org\\\/ayuntamiento\\\/hasta-el-9-de-marzo-abierta-la-inscripcion-al-intercambio-juvenil-lanzado-por-el-programa-erasmus\\\/#article\",\"isPartOf\":{\"@id\":\"https:\\\/\\\/www.caudete.org\\\/ayuntamiento\\\/hasta-el-9-de-marzo-abierta-la-inscripcion-al-intercambio-juvenil-lanzado-por-el-programa-erasmus\\\/\"},\"author\":{\"name\":\"alcalde\",\"@id\":\"https:\\\/\\\/www.caudete.org\\\/ayuntamiento\\\/#\\\/schema\\\/person\\\/cc646da9133078ee4d8dd47457947253\"},\"headline\":\"Hasta el 9 de Marzo abierta la inscripcion al INTERCAMBIO JUVENIL lanzado por el programa ERASMUS+\",\"datePublished\":\"2022-03-03T08:00:34+00:00\",\"dateModified\":\"2022-03-03T19:59:14+00:00\",\"mainEntityOfPage\":{\"@id\":\"https:\\\/\\\/www.caudete.org\\\/ayuntamiento\\\/hasta-el-9-de-marzo-abierta-la-inscripcion-al-intercambio-juvenil-lanzado-por-el-programa-erasmus\\\/\"},\"wordCount\":364,\"publisher\":{\"@id\":\"https:\\\/\\\/www.caudete.org\\\/ayuntamiento\\\/#organization\"},\"image\":{\"@id\":\"https:\\\/\\\/www.caudete.org\\\/ayuntamiento\\\/hasta-el-9-de-marzo-abierta-la-inscripcion-al-intercambio-juvenil-lanzado-por-el-programa-erasmus\\\/#primaryimage\"},\"thumbnailUrl\":\"https:\\\/\\\/www.caudete.org\\\/ayuntamiento\\\/wp-content\\\/uploads\\\/2022\\\/03\\\/Intercambio-Juvenil-ErasmusPlusWEB.jpg\",\"articleSection\":[\"Juventud\"],\"inLanguage\":\"es\"},{\"@type\":\"WebPage\",\"@id\":\"https:\\\/\\\/www.caudete.org\\\/ayuntamiento\\\/hasta-el-9-de-marzo-abierta-la-inscripcion-al-intercambio-juvenil-lanzado-por-el-programa-erasmus\\\/\",\"url\":\"https:\\\/\\\/www.caudete.org\\\/ayuntamiento\\\/hasta-el-9-de-marzo-abierta-la-inscripcion-al-intercambio-juvenil-lanzado-por-el-programa-erasmus\\\/\",\"name\":\"Hasta el 9 de Marzo abierta la inscripcion al INTERCAMBIO JUVENIL lanzado por el programa ERASMUS+ - MI Ayuntamiento de Caudete\",\"isPartOf\":{\"@id\":\"https:\\\/\\\/www.caudete.org\\\/ayuntamiento\\\/#website\"},\"primaryImageOfPage\":{\"@id\":\"https:\\\/\\\/www.caudete.org\\\/ayuntamiento\\\/hasta-el-9-de-marzo-abierta-la-inscripcion-al-intercambio-juvenil-lanzado-por-el-programa-erasmus\\\/#primaryimage\"},\"image\":{\"@id\":\"https:\\\/\\\/www.caudete.org\\\/ayuntamiento\\\/hasta-el-9-de-marzo-abierta-la-inscripcion-al-intercambio-juvenil-lanzado-por-el-programa-erasmus\\\/#primaryimage\"},\"thumbnailUrl\":\"https:\\\/\\\/www.caudete.org\\\/ayuntamiento\\\/wp-content\\\/uploads\\\/2022\\\/03\\\/Intercambio-Juvenil-ErasmusPlusWEB.jpg\",\"datePublished\":\"2022-03-03T08:00:34+00:00\",\"dateModified\":\"2022-03-03T19:59:14+00:00\",\"description\":\"P\u00e1gina Oficial del Ayuntamiento de Caudete (Albacete)\",\"breadcrumb\":{\"@id\":\"https:\\\/\\\/www.caudete.org\\\/ayuntamiento\\\/hasta-el-9-de-marzo-abierta-la-inscripcion-al-intercambio-juvenil-lanzado-por-el-programa-erasmus\\\/#breadcrumb\"},\"inLanguage\":\"es\",\"potentialAction\":[{\"@type\":\"ReadAction\",\"target\":[\"https:\\\/\\\/www.caudete.org\\\/ayuntamiento\\\/hasta-el-9-de-marzo-abierta-la-inscripcion-al-intercambio-juvenil-lanzado-por-el-programa-erasmus\\\/\"]}]},{\"@type\":\"ImageObject\",\"inLanguage\":\"es\",\"@id\":\"https:\\\/\\\/www.caudete.org\\\/ayuntamiento\\\/hasta-el-9-de-marzo-abierta-la-inscripcion-al-intercambio-juvenil-lanzado-por-el-programa-erasmus\\\/#primaryimage\",\"url\":\"https:\\\/\\\/www.caudete.org\\\/ayuntamiento\\\/wp-content\\\/uploads\\\/2022\\\/03\\\/Intercambio-Juvenil-ErasmusPlusWEB.jpg\",\"contentUrl\":\"https:\\\/\\\/www.caudete.org\\\/ayuntamiento\\\/wp-content\\\/uploads\\\/2022\\\/03\\\/Intercambio-Juvenil-ErasmusPlusWEB.jpg\",\"width\":864,\"height\":380},{\"@type\":\"BreadcrumbList\",\"@id\":\"https:\\\/\\\/www.caudete.org\\\/ayuntamiento\\\/hasta-el-9-de-marzo-abierta-la-inscripcion-al-intercambio-juvenil-lanzado-por-el-programa-erasmus\\\/#breadcrumb\",\"itemListElement\":[{\"@type\":\"ListItem\",\"position\":1,\"name\":\"Inicio\",\"item\":\"https:\\\/\\\/www.caudete.org\\\/ayuntamiento\\\/\"},{\"@type\":\"ListItem\",\"position\":2,\"name\":\"Hasta el 9 de Marzo abierta la inscripcion al INTERCAMBIO JUVENIL lanzado por el programa ERASMUS+\"}]},{\"@type\":\"WebSite\",\"@id\":\"https:\\\/\\\/www.caudete.org\\\/ayuntamiento\\\/#website\",\"url\":\"https:\\\/\\\/www.caudete.org\\\/ayuntamiento\\\/\",\"name\":\"MI Ayuntamiento de Caudete\",\"description\":\"P\u00e1gina Oficial del MI Ayuntamiento de Caudete\",\"publisher\":{\"@id\":\"https:\\\/\\\/www.caudete.org\\\/ayuntamiento\\\/#organization\"},\"potentialAction\":[{\"@type\":\"SearchAction\",\"target\":{\"@type\":\"EntryPoint\",\"urlTemplate\":\"https:\\\/\\\/www.caudete.org\\\/ayuntamiento\\\/?s={search_term_string}\"},\"query-input\":{\"@type\":\"PropertyValueSpecification\",\"valueRequired\":true,\"valueName\":\"search_term_string\"}}],\"inLanguage\":\"es\"},{\"@type\":\"Organization\",\"@id\":\"https:\\\/\\\/www.caudete.org\\\/ayuntamiento\\\/#organization\",\"name\":\"Ayuntamiento de Caudete\",\"url\":\"https:\\\/\\\/www.caudete.org\\\/ayuntamiento\\\/\",\"logo\":{\"@type\":\"ImageObject\",\"inLanguage\":\"es\",\"@id\":\"https:\\\/\\\/www.caudete.org\\\/ayuntamiento\\\/#\\\/schema\\\/logo\\\/image\\\/\",\"url\":\"https:\\\/\\\/www.caudete.org\\\/ayuntamiento\\\/wp-content\\\/uploads\\\/2020\\\/11\\\/logo_ayuntamiento_caudete.jpg\",\"contentUrl\":\"https:\\\/\\\/www.caudete.org\\\/ayuntamiento\\\/wp-content\\\/uploads\\\/2020\\\/11\\\/logo_ayuntamiento_caudete.jpg\",\"width\":600,\"height\":150,\"caption\":\"Ayuntamiento de Caudete\"},\"image\":{\"@id\":\"https:\\\/\\\/www.caudete.org\\\/ayuntamiento\\\/#\\\/schema\\\/logo\\\/image\\\/\"},\"sameAs\":[\"https:\\\/\\\/www.facebook.com\\\/ayuntamientocaudete\\\/\",\"https:\\\/\\\/www.youtube.com\\\/channel\\\/UC6VztHaooNsGpw-tNoBEFnQ\"]},{\"@type\":\"Person\",\"@id\":\"https:\\\/\\\/www.caudete.org\\\/ayuntamiento\\\/#\\\/schema\\\/person\\\/cc646da9133078ee4d8dd47457947253\",\"name\":\"alcalde\",\"image\":{\"@type\":\"ImageObject\",\"inLanguage\":\"es\",\"@id\":\"https:\\\/\\\/secure.gravatar.com\\\/avatar\\\/84a817ba065b29ff08d666b215a215f5c79186a645ccb25b14a663d48a130f77?s=96&d=mm&r=g\",\"url\":\"https:\\\/\\\/secure.gravatar.com\\\/avatar\\\/84a817ba065b29ff08d666b215a215f5c79186a645ccb25b14a663d48a130f77?s=96&d=mm&r=g\",\"contentUrl\":\"https:\\\/\\\/secure.gravatar.com\\\/avatar\\\/84a817ba065b29ff08d666b215a215f5c79186a645ccb25b14a663d48a130f77?s=96&d=mm&r=g\",\"caption\":\"alcalde\"},\"url\":\"https:\\\/\\\/www.caudete.org\\\/ayuntamiento\\\/author\\\/alcalde\\\/\"}]}<\/script>\n<!-- \/ Yoast SEO plugin. -->","yoast_head_json":{"title":"Hasta el 9 de Marzo abierta la inscripcion al INTERCAMBIO JUVENIL lanzado por el programa ERASMUS+ - MI Ayuntamiento de Caudete","description":"P\u00e1gina Oficial del Ayuntamiento de Caudete (Albacete)","robots":{"index":"index","follow":"follow","max-snippet":"max-snippet:-1","max-image-preview":"max-image-preview:large","max-video-preview":"max-video-preview:-1"},"canonical":"https:\/\/www.caudete.org\/ayuntamiento\/hasta-el-9-de-marzo-abierta-la-inscripcion-al-intercambio-juvenil-lanzado-por-el-programa-erasmus\/","og_locale":"es_ES","og_type":"article","og_title":"Hasta el 9 de Marzo abierta la inscripcion al INTERCAMBIO JUVENIL lanzado por el programa ERASMUS+ - MI Ayuntamiento de Caudete","og_description":"P\u00e1gina Oficial del Ayuntamiento de Caudete (Albacete)","og_url":"https:\/\/www.caudete.org\/ayuntamiento\/hasta-el-9-de-marzo-abierta-la-inscripcion-al-intercambio-juvenil-lanzado-por-el-programa-erasmus\/","og_site_name":"MI Ayuntamiento de Caudete","article_publisher":"https:\/\/www.facebook.com\/ayuntamientocaudete\/","article_published_time":"2022-03-03T08:00:34+00:00","article_modified_time":"2022-03-03T19:59:14+00:00","og_image":[{"width":864,"height":380,"url":"https:\/\/www.caudete.org\/ayuntamiento\/wp-content\/uploads\/2022\/03\/Intercambio-Juvenil-ErasmusPlusWEB.jpg","type":"image\/jpeg"}],"author":"alcalde","twitter_card":"summary_large_image","twitter_misc":{"Escrito por":"alcalde","Tiempo de lectura":"2 minutos"},"schema":{"@context":"https:\/\/schema.org","@graph":[{"@type":"Article","@id":"https:\/\/www.caudete.org\/ayuntamiento\/hasta-el-9-de-marzo-abierta-la-inscripcion-al-intercambio-juvenil-lanzado-por-el-programa-erasmus\/#article","isPartOf":{"@id":"https:\/\/www.caudete.org\/ayuntamiento\/hasta-el-9-de-marzo-abierta-la-inscripcion-al-intercambio-juvenil-lanzado-por-el-programa-erasmus\/"},"author":{"name":"alcalde","@id":"https:\/\/www.caudete.org\/ayuntamiento\/#\/schema\/person\/cc646da9133078ee4d8dd47457947253"},"headline":"Hasta el 9 de Marzo abierta la inscripcion al INTERCAMBIO JUVENIL lanzado por el programa ERASMUS+","datePublished":"2022-03-03T08:00:34+00:00","dateModified":"2022-03-03T19:59:14+00:00","mainEntityOfPage":{"@id":"https:\/\/www.caudete.org\/ayuntamiento\/hasta-el-9-de-marzo-abierta-la-inscripcion-al-intercambio-juvenil-lanzado-por-el-programa-erasmus\/"},"wordCount":364,"publisher":{"@id":"https:\/\/www.caudete.org\/ayuntamiento\/#organization"},"image":{"@id":"https:\/\/www.caudete.org\/ayuntamiento\/hasta-el-9-de-marzo-abierta-la-inscripcion-al-intercambio-juvenil-lanzado-por-el-programa-erasmus\/#primaryimage"},"thumbnailUrl":"https:\/\/www.caudete.org\/ayuntamiento\/wp-content\/uploads\/2022\/03\/Intercambio-Juvenil-ErasmusPlusWEB.jpg","articleSection":["Juventud"],"inLanguage":"es"},{"@type":"WebPage","@id":"https:\/\/www.caudete.org\/ayuntamiento\/hasta-el-9-de-marzo-abierta-la-inscripcion-al-intercambio-juvenil-lanzado-por-el-programa-erasmus\/","url":"https:\/\/www.caudete.org\/ayuntamiento\/hasta-el-9-de-marzo-abierta-la-inscripcion-al-intercambio-juvenil-lanzado-por-el-programa-erasmus\/","name":"Hasta el 9 de Marzo abierta la inscripcion al INTERCAMBIO JUVENIL lanzado por el programa ERASMUS+ - MI Ayuntamiento de Caudete","isPartOf":{"@id":"https:\/\/www.caudete.org\/ayuntamiento\/#website"},"primaryImageOfPage":{"@id":"https:\/\/www.caudete.org\/ayuntamiento\/hasta-el-9-de-marzo-abierta-la-inscripcion-al-intercambio-juvenil-lanzado-por-el-programa-erasmus\/#primaryimage"},"image":{"@id":"https:\/\/www.caudete.org\/ayuntamiento\/hasta-el-9-de-marzo-abierta-la-inscripcion-al-intercambio-juvenil-lanzado-por-el-programa-erasmus\/#primaryimage"},"thumbnailUrl":"https:\/\/www.caudete.org\/ayuntamiento\/wp-content\/uploads\/2022\/03\/Intercambio-Juvenil-ErasmusPlusWEB.jpg","datePublished":"2022-03-03T08:00:34+00:00","dateModified":"2022-03-03T19:59:14+00:00","description":"P\u00e1gina Oficial del Ayuntamiento de Caudete (Albacete)","breadcrumb":{"@id":"https:\/\/www.caudete.org\/ayuntamiento\/hasta-el-9-de-marzo-abierta-la-inscripcion-al-intercambio-juvenil-lanzado-por-el-programa-erasmus\/#breadcrumb"},"inLanguage":"es","potentialAction":[{"@type":"ReadAction","target":["https:\/\/www.caudete.org\/ayuntamiento\/hasta-el-9-de-marzo-abierta-la-inscripcion-al-intercambio-juvenil-lanzado-por-el-programa-erasmus\/"]}]},{"@type":"ImageObject","inLanguage":"es","@id":"https:\/\/www.caudete.org\/ayuntamiento\/hasta-el-9-de-marzo-abierta-la-inscripcion-al-intercambio-juvenil-lanzado-por-el-programa-erasmus\/#primaryimage","url":"https:\/\/www.caudete.org\/ayuntamiento\/wp-content\/uploads\/2022\/03\/Intercambio-Juvenil-ErasmusPlusWEB.jpg","contentUrl":"https:\/\/www.caudete.org\/ayuntamiento\/wp-content\/uploads\/2022\/03\/Intercambio-Juvenil-ErasmusPlusWEB.jpg","width":864,"height":380},{"@type":"BreadcrumbList","@id":"https:\/\/www.caudete.org\/ayuntamiento\/hasta-el-9-de-marzo-abierta-la-inscripcion-al-intercambio-juvenil-lanzado-por-el-programa-erasmus\/#breadcrumb","itemListElement":[{"@type":"ListItem","position":1,"name":"Inicio","item":"https:\/\/www.caudete.org\/ayuntamiento\/"},{"@type":"ListItem","position":2,"name":"Hasta el 9 de Marzo abierta la inscripcion al INTERCAMBIO JUVENIL lanzado por el programa ERASMUS+"}]},{"@type":"WebSite","@id":"https:\/\/www.caudete.org\/ayuntamiento\/#website","url":"https:\/\/www.caudete.org\/ayuntamiento\/","name":"MI Ayuntamiento de Caudete","description":"P\u00e1gina Oficial del MI Ayuntamiento de Caudete","publisher":{"@id":"https:\/\/www.caudete.org\/ayuntamiento\/#organization"},"potentialAction":[{"@type":"SearchAction","target":{"@type":"EntryPoint","urlTemplate":"https:\/\/www.caudete.org\/ayuntamiento\/?s={search_term_string}"},"query-input":{"@type":"PropertyValueSpecification","valueRequired":true,"valueName":"search_term_string"}}],"inLanguage":"es"},{"@type":"Organization","@id":"https:\/\/www.caudete.org\/ayuntamiento\/#organization","name":"Ayuntamiento de Caudete","url":"https:\/\/www.caudete.org\/ayuntamiento\/","logo":{"@type":"ImageObject","inLanguage":"es","@id":"https:\/\/www.caudete.org\/ayuntamiento\/#\/schema\/logo\/image\/","url":"https:\/\/www.caudete.org\/ayuntamiento\/wp-content\/uploads\/2020\/11\/logo_ayuntamiento_caudete.jpg","contentUrl":"https:\/\/www.caudete.org\/ayuntamiento\/wp-content\/uploads\/2020\/11\/logo_ayuntamiento_caudete.jpg","width":600,"height":150,"caption":"Ayuntamiento de Caudete"},"image":{"@id":"https:\/\/www.caudete.org\/ayuntamiento\/#\/schema\/logo\/image\/"},"sameAs":["https:\/\/www.facebook.com\/ayuntamientocaudete\/","https:\/\/www.youtube.com\/channel\/UC6VztHaooNsGpw-tNoBEFnQ"]},{"@type":"Person","@id":"https:\/\/www.caudete.org\/ayuntamiento\/#\/schema\/person\/cc646da9133078ee4d8dd47457947253","name":"alcalde","image":{"@type":"ImageObject","inLanguage":"es","@id":"https:\/\/secure.gravatar.com\/avatar\/84a817ba065b29ff08d666b215a215f5c79186a645ccb25b14a663d48a130f77?s=96&d=mm&r=g","url":"https:\/\/secure.gravatar.com\/avatar\/84a817ba065b29ff08d666b215a215f5c79186a645ccb25b14a663d48a130f77?s=96&d=mm&r=g","contentUrl":"https:\/\/secure.gravatar.com\/avatar\/84a817ba065b29ff08d666b215a215f5c79186a645ccb25b14a663d48a130f77?s=96&d=mm&r=g","caption":"alcalde"},"url":"https:\/\/www.caudete.org\/ayuntamiento\/author\/alcalde\/"}]}},"_links":{"self":[{"href":"https:\/\/www.caudete.org\/ayuntamiento\/wp-json\/wp\/v2\/posts\/18355","targetHints":{"allow":["GET"]}}],"collection":[{"href":"https:\/\/www.caudete.org\/ayuntamiento\/wp-json\/wp\/v2\/posts"}],"about":[{"href":"https:\/\/www.caudete.org\/ayuntamiento\/wp-json\/wp\/v2\/types\/post"}],"author":[{"embeddable":true,"href":"https:\/\/www.caudete.org\/ayuntamiento\/wp-json\/wp\/v2\/users\/3"}],"replies":[{"embeddable":true,"href":"https:\/\/www.caudete.org\/ayuntamiento\/wp-json\/wp\/v2\/comments?post=18355"}],"version-history":[{"count":2,"href":"https:\/\/www.caudete.org\/ayuntamiento\/wp-json\/wp\/v2\/posts\/18355\/revisions"}],"predecessor-version":[{"id":18370,"href":"https:\/\/www.caudete.org\/ayuntamiento\/wp-json\/wp\/v2\/posts\/18355\/revisions\/18370"}],"wp:featuredmedia":[{"embeddable":true,"href":"https:\/\/www.caudete.org\/ayuntamiento\/wp-json\/wp\/v2\/media\/18369"}],"wp:attachment":[{"href":"https:\/\/www.caudete.org\/ayuntamiento\/wp-json\/wp\/v2\/media?parent=18355"}],"wp:term":[{"taxonomy":"category","embeddable":true,"href":"https:\/\/www.caudete.org\/ayuntamiento\/wp-json\/wp\/v2\/categories?post=18355"},{"taxonomy":"post_tag","embeddable":true,"href":"https:\/\/www.caudete.org\/ayuntamiento\/wp-json\/wp\/v2\/tags?post=18355"}],"curies":[{"name":"wp","href":"https:\/\/api.w.org\/{rel}","templated":true}]}}