{"id":18359,"date":"2022-03-03T09:01:00","date_gmt":"2022-03-03T08:01:00","guid":{"rendered":"https:\/\/www.caudete.org\/ayuntamiento\/?p=18359"},"modified":"2022-03-02T22:22:46","modified_gmt":"2022-03-02T21:22:46","slug":"la-corporacion-es-convocada-a-comision-de-interior-para-tratar-sobre-los-actos-vandalicos","status":"publish","type":"post","link":"https:\/\/www.caudete.org\/ayuntamiento\/la-corporacion-es-convocada-a-comision-de-interior-para-tratar-sobre-los-actos-vandalicos\/","title":{"rendered":"La Corporaci\u00f3n es convocada a COMISI\u00d3N DE INTERIOR para tratar sobre los actos v\u00e1ndalicos"},"content":{"rendered":"<p style=\"text-align: justify;\">Mar\u00eda del Mar Requena, Concejal de Interior, informaba a los medios de la convocatoria de la Comisi\u00f3n Informativa de Interior efectuada para el pr\u00f3ximo viernes, a las 8:30 horas en la Sala de La Villa.<\/p>\n<p style=\"text-align: justify;\">Esta se realiza una vez que la Junta Local de Seguridad se reuni\u00f3 con el Subdelegado del Gobierno para abordar junto a Guardia Civil y Polic\u00eda Local la situaci\u00f3n actual en la localidad, y tras el acuerdo de convocatoria adquirido por Alcalde y Concejal de Interior con los diferentes Grupos Pol\u00edticos el pasado domingo 20 de Febrero.<\/p>\n","protected":false},"excerpt":{"rendered":"<p>Mar\u00eda del Mar Requena, Concejal de Interior, informaba a los medios de la convocatoria de la Comisi\u00f3n Informativa de Interior efectuada para el pr\u00f3ximo viernes, a las 8:30 horas en la Sala de La Villa. Esta se realiza una vez que la Junta Local de Seguridad se reuni\u00f3 con el Subdelegado del Gobierno para abordar &hellip;<\/p>\n","protected":false},"author":3,"featured_media":11413,"comment_status":"closed","ping_status":"open","sticky":false,"template":"","format":"standard","meta":{"ngg_post_thumbnail":0,"footnotes":""},"categories":[34],"tags":[],"class_list":["post-18359","post","type-post","status-publish","format-standard","has-post-thumbnail","hentry","category-interior"],"yoast_head":"<!-- This site is optimized with the Yoast SEO plugin v27.5 - https:\/\/yoast.com\/product\/yoast-seo-wordpress\/ -->\n<title>La Corporaci\u00f3n es convocada a COMISI\u00d3N DE INTERIOR para tratar sobre los actos v\u00e1ndalicos - MI Ayuntamiento de Caudete<\/title>\n<meta name=\"description\" content=\"P\u00e1gina Oficial del Ayuntamiento de Caudete (Albacete)\" \/>\n<meta name=\"robots\" content=\"index, follow, max-snippet:-1, max-image-preview:large, max-video-preview:-1\" \/>\n<link rel=\"canonical\" href=\"https:\/\/www.caudete.org\/ayuntamiento\/la-corporacion-es-convocada-a-comision-de-interior-para-tratar-sobre-los-actos-vandalicos\/\" \/>\n<meta property=\"og:locale\" content=\"es_ES\" \/>\n<meta property=\"og:type\" content=\"article\" \/>\n<meta property=\"og:title\" content=\"La Corporaci\u00f3n es convocada a COMISI\u00d3N DE INTERIOR para tratar sobre los actos v\u00e1ndalicos - MI Ayuntamiento de Caudete\" \/>\n<meta property=\"og:description\" content=\"P\u00e1gina Oficial del Ayuntamiento de Caudete (Albacete)\" \/>\n<meta property=\"og:url\" content=\"https:\/\/www.caudete.org\/ayuntamiento\/la-corporacion-es-convocada-a-comision-de-interior-para-tratar-sobre-los-actos-vandalicos\/\" \/>\n<meta property=\"og:site_name\" content=\"MI Ayuntamiento de Caudete\" \/>\n<meta property=\"article:publisher\" content=\"https:\/\/www.facebook.com\/ayuntamientocaudete\/\" \/>\n<meta property=\"article:published_time\" content=\"2022-03-03T08:01:00+00:00\" \/>\n<meta property=\"og:image\" content=\"https:\/\/www.caudete.org\/ayuntamiento\/wp-content\/uploads\/2021\/01\/maria_mar_4.jpg\" \/>\n\t<meta property=\"og:image:width\" content=\"620\" \/>\n\t<meta property=\"og:image:height\" content=\"319\" \/>\n\t<meta property=\"og:image:type\" content=\"image\/jpeg\" \/>\n<meta name=\"author\" content=\"alcalde\" \/>\n<meta name=\"twitter:card\" content=\"summary_large_image\" \/>\n<meta name=\"twitter:label1\" content=\"Escrito por\" \/>\n\t<meta name=\"twitter:data1\" content=\"alcalde\" \/>\n<script type=\"application\/ld+json\" class=\"yoast-schema-graph\">{\"@context\":\"https:\\\/\\\/schema.org\",\"@graph\":[{\"@type\":\"Article\",\"@id\":\"https:\\\/\\\/www.caudete.org\\\/ayuntamiento\\\/la-corporacion-es-convocada-a-comision-de-interior-para-tratar-sobre-los-actos-vandalicos\\\/#article\",\"isPartOf\":{\"@id\":\"https:\\\/\\\/www.caudete.org\\\/ayuntamiento\\\/la-corporacion-es-convocada-a-comision-de-interior-para-tratar-sobre-los-actos-vandalicos\\\/\"},\"author\":{\"name\":\"alcalde\",\"@id\":\"https:\\\/\\\/www.caudete.org\\\/ayuntamiento\\\/#\\\/schema\\\/person\\\/cc646da9133078ee4d8dd47457947253\"},\"headline\":\"La Corporaci\u00f3n es convocada a COMISI\u00d3N DE INTERIOR para tratar sobre los actos v\u00e1ndalicos\",\"datePublished\":\"2022-03-03T08:01:00+00:00\",\"mainEntityOfPage\":{\"@id\":\"https:\\\/\\\/www.caudete.org\\\/ayuntamiento\\\/la-corporacion-es-convocada-a-comision-de-interior-para-tratar-sobre-los-actos-vandalicos\\\/\"},\"wordCount\":113,\"image\":{\"@id\":\"https:\\\/\\\/www.caudete.org\\\/ayuntamiento\\\/la-corporacion-es-convocada-a-comision-de-interior-para-tratar-sobre-los-actos-vandalicos\\\/#primaryimage\"},\"thumbnailUrl\":\"https:\\\/\\\/www.caudete.org\\\/ayuntamiento\\\/wp-content\\\/uploads\\\/2021\\\/01\\\/maria_mar_4.jpg\",\"articleSection\":[\"Interior\"],\"inLanguage\":\"es\"},{\"@type\":\"WebPage\",\"@id\":\"https:\\\/\\\/www.caudete.org\\\/ayuntamiento\\\/la-corporacion-es-convocada-a-comision-de-interior-para-tratar-sobre-los-actos-vandalicos\\\/\",\"url\":\"https:\\\/\\\/www.caudete.org\\\/ayuntamiento\\\/la-corporacion-es-convocada-a-comision-de-interior-para-tratar-sobre-los-actos-vandalicos\\\/\",\"name\":\"La Corporaci\u00f3n es convocada a COMISI\u00d3N DE INTERIOR para tratar sobre los actos v\u00e1ndalicos - MI Ayuntamiento de Caudete\",\"isPartOf\":{\"@id\":\"https:\\\/\\\/www.caudete.org\\\/ayuntamiento\\\/#website\"},\"primaryImageOfPage\":{\"@id\":\"https:\\\/\\\/www.caudete.org\\\/ayuntamiento\\\/la-corporacion-es-convocada-a-comision-de-interior-para-tratar-sobre-los-actos-vandalicos\\\/#primaryimage\"},\"image\":{\"@id\":\"https:\\\/\\\/www.caudete.org\\\/ayuntamiento\\\/la-corporacion-es-convocada-a-comision-de-interior-para-tratar-sobre-los-actos-vandalicos\\\/#primaryimage\"},\"thumbnailUrl\":\"https:\\\/\\\/www.caudete.org\\\/ayuntamiento\\\/wp-content\\\/uploads\\\/2021\\\/01\\\/maria_mar_4.jpg\",\"datePublished\":\"2022-03-03T08:01:00+00:00\",\"author\":{\"@id\":\"https:\\\/\\\/www.caudete.org\\\/ayuntamiento\\\/#\\\/schema\\\/person\\\/cc646da9133078ee4d8dd47457947253\"},\"description\":\"P\u00e1gina Oficial del Ayuntamiento de Caudete (Albacete)\",\"breadcrumb\":{\"@id\":\"https:\\\/\\\/www.caudete.org\\\/ayuntamiento\\\/la-corporacion-es-convocada-a-comision-de-interior-para-tratar-sobre-los-actos-vandalicos\\\/#breadcrumb\"},\"inLanguage\":\"es\",\"potentialAction\":[{\"@type\":\"ReadAction\",\"target\":[\"https:\\\/\\\/www.caudete.org\\\/ayuntamiento\\\/la-corporacion-es-convocada-a-comision-de-interior-para-tratar-sobre-los-actos-vandalicos\\\/\"]}]},{\"@type\":\"ImageObject\",\"inLanguage\":\"es\",\"@id\":\"https:\\\/\\\/www.caudete.org\\\/ayuntamiento\\\/la-corporacion-es-convocada-a-comision-de-interior-para-tratar-sobre-los-actos-vandalicos\\\/#primaryimage\",\"url\":\"https:\\\/\\\/www.caudete.org\\\/ayuntamiento\\\/wp-content\\\/uploads\\\/2021\\\/01\\\/maria_mar_4.jpg\",\"contentUrl\":\"https:\\\/\\\/www.caudete.org\\\/ayuntamiento\\\/wp-content\\\/uploads\\\/2021\\\/01\\\/maria_mar_4.jpg\",\"width\":620,\"height\":319},{\"@type\":\"BreadcrumbList\",\"@id\":\"https:\\\/\\\/www.caudete.org\\\/ayuntamiento\\\/la-corporacion-es-convocada-a-comision-de-interior-para-tratar-sobre-los-actos-vandalicos\\\/#breadcrumb\",\"itemListElement\":[{\"@type\":\"ListItem\",\"position\":1,\"name\":\"Inicio\",\"item\":\"https:\\\/\\\/www.caudete.org\\\/ayuntamiento\\\/\"},{\"@type\":\"ListItem\",\"position\":2,\"name\":\"La Corporaci\u00f3n es convocada a COMISI\u00d3N DE INTERIOR para tratar sobre los actos v\u00e1ndalicos\"}]},{\"@type\":\"WebSite\",\"@id\":\"https:\\\/\\\/www.caudete.org\\\/ayuntamiento\\\/#website\",\"url\":\"https:\\\/\\\/www.caudete.org\\\/ayuntamiento\\\/\",\"name\":\"MI Ayuntamiento de Caudete\",\"description\":\"P\u00e1gina Oficial del MI Ayuntamiento de Caudete\",\"potentialAction\":[{\"@type\":\"SearchAction\",\"target\":{\"@type\":\"EntryPoint\",\"urlTemplate\":\"https:\\\/\\\/www.caudete.org\\\/ayuntamiento\\\/?s={search_term_string}\"},\"query-input\":{\"@type\":\"PropertyValueSpecification\",\"valueRequired\":true,\"valueName\":\"search_term_string\"}}],\"inLanguage\":\"es\"},{\"@type\":\"Person\",\"@id\":\"https:\\\/\\\/www.caudete.org\\\/ayuntamiento\\\/#\\\/schema\\\/person\\\/cc646da9133078ee4d8dd47457947253\",\"name\":\"alcalde\",\"image\":{\"@type\":\"ImageObject\",\"inLanguage\":\"es\",\"@id\":\"https:\\\/\\\/secure.gravatar.com\\\/avatar\\\/84a817ba065b29ff08d666b215a215f5c79186a645ccb25b14a663d48a130f77?s=96&d=mm&r=g\",\"url\":\"https:\\\/\\\/secure.gravatar.com\\\/avatar\\\/84a817ba065b29ff08d666b215a215f5c79186a645ccb25b14a663d48a130f77?s=96&d=mm&r=g\",\"contentUrl\":\"https:\\\/\\\/secure.gravatar.com\\\/avatar\\\/84a817ba065b29ff08d666b215a215f5c79186a645ccb25b14a663d48a130f77?s=96&d=mm&r=g\",\"caption\":\"alcalde\"},\"url\":\"https:\\\/\\\/www.caudete.org\\\/ayuntamiento\\\/author\\\/alcalde\\\/\"}]}<\/script>\n<!-- \/ Yoast SEO plugin. -->","yoast_head_json":{"title":"La Corporaci\u00f3n es convocada a COMISI\u00d3N DE INTERIOR para tratar sobre los actos v\u00e1ndalicos - MI Ayuntamiento de Caudete","description":"P\u00e1gina Oficial del Ayuntamiento de Caudete (Albacete)","robots":{"index":"index","follow":"follow","max-snippet":"max-snippet:-1","max-image-preview":"max-image-preview:large","max-video-preview":"max-video-preview:-1"},"canonical":"https:\/\/www.caudete.org\/ayuntamiento\/la-corporacion-es-convocada-a-comision-de-interior-para-tratar-sobre-los-actos-vandalicos\/","og_locale":"es_ES","og_type":"article","og_title":"La Corporaci\u00f3n es convocada a COMISI\u00d3N DE INTERIOR para tratar sobre los actos v\u00e1ndalicos - MI Ayuntamiento de Caudete","og_description":"P\u00e1gina Oficial del Ayuntamiento de Caudete (Albacete)","og_url":"https:\/\/www.caudete.org\/ayuntamiento\/la-corporacion-es-convocada-a-comision-de-interior-para-tratar-sobre-los-actos-vandalicos\/","og_site_name":"MI Ayuntamiento de Caudete","article_publisher":"https:\/\/www.facebook.com\/ayuntamientocaudete\/","article_published_time":"2022-03-03T08:01:00+00:00","og_image":[{"width":620,"height":319,"url":"https:\/\/www.caudete.org\/ayuntamiento\/wp-content\/uploads\/2021\/01\/maria_mar_4.jpg","type":"image\/jpeg"}],"author":"alcalde","twitter_card":"summary_large_image","twitter_misc":{"Escrito por":"alcalde"},"schema":{"@context":"https:\/\/schema.org","@graph":[{"@type":"Article","@id":"https:\/\/www.caudete.org\/ayuntamiento\/la-corporacion-es-convocada-a-comision-de-interior-para-tratar-sobre-los-actos-vandalicos\/#article","isPartOf":{"@id":"https:\/\/www.caudete.org\/ayuntamiento\/la-corporacion-es-convocada-a-comision-de-interior-para-tratar-sobre-los-actos-vandalicos\/"},"author":{"name":"alcalde","@id":"https:\/\/www.caudete.org\/ayuntamiento\/#\/schema\/person\/cc646da9133078ee4d8dd47457947253"},"headline":"La Corporaci\u00f3n es convocada a COMISI\u00d3N DE INTERIOR para tratar sobre los actos v\u00e1ndalicos","datePublished":"2022-03-03T08:01:00+00:00","mainEntityOfPage":{"@id":"https:\/\/www.caudete.org\/ayuntamiento\/la-corporacion-es-convocada-a-comision-de-interior-para-tratar-sobre-los-actos-vandalicos\/"},"wordCount":113,"image":{"@id":"https:\/\/www.caudete.org\/ayuntamiento\/la-corporacion-es-convocada-a-comision-de-interior-para-tratar-sobre-los-actos-vandalicos\/#primaryimage"},"thumbnailUrl":"https:\/\/www.caudete.org\/ayuntamiento\/wp-content\/uploads\/2021\/01\/maria_mar_4.jpg","articleSection":["Interior"],"inLanguage":"es"},{"@type":"WebPage","@id":"https:\/\/www.caudete.org\/ayuntamiento\/la-corporacion-es-convocada-a-comision-de-interior-para-tratar-sobre-los-actos-vandalicos\/","url":"https:\/\/www.caudete.org\/ayuntamiento\/la-corporacion-es-convocada-a-comision-de-interior-para-tratar-sobre-los-actos-vandalicos\/","name":"La Corporaci\u00f3n es convocada a COMISI\u00d3N DE INTERIOR para tratar sobre los actos v\u00e1ndalicos - MI Ayuntamiento de Caudete","isPartOf":{"@id":"https:\/\/www.caudete.org\/ayuntamiento\/#website"},"primaryImageOfPage":{"@id":"https:\/\/www.caudete.org\/ayuntamiento\/la-corporacion-es-convocada-a-comision-de-interior-para-tratar-sobre-los-actos-vandalicos\/#primaryimage"},"image":{"@id":"https:\/\/www.caudete.org\/ayuntamiento\/la-corporacion-es-convocada-a-comision-de-interior-para-tratar-sobre-los-actos-vandalicos\/#primaryimage"},"thumbnailUrl":"https:\/\/www.caudete.org\/ayuntamiento\/wp-content\/uploads\/2021\/01\/maria_mar_4.jpg","datePublished":"2022-03-03T08:01:00+00:00","author":{"@id":"https:\/\/www.caudete.org\/ayuntamiento\/#\/schema\/person\/cc646da9133078ee4d8dd47457947253"},"description":"P\u00e1gina Oficial del Ayuntamiento de Caudete (Albacete)","breadcrumb":{"@id":"https:\/\/www.caudete.org\/ayuntamiento\/la-corporacion-es-convocada-a-comision-de-interior-para-tratar-sobre-los-actos-vandalicos\/#breadcrumb"},"inLanguage":"es","potentialAction":[{"@type":"ReadAction","target":["https:\/\/www.caudete.org\/ayuntamiento\/la-corporacion-es-convocada-a-comision-de-interior-para-tratar-sobre-los-actos-vandalicos\/"]}]},{"@type":"ImageObject","inLanguage":"es","@id":"https:\/\/www.caudete.org\/ayuntamiento\/la-corporacion-es-convocada-a-comision-de-interior-para-tratar-sobre-los-actos-vandalicos\/#primaryimage","url":"https:\/\/www.caudete.org\/ayuntamiento\/wp-content\/uploads\/2021\/01\/maria_mar_4.jpg","contentUrl":"https:\/\/www.caudete.org\/ayuntamiento\/wp-content\/uploads\/2021\/01\/maria_mar_4.jpg","width":620,"height":319},{"@type":"BreadcrumbList","@id":"https:\/\/www.caudete.org\/ayuntamiento\/la-corporacion-es-convocada-a-comision-de-interior-para-tratar-sobre-los-actos-vandalicos\/#breadcrumb","itemListElement":[{"@type":"ListItem","position":1,"name":"Inicio","item":"https:\/\/www.caudete.org\/ayuntamiento\/"},{"@type":"ListItem","position":2,"name":"La Corporaci\u00f3n es convocada a COMISI\u00d3N DE INTERIOR para tratar sobre los actos v\u00e1ndalicos"}]},{"@type":"WebSite","@id":"https:\/\/www.caudete.org\/ayuntamiento\/#website","url":"https:\/\/www.caudete.org\/ayuntamiento\/","name":"MI Ayuntamiento de Caudete","description":"P\u00e1gina Oficial del MI Ayuntamiento de Caudete","potentialAction":[{"@type":"SearchAction","target":{"@type":"EntryPoint","urlTemplate":"https:\/\/www.caudete.org\/ayuntamiento\/?s={search_term_string}"},"query-input":{"@type":"PropertyValueSpecification","valueRequired":true,"valueName":"search_term_string"}}],"inLanguage":"es"},{"@type":"Person","@id":"https:\/\/www.caudete.org\/ayuntamiento\/#\/schema\/person\/cc646da9133078ee4d8dd47457947253","name":"alcalde","image":{"@type":"ImageObject","inLanguage":"es","@id":"https:\/\/secure.gravatar.com\/avatar\/84a817ba065b29ff08d666b215a215f5c79186a645ccb25b14a663d48a130f77?s=96&d=mm&r=g","url":"https:\/\/secure.gravatar.com\/avatar\/84a817ba065b29ff08d666b215a215f5c79186a645ccb25b14a663d48a130f77?s=96&d=mm&r=g","contentUrl":"https:\/\/secure.gravatar.com\/avatar\/84a817ba065b29ff08d666b215a215f5c79186a645ccb25b14a663d48a130f77?s=96&d=mm&r=g","caption":"alcalde"},"url":"https:\/\/www.caudete.org\/ayuntamiento\/author\/alcalde\/"}]}},"_links":{"self":[{"href":"https:\/\/www.caudete.org\/ayuntamiento\/wp-json\/wp\/v2\/posts\/18359","targetHints":{"allow":["GET"]}}],"collection":[{"href":"https:\/\/www.caudete.org\/ayuntamiento\/wp-json\/wp\/v2\/posts"}],"about":[{"href":"https:\/\/www.caudete.org\/ayuntamiento\/wp-json\/wp\/v2\/types\/post"}],"author":[{"embeddable":true,"href":"https:\/\/www.caudete.org\/ayuntamiento\/wp-json\/wp\/v2\/users\/3"}],"replies":[{"embeddable":true,"href":"https:\/\/www.caudete.org\/ayuntamiento\/wp-json\/wp\/v2\/comments?post=18359"}],"version-history":[{"count":1,"href":"https:\/\/www.caudete.org\/ayuntamiento\/wp-json\/wp\/v2\/posts\/18359\/revisions"}],"predecessor-version":[{"id":18360,"href":"https:\/\/www.caudete.org\/ayuntamiento\/wp-json\/wp\/v2\/posts\/18359\/revisions\/18360"}],"wp:featuredmedia":[{"embeddable":true,"href":"https:\/\/www.caudete.org\/ayuntamiento\/wp-json\/wp\/v2\/media\/11413"}],"wp:attachment":[{"href":"https:\/\/www.caudete.org\/ayuntamiento\/wp-json\/wp\/v2\/media?parent=18359"}],"wp:term":[{"taxonomy":"category","embeddable":true,"href":"https:\/\/www.caudete.org\/ayuntamiento\/wp-json\/wp\/v2\/categories?post=18359"},{"taxonomy":"post_tag","embeddable":true,"href":"https:\/\/www.caudete.org\/ayuntamiento\/wp-json\/wp\/v2\/tags?post=18359"}],"curies":[{"name":"wp","href":"https:\/\/api.w.org\/{rel}","templated":true}]}}