{"id":18375,"date":"2022-03-04T12:57:56","date_gmt":"2022-03-04T11:57:56","guid":{"rendered":"https:\/\/www.caudete.org\/ayuntamiento\/?p=18375"},"modified":"2022-03-04T20:21:38","modified_gmt":"2022-03-04T19:21:38","slug":"actividades-dia-internacional-de-las-mujeres-caudete-marzo-2022","status":"publish","type":"post","link":"https:\/\/www.caudete.org\/ayuntamiento\/actividades-dia-internacional-de-las-mujeres-caudete-marzo-2022\/","title":{"rendered":"ACTIVIDADES:\u00a0 D\u00eda Internacional de las Mujeres.  Caudete marzo 2022"},"content":{"rendered":"<p><span style=\"text-decoration: underline;\"><span style=\"font-size: 14pt;\"><strong>3 de marzo<\/strong><\/span><\/span><\/p>\n<p><strong>CHARLA \u201cLA MUJER Y SU CUERPO FEMENINO, a cargo de Maril\u00f3 S\u00e1nchez Pastor.<\/strong><\/p>\n<p>Organizada por Asociaci\u00f3n Mujeres de Santa B\u00e1rbara.<\/p>\n<p>Centro Social Vicente Lillo. 16.30 h.<\/p>\n<p>&nbsp;<\/p>\n<p><span style=\"text-decoration: underline;\"><span style=\"font-size: 14pt;\"><strong>3 de marzo<\/strong><\/span><\/span><\/p>\n<p><strong>TALLER <\/strong>con alumnado de 5.\u00ba de primaria<strong> \u201cPONTE LAS GAFAS DE G\u00c9NERO.<\/strong><\/p>\n<p><strong>ROMPIENDO ESTEREOTIPOS<\/strong>\u201d, a cargo de Sonia Hidalgo Peinado.<\/p>\n<p><strong>VIII Concurso de lemas por la <\/strong>igualdad con alumnado de 5.\u00ba de primaria<strong>.<\/strong><\/p>\n<p>Colegios de Caudete<\/p>\n<p><strong>\u00a0<\/strong><\/p>\n<p><span style=\"text-decoration: underline;\"><span style=\"font-size: 14pt;\"><strong>6 marzo<\/strong><\/span><\/span><\/p>\n<p><strong>PROYECTO ART\u00cdSTICO C\u00cdRCULO DE MUJERES<\/strong><\/p>\n<p>11.00 h.<strong> EXPOSICI\u00d3N DE OBRAS.<\/strong><\/p>\n<p>Continuar\u00e1n expuestas del 7 al 13 de marzo<\/p>\n<p>11.30 h.<strong> CUENTA CUENTOS INFANTIL, <\/strong>disposici\u00f3n de punto violeta de lectura.<\/p>\n<p>12.00 h.<strong> DIVERSAS ACTIVIDADES PARA NI\u00d1OS Y NI\u00d1AS.<\/strong><\/p>\n<p>13.00 h.<strong> Lectura de manifiesto y micro abierto.<\/strong><\/p>\n<p>Organizado por Asociaci\u00f3n feminista Miradas Violetas.<\/p>\n<p><strong>\u00a0<\/strong><\/p>\n<p><span style=\"text-decoration: underline;\"><span style=\"font-size: 14pt;\"><strong>7 marzo<\/strong><\/span><\/span><\/p>\n<p><strong>JORNADA PARA PROFESIONALES<\/strong><\/p>\n<p><strong>\u201cLA PROTECCI\u00d3N DE LOS NI\u00d1OS Y NI\u00d1AS FRENTE A LA VIOLENCIA DE G\u00c9NERO<\/strong><\/p>\n<p>a la luz de la L.O. 8\/2021\u201d, a cargo de la jueza <strong>Cira Garc\u00eda Dom\u00ednguez<\/strong>.<\/p>\n<p>Centro Social Vicente Lillo.<\/p>\n<p>9.30 &#8211; 14.30 h.<\/p>\n<p>&nbsp;<\/p>\n<p><span style=\"text-decoration: underline;\"><span style=\"font-size: 14pt;\"><strong>8 marzo<\/strong><\/span><\/span><\/p>\n<p>19.30 h<strong>. MINUTO DE RUIDO. <\/strong>Plaza Centro Social Vicente Lillo.<\/p>\n<p>20.00 h<strong>. PROYECCI\u00d3N DEL CORTO \u201cQU\u00c9 CO\u00d1O EST\u00c1 PASANDO?\u201d<\/strong><\/p>\n<p><strong>de Marta Jaenes y Rosa Marquez. <\/strong>Sala proyecciones centro de mayores.<\/p>\n<p>Organizado por Asociaci\u00f3n feminista Miradas Violetas.<\/p>\n<p>&nbsp;<\/p>\n<p><span style=\"text-decoration: underline;\"><span style=\"font-size: 14pt;\"><strong>10 marzo<\/strong><\/span><\/span><\/p>\n<p>14.30 h.<\/p>\n<p>16.30 h.<\/p>\n<p><strong>ENCUENTRO DE MUJERES<\/strong><\/p>\n<p><strong>HOMENAJE A UNA MUJER CAUDETANA<\/strong><\/p>\n<p>17.00 h<strong>.\u00a0 LECTURA DE MANIFIESTO INSTITUCIONAL.<\/strong><\/p>\n<p>Restaurante Estela<\/p>\n<p>A continuaci\u00f3n inauguraci\u00f3n de la Plaza sita en el Centro Social Vicente Lillo.<\/p>\n<p><strong>\u00a0<\/strong><\/p>\n<p><span style=\"font-size: 14pt;\"><strong>Del 10 al 13 de marzo<\/strong><\/span><\/p>\n<p><strong>EXPOSICI\u00d3N DE MANDALAS DE ALBERTO PUCHE.<\/strong><\/p>\n<p>Organizada por Asociaci\u00f3n. Mujeres de Santa B\u00e1rbara.<\/p>\n<p>Centro Social Vicente Lillo.<\/p>\n<p>&nbsp;<\/p>\n<p>&nbsp;<\/p>\n<p><span style=\"font-size: 18pt;\"><strong>VII Concurso de lemas por la igualdad (marzo 2021)<\/strong><\/span><\/p>\n<p><strong>\u00a0<\/strong><\/p>\n<p><strong>COLEGIO \u201cGLORIA FUERTES\u201d<\/strong><\/p>\n<p><strong>Lema ganador:<\/strong><\/p>\n<p>\u201cQue las ni\u00f1as vuelen alto, sin piedras en los zapatos\u201d<\/p>\n<p><strong>Autora: Victoria Pag\u00e1n Requena<\/strong><\/p>\n<p>&nbsp;<\/p>\n<p><strong>COLEGIO \u201cALC\u00c1ZAR Y SERRANO\u201d <\/strong><\/p>\n<p><strong>Lema ganador:<\/strong><\/p>\n<p>\u201cPor ser ni\u00f1o o ni\u00f1a no te debas preocupar, t\u00fa eres quien decide con qu\u00e9 quieres jugar\u201d<\/p>\n<p><strong>Autora: Sara Parra S\u00e1nchez<\/strong><\/p>\n<p>&nbsp;<\/p>\n<p><strong>COLEGIO \u201cAMOR DE DIOS\u201d<\/strong><\/p>\n<p><strong>Lema ganador:<\/strong><\/p>\n<p>\u201cConseguir la meta depende de tu actitud y tu esfuerzo, no de tu g\u00e9nero\u201d<\/p>\n<p><strong>Autora: Blanca Solera Herrero<\/strong><\/p>\n<p>&nbsp;<\/p>\n<p><strong>COLEGIO \u201cEL PASEO\u201d<\/strong><\/p>\n<p><strong>Lema ganador:<\/strong><\/p>\n<p>\u201cNuestros cuerpos no pueden ser iguales pero s\u00ed nuestros derechos y obligaciones\u201d<\/p>\n<p><strong>Autora: Stella Pastor Soriano.<\/strong><\/p>\n<p>&nbsp;<\/p>\n<p><a href=\"https:\/\/www.caudete.org\/ayuntamiento\/wp-content\/uploads\/2022\/03\/carteles-activ-8M-2022_001-scaled.jpg\" rel='prettyPhoto'><img fetchpriority=\"high\" decoding=\"async\" class=\"aligncenter wp-image-18379 \" src=\"https:\/\/www.caudete.org\/ayuntamiento\/wp-content\/uploads\/2022\/03\/carteles-activ-8M-2022_001-212x300.jpg\" alt=\"\" width=\"562\" height=\"795\" srcset=\"https:\/\/www.caudete.org\/ayuntamiento\/wp-content\/uploads\/2022\/03\/carteles-activ-8M-2022_001-212x300.jpg 212w, https:\/\/www.caudete.org\/ayuntamiento\/wp-content\/uploads\/2022\/03\/carteles-activ-8M-2022_001-724x1024.jpg 724w, https:\/\/www.caudete.org\/ayuntamiento\/wp-content\/uploads\/2022\/03\/carteles-activ-8M-2022_001-768x1087.jpg 768w, https:\/\/www.caudete.org\/ayuntamiento\/wp-content\/uploads\/2022\/03\/carteles-activ-8M-2022_001-1085x1536.jpg 1085w, https:\/\/www.caudete.org\/ayuntamiento\/wp-content\/uploads\/2022\/03\/carteles-activ-8M-2022_001-1447x2048.jpg 1447w, https:\/\/www.caudete.org\/ayuntamiento\/wp-content\/uploads\/2022\/03\/carteles-activ-8M-2022_001-scaled.jpg 1809w\" sizes=\"(max-width: 562px) 100vw, 562px\" \/><\/a><\/p>\n<p><a href=\"https:\/\/www.caudete.org\/ayuntamiento\/wp-content\/uploads\/2022\/03\/carteles-activ-8M-2022_002-scaled.jpg\" rel='prettyPhoto'><img decoding=\"async\" class=\"aligncenter wp-image-18380 \" src=\"https:\/\/www.caudete.org\/ayuntamiento\/wp-content\/uploads\/2022\/03\/carteles-activ-8M-2022_002-212x300.jpg\" alt=\"\" width=\"563\" height=\"797\" srcset=\"https:\/\/www.caudete.org\/ayuntamiento\/wp-content\/uploads\/2022\/03\/carteles-activ-8M-2022_002-212x300.jpg 212w, https:\/\/www.caudete.org\/ayuntamiento\/wp-content\/uploads\/2022\/03\/carteles-activ-8M-2022_002-724x1024.jpg 724w, https:\/\/www.caudete.org\/ayuntamiento\/wp-content\/uploads\/2022\/03\/carteles-activ-8M-2022_002-768x1087.jpg 768w, https:\/\/www.caudete.org\/ayuntamiento\/wp-content\/uploads\/2022\/03\/carteles-activ-8M-2022_002-1085x1536.jpg 1085w, https:\/\/www.caudete.org\/ayuntamiento\/wp-content\/uploads\/2022\/03\/carteles-activ-8M-2022_002-1447x2048.jpg 1447w, https:\/\/www.caudete.org\/ayuntamiento\/wp-content\/uploads\/2022\/03\/carteles-activ-8M-2022_002-scaled.jpg 1809w\" sizes=\"(max-width: 563px) 100vw, 563px\" \/><\/a><\/p>\n<p>&nbsp;<\/p>\n","protected":false},"excerpt":{"rendered":"<p>3 de marzo CHARLA \u201cLA MUJER Y SU CUERPO FEMENINO, a cargo de Maril\u00f3 S\u00e1nchez Pastor. Organizada por Asociaci\u00f3n Mujeres de Santa B\u00e1rbara. Centro Social Vicente Lillo. 16.30 h. &nbsp; 3 de marzo TALLER con alumnado de 5.\u00ba de primaria \u201cPONTE LAS GAFAS DE G\u00c9NERO. ROMPIENDO ESTEREOTIPOS\u201d, a cargo de Sonia Hidalgo Peinado. VIII Concurso &hellip;<\/p>\n","protected":false},"author":2,"featured_media":18381,"comment_status":"closed","ping_status":"open","sticky":false,"template":"","format":"standard","meta":{"ngg_post_thumbnail":0,"footnotes":""},"categories":[522],"tags":[],"class_list":["post-18375","post","type-post","status-publish","format-standard","has-post-thumbnail","hentry","category-igualdad"],"yoast_head":"<!-- This site is optimized with the Yoast SEO plugin v27.5 - https:\/\/yoast.com\/product\/yoast-seo-wordpress\/ -->\n<title>ACTIVIDADES:\u00a0 D\u00eda Internacional de las Mujeres. Caudete marzo 2022 - MI Ayuntamiento de Caudete<\/title>\n<meta name=\"description\" content=\"P\u00e1gina Oficial del Ayuntamiento de Caudete (Albacete)\" \/>\n<meta name=\"robots\" content=\"index, follow, max-snippet:-1, max-image-preview:large, max-video-preview:-1\" \/>\n<link rel=\"canonical\" href=\"https:\/\/www.caudete.org\/ayuntamiento\/actividades-dia-internacional-de-las-mujeres-caudete-marzo-2022\/\" \/>\n<meta property=\"og:locale\" content=\"es_ES\" \/>\n<meta property=\"og:type\" content=\"article\" \/>\n<meta property=\"og:title\" content=\"ACTIVIDADES:\u00a0 D\u00eda Internacional de las Mujeres. Caudete marzo 2022 - MI Ayuntamiento de Caudete\" \/>\n<meta property=\"og:description\" content=\"P\u00e1gina Oficial del Ayuntamiento de Caudete (Albacete)\" \/>\n<meta property=\"og:url\" content=\"https:\/\/www.caudete.org\/ayuntamiento\/actividades-dia-internacional-de-las-mujeres-caudete-marzo-2022\/\" \/>\n<meta property=\"og:site_name\" content=\"MI Ayuntamiento de Caudete\" \/>\n<meta property=\"article:publisher\" content=\"https:\/\/www.facebook.com\/ayuntamientocaudete\/\" \/>\n<meta property=\"article:published_time\" content=\"2022-03-04T11:57:56+00:00\" \/>\n<meta property=\"article:modified_time\" content=\"2022-03-04T19:21:38+00:00\" \/>\n<meta property=\"og:image\" content=\"https:\/\/www.caudete.org\/ayuntamiento\/wp-content\/uploads\/2022\/03\/Dia-Internacional-de-las-Mujeres-WEB.jpg\" \/>\n\t<meta property=\"og:image:width\" content=\"864\" \/>\n\t<meta property=\"og:image:height\" content=\"380\" \/>\n\t<meta property=\"og:image:type\" content=\"image\/jpeg\" \/>\n<meta name=\"author\" content=\"Juan\" \/>\n<meta name=\"twitter:card\" content=\"summary_large_image\" \/>\n<meta name=\"twitter:label1\" content=\"Escrito por\" \/>\n\t<meta name=\"twitter:data1\" content=\"Juan\" \/>\n\t<meta name=\"twitter:label2\" content=\"Tiempo de lectura\" \/>\n\t<meta name=\"twitter:data2\" content=\"3 minutos\" \/>\n<script type=\"application\/ld+json\" class=\"yoast-schema-graph\">{\"@context\":\"https:\\\/\\\/schema.org\",\"@graph\":[{\"@type\":\"Article\",\"@id\":\"https:\\\/\\\/www.caudete.org\\\/ayuntamiento\\\/actividades-dia-internacional-de-las-mujeres-caudete-marzo-2022\\\/#article\",\"isPartOf\":{\"@id\":\"https:\\\/\\\/www.caudete.org\\\/ayuntamiento\\\/actividades-dia-internacional-de-las-mujeres-caudete-marzo-2022\\\/\"},\"author\":{\"name\":\"Juan\",\"@id\":\"https:\\\/\\\/www.caudete.org\\\/ayuntamiento\\\/#\\\/schema\\\/person\\\/7656a5bb58fca95b9814e940de0fda63\"},\"headline\":\"ACTIVIDADES:\u00a0 D\u00eda Internacional de las Mujeres. Caudete marzo 2022\",\"datePublished\":\"2022-03-04T11:57:56+00:00\",\"dateModified\":\"2022-03-04T19:21:38+00:00\",\"mainEntityOfPage\":{\"@id\":\"https:\\\/\\\/www.caudete.org\\\/ayuntamiento\\\/actividades-dia-internacional-de-las-mujeres-caudete-marzo-2022\\\/\"},\"wordCount\":385,\"image\":{\"@id\":\"https:\\\/\\\/www.caudete.org\\\/ayuntamiento\\\/actividades-dia-internacional-de-las-mujeres-caudete-marzo-2022\\\/#primaryimage\"},\"thumbnailUrl\":\"https:\\\/\\\/www.caudete.org\\\/ayuntamiento\\\/wp-content\\\/uploads\\\/2022\\\/03\\\/Dia-Internacional-de-las-Mujeres-WEB.jpg\",\"articleSection\":[\"Igualdad\"],\"inLanguage\":\"es\"},{\"@type\":\"WebPage\",\"@id\":\"https:\\\/\\\/www.caudete.org\\\/ayuntamiento\\\/actividades-dia-internacional-de-las-mujeres-caudete-marzo-2022\\\/\",\"url\":\"https:\\\/\\\/www.caudete.org\\\/ayuntamiento\\\/actividades-dia-internacional-de-las-mujeres-caudete-marzo-2022\\\/\",\"name\":\"ACTIVIDADES:\u00a0 D\u00eda Internacional de las Mujeres. Caudete marzo 2022 - MI Ayuntamiento de Caudete\",\"isPartOf\":{\"@id\":\"https:\\\/\\\/www.caudete.org\\\/ayuntamiento\\\/#website\"},\"primaryImageOfPage\":{\"@id\":\"https:\\\/\\\/www.caudete.org\\\/ayuntamiento\\\/actividades-dia-internacional-de-las-mujeres-caudete-marzo-2022\\\/#primaryimage\"},\"image\":{\"@id\":\"https:\\\/\\\/www.caudete.org\\\/ayuntamiento\\\/actividades-dia-internacional-de-las-mujeres-caudete-marzo-2022\\\/#primaryimage\"},\"thumbnailUrl\":\"https:\\\/\\\/www.caudete.org\\\/ayuntamiento\\\/wp-content\\\/uploads\\\/2022\\\/03\\\/Dia-Internacional-de-las-Mujeres-WEB.jpg\",\"datePublished\":\"2022-03-04T11:57:56+00:00\",\"dateModified\":\"2022-03-04T19:21:38+00:00\",\"author\":{\"@id\":\"https:\\\/\\\/www.caudete.org\\\/ayuntamiento\\\/#\\\/schema\\\/person\\\/7656a5bb58fca95b9814e940de0fda63\"},\"description\":\"P\u00e1gina Oficial del Ayuntamiento de Caudete (Albacete)\",\"breadcrumb\":{\"@id\":\"https:\\\/\\\/www.caudete.org\\\/ayuntamiento\\\/actividades-dia-internacional-de-las-mujeres-caudete-marzo-2022\\\/#breadcrumb\"},\"inLanguage\":\"es\",\"potentialAction\":[{\"@type\":\"ReadAction\",\"target\":[\"https:\\\/\\\/www.caudete.org\\\/ayuntamiento\\\/actividades-dia-internacional-de-las-mujeres-caudete-marzo-2022\\\/\"]}]},{\"@type\":\"ImageObject\",\"inLanguage\":\"es\",\"@id\":\"https:\\\/\\\/www.caudete.org\\\/ayuntamiento\\\/actividades-dia-internacional-de-las-mujeres-caudete-marzo-2022\\\/#primaryimage\",\"url\":\"https:\\\/\\\/www.caudete.org\\\/ayuntamiento\\\/wp-content\\\/uploads\\\/2022\\\/03\\\/Dia-Internacional-de-las-Mujeres-WEB.jpg\",\"contentUrl\":\"https:\\\/\\\/www.caudete.org\\\/ayuntamiento\\\/wp-content\\\/uploads\\\/2022\\\/03\\\/Dia-Internacional-de-las-Mujeres-WEB.jpg\",\"width\":864,\"height\":380},{\"@type\":\"BreadcrumbList\",\"@id\":\"https:\\\/\\\/www.caudete.org\\\/ayuntamiento\\\/actividades-dia-internacional-de-las-mujeres-caudete-marzo-2022\\\/#breadcrumb\",\"itemListElement\":[{\"@type\":\"ListItem\",\"position\":1,\"name\":\"Inicio\",\"item\":\"https:\\\/\\\/www.caudete.org\\\/ayuntamiento\\\/\"},{\"@type\":\"ListItem\",\"position\":2,\"name\":\"ACTIVIDADES:\u00a0 D\u00eda Internacional de las Mujeres. Caudete marzo 2022\"}]},{\"@type\":\"WebSite\",\"@id\":\"https:\\\/\\\/www.caudete.org\\\/ayuntamiento\\\/#website\",\"url\":\"https:\\\/\\\/www.caudete.org\\\/ayuntamiento\\\/\",\"name\":\"MI Ayuntamiento de Caudete\",\"description\":\"P\u00e1gina Oficial del MI Ayuntamiento de Caudete\",\"potentialAction\":[{\"@type\":\"SearchAction\",\"target\":{\"@type\":\"EntryPoint\",\"urlTemplate\":\"https:\\\/\\\/www.caudete.org\\\/ayuntamiento\\\/?s={search_term_string}\"},\"query-input\":{\"@type\":\"PropertyValueSpecification\",\"valueRequired\":true,\"valueName\":\"search_term_string\"}}],\"inLanguage\":\"es\"},{\"@type\":\"Person\",\"@id\":\"https:\\\/\\\/www.caudete.org\\\/ayuntamiento\\\/#\\\/schema\\\/person\\\/7656a5bb58fca95b9814e940de0fda63\",\"name\":\"Juan\",\"image\":{\"@type\":\"ImageObject\",\"inLanguage\":\"es\",\"@id\":\"https:\\\/\\\/secure.gravatar.com\\\/avatar\\\/dd53e51c0cd6ab23f52d4f3e4f1c59730240727763de3dbbf26750b079a2c292?s=96&d=mm&r=g\",\"url\":\"https:\\\/\\\/secure.gravatar.com\\\/avatar\\\/dd53e51c0cd6ab23f52d4f3e4f1c59730240727763de3dbbf26750b079a2c292?s=96&d=mm&r=g\",\"contentUrl\":\"https:\\\/\\\/secure.gravatar.com\\\/avatar\\\/dd53e51c0cd6ab23f52d4f3e4f1c59730240727763de3dbbf26750b079a2c292?s=96&d=mm&r=g\",\"caption\":\"Juan\"},\"url\":\"https:\\\/\\\/www.caudete.org\\\/ayuntamiento\\\/author\\\/centrodeinternet\\\/\"}]}<\/script>\n<!-- \/ Yoast SEO plugin. -->","yoast_head_json":{"title":"ACTIVIDADES:\u00a0 D\u00eda Internacional de las Mujeres. Caudete marzo 2022 - MI Ayuntamiento de Caudete","description":"P\u00e1gina Oficial del Ayuntamiento de Caudete (Albacete)","robots":{"index":"index","follow":"follow","max-snippet":"max-snippet:-1","max-image-preview":"max-image-preview:large","max-video-preview":"max-video-preview:-1"},"canonical":"https:\/\/www.caudete.org\/ayuntamiento\/actividades-dia-internacional-de-las-mujeres-caudete-marzo-2022\/","og_locale":"es_ES","og_type":"article","og_title":"ACTIVIDADES:\u00a0 D\u00eda Internacional de las Mujeres. Caudete marzo 2022 - MI Ayuntamiento de Caudete","og_description":"P\u00e1gina Oficial del Ayuntamiento de Caudete (Albacete)","og_url":"https:\/\/www.caudete.org\/ayuntamiento\/actividades-dia-internacional-de-las-mujeres-caudete-marzo-2022\/","og_site_name":"MI Ayuntamiento de Caudete","article_publisher":"https:\/\/www.facebook.com\/ayuntamientocaudete\/","article_published_time":"2022-03-04T11:57:56+00:00","article_modified_time":"2022-03-04T19:21:38+00:00","og_image":[{"width":864,"height":380,"url":"https:\/\/www.caudete.org\/ayuntamiento\/wp-content\/uploads\/2022\/03\/Dia-Internacional-de-las-Mujeres-WEB.jpg","type":"image\/jpeg"}],"author":"Juan","twitter_card":"summary_large_image","twitter_misc":{"Escrito por":"Juan","Tiempo de lectura":"3 minutos"},"schema":{"@context":"https:\/\/schema.org","@graph":[{"@type":"Article","@id":"https:\/\/www.caudete.org\/ayuntamiento\/actividades-dia-internacional-de-las-mujeres-caudete-marzo-2022\/#article","isPartOf":{"@id":"https:\/\/www.caudete.org\/ayuntamiento\/actividades-dia-internacional-de-las-mujeres-caudete-marzo-2022\/"},"author":{"name":"Juan","@id":"https:\/\/www.caudete.org\/ayuntamiento\/#\/schema\/person\/7656a5bb58fca95b9814e940de0fda63"},"headline":"ACTIVIDADES:\u00a0 D\u00eda Internacional de las Mujeres. Caudete marzo 2022","datePublished":"2022-03-04T11:57:56+00:00","dateModified":"2022-03-04T19:21:38+00:00","mainEntityOfPage":{"@id":"https:\/\/www.caudete.org\/ayuntamiento\/actividades-dia-internacional-de-las-mujeres-caudete-marzo-2022\/"},"wordCount":385,"image":{"@id":"https:\/\/www.caudete.org\/ayuntamiento\/actividades-dia-internacional-de-las-mujeres-caudete-marzo-2022\/#primaryimage"},"thumbnailUrl":"https:\/\/www.caudete.org\/ayuntamiento\/wp-content\/uploads\/2022\/03\/Dia-Internacional-de-las-Mujeres-WEB.jpg","articleSection":["Igualdad"],"inLanguage":"es"},{"@type":"WebPage","@id":"https:\/\/www.caudete.org\/ayuntamiento\/actividades-dia-internacional-de-las-mujeres-caudete-marzo-2022\/","url":"https:\/\/www.caudete.org\/ayuntamiento\/actividades-dia-internacional-de-las-mujeres-caudete-marzo-2022\/","name":"ACTIVIDADES:\u00a0 D\u00eda Internacional de las Mujeres. Caudete marzo 2022 - MI Ayuntamiento de Caudete","isPartOf":{"@id":"https:\/\/www.caudete.org\/ayuntamiento\/#website"},"primaryImageOfPage":{"@id":"https:\/\/www.caudete.org\/ayuntamiento\/actividades-dia-internacional-de-las-mujeres-caudete-marzo-2022\/#primaryimage"},"image":{"@id":"https:\/\/www.caudete.org\/ayuntamiento\/actividades-dia-internacional-de-las-mujeres-caudete-marzo-2022\/#primaryimage"},"thumbnailUrl":"https:\/\/www.caudete.org\/ayuntamiento\/wp-content\/uploads\/2022\/03\/Dia-Internacional-de-las-Mujeres-WEB.jpg","datePublished":"2022-03-04T11:57:56+00:00","dateModified":"2022-03-04T19:21:38+00:00","author":{"@id":"https:\/\/www.caudete.org\/ayuntamiento\/#\/schema\/person\/7656a5bb58fca95b9814e940de0fda63"},"description":"P\u00e1gina Oficial del Ayuntamiento de Caudete (Albacete)","breadcrumb":{"@id":"https:\/\/www.caudete.org\/ayuntamiento\/actividades-dia-internacional-de-las-mujeres-caudete-marzo-2022\/#breadcrumb"},"inLanguage":"es","potentialAction":[{"@type":"ReadAction","target":["https:\/\/www.caudete.org\/ayuntamiento\/actividades-dia-internacional-de-las-mujeres-caudete-marzo-2022\/"]}]},{"@type":"ImageObject","inLanguage":"es","@id":"https:\/\/www.caudete.org\/ayuntamiento\/actividades-dia-internacional-de-las-mujeres-caudete-marzo-2022\/#primaryimage","url":"https:\/\/www.caudete.org\/ayuntamiento\/wp-content\/uploads\/2022\/03\/Dia-Internacional-de-las-Mujeres-WEB.jpg","contentUrl":"https:\/\/www.caudete.org\/ayuntamiento\/wp-content\/uploads\/2022\/03\/Dia-Internacional-de-las-Mujeres-WEB.jpg","width":864,"height":380},{"@type":"BreadcrumbList","@id":"https:\/\/www.caudete.org\/ayuntamiento\/actividades-dia-internacional-de-las-mujeres-caudete-marzo-2022\/#breadcrumb","itemListElement":[{"@type":"ListItem","position":1,"name":"Inicio","item":"https:\/\/www.caudete.org\/ayuntamiento\/"},{"@type":"ListItem","position":2,"name":"ACTIVIDADES:\u00a0 D\u00eda Internacional de las Mujeres. Caudete marzo 2022"}]},{"@type":"WebSite","@id":"https:\/\/www.caudete.org\/ayuntamiento\/#website","url":"https:\/\/www.caudete.org\/ayuntamiento\/","name":"MI Ayuntamiento de Caudete","description":"P\u00e1gina Oficial del MI Ayuntamiento de Caudete","potentialAction":[{"@type":"SearchAction","target":{"@type":"EntryPoint","urlTemplate":"https:\/\/www.caudete.org\/ayuntamiento\/?s={search_term_string}"},"query-input":{"@type":"PropertyValueSpecification","valueRequired":true,"valueName":"search_term_string"}}],"inLanguage":"es"},{"@type":"Person","@id":"https:\/\/www.caudete.org\/ayuntamiento\/#\/schema\/person\/7656a5bb58fca95b9814e940de0fda63","name":"Juan","image":{"@type":"ImageObject","inLanguage":"es","@id":"https:\/\/secure.gravatar.com\/avatar\/dd53e51c0cd6ab23f52d4f3e4f1c59730240727763de3dbbf26750b079a2c292?s=96&d=mm&r=g","url":"https:\/\/secure.gravatar.com\/avatar\/dd53e51c0cd6ab23f52d4f3e4f1c59730240727763de3dbbf26750b079a2c292?s=96&d=mm&r=g","contentUrl":"https:\/\/secure.gravatar.com\/avatar\/dd53e51c0cd6ab23f52d4f3e4f1c59730240727763de3dbbf26750b079a2c292?s=96&d=mm&r=g","caption":"Juan"},"url":"https:\/\/www.caudete.org\/ayuntamiento\/author\/centrodeinternet\/"}]}},"_links":{"self":[{"href":"https:\/\/www.caudete.org\/ayuntamiento\/wp-json\/wp\/v2\/posts\/18375","targetHints":{"allow":["GET"]}}],"collection":[{"href":"https:\/\/www.caudete.org\/ayuntamiento\/wp-json\/wp\/v2\/posts"}],"about":[{"href":"https:\/\/www.caudete.org\/ayuntamiento\/wp-json\/wp\/v2\/types\/post"}],"author":[{"embeddable":true,"href":"https:\/\/www.caudete.org\/ayuntamiento\/wp-json\/wp\/v2\/users\/2"}],"replies":[{"embeddable":true,"href":"https:\/\/www.caudete.org\/ayuntamiento\/wp-json\/wp\/v2\/comments?post=18375"}],"version-history":[{"count":9,"href":"https:\/\/www.caudete.org\/ayuntamiento\/wp-json\/wp\/v2\/posts\/18375\/revisions"}],"predecessor-version":[{"id":18388,"href":"https:\/\/www.caudete.org\/ayuntamiento\/wp-json\/wp\/v2\/posts\/18375\/revisions\/18388"}],"wp:featuredmedia":[{"embeddable":true,"href":"https:\/\/www.caudete.org\/ayuntamiento\/wp-json\/wp\/v2\/media\/18381"}],"wp:attachment":[{"href":"https:\/\/www.caudete.org\/ayuntamiento\/wp-json\/wp\/v2\/media?parent=18375"}],"wp:term":[{"taxonomy":"category","embeddable":true,"href":"https:\/\/www.caudete.org\/ayuntamiento\/wp-json\/wp\/v2\/categories?post=18375"},{"taxonomy":"post_tag","embeddable":true,"href":"https:\/\/www.caudete.org\/ayuntamiento\/wp-json\/wp\/v2\/tags?post=18375"}],"curies":[{"name":"wp","href":"https:\/\/api.w.org\/{rel}","templated":true}]}}