{"id":18397,"date":"2022-03-08T19:38:55","date_gmt":"2022-03-08T18:38:55","guid":{"rendered":"https:\/\/www.caudete.org\/ayuntamiento\/?p=18397"},"modified":"2022-03-08T19:38:55","modified_gmt":"2022-03-08T18:38:55","slug":"la-toconera-acogera-la-acampada-previa-inscripcion-durante-pascuas","status":"publish","type":"post","link":"https:\/\/www.caudete.org\/ayuntamiento\/la-toconera-acogera-la-acampada-previa-inscripcion-durante-pascuas\/","title":{"rendered":"&#8220;La Toconera&#8221; acoger\u00e1 la ACAMPADA previa inscripci\u00f3n durante Pascuas"},"content":{"rendered":"<p style=\"text-align: justify;\">La pasada semana ten\u00eda lugar en la &#8220;Sala de La Villa&#8221; la reuni\u00f3n de coordinaci\u00f3n para establecer en el paraje natural de &#8220;La Toconera&#8221; la acampada durante las pr\u00f3ximas Pascuas, una actividad arraigada en este caudetano entorno para dicho momento festivo.<\/p>\n<p style=\"text-align: justify;\">Bajo la presidencia del Alcalde, las Concejal\u00edas de Medio Ambiente, Interior y Emergencias estuvieron trabajando con el Polic\u00eda Local, Protecci\u00f3n Civil y Cruz Roja los pormenores para permitir a los caudetanos el ocio y disfrute de dicho paraje, bajo unas condiciones de seguridad y respeto tanto al entorno natural como a los ciudadanos que eligen este lugar para el esparcimiento y como lugar de encuentro y ocio.<\/p>\n<p style=\"text-align: justify;\">Se prev\u00e9 que para el presente a\u00f1o, los d\u00edas permitidos para celebrar la acampada sean entre el 14 de Abril (Jueves Santo) al 18 de Abril (Lunes de Pascua), estableciendo un segundo periodo para las Pascuas de San Vicente, entre el s\u00e1bado 23 de Abril al lunes 25 de Abril de 2022 (todos ellos inclusive).<\/p>\n<p style=\"text-align: justify;\">Para ello, se emitir\u00e1 un Bando Municipal en las pr\u00f3ximas semanas con todas las normas a seguir por parte de los usuarios, as\u00ed como las condiciones espec\u00edficas que regir\u00e1n tanto la acampada o el merendero, como el &#8220;hacer fuego&#8221; en las Barbacoas, la circulaci\u00f3n o el estacionamiento de veh\u00edculos.<\/p>\n<p style=\"text-align: justify;\">Siguiendo la t\u00f3nica de a\u00f1os anteriores ser\u00e1 necesaria la inscripci\u00f3n en el Ayuntamiento de los interesados, solo estar\u00e1 habilitada (y se\u00f1alizada) la &#8220;Primera Fuente&#8221; para la acampada, y el uso de la Barbacoa en dicha zona estar\u00e1 supeditado a la autorizaci\u00f3n de la Delegaci\u00f3n Provincial de Desarrollo Sostenible.<\/p>\n","protected":false},"excerpt":{"rendered":"<p>La pasada semana ten\u00eda lugar en la &#8220;Sala de La Villa&#8221; la reuni\u00f3n de coordinaci\u00f3n para establecer en el paraje natural de &#8220;La Toconera&#8221; la acampada durante las pr\u00f3ximas Pascuas, una actividad arraigada en este caudetano entorno para dicho momento festivo. Bajo la presidencia del Alcalde, las Concejal\u00edas de Medio Ambiente, Interior y Emergencias estuvieron &hellip;<\/p>\n","protected":false},"author":3,"featured_media":18398,"comment_status":"closed","ping_status":"open","sticky":false,"template":"","format":"standard","meta":{"ngg_post_thumbnail":0,"footnotes":""},"categories":[29],"tags":[],"class_list":["post-18397","post","type-post","status-publish","format-standard","has-post-thumbnail","hentry","category-medio-ambiente"],"yoast_head":"<!-- This site is optimized with the Yoast SEO plugin v27.5 - https:\/\/yoast.com\/product\/yoast-seo-wordpress\/ -->\n<title>&quot;La Toconera&quot; acoger\u00e1 la ACAMPADA previa inscripci\u00f3n durante Pascuas - MI Ayuntamiento de Caudete<\/title>\n<meta name=\"description\" content=\"P\u00e1gina Oficial del Ayuntamiento de Caudete (Albacete)\" \/>\n<meta name=\"robots\" content=\"index, follow, max-snippet:-1, max-image-preview:large, max-video-preview:-1\" \/>\n<link rel=\"canonical\" href=\"https:\/\/www.caudete.org\/ayuntamiento\/la-toconera-acogera-la-acampada-previa-inscripcion-durante-pascuas\/\" \/>\n<meta property=\"og:locale\" content=\"es_ES\" \/>\n<meta property=\"og:type\" content=\"article\" \/>\n<meta property=\"og:title\" content=\"&quot;La Toconera&quot; acoger\u00e1 la ACAMPADA previa inscripci\u00f3n durante Pascuas - MI Ayuntamiento de Caudete\" \/>\n<meta property=\"og:description\" content=\"P\u00e1gina Oficial del Ayuntamiento de Caudete (Albacete)\" \/>\n<meta property=\"og:url\" content=\"https:\/\/www.caudete.org\/ayuntamiento\/la-toconera-acogera-la-acampada-previa-inscripcion-durante-pascuas\/\" \/>\n<meta property=\"og:site_name\" content=\"MI Ayuntamiento de Caudete\" \/>\n<meta property=\"article:publisher\" content=\"https:\/\/www.facebook.com\/ayuntamientocaudete\/\" \/>\n<meta property=\"article:published_time\" content=\"2022-03-08T18:38:55+00:00\" \/>\n<meta property=\"og:image\" content=\"https:\/\/www.caudete.org\/ayuntamiento\/wp-content\/uploads\/2022\/03\/toconera-charca.jpg\" \/>\n\t<meta property=\"og:image:width\" content=\"700\" \/>\n\t<meta property=\"og:image:height\" content=\"457\" \/>\n\t<meta property=\"og:image:type\" content=\"image\/jpeg\" \/>\n<meta name=\"author\" content=\"alcalde\" \/>\n<meta name=\"twitter:card\" content=\"summary_large_image\" \/>\n<meta name=\"twitter:label1\" content=\"Escrito por\" \/>\n\t<meta name=\"twitter:data1\" content=\"alcalde\" \/>\n\t<meta name=\"twitter:label2\" content=\"Tiempo de lectura\" \/>\n\t<meta name=\"twitter:data2\" content=\"2 minutos\" \/>\n<script type=\"application\/ld+json\" class=\"yoast-schema-graph\">{\"@context\":\"https:\\\/\\\/schema.org\",\"@graph\":[{\"@type\":\"Article\",\"@id\":\"https:\\\/\\\/www.caudete.org\\\/ayuntamiento\\\/la-toconera-acogera-la-acampada-previa-inscripcion-durante-pascuas\\\/#article\",\"isPartOf\":{\"@id\":\"https:\\\/\\\/www.caudete.org\\\/ayuntamiento\\\/la-toconera-acogera-la-acampada-previa-inscripcion-durante-pascuas\\\/\"},\"author\":{\"name\":\"alcalde\",\"@id\":\"https:\\\/\\\/www.caudete.org\\\/ayuntamiento\\\/#\\\/schema\\\/person\\\/cc646da9133078ee4d8dd47457947253\"},\"headline\":\"&#8220;La Toconera&#8221; acoger\u00e1 la ACAMPADA previa inscripci\u00f3n durante Pascuas\",\"datePublished\":\"2022-03-08T18:38:55+00:00\",\"mainEntityOfPage\":{\"@id\":\"https:\\\/\\\/www.caudete.org\\\/ayuntamiento\\\/la-toconera-acogera-la-acampada-previa-inscripcion-durante-pascuas\\\/\"},\"wordCount\":286,\"image\":{\"@id\":\"https:\\\/\\\/www.caudete.org\\\/ayuntamiento\\\/la-toconera-acogera-la-acampada-previa-inscripcion-durante-pascuas\\\/#primaryimage\"},\"thumbnailUrl\":\"https:\\\/\\\/www.caudete.org\\\/ayuntamiento\\\/wp-content\\\/uploads\\\/2022\\\/03\\\/toconera-charca.jpg\",\"articleSection\":[\"Medio Ambiente\"],\"inLanguage\":\"es\"},{\"@type\":\"WebPage\",\"@id\":\"https:\\\/\\\/www.caudete.org\\\/ayuntamiento\\\/la-toconera-acogera-la-acampada-previa-inscripcion-durante-pascuas\\\/\",\"url\":\"https:\\\/\\\/www.caudete.org\\\/ayuntamiento\\\/la-toconera-acogera-la-acampada-previa-inscripcion-durante-pascuas\\\/\",\"name\":\"\\\"La Toconera\\\" acoger\u00e1 la ACAMPADA previa inscripci\u00f3n durante Pascuas - MI Ayuntamiento de Caudete\",\"isPartOf\":{\"@id\":\"https:\\\/\\\/www.caudete.org\\\/ayuntamiento\\\/#website\"},\"primaryImageOfPage\":{\"@id\":\"https:\\\/\\\/www.caudete.org\\\/ayuntamiento\\\/la-toconera-acogera-la-acampada-previa-inscripcion-durante-pascuas\\\/#primaryimage\"},\"image\":{\"@id\":\"https:\\\/\\\/www.caudete.org\\\/ayuntamiento\\\/la-toconera-acogera-la-acampada-previa-inscripcion-durante-pascuas\\\/#primaryimage\"},\"thumbnailUrl\":\"https:\\\/\\\/www.caudete.org\\\/ayuntamiento\\\/wp-content\\\/uploads\\\/2022\\\/03\\\/toconera-charca.jpg\",\"datePublished\":\"2022-03-08T18:38:55+00:00\",\"author\":{\"@id\":\"https:\\\/\\\/www.caudete.org\\\/ayuntamiento\\\/#\\\/schema\\\/person\\\/cc646da9133078ee4d8dd47457947253\"},\"description\":\"P\u00e1gina Oficial del Ayuntamiento de Caudete (Albacete)\",\"breadcrumb\":{\"@id\":\"https:\\\/\\\/www.caudete.org\\\/ayuntamiento\\\/la-toconera-acogera-la-acampada-previa-inscripcion-durante-pascuas\\\/#breadcrumb\"},\"inLanguage\":\"es\",\"potentialAction\":[{\"@type\":\"ReadAction\",\"target\":[\"https:\\\/\\\/www.caudete.org\\\/ayuntamiento\\\/la-toconera-acogera-la-acampada-previa-inscripcion-durante-pascuas\\\/\"]}]},{\"@type\":\"ImageObject\",\"inLanguage\":\"es\",\"@id\":\"https:\\\/\\\/www.caudete.org\\\/ayuntamiento\\\/la-toconera-acogera-la-acampada-previa-inscripcion-durante-pascuas\\\/#primaryimage\",\"url\":\"https:\\\/\\\/www.caudete.org\\\/ayuntamiento\\\/wp-content\\\/uploads\\\/2022\\\/03\\\/toconera-charca.jpg\",\"contentUrl\":\"https:\\\/\\\/www.caudete.org\\\/ayuntamiento\\\/wp-content\\\/uploads\\\/2022\\\/03\\\/toconera-charca.jpg\",\"width\":700,\"height\":457},{\"@type\":\"BreadcrumbList\",\"@id\":\"https:\\\/\\\/www.caudete.org\\\/ayuntamiento\\\/la-toconera-acogera-la-acampada-previa-inscripcion-durante-pascuas\\\/#breadcrumb\",\"itemListElement\":[{\"@type\":\"ListItem\",\"position\":1,\"name\":\"Inicio\",\"item\":\"https:\\\/\\\/www.caudete.org\\\/ayuntamiento\\\/\"},{\"@type\":\"ListItem\",\"position\":2,\"name\":\"&#8220;La Toconera&#8221; acoger\u00e1 la ACAMPADA previa inscripci\u00f3n durante Pascuas\"}]},{\"@type\":\"WebSite\",\"@id\":\"https:\\\/\\\/www.caudete.org\\\/ayuntamiento\\\/#website\",\"url\":\"https:\\\/\\\/www.caudete.org\\\/ayuntamiento\\\/\",\"name\":\"MI Ayuntamiento de Caudete\",\"description\":\"P\u00e1gina Oficial del MI Ayuntamiento de Caudete\",\"potentialAction\":[{\"@type\":\"SearchAction\",\"target\":{\"@type\":\"EntryPoint\",\"urlTemplate\":\"https:\\\/\\\/www.caudete.org\\\/ayuntamiento\\\/?s={search_term_string}\"},\"query-input\":{\"@type\":\"PropertyValueSpecification\",\"valueRequired\":true,\"valueName\":\"search_term_string\"}}],\"inLanguage\":\"es\"},{\"@type\":\"Person\",\"@id\":\"https:\\\/\\\/www.caudete.org\\\/ayuntamiento\\\/#\\\/schema\\\/person\\\/cc646da9133078ee4d8dd47457947253\",\"name\":\"alcalde\",\"image\":{\"@type\":\"ImageObject\",\"inLanguage\":\"es\",\"@id\":\"https:\\\/\\\/secure.gravatar.com\\\/avatar\\\/84a817ba065b29ff08d666b215a215f5c79186a645ccb25b14a663d48a130f77?s=96&d=mm&r=g\",\"url\":\"https:\\\/\\\/secure.gravatar.com\\\/avatar\\\/84a817ba065b29ff08d666b215a215f5c79186a645ccb25b14a663d48a130f77?s=96&d=mm&r=g\",\"contentUrl\":\"https:\\\/\\\/secure.gravatar.com\\\/avatar\\\/84a817ba065b29ff08d666b215a215f5c79186a645ccb25b14a663d48a130f77?s=96&d=mm&r=g\",\"caption\":\"alcalde\"},\"url\":\"https:\\\/\\\/www.caudete.org\\\/ayuntamiento\\\/author\\\/alcalde\\\/\"}]}<\/script>\n<!-- \/ Yoast SEO plugin. -->","yoast_head_json":{"title":"\"La Toconera\" acoger\u00e1 la ACAMPADA previa inscripci\u00f3n durante Pascuas - MI Ayuntamiento de Caudete","description":"P\u00e1gina Oficial del Ayuntamiento de Caudete (Albacete)","robots":{"index":"index","follow":"follow","max-snippet":"max-snippet:-1","max-image-preview":"max-image-preview:large","max-video-preview":"max-video-preview:-1"},"canonical":"https:\/\/www.caudete.org\/ayuntamiento\/la-toconera-acogera-la-acampada-previa-inscripcion-durante-pascuas\/","og_locale":"es_ES","og_type":"article","og_title":"\"La Toconera\" acoger\u00e1 la ACAMPADA previa inscripci\u00f3n durante Pascuas - MI Ayuntamiento de Caudete","og_description":"P\u00e1gina Oficial del Ayuntamiento de Caudete (Albacete)","og_url":"https:\/\/www.caudete.org\/ayuntamiento\/la-toconera-acogera-la-acampada-previa-inscripcion-durante-pascuas\/","og_site_name":"MI Ayuntamiento de Caudete","article_publisher":"https:\/\/www.facebook.com\/ayuntamientocaudete\/","article_published_time":"2022-03-08T18:38:55+00:00","og_image":[{"width":700,"height":457,"url":"https:\/\/www.caudete.org\/ayuntamiento\/wp-content\/uploads\/2022\/03\/toconera-charca.jpg","type":"image\/jpeg"}],"author":"alcalde","twitter_card":"summary_large_image","twitter_misc":{"Escrito por":"alcalde","Tiempo de lectura":"2 minutos"},"schema":{"@context":"https:\/\/schema.org","@graph":[{"@type":"Article","@id":"https:\/\/www.caudete.org\/ayuntamiento\/la-toconera-acogera-la-acampada-previa-inscripcion-durante-pascuas\/#article","isPartOf":{"@id":"https:\/\/www.caudete.org\/ayuntamiento\/la-toconera-acogera-la-acampada-previa-inscripcion-durante-pascuas\/"},"author":{"name":"alcalde","@id":"https:\/\/www.caudete.org\/ayuntamiento\/#\/schema\/person\/cc646da9133078ee4d8dd47457947253"},"headline":"&#8220;La Toconera&#8221; acoger\u00e1 la ACAMPADA previa inscripci\u00f3n durante Pascuas","datePublished":"2022-03-08T18:38:55+00:00","mainEntityOfPage":{"@id":"https:\/\/www.caudete.org\/ayuntamiento\/la-toconera-acogera-la-acampada-previa-inscripcion-durante-pascuas\/"},"wordCount":286,"image":{"@id":"https:\/\/www.caudete.org\/ayuntamiento\/la-toconera-acogera-la-acampada-previa-inscripcion-durante-pascuas\/#primaryimage"},"thumbnailUrl":"https:\/\/www.caudete.org\/ayuntamiento\/wp-content\/uploads\/2022\/03\/toconera-charca.jpg","articleSection":["Medio Ambiente"],"inLanguage":"es"},{"@type":"WebPage","@id":"https:\/\/www.caudete.org\/ayuntamiento\/la-toconera-acogera-la-acampada-previa-inscripcion-durante-pascuas\/","url":"https:\/\/www.caudete.org\/ayuntamiento\/la-toconera-acogera-la-acampada-previa-inscripcion-durante-pascuas\/","name":"\"La Toconera\" acoger\u00e1 la ACAMPADA previa inscripci\u00f3n durante Pascuas - MI Ayuntamiento de Caudete","isPartOf":{"@id":"https:\/\/www.caudete.org\/ayuntamiento\/#website"},"primaryImageOfPage":{"@id":"https:\/\/www.caudete.org\/ayuntamiento\/la-toconera-acogera-la-acampada-previa-inscripcion-durante-pascuas\/#primaryimage"},"image":{"@id":"https:\/\/www.caudete.org\/ayuntamiento\/la-toconera-acogera-la-acampada-previa-inscripcion-durante-pascuas\/#primaryimage"},"thumbnailUrl":"https:\/\/www.caudete.org\/ayuntamiento\/wp-content\/uploads\/2022\/03\/toconera-charca.jpg","datePublished":"2022-03-08T18:38:55+00:00","author":{"@id":"https:\/\/www.caudete.org\/ayuntamiento\/#\/schema\/person\/cc646da9133078ee4d8dd47457947253"},"description":"P\u00e1gina Oficial del Ayuntamiento de Caudete (Albacete)","breadcrumb":{"@id":"https:\/\/www.caudete.org\/ayuntamiento\/la-toconera-acogera-la-acampada-previa-inscripcion-durante-pascuas\/#breadcrumb"},"inLanguage":"es","potentialAction":[{"@type":"ReadAction","target":["https:\/\/www.caudete.org\/ayuntamiento\/la-toconera-acogera-la-acampada-previa-inscripcion-durante-pascuas\/"]}]},{"@type":"ImageObject","inLanguage":"es","@id":"https:\/\/www.caudete.org\/ayuntamiento\/la-toconera-acogera-la-acampada-previa-inscripcion-durante-pascuas\/#primaryimage","url":"https:\/\/www.caudete.org\/ayuntamiento\/wp-content\/uploads\/2022\/03\/toconera-charca.jpg","contentUrl":"https:\/\/www.caudete.org\/ayuntamiento\/wp-content\/uploads\/2022\/03\/toconera-charca.jpg","width":700,"height":457},{"@type":"BreadcrumbList","@id":"https:\/\/www.caudete.org\/ayuntamiento\/la-toconera-acogera-la-acampada-previa-inscripcion-durante-pascuas\/#breadcrumb","itemListElement":[{"@type":"ListItem","position":1,"name":"Inicio","item":"https:\/\/www.caudete.org\/ayuntamiento\/"},{"@type":"ListItem","position":2,"name":"&#8220;La Toconera&#8221; acoger\u00e1 la ACAMPADA previa inscripci\u00f3n durante Pascuas"}]},{"@type":"WebSite","@id":"https:\/\/www.caudete.org\/ayuntamiento\/#website","url":"https:\/\/www.caudete.org\/ayuntamiento\/","name":"MI Ayuntamiento de Caudete","description":"P\u00e1gina Oficial del MI Ayuntamiento de Caudete","potentialAction":[{"@type":"SearchAction","target":{"@type":"EntryPoint","urlTemplate":"https:\/\/www.caudete.org\/ayuntamiento\/?s={search_term_string}"},"query-input":{"@type":"PropertyValueSpecification","valueRequired":true,"valueName":"search_term_string"}}],"inLanguage":"es"},{"@type":"Person","@id":"https:\/\/www.caudete.org\/ayuntamiento\/#\/schema\/person\/cc646da9133078ee4d8dd47457947253","name":"alcalde","image":{"@type":"ImageObject","inLanguage":"es","@id":"https:\/\/secure.gravatar.com\/avatar\/84a817ba065b29ff08d666b215a215f5c79186a645ccb25b14a663d48a130f77?s=96&d=mm&r=g","url":"https:\/\/secure.gravatar.com\/avatar\/84a817ba065b29ff08d666b215a215f5c79186a645ccb25b14a663d48a130f77?s=96&d=mm&r=g","contentUrl":"https:\/\/secure.gravatar.com\/avatar\/84a817ba065b29ff08d666b215a215f5c79186a645ccb25b14a663d48a130f77?s=96&d=mm&r=g","caption":"alcalde"},"url":"https:\/\/www.caudete.org\/ayuntamiento\/author\/alcalde\/"}]}},"_links":{"self":[{"href":"https:\/\/www.caudete.org\/ayuntamiento\/wp-json\/wp\/v2\/posts\/18397","targetHints":{"allow":["GET"]}}],"collection":[{"href":"https:\/\/www.caudete.org\/ayuntamiento\/wp-json\/wp\/v2\/posts"}],"about":[{"href":"https:\/\/www.caudete.org\/ayuntamiento\/wp-json\/wp\/v2\/types\/post"}],"author":[{"embeddable":true,"href":"https:\/\/www.caudete.org\/ayuntamiento\/wp-json\/wp\/v2\/users\/3"}],"replies":[{"embeddable":true,"href":"https:\/\/www.caudete.org\/ayuntamiento\/wp-json\/wp\/v2\/comments?post=18397"}],"version-history":[{"count":1,"href":"https:\/\/www.caudete.org\/ayuntamiento\/wp-json\/wp\/v2\/posts\/18397\/revisions"}],"predecessor-version":[{"id":18399,"href":"https:\/\/www.caudete.org\/ayuntamiento\/wp-json\/wp\/v2\/posts\/18397\/revisions\/18399"}],"wp:featuredmedia":[{"embeddable":true,"href":"https:\/\/www.caudete.org\/ayuntamiento\/wp-json\/wp\/v2\/media\/18398"}],"wp:attachment":[{"href":"https:\/\/www.caudete.org\/ayuntamiento\/wp-json\/wp\/v2\/media?parent=18397"}],"wp:term":[{"taxonomy":"category","embeddable":true,"href":"https:\/\/www.caudete.org\/ayuntamiento\/wp-json\/wp\/v2\/categories?post=18397"},{"taxonomy":"post_tag","embeddable":true,"href":"https:\/\/www.caudete.org\/ayuntamiento\/wp-json\/wp\/v2\/tags?post=18397"}],"curies":[{"name":"wp","href":"https:\/\/api.w.org\/{rel}","templated":true}]}}