{"id":18404,"date":"2022-03-11T16:45:12","date_gmt":"2022-03-11T15:45:12","guid":{"rendered":"https:\/\/www.caudete.org\/ayuntamiento\/?p=18404"},"modified":"2022-03-11T16:45:12","modified_gmt":"2022-03-11T15:45:12","slug":"teatro-infantil-blancanieves-compania-la-chana-teatro-sabado-19-de-marzo-1800-horas-auditorio-municipal-caudete","status":"publish","type":"post","link":"https:\/\/www.caudete.org\/ayuntamiento\/teatro-infantil-blancanieves-compania-la-chana-teatro-sabado-19-de-marzo-1800-horas-auditorio-municipal-caudete\/","title":{"rendered":"TEATRO INFANTIL \u201cBLANCANIEVES\u201d. Compa\u00f1\u00eda La Chana Teatro. S\u00e1bado 19 de marzo 18:00 horas. Auditorio Municipal Caudete."},"content":{"rendered":"<p style=\"margin-bottom: .0001pt; line-height: normal;\"><span style=\"font-family: 'Arial',sans-serif;\">Estamos ante un espect\u00e1culo \u00abluminoso\u00bb <strong>para toda la familia<\/strong> en el que la cr\u00edtica especializada destaca la sencillez esc\u00e9nica, la calidad de los textos, la inteligencia en la puesta en escena, el minucioso trabajo con los objetos y la calidad interpretativa.<\/span><\/p>\n<p style=\"margin-bottom: .0001pt; line-height: normal;\"><span style=\"font-family: 'Arial',sans-serif;\">Premio al mejor espect\u00e1culo familiar de la pasada Feria de Ciudad Rodrigo.<\/span><\/p>\n<p style=\"margin-bottom: .0001pt; line-height: normal;\"><strong><span style=\"font-family: 'Arial',sans-serif;\">Recomendado a partir de los 6 a\u00f1os de edad.<\/span><\/strong><\/p>\n<p style=\"margin-bottom: .0001pt; line-height: normal;\"><span style=\"font-family: 'Arial',sans-serif;\"><strong>Duraci\u00f3n:<\/strong> 55 minutos<\/span><\/p>\n<p style=\"margin-bottom: 9.9pt;\"><span style=\"font-family: 'Arial',sans-serif;\"><strong>El espect\u00e1culo muestra el cuento cl\u00e1sico de Blancanieves llevado al teatro de objetos<\/strong>. Un espect\u00e1culo en verso que reinterpreta el cuento de hadas dot\u00e1ndolo de humor y poes\u00eda visual y literaria. <\/span><\/p>\n<p style=\"margin-bottom: 9.9pt;\"><span style=\"font-family: 'Arial',sans-serif;\">Una propuesta para todos los p\u00fablicos que convierte en objetos a los personajes del conocido cuento mediante un aut\u00e9ntico juego de vol\u00famenes y tama\u00f1os, resultado de un proceso profundo de investigaci\u00f3n y juego incansable con el teatro de objetos.<\/span><\/p>\n<p style=\"margin-bottom: 9.9pt;\"><span style=\"font-family: 'Arial',sans-serif;\"><strong>INT\u00c9RPRETES<\/strong>: Jaime Santos.<\/span><\/p>\n<p style=\"margin-bottom: 9.9pt;\"><span style=\"font-family: 'Arial',sans-serif;\"><strong>AUTOR:<\/strong> Jaime Santos.<\/span><\/p>\n<p style=\"margin-bottom: 9.9pt;\"><span style=\"font-family: 'Arial',sans-serif;\"><strong>DIRECCI\u00d3N:<\/strong> Jaime Santos\/ Ayudante. Direcci\u00f3n. Ana Luz de Andr\u00e9s.<\/span><\/p>\n<p>&nbsp;<\/p>\n<p><a href=\"https:\/\/www.caudete.org\/ayuntamiento\/wp-content\/uploads\/2022\/03\/Cartel-Blancanieves1-scaled.jpg\" rel='prettyPhoto'><img fetchpriority=\"high\" decoding=\"async\" class=\"aligncenter wp-image-18407 \" src=\"https:\/\/www.caudete.org\/ayuntamiento\/wp-content\/uploads\/2022\/03\/Cartel-Blancanieves1-300x212.jpg\" alt=\"\" width=\"902\" height=\"636\" srcset=\"https:\/\/www.caudete.org\/ayuntamiento\/wp-content\/uploads\/2022\/03\/Cartel-Blancanieves1-300x212.jpg 300w, https:\/\/www.caudete.org\/ayuntamiento\/wp-content\/uploads\/2022\/03\/Cartel-Blancanieves1-768x543.jpg 768w\" sizes=\"(max-width: 902px) 100vw, 902px\" \/><\/a><\/p>\n","protected":false},"excerpt":{"rendered":"<p>Estamos ante un espect\u00e1culo \u00abluminoso\u00bb para toda la familia en el que la cr\u00edtica especializada destaca la sencillez esc\u00e9nica, la calidad de los textos, la inteligencia en la puesta en escena, el minucioso trabajo con los objetos y la calidad interpretativa. Premio al mejor espect\u00e1culo familiar de la pasada Feria de Ciudad Rodrigo. Recomendado a &hellip;<\/p>\n","protected":false},"author":2,"featured_media":18406,"comment_status":"closed","ping_status":"open","sticky":false,"template":"","format":"standard","meta":{"ngg_post_thumbnail":0,"footnotes":""},"categories":[14],"tags":[807,808],"class_list":["post-18404","post","type-post","status-publish","format-standard","has-post-thumbnail","hentry","category-cultura","tag-blancanieves","tag-la-chana-teatro"],"yoast_head":"<!-- This site is optimized with the Yoast SEO plugin v27.5 - https:\/\/yoast.com\/product\/yoast-seo-wordpress\/ -->\n<title>TEATRO INFANTIL \u201cBLANCANIEVES\u201d. Compa\u00f1\u00eda La Chana Teatro. S\u00e1bado 19 de marzo 18:00 horas. Auditorio Municipal Caudete. - MI Ayuntamiento de Caudete<\/title>\n<meta name=\"description\" content=\"P\u00e1gina Oficial del Ayuntamiento de Caudete (Albacete)\" \/>\n<meta name=\"robots\" content=\"index, follow, max-snippet:-1, max-image-preview:large, max-video-preview:-1\" \/>\n<link rel=\"canonical\" href=\"https:\/\/www.caudete.org\/ayuntamiento\/teatro-infantil-blancanieves-compania-la-chana-teatro-sabado-19-de-marzo-1800-horas-auditorio-municipal-caudete\/\" \/>\n<meta property=\"og:locale\" content=\"es_ES\" \/>\n<meta property=\"og:type\" content=\"article\" \/>\n<meta property=\"og:title\" content=\"TEATRO INFANTIL \u201cBLANCANIEVES\u201d. Compa\u00f1\u00eda La Chana Teatro. S\u00e1bado 19 de marzo 18:00 horas. Auditorio Municipal Caudete. - MI Ayuntamiento de Caudete\" \/>\n<meta property=\"og:description\" content=\"P\u00e1gina Oficial del Ayuntamiento de Caudete (Albacete)\" \/>\n<meta property=\"og:url\" content=\"https:\/\/www.caudete.org\/ayuntamiento\/teatro-infantil-blancanieves-compania-la-chana-teatro-sabado-19-de-marzo-1800-horas-auditorio-municipal-caudete\/\" \/>\n<meta property=\"og:site_name\" content=\"MI Ayuntamiento de Caudete\" \/>\n<meta property=\"article:publisher\" content=\"https:\/\/www.facebook.com\/ayuntamientocaudete\/\" \/>\n<meta property=\"article:published_time\" content=\"2022-03-11T15:45:12+00:00\" \/>\n<meta property=\"og:image\" content=\"https:\/\/www.caudete.org\/ayuntamiento\/wp-content\/uploads\/2022\/03\/BlancaNievesWEB.jpg\" \/>\n\t<meta property=\"og:image:width\" content=\"864\" \/>\n\t<meta property=\"og:image:height\" content=\"380\" \/>\n\t<meta property=\"og:image:type\" content=\"image\/jpeg\" \/>\n<meta name=\"author\" content=\"Juan\" \/>\n<meta name=\"twitter:card\" content=\"summary_large_image\" \/>\n<meta name=\"twitter:label1\" content=\"Escrito por\" \/>\n\t<meta name=\"twitter:data1\" content=\"Juan\" \/>\n\t<meta name=\"twitter:label2\" content=\"Tiempo de lectura\" \/>\n\t<meta name=\"twitter:data2\" content=\"1 minuto\" \/>\n<script type=\"application\/ld+json\" class=\"yoast-schema-graph\">{\"@context\":\"https:\\\/\\\/schema.org\",\"@graph\":[{\"@type\":\"Article\",\"@id\":\"https:\\\/\\\/www.caudete.org\\\/ayuntamiento\\\/teatro-infantil-blancanieves-compania-la-chana-teatro-sabado-19-de-marzo-1800-horas-auditorio-municipal-caudete\\\/#article\",\"isPartOf\":{\"@id\":\"https:\\\/\\\/www.caudete.org\\\/ayuntamiento\\\/teatro-infantil-blancanieves-compania-la-chana-teatro-sabado-19-de-marzo-1800-horas-auditorio-municipal-caudete\\\/\"},\"author\":{\"name\":\"Juan\",\"@id\":\"https:\\\/\\\/www.caudete.org\\\/ayuntamiento\\\/#\\\/schema\\\/person\\\/7656a5bb58fca95b9814e940de0fda63\"},\"headline\":\"TEATRO INFANTIL \u201cBLANCANIEVES\u201d. Compa\u00f1\u00eda La Chana Teatro. S\u00e1bado 19 de marzo 18:00 horas. Auditorio Municipal Caudete.\",\"datePublished\":\"2022-03-11T15:45:12+00:00\",\"mainEntityOfPage\":{\"@id\":\"https:\\\/\\\/www.caudete.org\\\/ayuntamiento\\\/teatro-infantil-blancanieves-compania-la-chana-teatro-sabado-19-de-marzo-1800-horas-auditorio-municipal-caudete\\\/\"},\"wordCount\":185,\"image\":{\"@id\":\"https:\\\/\\\/www.caudete.org\\\/ayuntamiento\\\/teatro-infantil-blancanieves-compania-la-chana-teatro-sabado-19-de-marzo-1800-horas-auditorio-municipal-caudete\\\/#primaryimage\"},\"thumbnailUrl\":\"https:\\\/\\\/www.caudete.org\\\/ayuntamiento\\\/wp-content\\\/uploads\\\/2022\\\/03\\\/BlancaNievesWEB.jpg\",\"keywords\":[\"Blancanieves\",\"La Chana Teatro\"],\"articleSection\":[\"Cultura\"],\"inLanguage\":\"es\"},{\"@type\":\"WebPage\",\"@id\":\"https:\\\/\\\/www.caudete.org\\\/ayuntamiento\\\/teatro-infantil-blancanieves-compania-la-chana-teatro-sabado-19-de-marzo-1800-horas-auditorio-municipal-caudete\\\/\",\"url\":\"https:\\\/\\\/www.caudete.org\\\/ayuntamiento\\\/teatro-infantil-blancanieves-compania-la-chana-teatro-sabado-19-de-marzo-1800-horas-auditorio-municipal-caudete\\\/\",\"name\":\"TEATRO INFANTIL \u201cBLANCANIEVES\u201d. Compa\u00f1\u00eda La Chana Teatro. S\u00e1bado 19 de marzo 18:00 horas. Auditorio Municipal Caudete. - MI Ayuntamiento de Caudete\",\"isPartOf\":{\"@id\":\"https:\\\/\\\/www.caudete.org\\\/ayuntamiento\\\/#website\"},\"primaryImageOfPage\":{\"@id\":\"https:\\\/\\\/www.caudete.org\\\/ayuntamiento\\\/teatro-infantil-blancanieves-compania-la-chana-teatro-sabado-19-de-marzo-1800-horas-auditorio-municipal-caudete\\\/#primaryimage\"},\"image\":{\"@id\":\"https:\\\/\\\/www.caudete.org\\\/ayuntamiento\\\/teatro-infantil-blancanieves-compania-la-chana-teatro-sabado-19-de-marzo-1800-horas-auditorio-municipal-caudete\\\/#primaryimage\"},\"thumbnailUrl\":\"https:\\\/\\\/www.caudete.org\\\/ayuntamiento\\\/wp-content\\\/uploads\\\/2022\\\/03\\\/BlancaNievesWEB.jpg\",\"datePublished\":\"2022-03-11T15:45:12+00:00\",\"author\":{\"@id\":\"https:\\\/\\\/www.caudete.org\\\/ayuntamiento\\\/#\\\/schema\\\/person\\\/7656a5bb58fca95b9814e940de0fda63\"},\"description\":\"P\u00e1gina Oficial del Ayuntamiento de Caudete (Albacete)\",\"breadcrumb\":{\"@id\":\"https:\\\/\\\/www.caudete.org\\\/ayuntamiento\\\/teatro-infantil-blancanieves-compania-la-chana-teatro-sabado-19-de-marzo-1800-horas-auditorio-municipal-caudete\\\/#breadcrumb\"},\"inLanguage\":\"es\",\"potentialAction\":[{\"@type\":\"ReadAction\",\"target\":[\"https:\\\/\\\/www.caudete.org\\\/ayuntamiento\\\/teatro-infantil-blancanieves-compania-la-chana-teatro-sabado-19-de-marzo-1800-horas-auditorio-municipal-caudete\\\/\"]}]},{\"@type\":\"ImageObject\",\"inLanguage\":\"es\",\"@id\":\"https:\\\/\\\/www.caudete.org\\\/ayuntamiento\\\/teatro-infantil-blancanieves-compania-la-chana-teatro-sabado-19-de-marzo-1800-horas-auditorio-municipal-caudete\\\/#primaryimage\",\"url\":\"https:\\\/\\\/www.caudete.org\\\/ayuntamiento\\\/wp-content\\\/uploads\\\/2022\\\/03\\\/BlancaNievesWEB.jpg\",\"contentUrl\":\"https:\\\/\\\/www.caudete.org\\\/ayuntamiento\\\/wp-content\\\/uploads\\\/2022\\\/03\\\/BlancaNievesWEB.jpg\",\"width\":864,\"height\":380},{\"@type\":\"BreadcrumbList\",\"@id\":\"https:\\\/\\\/www.caudete.org\\\/ayuntamiento\\\/teatro-infantil-blancanieves-compania-la-chana-teatro-sabado-19-de-marzo-1800-horas-auditorio-municipal-caudete\\\/#breadcrumb\",\"itemListElement\":[{\"@type\":\"ListItem\",\"position\":1,\"name\":\"Inicio\",\"item\":\"https:\\\/\\\/www.caudete.org\\\/ayuntamiento\\\/\"},{\"@type\":\"ListItem\",\"position\":2,\"name\":\"TEATRO INFANTIL \u201cBLANCANIEVES\u201d. Compa\u00f1\u00eda La Chana Teatro. S\u00e1bado 19 de marzo 18:00 horas. Auditorio Municipal Caudete.\"}]},{\"@type\":\"WebSite\",\"@id\":\"https:\\\/\\\/www.caudete.org\\\/ayuntamiento\\\/#website\",\"url\":\"https:\\\/\\\/www.caudete.org\\\/ayuntamiento\\\/\",\"name\":\"MI Ayuntamiento de Caudete\",\"description\":\"P\u00e1gina Oficial del MI Ayuntamiento de Caudete\",\"potentialAction\":[{\"@type\":\"SearchAction\",\"target\":{\"@type\":\"EntryPoint\",\"urlTemplate\":\"https:\\\/\\\/www.caudete.org\\\/ayuntamiento\\\/?s={search_term_string}\"},\"query-input\":{\"@type\":\"PropertyValueSpecification\",\"valueRequired\":true,\"valueName\":\"search_term_string\"}}],\"inLanguage\":\"es\"},{\"@type\":\"Person\",\"@id\":\"https:\\\/\\\/www.caudete.org\\\/ayuntamiento\\\/#\\\/schema\\\/person\\\/7656a5bb58fca95b9814e940de0fda63\",\"name\":\"Juan\",\"image\":{\"@type\":\"ImageObject\",\"inLanguage\":\"es\",\"@id\":\"https:\\\/\\\/secure.gravatar.com\\\/avatar\\\/dd53e51c0cd6ab23f52d4f3e4f1c59730240727763de3dbbf26750b079a2c292?s=96&d=mm&r=g\",\"url\":\"https:\\\/\\\/secure.gravatar.com\\\/avatar\\\/dd53e51c0cd6ab23f52d4f3e4f1c59730240727763de3dbbf26750b079a2c292?s=96&d=mm&r=g\",\"contentUrl\":\"https:\\\/\\\/secure.gravatar.com\\\/avatar\\\/dd53e51c0cd6ab23f52d4f3e4f1c59730240727763de3dbbf26750b079a2c292?s=96&d=mm&r=g\",\"caption\":\"Juan\"},\"url\":\"https:\\\/\\\/www.caudete.org\\\/ayuntamiento\\\/author\\\/centrodeinternet\\\/\"}]}<\/script>\n<!-- \/ Yoast SEO plugin. -->","yoast_head_json":{"title":"TEATRO INFANTIL \u201cBLANCANIEVES\u201d. Compa\u00f1\u00eda La Chana Teatro. S\u00e1bado 19 de marzo 18:00 horas. Auditorio Municipal Caudete. - MI Ayuntamiento de Caudete","description":"P\u00e1gina Oficial del Ayuntamiento de Caudete (Albacete)","robots":{"index":"index","follow":"follow","max-snippet":"max-snippet:-1","max-image-preview":"max-image-preview:large","max-video-preview":"max-video-preview:-1"},"canonical":"https:\/\/www.caudete.org\/ayuntamiento\/teatro-infantil-blancanieves-compania-la-chana-teatro-sabado-19-de-marzo-1800-horas-auditorio-municipal-caudete\/","og_locale":"es_ES","og_type":"article","og_title":"TEATRO INFANTIL \u201cBLANCANIEVES\u201d. Compa\u00f1\u00eda La Chana Teatro. S\u00e1bado 19 de marzo 18:00 horas. Auditorio Municipal Caudete. - MI Ayuntamiento de Caudete","og_description":"P\u00e1gina Oficial del Ayuntamiento de Caudete (Albacete)","og_url":"https:\/\/www.caudete.org\/ayuntamiento\/teatro-infantil-blancanieves-compania-la-chana-teatro-sabado-19-de-marzo-1800-horas-auditorio-municipal-caudete\/","og_site_name":"MI Ayuntamiento de Caudete","article_publisher":"https:\/\/www.facebook.com\/ayuntamientocaudete\/","article_published_time":"2022-03-11T15:45:12+00:00","og_image":[{"width":864,"height":380,"url":"https:\/\/www.caudete.org\/ayuntamiento\/wp-content\/uploads\/2022\/03\/BlancaNievesWEB.jpg","type":"image\/jpeg"}],"author":"Juan","twitter_card":"summary_large_image","twitter_misc":{"Escrito por":"Juan","Tiempo de lectura":"1 minuto"},"schema":{"@context":"https:\/\/schema.org","@graph":[{"@type":"Article","@id":"https:\/\/www.caudete.org\/ayuntamiento\/teatro-infantil-blancanieves-compania-la-chana-teatro-sabado-19-de-marzo-1800-horas-auditorio-municipal-caudete\/#article","isPartOf":{"@id":"https:\/\/www.caudete.org\/ayuntamiento\/teatro-infantil-blancanieves-compania-la-chana-teatro-sabado-19-de-marzo-1800-horas-auditorio-municipal-caudete\/"},"author":{"name":"Juan","@id":"https:\/\/www.caudete.org\/ayuntamiento\/#\/schema\/person\/7656a5bb58fca95b9814e940de0fda63"},"headline":"TEATRO INFANTIL \u201cBLANCANIEVES\u201d. Compa\u00f1\u00eda La Chana Teatro. S\u00e1bado 19 de marzo 18:00 horas. Auditorio Municipal Caudete.","datePublished":"2022-03-11T15:45:12+00:00","mainEntityOfPage":{"@id":"https:\/\/www.caudete.org\/ayuntamiento\/teatro-infantil-blancanieves-compania-la-chana-teatro-sabado-19-de-marzo-1800-horas-auditorio-municipal-caudete\/"},"wordCount":185,"image":{"@id":"https:\/\/www.caudete.org\/ayuntamiento\/teatro-infantil-blancanieves-compania-la-chana-teatro-sabado-19-de-marzo-1800-horas-auditorio-municipal-caudete\/#primaryimage"},"thumbnailUrl":"https:\/\/www.caudete.org\/ayuntamiento\/wp-content\/uploads\/2022\/03\/BlancaNievesWEB.jpg","keywords":["Blancanieves","La Chana Teatro"],"articleSection":["Cultura"],"inLanguage":"es"},{"@type":"WebPage","@id":"https:\/\/www.caudete.org\/ayuntamiento\/teatro-infantil-blancanieves-compania-la-chana-teatro-sabado-19-de-marzo-1800-horas-auditorio-municipal-caudete\/","url":"https:\/\/www.caudete.org\/ayuntamiento\/teatro-infantil-blancanieves-compania-la-chana-teatro-sabado-19-de-marzo-1800-horas-auditorio-municipal-caudete\/","name":"TEATRO INFANTIL \u201cBLANCANIEVES\u201d. Compa\u00f1\u00eda La Chana Teatro. S\u00e1bado 19 de marzo 18:00 horas. Auditorio Municipal Caudete. - MI Ayuntamiento de Caudete","isPartOf":{"@id":"https:\/\/www.caudete.org\/ayuntamiento\/#website"},"primaryImageOfPage":{"@id":"https:\/\/www.caudete.org\/ayuntamiento\/teatro-infantil-blancanieves-compania-la-chana-teatro-sabado-19-de-marzo-1800-horas-auditorio-municipal-caudete\/#primaryimage"},"image":{"@id":"https:\/\/www.caudete.org\/ayuntamiento\/teatro-infantil-blancanieves-compania-la-chana-teatro-sabado-19-de-marzo-1800-horas-auditorio-municipal-caudete\/#primaryimage"},"thumbnailUrl":"https:\/\/www.caudete.org\/ayuntamiento\/wp-content\/uploads\/2022\/03\/BlancaNievesWEB.jpg","datePublished":"2022-03-11T15:45:12+00:00","author":{"@id":"https:\/\/www.caudete.org\/ayuntamiento\/#\/schema\/person\/7656a5bb58fca95b9814e940de0fda63"},"description":"P\u00e1gina Oficial del Ayuntamiento de Caudete (Albacete)","breadcrumb":{"@id":"https:\/\/www.caudete.org\/ayuntamiento\/teatro-infantil-blancanieves-compania-la-chana-teatro-sabado-19-de-marzo-1800-horas-auditorio-municipal-caudete\/#breadcrumb"},"inLanguage":"es","potentialAction":[{"@type":"ReadAction","target":["https:\/\/www.caudete.org\/ayuntamiento\/teatro-infantil-blancanieves-compania-la-chana-teatro-sabado-19-de-marzo-1800-horas-auditorio-municipal-caudete\/"]}]},{"@type":"ImageObject","inLanguage":"es","@id":"https:\/\/www.caudete.org\/ayuntamiento\/teatro-infantil-blancanieves-compania-la-chana-teatro-sabado-19-de-marzo-1800-horas-auditorio-municipal-caudete\/#primaryimage","url":"https:\/\/www.caudete.org\/ayuntamiento\/wp-content\/uploads\/2022\/03\/BlancaNievesWEB.jpg","contentUrl":"https:\/\/www.caudete.org\/ayuntamiento\/wp-content\/uploads\/2022\/03\/BlancaNievesWEB.jpg","width":864,"height":380},{"@type":"BreadcrumbList","@id":"https:\/\/www.caudete.org\/ayuntamiento\/teatro-infantil-blancanieves-compania-la-chana-teatro-sabado-19-de-marzo-1800-horas-auditorio-municipal-caudete\/#breadcrumb","itemListElement":[{"@type":"ListItem","position":1,"name":"Inicio","item":"https:\/\/www.caudete.org\/ayuntamiento\/"},{"@type":"ListItem","position":2,"name":"TEATRO INFANTIL \u201cBLANCANIEVES\u201d. Compa\u00f1\u00eda La Chana Teatro. S\u00e1bado 19 de marzo 18:00 horas. Auditorio Municipal Caudete."}]},{"@type":"WebSite","@id":"https:\/\/www.caudete.org\/ayuntamiento\/#website","url":"https:\/\/www.caudete.org\/ayuntamiento\/","name":"MI Ayuntamiento de Caudete","description":"P\u00e1gina Oficial del MI Ayuntamiento de Caudete","potentialAction":[{"@type":"SearchAction","target":{"@type":"EntryPoint","urlTemplate":"https:\/\/www.caudete.org\/ayuntamiento\/?s={search_term_string}"},"query-input":{"@type":"PropertyValueSpecification","valueRequired":true,"valueName":"search_term_string"}}],"inLanguage":"es"},{"@type":"Person","@id":"https:\/\/www.caudete.org\/ayuntamiento\/#\/schema\/person\/7656a5bb58fca95b9814e940de0fda63","name":"Juan","image":{"@type":"ImageObject","inLanguage":"es","@id":"https:\/\/secure.gravatar.com\/avatar\/dd53e51c0cd6ab23f52d4f3e4f1c59730240727763de3dbbf26750b079a2c292?s=96&d=mm&r=g","url":"https:\/\/secure.gravatar.com\/avatar\/dd53e51c0cd6ab23f52d4f3e4f1c59730240727763de3dbbf26750b079a2c292?s=96&d=mm&r=g","contentUrl":"https:\/\/secure.gravatar.com\/avatar\/dd53e51c0cd6ab23f52d4f3e4f1c59730240727763de3dbbf26750b079a2c292?s=96&d=mm&r=g","caption":"Juan"},"url":"https:\/\/www.caudete.org\/ayuntamiento\/author\/centrodeinternet\/"}]}},"_links":{"self":[{"href":"https:\/\/www.caudete.org\/ayuntamiento\/wp-json\/wp\/v2\/posts\/18404","targetHints":{"allow":["GET"]}}],"collection":[{"href":"https:\/\/www.caudete.org\/ayuntamiento\/wp-json\/wp\/v2\/posts"}],"about":[{"href":"https:\/\/www.caudete.org\/ayuntamiento\/wp-json\/wp\/v2\/types\/post"}],"author":[{"embeddable":true,"href":"https:\/\/www.caudete.org\/ayuntamiento\/wp-json\/wp\/v2\/users\/2"}],"replies":[{"embeddable":true,"href":"https:\/\/www.caudete.org\/ayuntamiento\/wp-json\/wp\/v2\/comments?post=18404"}],"version-history":[{"count":5,"href":"https:\/\/www.caudete.org\/ayuntamiento\/wp-json\/wp\/v2\/posts\/18404\/revisions"}],"predecessor-version":[{"id":18411,"href":"https:\/\/www.caudete.org\/ayuntamiento\/wp-json\/wp\/v2\/posts\/18404\/revisions\/18411"}],"wp:featuredmedia":[{"embeddable":true,"href":"https:\/\/www.caudete.org\/ayuntamiento\/wp-json\/wp\/v2\/media\/18406"}],"wp:attachment":[{"href":"https:\/\/www.caudete.org\/ayuntamiento\/wp-json\/wp\/v2\/media?parent=18404"}],"wp:term":[{"taxonomy":"category","embeddable":true,"href":"https:\/\/www.caudete.org\/ayuntamiento\/wp-json\/wp\/v2\/categories?post=18404"},{"taxonomy":"post_tag","embeddable":true,"href":"https:\/\/www.caudete.org\/ayuntamiento\/wp-json\/wp\/v2\/tags?post=18404"}],"curies":[{"name":"wp","href":"https:\/\/api.w.org\/{rel}","templated":true}]}}