{"id":18431,"date":"2022-03-15T12:53:54","date_gmt":"2022-03-15T11:53:54","guid":{"rendered":"https:\/\/www.caudete.org\/ayuntamiento\/?p=18431"},"modified":"2022-03-15T14:40:27","modified_gmt":"2022-03-15T13:40:27","slug":"15-de-marzo-dia-mundial-de-los-derechos-del-consumidor","status":"publish","type":"post","link":"https:\/\/www.caudete.org\/ayuntamiento\/15-de-marzo-dia-mundial-de-los-derechos-del-consumidor\/","title":{"rendered":"15 de marzo DIA MUNDIAL DE LOS DERECHOS DEL CONSUMIDOR"},"content":{"rendered":"<p>La Concejal\u00eda de Comercio, a trav\u00e9s de su Oficina de Consumo conmemora hoy, 15 de Marzo, el D\u00eda Mundial de los Derechos del Consumidor.<\/p>\n<p>Este d\u00eda se celebra desde 1983, eligi\u00e9ndose la fecha por el d\u00eda en el que el Presidente de los Estados Unidos, John F. Kennedy en el a\u00f1o 1962, enunci\u00f3 ante el Congreso norteamericano, los cuatro derechos b\u00e1sicos del consumidor: derechos a productos y servicios seguros, derecho a ser informado, derecho a elegir y derecho a ser escuchado. Estos derechos fueron incorporados a las Directrices de la ONU para la protecci\u00f3n de los consumidores en 1985.<\/p>\n<p>La Oficina de Consumido de Caudete atendi\u00f3 en el a\u00f1o 2021 m\u00e1s de un centenar de demandas de consumo y de 500 consultas, en su mayor\u00eda del sector de bienes y servicios, bancos, telecomunicaciones y aseguradoras.<\/p>\n<p>Este a\u00f1o, el D\u00eda Muncial de los Derechos de los Consumidores tiene como lema \u201c<strong>Est\u00e1s cuidando el planeta y quiz\u00e1s no lo sabes\u201d<\/strong>.<\/p>\n<p>El Ministerio de Consumo indica como principales directrices:<\/p>\n<p>&#8211; Reutilizar y\/o arreglar nuestra ropa ( Arreglar ropa, intercambiarla, customizarla y comprarla de segunda mano, evita el impacto medioambiental de generar y distribuir nuevas prendas).<\/p>\n<p>&#8211; Reutilizar y\/o arreglar nuestros terminales m\u00f3viles ( La tecnolog\u00eda, debido a la gran diversidad de materiales que necesita para su fabricaci6n, tiene una alta huella medioambiental).<\/p>\n<p>&#8211; Viajar m\u00e1s en tren o bus que en avi\u00f3n (Es el medio de transporte que mas contamina y el que mas gases de efecto invernadero genera).<\/p>\n<p>&#8211; Utilizar bolsas de Tela.<\/p>\n<p>&#8211; Comprar en Comercio local.<\/p>\n<p>La Oficina de Consumo est\u00e1 abierta en el edificio de la Casa de Cultura, de Lunes a Jueves de 9:00 horas a 14:00 horas. Tel\u00e9fono 965828133. E.mail <a href=\"mailto:consumo@caudete.org\" target=\"_blank\" rel=\"nofollow\">consumo@caudete.org<\/a><\/p>\n<p><a href=\"https:\/\/www.caudete.org\/ayuntamiento\/wp-content\/uploads\/2022\/03\/portada.jpg\" rel='prettyPhoto'><img fetchpriority=\"high\" decoding=\"async\" class=\"aligncenter wp-image-18440 \" src=\"https:\/\/www.caudete.org\/ayuntamiento\/wp-content\/uploads\/2022\/03\/portada-240x300.jpg\" alt=\"\" width=\"733\" height=\"917\" srcset=\"https:\/\/www.caudete.org\/ayuntamiento\/wp-content\/uploads\/2022\/03\/portada-240x300.jpg 240w, https:\/\/www.caudete.org\/ayuntamiento\/wp-content\/uploads\/2022\/03\/portada-819x1024.jpg 819w, https:\/\/www.caudete.org\/ayuntamiento\/wp-content\/uploads\/2022\/03\/portada-768x960.jpg 768w, https:\/\/www.caudete.org\/ayuntamiento\/wp-content\/uploads\/2022\/03\/portada.jpg 1200w\" sizes=\"(max-width: 733px) 100vw, 733px\" \/><\/a><\/p>\n<p style=\"text-align: center;\"><strong><span style=\"font-size: 14pt;\">\u00a0 \u00a0Nota de Prensa.<\/span> <span style=\"font-size: 14pt;\">Clic aqu\u00ed.<\/span><\/strong>\u00a0 \u00a0<a href=\"https:\/\/www.caudete.org\/ayuntamiento\/wp-content\/uploads\/2022\/03\/NotaPrensa150322.pdf\" class=\"mtli_attachment mtli_pdf\"><span style=\"font-size: 14pt;\"><strong>EST\u00c1S CUIDANDO EL PLANETA.\u00a0<\/strong><\/span><\/a><\/p>\n<p>&nbsp;<\/p>\n<p>&nbsp;<\/p>\n","protected":false},"excerpt":{"rendered":"<p>La Concejal\u00eda de Comercio, a trav\u00e9s de su Oficina de Consumo conmemora hoy, 15 de Marzo, el D\u00eda Mundial de los Derechos del Consumidor. Este d\u00eda se celebra desde 1983, eligi\u00e9ndose la fecha por el d\u00eda en el que el Presidente de los Estados Unidos, John F. Kennedy en el a\u00f1o 1962, enunci\u00f3 ante el &hellip;<\/p>\n","protected":false},"author":2,"featured_media":18433,"comment_status":"closed","ping_status":"open","sticky":false,"template":"","format":"standard","meta":{"ngg_post_thumbnail":0,"footnotes":""},"categories":[42],"tags":[809],"class_list":["post-18431","post","type-post","status-publish","format-standard","has-post-thumbnail","hentry","category-comercio","tag-derechos-del-consumidor"],"yoast_head":"<!-- This site is optimized with the Yoast SEO plugin v27.5 - https:\/\/yoast.com\/product\/yoast-seo-wordpress\/ -->\n<title>15 de marzo DIA MUNDIAL DE LOS DERECHOS DEL CONSUMIDOR - MI Ayuntamiento de Caudete<\/title>\n<meta name=\"description\" content=\"P\u00e1gina Oficial del Ayuntamiento de Caudete (Albacete)\" \/>\n<meta name=\"robots\" content=\"index, follow, max-snippet:-1, max-image-preview:large, max-video-preview:-1\" \/>\n<link rel=\"canonical\" href=\"https:\/\/www.caudete.org\/ayuntamiento\/15-de-marzo-dia-mundial-de-los-derechos-del-consumidor\/\" \/>\n<meta property=\"og:locale\" content=\"es_ES\" \/>\n<meta property=\"og:type\" content=\"article\" \/>\n<meta property=\"og:title\" content=\"15 de marzo DIA MUNDIAL DE LOS DERECHOS DEL CONSUMIDOR - MI Ayuntamiento de Caudete\" \/>\n<meta property=\"og:description\" content=\"P\u00e1gina Oficial del Ayuntamiento de Caudete (Albacete)\" \/>\n<meta property=\"og:url\" content=\"https:\/\/www.caudete.org\/ayuntamiento\/15-de-marzo-dia-mundial-de-los-derechos-del-consumidor\/\" \/>\n<meta property=\"og:site_name\" content=\"MI Ayuntamiento de Caudete\" \/>\n<meta property=\"article:publisher\" content=\"https:\/\/www.facebook.com\/ayuntamientocaudete\/\" \/>\n<meta property=\"article:published_time\" content=\"2022-03-15T11:53:54+00:00\" \/>\n<meta property=\"article:modified_time\" content=\"2022-03-15T13:40:27+00:00\" \/>\n<meta property=\"og:image\" content=\"https:\/\/www.caudete.org\/ayuntamiento\/wp-content\/uploads\/2022\/03\/Derechos-del-consumidor-WEB.jpg\" \/>\n\t<meta property=\"og:image:width\" content=\"864\" \/>\n\t<meta property=\"og:image:height\" content=\"380\" \/>\n\t<meta property=\"og:image:type\" content=\"image\/jpeg\" \/>\n<meta name=\"author\" content=\"Juan\" \/>\n<meta name=\"twitter:card\" content=\"summary_large_image\" \/>\n<meta name=\"twitter:label1\" content=\"Escrito por\" \/>\n\t<meta name=\"twitter:data1\" content=\"Juan\" \/>\n\t<meta name=\"twitter:label2\" content=\"Tiempo de lectura\" \/>\n\t<meta name=\"twitter:data2\" content=\"2 minutos\" \/>\n<script type=\"application\/ld+json\" class=\"yoast-schema-graph\">{\"@context\":\"https:\\\/\\\/schema.org\",\"@graph\":[{\"@type\":\"Article\",\"@id\":\"https:\\\/\\\/www.caudete.org\\\/ayuntamiento\\\/15-de-marzo-dia-mundial-de-los-derechos-del-consumidor\\\/#article\",\"isPartOf\":{\"@id\":\"https:\\\/\\\/www.caudete.org\\\/ayuntamiento\\\/15-de-marzo-dia-mundial-de-los-derechos-del-consumidor\\\/\"},\"author\":{\"name\":\"Juan\",\"@id\":\"https:\\\/\\\/www.caudete.org\\\/ayuntamiento\\\/#\\\/schema\\\/person\\\/7656a5bb58fca95b9814e940de0fda63\"},\"headline\":\"15 de marzo DIA MUNDIAL DE LOS DERECHOS DEL CONSUMIDOR\",\"datePublished\":\"2022-03-15T11:53:54+00:00\",\"dateModified\":\"2022-03-15T13:40:27+00:00\",\"mainEntityOfPage\":{\"@id\":\"https:\\\/\\\/www.caudete.org\\\/ayuntamiento\\\/15-de-marzo-dia-mundial-de-los-derechos-del-consumidor\\\/\"},\"wordCount\":321,\"publisher\":{\"@id\":\"https:\\\/\\\/www.caudete.org\\\/ayuntamiento\\\/#organization\"},\"image\":{\"@id\":\"https:\\\/\\\/www.caudete.org\\\/ayuntamiento\\\/15-de-marzo-dia-mundial-de-los-derechos-del-consumidor\\\/#primaryimage\"},\"thumbnailUrl\":\"https:\\\/\\\/www.caudete.org\\\/ayuntamiento\\\/wp-content\\\/uploads\\\/2022\\\/03\\\/Derechos-del-consumidor-WEB.jpg\",\"keywords\":[\"Derechos del consumidor\"],\"articleSection\":[\"Comercio\"],\"inLanguage\":\"es\"},{\"@type\":\"WebPage\",\"@id\":\"https:\\\/\\\/www.caudete.org\\\/ayuntamiento\\\/15-de-marzo-dia-mundial-de-los-derechos-del-consumidor\\\/\",\"url\":\"https:\\\/\\\/www.caudete.org\\\/ayuntamiento\\\/15-de-marzo-dia-mundial-de-los-derechos-del-consumidor\\\/\",\"name\":\"15 de marzo DIA MUNDIAL DE LOS DERECHOS DEL CONSUMIDOR - MI Ayuntamiento de Caudete\",\"isPartOf\":{\"@id\":\"https:\\\/\\\/www.caudete.org\\\/ayuntamiento\\\/#website\"},\"primaryImageOfPage\":{\"@id\":\"https:\\\/\\\/www.caudete.org\\\/ayuntamiento\\\/15-de-marzo-dia-mundial-de-los-derechos-del-consumidor\\\/#primaryimage\"},\"image\":{\"@id\":\"https:\\\/\\\/www.caudete.org\\\/ayuntamiento\\\/15-de-marzo-dia-mundial-de-los-derechos-del-consumidor\\\/#primaryimage\"},\"thumbnailUrl\":\"https:\\\/\\\/www.caudete.org\\\/ayuntamiento\\\/wp-content\\\/uploads\\\/2022\\\/03\\\/Derechos-del-consumidor-WEB.jpg\",\"datePublished\":\"2022-03-15T11:53:54+00:00\",\"dateModified\":\"2022-03-15T13:40:27+00:00\",\"description\":\"P\u00e1gina Oficial del Ayuntamiento de Caudete (Albacete)\",\"breadcrumb\":{\"@id\":\"https:\\\/\\\/www.caudete.org\\\/ayuntamiento\\\/15-de-marzo-dia-mundial-de-los-derechos-del-consumidor\\\/#breadcrumb\"},\"inLanguage\":\"es\",\"potentialAction\":[{\"@type\":\"ReadAction\",\"target\":[\"https:\\\/\\\/www.caudete.org\\\/ayuntamiento\\\/15-de-marzo-dia-mundial-de-los-derechos-del-consumidor\\\/\"]}]},{\"@type\":\"ImageObject\",\"inLanguage\":\"es\",\"@id\":\"https:\\\/\\\/www.caudete.org\\\/ayuntamiento\\\/15-de-marzo-dia-mundial-de-los-derechos-del-consumidor\\\/#primaryimage\",\"url\":\"https:\\\/\\\/www.caudete.org\\\/ayuntamiento\\\/wp-content\\\/uploads\\\/2022\\\/03\\\/Derechos-del-consumidor-WEB.jpg\",\"contentUrl\":\"https:\\\/\\\/www.caudete.org\\\/ayuntamiento\\\/wp-content\\\/uploads\\\/2022\\\/03\\\/Derechos-del-consumidor-WEB.jpg\",\"width\":864,\"height\":380},{\"@type\":\"BreadcrumbList\",\"@id\":\"https:\\\/\\\/www.caudete.org\\\/ayuntamiento\\\/15-de-marzo-dia-mundial-de-los-derechos-del-consumidor\\\/#breadcrumb\",\"itemListElement\":[{\"@type\":\"ListItem\",\"position\":1,\"name\":\"Inicio\",\"item\":\"https:\\\/\\\/www.caudete.org\\\/ayuntamiento\\\/\"},{\"@type\":\"ListItem\",\"position\":2,\"name\":\"15 de marzo DIA MUNDIAL DE LOS DERECHOS DEL CONSUMIDOR\"}]},{\"@type\":\"WebSite\",\"@id\":\"https:\\\/\\\/www.caudete.org\\\/ayuntamiento\\\/#website\",\"url\":\"https:\\\/\\\/www.caudete.org\\\/ayuntamiento\\\/\",\"name\":\"MI Ayuntamiento de Caudete\",\"description\":\"P\u00e1gina Oficial del MI Ayuntamiento de Caudete\",\"publisher\":{\"@id\":\"https:\\\/\\\/www.caudete.org\\\/ayuntamiento\\\/#organization\"},\"potentialAction\":[{\"@type\":\"SearchAction\",\"target\":{\"@type\":\"EntryPoint\",\"urlTemplate\":\"https:\\\/\\\/www.caudete.org\\\/ayuntamiento\\\/?s={search_term_string}\"},\"query-input\":{\"@type\":\"PropertyValueSpecification\",\"valueRequired\":true,\"valueName\":\"search_term_string\"}}],\"inLanguage\":\"es\"},{\"@type\":\"Organization\",\"@id\":\"https:\\\/\\\/www.caudete.org\\\/ayuntamiento\\\/#organization\",\"name\":\"Ayuntamiento de Caudete\",\"url\":\"https:\\\/\\\/www.caudete.org\\\/ayuntamiento\\\/\",\"logo\":{\"@type\":\"ImageObject\",\"inLanguage\":\"es\",\"@id\":\"https:\\\/\\\/www.caudete.org\\\/ayuntamiento\\\/#\\\/schema\\\/logo\\\/image\\\/\",\"url\":\"https:\\\/\\\/www.caudete.org\\\/ayuntamiento\\\/wp-content\\\/uploads\\\/2020\\\/11\\\/logo_ayuntamiento_caudete.jpg\",\"contentUrl\":\"https:\\\/\\\/www.caudete.org\\\/ayuntamiento\\\/wp-content\\\/uploads\\\/2020\\\/11\\\/logo_ayuntamiento_caudete.jpg\",\"width\":600,\"height\":150,\"caption\":\"Ayuntamiento de Caudete\"},\"image\":{\"@id\":\"https:\\\/\\\/www.caudete.org\\\/ayuntamiento\\\/#\\\/schema\\\/logo\\\/image\\\/\"},\"sameAs\":[\"https:\\\/\\\/www.facebook.com\\\/ayuntamientocaudete\\\/\",\"https:\\\/\\\/www.youtube.com\\\/channel\\\/UC6VztHaooNsGpw-tNoBEFnQ\"]},{\"@type\":\"Person\",\"@id\":\"https:\\\/\\\/www.caudete.org\\\/ayuntamiento\\\/#\\\/schema\\\/person\\\/7656a5bb58fca95b9814e940de0fda63\",\"name\":\"Juan\",\"image\":{\"@type\":\"ImageObject\",\"inLanguage\":\"es\",\"@id\":\"https:\\\/\\\/secure.gravatar.com\\\/avatar\\\/dd53e51c0cd6ab23f52d4f3e4f1c59730240727763de3dbbf26750b079a2c292?s=96&d=mm&r=g\",\"url\":\"https:\\\/\\\/secure.gravatar.com\\\/avatar\\\/dd53e51c0cd6ab23f52d4f3e4f1c59730240727763de3dbbf26750b079a2c292?s=96&d=mm&r=g\",\"contentUrl\":\"https:\\\/\\\/secure.gravatar.com\\\/avatar\\\/dd53e51c0cd6ab23f52d4f3e4f1c59730240727763de3dbbf26750b079a2c292?s=96&d=mm&r=g\",\"caption\":\"Juan\"},\"url\":\"https:\\\/\\\/www.caudete.org\\\/ayuntamiento\\\/author\\\/centrodeinternet\\\/\"}]}<\/script>\n<!-- \/ Yoast SEO plugin. -->","yoast_head_json":{"title":"15 de marzo DIA MUNDIAL DE LOS DERECHOS DEL CONSUMIDOR - MI Ayuntamiento de Caudete","description":"P\u00e1gina Oficial del Ayuntamiento de Caudete (Albacete)","robots":{"index":"index","follow":"follow","max-snippet":"max-snippet:-1","max-image-preview":"max-image-preview:large","max-video-preview":"max-video-preview:-1"},"canonical":"https:\/\/www.caudete.org\/ayuntamiento\/15-de-marzo-dia-mundial-de-los-derechos-del-consumidor\/","og_locale":"es_ES","og_type":"article","og_title":"15 de marzo DIA MUNDIAL DE LOS DERECHOS DEL CONSUMIDOR - MI Ayuntamiento de Caudete","og_description":"P\u00e1gina Oficial del Ayuntamiento de Caudete (Albacete)","og_url":"https:\/\/www.caudete.org\/ayuntamiento\/15-de-marzo-dia-mundial-de-los-derechos-del-consumidor\/","og_site_name":"MI Ayuntamiento de Caudete","article_publisher":"https:\/\/www.facebook.com\/ayuntamientocaudete\/","article_published_time":"2022-03-15T11:53:54+00:00","article_modified_time":"2022-03-15T13:40:27+00:00","og_image":[{"width":864,"height":380,"url":"https:\/\/www.caudete.org\/ayuntamiento\/wp-content\/uploads\/2022\/03\/Derechos-del-consumidor-WEB.jpg","type":"image\/jpeg"}],"author":"Juan","twitter_card":"summary_large_image","twitter_misc":{"Escrito por":"Juan","Tiempo de lectura":"2 minutos"},"schema":{"@context":"https:\/\/schema.org","@graph":[{"@type":"Article","@id":"https:\/\/www.caudete.org\/ayuntamiento\/15-de-marzo-dia-mundial-de-los-derechos-del-consumidor\/#article","isPartOf":{"@id":"https:\/\/www.caudete.org\/ayuntamiento\/15-de-marzo-dia-mundial-de-los-derechos-del-consumidor\/"},"author":{"name":"Juan","@id":"https:\/\/www.caudete.org\/ayuntamiento\/#\/schema\/person\/7656a5bb58fca95b9814e940de0fda63"},"headline":"15 de marzo DIA MUNDIAL DE LOS DERECHOS DEL CONSUMIDOR","datePublished":"2022-03-15T11:53:54+00:00","dateModified":"2022-03-15T13:40:27+00:00","mainEntityOfPage":{"@id":"https:\/\/www.caudete.org\/ayuntamiento\/15-de-marzo-dia-mundial-de-los-derechos-del-consumidor\/"},"wordCount":321,"publisher":{"@id":"https:\/\/www.caudete.org\/ayuntamiento\/#organization"},"image":{"@id":"https:\/\/www.caudete.org\/ayuntamiento\/15-de-marzo-dia-mundial-de-los-derechos-del-consumidor\/#primaryimage"},"thumbnailUrl":"https:\/\/www.caudete.org\/ayuntamiento\/wp-content\/uploads\/2022\/03\/Derechos-del-consumidor-WEB.jpg","keywords":["Derechos del consumidor"],"articleSection":["Comercio"],"inLanguage":"es"},{"@type":"WebPage","@id":"https:\/\/www.caudete.org\/ayuntamiento\/15-de-marzo-dia-mundial-de-los-derechos-del-consumidor\/","url":"https:\/\/www.caudete.org\/ayuntamiento\/15-de-marzo-dia-mundial-de-los-derechos-del-consumidor\/","name":"15 de marzo DIA MUNDIAL DE LOS DERECHOS DEL CONSUMIDOR - MI Ayuntamiento de Caudete","isPartOf":{"@id":"https:\/\/www.caudete.org\/ayuntamiento\/#website"},"primaryImageOfPage":{"@id":"https:\/\/www.caudete.org\/ayuntamiento\/15-de-marzo-dia-mundial-de-los-derechos-del-consumidor\/#primaryimage"},"image":{"@id":"https:\/\/www.caudete.org\/ayuntamiento\/15-de-marzo-dia-mundial-de-los-derechos-del-consumidor\/#primaryimage"},"thumbnailUrl":"https:\/\/www.caudete.org\/ayuntamiento\/wp-content\/uploads\/2022\/03\/Derechos-del-consumidor-WEB.jpg","datePublished":"2022-03-15T11:53:54+00:00","dateModified":"2022-03-15T13:40:27+00:00","description":"P\u00e1gina Oficial del Ayuntamiento de Caudete (Albacete)","breadcrumb":{"@id":"https:\/\/www.caudete.org\/ayuntamiento\/15-de-marzo-dia-mundial-de-los-derechos-del-consumidor\/#breadcrumb"},"inLanguage":"es","potentialAction":[{"@type":"ReadAction","target":["https:\/\/www.caudete.org\/ayuntamiento\/15-de-marzo-dia-mundial-de-los-derechos-del-consumidor\/"]}]},{"@type":"ImageObject","inLanguage":"es","@id":"https:\/\/www.caudete.org\/ayuntamiento\/15-de-marzo-dia-mundial-de-los-derechos-del-consumidor\/#primaryimage","url":"https:\/\/www.caudete.org\/ayuntamiento\/wp-content\/uploads\/2022\/03\/Derechos-del-consumidor-WEB.jpg","contentUrl":"https:\/\/www.caudete.org\/ayuntamiento\/wp-content\/uploads\/2022\/03\/Derechos-del-consumidor-WEB.jpg","width":864,"height":380},{"@type":"BreadcrumbList","@id":"https:\/\/www.caudete.org\/ayuntamiento\/15-de-marzo-dia-mundial-de-los-derechos-del-consumidor\/#breadcrumb","itemListElement":[{"@type":"ListItem","position":1,"name":"Inicio","item":"https:\/\/www.caudete.org\/ayuntamiento\/"},{"@type":"ListItem","position":2,"name":"15 de marzo DIA MUNDIAL DE LOS DERECHOS DEL CONSUMIDOR"}]},{"@type":"WebSite","@id":"https:\/\/www.caudete.org\/ayuntamiento\/#website","url":"https:\/\/www.caudete.org\/ayuntamiento\/","name":"MI Ayuntamiento de Caudete","description":"P\u00e1gina Oficial del MI Ayuntamiento de Caudete","publisher":{"@id":"https:\/\/www.caudete.org\/ayuntamiento\/#organization"},"potentialAction":[{"@type":"SearchAction","target":{"@type":"EntryPoint","urlTemplate":"https:\/\/www.caudete.org\/ayuntamiento\/?s={search_term_string}"},"query-input":{"@type":"PropertyValueSpecification","valueRequired":true,"valueName":"search_term_string"}}],"inLanguage":"es"},{"@type":"Organization","@id":"https:\/\/www.caudete.org\/ayuntamiento\/#organization","name":"Ayuntamiento de Caudete","url":"https:\/\/www.caudete.org\/ayuntamiento\/","logo":{"@type":"ImageObject","inLanguage":"es","@id":"https:\/\/www.caudete.org\/ayuntamiento\/#\/schema\/logo\/image\/","url":"https:\/\/www.caudete.org\/ayuntamiento\/wp-content\/uploads\/2020\/11\/logo_ayuntamiento_caudete.jpg","contentUrl":"https:\/\/www.caudete.org\/ayuntamiento\/wp-content\/uploads\/2020\/11\/logo_ayuntamiento_caudete.jpg","width":600,"height":150,"caption":"Ayuntamiento de Caudete"},"image":{"@id":"https:\/\/www.caudete.org\/ayuntamiento\/#\/schema\/logo\/image\/"},"sameAs":["https:\/\/www.facebook.com\/ayuntamientocaudete\/","https:\/\/www.youtube.com\/channel\/UC6VztHaooNsGpw-tNoBEFnQ"]},{"@type":"Person","@id":"https:\/\/www.caudete.org\/ayuntamiento\/#\/schema\/person\/7656a5bb58fca95b9814e940de0fda63","name":"Juan","image":{"@type":"ImageObject","inLanguage":"es","@id":"https:\/\/secure.gravatar.com\/avatar\/dd53e51c0cd6ab23f52d4f3e4f1c59730240727763de3dbbf26750b079a2c292?s=96&d=mm&r=g","url":"https:\/\/secure.gravatar.com\/avatar\/dd53e51c0cd6ab23f52d4f3e4f1c59730240727763de3dbbf26750b079a2c292?s=96&d=mm&r=g","contentUrl":"https:\/\/secure.gravatar.com\/avatar\/dd53e51c0cd6ab23f52d4f3e4f1c59730240727763de3dbbf26750b079a2c292?s=96&d=mm&r=g","caption":"Juan"},"url":"https:\/\/www.caudete.org\/ayuntamiento\/author\/centrodeinternet\/"}]}},"_links":{"self":[{"href":"https:\/\/www.caudete.org\/ayuntamiento\/wp-json\/wp\/v2\/posts\/18431","targetHints":{"allow":["GET"]}}],"collection":[{"href":"https:\/\/www.caudete.org\/ayuntamiento\/wp-json\/wp\/v2\/posts"}],"about":[{"href":"https:\/\/www.caudete.org\/ayuntamiento\/wp-json\/wp\/v2\/types\/post"}],"author":[{"embeddable":true,"href":"https:\/\/www.caudete.org\/ayuntamiento\/wp-json\/wp\/v2\/users\/2"}],"replies":[{"embeddable":true,"href":"https:\/\/www.caudete.org\/ayuntamiento\/wp-json\/wp\/v2\/comments?post=18431"}],"version-history":[{"count":9,"href":"https:\/\/www.caudete.org\/ayuntamiento\/wp-json\/wp\/v2\/posts\/18431\/revisions"}],"predecessor-version":[{"id":18443,"href":"https:\/\/www.caudete.org\/ayuntamiento\/wp-json\/wp\/v2\/posts\/18431\/revisions\/18443"}],"wp:featuredmedia":[{"embeddable":true,"href":"https:\/\/www.caudete.org\/ayuntamiento\/wp-json\/wp\/v2\/media\/18433"}],"wp:attachment":[{"href":"https:\/\/www.caudete.org\/ayuntamiento\/wp-json\/wp\/v2\/media?parent=18431"}],"wp:term":[{"taxonomy":"category","embeddable":true,"href":"https:\/\/www.caudete.org\/ayuntamiento\/wp-json\/wp\/v2\/categories?post=18431"},{"taxonomy":"post_tag","embeddable":true,"href":"https:\/\/www.caudete.org\/ayuntamiento\/wp-json\/wp\/v2\/tags?post=18431"}],"curies":[{"name":"wp","href":"https:\/\/api.w.org\/{rel}","templated":true}]}}