{"id":18477,"date":"2022-03-21T09:19:44","date_gmt":"2022-03-21T08:19:44","guid":{"rendered":"https:\/\/www.caudete.org\/ayuntamiento\/?p=18477"},"modified":"2022-03-21T09:19:44","modified_gmt":"2022-03-21T08:19:44","slug":"la-policia-local-instruye-diligencias-penales-a-un-conductor-implicado-en-accidente-por-delito-contra-la-seguridad-vial","status":"publish","type":"post","link":"https:\/\/www.caudete.org\/ayuntamiento\/la-policia-local-instruye-diligencias-penales-a-un-conductor-implicado-en-accidente-por-delito-contra-la-seguridad-vial\/","title":{"rendered":"La Polic\u00eda Local instruye diligencias penales a un conductor implicado en accidente, por delito contra la seguridad vial"},"content":{"rendered":"<p style=\"text-align: justify;\">M\u00aa del Mar Requena, Concejal de Interior, ha informado sobre una de las actuaciones desarrolladas por la Polic\u00eda Local de Caudete, que pone en manos de la Justicia las diligencias penales de un conductor por delito contra la Seguridad Vial.<\/p>\n<p style=\"text-align: justify;\">Los hechos se remontan al pasado d\u00eda 29 de enero, en el que se produc\u00eda un accidente de tr\u00e1fico en el casco urbano al perder el control el conductor de un ciclomotor y colisionar con la pared de un edificio,\u00a0 march\u00e1ndose apresuradamente del lugar y\u00a0 retirando el ciclomotor r\u00e1pidamente del lugar del siniestro con ayuda de otras personas, hechos que fueron presenciados y grabados por varios testigos.<\/p>\n<p style=\"text-align: justify;\">\nTras la primera intervenci\u00f3n llevada a cabo por agentes de la Guardia Civil de Caudete y la posterior investigaci\u00f3n, se logr\u00f3 identificar al conductor del ciclomotor, averiguando tambi\u00e9n que el mismo carec\u00eda de permiso de conducir.<\/p>\n<p style=\"text-align: justify;\">\nPor este motivo, por parte de agentes de la Polic\u00eda Local de Caudete se ha procedido a la instrucci\u00f3n de Diligencias Penales por un Presunto Delito contra la Seguridad Vial, las cuales han sido enviadas al Juzgado de Almansa.<\/p>\n","protected":false},"excerpt":{"rendered":"<p>M\u00aa del Mar Requena, Concejal de Interior, ha informado sobre una de las actuaciones desarrolladas por la Polic\u00eda Local de Caudete, que pone en manos de la Justicia las diligencias penales de un conductor por delito contra la Seguridad Vial. Los hechos se remontan al pasado d\u00eda 29 de enero, en el que se produc\u00eda &hellip;<\/p>\n","protected":false},"author":3,"featured_media":13833,"comment_status":"closed","ping_status":"open","sticky":false,"template":"","format":"standard","meta":{"ngg_post_thumbnail":0,"footnotes":""},"categories":[35],"tags":[],"class_list":["post-18477","post","type-post","status-publish","format-standard","has-post-thumbnail","hentry","category-policia-local"],"yoast_head":"<!-- This site is optimized with the Yoast SEO plugin v27.5 - https:\/\/yoast.com\/product\/yoast-seo-wordpress\/ -->\n<title>La Polic\u00eda Local instruye diligencias penales a un conductor implicado en accidente, por delito contra la seguridad vial - MI Ayuntamiento de Caudete<\/title>\n<meta name=\"description\" content=\"P\u00e1gina Oficial del Ayuntamiento de Caudete (Albacete)\" \/>\n<meta name=\"robots\" content=\"index, follow, max-snippet:-1, max-image-preview:large, max-video-preview:-1\" \/>\n<link rel=\"canonical\" href=\"https:\/\/www.caudete.org\/ayuntamiento\/la-policia-local-instruye-diligencias-penales-a-un-conductor-implicado-en-accidente-por-delito-contra-la-seguridad-vial\/\" \/>\n<meta property=\"og:locale\" content=\"es_ES\" \/>\n<meta property=\"og:type\" content=\"article\" \/>\n<meta property=\"og:title\" content=\"La Polic\u00eda Local instruye diligencias penales a un conductor implicado en accidente, por delito contra la seguridad vial - MI Ayuntamiento de Caudete\" \/>\n<meta property=\"og:description\" content=\"P\u00e1gina Oficial del Ayuntamiento de Caudete (Albacete)\" \/>\n<meta property=\"og:url\" content=\"https:\/\/www.caudete.org\/ayuntamiento\/la-policia-local-instruye-diligencias-penales-a-un-conductor-implicado-en-accidente-por-delito-contra-la-seguridad-vial\/\" \/>\n<meta property=\"og:site_name\" content=\"MI Ayuntamiento de Caudete\" \/>\n<meta property=\"article:publisher\" content=\"https:\/\/www.facebook.com\/ayuntamientocaudete\/\" \/>\n<meta property=\"article:published_time\" content=\"2022-03-21T08:19:44+00:00\" \/>\n<meta property=\"og:image\" content=\"https:\/\/www.caudete.org\/ayuntamiento\/wp-content\/uploads\/2021\/04\/Policia-Local-web.jpg\" \/>\n\t<meta property=\"og:image:width\" content=\"864\" \/>\n\t<meta property=\"og:image:height\" content=\"378\" \/>\n\t<meta property=\"og:image:type\" content=\"image\/jpeg\" \/>\n<meta name=\"author\" content=\"alcalde\" \/>\n<meta name=\"twitter:card\" content=\"summary_large_image\" \/>\n<meta name=\"twitter:label1\" content=\"Escrito por\" \/>\n\t<meta name=\"twitter:data1\" content=\"alcalde\" \/>\n\t<meta name=\"twitter:label2\" content=\"Tiempo de lectura\" \/>\n\t<meta name=\"twitter:data2\" content=\"1 minuto\" \/>\n<script type=\"application\/ld+json\" class=\"yoast-schema-graph\">{\"@context\":\"https:\\\/\\\/schema.org\",\"@graph\":[{\"@type\":\"Article\",\"@id\":\"https:\\\/\\\/www.caudete.org\\\/ayuntamiento\\\/la-policia-local-instruye-diligencias-penales-a-un-conductor-implicado-en-accidente-por-delito-contra-la-seguridad-vial\\\/#article\",\"isPartOf\":{\"@id\":\"https:\\\/\\\/www.caudete.org\\\/ayuntamiento\\\/la-policia-local-instruye-diligencias-penales-a-un-conductor-implicado-en-accidente-por-delito-contra-la-seguridad-vial\\\/\"},\"author\":{\"name\":\"alcalde\",\"@id\":\"https:\\\/\\\/www.caudete.org\\\/ayuntamiento\\\/#\\\/schema\\\/person\\\/cc646da9133078ee4d8dd47457947253\"},\"headline\":\"La Polic\u00eda Local instruye diligencias penales a un conductor implicado en accidente, por delito contra la seguridad vial\",\"datePublished\":\"2022-03-21T08:19:44+00:00\",\"mainEntityOfPage\":{\"@id\":\"https:\\\/\\\/www.caudete.org\\\/ayuntamiento\\\/la-policia-local-instruye-diligencias-penales-a-un-conductor-implicado-en-accidente-por-delito-contra-la-seguridad-vial\\\/\"},\"wordCount\":212,\"image\":{\"@id\":\"https:\\\/\\\/www.caudete.org\\\/ayuntamiento\\\/la-policia-local-instruye-diligencias-penales-a-un-conductor-implicado-en-accidente-por-delito-contra-la-seguridad-vial\\\/#primaryimage\"},\"thumbnailUrl\":\"https:\\\/\\\/www.caudete.org\\\/ayuntamiento\\\/wp-content\\\/uploads\\\/2021\\\/04\\\/Policia-Local-web.jpg\",\"articleSection\":[\"Polic\u00eda Local\"],\"inLanguage\":\"es\"},{\"@type\":\"WebPage\",\"@id\":\"https:\\\/\\\/www.caudete.org\\\/ayuntamiento\\\/la-policia-local-instruye-diligencias-penales-a-un-conductor-implicado-en-accidente-por-delito-contra-la-seguridad-vial\\\/\",\"url\":\"https:\\\/\\\/www.caudete.org\\\/ayuntamiento\\\/la-policia-local-instruye-diligencias-penales-a-un-conductor-implicado-en-accidente-por-delito-contra-la-seguridad-vial\\\/\",\"name\":\"La Polic\u00eda Local instruye diligencias penales a un conductor implicado en accidente, por delito contra la seguridad vial - MI Ayuntamiento de Caudete\",\"isPartOf\":{\"@id\":\"https:\\\/\\\/www.caudete.org\\\/ayuntamiento\\\/#website\"},\"primaryImageOfPage\":{\"@id\":\"https:\\\/\\\/www.caudete.org\\\/ayuntamiento\\\/la-policia-local-instruye-diligencias-penales-a-un-conductor-implicado-en-accidente-por-delito-contra-la-seguridad-vial\\\/#primaryimage\"},\"image\":{\"@id\":\"https:\\\/\\\/www.caudete.org\\\/ayuntamiento\\\/la-policia-local-instruye-diligencias-penales-a-un-conductor-implicado-en-accidente-por-delito-contra-la-seguridad-vial\\\/#primaryimage\"},\"thumbnailUrl\":\"https:\\\/\\\/www.caudete.org\\\/ayuntamiento\\\/wp-content\\\/uploads\\\/2021\\\/04\\\/Policia-Local-web.jpg\",\"datePublished\":\"2022-03-21T08:19:44+00:00\",\"author\":{\"@id\":\"https:\\\/\\\/www.caudete.org\\\/ayuntamiento\\\/#\\\/schema\\\/person\\\/cc646da9133078ee4d8dd47457947253\"},\"description\":\"P\u00e1gina Oficial del Ayuntamiento de Caudete (Albacete)\",\"breadcrumb\":{\"@id\":\"https:\\\/\\\/www.caudete.org\\\/ayuntamiento\\\/la-policia-local-instruye-diligencias-penales-a-un-conductor-implicado-en-accidente-por-delito-contra-la-seguridad-vial\\\/#breadcrumb\"},\"inLanguage\":\"es\",\"potentialAction\":[{\"@type\":\"ReadAction\",\"target\":[\"https:\\\/\\\/www.caudete.org\\\/ayuntamiento\\\/la-policia-local-instruye-diligencias-penales-a-un-conductor-implicado-en-accidente-por-delito-contra-la-seguridad-vial\\\/\"]}]},{\"@type\":\"ImageObject\",\"inLanguage\":\"es\",\"@id\":\"https:\\\/\\\/www.caudete.org\\\/ayuntamiento\\\/la-policia-local-instruye-diligencias-penales-a-un-conductor-implicado-en-accidente-por-delito-contra-la-seguridad-vial\\\/#primaryimage\",\"url\":\"https:\\\/\\\/www.caudete.org\\\/ayuntamiento\\\/wp-content\\\/uploads\\\/2021\\\/04\\\/Policia-Local-web.jpg\",\"contentUrl\":\"https:\\\/\\\/www.caudete.org\\\/ayuntamiento\\\/wp-content\\\/uploads\\\/2021\\\/04\\\/Policia-Local-web.jpg\",\"width\":864,\"height\":378},{\"@type\":\"BreadcrumbList\",\"@id\":\"https:\\\/\\\/www.caudete.org\\\/ayuntamiento\\\/la-policia-local-instruye-diligencias-penales-a-un-conductor-implicado-en-accidente-por-delito-contra-la-seguridad-vial\\\/#breadcrumb\",\"itemListElement\":[{\"@type\":\"ListItem\",\"position\":1,\"name\":\"Inicio\",\"item\":\"https:\\\/\\\/www.caudete.org\\\/ayuntamiento\\\/\"},{\"@type\":\"ListItem\",\"position\":2,\"name\":\"La Polic\u00eda Local instruye diligencias penales a un conductor implicado en accidente, por delito contra la seguridad vial\"}]},{\"@type\":\"WebSite\",\"@id\":\"https:\\\/\\\/www.caudete.org\\\/ayuntamiento\\\/#website\",\"url\":\"https:\\\/\\\/www.caudete.org\\\/ayuntamiento\\\/\",\"name\":\"MI Ayuntamiento de Caudete\",\"description\":\"P\u00e1gina Oficial del MI Ayuntamiento de Caudete\",\"potentialAction\":[{\"@type\":\"SearchAction\",\"target\":{\"@type\":\"EntryPoint\",\"urlTemplate\":\"https:\\\/\\\/www.caudete.org\\\/ayuntamiento\\\/?s={search_term_string}\"},\"query-input\":{\"@type\":\"PropertyValueSpecification\",\"valueRequired\":true,\"valueName\":\"search_term_string\"}}],\"inLanguage\":\"es\"},{\"@type\":\"Person\",\"@id\":\"https:\\\/\\\/www.caudete.org\\\/ayuntamiento\\\/#\\\/schema\\\/person\\\/cc646da9133078ee4d8dd47457947253\",\"name\":\"alcalde\",\"image\":{\"@type\":\"ImageObject\",\"inLanguage\":\"es\",\"@id\":\"https:\\\/\\\/secure.gravatar.com\\\/avatar\\\/84a817ba065b29ff08d666b215a215f5c79186a645ccb25b14a663d48a130f77?s=96&d=mm&r=g\",\"url\":\"https:\\\/\\\/secure.gravatar.com\\\/avatar\\\/84a817ba065b29ff08d666b215a215f5c79186a645ccb25b14a663d48a130f77?s=96&d=mm&r=g\",\"contentUrl\":\"https:\\\/\\\/secure.gravatar.com\\\/avatar\\\/84a817ba065b29ff08d666b215a215f5c79186a645ccb25b14a663d48a130f77?s=96&d=mm&r=g\",\"caption\":\"alcalde\"},\"url\":\"https:\\\/\\\/www.caudete.org\\\/ayuntamiento\\\/author\\\/alcalde\\\/\"}]}<\/script>\n<!-- \/ Yoast SEO plugin. -->","yoast_head_json":{"title":"La Polic\u00eda Local instruye diligencias penales a un conductor implicado en accidente, por delito contra la seguridad vial - MI Ayuntamiento de Caudete","description":"P\u00e1gina Oficial del Ayuntamiento de Caudete (Albacete)","robots":{"index":"index","follow":"follow","max-snippet":"max-snippet:-1","max-image-preview":"max-image-preview:large","max-video-preview":"max-video-preview:-1"},"canonical":"https:\/\/www.caudete.org\/ayuntamiento\/la-policia-local-instruye-diligencias-penales-a-un-conductor-implicado-en-accidente-por-delito-contra-la-seguridad-vial\/","og_locale":"es_ES","og_type":"article","og_title":"La Polic\u00eda Local instruye diligencias penales a un conductor implicado en accidente, por delito contra la seguridad vial - MI Ayuntamiento de Caudete","og_description":"P\u00e1gina Oficial del Ayuntamiento de Caudete (Albacete)","og_url":"https:\/\/www.caudete.org\/ayuntamiento\/la-policia-local-instruye-diligencias-penales-a-un-conductor-implicado-en-accidente-por-delito-contra-la-seguridad-vial\/","og_site_name":"MI Ayuntamiento de Caudete","article_publisher":"https:\/\/www.facebook.com\/ayuntamientocaudete\/","article_published_time":"2022-03-21T08:19:44+00:00","og_image":[{"width":864,"height":378,"url":"https:\/\/www.caudete.org\/ayuntamiento\/wp-content\/uploads\/2021\/04\/Policia-Local-web.jpg","type":"image\/jpeg"}],"author":"alcalde","twitter_card":"summary_large_image","twitter_misc":{"Escrito por":"alcalde","Tiempo de lectura":"1 minuto"},"schema":{"@context":"https:\/\/schema.org","@graph":[{"@type":"Article","@id":"https:\/\/www.caudete.org\/ayuntamiento\/la-policia-local-instruye-diligencias-penales-a-un-conductor-implicado-en-accidente-por-delito-contra-la-seguridad-vial\/#article","isPartOf":{"@id":"https:\/\/www.caudete.org\/ayuntamiento\/la-policia-local-instruye-diligencias-penales-a-un-conductor-implicado-en-accidente-por-delito-contra-la-seguridad-vial\/"},"author":{"name":"alcalde","@id":"https:\/\/www.caudete.org\/ayuntamiento\/#\/schema\/person\/cc646da9133078ee4d8dd47457947253"},"headline":"La Polic\u00eda Local instruye diligencias penales a un conductor implicado en accidente, por delito contra la seguridad vial","datePublished":"2022-03-21T08:19:44+00:00","mainEntityOfPage":{"@id":"https:\/\/www.caudete.org\/ayuntamiento\/la-policia-local-instruye-diligencias-penales-a-un-conductor-implicado-en-accidente-por-delito-contra-la-seguridad-vial\/"},"wordCount":212,"image":{"@id":"https:\/\/www.caudete.org\/ayuntamiento\/la-policia-local-instruye-diligencias-penales-a-un-conductor-implicado-en-accidente-por-delito-contra-la-seguridad-vial\/#primaryimage"},"thumbnailUrl":"https:\/\/www.caudete.org\/ayuntamiento\/wp-content\/uploads\/2021\/04\/Policia-Local-web.jpg","articleSection":["Polic\u00eda Local"],"inLanguage":"es"},{"@type":"WebPage","@id":"https:\/\/www.caudete.org\/ayuntamiento\/la-policia-local-instruye-diligencias-penales-a-un-conductor-implicado-en-accidente-por-delito-contra-la-seguridad-vial\/","url":"https:\/\/www.caudete.org\/ayuntamiento\/la-policia-local-instruye-diligencias-penales-a-un-conductor-implicado-en-accidente-por-delito-contra-la-seguridad-vial\/","name":"La Polic\u00eda Local instruye diligencias penales a un conductor implicado en accidente, por delito contra la seguridad vial - MI Ayuntamiento de Caudete","isPartOf":{"@id":"https:\/\/www.caudete.org\/ayuntamiento\/#website"},"primaryImageOfPage":{"@id":"https:\/\/www.caudete.org\/ayuntamiento\/la-policia-local-instruye-diligencias-penales-a-un-conductor-implicado-en-accidente-por-delito-contra-la-seguridad-vial\/#primaryimage"},"image":{"@id":"https:\/\/www.caudete.org\/ayuntamiento\/la-policia-local-instruye-diligencias-penales-a-un-conductor-implicado-en-accidente-por-delito-contra-la-seguridad-vial\/#primaryimage"},"thumbnailUrl":"https:\/\/www.caudete.org\/ayuntamiento\/wp-content\/uploads\/2021\/04\/Policia-Local-web.jpg","datePublished":"2022-03-21T08:19:44+00:00","author":{"@id":"https:\/\/www.caudete.org\/ayuntamiento\/#\/schema\/person\/cc646da9133078ee4d8dd47457947253"},"description":"P\u00e1gina Oficial del Ayuntamiento de Caudete (Albacete)","breadcrumb":{"@id":"https:\/\/www.caudete.org\/ayuntamiento\/la-policia-local-instruye-diligencias-penales-a-un-conductor-implicado-en-accidente-por-delito-contra-la-seguridad-vial\/#breadcrumb"},"inLanguage":"es","potentialAction":[{"@type":"ReadAction","target":["https:\/\/www.caudete.org\/ayuntamiento\/la-policia-local-instruye-diligencias-penales-a-un-conductor-implicado-en-accidente-por-delito-contra-la-seguridad-vial\/"]}]},{"@type":"ImageObject","inLanguage":"es","@id":"https:\/\/www.caudete.org\/ayuntamiento\/la-policia-local-instruye-diligencias-penales-a-un-conductor-implicado-en-accidente-por-delito-contra-la-seguridad-vial\/#primaryimage","url":"https:\/\/www.caudete.org\/ayuntamiento\/wp-content\/uploads\/2021\/04\/Policia-Local-web.jpg","contentUrl":"https:\/\/www.caudete.org\/ayuntamiento\/wp-content\/uploads\/2021\/04\/Policia-Local-web.jpg","width":864,"height":378},{"@type":"BreadcrumbList","@id":"https:\/\/www.caudete.org\/ayuntamiento\/la-policia-local-instruye-diligencias-penales-a-un-conductor-implicado-en-accidente-por-delito-contra-la-seguridad-vial\/#breadcrumb","itemListElement":[{"@type":"ListItem","position":1,"name":"Inicio","item":"https:\/\/www.caudete.org\/ayuntamiento\/"},{"@type":"ListItem","position":2,"name":"La Polic\u00eda Local instruye diligencias penales a un conductor implicado en accidente, por delito contra la seguridad vial"}]},{"@type":"WebSite","@id":"https:\/\/www.caudete.org\/ayuntamiento\/#website","url":"https:\/\/www.caudete.org\/ayuntamiento\/","name":"MI Ayuntamiento de Caudete","description":"P\u00e1gina Oficial del MI Ayuntamiento de Caudete","potentialAction":[{"@type":"SearchAction","target":{"@type":"EntryPoint","urlTemplate":"https:\/\/www.caudete.org\/ayuntamiento\/?s={search_term_string}"},"query-input":{"@type":"PropertyValueSpecification","valueRequired":true,"valueName":"search_term_string"}}],"inLanguage":"es"},{"@type":"Person","@id":"https:\/\/www.caudete.org\/ayuntamiento\/#\/schema\/person\/cc646da9133078ee4d8dd47457947253","name":"alcalde","image":{"@type":"ImageObject","inLanguage":"es","@id":"https:\/\/secure.gravatar.com\/avatar\/84a817ba065b29ff08d666b215a215f5c79186a645ccb25b14a663d48a130f77?s=96&d=mm&r=g","url":"https:\/\/secure.gravatar.com\/avatar\/84a817ba065b29ff08d666b215a215f5c79186a645ccb25b14a663d48a130f77?s=96&d=mm&r=g","contentUrl":"https:\/\/secure.gravatar.com\/avatar\/84a817ba065b29ff08d666b215a215f5c79186a645ccb25b14a663d48a130f77?s=96&d=mm&r=g","caption":"alcalde"},"url":"https:\/\/www.caudete.org\/ayuntamiento\/author\/alcalde\/"}]}},"_links":{"self":[{"href":"https:\/\/www.caudete.org\/ayuntamiento\/wp-json\/wp\/v2\/posts\/18477","targetHints":{"allow":["GET"]}}],"collection":[{"href":"https:\/\/www.caudete.org\/ayuntamiento\/wp-json\/wp\/v2\/posts"}],"about":[{"href":"https:\/\/www.caudete.org\/ayuntamiento\/wp-json\/wp\/v2\/types\/post"}],"author":[{"embeddable":true,"href":"https:\/\/www.caudete.org\/ayuntamiento\/wp-json\/wp\/v2\/users\/3"}],"replies":[{"embeddable":true,"href":"https:\/\/www.caudete.org\/ayuntamiento\/wp-json\/wp\/v2\/comments?post=18477"}],"version-history":[{"count":1,"href":"https:\/\/www.caudete.org\/ayuntamiento\/wp-json\/wp\/v2\/posts\/18477\/revisions"}],"predecessor-version":[{"id":18478,"href":"https:\/\/www.caudete.org\/ayuntamiento\/wp-json\/wp\/v2\/posts\/18477\/revisions\/18478"}],"wp:featuredmedia":[{"embeddable":true,"href":"https:\/\/www.caudete.org\/ayuntamiento\/wp-json\/wp\/v2\/media\/13833"}],"wp:attachment":[{"href":"https:\/\/www.caudete.org\/ayuntamiento\/wp-json\/wp\/v2\/media?parent=18477"}],"wp:term":[{"taxonomy":"category","embeddable":true,"href":"https:\/\/www.caudete.org\/ayuntamiento\/wp-json\/wp\/v2\/categories?post=18477"},{"taxonomy":"post_tag","embeddable":true,"href":"https:\/\/www.caudete.org\/ayuntamiento\/wp-json\/wp\/v2\/tags?post=18477"}],"curies":[{"name":"wp","href":"https:\/\/api.w.org\/{rel}","templated":true}]}}