{"id":18486,"date":"2022-03-22T09:02:49","date_gmt":"2022-03-22T08:02:49","guid":{"rendered":"https:\/\/www.caudete.org\/ayuntamiento\/?p=18486"},"modified":"2022-03-22T10:17:38","modified_gmt":"2022-03-22T09:17:38","slug":"60-nichos-amplian-el-cementerio-municipal-obra-adjudicada-a-una-empresa-local","status":"publish","type":"post","link":"https:\/\/www.caudete.org\/ayuntamiento\/60-nichos-amplian-el-cementerio-municipal-obra-adjudicada-a-una-empresa-local\/","title":{"rendered":"60 Nichos ampl\u00edan el Cementerio Municipal, obra adjudicada a una empresa local"},"content":{"rendered":"<p><a href=\"https:\/\/www.caudete.org\/ayuntamiento\/wp-content\/uploads\/2022\/03\/alzado-nichos.jpg\" rel='prettyPhoto'><img decoding=\"async\" class=\"aligncenter wp-image-18488 size-medium\" src=\"https:\/\/www.caudete.org\/ayuntamiento\/wp-content\/uploads\/2022\/03\/alzado-nichos-300x125.jpg\" alt=\"\" width=\"300\" height=\"125\" srcset=\"https:\/\/www.caudete.org\/ayuntamiento\/wp-content\/uploads\/2022\/03\/alzado-nichos-300x125.jpg 300w, https:\/\/www.caudete.org\/ayuntamiento\/wp-content\/uploads\/2022\/03\/alzado-nichos-1024x428.jpg 1024w, https:\/\/www.caudete.org\/ayuntamiento\/wp-content\/uploads\/2022\/03\/alzado-nichos-768x321.jpg 768w, https:\/\/www.caudete.org\/ayuntamiento\/wp-content\/uploads\/2022\/03\/alzado-nichos.jpg 1327w\" sizes=\"(max-width: 300px) 100vw, 300px\" \/><\/a><\/p>\n<p style=\"text-align: justify;\">Seg\u00fan ha informado el Alcalde Mois\u00e9s L\u00f3pez, la empresa local D\u00edaz Conejero S.L. ser\u00e1 la encargada de llevar a cabo la construcci\u00f3n de 60 nuevos nichos en el Cementerio Municipal, tras resultar adjudicataria del proceso licitaci\u00f3n llevado a cabo por el Consistorio caudetano.<\/p>\n<p style=\"text-align: justify;\">El proyecto contempla la construcci\u00f3n con elementos prefabricados de hormig\u00f3n, siguiendo la l\u00ednea establecida en los anteriores, con 3 alturas. As\u00ed, no solamente se consigue uniformidad del conjunto, sino tambi\u00e9n mayor solidez y rapidez en su construcci\u00f3n, generando una menor cantidad de residuos en la obra a ejecutar. La cubierta ser\u00e1 de teja cer\u00e1mica mixta, y los muretes de cierre laterales de ladrillo cer\u00e1mico cara vista, donde quedar\u00e1 espacio para contener en un futuro columbarios para cenizas.<\/p>\n<p>&nbsp;<\/p>\n<p style=\"text-align: justify;\">El presupuesto de ejecuci\u00f3n de las obras asciende a 36.176&#8217;92 \u20ac (Beneficio Industrial, Gastos Generales e IVA incluido), siendo adjudicado por importe de e 35.548&#8217;22 \u20ac, y se ajustar\u00e1n al plazo de obra de 25 d\u00edas y suministrando como mejora contemplada 2 escaleras de aluminio de 1,50 m de altura de 6 pelda\u00f1os con ruedas y freno.<\/p>\n<p style=\"text-align: justify;\">Con una superficie de 84 m<sup>2<\/sup>, esta obra dar\u00e1 comienzo al Grupo 24, en una primera fase de 60 de los 120 nichos que seg\u00fan dise\u00f1o contendr\u00e1, siendo la \u00faltima manzana englobada en la actual urbanizaci\u00f3n del recinto inaugurado en 1997 bajo el mandato de Elisa Pag\u00e1n. La segunda fase de dicho Grupo 24 se realizar\u00e1 previsiblemente en 2024, aunque aseguraba el Alcalde que dicho recinto aun contiene espacio suficiente para albergar m\u00e1s espacios de enterramiento en a\u00f1os pr\u00f3ximos.<\/p>\n<p><a href=\"https:\/\/www.caudete.org\/ayuntamiento\/wp-content\/uploads\/2022\/03\/seccion-nichos.jpg\" rel='prettyPhoto'><img fetchpriority=\"high\" decoding=\"async\" class=\"aligncenter wp-image-18487 size-medium\" src=\"https:\/\/www.caudete.org\/ayuntamiento\/wp-content\/uploads\/2022\/03\/seccion-nichos-300x186.jpg\" alt=\"\" width=\"300\" height=\"186\" srcset=\"https:\/\/www.caudete.org\/ayuntamiento\/wp-content\/uploads\/2022\/03\/seccion-nichos-300x186.jpg 300w, https:\/\/www.caudete.org\/ayuntamiento\/wp-content\/uploads\/2022\/03\/seccion-nichos-1024x636.jpg 1024w, https:\/\/www.caudete.org\/ayuntamiento\/wp-content\/uploads\/2022\/03\/seccion-nichos-768x477.jpg 768w, https:\/\/www.caudete.org\/ayuntamiento\/wp-content\/uploads\/2022\/03\/seccion-nichos.jpg 1144w\" sizes=\"(max-width: 300px) 100vw, 300px\" \/><\/a><\/p>\n","protected":false},"excerpt":{"rendered":"<p>Seg\u00fan ha informado el Alcalde Mois\u00e9s L\u00f3pez, la empresa local D\u00edaz Conejero S.L. ser\u00e1 la encargada de llevar a cabo la construcci\u00f3n de 60 nuevos nichos en el Cementerio Municipal, tras resultar adjudicataria del proceso licitaci\u00f3n llevado a cabo por el Consistorio caudetano. El proyecto contempla la construcci\u00f3n con elementos prefabricados de hormig\u00f3n, siguiendo la &hellip;<\/p>\n","protected":false},"author":3,"featured_media":18489,"comment_status":"closed","ping_status":"open","sticky":false,"template":"","format":"standard","meta":{"ngg_post_thumbnail":0,"footnotes":""},"categories":[30],"tags":[],"class_list":["post-18486","post","type-post","status-publish","format-standard","has-post-thumbnail","hentry","category-cementerio"],"yoast_head":"<!-- This site is optimized with the Yoast SEO plugin v27.4 - https:\/\/yoast.com\/product\/yoast-seo-wordpress\/ -->\n<title>60 Nichos ampl\u00edan el Cementerio Municipal, obra adjudicada a una empresa local - MI Ayuntamiento de Caudete<\/title>\n<meta name=\"description\" content=\"P\u00e1gina Oficial del Ayuntamiento de Caudete (Albacete)\" \/>\n<meta name=\"robots\" content=\"index, follow, max-snippet:-1, max-image-preview:large, max-video-preview:-1\" \/>\n<link rel=\"canonical\" href=\"https:\/\/www.caudete.org\/ayuntamiento\/60-nichos-amplian-el-cementerio-municipal-obra-adjudicada-a-una-empresa-local\/\" \/>\n<meta property=\"og:locale\" content=\"es_ES\" \/>\n<meta property=\"og:type\" content=\"article\" \/>\n<meta property=\"og:title\" content=\"60 Nichos ampl\u00edan el Cementerio Municipal, obra adjudicada a una empresa local - MI Ayuntamiento de Caudete\" \/>\n<meta property=\"og:description\" content=\"P\u00e1gina Oficial del Ayuntamiento de Caudete (Albacete)\" \/>\n<meta property=\"og:url\" content=\"https:\/\/www.caudete.org\/ayuntamiento\/60-nichos-amplian-el-cementerio-municipal-obra-adjudicada-a-una-empresa-local\/\" \/>\n<meta property=\"og:site_name\" content=\"MI Ayuntamiento de Caudete\" \/>\n<meta property=\"article:publisher\" content=\"https:\/\/www.facebook.com\/ayuntamientocaudete\/\" \/>\n<meta property=\"article:published_time\" content=\"2022-03-22T08:02:49+00:00\" \/>\n<meta property=\"article:modified_time\" content=\"2022-03-22T09:17:38+00:00\" \/>\n<meta property=\"og:image\" content=\"https:\/\/www.caudete.org\/ayuntamiento\/wp-content\/uploads\/2022\/03\/nichos-cimentacion.jpeg\" \/>\n\t<meta property=\"og:image:width\" content=\"800\" \/>\n\t<meta property=\"og:image:height\" content=\"533\" \/>\n\t<meta property=\"og:image:type\" content=\"image\/jpeg\" \/>\n<meta name=\"author\" content=\"alcalde\" \/>\n<meta name=\"twitter:card\" content=\"summary_large_image\" \/>\n<meta name=\"twitter:label1\" content=\"Escrito por\" \/>\n\t<meta name=\"twitter:data1\" content=\"alcalde\" \/>\n\t<meta name=\"twitter:label2\" content=\"Tiempo de lectura\" \/>\n\t<meta name=\"twitter:data2\" content=\"2 minutos\" \/>\n<script type=\"application\/ld+json\" class=\"yoast-schema-graph\">{\"@context\":\"https:\\\/\\\/schema.org\",\"@graph\":[{\"@type\":\"Article\",\"@id\":\"https:\\\/\\\/www.caudete.org\\\/ayuntamiento\\\/60-nichos-amplian-el-cementerio-municipal-obra-adjudicada-a-una-empresa-local\\\/#article\",\"isPartOf\":{\"@id\":\"https:\\\/\\\/www.caudete.org\\\/ayuntamiento\\\/60-nichos-amplian-el-cementerio-municipal-obra-adjudicada-a-una-empresa-local\\\/\"},\"author\":{\"name\":\"alcalde\",\"@id\":\"https:\\\/\\\/www.caudete.org\\\/ayuntamiento\\\/#\\\/schema\\\/person\\\/cc646da9133078ee4d8dd47457947253\"},\"headline\":\"60 Nichos ampl\u00edan el Cementerio Municipal, obra adjudicada a una empresa local\",\"datePublished\":\"2022-03-22T08:02:49+00:00\",\"dateModified\":\"2022-03-22T09:17:38+00:00\",\"mainEntityOfPage\":{\"@id\":\"https:\\\/\\\/www.caudete.org\\\/ayuntamiento\\\/60-nichos-amplian-el-cementerio-municipal-obra-adjudicada-a-una-empresa-local\\\/\"},\"wordCount\":277,\"publisher\":{\"@id\":\"https:\\\/\\\/www.caudete.org\\\/ayuntamiento\\\/#organization\"},\"image\":{\"@id\":\"https:\\\/\\\/www.caudete.org\\\/ayuntamiento\\\/60-nichos-amplian-el-cementerio-municipal-obra-adjudicada-a-una-empresa-local\\\/#primaryimage\"},\"thumbnailUrl\":\"https:\\\/\\\/www.caudete.org\\\/ayuntamiento\\\/wp-content\\\/uploads\\\/2022\\\/03\\\/nichos-cimentacion.jpeg\",\"articleSection\":[\"Cementerio\"],\"inLanguage\":\"es\"},{\"@type\":\"WebPage\",\"@id\":\"https:\\\/\\\/www.caudete.org\\\/ayuntamiento\\\/60-nichos-amplian-el-cementerio-municipal-obra-adjudicada-a-una-empresa-local\\\/\",\"url\":\"https:\\\/\\\/www.caudete.org\\\/ayuntamiento\\\/60-nichos-amplian-el-cementerio-municipal-obra-adjudicada-a-una-empresa-local\\\/\",\"name\":\"60 Nichos ampl\u00edan el Cementerio Municipal, obra adjudicada a una empresa local - MI Ayuntamiento de Caudete\",\"isPartOf\":{\"@id\":\"https:\\\/\\\/www.caudete.org\\\/ayuntamiento\\\/#website\"},\"primaryImageOfPage\":{\"@id\":\"https:\\\/\\\/www.caudete.org\\\/ayuntamiento\\\/60-nichos-amplian-el-cementerio-municipal-obra-adjudicada-a-una-empresa-local\\\/#primaryimage\"},\"image\":{\"@id\":\"https:\\\/\\\/www.caudete.org\\\/ayuntamiento\\\/60-nichos-amplian-el-cementerio-municipal-obra-adjudicada-a-una-empresa-local\\\/#primaryimage\"},\"thumbnailUrl\":\"https:\\\/\\\/www.caudete.org\\\/ayuntamiento\\\/wp-content\\\/uploads\\\/2022\\\/03\\\/nichos-cimentacion.jpeg\",\"datePublished\":\"2022-03-22T08:02:49+00:00\",\"dateModified\":\"2022-03-22T09:17:38+00:00\",\"description\":\"P\u00e1gina Oficial del Ayuntamiento de Caudete (Albacete)\",\"breadcrumb\":{\"@id\":\"https:\\\/\\\/www.caudete.org\\\/ayuntamiento\\\/60-nichos-amplian-el-cementerio-municipal-obra-adjudicada-a-una-empresa-local\\\/#breadcrumb\"},\"inLanguage\":\"es\",\"potentialAction\":[{\"@type\":\"ReadAction\",\"target\":[\"https:\\\/\\\/www.caudete.org\\\/ayuntamiento\\\/60-nichos-amplian-el-cementerio-municipal-obra-adjudicada-a-una-empresa-local\\\/\"]}]},{\"@type\":\"ImageObject\",\"inLanguage\":\"es\",\"@id\":\"https:\\\/\\\/www.caudete.org\\\/ayuntamiento\\\/60-nichos-amplian-el-cementerio-municipal-obra-adjudicada-a-una-empresa-local\\\/#primaryimage\",\"url\":\"https:\\\/\\\/www.caudete.org\\\/ayuntamiento\\\/wp-content\\\/uploads\\\/2022\\\/03\\\/nichos-cimentacion.jpeg\",\"contentUrl\":\"https:\\\/\\\/www.caudete.org\\\/ayuntamiento\\\/wp-content\\\/uploads\\\/2022\\\/03\\\/nichos-cimentacion.jpeg\",\"width\":800,\"height\":533},{\"@type\":\"BreadcrumbList\",\"@id\":\"https:\\\/\\\/www.caudete.org\\\/ayuntamiento\\\/60-nichos-amplian-el-cementerio-municipal-obra-adjudicada-a-una-empresa-local\\\/#breadcrumb\",\"itemListElement\":[{\"@type\":\"ListItem\",\"position\":1,\"name\":\"Inicio\",\"item\":\"https:\\\/\\\/www.caudete.org\\\/ayuntamiento\\\/\"},{\"@type\":\"ListItem\",\"position\":2,\"name\":\"60 Nichos ampl\u00edan el Cementerio Municipal, obra adjudicada a una empresa local\"}]},{\"@type\":\"WebSite\",\"@id\":\"https:\\\/\\\/www.caudete.org\\\/ayuntamiento\\\/#website\",\"url\":\"https:\\\/\\\/www.caudete.org\\\/ayuntamiento\\\/\",\"name\":\"MI Ayuntamiento de Caudete\",\"description\":\"P\u00e1gina Oficial del MI Ayuntamiento de Caudete\",\"publisher\":{\"@id\":\"https:\\\/\\\/www.caudete.org\\\/ayuntamiento\\\/#organization\"},\"potentialAction\":[{\"@type\":\"SearchAction\",\"target\":{\"@type\":\"EntryPoint\",\"urlTemplate\":\"https:\\\/\\\/www.caudete.org\\\/ayuntamiento\\\/?s={search_term_string}\"},\"query-input\":{\"@type\":\"PropertyValueSpecification\",\"valueRequired\":true,\"valueName\":\"search_term_string\"}}],\"inLanguage\":\"es\"},{\"@type\":\"Organization\",\"@id\":\"https:\\\/\\\/www.caudete.org\\\/ayuntamiento\\\/#organization\",\"name\":\"Ayuntamiento de Caudete\",\"url\":\"https:\\\/\\\/www.caudete.org\\\/ayuntamiento\\\/\",\"logo\":{\"@type\":\"ImageObject\",\"inLanguage\":\"es\",\"@id\":\"https:\\\/\\\/www.caudete.org\\\/ayuntamiento\\\/#\\\/schema\\\/logo\\\/image\\\/\",\"url\":\"https:\\\/\\\/www.caudete.org\\\/ayuntamiento\\\/wp-content\\\/uploads\\\/2020\\\/11\\\/logo_ayuntamiento_caudete.jpg\",\"contentUrl\":\"https:\\\/\\\/www.caudete.org\\\/ayuntamiento\\\/wp-content\\\/uploads\\\/2020\\\/11\\\/logo_ayuntamiento_caudete.jpg\",\"width\":600,\"height\":150,\"caption\":\"Ayuntamiento de Caudete\"},\"image\":{\"@id\":\"https:\\\/\\\/www.caudete.org\\\/ayuntamiento\\\/#\\\/schema\\\/logo\\\/image\\\/\"},\"sameAs\":[\"https:\\\/\\\/www.facebook.com\\\/ayuntamientocaudete\\\/\",\"https:\\\/\\\/www.youtube.com\\\/channel\\\/UC6VztHaooNsGpw-tNoBEFnQ\"]},{\"@type\":\"Person\",\"@id\":\"https:\\\/\\\/www.caudete.org\\\/ayuntamiento\\\/#\\\/schema\\\/person\\\/cc646da9133078ee4d8dd47457947253\",\"name\":\"alcalde\",\"image\":{\"@type\":\"ImageObject\",\"inLanguage\":\"es\",\"@id\":\"https:\\\/\\\/secure.gravatar.com\\\/avatar\\\/84a817ba065b29ff08d666b215a215f5c79186a645ccb25b14a663d48a130f77?s=96&d=mm&r=g\",\"url\":\"https:\\\/\\\/secure.gravatar.com\\\/avatar\\\/84a817ba065b29ff08d666b215a215f5c79186a645ccb25b14a663d48a130f77?s=96&d=mm&r=g\",\"contentUrl\":\"https:\\\/\\\/secure.gravatar.com\\\/avatar\\\/84a817ba065b29ff08d666b215a215f5c79186a645ccb25b14a663d48a130f77?s=96&d=mm&r=g\",\"caption\":\"alcalde\"},\"url\":\"https:\\\/\\\/www.caudete.org\\\/ayuntamiento\\\/author\\\/alcalde\\\/\"}]}<\/script>\n<!-- \/ Yoast SEO plugin. -->","yoast_head_json":{"title":"60 Nichos ampl\u00edan el Cementerio Municipal, obra adjudicada a una empresa local - MI Ayuntamiento de Caudete","description":"P\u00e1gina Oficial del Ayuntamiento de Caudete (Albacete)","robots":{"index":"index","follow":"follow","max-snippet":"max-snippet:-1","max-image-preview":"max-image-preview:large","max-video-preview":"max-video-preview:-1"},"canonical":"https:\/\/www.caudete.org\/ayuntamiento\/60-nichos-amplian-el-cementerio-municipal-obra-adjudicada-a-una-empresa-local\/","og_locale":"es_ES","og_type":"article","og_title":"60 Nichos ampl\u00edan el Cementerio Municipal, obra adjudicada a una empresa local - MI Ayuntamiento de Caudete","og_description":"P\u00e1gina Oficial del Ayuntamiento de Caudete (Albacete)","og_url":"https:\/\/www.caudete.org\/ayuntamiento\/60-nichos-amplian-el-cementerio-municipal-obra-adjudicada-a-una-empresa-local\/","og_site_name":"MI Ayuntamiento de Caudete","article_publisher":"https:\/\/www.facebook.com\/ayuntamientocaudete\/","article_published_time":"2022-03-22T08:02:49+00:00","article_modified_time":"2022-03-22T09:17:38+00:00","og_image":[{"width":800,"height":533,"url":"https:\/\/www.caudete.org\/ayuntamiento\/wp-content\/uploads\/2022\/03\/nichos-cimentacion.jpeg","type":"image\/jpeg"}],"author":"alcalde","twitter_card":"summary_large_image","twitter_misc":{"Escrito por":"alcalde","Tiempo de lectura":"2 minutos"},"schema":{"@context":"https:\/\/schema.org","@graph":[{"@type":"Article","@id":"https:\/\/www.caudete.org\/ayuntamiento\/60-nichos-amplian-el-cementerio-municipal-obra-adjudicada-a-una-empresa-local\/#article","isPartOf":{"@id":"https:\/\/www.caudete.org\/ayuntamiento\/60-nichos-amplian-el-cementerio-municipal-obra-adjudicada-a-una-empresa-local\/"},"author":{"name":"alcalde","@id":"https:\/\/www.caudete.org\/ayuntamiento\/#\/schema\/person\/cc646da9133078ee4d8dd47457947253"},"headline":"60 Nichos ampl\u00edan el Cementerio Municipal, obra adjudicada a una empresa local","datePublished":"2022-03-22T08:02:49+00:00","dateModified":"2022-03-22T09:17:38+00:00","mainEntityOfPage":{"@id":"https:\/\/www.caudete.org\/ayuntamiento\/60-nichos-amplian-el-cementerio-municipal-obra-adjudicada-a-una-empresa-local\/"},"wordCount":277,"publisher":{"@id":"https:\/\/www.caudete.org\/ayuntamiento\/#organization"},"image":{"@id":"https:\/\/www.caudete.org\/ayuntamiento\/60-nichos-amplian-el-cementerio-municipal-obra-adjudicada-a-una-empresa-local\/#primaryimage"},"thumbnailUrl":"https:\/\/www.caudete.org\/ayuntamiento\/wp-content\/uploads\/2022\/03\/nichos-cimentacion.jpeg","articleSection":["Cementerio"],"inLanguage":"es"},{"@type":"WebPage","@id":"https:\/\/www.caudete.org\/ayuntamiento\/60-nichos-amplian-el-cementerio-municipal-obra-adjudicada-a-una-empresa-local\/","url":"https:\/\/www.caudete.org\/ayuntamiento\/60-nichos-amplian-el-cementerio-municipal-obra-adjudicada-a-una-empresa-local\/","name":"60 Nichos ampl\u00edan el Cementerio Municipal, obra adjudicada a una empresa local - MI Ayuntamiento de Caudete","isPartOf":{"@id":"https:\/\/www.caudete.org\/ayuntamiento\/#website"},"primaryImageOfPage":{"@id":"https:\/\/www.caudete.org\/ayuntamiento\/60-nichos-amplian-el-cementerio-municipal-obra-adjudicada-a-una-empresa-local\/#primaryimage"},"image":{"@id":"https:\/\/www.caudete.org\/ayuntamiento\/60-nichos-amplian-el-cementerio-municipal-obra-adjudicada-a-una-empresa-local\/#primaryimage"},"thumbnailUrl":"https:\/\/www.caudete.org\/ayuntamiento\/wp-content\/uploads\/2022\/03\/nichos-cimentacion.jpeg","datePublished":"2022-03-22T08:02:49+00:00","dateModified":"2022-03-22T09:17:38+00:00","description":"P\u00e1gina Oficial del Ayuntamiento de Caudete (Albacete)","breadcrumb":{"@id":"https:\/\/www.caudete.org\/ayuntamiento\/60-nichos-amplian-el-cementerio-municipal-obra-adjudicada-a-una-empresa-local\/#breadcrumb"},"inLanguage":"es","potentialAction":[{"@type":"ReadAction","target":["https:\/\/www.caudete.org\/ayuntamiento\/60-nichos-amplian-el-cementerio-municipal-obra-adjudicada-a-una-empresa-local\/"]}]},{"@type":"ImageObject","inLanguage":"es","@id":"https:\/\/www.caudete.org\/ayuntamiento\/60-nichos-amplian-el-cementerio-municipal-obra-adjudicada-a-una-empresa-local\/#primaryimage","url":"https:\/\/www.caudete.org\/ayuntamiento\/wp-content\/uploads\/2022\/03\/nichos-cimentacion.jpeg","contentUrl":"https:\/\/www.caudete.org\/ayuntamiento\/wp-content\/uploads\/2022\/03\/nichos-cimentacion.jpeg","width":800,"height":533},{"@type":"BreadcrumbList","@id":"https:\/\/www.caudete.org\/ayuntamiento\/60-nichos-amplian-el-cementerio-municipal-obra-adjudicada-a-una-empresa-local\/#breadcrumb","itemListElement":[{"@type":"ListItem","position":1,"name":"Inicio","item":"https:\/\/www.caudete.org\/ayuntamiento\/"},{"@type":"ListItem","position":2,"name":"60 Nichos ampl\u00edan el Cementerio Municipal, obra adjudicada a una empresa local"}]},{"@type":"WebSite","@id":"https:\/\/www.caudete.org\/ayuntamiento\/#website","url":"https:\/\/www.caudete.org\/ayuntamiento\/","name":"MI Ayuntamiento de Caudete","description":"P\u00e1gina Oficial del MI Ayuntamiento de Caudete","publisher":{"@id":"https:\/\/www.caudete.org\/ayuntamiento\/#organization"},"potentialAction":[{"@type":"SearchAction","target":{"@type":"EntryPoint","urlTemplate":"https:\/\/www.caudete.org\/ayuntamiento\/?s={search_term_string}"},"query-input":{"@type":"PropertyValueSpecification","valueRequired":true,"valueName":"search_term_string"}}],"inLanguage":"es"},{"@type":"Organization","@id":"https:\/\/www.caudete.org\/ayuntamiento\/#organization","name":"Ayuntamiento de Caudete","url":"https:\/\/www.caudete.org\/ayuntamiento\/","logo":{"@type":"ImageObject","inLanguage":"es","@id":"https:\/\/www.caudete.org\/ayuntamiento\/#\/schema\/logo\/image\/","url":"https:\/\/www.caudete.org\/ayuntamiento\/wp-content\/uploads\/2020\/11\/logo_ayuntamiento_caudete.jpg","contentUrl":"https:\/\/www.caudete.org\/ayuntamiento\/wp-content\/uploads\/2020\/11\/logo_ayuntamiento_caudete.jpg","width":600,"height":150,"caption":"Ayuntamiento de Caudete"},"image":{"@id":"https:\/\/www.caudete.org\/ayuntamiento\/#\/schema\/logo\/image\/"},"sameAs":["https:\/\/www.facebook.com\/ayuntamientocaudete\/","https:\/\/www.youtube.com\/channel\/UC6VztHaooNsGpw-tNoBEFnQ"]},{"@type":"Person","@id":"https:\/\/www.caudete.org\/ayuntamiento\/#\/schema\/person\/cc646da9133078ee4d8dd47457947253","name":"alcalde","image":{"@type":"ImageObject","inLanguage":"es","@id":"https:\/\/secure.gravatar.com\/avatar\/84a817ba065b29ff08d666b215a215f5c79186a645ccb25b14a663d48a130f77?s=96&d=mm&r=g","url":"https:\/\/secure.gravatar.com\/avatar\/84a817ba065b29ff08d666b215a215f5c79186a645ccb25b14a663d48a130f77?s=96&d=mm&r=g","contentUrl":"https:\/\/secure.gravatar.com\/avatar\/84a817ba065b29ff08d666b215a215f5c79186a645ccb25b14a663d48a130f77?s=96&d=mm&r=g","caption":"alcalde"},"url":"https:\/\/www.caudete.org\/ayuntamiento\/author\/alcalde\/"}]}},"_links":{"self":[{"href":"https:\/\/www.caudete.org\/ayuntamiento\/wp-json\/wp\/v2\/posts\/18486","targetHints":{"allow":["GET"]}}],"collection":[{"href":"https:\/\/www.caudete.org\/ayuntamiento\/wp-json\/wp\/v2\/posts"}],"about":[{"href":"https:\/\/www.caudete.org\/ayuntamiento\/wp-json\/wp\/v2\/types\/post"}],"author":[{"embeddable":true,"href":"https:\/\/www.caudete.org\/ayuntamiento\/wp-json\/wp\/v2\/users\/3"}],"replies":[{"embeddable":true,"href":"https:\/\/www.caudete.org\/ayuntamiento\/wp-json\/wp\/v2\/comments?post=18486"}],"version-history":[{"count":2,"href":"https:\/\/www.caudete.org\/ayuntamiento\/wp-json\/wp\/v2\/posts\/18486\/revisions"}],"predecessor-version":[{"id":18493,"href":"https:\/\/www.caudete.org\/ayuntamiento\/wp-json\/wp\/v2\/posts\/18486\/revisions\/18493"}],"wp:featuredmedia":[{"embeddable":true,"href":"https:\/\/www.caudete.org\/ayuntamiento\/wp-json\/wp\/v2\/media\/18489"}],"wp:attachment":[{"href":"https:\/\/www.caudete.org\/ayuntamiento\/wp-json\/wp\/v2\/media?parent=18486"}],"wp:term":[{"taxonomy":"category","embeddable":true,"href":"https:\/\/www.caudete.org\/ayuntamiento\/wp-json\/wp\/v2\/categories?post=18486"},{"taxonomy":"post_tag","embeddable":true,"href":"https:\/\/www.caudete.org\/ayuntamiento\/wp-json\/wp\/v2\/tags?post=18486"}],"curies":[{"name":"wp","href":"https:\/\/api.w.org\/{rel}","templated":true}]}}