{"id":18497,"date":"2022-03-22T15:48:16","date_gmt":"2022-03-22T14:48:16","guid":{"rendered":"https:\/\/www.caudete.org\/ayuntamiento\/?p=18497"},"modified":"2022-03-22T15:48:16","modified_gmt":"2022-03-22T14:48:16","slug":"exposicion-obra-sobre-papel-de-benjamin-palencia","status":"publish","type":"post","link":"https:\/\/www.caudete.org\/ayuntamiento\/exposicion-obra-sobre-papel-de-benjamin-palencia\/","title":{"rendered":"EXPOSICI\u00d3N \u201cObra sobre papel\u201d de Benjam\u00edn Palencia"},"content":{"rendered":"<p>El pr\u00f3ximo viernes 25 de marzo a las 20:00 horas en la sala de exposiciones Jos\u00e9 P\u00e9rezgil del M. I. Ayuntamiento de Caudete va a tener lugar la Inauguraci\u00f3n de <strong>la exposici\u00f3n \u2018Obra sobre papel\u2019 que conmemora el 40 aniversario del fallecimiento del artista Benjam\u00edn Palencia y que no se pudo desarrollar el a\u00f1o pasado debido a la pandemia.<\/strong><\/p>\n<p>La muestra recoge una colecci\u00f3n \u00fanica compuesta por un total de 46 obras pertenecientes a la colecci\u00f3n familiar, cedida temporalmente por el Archivo Benjam\u00edn Palencia a la Diputaci\u00f3n Provincial de Albacete, que como receptora, ha sido la encargada de coordinar la itinerancia de la exposici\u00f3n en las sedes elegidas con el fin de que participen en el programa Enredarte hasta junio de 2022.<\/p>\n<p>Las obras seleccionadas tienen gran inter\u00e9s hist\u00f3rico y art\u00edstico, siendo algunas de ellas exhibidas por primera vez en p\u00fablico. La muestra es una combinaci\u00f3n de lo familiar de Benjam\u00edn Palencia y de etapas menos conocidas. Se inicia con una obra de su \u00e9poca de aprendizaje como copista, un \u201cCristo\u201d de Vel\u00e1zquez, continuando con \u201cPuerta del Sol\u201d, paisaje urbano, que muestra la influencia po\u00e9tica de Juan Ram\u00f3n Jim\u00e9nez. Incluye tambi\u00e9n esta muestra, una acuarela cubista ejemplo de su incursi\u00f3n levantina y los dibujos de parte de su etapa m\u00e1s vanguardista perteneciente a la d\u00e9cada de 1930 con influencias picassianas y toques surrealistas en collages y dibujos.<\/p>\n<p>La exposici\u00f3n permanecer\u00e1 abierta hasta el pr\u00f3ximo jueves 28 de abril y se puede visitar en el horario habitual de la sala de exposiciones \u201cJos\u00e9 P\u00e9rezgil\u201d de la Casa de Cultura.<\/p>\n<p><a href=\"https:\/\/www.caudete.org\/ayuntamiento\/wp-content\/uploads\/2022\/03\/Cartel-Exposicion-Benjamin-Palencia-scaled.jpg\" rel='prettyPhoto'><img fetchpriority=\"high\" decoding=\"async\" class=\"aligncenter wp-image-18496\" src=\"https:\/\/www.caudete.org\/ayuntamiento\/wp-content\/uploads\/2022\/03\/Cartel-Exposicion-Benjamin-Palencia-212x300.jpg\" alt=\"\" width=\"1008\" height=\"1426\" srcset=\"https:\/\/www.caudete.org\/ayuntamiento\/wp-content\/uploads\/2022\/03\/Cartel-Exposicion-Benjamin-Palencia-212x300.jpg 212w, https:\/\/www.caudete.org\/ayuntamiento\/wp-content\/uploads\/2022\/03\/Cartel-Exposicion-Benjamin-Palencia-724x1024.jpg 724w, https:\/\/www.caudete.org\/ayuntamiento\/wp-content\/uploads\/2022\/03\/Cartel-Exposicion-Benjamin-Palencia-768x1086.jpg 768w, https:\/\/www.caudete.org\/ayuntamiento\/wp-content\/uploads\/2022\/03\/Cartel-Exposicion-Benjamin-Palencia-1086x1536.jpg 1086w, https:\/\/www.caudete.org\/ayuntamiento\/wp-content\/uploads\/2022\/03\/Cartel-Exposicion-Benjamin-Palencia-1448x2048.jpg 1448w, https:\/\/www.caudete.org\/ayuntamiento\/wp-content\/uploads\/2022\/03\/Cartel-Exposicion-Benjamin-Palencia-scaled.jpg 1810w\" sizes=\"(max-width: 1008px) 100vw, 1008px\" \/><\/a><\/p>\n<p>&nbsp;<\/p>\n<p>&nbsp;<\/p>\n<p>&nbsp;<\/p>\n<p>&nbsp;<\/p>\n<p>&nbsp;<\/p>\n","protected":false},"excerpt":{"rendered":"<p>El pr\u00f3ximo viernes 25 de marzo a las 20:00 horas en la sala de exposiciones Jos\u00e9 P\u00e9rezgil del M. I. Ayuntamiento de Caudete va a tener lugar la Inauguraci\u00f3n de la exposici\u00f3n \u2018Obra sobre papel\u2019 que conmemora el 40 aniversario del fallecimiento del artista Benjam\u00edn Palencia y que no se pudo desarrollar el a\u00f1o pasado &hellip;<\/p>\n","protected":false},"author":2,"featured_media":18494,"comment_status":"closed","ping_status":"open","sticky":false,"template":"","format":"standard","meta":{"ngg_post_thumbnail":0,"footnotes":""},"categories":[14],"tags":[811,597,812],"class_list":["post-18497","post","type-post","status-publish","format-standard","has-post-thumbnail","hentry","category-cultura","tag-benjamin-palencia","tag-exposicion","tag-obra-sobre-papel"],"yoast_head":"<!-- This site is optimized with the Yoast SEO plugin v27.5 - https:\/\/yoast.com\/product\/yoast-seo-wordpress\/ -->\n<title>EXPOSICI\u00d3N \u201cObra sobre papel\u201d de Benjam\u00edn Palencia - MI Ayuntamiento de Caudete<\/title>\n<meta name=\"description\" content=\"P\u00e1gina Oficial del Ayuntamiento de Caudete (Albacete)\" \/>\n<meta name=\"robots\" content=\"index, follow, max-snippet:-1, max-image-preview:large, max-video-preview:-1\" \/>\n<link rel=\"canonical\" href=\"https:\/\/www.caudete.org\/ayuntamiento\/exposicion-obra-sobre-papel-de-benjamin-palencia\/\" \/>\n<meta property=\"og:locale\" content=\"es_ES\" \/>\n<meta property=\"og:type\" content=\"article\" \/>\n<meta property=\"og:title\" content=\"EXPOSICI\u00d3N \u201cObra sobre papel\u201d de Benjam\u00edn Palencia - MI Ayuntamiento de Caudete\" \/>\n<meta property=\"og:description\" content=\"P\u00e1gina Oficial del Ayuntamiento de Caudete (Albacete)\" \/>\n<meta property=\"og:url\" content=\"https:\/\/www.caudete.org\/ayuntamiento\/exposicion-obra-sobre-papel-de-benjamin-palencia\/\" \/>\n<meta property=\"og:site_name\" content=\"MI Ayuntamiento de Caudete\" \/>\n<meta property=\"article:publisher\" content=\"https:\/\/www.facebook.com\/ayuntamientocaudete\/\" \/>\n<meta property=\"article:published_time\" content=\"2022-03-22T14:48:16+00:00\" \/>\n<meta property=\"og:image\" content=\"https:\/\/www.caudete.org\/ayuntamiento\/wp-content\/uploads\/2022\/03\/Exposicion-Benjamin-Palencia-WEB.jpg\" \/>\n\t<meta property=\"og:image:width\" content=\"864\" \/>\n\t<meta property=\"og:image:height\" content=\"380\" \/>\n\t<meta property=\"og:image:type\" content=\"image\/jpeg\" \/>\n<meta name=\"author\" content=\"Juan\" \/>\n<meta name=\"twitter:card\" content=\"summary_large_image\" \/>\n<meta name=\"twitter:label1\" content=\"Escrito por\" \/>\n\t<meta name=\"twitter:data1\" content=\"Juan\" \/>\n\t<meta name=\"twitter:label2\" content=\"Tiempo de lectura\" \/>\n\t<meta name=\"twitter:data2\" content=\"2 minutos\" \/>\n<script type=\"application\/ld+json\" class=\"yoast-schema-graph\">{\"@context\":\"https:\\\/\\\/schema.org\",\"@graph\":[{\"@type\":\"Article\",\"@id\":\"https:\\\/\\\/www.caudete.org\\\/ayuntamiento\\\/exposicion-obra-sobre-papel-de-benjamin-palencia\\\/#article\",\"isPartOf\":{\"@id\":\"https:\\\/\\\/www.caudete.org\\\/ayuntamiento\\\/exposicion-obra-sobre-papel-de-benjamin-palencia\\\/\"},\"author\":{\"name\":\"Juan\",\"@id\":\"https:\\\/\\\/www.caudete.org\\\/ayuntamiento\\\/#\\\/schema\\\/person\\\/7656a5bb58fca95b9814e940de0fda63\"},\"headline\":\"EXPOSICI\u00d3N \u201cObra sobre papel\u201d de Benjam\u00edn Palencia\",\"datePublished\":\"2022-03-22T14:48:16+00:00\",\"mainEntityOfPage\":{\"@id\":\"https:\\\/\\\/www.caudete.org\\\/ayuntamiento\\\/exposicion-obra-sobre-papel-de-benjamin-palencia\\\/\"},\"wordCount\":293,\"image\":{\"@id\":\"https:\\\/\\\/www.caudete.org\\\/ayuntamiento\\\/exposicion-obra-sobre-papel-de-benjamin-palencia\\\/#primaryimage\"},\"thumbnailUrl\":\"https:\\\/\\\/www.caudete.org\\\/ayuntamiento\\\/wp-content\\\/uploads\\\/2022\\\/03\\\/Exposicion-Benjamin-Palencia-WEB.jpg\",\"keywords\":[\"Benjamin Palencia\",\"Exposicion\",\"Obra sobre papel\"],\"articleSection\":[\"Cultura\"],\"inLanguage\":\"es\"},{\"@type\":\"WebPage\",\"@id\":\"https:\\\/\\\/www.caudete.org\\\/ayuntamiento\\\/exposicion-obra-sobre-papel-de-benjamin-palencia\\\/\",\"url\":\"https:\\\/\\\/www.caudete.org\\\/ayuntamiento\\\/exposicion-obra-sobre-papel-de-benjamin-palencia\\\/\",\"name\":\"EXPOSICI\u00d3N \u201cObra sobre papel\u201d de Benjam\u00edn Palencia - MI Ayuntamiento de Caudete\",\"isPartOf\":{\"@id\":\"https:\\\/\\\/www.caudete.org\\\/ayuntamiento\\\/#website\"},\"primaryImageOfPage\":{\"@id\":\"https:\\\/\\\/www.caudete.org\\\/ayuntamiento\\\/exposicion-obra-sobre-papel-de-benjamin-palencia\\\/#primaryimage\"},\"image\":{\"@id\":\"https:\\\/\\\/www.caudete.org\\\/ayuntamiento\\\/exposicion-obra-sobre-papel-de-benjamin-palencia\\\/#primaryimage\"},\"thumbnailUrl\":\"https:\\\/\\\/www.caudete.org\\\/ayuntamiento\\\/wp-content\\\/uploads\\\/2022\\\/03\\\/Exposicion-Benjamin-Palencia-WEB.jpg\",\"datePublished\":\"2022-03-22T14:48:16+00:00\",\"author\":{\"@id\":\"https:\\\/\\\/www.caudete.org\\\/ayuntamiento\\\/#\\\/schema\\\/person\\\/7656a5bb58fca95b9814e940de0fda63\"},\"description\":\"P\u00e1gina Oficial del Ayuntamiento de Caudete (Albacete)\",\"breadcrumb\":{\"@id\":\"https:\\\/\\\/www.caudete.org\\\/ayuntamiento\\\/exposicion-obra-sobre-papel-de-benjamin-palencia\\\/#breadcrumb\"},\"inLanguage\":\"es\",\"potentialAction\":[{\"@type\":\"ReadAction\",\"target\":[\"https:\\\/\\\/www.caudete.org\\\/ayuntamiento\\\/exposicion-obra-sobre-papel-de-benjamin-palencia\\\/\"]}]},{\"@type\":\"ImageObject\",\"inLanguage\":\"es\",\"@id\":\"https:\\\/\\\/www.caudete.org\\\/ayuntamiento\\\/exposicion-obra-sobre-papel-de-benjamin-palencia\\\/#primaryimage\",\"url\":\"https:\\\/\\\/www.caudete.org\\\/ayuntamiento\\\/wp-content\\\/uploads\\\/2022\\\/03\\\/Exposicion-Benjamin-Palencia-WEB.jpg\",\"contentUrl\":\"https:\\\/\\\/www.caudete.org\\\/ayuntamiento\\\/wp-content\\\/uploads\\\/2022\\\/03\\\/Exposicion-Benjamin-Palencia-WEB.jpg\",\"width\":864,\"height\":380},{\"@type\":\"BreadcrumbList\",\"@id\":\"https:\\\/\\\/www.caudete.org\\\/ayuntamiento\\\/exposicion-obra-sobre-papel-de-benjamin-palencia\\\/#breadcrumb\",\"itemListElement\":[{\"@type\":\"ListItem\",\"position\":1,\"name\":\"Inicio\",\"item\":\"https:\\\/\\\/www.caudete.org\\\/ayuntamiento\\\/\"},{\"@type\":\"ListItem\",\"position\":2,\"name\":\"EXPOSICI\u00d3N \u201cObra sobre papel\u201d de Benjam\u00edn Palencia\"}]},{\"@type\":\"WebSite\",\"@id\":\"https:\\\/\\\/www.caudete.org\\\/ayuntamiento\\\/#website\",\"url\":\"https:\\\/\\\/www.caudete.org\\\/ayuntamiento\\\/\",\"name\":\"MI Ayuntamiento de Caudete\",\"description\":\"P\u00e1gina Oficial del MI Ayuntamiento de Caudete\",\"potentialAction\":[{\"@type\":\"SearchAction\",\"target\":{\"@type\":\"EntryPoint\",\"urlTemplate\":\"https:\\\/\\\/www.caudete.org\\\/ayuntamiento\\\/?s={search_term_string}\"},\"query-input\":{\"@type\":\"PropertyValueSpecification\",\"valueRequired\":true,\"valueName\":\"search_term_string\"}}],\"inLanguage\":\"es\"},{\"@type\":\"Person\",\"@id\":\"https:\\\/\\\/www.caudete.org\\\/ayuntamiento\\\/#\\\/schema\\\/person\\\/7656a5bb58fca95b9814e940de0fda63\",\"name\":\"Juan\",\"image\":{\"@type\":\"ImageObject\",\"inLanguage\":\"es\",\"@id\":\"https:\\\/\\\/secure.gravatar.com\\\/avatar\\\/dd53e51c0cd6ab23f52d4f3e4f1c59730240727763de3dbbf26750b079a2c292?s=96&d=mm&r=g\",\"url\":\"https:\\\/\\\/secure.gravatar.com\\\/avatar\\\/dd53e51c0cd6ab23f52d4f3e4f1c59730240727763de3dbbf26750b079a2c292?s=96&d=mm&r=g\",\"contentUrl\":\"https:\\\/\\\/secure.gravatar.com\\\/avatar\\\/dd53e51c0cd6ab23f52d4f3e4f1c59730240727763de3dbbf26750b079a2c292?s=96&d=mm&r=g\",\"caption\":\"Juan\"},\"url\":\"https:\\\/\\\/www.caudete.org\\\/ayuntamiento\\\/author\\\/centrodeinternet\\\/\"}]}<\/script>\n<!-- \/ Yoast SEO plugin. -->","yoast_head_json":{"title":"EXPOSICI\u00d3N \u201cObra sobre papel\u201d de Benjam\u00edn Palencia - MI Ayuntamiento de Caudete","description":"P\u00e1gina Oficial del Ayuntamiento de Caudete (Albacete)","robots":{"index":"index","follow":"follow","max-snippet":"max-snippet:-1","max-image-preview":"max-image-preview:large","max-video-preview":"max-video-preview:-1"},"canonical":"https:\/\/www.caudete.org\/ayuntamiento\/exposicion-obra-sobre-papel-de-benjamin-palencia\/","og_locale":"es_ES","og_type":"article","og_title":"EXPOSICI\u00d3N \u201cObra sobre papel\u201d de Benjam\u00edn Palencia - MI Ayuntamiento de Caudete","og_description":"P\u00e1gina Oficial del Ayuntamiento de Caudete (Albacete)","og_url":"https:\/\/www.caudete.org\/ayuntamiento\/exposicion-obra-sobre-papel-de-benjamin-palencia\/","og_site_name":"MI Ayuntamiento de Caudete","article_publisher":"https:\/\/www.facebook.com\/ayuntamientocaudete\/","article_published_time":"2022-03-22T14:48:16+00:00","og_image":[{"width":864,"height":380,"url":"https:\/\/www.caudete.org\/ayuntamiento\/wp-content\/uploads\/2022\/03\/Exposicion-Benjamin-Palencia-WEB.jpg","type":"image\/jpeg"}],"author":"Juan","twitter_card":"summary_large_image","twitter_misc":{"Escrito por":"Juan","Tiempo de lectura":"2 minutos"},"schema":{"@context":"https:\/\/schema.org","@graph":[{"@type":"Article","@id":"https:\/\/www.caudete.org\/ayuntamiento\/exposicion-obra-sobre-papel-de-benjamin-palencia\/#article","isPartOf":{"@id":"https:\/\/www.caudete.org\/ayuntamiento\/exposicion-obra-sobre-papel-de-benjamin-palencia\/"},"author":{"name":"Juan","@id":"https:\/\/www.caudete.org\/ayuntamiento\/#\/schema\/person\/7656a5bb58fca95b9814e940de0fda63"},"headline":"EXPOSICI\u00d3N \u201cObra sobre papel\u201d de Benjam\u00edn Palencia","datePublished":"2022-03-22T14:48:16+00:00","mainEntityOfPage":{"@id":"https:\/\/www.caudete.org\/ayuntamiento\/exposicion-obra-sobre-papel-de-benjamin-palencia\/"},"wordCount":293,"image":{"@id":"https:\/\/www.caudete.org\/ayuntamiento\/exposicion-obra-sobre-papel-de-benjamin-palencia\/#primaryimage"},"thumbnailUrl":"https:\/\/www.caudete.org\/ayuntamiento\/wp-content\/uploads\/2022\/03\/Exposicion-Benjamin-Palencia-WEB.jpg","keywords":["Benjamin Palencia","Exposicion","Obra sobre papel"],"articleSection":["Cultura"],"inLanguage":"es"},{"@type":"WebPage","@id":"https:\/\/www.caudete.org\/ayuntamiento\/exposicion-obra-sobre-papel-de-benjamin-palencia\/","url":"https:\/\/www.caudete.org\/ayuntamiento\/exposicion-obra-sobre-papel-de-benjamin-palencia\/","name":"EXPOSICI\u00d3N \u201cObra sobre papel\u201d de Benjam\u00edn Palencia - MI Ayuntamiento de Caudete","isPartOf":{"@id":"https:\/\/www.caudete.org\/ayuntamiento\/#website"},"primaryImageOfPage":{"@id":"https:\/\/www.caudete.org\/ayuntamiento\/exposicion-obra-sobre-papel-de-benjamin-palencia\/#primaryimage"},"image":{"@id":"https:\/\/www.caudete.org\/ayuntamiento\/exposicion-obra-sobre-papel-de-benjamin-palencia\/#primaryimage"},"thumbnailUrl":"https:\/\/www.caudete.org\/ayuntamiento\/wp-content\/uploads\/2022\/03\/Exposicion-Benjamin-Palencia-WEB.jpg","datePublished":"2022-03-22T14:48:16+00:00","author":{"@id":"https:\/\/www.caudete.org\/ayuntamiento\/#\/schema\/person\/7656a5bb58fca95b9814e940de0fda63"},"description":"P\u00e1gina Oficial del Ayuntamiento de Caudete (Albacete)","breadcrumb":{"@id":"https:\/\/www.caudete.org\/ayuntamiento\/exposicion-obra-sobre-papel-de-benjamin-palencia\/#breadcrumb"},"inLanguage":"es","potentialAction":[{"@type":"ReadAction","target":["https:\/\/www.caudete.org\/ayuntamiento\/exposicion-obra-sobre-papel-de-benjamin-palencia\/"]}]},{"@type":"ImageObject","inLanguage":"es","@id":"https:\/\/www.caudete.org\/ayuntamiento\/exposicion-obra-sobre-papel-de-benjamin-palencia\/#primaryimage","url":"https:\/\/www.caudete.org\/ayuntamiento\/wp-content\/uploads\/2022\/03\/Exposicion-Benjamin-Palencia-WEB.jpg","contentUrl":"https:\/\/www.caudete.org\/ayuntamiento\/wp-content\/uploads\/2022\/03\/Exposicion-Benjamin-Palencia-WEB.jpg","width":864,"height":380},{"@type":"BreadcrumbList","@id":"https:\/\/www.caudete.org\/ayuntamiento\/exposicion-obra-sobre-papel-de-benjamin-palencia\/#breadcrumb","itemListElement":[{"@type":"ListItem","position":1,"name":"Inicio","item":"https:\/\/www.caudete.org\/ayuntamiento\/"},{"@type":"ListItem","position":2,"name":"EXPOSICI\u00d3N \u201cObra sobre papel\u201d de Benjam\u00edn Palencia"}]},{"@type":"WebSite","@id":"https:\/\/www.caudete.org\/ayuntamiento\/#website","url":"https:\/\/www.caudete.org\/ayuntamiento\/","name":"MI Ayuntamiento de Caudete","description":"P\u00e1gina Oficial del MI Ayuntamiento de Caudete","potentialAction":[{"@type":"SearchAction","target":{"@type":"EntryPoint","urlTemplate":"https:\/\/www.caudete.org\/ayuntamiento\/?s={search_term_string}"},"query-input":{"@type":"PropertyValueSpecification","valueRequired":true,"valueName":"search_term_string"}}],"inLanguage":"es"},{"@type":"Person","@id":"https:\/\/www.caudete.org\/ayuntamiento\/#\/schema\/person\/7656a5bb58fca95b9814e940de0fda63","name":"Juan","image":{"@type":"ImageObject","inLanguage":"es","@id":"https:\/\/secure.gravatar.com\/avatar\/dd53e51c0cd6ab23f52d4f3e4f1c59730240727763de3dbbf26750b079a2c292?s=96&d=mm&r=g","url":"https:\/\/secure.gravatar.com\/avatar\/dd53e51c0cd6ab23f52d4f3e4f1c59730240727763de3dbbf26750b079a2c292?s=96&d=mm&r=g","contentUrl":"https:\/\/secure.gravatar.com\/avatar\/dd53e51c0cd6ab23f52d4f3e4f1c59730240727763de3dbbf26750b079a2c292?s=96&d=mm&r=g","caption":"Juan"},"url":"https:\/\/www.caudete.org\/ayuntamiento\/author\/centrodeinternet\/"}]}},"_links":{"self":[{"href":"https:\/\/www.caudete.org\/ayuntamiento\/wp-json\/wp\/v2\/posts\/18497","targetHints":{"allow":["GET"]}}],"collection":[{"href":"https:\/\/www.caudete.org\/ayuntamiento\/wp-json\/wp\/v2\/posts"}],"about":[{"href":"https:\/\/www.caudete.org\/ayuntamiento\/wp-json\/wp\/v2\/types\/post"}],"author":[{"embeddable":true,"href":"https:\/\/www.caudete.org\/ayuntamiento\/wp-json\/wp\/v2\/users\/2"}],"replies":[{"embeddable":true,"href":"https:\/\/www.caudete.org\/ayuntamiento\/wp-json\/wp\/v2\/comments?post=18497"}],"version-history":[{"count":4,"href":"https:\/\/www.caudete.org\/ayuntamiento\/wp-json\/wp\/v2\/posts\/18497\/revisions"}],"predecessor-version":[{"id":18501,"href":"https:\/\/www.caudete.org\/ayuntamiento\/wp-json\/wp\/v2\/posts\/18497\/revisions\/18501"}],"wp:featuredmedia":[{"embeddable":true,"href":"https:\/\/www.caudete.org\/ayuntamiento\/wp-json\/wp\/v2\/media\/18494"}],"wp:attachment":[{"href":"https:\/\/www.caudete.org\/ayuntamiento\/wp-json\/wp\/v2\/media?parent=18497"}],"wp:term":[{"taxonomy":"category","embeddable":true,"href":"https:\/\/www.caudete.org\/ayuntamiento\/wp-json\/wp\/v2\/categories?post=18497"},{"taxonomy":"post_tag","embeddable":true,"href":"https:\/\/www.caudete.org\/ayuntamiento\/wp-json\/wp\/v2\/tags?post=18497"}],"curies":[{"name":"wp","href":"https:\/\/api.w.org\/{rel}","templated":true}]}}