{"id":18507,"date":"2022-03-22T19:14:16","date_gmt":"2022-03-22T18:14:16","guid":{"rendered":"https:\/\/www.caudete.org\/ayuntamiento\/?p=18507"},"modified":"2022-03-22T19:14:16","modified_gmt":"2022-03-22T18:14:16","slug":"caudete-acogera-una-de-las-fases-de-la-cuarta-jornada-del-campeonato-escolar-de-natacion","status":"publish","type":"post","link":"https:\/\/www.caudete.org\/ayuntamiento\/caudete-acogera-una-de-las-fases-de-la-cuarta-jornada-del-campeonato-escolar-de-natacion\/","title":{"rendered":"Caudete acoger\u00e1 una de las fases de la cuarta jornada del Campeonato Escolar de nataci\u00f3n"},"content":{"rendered":"<p style=\"margin-bottom: .0001pt; line-height: normal;\"><span style=\"font-family: 'Arial','sans-serif';\">El pr\u00f3ximo 26 de marzo, se celebrar\u00e1 en la Piscina Cubierta de nuestra localidad, una de las fases de la cuarta jornada del campeonato provincial de nataci\u00f3n en edad escolar. El campeonato organizado por la Diputaci\u00f3n de Albacete y la Junta de Comunidades de Castilla-La Mancha, en colaboraci\u00f3n con la Delegaci\u00f3n Provincial de la Federaci\u00f3n de Nataci\u00f3n, se compone de seis jornadas ubicadas en diferentes localidades de la provincia. La prueba est\u00e1 abierta a todas\/ las\/os nadadoras\/es pertenecientes a los clubes de la Delegaci\u00f3n de Nataci\u00f3n de Albacete y con licencia en vigor de todas las categor\u00edas del deporte en edad escolar.<\/span><\/p>\n<p style=\"margin-bottom: .0001pt; line-height: normal;\"><span style=\"font-family: 'Arial','sans-serif';\">Las pruebas que tendr\u00e1n lugar ser\u00e1n, entre otras, 50 metros libres y mariposa, 200 metros estilos y libre, 100 metros espalda, 8&#215;50 estilos. Para esta jornada debido a la crisis sanitaria provocada por el Covid-19, la Delegaci\u00f3n Provincial de la Federaci\u00f3n de Nataci\u00f3n restringir\u00e1 el acceso a la instalaci\u00f3n tan solo a deportistas, cuerpo t\u00e9cnico y jueces, no pudiendo asistir la presencia de p\u00fablico.<\/span><\/p>\n<p>&nbsp;<\/p>\n<p style=\"margin-bottom: .0001pt; line-height: normal;\"><span style=\"font-size: 14pt;\"><strong><span style=\"font-family: 'Arial','sans-serif';\"><a href=\"https:\/\/www.caudete.org\/ayuntamiento\/wp-content\/uploads\/2022\/03\/Cartel-Natacion-Escolar-21-22-1.pdf\" class=\"mtli_attachment mtli_pdf\">CARTEL NATACION ESCOLAR 21-22-1<\/a><\/span><\/strong><\/span><\/p>\n<p><img decoding=\"async\" class=\"alignnone size-medium wp-image-18506\" src=\"https:\/\/www.caudete.org\/ayuntamiento\/wp-content\/uploads\/2022\/03\/Cartel-Natacion-Escolar-21-22-1_001.jpg\" alt=\"\" width=\"1\" height=\"1\" \/><img decoding=\"async\" class=\"alignnone size-medium wp-image-18506\" src=\"https:\/\/www.caudete.org\/ayuntamiento\/wp-content\/uploads\/2022\/03\/Cartel-Natacion-Escolar-21-22-1_001.jpg\" alt=\"\" width=\"1\" height=\"1\" \/><\/p>\n","protected":false},"excerpt":{"rendered":"<p>El pr\u00f3ximo 26 de marzo, se celebrar\u00e1 en la Piscina Cubierta de nuestra localidad, una de las fases de la cuarta jornada del campeonato provincial de nataci\u00f3n en edad escolar. El campeonato organizado por la Diputaci\u00f3n de Albacete y la Junta de Comunidades de Castilla-La Mancha, en colaboraci\u00f3n con la Delegaci\u00f3n Provincial de la Federaci\u00f3n &hellip;<\/p>\n","protected":false},"author":2,"featured_media":18505,"comment_status":"closed","ping_status":"open","sticky":false,"template":"","format":"standard","meta":{"ngg_post_thumbnail":0,"footnotes":""},"categories":[23],"tags":[814],"class_list":["post-18507","post","type-post","status-publish","format-standard","has-post-thumbnail","hentry","category-deportes","tag-natacion-escolar"],"yoast_head":"<!-- This site is optimized with the Yoast SEO plugin v27.5 - https:\/\/yoast.com\/product\/yoast-seo-wordpress\/ -->\n<title>Caudete acoger\u00e1 una de las fases de la cuarta jornada del Campeonato Escolar de nataci\u00f3n - MI Ayuntamiento de Caudete<\/title>\n<meta name=\"description\" content=\"P\u00e1gina Oficial del Ayuntamiento de Caudete (Albacete)\" \/>\n<meta name=\"robots\" content=\"index, follow, max-snippet:-1, max-image-preview:large, max-video-preview:-1\" \/>\n<link rel=\"canonical\" href=\"https:\/\/www.caudete.org\/ayuntamiento\/caudete-acogera-una-de-las-fases-de-la-cuarta-jornada-del-campeonato-escolar-de-natacion\/\" \/>\n<meta property=\"og:locale\" content=\"es_ES\" \/>\n<meta property=\"og:type\" content=\"article\" \/>\n<meta property=\"og:title\" content=\"Caudete acoger\u00e1 una de las fases de la cuarta jornada del Campeonato Escolar de nataci\u00f3n - MI Ayuntamiento de Caudete\" \/>\n<meta property=\"og:description\" content=\"P\u00e1gina Oficial del Ayuntamiento de Caudete (Albacete)\" \/>\n<meta property=\"og:url\" content=\"https:\/\/www.caudete.org\/ayuntamiento\/caudete-acogera-una-de-las-fases-de-la-cuarta-jornada-del-campeonato-escolar-de-natacion\/\" \/>\n<meta property=\"og:site_name\" content=\"MI Ayuntamiento de Caudete\" \/>\n<meta property=\"article:publisher\" content=\"https:\/\/www.facebook.com\/ayuntamientocaudete\/\" \/>\n<meta property=\"article:published_time\" content=\"2022-03-22T18:14:16+00:00\" \/>\n<meta property=\"og:image\" content=\"https:\/\/www.caudete.org\/ayuntamiento\/wp-content\/uploads\/2022\/03\/Natacion-Campeonato-Escolar1-WEB.jpg\" \/>\n\t<meta property=\"og:image:width\" content=\"864\" \/>\n\t<meta property=\"og:image:height\" content=\"380\" \/>\n\t<meta property=\"og:image:type\" content=\"image\/jpeg\" \/>\n<meta name=\"author\" content=\"Juan\" \/>\n<meta name=\"twitter:card\" content=\"summary_large_image\" \/>\n<meta name=\"twitter:label1\" content=\"Escrito por\" \/>\n\t<meta name=\"twitter:data1\" content=\"Juan\" \/>\n\t<meta name=\"twitter:label2\" content=\"Tiempo de lectura\" \/>\n\t<meta name=\"twitter:data2\" content=\"2 minutos\" \/>\n<script type=\"application\/ld+json\" class=\"yoast-schema-graph\">{\"@context\":\"https:\\\/\\\/schema.org\",\"@graph\":[{\"@type\":\"Article\",\"@id\":\"https:\\\/\\\/www.caudete.org\\\/ayuntamiento\\\/caudete-acogera-una-de-las-fases-de-la-cuarta-jornada-del-campeonato-escolar-de-natacion\\\/#article\",\"isPartOf\":{\"@id\":\"https:\\\/\\\/www.caudete.org\\\/ayuntamiento\\\/caudete-acogera-una-de-las-fases-de-la-cuarta-jornada-del-campeonato-escolar-de-natacion\\\/\"},\"author\":{\"name\":\"Juan\",\"@id\":\"https:\\\/\\\/www.caudete.org\\\/ayuntamiento\\\/#\\\/schema\\\/person\\\/7656a5bb58fca95b9814e940de0fda63\"},\"headline\":\"Caudete acoger\u00e1 una de las fases de la cuarta jornada del Campeonato Escolar de nataci\u00f3n\",\"datePublished\":\"2022-03-22T18:14:16+00:00\",\"mainEntityOfPage\":{\"@id\":\"https:\\\/\\\/www.caudete.org\\\/ayuntamiento\\\/caudete-acogera-una-de-las-fases-de-la-cuarta-jornada-del-campeonato-escolar-de-natacion\\\/\"},\"wordCount\":204,\"image\":{\"@id\":\"https:\\\/\\\/www.caudete.org\\\/ayuntamiento\\\/caudete-acogera-una-de-las-fases-de-la-cuarta-jornada-del-campeonato-escolar-de-natacion\\\/#primaryimage\"},\"thumbnailUrl\":\"https:\\\/\\\/www.caudete.org\\\/ayuntamiento\\\/wp-content\\\/uploads\\\/2022\\\/03\\\/Natacion-Campeonato-Escolar1-WEB.jpg\",\"keywords\":[\"Natacion escolar\"],\"articleSection\":[\"Deportes\"],\"inLanguage\":\"es\"},{\"@type\":\"WebPage\",\"@id\":\"https:\\\/\\\/www.caudete.org\\\/ayuntamiento\\\/caudete-acogera-una-de-las-fases-de-la-cuarta-jornada-del-campeonato-escolar-de-natacion\\\/\",\"url\":\"https:\\\/\\\/www.caudete.org\\\/ayuntamiento\\\/caudete-acogera-una-de-las-fases-de-la-cuarta-jornada-del-campeonato-escolar-de-natacion\\\/\",\"name\":\"Caudete acoger\u00e1 una de las fases de la cuarta jornada del Campeonato Escolar de nataci\u00f3n - MI Ayuntamiento de Caudete\",\"isPartOf\":{\"@id\":\"https:\\\/\\\/www.caudete.org\\\/ayuntamiento\\\/#website\"},\"primaryImageOfPage\":{\"@id\":\"https:\\\/\\\/www.caudete.org\\\/ayuntamiento\\\/caudete-acogera-una-de-las-fases-de-la-cuarta-jornada-del-campeonato-escolar-de-natacion\\\/#primaryimage\"},\"image\":{\"@id\":\"https:\\\/\\\/www.caudete.org\\\/ayuntamiento\\\/caudete-acogera-una-de-las-fases-de-la-cuarta-jornada-del-campeonato-escolar-de-natacion\\\/#primaryimage\"},\"thumbnailUrl\":\"https:\\\/\\\/www.caudete.org\\\/ayuntamiento\\\/wp-content\\\/uploads\\\/2022\\\/03\\\/Natacion-Campeonato-Escolar1-WEB.jpg\",\"datePublished\":\"2022-03-22T18:14:16+00:00\",\"author\":{\"@id\":\"https:\\\/\\\/www.caudete.org\\\/ayuntamiento\\\/#\\\/schema\\\/person\\\/7656a5bb58fca95b9814e940de0fda63\"},\"description\":\"P\u00e1gina Oficial del Ayuntamiento de Caudete (Albacete)\",\"breadcrumb\":{\"@id\":\"https:\\\/\\\/www.caudete.org\\\/ayuntamiento\\\/caudete-acogera-una-de-las-fases-de-la-cuarta-jornada-del-campeonato-escolar-de-natacion\\\/#breadcrumb\"},\"inLanguage\":\"es\",\"potentialAction\":[{\"@type\":\"ReadAction\",\"target\":[\"https:\\\/\\\/www.caudete.org\\\/ayuntamiento\\\/caudete-acogera-una-de-las-fases-de-la-cuarta-jornada-del-campeonato-escolar-de-natacion\\\/\"]}]},{\"@type\":\"ImageObject\",\"inLanguage\":\"es\",\"@id\":\"https:\\\/\\\/www.caudete.org\\\/ayuntamiento\\\/caudete-acogera-una-de-las-fases-de-la-cuarta-jornada-del-campeonato-escolar-de-natacion\\\/#primaryimage\",\"url\":\"https:\\\/\\\/www.caudete.org\\\/ayuntamiento\\\/wp-content\\\/uploads\\\/2022\\\/03\\\/Natacion-Campeonato-Escolar1-WEB.jpg\",\"contentUrl\":\"https:\\\/\\\/www.caudete.org\\\/ayuntamiento\\\/wp-content\\\/uploads\\\/2022\\\/03\\\/Natacion-Campeonato-Escolar1-WEB.jpg\",\"width\":864,\"height\":380},{\"@type\":\"BreadcrumbList\",\"@id\":\"https:\\\/\\\/www.caudete.org\\\/ayuntamiento\\\/caudete-acogera-una-de-las-fases-de-la-cuarta-jornada-del-campeonato-escolar-de-natacion\\\/#breadcrumb\",\"itemListElement\":[{\"@type\":\"ListItem\",\"position\":1,\"name\":\"Inicio\",\"item\":\"https:\\\/\\\/www.caudete.org\\\/ayuntamiento\\\/\"},{\"@type\":\"ListItem\",\"position\":2,\"name\":\"Caudete acoger\u00e1 una de las fases de la cuarta jornada del Campeonato Escolar de nataci\u00f3n\"}]},{\"@type\":\"WebSite\",\"@id\":\"https:\\\/\\\/www.caudete.org\\\/ayuntamiento\\\/#website\",\"url\":\"https:\\\/\\\/www.caudete.org\\\/ayuntamiento\\\/\",\"name\":\"MI Ayuntamiento de Caudete\",\"description\":\"P\u00e1gina Oficial del MI Ayuntamiento de Caudete\",\"potentialAction\":[{\"@type\":\"SearchAction\",\"target\":{\"@type\":\"EntryPoint\",\"urlTemplate\":\"https:\\\/\\\/www.caudete.org\\\/ayuntamiento\\\/?s={search_term_string}\"},\"query-input\":{\"@type\":\"PropertyValueSpecification\",\"valueRequired\":true,\"valueName\":\"search_term_string\"}}],\"inLanguage\":\"es\"},{\"@type\":\"Person\",\"@id\":\"https:\\\/\\\/www.caudete.org\\\/ayuntamiento\\\/#\\\/schema\\\/person\\\/7656a5bb58fca95b9814e940de0fda63\",\"name\":\"Juan\",\"image\":{\"@type\":\"ImageObject\",\"inLanguage\":\"es\",\"@id\":\"https:\\\/\\\/secure.gravatar.com\\\/avatar\\\/dd53e51c0cd6ab23f52d4f3e4f1c59730240727763de3dbbf26750b079a2c292?s=96&d=mm&r=g\",\"url\":\"https:\\\/\\\/secure.gravatar.com\\\/avatar\\\/dd53e51c0cd6ab23f52d4f3e4f1c59730240727763de3dbbf26750b079a2c292?s=96&d=mm&r=g\",\"contentUrl\":\"https:\\\/\\\/secure.gravatar.com\\\/avatar\\\/dd53e51c0cd6ab23f52d4f3e4f1c59730240727763de3dbbf26750b079a2c292?s=96&d=mm&r=g\",\"caption\":\"Juan\"},\"url\":\"https:\\\/\\\/www.caudete.org\\\/ayuntamiento\\\/author\\\/centrodeinternet\\\/\"}]}<\/script>\n<!-- \/ Yoast SEO plugin. -->","yoast_head_json":{"title":"Caudete acoger\u00e1 una de las fases de la cuarta jornada del Campeonato Escolar de nataci\u00f3n - MI Ayuntamiento de Caudete","description":"P\u00e1gina Oficial del Ayuntamiento de Caudete (Albacete)","robots":{"index":"index","follow":"follow","max-snippet":"max-snippet:-1","max-image-preview":"max-image-preview:large","max-video-preview":"max-video-preview:-1"},"canonical":"https:\/\/www.caudete.org\/ayuntamiento\/caudete-acogera-una-de-las-fases-de-la-cuarta-jornada-del-campeonato-escolar-de-natacion\/","og_locale":"es_ES","og_type":"article","og_title":"Caudete acoger\u00e1 una de las fases de la cuarta jornada del Campeonato Escolar de nataci\u00f3n - MI Ayuntamiento de Caudete","og_description":"P\u00e1gina Oficial del Ayuntamiento de Caudete (Albacete)","og_url":"https:\/\/www.caudete.org\/ayuntamiento\/caudete-acogera-una-de-las-fases-de-la-cuarta-jornada-del-campeonato-escolar-de-natacion\/","og_site_name":"MI Ayuntamiento de Caudete","article_publisher":"https:\/\/www.facebook.com\/ayuntamientocaudete\/","article_published_time":"2022-03-22T18:14:16+00:00","og_image":[{"width":864,"height":380,"url":"https:\/\/www.caudete.org\/ayuntamiento\/wp-content\/uploads\/2022\/03\/Natacion-Campeonato-Escolar1-WEB.jpg","type":"image\/jpeg"}],"author":"Juan","twitter_card":"summary_large_image","twitter_misc":{"Escrito por":"Juan","Tiempo de lectura":"2 minutos"},"schema":{"@context":"https:\/\/schema.org","@graph":[{"@type":"Article","@id":"https:\/\/www.caudete.org\/ayuntamiento\/caudete-acogera-una-de-las-fases-de-la-cuarta-jornada-del-campeonato-escolar-de-natacion\/#article","isPartOf":{"@id":"https:\/\/www.caudete.org\/ayuntamiento\/caudete-acogera-una-de-las-fases-de-la-cuarta-jornada-del-campeonato-escolar-de-natacion\/"},"author":{"name":"Juan","@id":"https:\/\/www.caudete.org\/ayuntamiento\/#\/schema\/person\/7656a5bb58fca95b9814e940de0fda63"},"headline":"Caudete acoger\u00e1 una de las fases de la cuarta jornada del Campeonato Escolar de nataci\u00f3n","datePublished":"2022-03-22T18:14:16+00:00","mainEntityOfPage":{"@id":"https:\/\/www.caudete.org\/ayuntamiento\/caudete-acogera-una-de-las-fases-de-la-cuarta-jornada-del-campeonato-escolar-de-natacion\/"},"wordCount":204,"image":{"@id":"https:\/\/www.caudete.org\/ayuntamiento\/caudete-acogera-una-de-las-fases-de-la-cuarta-jornada-del-campeonato-escolar-de-natacion\/#primaryimage"},"thumbnailUrl":"https:\/\/www.caudete.org\/ayuntamiento\/wp-content\/uploads\/2022\/03\/Natacion-Campeonato-Escolar1-WEB.jpg","keywords":["Natacion escolar"],"articleSection":["Deportes"],"inLanguage":"es"},{"@type":"WebPage","@id":"https:\/\/www.caudete.org\/ayuntamiento\/caudete-acogera-una-de-las-fases-de-la-cuarta-jornada-del-campeonato-escolar-de-natacion\/","url":"https:\/\/www.caudete.org\/ayuntamiento\/caudete-acogera-una-de-las-fases-de-la-cuarta-jornada-del-campeonato-escolar-de-natacion\/","name":"Caudete acoger\u00e1 una de las fases de la cuarta jornada del Campeonato Escolar de nataci\u00f3n - MI Ayuntamiento de Caudete","isPartOf":{"@id":"https:\/\/www.caudete.org\/ayuntamiento\/#website"},"primaryImageOfPage":{"@id":"https:\/\/www.caudete.org\/ayuntamiento\/caudete-acogera-una-de-las-fases-de-la-cuarta-jornada-del-campeonato-escolar-de-natacion\/#primaryimage"},"image":{"@id":"https:\/\/www.caudete.org\/ayuntamiento\/caudete-acogera-una-de-las-fases-de-la-cuarta-jornada-del-campeonato-escolar-de-natacion\/#primaryimage"},"thumbnailUrl":"https:\/\/www.caudete.org\/ayuntamiento\/wp-content\/uploads\/2022\/03\/Natacion-Campeonato-Escolar1-WEB.jpg","datePublished":"2022-03-22T18:14:16+00:00","author":{"@id":"https:\/\/www.caudete.org\/ayuntamiento\/#\/schema\/person\/7656a5bb58fca95b9814e940de0fda63"},"description":"P\u00e1gina Oficial del Ayuntamiento de Caudete (Albacete)","breadcrumb":{"@id":"https:\/\/www.caudete.org\/ayuntamiento\/caudete-acogera-una-de-las-fases-de-la-cuarta-jornada-del-campeonato-escolar-de-natacion\/#breadcrumb"},"inLanguage":"es","potentialAction":[{"@type":"ReadAction","target":["https:\/\/www.caudete.org\/ayuntamiento\/caudete-acogera-una-de-las-fases-de-la-cuarta-jornada-del-campeonato-escolar-de-natacion\/"]}]},{"@type":"ImageObject","inLanguage":"es","@id":"https:\/\/www.caudete.org\/ayuntamiento\/caudete-acogera-una-de-las-fases-de-la-cuarta-jornada-del-campeonato-escolar-de-natacion\/#primaryimage","url":"https:\/\/www.caudete.org\/ayuntamiento\/wp-content\/uploads\/2022\/03\/Natacion-Campeonato-Escolar1-WEB.jpg","contentUrl":"https:\/\/www.caudete.org\/ayuntamiento\/wp-content\/uploads\/2022\/03\/Natacion-Campeonato-Escolar1-WEB.jpg","width":864,"height":380},{"@type":"BreadcrumbList","@id":"https:\/\/www.caudete.org\/ayuntamiento\/caudete-acogera-una-de-las-fases-de-la-cuarta-jornada-del-campeonato-escolar-de-natacion\/#breadcrumb","itemListElement":[{"@type":"ListItem","position":1,"name":"Inicio","item":"https:\/\/www.caudete.org\/ayuntamiento\/"},{"@type":"ListItem","position":2,"name":"Caudete acoger\u00e1 una de las fases de la cuarta jornada del Campeonato Escolar de nataci\u00f3n"}]},{"@type":"WebSite","@id":"https:\/\/www.caudete.org\/ayuntamiento\/#website","url":"https:\/\/www.caudete.org\/ayuntamiento\/","name":"MI Ayuntamiento de Caudete","description":"P\u00e1gina Oficial del MI Ayuntamiento de Caudete","potentialAction":[{"@type":"SearchAction","target":{"@type":"EntryPoint","urlTemplate":"https:\/\/www.caudete.org\/ayuntamiento\/?s={search_term_string}"},"query-input":{"@type":"PropertyValueSpecification","valueRequired":true,"valueName":"search_term_string"}}],"inLanguage":"es"},{"@type":"Person","@id":"https:\/\/www.caudete.org\/ayuntamiento\/#\/schema\/person\/7656a5bb58fca95b9814e940de0fda63","name":"Juan","image":{"@type":"ImageObject","inLanguage":"es","@id":"https:\/\/secure.gravatar.com\/avatar\/dd53e51c0cd6ab23f52d4f3e4f1c59730240727763de3dbbf26750b079a2c292?s=96&d=mm&r=g","url":"https:\/\/secure.gravatar.com\/avatar\/dd53e51c0cd6ab23f52d4f3e4f1c59730240727763de3dbbf26750b079a2c292?s=96&d=mm&r=g","contentUrl":"https:\/\/secure.gravatar.com\/avatar\/dd53e51c0cd6ab23f52d4f3e4f1c59730240727763de3dbbf26750b079a2c292?s=96&d=mm&r=g","caption":"Juan"},"url":"https:\/\/www.caudete.org\/ayuntamiento\/author\/centrodeinternet\/"}]}},"_links":{"self":[{"href":"https:\/\/www.caudete.org\/ayuntamiento\/wp-json\/wp\/v2\/posts\/18507","targetHints":{"allow":["GET"]}}],"collection":[{"href":"https:\/\/www.caudete.org\/ayuntamiento\/wp-json\/wp\/v2\/posts"}],"about":[{"href":"https:\/\/www.caudete.org\/ayuntamiento\/wp-json\/wp\/v2\/types\/post"}],"author":[{"embeddable":true,"href":"https:\/\/www.caudete.org\/ayuntamiento\/wp-json\/wp\/v2\/users\/2"}],"replies":[{"embeddable":true,"href":"https:\/\/www.caudete.org\/ayuntamiento\/wp-json\/wp\/v2\/comments?post=18507"}],"version-history":[{"count":7,"href":"https:\/\/www.caudete.org\/ayuntamiento\/wp-json\/wp\/v2\/posts\/18507\/revisions"}],"predecessor-version":[{"id":18520,"href":"https:\/\/www.caudete.org\/ayuntamiento\/wp-json\/wp\/v2\/posts\/18507\/revisions\/18520"}],"wp:featuredmedia":[{"embeddable":true,"href":"https:\/\/www.caudete.org\/ayuntamiento\/wp-json\/wp\/v2\/media\/18505"}],"wp:attachment":[{"href":"https:\/\/www.caudete.org\/ayuntamiento\/wp-json\/wp\/v2\/media?parent=18507"}],"wp:term":[{"taxonomy":"category","embeddable":true,"href":"https:\/\/www.caudete.org\/ayuntamiento\/wp-json\/wp\/v2\/categories?post=18507"},{"taxonomy":"post_tag","embeddable":true,"href":"https:\/\/www.caudete.org\/ayuntamiento\/wp-json\/wp\/v2\/tags?post=18507"}],"curies":[{"name":"wp","href":"https:\/\/api.w.org\/{rel}","templated":true}]}}