{"id":18566,"date":"2022-03-26T12:36:04","date_gmt":"2022-03-26T11:36:04","guid":{"rendered":"https:\/\/www.caudete.org\/ayuntamiento\/?p=18566"},"modified":"2022-03-26T12:36:04","modified_gmt":"2022-03-26T11:36:04","slug":"viii-concurso-de-lemas-por-la-igualdad-de-genero","status":"publish","type":"post","link":"https:\/\/www.caudete.org\/ayuntamiento\/viii-concurso-de-lemas-por-la-igualdad-de-genero\/","title":{"rendered":"VIII Concurso de LEMAS POR LA IGUALDAD DE G\u00c9NERO"},"content":{"rendered":"<p>Un a\u00f1o m\u00e1s, esta actividad ha sido organizada desde la Concejal\u00eda de Igualdad a trav\u00e9s del Centro de la Mujer, y dirigida al alumnado de 5\u00ba curso de primaria de todos los colegios de Caudete. Se ha llevado a cabo durante el mes de marzo, con el objetivo de concienciar a la poblaci\u00f3n m\u00e1s joven sobre las numerosas discriminaciones existentes en materia de g\u00e9nero, de manera que aprendan a identificarlas y desarrollen actitudes y relaciones m\u00e1s sanas e igualitarias.<\/p>\n<p>Previamente a la participaci\u00f3n en este concurso, el alumnado recibi\u00f3 la charla-taller <em>\u201cPonte las gafas de g\u00e9nero: rompiendo estereotipos\u201d<\/em>, impartida por una psic\u00f3loga especialista en Igualdad e Inclusi\u00f3n social. A partir de los contenidos expuestos, el alumnado trabaj\u00f3 en la redacci\u00f3n de lemas a favor de la igualdad de oportunidades entre hombres y mujeres.<\/p>\n<p>Se ha otorgado un premio por cada colegio y los lemas ganadores de esta edici\u00f3n han sido:<strong><em>\u00a0<\/em><\/strong><\/p>\n<p style=\"text-align: center;\"><strong><em>\u201cColaborar, querer, cuidar a los dem\u00e1s, hombres y mujeres lo podemos realizar\u201d<\/em><\/strong> de Carlos S\u00e1nchez Verd\u00fa (Colegio Alc\u00e1zar y Serrano).<\/p>\n<p><a href=\"https:\/\/www.caudete.org\/ayuntamiento\/wp-content\/uploads\/2022\/03\/GANADOR-COLEGIO-ALCAZAR-Y-SERRANO.jpg\" rel='prettyPhoto'><img fetchpriority=\"high\" decoding=\"async\" class=\"aligncenter wp-image-18570 size-medium\" src=\"https:\/\/www.caudete.org\/ayuntamiento\/wp-content\/uploads\/2022\/03\/GANADOR-COLEGIO-ALCAZAR-Y-SERRANO-300x225.jpg\" alt=\"\" width=\"300\" height=\"225\" srcset=\"https:\/\/www.caudete.org\/ayuntamiento\/wp-content\/uploads\/2022\/03\/GANADOR-COLEGIO-ALCAZAR-Y-SERRANO-300x225.jpg 300w, https:\/\/www.caudete.org\/ayuntamiento\/wp-content\/uploads\/2022\/03\/GANADOR-COLEGIO-ALCAZAR-Y-SERRANO-1024x768.jpg 1024w, https:\/\/www.caudete.org\/ayuntamiento\/wp-content\/uploads\/2022\/03\/GANADOR-COLEGIO-ALCAZAR-Y-SERRANO-768x576.jpg 768w, https:\/\/www.caudete.org\/ayuntamiento\/wp-content\/uploads\/2022\/03\/GANADOR-COLEGIO-ALCAZAR-Y-SERRANO-1536x1152.jpg 1536w, https:\/\/www.caudete.org\/ayuntamiento\/wp-content\/uploads\/2022\/03\/GANADOR-COLEGIO-ALCAZAR-Y-SERRANO.jpg 2000w\" sizes=\"(max-width: 300px) 100vw, 300px\" \/><\/a><\/p>\n<p>&nbsp;<\/p>\n<p style=\"text-align: center;\"><strong><em>\u201cLa igualdad entre los dos sexos ha de ser una realidad\u201d<\/em> <\/strong>de\u00a0 Adri\u00e1n Cantos Marco (Colegio Amor de Dios).<\/p>\n<p><a href=\"https:\/\/www.caudete.org\/ayuntamiento\/wp-content\/uploads\/2022\/03\/GANADOR-COLEGIO-AMOR-DE-DIOS-rotated.jpg\" rel='prettyPhoto'><img decoding=\"async\" class=\"aligncenter wp-image-18571 size-medium\" src=\"https:\/\/www.caudete.org\/ayuntamiento\/wp-content\/uploads\/2022\/03\/GANADOR-COLEGIO-AMOR-DE-DIOS-225x300.jpg\" alt=\"\" width=\"225\" height=\"300\" srcset=\"https:\/\/www.caudete.org\/ayuntamiento\/wp-content\/uploads\/2022\/03\/GANADOR-COLEGIO-AMOR-DE-DIOS-225x300.jpg 225w, https:\/\/www.caudete.org\/ayuntamiento\/wp-content\/uploads\/2022\/03\/GANADOR-COLEGIO-AMOR-DE-DIOS-768x1024.jpg 768w, https:\/\/www.caudete.org\/ayuntamiento\/wp-content\/uploads\/2022\/03\/GANADOR-COLEGIO-AMOR-DE-DIOS-1152x1536.jpg 1152w, https:\/\/www.caudete.org\/ayuntamiento\/wp-content\/uploads\/2022\/03\/GANADOR-COLEGIO-AMOR-DE-DIOS-rotated.jpg 1500w\" sizes=\"(max-width: 225px) 100vw, 225px\" \/><\/a><\/p>\n<p>&nbsp;<\/p>\n<p style=\"text-align: center;\"><strong><em>\u201cSi el mismo trabajo podemos realizar, el mismo dinero debemos cobrar<\/em><\/strong><em>\u201d <\/em>de Francisco S\u00e1nchez Alem\u00e1n (Colegio El Paseo).<\/p>\n<p><a href=\"https:\/\/www.caudete.org\/ayuntamiento\/wp-content\/uploads\/2022\/03\/GANADOR-COLEGIO-EL-PASEO-rotated.jpg\" rel='prettyPhoto'><img decoding=\"async\" class=\"aligncenter wp-image-18572 size-medium\" src=\"https:\/\/www.caudete.org\/ayuntamiento\/wp-content\/uploads\/2022\/03\/GANADOR-COLEGIO-EL-PASEO-225x300.jpg\" alt=\"\" width=\"225\" height=\"300\" srcset=\"https:\/\/www.caudete.org\/ayuntamiento\/wp-content\/uploads\/2022\/03\/GANADOR-COLEGIO-EL-PASEO-225x300.jpg 225w, https:\/\/www.caudete.org\/ayuntamiento\/wp-content\/uploads\/2022\/03\/GANADOR-COLEGIO-EL-PASEO-768x1024.jpg 768w, https:\/\/www.caudete.org\/ayuntamiento\/wp-content\/uploads\/2022\/03\/GANADOR-COLEGIO-EL-PASEO-1152x1536.jpg 1152w, https:\/\/www.caudete.org\/ayuntamiento\/wp-content\/uploads\/2022\/03\/GANADOR-COLEGIO-EL-PASEO-rotated.jpg 1500w\" sizes=\"(max-width: 225px) 100vw, 225px\" \/><\/a><\/p>\n<p>&nbsp;<\/p>\n<p style=\"text-align: center;\"><strong><em>\u201cLeyes hay, lo que falta es igualdad\u201d<\/em><\/strong> de Bassma El Maataqui (Colegio Gloria Fuertes).<\/p>\n<p><a href=\"https:\/\/www.caudete.org\/ayuntamiento\/wp-content\/uploads\/2022\/03\/GANADORA-COLEGIO-GLORIA-FUERTES.jpg\" rel='prettyPhoto'><img loading=\"lazy\" decoding=\"async\" class=\"aligncenter wp-image-18573 size-medium\" src=\"https:\/\/www.caudete.org\/ayuntamiento\/wp-content\/uploads\/2022\/03\/GANADORA-COLEGIO-GLORIA-FUERTES-300x225.jpg\" alt=\"\" width=\"300\" height=\"225\" srcset=\"https:\/\/www.caudete.org\/ayuntamiento\/wp-content\/uploads\/2022\/03\/GANADORA-COLEGIO-GLORIA-FUERTES-300x225.jpg 300w, https:\/\/www.caudete.org\/ayuntamiento\/wp-content\/uploads\/2022\/03\/GANADORA-COLEGIO-GLORIA-FUERTES-1024x768.jpg 1024w, https:\/\/www.caudete.org\/ayuntamiento\/wp-content\/uploads\/2022\/03\/GANADORA-COLEGIO-GLORIA-FUERTES-768x576.jpg 768w, https:\/\/www.caudete.org\/ayuntamiento\/wp-content\/uploads\/2022\/03\/GANADORA-COLEGIO-GLORIA-FUERTES-1536x1152.jpg 1536w, https:\/\/www.caudete.org\/ayuntamiento\/wp-content\/uploads\/2022\/03\/GANADORA-COLEGIO-GLORIA-FUERTES.jpg 2000w\" sizes=\"(max-width: 300px) 100vw, 300px\" \/><\/a><\/p>\n<p>&nbsp;<\/p>\n<p>Todos los lemas participantes se publican en la web del Ayuntamiento y adem\u00e1s, los cuatro lemas ganadores formar\u00e1n parte de la publicidad de las actividades que se organizar\u00e1n para conmemorar el 8 de marzo el a\u00f1o pr\u00f3ximo.<\/p>\n","protected":false},"excerpt":{"rendered":"<p>Un a\u00f1o m\u00e1s, esta actividad ha sido organizada desde la Concejal\u00eda de Igualdad a trav\u00e9s del Centro de la Mujer, y dirigida al alumnado de 5\u00ba curso de primaria de todos los colegios de Caudete. Se ha llevado a cabo durante el mes de marzo, con el objetivo de concienciar a la poblaci\u00f3n m\u00e1s joven &hellip;<\/p>\n","protected":false},"author":2,"featured_media":18568,"comment_status":"closed","ping_status":"open","sticky":false,"template":"","format":"standard","meta":{"ngg_post_thumbnail":0,"footnotes":""},"categories":[522],"tags":[595],"class_list":["post-18566","post","type-post","status-publish","format-standard","has-post-thumbnail","hentry","category-igualdad","tag-concurso-lemas-por-la-igualdad"],"yoast_head":"<!-- This site is optimized with the Yoast SEO plugin v27.5 - https:\/\/yoast.com\/product\/yoast-seo-wordpress\/ -->\n<title>VIII Concurso de LEMAS POR LA IGUALDAD DE G\u00c9NERO - MI Ayuntamiento de Caudete<\/title>\n<meta name=\"description\" content=\"P\u00e1gina Oficial del Ayuntamiento de Caudete (Albacete)\" \/>\n<meta name=\"robots\" content=\"index, follow, max-snippet:-1, max-image-preview:large, max-video-preview:-1\" \/>\n<link rel=\"canonical\" href=\"https:\/\/www.caudete.org\/ayuntamiento\/viii-concurso-de-lemas-por-la-igualdad-de-genero\/\" \/>\n<meta property=\"og:locale\" content=\"es_ES\" \/>\n<meta property=\"og:type\" content=\"article\" \/>\n<meta property=\"og:title\" content=\"VIII Concurso de LEMAS POR LA IGUALDAD DE G\u00c9NERO - MI Ayuntamiento de Caudete\" \/>\n<meta property=\"og:description\" content=\"P\u00e1gina Oficial del Ayuntamiento de Caudete (Albacete)\" \/>\n<meta property=\"og:url\" content=\"https:\/\/www.caudete.org\/ayuntamiento\/viii-concurso-de-lemas-por-la-igualdad-de-genero\/\" \/>\n<meta property=\"og:site_name\" content=\"MI Ayuntamiento de Caudete\" \/>\n<meta property=\"article:publisher\" content=\"https:\/\/www.facebook.com\/ayuntamientocaudete\/\" \/>\n<meta property=\"article:published_time\" content=\"2022-03-26T11:36:04+00:00\" \/>\n<meta property=\"og:image\" content=\"https:\/\/www.caudete.org\/ayuntamiento\/wp-content\/uploads\/2022\/03\/Ganadores-lemas-por-la-igualdad-2022-WEB.jpg\" \/>\n\t<meta property=\"og:image:width\" content=\"864\" \/>\n\t<meta property=\"og:image:height\" content=\"380\" \/>\n\t<meta property=\"og:image:type\" content=\"image\/jpeg\" \/>\n<meta name=\"author\" content=\"Juan\" \/>\n<meta name=\"twitter:card\" content=\"summary_large_image\" \/>\n<meta name=\"twitter:label1\" content=\"Escrito por\" \/>\n\t<meta name=\"twitter:data1\" content=\"Juan\" \/>\n\t<meta name=\"twitter:label2\" content=\"Tiempo de lectura\" \/>\n\t<meta name=\"twitter:data2\" content=\"2 minutos\" \/>\n<script type=\"application\/ld+json\" class=\"yoast-schema-graph\">{\"@context\":\"https:\\\/\\\/schema.org\",\"@graph\":[{\"@type\":\"Article\",\"@id\":\"https:\\\/\\\/www.caudete.org\\\/ayuntamiento\\\/viii-concurso-de-lemas-por-la-igualdad-de-genero\\\/#article\",\"isPartOf\":{\"@id\":\"https:\\\/\\\/www.caudete.org\\\/ayuntamiento\\\/viii-concurso-de-lemas-por-la-igualdad-de-genero\\\/\"},\"author\":{\"name\":\"Juan\",\"@id\":\"https:\\\/\\\/www.caudete.org\\\/ayuntamiento\\\/#\\\/schema\\\/person\\\/7656a5bb58fca95b9814e940de0fda63\"},\"headline\":\"VIII Concurso de LEMAS POR LA IGUALDAD DE G\u00c9NERO\",\"datePublished\":\"2022-03-26T11:36:04+00:00\",\"mainEntityOfPage\":{\"@id\":\"https:\\\/\\\/www.caudete.org\\\/ayuntamiento\\\/viii-concurso-de-lemas-por-la-igualdad-de-genero\\\/\"},\"wordCount\":295,\"image\":{\"@id\":\"https:\\\/\\\/www.caudete.org\\\/ayuntamiento\\\/viii-concurso-de-lemas-por-la-igualdad-de-genero\\\/#primaryimage\"},\"thumbnailUrl\":\"https:\\\/\\\/www.caudete.org\\\/ayuntamiento\\\/wp-content\\\/uploads\\\/2022\\\/03\\\/Ganadores-lemas-por-la-igualdad-2022-WEB.jpg\",\"keywords\":[\"Concurso lemas por la igualdad\"],\"articleSection\":[\"Igualdad\"],\"inLanguage\":\"es\"},{\"@type\":\"WebPage\",\"@id\":\"https:\\\/\\\/www.caudete.org\\\/ayuntamiento\\\/viii-concurso-de-lemas-por-la-igualdad-de-genero\\\/\",\"url\":\"https:\\\/\\\/www.caudete.org\\\/ayuntamiento\\\/viii-concurso-de-lemas-por-la-igualdad-de-genero\\\/\",\"name\":\"VIII Concurso de LEMAS POR LA IGUALDAD DE G\u00c9NERO - MI Ayuntamiento de Caudete\",\"isPartOf\":{\"@id\":\"https:\\\/\\\/www.caudete.org\\\/ayuntamiento\\\/#website\"},\"primaryImageOfPage\":{\"@id\":\"https:\\\/\\\/www.caudete.org\\\/ayuntamiento\\\/viii-concurso-de-lemas-por-la-igualdad-de-genero\\\/#primaryimage\"},\"image\":{\"@id\":\"https:\\\/\\\/www.caudete.org\\\/ayuntamiento\\\/viii-concurso-de-lemas-por-la-igualdad-de-genero\\\/#primaryimage\"},\"thumbnailUrl\":\"https:\\\/\\\/www.caudete.org\\\/ayuntamiento\\\/wp-content\\\/uploads\\\/2022\\\/03\\\/Ganadores-lemas-por-la-igualdad-2022-WEB.jpg\",\"datePublished\":\"2022-03-26T11:36:04+00:00\",\"author\":{\"@id\":\"https:\\\/\\\/www.caudete.org\\\/ayuntamiento\\\/#\\\/schema\\\/person\\\/7656a5bb58fca95b9814e940de0fda63\"},\"description\":\"P\u00e1gina Oficial del Ayuntamiento de Caudete (Albacete)\",\"breadcrumb\":{\"@id\":\"https:\\\/\\\/www.caudete.org\\\/ayuntamiento\\\/viii-concurso-de-lemas-por-la-igualdad-de-genero\\\/#breadcrumb\"},\"inLanguage\":\"es\",\"potentialAction\":[{\"@type\":\"ReadAction\",\"target\":[\"https:\\\/\\\/www.caudete.org\\\/ayuntamiento\\\/viii-concurso-de-lemas-por-la-igualdad-de-genero\\\/\"]}]},{\"@type\":\"ImageObject\",\"inLanguage\":\"es\",\"@id\":\"https:\\\/\\\/www.caudete.org\\\/ayuntamiento\\\/viii-concurso-de-lemas-por-la-igualdad-de-genero\\\/#primaryimage\",\"url\":\"https:\\\/\\\/www.caudete.org\\\/ayuntamiento\\\/wp-content\\\/uploads\\\/2022\\\/03\\\/Ganadores-lemas-por-la-igualdad-2022-WEB.jpg\",\"contentUrl\":\"https:\\\/\\\/www.caudete.org\\\/ayuntamiento\\\/wp-content\\\/uploads\\\/2022\\\/03\\\/Ganadores-lemas-por-la-igualdad-2022-WEB.jpg\",\"width\":864,\"height\":380},{\"@type\":\"BreadcrumbList\",\"@id\":\"https:\\\/\\\/www.caudete.org\\\/ayuntamiento\\\/viii-concurso-de-lemas-por-la-igualdad-de-genero\\\/#breadcrumb\",\"itemListElement\":[{\"@type\":\"ListItem\",\"position\":1,\"name\":\"Inicio\",\"item\":\"https:\\\/\\\/www.caudete.org\\\/ayuntamiento\\\/\"},{\"@type\":\"ListItem\",\"position\":2,\"name\":\"VIII Concurso de LEMAS POR LA IGUALDAD DE G\u00c9NERO\"}]},{\"@type\":\"WebSite\",\"@id\":\"https:\\\/\\\/www.caudete.org\\\/ayuntamiento\\\/#website\",\"url\":\"https:\\\/\\\/www.caudete.org\\\/ayuntamiento\\\/\",\"name\":\"MI Ayuntamiento de Caudete\",\"description\":\"P\u00e1gina Oficial del MI Ayuntamiento de Caudete\",\"potentialAction\":[{\"@type\":\"SearchAction\",\"target\":{\"@type\":\"EntryPoint\",\"urlTemplate\":\"https:\\\/\\\/www.caudete.org\\\/ayuntamiento\\\/?s={search_term_string}\"},\"query-input\":{\"@type\":\"PropertyValueSpecification\",\"valueRequired\":true,\"valueName\":\"search_term_string\"}}],\"inLanguage\":\"es\"},{\"@type\":\"Person\",\"@id\":\"https:\\\/\\\/www.caudete.org\\\/ayuntamiento\\\/#\\\/schema\\\/person\\\/7656a5bb58fca95b9814e940de0fda63\",\"name\":\"Juan\",\"image\":{\"@type\":\"ImageObject\",\"inLanguage\":\"es\",\"@id\":\"https:\\\/\\\/secure.gravatar.com\\\/avatar\\\/dd53e51c0cd6ab23f52d4f3e4f1c59730240727763de3dbbf26750b079a2c292?s=96&d=mm&r=g\",\"url\":\"https:\\\/\\\/secure.gravatar.com\\\/avatar\\\/dd53e51c0cd6ab23f52d4f3e4f1c59730240727763de3dbbf26750b079a2c292?s=96&d=mm&r=g\",\"contentUrl\":\"https:\\\/\\\/secure.gravatar.com\\\/avatar\\\/dd53e51c0cd6ab23f52d4f3e4f1c59730240727763de3dbbf26750b079a2c292?s=96&d=mm&r=g\",\"caption\":\"Juan\"},\"url\":\"https:\\\/\\\/www.caudete.org\\\/ayuntamiento\\\/author\\\/centrodeinternet\\\/\"}]}<\/script>\n<!-- \/ Yoast SEO plugin. -->","yoast_head_json":{"title":"VIII Concurso de LEMAS POR LA IGUALDAD DE G\u00c9NERO - MI Ayuntamiento de Caudete","description":"P\u00e1gina Oficial del Ayuntamiento de Caudete (Albacete)","robots":{"index":"index","follow":"follow","max-snippet":"max-snippet:-1","max-image-preview":"max-image-preview:large","max-video-preview":"max-video-preview:-1"},"canonical":"https:\/\/www.caudete.org\/ayuntamiento\/viii-concurso-de-lemas-por-la-igualdad-de-genero\/","og_locale":"es_ES","og_type":"article","og_title":"VIII Concurso de LEMAS POR LA IGUALDAD DE G\u00c9NERO - MI Ayuntamiento de Caudete","og_description":"P\u00e1gina Oficial del Ayuntamiento de Caudete (Albacete)","og_url":"https:\/\/www.caudete.org\/ayuntamiento\/viii-concurso-de-lemas-por-la-igualdad-de-genero\/","og_site_name":"MI Ayuntamiento de Caudete","article_publisher":"https:\/\/www.facebook.com\/ayuntamientocaudete\/","article_published_time":"2022-03-26T11:36:04+00:00","og_image":[{"width":864,"height":380,"url":"https:\/\/www.caudete.org\/ayuntamiento\/wp-content\/uploads\/2022\/03\/Ganadores-lemas-por-la-igualdad-2022-WEB.jpg","type":"image\/jpeg"}],"author":"Juan","twitter_card":"summary_large_image","twitter_misc":{"Escrito por":"Juan","Tiempo de lectura":"2 minutos"},"schema":{"@context":"https:\/\/schema.org","@graph":[{"@type":"Article","@id":"https:\/\/www.caudete.org\/ayuntamiento\/viii-concurso-de-lemas-por-la-igualdad-de-genero\/#article","isPartOf":{"@id":"https:\/\/www.caudete.org\/ayuntamiento\/viii-concurso-de-lemas-por-la-igualdad-de-genero\/"},"author":{"name":"Juan","@id":"https:\/\/www.caudete.org\/ayuntamiento\/#\/schema\/person\/7656a5bb58fca95b9814e940de0fda63"},"headline":"VIII Concurso de LEMAS POR LA IGUALDAD DE G\u00c9NERO","datePublished":"2022-03-26T11:36:04+00:00","mainEntityOfPage":{"@id":"https:\/\/www.caudete.org\/ayuntamiento\/viii-concurso-de-lemas-por-la-igualdad-de-genero\/"},"wordCount":295,"image":{"@id":"https:\/\/www.caudete.org\/ayuntamiento\/viii-concurso-de-lemas-por-la-igualdad-de-genero\/#primaryimage"},"thumbnailUrl":"https:\/\/www.caudete.org\/ayuntamiento\/wp-content\/uploads\/2022\/03\/Ganadores-lemas-por-la-igualdad-2022-WEB.jpg","keywords":["Concurso lemas por la igualdad"],"articleSection":["Igualdad"],"inLanguage":"es"},{"@type":"WebPage","@id":"https:\/\/www.caudete.org\/ayuntamiento\/viii-concurso-de-lemas-por-la-igualdad-de-genero\/","url":"https:\/\/www.caudete.org\/ayuntamiento\/viii-concurso-de-lemas-por-la-igualdad-de-genero\/","name":"VIII Concurso de LEMAS POR LA IGUALDAD DE G\u00c9NERO - MI Ayuntamiento de Caudete","isPartOf":{"@id":"https:\/\/www.caudete.org\/ayuntamiento\/#website"},"primaryImageOfPage":{"@id":"https:\/\/www.caudete.org\/ayuntamiento\/viii-concurso-de-lemas-por-la-igualdad-de-genero\/#primaryimage"},"image":{"@id":"https:\/\/www.caudete.org\/ayuntamiento\/viii-concurso-de-lemas-por-la-igualdad-de-genero\/#primaryimage"},"thumbnailUrl":"https:\/\/www.caudete.org\/ayuntamiento\/wp-content\/uploads\/2022\/03\/Ganadores-lemas-por-la-igualdad-2022-WEB.jpg","datePublished":"2022-03-26T11:36:04+00:00","author":{"@id":"https:\/\/www.caudete.org\/ayuntamiento\/#\/schema\/person\/7656a5bb58fca95b9814e940de0fda63"},"description":"P\u00e1gina Oficial del Ayuntamiento de Caudete (Albacete)","breadcrumb":{"@id":"https:\/\/www.caudete.org\/ayuntamiento\/viii-concurso-de-lemas-por-la-igualdad-de-genero\/#breadcrumb"},"inLanguage":"es","potentialAction":[{"@type":"ReadAction","target":["https:\/\/www.caudete.org\/ayuntamiento\/viii-concurso-de-lemas-por-la-igualdad-de-genero\/"]}]},{"@type":"ImageObject","inLanguage":"es","@id":"https:\/\/www.caudete.org\/ayuntamiento\/viii-concurso-de-lemas-por-la-igualdad-de-genero\/#primaryimage","url":"https:\/\/www.caudete.org\/ayuntamiento\/wp-content\/uploads\/2022\/03\/Ganadores-lemas-por-la-igualdad-2022-WEB.jpg","contentUrl":"https:\/\/www.caudete.org\/ayuntamiento\/wp-content\/uploads\/2022\/03\/Ganadores-lemas-por-la-igualdad-2022-WEB.jpg","width":864,"height":380},{"@type":"BreadcrumbList","@id":"https:\/\/www.caudete.org\/ayuntamiento\/viii-concurso-de-lemas-por-la-igualdad-de-genero\/#breadcrumb","itemListElement":[{"@type":"ListItem","position":1,"name":"Inicio","item":"https:\/\/www.caudete.org\/ayuntamiento\/"},{"@type":"ListItem","position":2,"name":"VIII Concurso de LEMAS POR LA IGUALDAD DE G\u00c9NERO"}]},{"@type":"WebSite","@id":"https:\/\/www.caudete.org\/ayuntamiento\/#website","url":"https:\/\/www.caudete.org\/ayuntamiento\/","name":"MI Ayuntamiento de Caudete","description":"P\u00e1gina Oficial del MI Ayuntamiento de Caudete","potentialAction":[{"@type":"SearchAction","target":{"@type":"EntryPoint","urlTemplate":"https:\/\/www.caudete.org\/ayuntamiento\/?s={search_term_string}"},"query-input":{"@type":"PropertyValueSpecification","valueRequired":true,"valueName":"search_term_string"}}],"inLanguage":"es"},{"@type":"Person","@id":"https:\/\/www.caudete.org\/ayuntamiento\/#\/schema\/person\/7656a5bb58fca95b9814e940de0fda63","name":"Juan","image":{"@type":"ImageObject","inLanguage":"es","@id":"https:\/\/secure.gravatar.com\/avatar\/dd53e51c0cd6ab23f52d4f3e4f1c59730240727763de3dbbf26750b079a2c292?s=96&d=mm&r=g","url":"https:\/\/secure.gravatar.com\/avatar\/dd53e51c0cd6ab23f52d4f3e4f1c59730240727763de3dbbf26750b079a2c292?s=96&d=mm&r=g","contentUrl":"https:\/\/secure.gravatar.com\/avatar\/dd53e51c0cd6ab23f52d4f3e4f1c59730240727763de3dbbf26750b079a2c292?s=96&d=mm&r=g","caption":"Juan"},"url":"https:\/\/www.caudete.org\/ayuntamiento\/author\/centrodeinternet\/"}]}},"_links":{"self":[{"href":"https:\/\/www.caudete.org\/ayuntamiento\/wp-json\/wp\/v2\/posts\/18566","targetHints":{"allow":["GET"]}}],"collection":[{"href":"https:\/\/www.caudete.org\/ayuntamiento\/wp-json\/wp\/v2\/posts"}],"about":[{"href":"https:\/\/www.caudete.org\/ayuntamiento\/wp-json\/wp\/v2\/types\/post"}],"author":[{"embeddable":true,"href":"https:\/\/www.caudete.org\/ayuntamiento\/wp-json\/wp\/v2\/users\/2"}],"replies":[{"embeddable":true,"href":"https:\/\/www.caudete.org\/ayuntamiento\/wp-json\/wp\/v2\/comments?post=18566"}],"version-history":[{"count":2,"href":"https:\/\/www.caudete.org\/ayuntamiento\/wp-json\/wp\/v2\/posts\/18566\/revisions"}],"predecessor-version":[{"id":18574,"href":"https:\/\/www.caudete.org\/ayuntamiento\/wp-json\/wp\/v2\/posts\/18566\/revisions\/18574"}],"wp:featuredmedia":[{"embeddable":true,"href":"https:\/\/www.caudete.org\/ayuntamiento\/wp-json\/wp\/v2\/media\/18568"}],"wp:attachment":[{"href":"https:\/\/www.caudete.org\/ayuntamiento\/wp-json\/wp\/v2\/media?parent=18566"}],"wp:term":[{"taxonomy":"category","embeddable":true,"href":"https:\/\/www.caudete.org\/ayuntamiento\/wp-json\/wp\/v2\/categories?post=18566"},{"taxonomy":"post_tag","embeddable":true,"href":"https:\/\/www.caudete.org\/ayuntamiento\/wp-json\/wp\/v2\/tags?post=18566"}],"curies":[{"name":"wp","href":"https:\/\/api.w.org\/{rel}","templated":true}]}}