{"id":18575,"date":"2022-03-28T09:58:09","date_gmt":"2022-03-28T07:58:09","guid":{"rendered":"https:\/\/www.caudete.org\/ayuntamiento\/?p=18575"},"modified":"2022-03-28T12:44:05","modified_gmt":"2022-03-28T10:44:05","slug":"dolores-de-teresa-amoros-impulsora-del-asilo-reconocida-por-el-ayuntamiento-con-un-espacio-publico","status":"publish","type":"post","link":"https:\/\/www.caudete.org\/ayuntamiento\/dolores-de-teresa-amoros-impulsora-del-asilo-reconocida-por-el-ayuntamiento-con-un-espacio-publico\/","title":{"rendered":"Dolores de Teresa Amor\u00f3s, impulsora del Asilo, reconocida por el Ayuntamiento con un espacio p\u00fablico"},"content":{"rendered":"<p style=\"text-align: justify;\"><span style=\"font-family: georgia, palatino, serif; font-size: 12pt;\">Con motivo del d\u00eda de la mujer trabajadora, el 8 de Marzo, el Ayuntamiento de Caudete, y por medio de la Concejal\u00eda de Pol\u00edticas de Igualdad acord\u00f3 en sesi\u00f3n ordinaria de Junta de Gobierno Local, de fecha 04 de Marzo de 2021 aumentar el nomencl\u00e1tor caudetano con el nombre de una mujer, acto de homenaje que se llev\u00f3 a cabo la tarde del jueves 10 de Marzo en la conmemoraci\u00f3n del \u201cD\u00eda de la Mujer\u201d organizado por el Ayuntamiento y la Asociaci\u00f3n de Mujeres de Santa B\u00e1rbara.<\/span><\/p>\n<p><a href=\"https:\/\/www.caudete.org\/ayuntamiento\/wp-content\/uploads\/2022\/03\/1648377056389-1.jpg\" rel='prettyPhoto'><img fetchpriority=\"high\" decoding=\"async\" class=\"aligncenter wp-image-18576 size-medium\" src=\"https:\/\/www.caudete.org\/ayuntamiento\/wp-content\/uploads\/2022\/03\/1648377056389-1-225x300.jpg\" alt=\"\" width=\"225\" height=\"300\" srcset=\"https:\/\/www.caudete.org\/ayuntamiento\/wp-content\/uploads\/2022\/03\/1648377056389-1-225x300.jpg 225w, https:\/\/www.caudete.org\/ayuntamiento\/wp-content\/uploads\/2022\/03\/1648377056389-1-769x1024.jpg 769w, https:\/\/www.caudete.org\/ayuntamiento\/wp-content\/uploads\/2022\/03\/1648377056389-1-768x1023.jpg 768w, https:\/\/www.caudete.org\/ayuntamiento\/wp-content\/uploads\/2022\/03\/1648377056389-1-1153x1536.jpg 1153w, https:\/\/www.caudete.org\/ayuntamiento\/wp-content\/uploads\/2022\/03\/1648377056389-1.jpg 1201w\" sizes=\"(max-width: 225px) 100vw, 225px\" \/><\/a><\/p>\n<p style=\"text-align: justify;\"><span style=\"font-family: georgia, palatino, serif; font-size: 12pt;\">Inma Garc\u00eda, Concejal de Pol\u00edticas de Igualdad destacaba que con la premisa de de dar visibilidad a las mujeres, reconociendo la idea, de que las mujeres \u201c<i>tenemos derecho a ser, a estar y a que se reconozcan nuestras aportaciones<\/i>\u201c, es fundamental que para lograr ese objetivo \u201c<i>nos hemos de marcar el contar,<\/i><i> nombrar y despertar a una mujer<\/i>\u201d terminaba diciendo la Concejal.<\/span><\/p>\n<p style=\"text-align: justify;\"><span style=\"font-family: georgia, palatino, serif; font-size: 12pt;\">En este caso, la propuesta elevada al \u00f3rgano de la Junta de Gobierno Local, fue la de Dolores de Teresa Amor\u00f3s. Una mujer que llama la atenci\u00f3n por ser generosa, entregada, y adelantada a su tiempo, adem\u00e1s de suma importancia en la localidad. El espacio dedicado a ella es el parque recuperado entre los edificios del Centro de Mayores y del Centro Social Alcalde Vicente Lillo, ubicados en la Calle Jos\u00e9 Ruiz Ruiz.<\/span><\/p>\n<p style=\"text-align: justify;\"><span style=\"font-family: georgia, palatino, serif; font-size: 12pt;\">Pero, \u00bfQue hizo esta mujer por Caudete? \u00bfPor qu\u00e9 merece una calle?<\/span><\/p>\n<p style=\"text-align: justify;\" align=\"justify\"><span style=\"font-family: georgia, palatino, serif; font-size: 12pt;\">Tal y como explic\u00f3 el Alcalde en el acto de descubrimiento de la placa \u201c<i>por ser en<\/i><i> su \u00e9poca una mujer <\/i><span style=\"color: #161616;\"><i>inspiradora, luchadora, sensible, generosa, que, gracias a su esfuerzo, entrega y pasi\u00f3n,\u00a0<\/i><\/span><span style=\"color: #161616;\"><i>ha roto c\u00e1nones en su vida y conseguido ser referente en la historia del municipio de Caudete, mantener vivo hasta d\u00eda de hoy su proyecto, <\/i><\/span><span style=\"color: #161616;\"><i>que<\/i><\/span><span style=\"color: #161616;\"><i> d<\/i><\/span><span style=\"color: #161616;\"><i>io<\/i><\/span><span style=\"color: #161616;\"><i> servicio a los m\u00e1s necesitados, y quien ha permitido mejorar la atenci\u00f3n y la calidad de vida a miles de caudetanos en los m\u00e1s de cien a\u00f1os que nos separan<\/i><\/span><span style=\"color: #161616;\">\u201d.<\/span><\/span><\/p>\n<p style=\"text-align: justify;\" align=\"justify\"><span style=\"font-family: georgia, palatino, serif; font-size: 12pt;\">La trayectoria de D\u00f1a. Dolores comienza junto a su marido, D. Miguel Mart\u00ednez, mediante una obra social, constituyendo el Asilo para pobres \u201cSan Juan Evangelista \u201c (actual Residencia de Ancianos), que durante los a\u00f1os de existencia ha compartido m\u00e1s usos (Hospital de Sangre, Escuela de ni\u00f1as y Casa de Socorro).<\/span><\/p>\n<p style=\"text-align: justify;\" align=\"justify\">Con este reconocimiento, Dolores de Teresa se suma a los caudetanos reconocidos, recuperados de la historia, y testigos del presente al tener una espacio p\u00fablico con su nombre, como en su d\u00eda se le hizo a su marido D. Miguel Mart\u00ednez Carri\u00f3n.<\/p>\n","protected":false},"excerpt":{"rendered":"<p>Con motivo del d\u00eda de la mujer trabajadora, el 8 de Marzo, el Ayuntamiento de Caudete, y por medio de la Concejal\u00eda de Pol\u00edticas de Igualdad acord\u00f3 en sesi\u00f3n ordinaria de Junta de Gobierno Local, de fecha 04 de Marzo de 2021 aumentar el nomencl\u00e1tor caudetano con el nombre de una mujer, acto de homenaje &hellip;<\/p>\n","protected":false},"author":3,"featured_media":18577,"comment_status":"closed","ping_status":"open","sticky":false,"template":"","format":"standard","meta":{"ngg_post_thumbnail":0,"footnotes":""},"categories":[522],"tags":[],"class_list":["post-18575","post","type-post","status-publish","format-standard","has-post-thumbnail","hentry","category-igualdad"],"yoast_head":"<!-- This site is optimized with the Yoast SEO plugin v27.5 - https:\/\/yoast.com\/product\/yoast-seo-wordpress\/ -->\n<title>Dolores de Teresa Amor\u00f3s, impulsora del Asilo, reconocida por el Ayuntamiento con un espacio p\u00fablico - MI Ayuntamiento de Caudete<\/title>\n<meta name=\"description\" content=\"P\u00e1gina Oficial del Ayuntamiento de Caudete (Albacete)\" \/>\n<meta name=\"robots\" content=\"index, follow, max-snippet:-1, max-image-preview:large, max-video-preview:-1\" \/>\n<link rel=\"canonical\" href=\"https:\/\/www.caudete.org\/ayuntamiento\/dolores-de-teresa-amoros-impulsora-del-asilo-reconocida-por-el-ayuntamiento-con-un-espacio-publico\/\" \/>\n<meta property=\"og:locale\" content=\"es_ES\" \/>\n<meta property=\"og:type\" content=\"article\" \/>\n<meta property=\"og:title\" content=\"Dolores de Teresa Amor\u00f3s, impulsora del Asilo, reconocida por el Ayuntamiento con un espacio p\u00fablico - MI Ayuntamiento de Caudete\" \/>\n<meta property=\"og:description\" content=\"P\u00e1gina Oficial del Ayuntamiento de Caudete (Albacete)\" \/>\n<meta property=\"og:url\" content=\"https:\/\/www.caudete.org\/ayuntamiento\/dolores-de-teresa-amoros-impulsora-del-asilo-reconocida-por-el-ayuntamiento-con-un-espacio-publico\/\" \/>\n<meta property=\"og:site_name\" content=\"MI Ayuntamiento de Caudete\" \/>\n<meta property=\"article:publisher\" content=\"https:\/\/www.facebook.com\/ayuntamientocaudete\/\" \/>\n<meta property=\"article:published_time\" content=\"2022-03-28T07:58:09+00:00\" \/>\n<meta property=\"article:modified_time\" content=\"2022-03-28T10:44:05+00:00\" \/>\n<meta property=\"og:image\" content=\"https:\/\/www.caudete.org\/ayuntamiento\/wp-content\/uploads\/2022\/03\/IMG_20220316_122009-scaled.jpg\" \/>\n\t<meta property=\"og:image:width\" content=\"2560\" \/>\n\t<meta property=\"og:image:height\" content=\"1920\" \/>\n\t<meta property=\"og:image:type\" content=\"image\/jpeg\" \/>\n<meta name=\"author\" content=\"alcalde\" \/>\n<meta name=\"twitter:card\" content=\"summary_large_image\" \/>\n<meta name=\"twitter:label1\" content=\"Escrito por\" \/>\n\t<meta name=\"twitter:data1\" content=\"alcalde\" \/>\n\t<meta name=\"twitter:label2\" content=\"Tiempo de lectura\" \/>\n\t<meta name=\"twitter:data2\" content=\"3 minutos\" \/>\n<script type=\"application\/ld+json\" class=\"yoast-schema-graph\">{\"@context\":\"https:\\\/\\\/schema.org\",\"@graph\":[{\"@type\":\"Article\",\"@id\":\"https:\\\/\\\/www.caudete.org\\\/ayuntamiento\\\/dolores-de-teresa-amoros-impulsora-del-asilo-reconocida-por-el-ayuntamiento-con-un-espacio-publico\\\/#article\",\"isPartOf\":{\"@id\":\"https:\\\/\\\/www.caudete.org\\\/ayuntamiento\\\/dolores-de-teresa-amoros-impulsora-del-asilo-reconocida-por-el-ayuntamiento-con-un-espacio-publico\\\/\"},\"author\":{\"name\":\"alcalde\",\"@id\":\"https:\\\/\\\/www.caudete.org\\\/ayuntamiento\\\/#\\\/schema\\\/person\\\/cc646da9133078ee4d8dd47457947253\"},\"headline\":\"Dolores de Teresa Amor\u00f3s, impulsora del Asilo, reconocida por el Ayuntamiento con un espacio p\u00fablico\",\"datePublished\":\"2022-03-28T07:58:09+00:00\",\"dateModified\":\"2022-03-28T10:44:05+00:00\",\"mainEntityOfPage\":{\"@id\":\"https:\\\/\\\/www.caudete.org\\\/ayuntamiento\\\/dolores-de-teresa-amoros-impulsora-del-asilo-reconocida-por-el-ayuntamiento-con-un-espacio-publico\\\/\"},\"wordCount\":459,\"publisher\":{\"@id\":\"https:\\\/\\\/www.caudete.org\\\/ayuntamiento\\\/#organization\"},\"image\":{\"@id\":\"https:\\\/\\\/www.caudete.org\\\/ayuntamiento\\\/dolores-de-teresa-amoros-impulsora-del-asilo-reconocida-por-el-ayuntamiento-con-un-espacio-publico\\\/#primaryimage\"},\"thumbnailUrl\":\"https:\\\/\\\/www.caudete.org\\\/ayuntamiento\\\/wp-content\\\/uploads\\\/2022\\\/03\\\/IMG_20220316_122009-scaled.jpg\",\"articleSection\":[\"Igualdad\"],\"inLanguage\":\"es\"},{\"@type\":\"WebPage\",\"@id\":\"https:\\\/\\\/www.caudete.org\\\/ayuntamiento\\\/dolores-de-teresa-amoros-impulsora-del-asilo-reconocida-por-el-ayuntamiento-con-un-espacio-publico\\\/\",\"url\":\"https:\\\/\\\/www.caudete.org\\\/ayuntamiento\\\/dolores-de-teresa-amoros-impulsora-del-asilo-reconocida-por-el-ayuntamiento-con-un-espacio-publico\\\/\",\"name\":\"Dolores de Teresa Amor\u00f3s, impulsora del Asilo, reconocida por el Ayuntamiento con un espacio p\u00fablico - MI Ayuntamiento de Caudete\",\"isPartOf\":{\"@id\":\"https:\\\/\\\/www.caudete.org\\\/ayuntamiento\\\/#website\"},\"primaryImageOfPage\":{\"@id\":\"https:\\\/\\\/www.caudete.org\\\/ayuntamiento\\\/dolores-de-teresa-amoros-impulsora-del-asilo-reconocida-por-el-ayuntamiento-con-un-espacio-publico\\\/#primaryimage\"},\"image\":{\"@id\":\"https:\\\/\\\/www.caudete.org\\\/ayuntamiento\\\/dolores-de-teresa-amoros-impulsora-del-asilo-reconocida-por-el-ayuntamiento-con-un-espacio-publico\\\/#primaryimage\"},\"thumbnailUrl\":\"https:\\\/\\\/www.caudete.org\\\/ayuntamiento\\\/wp-content\\\/uploads\\\/2022\\\/03\\\/IMG_20220316_122009-scaled.jpg\",\"datePublished\":\"2022-03-28T07:58:09+00:00\",\"dateModified\":\"2022-03-28T10:44:05+00:00\",\"description\":\"P\u00e1gina Oficial del Ayuntamiento de Caudete (Albacete)\",\"breadcrumb\":{\"@id\":\"https:\\\/\\\/www.caudete.org\\\/ayuntamiento\\\/dolores-de-teresa-amoros-impulsora-del-asilo-reconocida-por-el-ayuntamiento-con-un-espacio-publico\\\/#breadcrumb\"},\"inLanguage\":\"es\",\"potentialAction\":[{\"@type\":\"ReadAction\",\"target\":[\"https:\\\/\\\/www.caudete.org\\\/ayuntamiento\\\/dolores-de-teresa-amoros-impulsora-del-asilo-reconocida-por-el-ayuntamiento-con-un-espacio-publico\\\/\"]}]},{\"@type\":\"ImageObject\",\"inLanguage\":\"es\",\"@id\":\"https:\\\/\\\/www.caudete.org\\\/ayuntamiento\\\/dolores-de-teresa-amoros-impulsora-del-asilo-reconocida-por-el-ayuntamiento-con-un-espacio-publico\\\/#primaryimage\",\"url\":\"https:\\\/\\\/www.caudete.org\\\/ayuntamiento\\\/wp-content\\\/uploads\\\/2022\\\/03\\\/IMG_20220316_122009-scaled.jpg\",\"contentUrl\":\"https:\\\/\\\/www.caudete.org\\\/ayuntamiento\\\/wp-content\\\/uploads\\\/2022\\\/03\\\/IMG_20220316_122009-scaled.jpg\",\"width\":2560,\"height\":1920},{\"@type\":\"BreadcrumbList\",\"@id\":\"https:\\\/\\\/www.caudete.org\\\/ayuntamiento\\\/dolores-de-teresa-amoros-impulsora-del-asilo-reconocida-por-el-ayuntamiento-con-un-espacio-publico\\\/#breadcrumb\",\"itemListElement\":[{\"@type\":\"ListItem\",\"position\":1,\"name\":\"Inicio\",\"item\":\"https:\\\/\\\/www.caudete.org\\\/ayuntamiento\\\/\"},{\"@type\":\"ListItem\",\"position\":2,\"name\":\"Dolores de Teresa Amor\u00f3s, impulsora del Asilo, reconocida por el Ayuntamiento con un espacio p\u00fablico\"}]},{\"@type\":\"WebSite\",\"@id\":\"https:\\\/\\\/www.caudete.org\\\/ayuntamiento\\\/#website\",\"url\":\"https:\\\/\\\/www.caudete.org\\\/ayuntamiento\\\/\",\"name\":\"MI Ayuntamiento de Caudete\",\"description\":\"P\u00e1gina Oficial del MI Ayuntamiento de Caudete\",\"publisher\":{\"@id\":\"https:\\\/\\\/www.caudete.org\\\/ayuntamiento\\\/#organization\"},\"potentialAction\":[{\"@type\":\"SearchAction\",\"target\":{\"@type\":\"EntryPoint\",\"urlTemplate\":\"https:\\\/\\\/www.caudete.org\\\/ayuntamiento\\\/?s={search_term_string}\"},\"query-input\":{\"@type\":\"PropertyValueSpecification\",\"valueRequired\":true,\"valueName\":\"search_term_string\"}}],\"inLanguage\":\"es\"},{\"@type\":\"Organization\",\"@id\":\"https:\\\/\\\/www.caudete.org\\\/ayuntamiento\\\/#organization\",\"name\":\"Ayuntamiento de Caudete\",\"url\":\"https:\\\/\\\/www.caudete.org\\\/ayuntamiento\\\/\",\"logo\":{\"@type\":\"ImageObject\",\"inLanguage\":\"es\",\"@id\":\"https:\\\/\\\/www.caudete.org\\\/ayuntamiento\\\/#\\\/schema\\\/logo\\\/image\\\/\",\"url\":\"https:\\\/\\\/www.caudete.org\\\/ayuntamiento\\\/wp-content\\\/uploads\\\/2020\\\/11\\\/logo_ayuntamiento_caudete.jpg\",\"contentUrl\":\"https:\\\/\\\/www.caudete.org\\\/ayuntamiento\\\/wp-content\\\/uploads\\\/2020\\\/11\\\/logo_ayuntamiento_caudete.jpg\",\"width\":600,\"height\":150,\"caption\":\"Ayuntamiento de Caudete\"},\"image\":{\"@id\":\"https:\\\/\\\/www.caudete.org\\\/ayuntamiento\\\/#\\\/schema\\\/logo\\\/image\\\/\"},\"sameAs\":[\"https:\\\/\\\/www.facebook.com\\\/ayuntamientocaudete\\\/\",\"https:\\\/\\\/www.youtube.com\\\/channel\\\/UC6VztHaooNsGpw-tNoBEFnQ\"]},{\"@type\":\"Person\",\"@id\":\"https:\\\/\\\/www.caudete.org\\\/ayuntamiento\\\/#\\\/schema\\\/person\\\/cc646da9133078ee4d8dd47457947253\",\"name\":\"alcalde\",\"image\":{\"@type\":\"ImageObject\",\"inLanguage\":\"es\",\"@id\":\"https:\\\/\\\/secure.gravatar.com\\\/avatar\\\/84a817ba065b29ff08d666b215a215f5c79186a645ccb25b14a663d48a130f77?s=96&d=mm&r=g\",\"url\":\"https:\\\/\\\/secure.gravatar.com\\\/avatar\\\/84a817ba065b29ff08d666b215a215f5c79186a645ccb25b14a663d48a130f77?s=96&d=mm&r=g\",\"contentUrl\":\"https:\\\/\\\/secure.gravatar.com\\\/avatar\\\/84a817ba065b29ff08d666b215a215f5c79186a645ccb25b14a663d48a130f77?s=96&d=mm&r=g\",\"caption\":\"alcalde\"},\"url\":\"https:\\\/\\\/www.caudete.org\\\/ayuntamiento\\\/author\\\/alcalde\\\/\"}]}<\/script>\n<!-- \/ Yoast SEO plugin. -->","yoast_head_json":{"title":"Dolores de Teresa Amor\u00f3s, impulsora del Asilo, reconocida por el Ayuntamiento con un espacio p\u00fablico - MI Ayuntamiento de Caudete","description":"P\u00e1gina Oficial del Ayuntamiento de Caudete (Albacete)","robots":{"index":"index","follow":"follow","max-snippet":"max-snippet:-1","max-image-preview":"max-image-preview:large","max-video-preview":"max-video-preview:-1"},"canonical":"https:\/\/www.caudete.org\/ayuntamiento\/dolores-de-teresa-amoros-impulsora-del-asilo-reconocida-por-el-ayuntamiento-con-un-espacio-publico\/","og_locale":"es_ES","og_type":"article","og_title":"Dolores de Teresa Amor\u00f3s, impulsora del Asilo, reconocida por el Ayuntamiento con un espacio p\u00fablico - MI Ayuntamiento de Caudete","og_description":"P\u00e1gina Oficial del Ayuntamiento de Caudete (Albacete)","og_url":"https:\/\/www.caudete.org\/ayuntamiento\/dolores-de-teresa-amoros-impulsora-del-asilo-reconocida-por-el-ayuntamiento-con-un-espacio-publico\/","og_site_name":"MI Ayuntamiento de Caudete","article_publisher":"https:\/\/www.facebook.com\/ayuntamientocaudete\/","article_published_time":"2022-03-28T07:58:09+00:00","article_modified_time":"2022-03-28T10:44:05+00:00","og_image":[{"width":2560,"height":1920,"url":"https:\/\/www.caudete.org\/ayuntamiento\/wp-content\/uploads\/2022\/03\/IMG_20220316_122009-scaled.jpg","type":"image\/jpeg"}],"author":"alcalde","twitter_card":"summary_large_image","twitter_misc":{"Escrito por":"alcalde","Tiempo de lectura":"3 minutos"},"schema":{"@context":"https:\/\/schema.org","@graph":[{"@type":"Article","@id":"https:\/\/www.caudete.org\/ayuntamiento\/dolores-de-teresa-amoros-impulsora-del-asilo-reconocida-por-el-ayuntamiento-con-un-espacio-publico\/#article","isPartOf":{"@id":"https:\/\/www.caudete.org\/ayuntamiento\/dolores-de-teresa-amoros-impulsora-del-asilo-reconocida-por-el-ayuntamiento-con-un-espacio-publico\/"},"author":{"name":"alcalde","@id":"https:\/\/www.caudete.org\/ayuntamiento\/#\/schema\/person\/cc646da9133078ee4d8dd47457947253"},"headline":"Dolores de Teresa Amor\u00f3s, impulsora del Asilo, reconocida por el Ayuntamiento con un espacio p\u00fablico","datePublished":"2022-03-28T07:58:09+00:00","dateModified":"2022-03-28T10:44:05+00:00","mainEntityOfPage":{"@id":"https:\/\/www.caudete.org\/ayuntamiento\/dolores-de-teresa-amoros-impulsora-del-asilo-reconocida-por-el-ayuntamiento-con-un-espacio-publico\/"},"wordCount":459,"publisher":{"@id":"https:\/\/www.caudete.org\/ayuntamiento\/#organization"},"image":{"@id":"https:\/\/www.caudete.org\/ayuntamiento\/dolores-de-teresa-amoros-impulsora-del-asilo-reconocida-por-el-ayuntamiento-con-un-espacio-publico\/#primaryimage"},"thumbnailUrl":"https:\/\/www.caudete.org\/ayuntamiento\/wp-content\/uploads\/2022\/03\/IMG_20220316_122009-scaled.jpg","articleSection":["Igualdad"],"inLanguage":"es"},{"@type":"WebPage","@id":"https:\/\/www.caudete.org\/ayuntamiento\/dolores-de-teresa-amoros-impulsora-del-asilo-reconocida-por-el-ayuntamiento-con-un-espacio-publico\/","url":"https:\/\/www.caudete.org\/ayuntamiento\/dolores-de-teresa-amoros-impulsora-del-asilo-reconocida-por-el-ayuntamiento-con-un-espacio-publico\/","name":"Dolores de Teresa Amor\u00f3s, impulsora del Asilo, reconocida por el Ayuntamiento con un espacio p\u00fablico - MI Ayuntamiento de Caudete","isPartOf":{"@id":"https:\/\/www.caudete.org\/ayuntamiento\/#website"},"primaryImageOfPage":{"@id":"https:\/\/www.caudete.org\/ayuntamiento\/dolores-de-teresa-amoros-impulsora-del-asilo-reconocida-por-el-ayuntamiento-con-un-espacio-publico\/#primaryimage"},"image":{"@id":"https:\/\/www.caudete.org\/ayuntamiento\/dolores-de-teresa-amoros-impulsora-del-asilo-reconocida-por-el-ayuntamiento-con-un-espacio-publico\/#primaryimage"},"thumbnailUrl":"https:\/\/www.caudete.org\/ayuntamiento\/wp-content\/uploads\/2022\/03\/IMG_20220316_122009-scaled.jpg","datePublished":"2022-03-28T07:58:09+00:00","dateModified":"2022-03-28T10:44:05+00:00","description":"P\u00e1gina Oficial del Ayuntamiento de Caudete (Albacete)","breadcrumb":{"@id":"https:\/\/www.caudete.org\/ayuntamiento\/dolores-de-teresa-amoros-impulsora-del-asilo-reconocida-por-el-ayuntamiento-con-un-espacio-publico\/#breadcrumb"},"inLanguage":"es","potentialAction":[{"@type":"ReadAction","target":["https:\/\/www.caudete.org\/ayuntamiento\/dolores-de-teresa-amoros-impulsora-del-asilo-reconocida-por-el-ayuntamiento-con-un-espacio-publico\/"]}]},{"@type":"ImageObject","inLanguage":"es","@id":"https:\/\/www.caudete.org\/ayuntamiento\/dolores-de-teresa-amoros-impulsora-del-asilo-reconocida-por-el-ayuntamiento-con-un-espacio-publico\/#primaryimage","url":"https:\/\/www.caudete.org\/ayuntamiento\/wp-content\/uploads\/2022\/03\/IMG_20220316_122009-scaled.jpg","contentUrl":"https:\/\/www.caudete.org\/ayuntamiento\/wp-content\/uploads\/2022\/03\/IMG_20220316_122009-scaled.jpg","width":2560,"height":1920},{"@type":"BreadcrumbList","@id":"https:\/\/www.caudete.org\/ayuntamiento\/dolores-de-teresa-amoros-impulsora-del-asilo-reconocida-por-el-ayuntamiento-con-un-espacio-publico\/#breadcrumb","itemListElement":[{"@type":"ListItem","position":1,"name":"Inicio","item":"https:\/\/www.caudete.org\/ayuntamiento\/"},{"@type":"ListItem","position":2,"name":"Dolores de Teresa Amor\u00f3s, impulsora del Asilo, reconocida por el Ayuntamiento con un espacio p\u00fablico"}]},{"@type":"WebSite","@id":"https:\/\/www.caudete.org\/ayuntamiento\/#website","url":"https:\/\/www.caudete.org\/ayuntamiento\/","name":"MI Ayuntamiento de Caudete","description":"P\u00e1gina Oficial del MI Ayuntamiento de Caudete","publisher":{"@id":"https:\/\/www.caudete.org\/ayuntamiento\/#organization"},"potentialAction":[{"@type":"SearchAction","target":{"@type":"EntryPoint","urlTemplate":"https:\/\/www.caudete.org\/ayuntamiento\/?s={search_term_string}"},"query-input":{"@type":"PropertyValueSpecification","valueRequired":true,"valueName":"search_term_string"}}],"inLanguage":"es"},{"@type":"Organization","@id":"https:\/\/www.caudete.org\/ayuntamiento\/#organization","name":"Ayuntamiento de Caudete","url":"https:\/\/www.caudete.org\/ayuntamiento\/","logo":{"@type":"ImageObject","inLanguage":"es","@id":"https:\/\/www.caudete.org\/ayuntamiento\/#\/schema\/logo\/image\/","url":"https:\/\/www.caudete.org\/ayuntamiento\/wp-content\/uploads\/2020\/11\/logo_ayuntamiento_caudete.jpg","contentUrl":"https:\/\/www.caudete.org\/ayuntamiento\/wp-content\/uploads\/2020\/11\/logo_ayuntamiento_caudete.jpg","width":600,"height":150,"caption":"Ayuntamiento de Caudete"},"image":{"@id":"https:\/\/www.caudete.org\/ayuntamiento\/#\/schema\/logo\/image\/"},"sameAs":["https:\/\/www.facebook.com\/ayuntamientocaudete\/","https:\/\/www.youtube.com\/channel\/UC6VztHaooNsGpw-tNoBEFnQ"]},{"@type":"Person","@id":"https:\/\/www.caudete.org\/ayuntamiento\/#\/schema\/person\/cc646da9133078ee4d8dd47457947253","name":"alcalde","image":{"@type":"ImageObject","inLanguage":"es","@id":"https:\/\/secure.gravatar.com\/avatar\/84a817ba065b29ff08d666b215a215f5c79186a645ccb25b14a663d48a130f77?s=96&d=mm&r=g","url":"https:\/\/secure.gravatar.com\/avatar\/84a817ba065b29ff08d666b215a215f5c79186a645ccb25b14a663d48a130f77?s=96&d=mm&r=g","contentUrl":"https:\/\/secure.gravatar.com\/avatar\/84a817ba065b29ff08d666b215a215f5c79186a645ccb25b14a663d48a130f77?s=96&d=mm&r=g","caption":"alcalde"},"url":"https:\/\/www.caudete.org\/ayuntamiento\/author\/alcalde\/"}]}},"_links":{"self":[{"href":"https:\/\/www.caudete.org\/ayuntamiento\/wp-json\/wp\/v2\/posts\/18575","targetHints":{"allow":["GET"]}}],"collection":[{"href":"https:\/\/www.caudete.org\/ayuntamiento\/wp-json\/wp\/v2\/posts"}],"about":[{"href":"https:\/\/www.caudete.org\/ayuntamiento\/wp-json\/wp\/v2\/types\/post"}],"author":[{"embeddable":true,"href":"https:\/\/www.caudete.org\/ayuntamiento\/wp-json\/wp\/v2\/users\/3"}],"replies":[{"embeddable":true,"href":"https:\/\/www.caudete.org\/ayuntamiento\/wp-json\/wp\/v2\/comments?post=18575"}],"version-history":[{"count":2,"href":"https:\/\/www.caudete.org\/ayuntamiento\/wp-json\/wp\/v2\/posts\/18575\/revisions"}],"predecessor-version":[{"id":18579,"href":"https:\/\/www.caudete.org\/ayuntamiento\/wp-json\/wp\/v2\/posts\/18575\/revisions\/18579"}],"wp:featuredmedia":[{"embeddable":true,"href":"https:\/\/www.caudete.org\/ayuntamiento\/wp-json\/wp\/v2\/media\/18577"}],"wp:attachment":[{"href":"https:\/\/www.caudete.org\/ayuntamiento\/wp-json\/wp\/v2\/media?parent=18575"}],"wp:term":[{"taxonomy":"category","embeddable":true,"href":"https:\/\/www.caudete.org\/ayuntamiento\/wp-json\/wp\/v2\/categories?post=18575"},{"taxonomy":"post_tag","embeddable":true,"href":"https:\/\/www.caudete.org\/ayuntamiento\/wp-json\/wp\/v2\/tags?post=18575"}],"curies":[{"name":"wp","href":"https:\/\/api.w.org\/{rel}","templated":true}]}}