{"id":18585,"date":"2022-03-28T18:38:33","date_gmt":"2022-03-28T16:38:33","guid":{"rendered":"https:\/\/www.caudete.org\/ayuntamiento\/?p=18585"},"modified":"2022-03-28T18:38:33","modified_gmt":"2022-03-28T16:38:33","slug":"jose-antonio-sanchez-martinez-mantiene-un-encuentro-literario-con-jovenes","status":"publish","type":"post","link":"https:\/\/www.caudete.org\/ayuntamiento\/jose-antonio-sanchez-martinez-mantiene-un-encuentro-literario-con-jovenes\/","title":{"rendered":"Jos\u00e9 Antonio S\u00e1nchez Mart\u00ednez mantiene un ENCUENTRO LITERARIO CON J\u00d3VENES"},"content":{"rendered":"<p align=\"justify\"><span style=\"color: #000000;\"><span style=\"font-family: Arial, sans-serif;\"><span style=\"font-size: medium;\">Desde la Concejal\u00eda de Cultura queremos informar del encuentro literario que ha mantenido Jos\u00e9 Antonio S\u00e1nchez Mart\u00ednez, una joven promesa literaria caudetana, en la ma\u00f1ana del 28 de marzo con los estudiantes de la E.S.O. del Colegio Amor de Dios. En el Auditorio Municipal ten\u00eda lugar este evento literario con m\u00e1s de 100 participantes. <\/span><\/span><\/span><\/p>\n<p align=\"justify\"><span style=\"color: #000000;\"><span style=\"font-family: Arial, sans-serif;\"><span style=\"font-size: medium;\">Jose Antonio S\u00e1nchez Mart\u00ednez, quien empez\u00f3 a escribir con apenas 6 a\u00f1os sus primeros cuentos y poemas, ha ganado en varias ocasiones el Certamen Literario Evaristo Ba\u00f1\u00f3n, organizado desde la Biblioteca P\u00fablica Municipal Ana Mar\u00eda Matute, siendo un joven con un futuro literario muy prometedor. No en vano durante la pandemia empez\u00f3 escribir una serie de relatos que se han transformado en una novela de fantas\u00eda llamada \u201cA trav\u00e9s de tu reflejo\u201d, que ha sido publicado por la editorial Avant y que ya va por su segunda edici\u00f3n. Jos\u00e9 Antonio ha hablado de lo importante que ha sido para \u00e9l la escritura, algo que desde siempre le ha llamado la atenci\u00f3n y ha practicado, del esfuerzo y la satisfacci\u00f3n que le ha provocado que se le publique un libro con apenas 14 a\u00f1os y el gran apoyo que ha recibido por parte de su familia, amigos y centros educativos.<\/span><\/span><\/span><\/p>\n<p align=\"justify\"><span style=\"color: #000000;\"><span style=\"font-family: Arial, sans-serif;\"><span style=\"font-size: medium;\"><span lang=\"es-ES\">En la presentaci\u00f3n le acompa\u00f1aba la profesora del Colegio Amor de Dios, Nieves Molina, y dos de sus compa\u00f1eras de<\/span><\/span><\/span><\/span><span style=\"color: #000000;\"><span style=\"font-family: Arial, sans-serif;\"><span style=\"font-size: medium;\"><span lang=\"es-ES\">l<\/span><\/span><\/span><\/span><span style=\"color: #000000;\"><span style=\"font-family: Arial, sans-serif;\"><span style=\"font-size: medium;\"><span lang=\"es-ES\"> centro educativo, Brianda y Martina, quienes han preparado una estupenda presentaci\u00f3n con preguntas de todo tipo y que el autor ha contestado con toda naturalidad y profesionalidad. <\/span><\/span><\/span><\/span><span style=\"color: #000000;\"><span style=\"font-family: Arial, sans-serif;\"><span style=\"font-size: medium;\"><span lang=\"es-ES\">Nos ha hablado del libro, una novela de fantas\u00eda, ambientada en Escocia y con viajes en el tiempo, donde hay muchos objetos simb\u00f3licos como el espejo, a trav\u00e9s de cuyo reflejo se muestran las personas por dentro y por fuera. <\/span><\/span><\/span><\/span><\/p>\n<p align=\"justify\"><span style=\"color: #000000;\"><span style=\"font-family: Arial, sans-serif;\"><span style=\"font-size: medium;\"><span lang=\"es-ES\">Como referentes culturales, <\/span><\/span><\/span><\/span><span style=\"color: #000000;\"><span style=\"font-family: Arial, sans-serif;\"><span style=\"font-size: medium;\"><span lang=\"es-ES\">Jos\u00e9 Antonio<\/span><\/span><\/span><\/span><span style=\"color: #000000;\"><span style=\"font-family: Arial, sans-serif;\"><span style=\"font-size: medium;\"><span lang=\"es-ES\"> tiene a personajes como Ger\u00f3nimo Stilton <\/span><\/span><\/span><\/span><span style=\"color: #000000;\"><span style=\"font-family: Arial, sans-serif;\"><span style=\"font-size: medium;\"><span lang=\"es-ES\">y Percy Jackson<\/span><\/span><\/span><\/span><span style=\"color: #000000;\"><span style=\"font-family: Arial, sans-serif;\"><span style=\"font-size: medium;\"><span lang=\"es-ES\"> y autoras como J.K. Rowling y Costas Alcal\u00e1. Jos\u00e9 Antonio <\/span><\/span><\/span><\/span><span style=\"color: #000000;\"><span style=\"font-family: Arial, sans-serif;\"><span style=\"font-size: medium;\"><span lang=\"es-ES\">est\u00e1 trabajando en<\/span><\/span><\/span><\/span><span style=\"color: #000000;\"><span style=\"font-family: Arial, sans-serif;\"><span style=\"font-size: medium;\"><span lang=\"es-ES\"> las ideas de la que ser\u00e1 su nueva novela. <\/span><\/span><\/span><\/span><span style=\"color: #000000;\"><span style=\"font-family: Arial, sans-serif;\"><span style=\"font-size: medium;\"><span lang=\"es-ES\">Hemos cerrado el acto con la entrega de varios obsequios por parte del Ayuntamiento de Caudete y la firma de libros por parte del autor.<\/span><\/span><\/span><\/span><\/p>\n<p align=\"justify\"><span style=\"color: #000000;\"><span style=\"font-family: Arial, sans-serif;\"><span style=\"font-size: medium;\"><span lang=\"es-ES\">Desde la Biblioteca <\/span><\/span><\/span><\/span><span style=\"color: #000000;\"><span style=\"font-family: Arial, sans-serif;\"><span style=\"font-size: medium;\"><span lang=\"es-ES\">e<\/span><\/span><\/span><\/span><span style=\"color: #000000;\"><span style=\"font-family: Arial, sans-serif;\"><span style=\"font-size: medium;\"><span lang=\"es-ES\">stamos <\/span><\/span><\/span><\/span><span style=\"color: #000000;\"><span style=\"font-family: Arial, sans-serif;\"><span style=\"font-size: medium;\"><span lang=\"es-ES\">enormemente orgullosos de poder realizar este tipo de encuentros literarios, promoviendo la creaci\u00f3n literaria y promoci\u00f3n de la lectura en nuestro municipio y m\u00e1s si <\/span><\/span><\/span><\/span><span style=\"color: #000000;\"><span style=\"font-family: Arial, sans-serif;\"><span style=\"font-size: medium;\"><span lang=\"es-ES\">es<\/span><\/span><\/span><\/span><span style=\"color: #000000;\"><span style=\"font-family: Arial, sans-serif;\"><span style=\"font-size: medium;\"><span lang=\"es-ES\"> con escritores j\u00f3venes con inquietudes culturales.<\/span><\/span><\/span><\/span><\/p>\n<p align=\"justify\"><span style=\"color: #000000;\"><span style=\"font-family: Arial, sans-serif;\"><span style=\"font-size: medium;\">Os recordamos que el libro de Jos\u00e9 Antonio \u201cA trav\u00e9s de tu reflejo\u201d lo tenemos disponible en la Biblioteca, para su pr\u00e9stamo por parte de todos los usuarios interesados.<\/span><\/span><\/span><\/p>\n<p align=\"justify\"><a href=\"https:\/\/www.caudete.org\/ayuntamiento\/wp-content\/uploads\/2022\/03\/IMG20220328100046-scaled.jpg\" rel='prettyPhoto'><img fetchpriority=\"high\" decoding=\"async\" class=\"aligncenter wp-image-18589 \" src=\"https:\/\/www.caudete.org\/ayuntamiento\/wp-content\/uploads\/2022\/03\/IMG20220328100046-300x169.jpg\" alt=\"\" width=\"509\" height=\"287\" srcset=\"https:\/\/www.caudete.org\/ayuntamiento\/wp-content\/uploads\/2022\/03\/IMG20220328100046-300x169.jpg 300w, https:\/\/www.caudete.org\/ayuntamiento\/wp-content\/uploads\/2022\/03\/IMG20220328100046-1024x576.jpg 1024w, https:\/\/www.caudete.org\/ayuntamiento\/wp-content\/uploads\/2022\/03\/IMG20220328100046-768x432.jpg 768w, https:\/\/www.caudete.org\/ayuntamiento\/wp-content\/uploads\/2022\/03\/IMG20220328100046-1536x864.jpg 1536w, https:\/\/www.caudete.org\/ayuntamiento\/wp-content\/uploads\/2022\/03\/IMG20220328100046-2048x1152.jpg 2048w\" sizes=\"(max-width: 509px) 100vw, 509px\" \/><\/a><\/p>\n<p align=\"justify\">\n","protected":false},"excerpt":{"rendered":"<p>Desde la Concejal\u00eda de Cultura queremos informar del encuentro literario que ha mantenido Jos\u00e9 Antonio S\u00e1nchez Mart\u00ednez, una joven promesa literaria caudetana, en la ma\u00f1ana del 28 de marzo con los estudiantes de la E.S.O. del Colegio Amor de Dios. En el Auditorio Municipal ten\u00eda lugar este evento literario con m\u00e1s de 100 participantes. Jose &hellip;<\/p>\n","protected":false},"author":2,"featured_media":18588,"comment_status":"closed","ping_status":"open","sticky":false,"template":"","format":"standard","meta":{"ngg_post_thumbnail":0,"footnotes":""},"categories":[14],"tags":[816,817],"class_list":["post-18585","post","type-post","status-publish","format-standard","has-post-thumbnail","hentry","category-cultura","tag-encuentro-literario-con-jovenes","tag-jose-antonio-sanchez-martinez"],"yoast_head":"<!-- This site is optimized with the Yoast SEO plugin v27.5 - https:\/\/yoast.com\/product\/yoast-seo-wordpress\/ -->\n<title>Jos\u00e9 Antonio S\u00e1nchez Mart\u00ednez mantiene un ENCUENTRO LITERARIO CON J\u00d3VENES - MI Ayuntamiento de Caudete<\/title>\n<meta name=\"description\" content=\"P\u00e1gina Oficial del Ayuntamiento de Caudete (Albacete)\" \/>\n<meta name=\"robots\" content=\"index, follow, max-snippet:-1, max-image-preview:large, max-video-preview:-1\" \/>\n<link rel=\"canonical\" href=\"https:\/\/www.caudete.org\/ayuntamiento\/jose-antonio-sanchez-martinez-mantiene-un-encuentro-literario-con-jovenes\/\" \/>\n<meta property=\"og:locale\" content=\"es_ES\" \/>\n<meta property=\"og:type\" content=\"article\" \/>\n<meta property=\"og:title\" content=\"Jos\u00e9 Antonio S\u00e1nchez Mart\u00ednez mantiene un ENCUENTRO LITERARIO CON J\u00d3VENES - MI Ayuntamiento de Caudete\" \/>\n<meta property=\"og:description\" content=\"P\u00e1gina Oficial del Ayuntamiento de Caudete (Albacete)\" \/>\n<meta property=\"og:url\" content=\"https:\/\/www.caudete.org\/ayuntamiento\/jose-antonio-sanchez-martinez-mantiene-un-encuentro-literario-con-jovenes\/\" \/>\n<meta property=\"og:site_name\" content=\"MI Ayuntamiento de Caudete\" \/>\n<meta property=\"article:publisher\" content=\"https:\/\/www.facebook.com\/ayuntamientocaudete\/\" \/>\n<meta property=\"article:published_time\" content=\"2022-03-28T16:38:33+00:00\" \/>\n<meta property=\"og:image\" content=\"https:\/\/www.caudete.org\/ayuntamiento\/wp-content\/uploads\/2022\/03\/Encuentro-literario-con-jovenes-WEB.jpg\" \/>\n\t<meta property=\"og:image:width\" content=\"864\" \/>\n\t<meta property=\"og:image:height\" content=\"380\" \/>\n\t<meta property=\"og:image:type\" content=\"image\/jpeg\" \/>\n<meta name=\"author\" content=\"Juan\" \/>\n<meta name=\"twitter:card\" content=\"summary_large_image\" \/>\n<meta name=\"twitter:label1\" content=\"Escrito por\" \/>\n\t<meta name=\"twitter:data1\" content=\"Juan\" \/>\n\t<meta name=\"twitter:label2\" content=\"Tiempo de lectura\" \/>\n\t<meta name=\"twitter:data2\" content=\"2 minutos\" \/>\n<script type=\"application\/ld+json\" class=\"yoast-schema-graph\">{\"@context\":\"https:\\\/\\\/schema.org\",\"@graph\":[{\"@type\":\"Article\",\"@id\":\"https:\\\/\\\/www.caudete.org\\\/ayuntamiento\\\/jose-antonio-sanchez-martinez-mantiene-un-encuentro-literario-con-jovenes\\\/#article\",\"isPartOf\":{\"@id\":\"https:\\\/\\\/www.caudete.org\\\/ayuntamiento\\\/jose-antonio-sanchez-martinez-mantiene-un-encuentro-literario-con-jovenes\\\/\"},\"author\":{\"name\":\"Juan\",\"@id\":\"https:\\\/\\\/www.caudete.org\\\/ayuntamiento\\\/#\\\/schema\\\/person\\\/7656a5bb58fca95b9814e940de0fda63\"},\"headline\":\"Jos\u00e9 Antonio S\u00e1nchez Mart\u00ednez mantiene un ENCUENTRO LITERARIO CON J\u00d3VENES\",\"datePublished\":\"2022-03-28T16:38:33+00:00\",\"mainEntityOfPage\":{\"@id\":\"https:\\\/\\\/www.caudete.org\\\/ayuntamiento\\\/jose-antonio-sanchez-martinez-mantiene-un-encuentro-literario-con-jovenes\\\/\"},\"wordCount\":462,\"image\":{\"@id\":\"https:\\\/\\\/www.caudete.org\\\/ayuntamiento\\\/jose-antonio-sanchez-martinez-mantiene-un-encuentro-literario-con-jovenes\\\/#primaryimage\"},\"thumbnailUrl\":\"https:\\\/\\\/www.caudete.org\\\/ayuntamiento\\\/wp-content\\\/uploads\\\/2022\\\/03\\\/Encuentro-literario-con-jovenes-WEB.jpg\",\"keywords\":[\"Encuentro literario con j\u00f3venes\",\"Jos\u00e9 Antonio S\u00e1nchez Mart\u00ednez\"],\"articleSection\":[\"Cultura\"],\"inLanguage\":\"es\"},{\"@type\":\"WebPage\",\"@id\":\"https:\\\/\\\/www.caudete.org\\\/ayuntamiento\\\/jose-antonio-sanchez-martinez-mantiene-un-encuentro-literario-con-jovenes\\\/\",\"url\":\"https:\\\/\\\/www.caudete.org\\\/ayuntamiento\\\/jose-antonio-sanchez-martinez-mantiene-un-encuentro-literario-con-jovenes\\\/\",\"name\":\"Jos\u00e9 Antonio S\u00e1nchez Mart\u00ednez mantiene un ENCUENTRO LITERARIO CON J\u00d3VENES - MI Ayuntamiento de Caudete\",\"isPartOf\":{\"@id\":\"https:\\\/\\\/www.caudete.org\\\/ayuntamiento\\\/#website\"},\"primaryImageOfPage\":{\"@id\":\"https:\\\/\\\/www.caudete.org\\\/ayuntamiento\\\/jose-antonio-sanchez-martinez-mantiene-un-encuentro-literario-con-jovenes\\\/#primaryimage\"},\"image\":{\"@id\":\"https:\\\/\\\/www.caudete.org\\\/ayuntamiento\\\/jose-antonio-sanchez-martinez-mantiene-un-encuentro-literario-con-jovenes\\\/#primaryimage\"},\"thumbnailUrl\":\"https:\\\/\\\/www.caudete.org\\\/ayuntamiento\\\/wp-content\\\/uploads\\\/2022\\\/03\\\/Encuentro-literario-con-jovenes-WEB.jpg\",\"datePublished\":\"2022-03-28T16:38:33+00:00\",\"author\":{\"@id\":\"https:\\\/\\\/www.caudete.org\\\/ayuntamiento\\\/#\\\/schema\\\/person\\\/7656a5bb58fca95b9814e940de0fda63\"},\"description\":\"P\u00e1gina Oficial del Ayuntamiento de Caudete (Albacete)\",\"breadcrumb\":{\"@id\":\"https:\\\/\\\/www.caudete.org\\\/ayuntamiento\\\/jose-antonio-sanchez-martinez-mantiene-un-encuentro-literario-con-jovenes\\\/#breadcrumb\"},\"inLanguage\":\"es\",\"potentialAction\":[{\"@type\":\"ReadAction\",\"target\":[\"https:\\\/\\\/www.caudete.org\\\/ayuntamiento\\\/jose-antonio-sanchez-martinez-mantiene-un-encuentro-literario-con-jovenes\\\/\"]}]},{\"@type\":\"ImageObject\",\"inLanguage\":\"es\",\"@id\":\"https:\\\/\\\/www.caudete.org\\\/ayuntamiento\\\/jose-antonio-sanchez-martinez-mantiene-un-encuentro-literario-con-jovenes\\\/#primaryimage\",\"url\":\"https:\\\/\\\/www.caudete.org\\\/ayuntamiento\\\/wp-content\\\/uploads\\\/2022\\\/03\\\/Encuentro-literario-con-jovenes-WEB.jpg\",\"contentUrl\":\"https:\\\/\\\/www.caudete.org\\\/ayuntamiento\\\/wp-content\\\/uploads\\\/2022\\\/03\\\/Encuentro-literario-con-jovenes-WEB.jpg\",\"width\":864,\"height\":380},{\"@type\":\"BreadcrumbList\",\"@id\":\"https:\\\/\\\/www.caudete.org\\\/ayuntamiento\\\/jose-antonio-sanchez-martinez-mantiene-un-encuentro-literario-con-jovenes\\\/#breadcrumb\",\"itemListElement\":[{\"@type\":\"ListItem\",\"position\":1,\"name\":\"Inicio\",\"item\":\"https:\\\/\\\/www.caudete.org\\\/ayuntamiento\\\/\"},{\"@type\":\"ListItem\",\"position\":2,\"name\":\"Jos\u00e9 Antonio S\u00e1nchez Mart\u00ednez mantiene un ENCUENTRO LITERARIO CON J\u00d3VENES\"}]},{\"@type\":\"WebSite\",\"@id\":\"https:\\\/\\\/www.caudete.org\\\/ayuntamiento\\\/#website\",\"url\":\"https:\\\/\\\/www.caudete.org\\\/ayuntamiento\\\/\",\"name\":\"MI Ayuntamiento de Caudete\",\"description\":\"P\u00e1gina Oficial del MI Ayuntamiento de Caudete\",\"potentialAction\":[{\"@type\":\"SearchAction\",\"target\":{\"@type\":\"EntryPoint\",\"urlTemplate\":\"https:\\\/\\\/www.caudete.org\\\/ayuntamiento\\\/?s={search_term_string}\"},\"query-input\":{\"@type\":\"PropertyValueSpecification\",\"valueRequired\":true,\"valueName\":\"search_term_string\"}}],\"inLanguage\":\"es\"},{\"@type\":\"Person\",\"@id\":\"https:\\\/\\\/www.caudete.org\\\/ayuntamiento\\\/#\\\/schema\\\/person\\\/7656a5bb58fca95b9814e940de0fda63\",\"name\":\"Juan\",\"image\":{\"@type\":\"ImageObject\",\"inLanguage\":\"es\",\"@id\":\"https:\\\/\\\/secure.gravatar.com\\\/avatar\\\/dd53e51c0cd6ab23f52d4f3e4f1c59730240727763de3dbbf26750b079a2c292?s=96&d=mm&r=g\",\"url\":\"https:\\\/\\\/secure.gravatar.com\\\/avatar\\\/dd53e51c0cd6ab23f52d4f3e4f1c59730240727763de3dbbf26750b079a2c292?s=96&d=mm&r=g\",\"contentUrl\":\"https:\\\/\\\/secure.gravatar.com\\\/avatar\\\/dd53e51c0cd6ab23f52d4f3e4f1c59730240727763de3dbbf26750b079a2c292?s=96&d=mm&r=g\",\"caption\":\"Juan\"},\"url\":\"https:\\\/\\\/www.caudete.org\\\/ayuntamiento\\\/author\\\/centrodeinternet\\\/\"}]}<\/script>\n<!-- \/ Yoast SEO plugin. -->","yoast_head_json":{"title":"Jos\u00e9 Antonio S\u00e1nchez Mart\u00ednez mantiene un ENCUENTRO LITERARIO CON J\u00d3VENES - MI Ayuntamiento de Caudete","description":"P\u00e1gina Oficial del Ayuntamiento de Caudete (Albacete)","robots":{"index":"index","follow":"follow","max-snippet":"max-snippet:-1","max-image-preview":"max-image-preview:large","max-video-preview":"max-video-preview:-1"},"canonical":"https:\/\/www.caudete.org\/ayuntamiento\/jose-antonio-sanchez-martinez-mantiene-un-encuentro-literario-con-jovenes\/","og_locale":"es_ES","og_type":"article","og_title":"Jos\u00e9 Antonio S\u00e1nchez Mart\u00ednez mantiene un ENCUENTRO LITERARIO CON J\u00d3VENES - MI Ayuntamiento de Caudete","og_description":"P\u00e1gina Oficial del Ayuntamiento de Caudete (Albacete)","og_url":"https:\/\/www.caudete.org\/ayuntamiento\/jose-antonio-sanchez-martinez-mantiene-un-encuentro-literario-con-jovenes\/","og_site_name":"MI Ayuntamiento de Caudete","article_publisher":"https:\/\/www.facebook.com\/ayuntamientocaudete\/","article_published_time":"2022-03-28T16:38:33+00:00","og_image":[{"width":864,"height":380,"url":"https:\/\/www.caudete.org\/ayuntamiento\/wp-content\/uploads\/2022\/03\/Encuentro-literario-con-jovenes-WEB.jpg","type":"image\/jpeg"}],"author":"Juan","twitter_card":"summary_large_image","twitter_misc":{"Escrito por":"Juan","Tiempo de lectura":"2 minutos"},"schema":{"@context":"https:\/\/schema.org","@graph":[{"@type":"Article","@id":"https:\/\/www.caudete.org\/ayuntamiento\/jose-antonio-sanchez-martinez-mantiene-un-encuentro-literario-con-jovenes\/#article","isPartOf":{"@id":"https:\/\/www.caudete.org\/ayuntamiento\/jose-antonio-sanchez-martinez-mantiene-un-encuentro-literario-con-jovenes\/"},"author":{"name":"Juan","@id":"https:\/\/www.caudete.org\/ayuntamiento\/#\/schema\/person\/7656a5bb58fca95b9814e940de0fda63"},"headline":"Jos\u00e9 Antonio S\u00e1nchez Mart\u00ednez mantiene un ENCUENTRO LITERARIO CON J\u00d3VENES","datePublished":"2022-03-28T16:38:33+00:00","mainEntityOfPage":{"@id":"https:\/\/www.caudete.org\/ayuntamiento\/jose-antonio-sanchez-martinez-mantiene-un-encuentro-literario-con-jovenes\/"},"wordCount":462,"image":{"@id":"https:\/\/www.caudete.org\/ayuntamiento\/jose-antonio-sanchez-martinez-mantiene-un-encuentro-literario-con-jovenes\/#primaryimage"},"thumbnailUrl":"https:\/\/www.caudete.org\/ayuntamiento\/wp-content\/uploads\/2022\/03\/Encuentro-literario-con-jovenes-WEB.jpg","keywords":["Encuentro literario con j\u00f3venes","Jos\u00e9 Antonio S\u00e1nchez Mart\u00ednez"],"articleSection":["Cultura"],"inLanguage":"es"},{"@type":"WebPage","@id":"https:\/\/www.caudete.org\/ayuntamiento\/jose-antonio-sanchez-martinez-mantiene-un-encuentro-literario-con-jovenes\/","url":"https:\/\/www.caudete.org\/ayuntamiento\/jose-antonio-sanchez-martinez-mantiene-un-encuentro-literario-con-jovenes\/","name":"Jos\u00e9 Antonio S\u00e1nchez Mart\u00ednez mantiene un ENCUENTRO LITERARIO CON J\u00d3VENES - MI Ayuntamiento de Caudete","isPartOf":{"@id":"https:\/\/www.caudete.org\/ayuntamiento\/#website"},"primaryImageOfPage":{"@id":"https:\/\/www.caudete.org\/ayuntamiento\/jose-antonio-sanchez-martinez-mantiene-un-encuentro-literario-con-jovenes\/#primaryimage"},"image":{"@id":"https:\/\/www.caudete.org\/ayuntamiento\/jose-antonio-sanchez-martinez-mantiene-un-encuentro-literario-con-jovenes\/#primaryimage"},"thumbnailUrl":"https:\/\/www.caudete.org\/ayuntamiento\/wp-content\/uploads\/2022\/03\/Encuentro-literario-con-jovenes-WEB.jpg","datePublished":"2022-03-28T16:38:33+00:00","author":{"@id":"https:\/\/www.caudete.org\/ayuntamiento\/#\/schema\/person\/7656a5bb58fca95b9814e940de0fda63"},"description":"P\u00e1gina Oficial del Ayuntamiento de Caudete (Albacete)","breadcrumb":{"@id":"https:\/\/www.caudete.org\/ayuntamiento\/jose-antonio-sanchez-martinez-mantiene-un-encuentro-literario-con-jovenes\/#breadcrumb"},"inLanguage":"es","potentialAction":[{"@type":"ReadAction","target":["https:\/\/www.caudete.org\/ayuntamiento\/jose-antonio-sanchez-martinez-mantiene-un-encuentro-literario-con-jovenes\/"]}]},{"@type":"ImageObject","inLanguage":"es","@id":"https:\/\/www.caudete.org\/ayuntamiento\/jose-antonio-sanchez-martinez-mantiene-un-encuentro-literario-con-jovenes\/#primaryimage","url":"https:\/\/www.caudete.org\/ayuntamiento\/wp-content\/uploads\/2022\/03\/Encuentro-literario-con-jovenes-WEB.jpg","contentUrl":"https:\/\/www.caudete.org\/ayuntamiento\/wp-content\/uploads\/2022\/03\/Encuentro-literario-con-jovenes-WEB.jpg","width":864,"height":380},{"@type":"BreadcrumbList","@id":"https:\/\/www.caudete.org\/ayuntamiento\/jose-antonio-sanchez-martinez-mantiene-un-encuentro-literario-con-jovenes\/#breadcrumb","itemListElement":[{"@type":"ListItem","position":1,"name":"Inicio","item":"https:\/\/www.caudete.org\/ayuntamiento\/"},{"@type":"ListItem","position":2,"name":"Jos\u00e9 Antonio S\u00e1nchez Mart\u00ednez mantiene un ENCUENTRO LITERARIO CON J\u00d3VENES"}]},{"@type":"WebSite","@id":"https:\/\/www.caudete.org\/ayuntamiento\/#website","url":"https:\/\/www.caudete.org\/ayuntamiento\/","name":"MI Ayuntamiento de Caudete","description":"P\u00e1gina Oficial del MI Ayuntamiento de Caudete","potentialAction":[{"@type":"SearchAction","target":{"@type":"EntryPoint","urlTemplate":"https:\/\/www.caudete.org\/ayuntamiento\/?s={search_term_string}"},"query-input":{"@type":"PropertyValueSpecification","valueRequired":true,"valueName":"search_term_string"}}],"inLanguage":"es"},{"@type":"Person","@id":"https:\/\/www.caudete.org\/ayuntamiento\/#\/schema\/person\/7656a5bb58fca95b9814e940de0fda63","name":"Juan","image":{"@type":"ImageObject","inLanguage":"es","@id":"https:\/\/secure.gravatar.com\/avatar\/dd53e51c0cd6ab23f52d4f3e4f1c59730240727763de3dbbf26750b079a2c292?s=96&d=mm&r=g","url":"https:\/\/secure.gravatar.com\/avatar\/dd53e51c0cd6ab23f52d4f3e4f1c59730240727763de3dbbf26750b079a2c292?s=96&d=mm&r=g","contentUrl":"https:\/\/secure.gravatar.com\/avatar\/dd53e51c0cd6ab23f52d4f3e4f1c59730240727763de3dbbf26750b079a2c292?s=96&d=mm&r=g","caption":"Juan"},"url":"https:\/\/www.caudete.org\/ayuntamiento\/author\/centrodeinternet\/"}]}},"_links":{"self":[{"href":"https:\/\/www.caudete.org\/ayuntamiento\/wp-json\/wp\/v2\/posts\/18585","targetHints":{"allow":["GET"]}}],"collection":[{"href":"https:\/\/www.caudete.org\/ayuntamiento\/wp-json\/wp\/v2\/posts"}],"about":[{"href":"https:\/\/www.caudete.org\/ayuntamiento\/wp-json\/wp\/v2\/types\/post"}],"author":[{"embeddable":true,"href":"https:\/\/www.caudete.org\/ayuntamiento\/wp-json\/wp\/v2\/users\/2"}],"replies":[{"embeddable":true,"href":"https:\/\/www.caudete.org\/ayuntamiento\/wp-json\/wp\/v2\/comments?post=18585"}],"version-history":[{"count":3,"href":"https:\/\/www.caudete.org\/ayuntamiento\/wp-json\/wp\/v2\/posts\/18585\/revisions"}],"predecessor-version":[{"id":18590,"href":"https:\/\/www.caudete.org\/ayuntamiento\/wp-json\/wp\/v2\/posts\/18585\/revisions\/18590"}],"wp:featuredmedia":[{"embeddable":true,"href":"https:\/\/www.caudete.org\/ayuntamiento\/wp-json\/wp\/v2\/media\/18588"}],"wp:attachment":[{"href":"https:\/\/www.caudete.org\/ayuntamiento\/wp-json\/wp\/v2\/media?parent=18585"}],"wp:term":[{"taxonomy":"category","embeddable":true,"href":"https:\/\/www.caudete.org\/ayuntamiento\/wp-json\/wp\/v2\/categories?post=18585"},{"taxonomy":"post_tag","embeddable":true,"href":"https:\/\/www.caudete.org\/ayuntamiento\/wp-json\/wp\/v2\/tags?post=18585"}],"curies":[{"name":"wp","href":"https:\/\/api.w.org\/{rel}","templated":true}]}}