{"id":18591,"date":"2022-03-29T10:25:04","date_gmt":"2022-03-29T08:25:04","guid":{"rendered":"https:\/\/www.caudete.org\/ayuntamiento\/?p=18591"},"modified":"2022-03-29T10:25:57","modified_gmt":"2022-03-29T08:25:57","slug":"convocada-la-comision-de-interior-ante-la-quema-de-2-vehiculos-en-la-madrugada-del-lunes","status":"publish","type":"post","link":"https:\/\/www.caudete.org\/ayuntamiento\/convocada-la-comision-de-interior-ante-la-quema-de-2-vehiculos-en-la-madrugada-del-lunes\/","title":{"rendered":"Convocada la COMISION DE INTERIOR ante la quema de 2 veh\u00edculos en la madrugada del lunes"},"content":{"rendered":"<p style=\"text-align: justify;\">Mar\u00eda del Mar Requena, Concejal de Interior y responsable del \u00e1rea de seguridad ciudadana, ha convocado a la Comisi\u00f3n Informativa de R\u00e9gimen Interior\u00a0 ante la persistencia de actos vand\u00e1licos.<\/p>\n<p style=\"text-align: justify;\">Ser\u00e1 el pr\u00f3ximo jueves a las 08.30h y bajo su Presidencia cuando se re\u00fanan los 5 grupos municipales, donde una vez m\u00e1s ser\u00e1n informados oficialmente de los \u00faltimos actos vand\u00e1licos que la localidad sufri\u00f3 la madrugada del lunes, y que supuso la quema de dos veh\u00edculos, con algo menos de una hora de diferencia, tras previamente haber sido sustra\u00eddos.<\/p>\n<p style=\"text-align: justify;\">Ha aprovechado para manifestar la condena a estos actos, trasladar el apoyo del Consistorio a los propietarios de dichos veh\u00edculos, as\u00ed como pedir a la ciudadan\u00eda tranquilidad, y cooperaci\u00f3n y confianza en las fuerzas y cuerpos de seguridad, quienes est\u00e1n realizando su trabajo para erradicar esta situaci\u00f3n e identificar al autor o autores de los mismos para su puesta a disposici\u00f3n judicial.<\/p>\n","protected":false},"excerpt":{"rendered":"<p>Mar\u00eda del Mar Requena, Concejal de Interior y responsable del \u00e1rea de seguridad ciudadana, ha convocado a la Comisi\u00f3n Informativa de R\u00e9gimen Interior\u00a0 ante la persistencia de actos vand\u00e1licos. Ser\u00e1 el pr\u00f3ximo jueves a las 08.30h y bajo su Presidencia cuando se re\u00fanan los 5 grupos municipales, donde una vez m\u00e1s ser\u00e1n informados oficialmente de &hellip;<\/p>\n","protected":false},"author":3,"featured_media":18593,"comment_status":"closed","ping_status":"open","sticky":false,"template":"","format":"standard","meta":{"ngg_post_thumbnail":0,"footnotes":""},"categories":[34],"tags":[],"class_list":["post-18591","post","type-post","status-publish","format-standard","has-post-thumbnail","hentry","category-interior"],"yoast_head":"<!-- This site is optimized with the Yoast SEO plugin v27.5 - https:\/\/yoast.com\/product\/yoast-seo-wordpress\/ -->\n<title>Convocada la COMISION DE INTERIOR ante la quema de 2 veh\u00edculos en la madrugada del lunes - MI Ayuntamiento de Caudete<\/title>\n<meta name=\"description\" content=\"P\u00e1gina Oficial del Ayuntamiento de Caudete (Albacete)\" \/>\n<meta name=\"robots\" content=\"index, follow, max-snippet:-1, max-image-preview:large, max-video-preview:-1\" \/>\n<link rel=\"canonical\" href=\"https:\/\/www.caudete.org\/ayuntamiento\/convocada-la-comision-de-interior-ante-la-quema-de-2-vehiculos-en-la-madrugada-del-lunes\/\" \/>\n<meta property=\"og:locale\" content=\"es_ES\" \/>\n<meta property=\"og:type\" content=\"article\" \/>\n<meta property=\"og:title\" content=\"Convocada la COMISION DE INTERIOR ante la quema de 2 veh\u00edculos en la madrugada del lunes - MI Ayuntamiento de Caudete\" \/>\n<meta property=\"og:description\" content=\"P\u00e1gina Oficial del Ayuntamiento de Caudete (Albacete)\" \/>\n<meta property=\"og:url\" content=\"https:\/\/www.caudete.org\/ayuntamiento\/convocada-la-comision-de-interior-ante-la-quema-de-2-vehiculos-en-la-madrugada-del-lunes\/\" \/>\n<meta property=\"og:site_name\" content=\"MI Ayuntamiento de Caudete\" \/>\n<meta property=\"article:publisher\" content=\"https:\/\/www.facebook.com\/ayuntamientocaudete\/\" \/>\n<meta property=\"article:published_time\" content=\"2022-03-29T08:25:04+00:00\" \/>\n<meta property=\"article:modified_time\" content=\"2022-03-29T08:25:57+00:00\" \/>\n<meta property=\"og:image\" content=\"https:\/\/www.caudete.org\/ayuntamiento\/wp-content\/uploads\/2022\/03\/coche_quemado_270322_caudete_digital.jpg\" \/>\n\t<meta property=\"og:image:width\" content=\"780\" \/>\n\t<meta property=\"og:image:height\" content=\"478\" \/>\n\t<meta property=\"og:image:type\" content=\"image\/jpeg\" \/>\n<meta name=\"author\" content=\"alcalde\" \/>\n<meta name=\"twitter:card\" content=\"summary_large_image\" \/>\n<meta name=\"twitter:label1\" content=\"Escrito por\" \/>\n\t<meta name=\"twitter:data1\" content=\"alcalde\" \/>\n\t<meta name=\"twitter:label2\" content=\"Tiempo de lectura\" \/>\n\t<meta name=\"twitter:data2\" content=\"1 minuto\" \/>\n<script type=\"application\/ld+json\" class=\"yoast-schema-graph\">{\"@context\":\"https:\\\/\\\/schema.org\",\"@graph\":[{\"@type\":\"Article\",\"@id\":\"https:\\\/\\\/www.caudete.org\\\/ayuntamiento\\\/convocada-la-comision-de-interior-ante-la-quema-de-2-vehiculos-en-la-madrugada-del-lunes\\\/#article\",\"isPartOf\":{\"@id\":\"https:\\\/\\\/www.caudete.org\\\/ayuntamiento\\\/convocada-la-comision-de-interior-ante-la-quema-de-2-vehiculos-en-la-madrugada-del-lunes\\\/\"},\"author\":{\"name\":\"alcalde\",\"@id\":\"https:\\\/\\\/www.caudete.org\\\/ayuntamiento\\\/#\\\/schema\\\/person\\\/cc646da9133078ee4d8dd47457947253\"},\"headline\":\"Convocada la COMISION DE INTERIOR ante la quema de 2 veh\u00edculos en la madrugada del lunes\",\"datePublished\":\"2022-03-29T08:25:04+00:00\",\"dateModified\":\"2022-03-29T08:25:57+00:00\",\"mainEntityOfPage\":{\"@id\":\"https:\\\/\\\/www.caudete.org\\\/ayuntamiento\\\/convocada-la-comision-de-interior-ante-la-quema-de-2-vehiculos-en-la-madrugada-del-lunes\\\/\"},\"wordCount\":182,\"image\":{\"@id\":\"https:\\\/\\\/www.caudete.org\\\/ayuntamiento\\\/convocada-la-comision-de-interior-ante-la-quema-de-2-vehiculos-en-la-madrugada-del-lunes\\\/#primaryimage\"},\"thumbnailUrl\":\"https:\\\/\\\/www.caudete.org\\\/ayuntamiento\\\/wp-content\\\/uploads\\\/2022\\\/03\\\/coche_quemado_270322_caudete_digital.jpg\",\"articleSection\":[\"Interior\"],\"inLanguage\":\"es\"},{\"@type\":\"WebPage\",\"@id\":\"https:\\\/\\\/www.caudete.org\\\/ayuntamiento\\\/convocada-la-comision-de-interior-ante-la-quema-de-2-vehiculos-en-la-madrugada-del-lunes\\\/\",\"url\":\"https:\\\/\\\/www.caudete.org\\\/ayuntamiento\\\/convocada-la-comision-de-interior-ante-la-quema-de-2-vehiculos-en-la-madrugada-del-lunes\\\/\",\"name\":\"Convocada la COMISION DE INTERIOR ante la quema de 2 veh\u00edculos en la madrugada del lunes - MI Ayuntamiento de Caudete\",\"isPartOf\":{\"@id\":\"https:\\\/\\\/www.caudete.org\\\/ayuntamiento\\\/#website\"},\"primaryImageOfPage\":{\"@id\":\"https:\\\/\\\/www.caudete.org\\\/ayuntamiento\\\/convocada-la-comision-de-interior-ante-la-quema-de-2-vehiculos-en-la-madrugada-del-lunes\\\/#primaryimage\"},\"image\":{\"@id\":\"https:\\\/\\\/www.caudete.org\\\/ayuntamiento\\\/convocada-la-comision-de-interior-ante-la-quema-de-2-vehiculos-en-la-madrugada-del-lunes\\\/#primaryimage\"},\"thumbnailUrl\":\"https:\\\/\\\/www.caudete.org\\\/ayuntamiento\\\/wp-content\\\/uploads\\\/2022\\\/03\\\/coche_quemado_270322_caudete_digital.jpg\",\"datePublished\":\"2022-03-29T08:25:04+00:00\",\"dateModified\":\"2022-03-29T08:25:57+00:00\",\"author\":{\"@id\":\"https:\\\/\\\/www.caudete.org\\\/ayuntamiento\\\/#\\\/schema\\\/person\\\/cc646da9133078ee4d8dd47457947253\"},\"description\":\"P\u00e1gina Oficial del Ayuntamiento de Caudete (Albacete)\",\"breadcrumb\":{\"@id\":\"https:\\\/\\\/www.caudete.org\\\/ayuntamiento\\\/convocada-la-comision-de-interior-ante-la-quema-de-2-vehiculos-en-la-madrugada-del-lunes\\\/#breadcrumb\"},\"inLanguage\":\"es\",\"potentialAction\":[{\"@type\":\"ReadAction\",\"target\":[\"https:\\\/\\\/www.caudete.org\\\/ayuntamiento\\\/convocada-la-comision-de-interior-ante-la-quema-de-2-vehiculos-en-la-madrugada-del-lunes\\\/\"]}]},{\"@type\":\"ImageObject\",\"inLanguage\":\"es\",\"@id\":\"https:\\\/\\\/www.caudete.org\\\/ayuntamiento\\\/convocada-la-comision-de-interior-ante-la-quema-de-2-vehiculos-en-la-madrugada-del-lunes\\\/#primaryimage\",\"url\":\"https:\\\/\\\/www.caudete.org\\\/ayuntamiento\\\/wp-content\\\/uploads\\\/2022\\\/03\\\/coche_quemado_270322_caudete_digital.jpg\",\"contentUrl\":\"https:\\\/\\\/www.caudete.org\\\/ayuntamiento\\\/wp-content\\\/uploads\\\/2022\\\/03\\\/coche_quemado_270322_caudete_digital.jpg\",\"width\":780,\"height\":478},{\"@type\":\"BreadcrumbList\",\"@id\":\"https:\\\/\\\/www.caudete.org\\\/ayuntamiento\\\/convocada-la-comision-de-interior-ante-la-quema-de-2-vehiculos-en-la-madrugada-del-lunes\\\/#breadcrumb\",\"itemListElement\":[{\"@type\":\"ListItem\",\"position\":1,\"name\":\"Inicio\",\"item\":\"https:\\\/\\\/www.caudete.org\\\/ayuntamiento\\\/\"},{\"@type\":\"ListItem\",\"position\":2,\"name\":\"Convocada la COMISION DE INTERIOR ante la quema de 2 veh\u00edculos en la madrugada del lunes\"}]},{\"@type\":\"WebSite\",\"@id\":\"https:\\\/\\\/www.caudete.org\\\/ayuntamiento\\\/#website\",\"url\":\"https:\\\/\\\/www.caudete.org\\\/ayuntamiento\\\/\",\"name\":\"MI Ayuntamiento de Caudete\",\"description\":\"P\u00e1gina Oficial del MI Ayuntamiento de Caudete\",\"potentialAction\":[{\"@type\":\"SearchAction\",\"target\":{\"@type\":\"EntryPoint\",\"urlTemplate\":\"https:\\\/\\\/www.caudete.org\\\/ayuntamiento\\\/?s={search_term_string}\"},\"query-input\":{\"@type\":\"PropertyValueSpecification\",\"valueRequired\":true,\"valueName\":\"search_term_string\"}}],\"inLanguage\":\"es\"},{\"@type\":\"Person\",\"@id\":\"https:\\\/\\\/www.caudete.org\\\/ayuntamiento\\\/#\\\/schema\\\/person\\\/cc646da9133078ee4d8dd47457947253\",\"name\":\"alcalde\",\"image\":{\"@type\":\"ImageObject\",\"inLanguage\":\"es\",\"@id\":\"https:\\\/\\\/secure.gravatar.com\\\/avatar\\\/84a817ba065b29ff08d666b215a215f5c79186a645ccb25b14a663d48a130f77?s=96&d=mm&r=g\",\"url\":\"https:\\\/\\\/secure.gravatar.com\\\/avatar\\\/84a817ba065b29ff08d666b215a215f5c79186a645ccb25b14a663d48a130f77?s=96&d=mm&r=g\",\"contentUrl\":\"https:\\\/\\\/secure.gravatar.com\\\/avatar\\\/84a817ba065b29ff08d666b215a215f5c79186a645ccb25b14a663d48a130f77?s=96&d=mm&r=g\",\"caption\":\"alcalde\"},\"url\":\"https:\\\/\\\/www.caudete.org\\\/ayuntamiento\\\/author\\\/alcalde\\\/\"}]}<\/script>\n<!-- \/ Yoast SEO plugin. -->","yoast_head_json":{"title":"Convocada la COMISION DE INTERIOR ante la quema de 2 veh\u00edculos en la madrugada del lunes - MI Ayuntamiento de Caudete","description":"P\u00e1gina Oficial del Ayuntamiento de Caudete (Albacete)","robots":{"index":"index","follow":"follow","max-snippet":"max-snippet:-1","max-image-preview":"max-image-preview:large","max-video-preview":"max-video-preview:-1"},"canonical":"https:\/\/www.caudete.org\/ayuntamiento\/convocada-la-comision-de-interior-ante-la-quema-de-2-vehiculos-en-la-madrugada-del-lunes\/","og_locale":"es_ES","og_type":"article","og_title":"Convocada la COMISION DE INTERIOR ante la quema de 2 veh\u00edculos en la madrugada del lunes - MI Ayuntamiento de Caudete","og_description":"P\u00e1gina Oficial del Ayuntamiento de Caudete (Albacete)","og_url":"https:\/\/www.caudete.org\/ayuntamiento\/convocada-la-comision-de-interior-ante-la-quema-de-2-vehiculos-en-la-madrugada-del-lunes\/","og_site_name":"MI Ayuntamiento de Caudete","article_publisher":"https:\/\/www.facebook.com\/ayuntamientocaudete\/","article_published_time":"2022-03-29T08:25:04+00:00","article_modified_time":"2022-03-29T08:25:57+00:00","og_image":[{"width":780,"height":478,"url":"https:\/\/www.caudete.org\/ayuntamiento\/wp-content\/uploads\/2022\/03\/coche_quemado_270322_caudete_digital.jpg","type":"image\/jpeg"}],"author":"alcalde","twitter_card":"summary_large_image","twitter_misc":{"Escrito por":"alcalde","Tiempo de lectura":"1 minuto"},"schema":{"@context":"https:\/\/schema.org","@graph":[{"@type":"Article","@id":"https:\/\/www.caudete.org\/ayuntamiento\/convocada-la-comision-de-interior-ante-la-quema-de-2-vehiculos-en-la-madrugada-del-lunes\/#article","isPartOf":{"@id":"https:\/\/www.caudete.org\/ayuntamiento\/convocada-la-comision-de-interior-ante-la-quema-de-2-vehiculos-en-la-madrugada-del-lunes\/"},"author":{"name":"alcalde","@id":"https:\/\/www.caudete.org\/ayuntamiento\/#\/schema\/person\/cc646da9133078ee4d8dd47457947253"},"headline":"Convocada la COMISION DE INTERIOR ante la quema de 2 veh\u00edculos en la madrugada del lunes","datePublished":"2022-03-29T08:25:04+00:00","dateModified":"2022-03-29T08:25:57+00:00","mainEntityOfPage":{"@id":"https:\/\/www.caudete.org\/ayuntamiento\/convocada-la-comision-de-interior-ante-la-quema-de-2-vehiculos-en-la-madrugada-del-lunes\/"},"wordCount":182,"image":{"@id":"https:\/\/www.caudete.org\/ayuntamiento\/convocada-la-comision-de-interior-ante-la-quema-de-2-vehiculos-en-la-madrugada-del-lunes\/#primaryimage"},"thumbnailUrl":"https:\/\/www.caudete.org\/ayuntamiento\/wp-content\/uploads\/2022\/03\/coche_quemado_270322_caudete_digital.jpg","articleSection":["Interior"],"inLanguage":"es"},{"@type":"WebPage","@id":"https:\/\/www.caudete.org\/ayuntamiento\/convocada-la-comision-de-interior-ante-la-quema-de-2-vehiculos-en-la-madrugada-del-lunes\/","url":"https:\/\/www.caudete.org\/ayuntamiento\/convocada-la-comision-de-interior-ante-la-quema-de-2-vehiculos-en-la-madrugada-del-lunes\/","name":"Convocada la COMISION DE INTERIOR ante la quema de 2 veh\u00edculos en la madrugada del lunes - MI Ayuntamiento de Caudete","isPartOf":{"@id":"https:\/\/www.caudete.org\/ayuntamiento\/#website"},"primaryImageOfPage":{"@id":"https:\/\/www.caudete.org\/ayuntamiento\/convocada-la-comision-de-interior-ante-la-quema-de-2-vehiculos-en-la-madrugada-del-lunes\/#primaryimage"},"image":{"@id":"https:\/\/www.caudete.org\/ayuntamiento\/convocada-la-comision-de-interior-ante-la-quema-de-2-vehiculos-en-la-madrugada-del-lunes\/#primaryimage"},"thumbnailUrl":"https:\/\/www.caudete.org\/ayuntamiento\/wp-content\/uploads\/2022\/03\/coche_quemado_270322_caudete_digital.jpg","datePublished":"2022-03-29T08:25:04+00:00","dateModified":"2022-03-29T08:25:57+00:00","author":{"@id":"https:\/\/www.caudete.org\/ayuntamiento\/#\/schema\/person\/cc646da9133078ee4d8dd47457947253"},"description":"P\u00e1gina Oficial del Ayuntamiento de Caudete (Albacete)","breadcrumb":{"@id":"https:\/\/www.caudete.org\/ayuntamiento\/convocada-la-comision-de-interior-ante-la-quema-de-2-vehiculos-en-la-madrugada-del-lunes\/#breadcrumb"},"inLanguage":"es","potentialAction":[{"@type":"ReadAction","target":["https:\/\/www.caudete.org\/ayuntamiento\/convocada-la-comision-de-interior-ante-la-quema-de-2-vehiculos-en-la-madrugada-del-lunes\/"]}]},{"@type":"ImageObject","inLanguage":"es","@id":"https:\/\/www.caudete.org\/ayuntamiento\/convocada-la-comision-de-interior-ante-la-quema-de-2-vehiculos-en-la-madrugada-del-lunes\/#primaryimage","url":"https:\/\/www.caudete.org\/ayuntamiento\/wp-content\/uploads\/2022\/03\/coche_quemado_270322_caudete_digital.jpg","contentUrl":"https:\/\/www.caudete.org\/ayuntamiento\/wp-content\/uploads\/2022\/03\/coche_quemado_270322_caudete_digital.jpg","width":780,"height":478},{"@type":"BreadcrumbList","@id":"https:\/\/www.caudete.org\/ayuntamiento\/convocada-la-comision-de-interior-ante-la-quema-de-2-vehiculos-en-la-madrugada-del-lunes\/#breadcrumb","itemListElement":[{"@type":"ListItem","position":1,"name":"Inicio","item":"https:\/\/www.caudete.org\/ayuntamiento\/"},{"@type":"ListItem","position":2,"name":"Convocada la COMISION DE INTERIOR ante la quema de 2 veh\u00edculos en la madrugada del lunes"}]},{"@type":"WebSite","@id":"https:\/\/www.caudete.org\/ayuntamiento\/#website","url":"https:\/\/www.caudete.org\/ayuntamiento\/","name":"MI Ayuntamiento de Caudete","description":"P\u00e1gina Oficial del MI Ayuntamiento de Caudete","potentialAction":[{"@type":"SearchAction","target":{"@type":"EntryPoint","urlTemplate":"https:\/\/www.caudete.org\/ayuntamiento\/?s={search_term_string}"},"query-input":{"@type":"PropertyValueSpecification","valueRequired":true,"valueName":"search_term_string"}}],"inLanguage":"es"},{"@type":"Person","@id":"https:\/\/www.caudete.org\/ayuntamiento\/#\/schema\/person\/cc646da9133078ee4d8dd47457947253","name":"alcalde","image":{"@type":"ImageObject","inLanguage":"es","@id":"https:\/\/secure.gravatar.com\/avatar\/84a817ba065b29ff08d666b215a215f5c79186a645ccb25b14a663d48a130f77?s=96&d=mm&r=g","url":"https:\/\/secure.gravatar.com\/avatar\/84a817ba065b29ff08d666b215a215f5c79186a645ccb25b14a663d48a130f77?s=96&d=mm&r=g","contentUrl":"https:\/\/secure.gravatar.com\/avatar\/84a817ba065b29ff08d666b215a215f5c79186a645ccb25b14a663d48a130f77?s=96&d=mm&r=g","caption":"alcalde"},"url":"https:\/\/www.caudete.org\/ayuntamiento\/author\/alcalde\/"}]}},"_links":{"self":[{"href":"https:\/\/www.caudete.org\/ayuntamiento\/wp-json\/wp\/v2\/posts\/18591","targetHints":{"allow":["GET"]}}],"collection":[{"href":"https:\/\/www.caudete.org\/ayuntamiento\/wp-json\/wp\/v2\/posts"}],"about":[{"href":"https:\/\/www.caudete.org\/ayuntamiento\/wp-json\/wp\/v2\/types\/post"}],"author":[{"embeddable":true,"href":"https:\/\/www.caudete.org\/ayuntamiento\/wp-json\/wp\/v2\/users\/3"}],"replies":[{"embeddable":true,"href":"https:\/\/www.caudete.org\/ayuntamiento\/wp-json\/wp\/v2\/comments?post=18591"}],"version-history":[{"count":1,"href":"https:\/\/www.caudete.org\/ayuntamiento\/wp-json\/wp\/v2\/posts\/18591\/revisions"}],"predecessor-version":[{"id":18592,"href":"https:\/\/www.caudete.org\/ayuntamiento\/wp-json\/wp\/v2\/posts\/18591\/revisions\/18592"}],"wp:featuredmedia":[{"embeddable":true,"href":"https:\/\/www.caudete.org\/ayuntamiento\/wp-json\/wp\/v2\/media\/18593"}],"wp:attachment":[{"href":"https:\/\/www.caudete.org\/ayuntamiento\/wp-json\/wp\/v2\/media?parent=18591"}],"wp:term":[{"taxonomy":"category","embeddable":true,"href":"https:\/\/www.caudete.org\/ayuntamiento\/wp-json\/wp\/v2\/categories?post=18591"},{"taxonomy":"post_tag","embeddable":true,"href":"https:\/\/www.caudete.org\/ayuntamiento\/wp-json\/wp\/v2\/tags?post=18591"}],"curies":[{"name":"wp","href":"https:\/\/api.w.org\/{rel}","templated":true}]}}