{"id":18594,"date":"2022-03-29T10:46:34","date_gmt":"2022-03-29T08:46:34","guid":{"rendered":"https:\/\/www.caudete.org\/ayuntamiento\/?p=18594"},"modified":"2022-03-29T10:46:34","modified_gmt":"2022-03-29T08:46:34","slug":"aprobada-la-oferta-de-empleo-publico-2022","status":"publish","type":"post","link":"https:\/\/www.caudete.org\/ayuntamiento\/aprobada-la-oferta-de-empleo-publico-2022\/","title":{"rendered":"Aprobada la Oferta de Empleo P\u00fablico 2022"},"content":{"rendered":"<p style=\"text-align: justify;\">M\u00aa del Mar Requena, Concejal de Recursos Humanos del Ayuntamiento de Caudete, ha dado a conocer esta ma\u00f1ana la reci\u00e9n aprobada Oferta de Empleo P\u00fablico 2022 en la sesi\u00f3n de Junta de Gobierno del pasado 18 de Marzo, a falta de que sea publicada en el Bolet\u00edn Oficial en los pr\u00f3ximos d\u00edas. No obstante, la misma es p\u00fablica accediendo al Tabl\u00f3n de Anuncios Municipal\u00a0<a href=\"https:\/\/caudete.sedipualba.es\/tablondeanuncios\/anuncio.aspx?id=38319\" target=\"_blank\" rel=\"nofollow\">https:\/\/caudete.sedipualba.es\/tablondeanuncios\/anuncio.aspx?id=38319<\/a><\/p>\n<p style=\"text-align: justify;\">Finalizado el expediente, y con todos los informes favorables, la propuesta de Alcald\u00eda fue sometida a estudio en la Mesa de Negociaci\u00f3n de los empleados p\u00fablicos de este Ayuntamiento en su \u00faltima sesi\u00f3n celebrada el 17 de Marzo. En ella la OEP-2022, consigui\u00f3 el respaldo un\u00e1nime de la Mesa, un hecho que la Concejal destaca como &#8220;<em>muy positivo y que evidencia trabajo y di\u00e1logo con un mismo objetivo<\/em> <em>entre empleados y Gobierno Municipal<\/em>\u201d.<\/p>\n<p style=\"text-align: justify;\">La ejecuci\u00f3n de la misma se establece por la TREBEP en un m\u00e1ximo de 3 a\u00f1os, \u201c<em>siendo la intenci\u00f3n del Gobierno Municipal hacer en el presente 2022 una convocatoria lo m\u00e1s completa posible de las plazas establecidas en las OEP de a\u00f1os anteriores con plazas pendientes de convocar<\/em>\u201d remarcaba la Edil Requena.<\/p>\n","protected":false},"excerpt":{"rendered":"<p>M\u00aa del Mar Requena, Concejal de Recursos Humanos del Ayuntamiento de Caudete, ha dado a conocer esta ma\u00f1ana la reci\u00e9n aprobada Oferta de Empleo P\u00fablico 2022 en la sesi\u00f3n de Junta de Gobierno del pasado 18 de Marzo, a falta de que sea publicada en el Bolet\u00edn Oficial en los pr\u00f3ximos d\u00edas. No obstante, la &hellip;<\/p>\n","protected":false},"author":3,"featured_media":18595,"comment_status":"closed","ping_status":"open","sticky":false,"template":"","format":"standard","meta":{"ngg_post_thumbnail":0,"footnotes":""},"categories":[33],"tags":[],"class_list":["post-18594","post","type-post","status-publish","format-standard","has-post-thumbnail","hentry","category-recursos-humanos"],"yoast_head":"<!-- This site is optimized with the Yoast SEO plugin v27.5 - https:\/\/yoast.com\/product\/yoast-seo-wordpress\/ -->\n<title>Aprobada la Oferta de Empleo P\u00fablico 2022 - MI Ayuntamiento de Caudete<\/title>\n<meta name=\"description\" content=\"P\u00e1gina Oficial del Ayuntamiento de Caudete (Albacete)\" \/>\n<meta name=\"robots\" content=\"index, follow, max-snippet:-1, max-image-preview:large, max-video-preview:-1\" \/>\n<link rel=\"canonical\" href=\"https:\/\/www.caudete.org\/ayuntamiento\/aprobada-la-oferta-de-empleo-publico-2022\/\" \/>\n<meta property=\"og:locale\" content=\"es_ES\" \/>\n<meta property=\"og:type\" content=\"article\" \/>\n<meta property=\"og:title\" content=\"Aprobada la Oferta de Empleo P\u00fablico 2022 - MI Ayuntamiento de Caudete\" \/>\n<meta property=\"og:description\" content=\"P\u00e1gina Oficial del Ayuntamiento de Caudete (Albacete)\" \/>\n<meta property=\"og:url\" content=\"https:\/\/www.caudete.org\/ayuntamiento\/aprobada-la-oferta-de-empleo-publico-2022\/\" \/>\n<meta property=\"og:site_name\" content=\"MI Ayuntamiento de Caudete\" \/>\n<meta property=\"article:publisher\" content=\"https:\/\/www.facebook.com\/ayuntamientocaudete\/\" \/>\n<meta property=\"article:published_time\" content=\"2022-03-29T08:46:34+00:00\" \/>\n<meta property=\"og:image\" content=\"https:\/\/www.caudete.org\/ayuntamiento\/wp-content\/uploads\/2022\/03\/OEP2022.jpg\" \/>\n\t<meta property=\"og:image:width\" content=\"1495\" \/>\n\t<meta property=\"og:image:height\" content=\"794\" \/>\n\t<meta property=\"og:image:type\" content=\"image\/jpeg\" \/>\n<meta name=\"author\" content=\"alcalde\" \/>\n<meta name=\"twitter:card\" content=\"summary_large_image\" \/>\n<meta name=\"twitter:label1\" content=\"Escrito por\" \/>\n\t<meta name=\"twitter:data1\" content=\"alcalde\" \/>\n\t<meta name=\"twitter:label2\" content=\"Tiempo de lectura\" \/>\n\t<meta name=\"twitter:data2\" content=\"1 minuto\" \/>\n<script type=\"application\/ld+json\" class=\"yoast-schema-graph\">{\"@context\":\"https:\\\/\\\/schema.org\",\"@graph\":[{\"@type\":\"Article\",\"@id\":\"https:\\\/\\\/www.caudete.org\\\/ayuntamiento\\\/aprobada-la-oferta-de-empleo-publico-2022\\\/#article\",\"isPartOf\":{\"@id\":\"https:\\\/\\\/www.caudete.org\\\/ayuntamiento\\\/aprobada-la-oferta-de-empleo-publico-2022\\\/\"},\"author\":{\"name\":\"alcalde\",\"@id\":\"https:\\\/\\\/www.caudete.org\\\/ayuntamiento\\\/#\\\/schema\\\/person\\\/cc646da9133078ee4d8dd47457947253\"},\"headline\":\"Aprobada la Oferta de Empleo P\u00fablico 2022\",\"datePublished\":\"2022-03-29T08:46:34+00:00\",\"mainEntityOfPage\":{\"@id\":\"https:\\\/\\\/www.caudete.org\\\/ayuntamiento\\\/aprobada-la-oferta-de-empleo-publico-2022\\\/\"},\"wordCount\":220,\"image\":{\"@id\":\"https:\\\/\\\/www.caudete.org\\\/ayuntamiento\\\/aprobada-la-oferta-de-empleo-publico-2022\\\/#primaryimage\"},\"thumbnailUrl\":\"https:\\\/\\\/www.caudete.org\\\/ayuntamiento\\\/wp-content\\\/uploads\\\/2022\\\/03\\\/OEP2022.jpg\",\"articleSection\":[\"Recursos Humanos\"],\"inLanguage\":\"es\"},{\"@type\":\"WebPage\",\"@id\":\"https:\\\/\\\/www.caudete.org\\\/ayuntamiento\\\/aprobada-la-oferta-de-empleo-publico-2022\\\/\",\"url\":\"https:\\\/\\\/www.caudete.org\\\/ayuntamiento\\\/aprobada-la-oferta-de-empleo-publico-2022\\\/\",\"name\":\"Aprobada la Oferta de Empleo P\u00fablico 2022 - MI Ayuntamiento de Caudete\",\"isPartOf\":{\"@id\":\"https:\\\/\\\/www.caudete.org\\\/ayuntamiento\\\/#website\"},\"primaryImageOfPage\":{\"@id\":\"https:\\\/\\\/www.caudete.org\\\/ayuntamiento\\\/aprobada-la-oferta-de-empleo-publico-2022\\\/#primaryimage\"},\"image\":{\"@id\":\"https:\\\/\\\/www.caudete.org\\\/ayuntamiento\\\/aprobada-la-oferta-de-empleo-publico-2022\\\/#primaryimage\"},\"thumbnailUrl\":\"https:\\\/\\\/www.caudete.org\\\/ayuntamiento\\\/wp-content\\\/uploads\\\/2022\\\/03\\\/OEP2022.jpg\",\"datePublished\":\"2022-03-29T08:46:34+00:00\",\"author\":{\"@id\":\"https:\\\/\\\/www.caudete.org\\\/ayuntamiento\\\/#\\\/schema\\\/person\\\/cc646da9133078ee4d8dd47457947253\"},\"description\":\"P\u00e1gina Oficial del Ayuntamiento de Caudete (Albacete)\",\"breadcrumb\":{\"@id\":\"https:\\\/\\\/www.caudete.org\\\/ayuntamiento\\\/aprobada-la-oferta-de-empleo-publico-2022\\\/#breadcrumb\"},\"inLanguage\":\"es\",\"potentialAction\":[{\"@type\":\"ReadAction\",\"target\":[\"https:\\\/\\\/www.caudete.org\\\/ayuntamiento\\\/aprobada-la-oferta-de-empleo-publico-2022\\\/\"]}]},{\"@type\":\"ImageObject\",\"inLanguage\":\"es\",\"@id\":\"https:\\\/\\\/www.caudete.org\\\/ayuntamiento\\\/aprobada-la-oferta-de-empleo-publico-2022\\\/#primaryimage\",\"url\":\"https:\\\/\\\/www.caudete.org\\\/ayuntamiento\\\/wp-content\\\/uploads\\\/2022\\\/03\\\/OEP2022.jpg\",\"contentUrl\":\"https:\\\/\\\/www.caudete.org\\\/ayuntamiento\\\/wp-content\\\/uploads\\\/2022\\\/03\\\/OEP2022.jpg\",\"width\":1495,\"height\":794},{\"@type\":\"BreadcrumbList\",\"@id\":\"https:\\\/\\\/www.caudete.org\\\/ayuntamiento\\\/aprobada-la-oferta-de-empleo-publico-2022\\\/#breadcrumb\",\"itemListElement\":[{\"@type\":\"ListItem\",\"position\":1,\"name\":\"Inicio\",\"item\":\"https:\\\/\\\/www.caudete.org\\\/ayuntamiento\\\/\"},{\"@type\":\"ListItem\",\"position\":2,\"name\":\"Aprobada la Oferta de Empleo P\u00fablico 2022\"}]},{\"@type\":\"WebSite\",\"@id\":\"https:\\\/\\\/www.caudete.org\\\/ayuntamiento\\\/#website\",\"url\":\"https:\\\/\\\/www.caudete.org\\\/ayuntamiento\\\/\",\"name\":\"MI Ayuntamiento de Caudete\",\"description\":\"P\u00e1gina Oficial del MI Ayuntamiento de Caudete\",\"potentialAction\":[{\"@type\":\"SearchAction\",\"target\":{\"@type\":\"EntryPoint\",\"urlTemplate\":\"https:\\\/\\\/www.caudete.org\\\/ayuntamiento\\\/?s={search_term_string}\"},\"query-input\":{\"@type\":\"PropertyValueSpecification\",\"valueRequired\":true,\"valueName\":\"search_term_string\"}}],\"inLanguage\":\"es\"},{\"@type\":\"Person\",\"@id\":\"https:\\\/\\\/www.caudete.org\\\/ayuntamiento\\\/#\\\/schema\\\/person\\\/cc646da9133078ee4d8dd47457947253\",\"name\":\"alcalde\",\"image\":{\"@type\":\"ImageObject\",\"inLanguage\":\"es\",\"@id\":\"https:\\\/\\\/secure.gravatar.com\\\/avatar\\\/84a817ba065b29ff08d666b215a215f5c79186a645ccb25b14a663d48a130f77?s=96&d=mm&r=g\",\"url\":\"https:\\\/\\\/secure.gravatar.com\\\/avatar\\\/84a817ba065b29ff08d666b215a215f5c79186a645ccb25b14a663d48a130f77?s=96&d=mm&r=g\",\"contentUrl\":\"https:\\\/\\\/secure.gravatar.com\\\/avatar\\\/84a817ba065b29ff08d666b215a215f5c79186a645ccb25b14a663d48a130f77?s=96&d=mm&r=g\",\"caption\":\"alcalde\"},\"url\":\"https:\\\/\\\/www.caudete.org\\\/ayuntamiento\\\/author\\\/alcalde\\\/\"}]}<\/script>\n<!-- \/ Yoast SEO plugin. -->","yoast_head_json":{"title":"Aprobada la Oferta de Empleo P\u00fablico 2022 - MI Ayuntamiento de Caudete","description":"P\u00e1gina Oficial del Ayuntamiento de Caudete (Albacete)","robots":{"index":"index","follow":"follow","max-snippet":"max-snippet:-1","max-image-preview":"max-image-preview:large","max-video-preview":"max-video-preview:-1"},"canonical":"https:\/\/www.caudete.org\/ayuntamiento\/aprobada-la-oferta-de-empleo-publico-2022\/","og_locale":"es_ES","og_type":"article","og_title":"Aprobada la Oferta de Empleo P\u00fablico 2022 - MI Ayuntamiento de Caudete","og_description":"P\u00e1gina Oficial del Ayuntamiento de Caudete (Albacete)","og_url":"https:\/\/www.caudete.org\/ayuntamiento\/aprobada-la-oferta-de-empleo-publico-2022\/","og_site_name":"MI Ayuntamiento de Caudete","article_publisher":"https:\/\/www.facebook.com\/ayuntamientocaudete\/","article_published_time":"2022-03-29T08:46:34+00:00","og_image":[{"width":1495,"height":794,"url":"https:\/\/www.caudete.org\/ayuntamiento\/wp-content\/uploads\/2022\/03\/OEP2022.jpg","type":"image\/jpeg"}],"author":"alcalde","twitter_card":"summary_large_image","twitter_misc":{"Escrito por":"alcalde","Tiempo de lectura":"1 minuto"},"schema":{"@context":"https:\/\/schema.org","@graph":[{"@type":"Article","@id":"https:\/\/www.caudete.org\/ayuntamiento\/aprobada-la-oferta-de-empleo-publico-2022\/#article","isPartOf":{"@id":"https:\/\/www.caudete.org\/ayuntamiento\/aprobada-la-oferta-de-empleo-publico-2022\/"},"author":{"name":"alcalde","@id":"https:\/\/www.caudete.org\/ayuntamiento\/#\/schema\/person\/cc646da9133078ee4d8dd47457947253"},"headline":"Aprobada la Oferta de Empleo P\u00fablico 2022","datePublished":"2022-03-29T08:46:34+00:00","mainEntityOfPage":{"@id":"https:\/\/www.caudete.org\/ayuntamiento\/aprobada-la-oferta-de-empleo-publico-2022\/"},"wordCount":220,"image":{"@id":"https:\/\/www.caudete.org\/ayuntamiento\/aprobada-la-oferta-de-empleo-publico-2022\/#primaryimage"},"thumbnailUrl":"https:\/\/www.caudete.org\/ayuntamiento\/wp-content\/uploads\/2022\/03\/OEP2022.jpg","articleSection":["Recursos Humanos"],"inLanguage":"es"},{"@type":"WebPage","@id":"https:\/\/www.caudete.org\/ayuntamiento\/aprobada-la-oferta-de-empleo-publico-2022\/","url":"https:\/\/www.caudete.org\/ayuntamiento\/aprobada-la-oferta-de-empleo-publico-2022\/","name":"Aprobada la Oferta de Empleo P\u00fablico 2022 - MI Ayuntamiento de Caudete","isPartOf":{"@id":"https:\/\/www.caudete.org\/ayuntamiento\/#website"},"primaryImageOfPage":{"@id":"https:\/\/www.caudete.org\/ayuntamiento\/aprobada-la-oferta-de-empleo-publico-2022\/#primaryimage"},"image":{"@id":"https:\/\/www.caudete.org\/ayuntamiento\/aprobada-la-oferta-de-empleo-publico-2022\/#primaryimage"},"thumbnailUrl":"https:\/\/www.caudete.org\/ayuntamiento\/wp-content\/uploads\/2022\/03\/OEP2022.jpg","datePublished":"2022-03-29T08:46:34+00:00","author":{"@id":"https:\/\/www.caudete.org\/ayuntamiento\/#\/schema\/person\/cc646da9133078ee4d8dd47457947253"},"description":"P\u00e1gina Oficial del Ayuntamiento de Caudete (Albacete)","breadcrumb":{"@id":"https:\/\/www.caudete.org\/ayuntamiento\/aprobada-la-oferta-de-empleo-publico-2022\/#breadcrumb"},"inLanguage":"es","potentialAction":[{"@type":"ReadAction","target":["https:\/\/www.caudete.org\/ayuntamiento\/aprobada-la-oferta-de-empleo-publico-2022\/"]}]},{"@type":"ImageObject","inLanguage":"es","@id":"https:\/\/www.caudete.org\/ayuntamiento\/aprobada-la-oferta-de-empleo-publico-2022\/#primaryimage","url":"https:\/\/www.caudete.org\/ayuntamiento\/wp-content\/uploads\/2022\/03\/OEP2022.jpg","contentUrl":"https:\/\/www.caudete.org\/ayuntamiento\/wp-content\/uploads\/2022\/03\/OEP2022.jpg","width":1495,"height":794},{"@type":"BreadcrumbList","@id":"https:\/\/www.caudete.org\/ayuntamiento\/aprobada-la-oferta-de-empleo-publico-2022\/#breadcrumb","itemListElement":[{"@type":"ListItem","position":1,"name":"Inicio","item":"https:\/\/www.caudete.org\/ayuntamiento\/"},{"@type":"ListItem","position":2,"name":"Aprobada la Oferta de Empleo P\u00fablico 2022"}]},{"@type":"WebSite","@id":"https:\/\/www.caudete.org\/ayuntamiento\/#website","url":"https:\/\/www.caudete.org\/ayuntamiento\/","name":"MI Ayuntamiento de Caudete","description":"P\u00e1gina Oficial del MI Ayuntamiento de Caudete","potentialAction":[{"@type":"SearchAction","target":{"@type":"EntryPoint","urlTemplate":"https:\/\/www.caudete.org\/ayuntamiento\/?s={search_term_string}"},"query-input":{"@type":"PropertyValueSpecification","valueRequired":true,"valueName":"search_term_string"}}],"inLanguage":"es"},{"@type":"Person","@id":"https:\/\/www.caudete.org\/ayuntamiento\/#\/schema\/person\/cc646da9133078ee4d8dd47457947253","name":"alcalde","image":{"@type":"ImageObject","inLanguage":"es","@id":"https:\/\/secure.gravatar.com\/avatar\/84a817ba065b29ff08d666b215a215f5c79186a645ccb25b14a663d48a130f77?s=96&d=mm&r=g","url":"https:\/\/secure.gravatar.com\/avatar\/84a817ba065b29ff08d666b215a215f5c79186a645ccb25b14a663d48a130f77?s=96&d=mm&r=g","contentUrl":"https:\/\/secure.gravatar.com\/avatar\/84a817ba065b29ff08d666b215a215f5c79186a645ccb25b14a663d48a130f77?s=96&d=mm&r=g","caption":"alcalde"},"url":"https:\/\/www.caudete.org\/ayuntamiento\/author\/alcalde\/"}]}},"_links":{"self":[{"href":"https:\/\/www.caudete.org\/ayuntamiento\/wp-json\/wp\/v2\/posts\/18594","targetHints":{"allow":["GET"]}}],"collection":[{"href":"https:\/\/www.caudete.org\/ayuntamiento\/wp-json\/wp\/v2\/posts"}],"about":[{"href":"https:\/\/www.caudete.org\/ayuntamiento\/wp-json\/wp\/v2\/types\/post"}],"author":[{"embeddable":true,"href":"https:\/\/www.caudete.org\/ayuntamiento\/wp-json\/wp\/v2\/users\/3"}],"replies":[{"embeddable":true,"href":"https:\/\/www.caudete.org\/ayuntamiento\/wp-json\/wp\/v2\/comments?post=18594"}],"version-history":[{"count":1,"href":"https:\/\/www.caudete.org\/ayuntamiento\/wp-json\/wp\/v2\/posts\/18594\/revisions"}],"predecessor-version":[{"id":18596,"href":"https:\/\/www.caudete.org\/ayuntamiento\/wp-json\/wp\/v2\/posts\/18594\/revisions\/18596"}],"wp:featuredmedia":[{"embeddable":true,"href":"https:\/\/www.caudete.org\/ayuntamiento\/wp-json\/wp\/v2\/media\/18595"}],"wp:attachment":[{"href":"https:\/\/www.caudete.org\/ayuntamiento\/wp-json\/wp\/v2\/media?parent=18594"}],"wp:term":[{"taxonomy":"category","embeddable":true,"href":"https:\/\/www.caudete.org\/ayuntamiento\/wp-json\/wp\/v2\/categories?post=18594"},{"taxonomy":"post_tag","embeddable":true,"href":"https:\/\/www.caudete.org\/ayuntamiento\/wp-json\/wp\/v2\/tags?post=18594"}],"curies":[{"name":"wp","href":"https:\/\/api.w.org\/{rel}","templated":true}]}}