{"id":18599,"date":"2022-03-31T18:13:23","date_gmt":"2022-03-31T16:13:23","guid":{"rendered":"https:\/\/www.caudete.org\/ayuntamiento\/?p=18599"},"modified":"2022-04-01T12:05:43","modified_gmt":"2022-04-01T10:05:43","slug":"recogida-del-premio-maria-moliner-2021","status":"publish","type":"post","link":"https:\/\/www.caudete.org\/ayuntamiento\/recogida-del-premio-maria-moliner-2021\/","title":{"rendered":"Recogida del  PREMIO MAR\u00cdA MOLINER 2021"},"content":{"rendered":"<p style=\"margin-bottom: 0.0001pt; line-height: normal; text-align: justify;\"><span style=\"font-family: georgia, palatino, serif; color: black;\">Ayer mi\u00e9rcoles, 30 de marzo en la sede de la FEMP en Madrid tuvo lugar el acto de entrega de los Premios Mar\u00eda Moliner 2021, contando con la participaci\u00f3n de Mois\u00e9s L\u00f3pez, Alcalde de Caudete, Luis Felipe Ba\u00f1\u00f3n, Concejal de Cultura y Mar\u00eda Jos\u00e9 Moreno, Directora de la Biblioteca. <\/span><\/p>\n<p style=\"margin-bottom: 0.0001pt; line-height: normal; text-align: justify;\"><span style=\"font-family: georgia, palatino, serif; color: black;\">El Premio &#8220;Mar\u00eda Moliner&#8221; se trata de un galard\u00f3n que premia el proyecto presentado desde nuestra Biblioteca P\u00fablica Municipal Ana Mar\u00eda Matute titulado <em>La Biblioteca de Caudete: una biblioteca Enred(ada) para ti. <\/em><\/span><\/p>\n<p style=\"margin-bottom: 0.0001pt; line-height: normal; text-align: justify;\"><span style=\"font-family: georgia, palatino, serif; color: black;\">Al acto asistieron representantes de las otras nueve bibliotecas premiadas en esta convocatoria con el premio de 10.000 euros, adem\u00e1s de representantes pol\u00edticos de la FEMP y del Ministerio de Cultura. <\/span><\/p>\n<p style=\"margin-bottom: 0.0001pt; line-height: normal; orphans: 2; widows: 2; text-align: justify;\"><span style=\"font-family: georgia, palatino, serif; color: black;\">Este premio reconoce el trabajo de la Biblioteca durante el a\u00f1o 2021 en cuanto a desarrollo de actividades, enredando a toda nuestra poblaci\u00f3n en propuestas presenciales y virtuales para hacer de la biblioteca y de la lectura, un punto de encuentro para todos nuestros vecinos. Un esfuerzo que nos ha llevado a trabajar duro, durante un a\u00f1o complicado y que ha merecido la pena, al obtener este reconocimiento a nuestra biblioteca y a la respuesta de nuestros usuarios que se han dejado enredar en cuantas actividades culturales les propon\u00edamos. <\/span><\/p>\n<p style=\"margin-bottom: 0.0001pt; line-height: normal; orphans: 2; widows: 2; text-align: justify;\"><span style=\"font-family: georgia, palatino, serif; color: black;\">Gracias a este premio se ha realizado una importante inversi\u00f3n, gestionando todas las peticiones de libros que nuestros usuarios, los centros educativos de la localidad y nuestros clubes de lectura nos han solicitado, adem\u00e1s de dotar a la instalaci\u00f3n de la Biblioteca de equipos inform\u00e1ticos y mobiliario nuevo. <\/span><\/p>\n<p style=\"margin-bottom: 0.0001pt; line-height: normal; orphans: 2; widows: 2; text-align: justify;\"><span style=\"font-family: georgia, palatino, serif; color: black;\">Desde la Biblioteca estamos enormemente orgullosos de este reconocimiento nacional e invitamos a nuestros usuarios a que sigan enred\u00e1ndose en la cultura. <\/span><\/p>\n<p style=\"margin-bottom: 0.0001pt; line-height: normal; orphans: 2; widows: 2; text-align: justify;\">\n","protected":false},"excerpt":{"rendered":"<p>Ayer mi\u00e9rcoles, 30 de marzo en la sede de la FEMP en Madrid tuvo lugar el acto de entrega de los Premios Mar\u00eda Moliner 2021, contando con la participaci\u00f3n de Mois\u00e9s L\u00f3pez, Alcalde de Caudete, Luis Felipe Ba\u00f1\u00f3n, Concejal de Cultura y Mar\u00eda Jos\u00e9 Moreno, Directora de la Biblioteca. El Premio &#8220;Mar\u00eda Moliner&#8221; se trata &hellip;<\/p>\n","protected":false},"author":2,"featured_media":18601,"comment_status":"closed","ping_status":"open","sticky":false,"template":"","format":"standard","meta":{"ngg_post_thumbnail":0,"footnotes":""},"categories":[14],"tags":[539,818],"class_list":["post-18599","post","type-post","status-publish","format-standard","has-post-thumbnail","hentry","category-cultura","tag-biblioteca-ana-maria-matute-de-caudete","tag-premio-maria-moliner"],"yoast_head":"<!-- This site is optimized with the Yoast SEO plugin v27.5 - https:\/\/yoast.com\/product\/yoast-seo-wordpress\/ -->\n<title>Recogida del PREMIO MAR\u00cdA MOLINER 2021 - MI Ayuntamiento de Caudete<\/title>\n<meta name=\"description\" content=\"P\u00e1gina Oficial del Ayuntamiento de Caudete (Albacete)\" \/>\n<meta name=\"robots\" content=\"index, follow, max-snippet:-1, max-image-preview:large, max-video-preview:-1\" \/>\n<link rel=\"canonical\" href=\"https:\/\/www.caudete.org\/ayuntamiento\/recogida-del-premio-maria-moliner-2021\/\" \/>\n<meta property=\"og:locale\" content=\"es_ES\" \/>\n<meta property=\"og:type\" content=\"article\" \/>\n<meta property=\"og:title\" content=\"Recogida del PREMIO MAR\u00cdA MOLINER 2021 - MI Ayuntamiento de Caudete\" \/>\n<meta property=\"og:description\" content=\"P\u00e1gina Oficial del Ayuntamiento de Caudete (Albacete)\" \/>\n<meta property=\"og:url\" content=\"https:\/\/www.caudete.org\/ayuntamiento\/recogida-del-premio-maria-moliner-2021\/\" \/>\n<meta property=\"og:site_name\" content=\"MI Ayuntamiento de Caudete\" \/>\n<meta property=\"article:publisher\" content=\"https:\/\/www.facebook.com\/ayuntamientocaudete\/\" \/>\n<meta property=\"article:published_time\" content=\"2022-03-31T16:13:23+00:00\" \/>\n<meta property=\"article:modified_time\" content=\"2022-04-01T10:05:43+00:00\" \/>\n<meta property=\"og:image\" content=\"https:\/\/www.caudete.org\/ayuntamiento\/wp-content\/uploads\/2022\/03\/Recogida-Premio-Maria-Moliner-WEB.jpg\" \/>\n\t<meta property=\"og:image:width\" content=\"864\" \/>\n\t<meta property=\"og:image:height\" content=\"380\" \/>\n\t<meta property=\"og:image:type\" content=\"image\/jpeg\" \/>\n<meta name=\"author\" content=\"Juan\" \/>\n<meta name=\"twitter:card\" content=\"summary_large_image\" \/>\n<meta name=\"twitter:label1\" content=\"Escrito por\" \/>\n\t<meta name=\"twitter:data1\" content=\"Juan\" \/>\n\t<meta name=\"twitter:label2\" content=\"Tiempo de lectura\" \/>\n\t<meta name=\"twitter:data2\" content=\"2 minutos\" \/>\n<script type=\"application\/ld+json\" class=\"yoast-schema-graph\">{\"@context\":\"https:\\\/\\\/schema.org\",\"@graph\":[{\"@type\":\"Article\",\"@id\":\"https:\\\/\\\/www.caudete.org\\\/ayuntamiento\\\/recogida-del-premio-maria-moliner-2021\\\/#article\",\"isPartOf\":{\"@id\":\"https:\\\/\\\/www.caudete.org\\\/ayuntamiento\\\/recogida-del-premio-maria-moliner-2021\\\/\"},\"author\":{\"name\":\"Juan\",\"@id\":\"https:\\\/\\\/www.caudete.org\\\/ayuntamiento\\\/#\\\/schema\\\/person\\\/7656a5bb58fca95b9814e940de0fda63\"},\"headline\":\"Recogida del PREMIO MAR\u00cdA MOLINER 2021\",\"datePublished\":\"2022-03-31T16:13:23+00:00\",\"dateModified\":\"2022-04-01T10:05:43+00:00\",\"mainEntityOfPage\":{\"@id\":\"https:\\\/\\\/www.caudete.org\\\/ayuntamiento\\\/recogida-del-premio-maria-moliner-2021\\\/\"},\"wordCount\":296,\"image\":{\"@id\":\"https:\\\/\\\/www.caudete.org\\\/ayuntamiento\\\/recogida-del-premio-maria-moliner-2021\\\/#primaryimage\"},\"thumbnailUrl\":\"https:\\\/\\\/www.caudete.org\\\/ayuntamiento\\\/wp-content\\\/uploads\\\/2022\\\/03\\\/Recogida-Premio-Maria-Moliner-WEB.jpg\",\"keywords\":[\"Biblioteca Ana Mar\u00eda Matute de Caudete\",\"Premio Mar\u00eda Moliner\"],\"articleSection\":[\"Cultura\"],\"inLanguage\":\"es\"},{\"@type\":\"WebPage\",\"@id\":\"https:\\\/\\\/www.caudete.org\\\/ayuntamiento\\\/recogida-del-premio-maria-moliner-2021\\\/\",\"url\":\"https:\\\/\\\/www.caudete.org\\\/ayuntamiento\\\/recogida-del-premio-maria-moliner-2021\\\/\",\"name\":\"Recogida del PREMIO MAR\u00cdA MOLINER 2021 - MI Ayuntamiento de Caudete\",\"isPartOf\":{\"@id\":\"https:\\\/\\\/www.caudete.org\\\/ayuntamiento\\\/#website\"},\"primaryImageOfPage\":{\"@id\":\"https:\\\/\\\/www.caudete.org\\\/ayuntamiento\\\/recogida-del-premio-maria-moliner-2021\\\/#primaryimage\"},\"image\":{\"@id\":\"https:\\\/\\\/www.caudete.org\\\/ayuntamiento\\\/recogida-del-premio-maria-moliner-2021\\\/#primaryimage\"},\"thumbnailUrl\":\"https:\\\/\\\/www.caudete.org\\\/ayuntamiento\\\/wp-content\\\/uploads\\\/2022\\\/03\\\/Recogida-Premio-Maria-Moliner-WEB.jpg\",\"datePublished\":\"2022-03-31T16:13:23+00:00\",\"dateModified\":\"2022-04-01T10:05:43+00:00\",\"author\":{\"@id\":\"https:\\\/\\\/www.caudete.org\\\/ayuntamiento\\\/#\\\/schema\\\/person\\\/7656a5bb58fca95b9814e940de0fda63\"},\"description\":\"P\u00e1gina Oficial del Ayuntamiento de Caudete (Albacete)\",\"breadcrumb\":{\"@id\":\"https:\\\/\\\/www.caudete.org\\\/ayuntamiento\\\/recogida-del-premio-maria-moliner-2021\\\/#breadcrumb\"},\"inLanguage\":\"es\",\"potentialAction\":[{\"@type\":\"ReadAction\",\"target\":[\"https:\\\/\\\/www.caudete.org\\\/ayuntamiento\\\/recogida-del-premio-maria-moliner-2021\\\/\"]}]},{\"@type\":\"ImageObject\",\"inLanguage\":\"es\",\"@id\":\"https:\\\/\\\/www.caudete.org\\\/ayuntamiento\\\/recogida-del-premio-maria-moliner-2021\\\/#primaryimage\",\"url\":\"https:\\\/\\\/www.caudete.org\\\/ayuntamiento\\\/wp-content\\\/uploads\\\/2022\\\/03\\\/Recogida-Premio-Maria-Moliner-WEB.jpg\",\"contentUrl\":\"https:\\\/\\\/www.caudete.org\\\/ayuntamiento\\\/wp-content\\\/uploads\\\/2022\\\/03\\\/Recogida-Premio-Maria-Moliner-WEB.jpg\",\"width\":864,\"height\":380},{\"@type\":\"BreadcrumbList\",\"@id\":\"https:\\\/\\\/www.caudete.org\\\/ayuntamiento\\\/recogida-del-premio-maria-moliner-2021\\\/#breadcrumb\",\"itemListElement\":[{\"@type\":\"ListItem\",\"position\":1,\"name\":\"Inicio\",\"item\":\"https:\\\/\\\/www.caudete.org\\\/ayuntamiento\\\/\"},{\"@type\":\"ListItem\",\"position\":2,\"name\":\"Recogida del PREMIO MAR\u00cdA MOLINER 2021\"}]},{\"@type\":\"WebSite\",\"@id\":\"https:\\\/\\\/www.caudete.org\\\/ayuntamiento\\\/#website\",\"url\":\"https:\\\/\\\/www.caudete.org\\\/ayuntamiento\\\/\",\"name\":\"MI Ayuntamiento de Caudete\",\"description\":\"P\u00e1gina Oficial del MI Ayuntamiento de Caudete\",\"potentialAction\":[{\"@type\":\"SearchAction\",\"target\":{\"@type\":\"EntryPoint\",\"urlTemplate\":\"https:\\\/\\\/www.caudete.org\\\/ayuntamiento\\\/?s={search_term_string}\"},\"query-input\":{\"@type\":\"PropertyValueSpecification\",\"valueRequired\":true,\"valueName\":\"search_term_string\"}}],\"inLanguage\":\"es\"},{\"@type\":\"Person\",\"@id\":\"https:\\\/\\\/www.caudete.org\\\/ayuntamiento\\\/#\\\/schema\\\/person\\\/7656a5bb58fca95b9814e940de0fda63\",\"name\":\"Juan\",\"image\":{\"@type\":\"ImageObject\",\"inLanguage\":\"es\",\"@id\":\"https:\\\/\\\/secure.gravatar.com\\\/avatar\\\/dd53e51c0cd6ab23f52d4f3e4f1c59730240727763de3dbbf26750b079a2c292?s=96&d=mm&r=g\",\"url\":\"https:\\\/\\\/secure.gravatar.com\\\/avatar\\\/dd53e51c0cd6ab23f52d4f3e4f1c59730240727763de3dbbf26750b079a2c292?s=96&d=mm&r=g\",\"contentUrl\":\"https:\\\/\\\/secure.gravatar.com\\\/avatar\\\/dd53e51c0cd6ab23f52d4f3e4f1c59730240727763de3dbbf26750b079a2c292?s=96&d=mm&r=g\",\"caption\":\"Juan\"},\"url\":\"https:\\\/\\\/www.caudete.org\\\/ayuntamiento\\\/author\\\/centrodeinternet\\\/\"}]}<\/script>\n<!-- \/ Yoast SEO plugin. -->","yoast_head_json":{"title":"Recogida del PREMIO MAR\u00cdA MOLINER 2021 - MI Ayuntamiento de Caudete","description":"P\u00e1gina Oficial del Ayuntamiento de Caudete (Albacete)","robots":{"index":"index","follow":"follow","max-snippet":"max-snippet:-1","max-image-preview":"max-image-preview:large","max-video-preview":"max-video-preview:-1"},"canonical":"https:\/\/www.caudete.org\/ayuntamiento\/recogida-del-premio-maria-moliner-2021\/","og_locale":"es_ES","og_type":"article","og_title":"Recogida del PREMIO MAR\u00cdA MOLINER 2021 - MI Ayuntamiento de Caudete","og_description":"P\u00e1gina Oficial del Ayuntamiento de Caudete (Albacete)","og_url":"https:\/\/www.caudete.org\/ayuntamiento\/recogida-del-premio-maria-moliner-2021\/","og_site_name":"MI Ayuntamiento de Caudete","article_publisher":"https:\/\/www.facebook.com\/ayuntamientocaudete\/","article_published_time":"2022-03-31T16:13:23+00:00","article_modified_time":"2022-04-01T10:05:43+00:00","og_image":[{"width":864,"height":380,"url":"https:\/\/www.caudete.org\/ayuntamiento\/wp-content\/uploads\/2022\/03\/Recogida-Premio-Maria-Moliner-WEB.jpg","type":"image\/jpeg"}],"author":"Juan","twitter_card":"summary_large_image","twitter_misc":{"Escrito por":"Juan","Tiempo de lectura":"2 minutos"},"schema":{"@context":"https:\/\/schema.org","@graph":[{"@type":"Article","@id":"https:\/\/www.caudete.org\/ayuntamiento\/recogida-del-premio-maria-moliner-2021\/#article","isPartOf":{"@id":"https:\/\/www.caudete.org\/ayuntamiento\/recogida-del-premio-maria-moliner-2021\/"},"author":{"name":"Juan","@id":"https:\/\/www.caudete.org\/ayuntamiento\/#\/schema\/person\/7656a5bb58fca95b9814e940de0fda63"},"headline":"Recogida del PREMIO MAR\u00cdA MOLINER 2021","datePublished":"2022-03-31T16:13:23+00:00","dateModified":"2022-04-01T10:05:43+00:00","mainEntityOfPage":{"@id":"https:\/\/www.caudete.org\/ayuntamiento\/recogida-del-premio-maria-moliner-2021\/"},"wordCount":296,"image":{"@id":"https:\/\/www.caudete.org\/ayuntamiento\/recogida-del-premio-maria-moliner-2021\/#primaryimage"},"thumbnailUrl":"https:\/\/www.caudete.org\/ayuntamiento\/wp-content\/uploads\/2022\/03\/Recogida-Premio-Maria-Moliner-WEB.jpg","keywords":["Biblioteca Ana Mar\u00eda Matute de Caudete","Premio Mar\u00eda Moliner"],"articleSection":["Cultura"],"inLanguage":"es"},{"@type":"WebPage","@id":"https:\/\/www.caudete.org\/ayuntamiento\/recogida-del-premio-maria-moliner-2021\/","url":"https:\/\/www.caudete.org\/ayuntamiento\/recogida-del-premio-maria-moliner-2021\/","name":"Recogida del PREMIO MAR\u00cdA MOLINER 2021 - MI Ayuntamiento de Caudete","isPartOf":{"@id":"https:\/\/www.caudete.org\/ayuntamiento\/#website"},"primaryImageOfPage":{"@id":"https:\/\/www.caudete.org\/ayuntamiento\/recogida-del-premio-maria-moliner-2021\/#primaryimage"},"image":{"@id":"https:\/\/www.caudete.org\/ayuntamiento\/recogida-del-premio-maria-moliner-2021\/#primaryimage"},"thumbnailUrl":"https:\/\/www.caudete.org\/ayuntamiento\/wp-content\/uploads\/2022\/03\/Recogida-Premio-Maria-Moliner-WEB.jpg","datePublished":"2022-03-31T16:13:23+00:00","dateModified":"2022-04-01T10:05:43+00:00","author":{"@id":"https:\/\/www.caudete.org\/ayuntamiento\/#\/schema\/person\/7656a5bb58fca95b9814e940de0fda63"},"description":"P\u00e1gina Oficial del Ayuntamiento de Caudete (Albacete)","breadcrumb":{"@id":"https:\/\/www.caudete.org\/ayuntamiento\/recogida-del-premio-maria-moliner-2021\/#breadcrumb"},"inLanguage":"es","potentialAction":[{"@type":"ReadAction","target":["https:\/\/www.caudete.org\/ayuntamiento\/recogida-del-premio-maria-moliner-2021\/"]}]},{"@type":"ImageObject","inLanguage":"es","@id":"https:\/\/www.caudete.org\/ayuntamiento\/recogida-del-premio-maria-moliner-2021\/#primaryimage","url":"https:\/\/www.caudete.org\/ayuntamiento\/wp-content\/uploads\/2022\/03\/Recogida-Premio-Maria-Moliner-WEB.jpg","contentUrl":"https:\/\/www.caudete.org\/ayuntamiento\/wp-content\/uploads\/2022\/03\/Recogida-Premio-Maria-Moliner-WEB.jpg","width":864,"height":380},{"@type":"BreadcrumbList","@id":"https:\/\/www.caudete.org\/ayuntamiento\/recogida-del-premio-maria-moliner-2021\/#breadcrumb","itemListElement":[{"@type":"ListItem","position":1,"name":"Inicio","item":"https:\/\/www.caudete.org\/ayuntamiento\/"},{"@type":"ListItem","position":2,"name":"Recogida del PREMIO MAR\u00cdA MOLINER 2021"}]},{"@type":"WebSite","@id":"https:\/\/www.caudete.org\/ayuntamiento\/#website","url":"https:\/\/www.caudete.org\/ayuntamiento\/","name":"MI Ayuntamiento de Caudete","description":"P\u00e1gina Oficial del MI Ayuntamiento de Caudete","potentialAction":[{"@type":"SearchAction","target":{"@type":"EntryPoint","urlTemplate":"https:\/\/www.caudete.org\/ayuntamiento\/?s={search_term_string}"},"query-input":{"@type":"PropertyValueSpecification","valueRequired":true,"valueName":"search_term_string"}}],"inLanguage":"es"},{"@type":"Person","@id":"https:\/\/www.caudete.org\/ayuntamiento\/#\/schema\/person\/7656a5bb58fca95b9814e940de0fda63","name":"Juan","image":{"@type":"ImageObject","inLanguage":"es","@id":"https:\/\/secure.gravatar.com\/avatar\/dd53e51c0cd6ab23f52d4f3e4f1c59730240727763de3dbbf26750b079a2c292?s=96&d=mm&r=g","url":"https:\/\/secure.gravatar.com\/avatar\/dd53e51c0cd6ab23f52d4f3e4f1c59730240727763de3dbbf26750b079a2c292?s=96&d=mm&r=g","contentUrl":"https:\/\/secure.gravatar.com\/avatar\/dd53e51c0cd6ab23f52d4f3e4f1c59730240727763de3dbbf26750b079a2c292?s=96&d=mm&r=g","caption":"Juan"},"url":"https:\/\/www.caudete.org\/ayuntamiento\/author\/centrodeinternet\/"}]}},"_links":{"self":[{"href":"https:\/\/www.caudete.org\/ayuntamiento\/wp-json\/wp\/v2\/posts\/18599","targetHints":{"allow":["GET"]}}],"collection":[{"href":"https:\/\/www.caudete.org\/ayuntamiento\/wp-json\/wp\/v2\/posts"}],"about":[{"href":"https:\/\/www.caudete.org\/ayuntamiento\/wp-json\/wp\/v2\/types\/post"}],"author":[{"embeddable":true,"href":"https:\/\/www.caudete.org\/ayuntamiento\/wp-json\/wp\/v2\/users\/2"}],"replies":[{"embeddable":true,"href":"https:\/\/www.caudete.org\/ayuntamiento\/wp-json\/wp\/v2\/comments?post=18599"}],"version-history":[{"count":6,"href":"https:\/\/www.caudete.org\/ayuntamiento\/wp-json\/wp\/v2\/posts\/18599\/revisions"}],"predecessor-version":[{"id":18606,"href":"https:\/\/www.caudete.org\/ayuntamiento\/wp-json\/wp\/v2\/posts\/18599\/revisions\/18606"}],"wp:featuredmedia":[{"embeddable":true,"href":"https:\/\/www.caudete.org\/ayuntamiento\/wp-json\/wp\/v2\/media\/18601"}],"wp:attachment":[{"href":"https:\/\/www.caudete.org\/ayuntamiento\/wp-json\/wp\/v2\/media?parent=18599"}],"wp:term":[{"taxonomy":"category","embeddable":true,"href":"https:\/\/www.caudete.org\/ayuntamiento\/wp-json\/wp\/v2\/categories?post=18599"},{"taxonomy":"post_tag","embeddable":true,"href":"https:\/\/www.caudete.org\/ayuntamiento\/wp-json\/wp\/v2\/tags?post=18599"}],"curies":[{"name":"wp","href":"https:\/\/api.w.org\/{rel}","templated":true}]}}