{"id":18607,"date":"2022-04-01T18:02:01","date_gmt":"2022-04-01T16:02:01","guid":{"rendered":"https:\/\/www.caudete.org\/ayuntamiento\/?p=18607"},"modified":"2022-04-01T18:02:01","modified_gmt":"2022-04-01T16:02:01","slug":"autorizada-la-acampada-en-la-toconera-para-las-proximas-pascuas","status":"publish","type":"post","link":"https:\/\/www.caudete.org\/ayuntamiento\/autorizada-la-acampada-en-la-toconera-para-las-proximas-pascuas\/","title":{"rendered":"Autorizada la acampada en LA TOCONERA para las pr\u00f3ximas Pascuas"},"content":{"rendered":"<p style=\"text-align: justify;\">Hace unos d\u00edas el Alcalde ya adelantaba que durante las pr\u00f3ximas Pascuas se podr\u00e1 volver tanto a acampar en &#8220;La Toconera&#8221;, como usar de merendero.<\/p>\n<p style=\"text-align: justify;\">Una vez organizado todo el dispositivo, esta ma\u00f1ana se ha procedido a firmar la Resoluci\u00f3n que permite autorizar dicho uso, de forma que desde el pr\u00f3ximo lunes, y una vez rubricado el Bando Municipal realizado al efecto, todo interesado podr\u00e1 solicitar permiso municipal para &#8220;<em>disfrutar de unos d\u00edas en compa\u00f1\u00eda de familiares y amigos en un espacio natural entra\u00f1able, orgullo y pulm\u00f3n de Caudete<\/em>&#8221; matizaba el Alcalde.<\/p>\n<p style=\"text-align: justify;\">Como es tradici\u00f3n, la acampada se establece en la zona denominada \u201cPrimera Fuente\u201d del jueves 14 de abril hasta el lunes 18 de abril (ambos inclusive), no permiti\u00e9ndose la acampada con caravanas.<\/p>\n<p style=\"text-align: justify;\">Respecto al <strong>uso de la Barbacoa<\/strong>, tan solo se puede usar la ubicada en la zona de acampada, en la &#8220;Primera Fuente&#8221;, empleando preferentemente carb\u00f3n comercial o cocinas de gas.<\/p>\n<p style=\"text-align: justify;\">El horario de uso de la barbacoa: de 10:00 a 11:30 horas de la ma\u00f1ana y de 13.00 a 16:15 horas.<\/p>\n<p style=\"text-align: justify;\">Para <strong>Merendero<\/strong>, se autoriza, previa solicitud, las zonas de \u201cPrimera Fuente\u201d y \u201cCharca De Los Patos\u201d.<\/p>\n<p style=\"text-align: justify;\"><strong>Para poder solicitar permiso, se ha de tener en cuenta lo siguiente:<\/strong><\/p>\n<p style=\"text-align: justify;\">&#8211; Para la acampada, se deber\u00e1 hacer solicitud por escrito y presentarla en el Ayuntamiento, hasta el d\u00eda anterior de acampar. El solicitante deber\u00e1 ser mayor de edad y deber\u00e1 aportar fotocopia del DNI o del correspondiente documento de identificaci\u00f3n. A estos efectos, el Ayuntamiento facilitar\u00e1 un modelo de solicitud.<\/p>\n<p style=\"text-align: justify;\">&#8211; Para el uso de las zonas destinadas a \u201cmerendero\u201d, el usuario deber\u00e1 ponerlo en conocimiento de la Polic\u00eda Local, presentando, por escrito, la solicitud, seg\u00fan modelo facilitado por el Ayuntamiento, una vez acceda al paraje. A estos efectos, se facilitar\u00e1 un modelo de solicitud en el Ayuntamiento o Polic\u00eda Local.<\/p>\n<p style=\"text-align: justify;\"><strong>Las instrucciones de uso siguientes para la zona denominada \u201cPrimera Fuente\u201d, <\/strong>del jueves, 14 de abril al lunes, 28 de abril (ambos inclusive):<\/p>\n<p style=\"text-align: justify;\">\uf0b7 Podr\u00e1n hacer uso de la zona de acampada: de las 9.00 de la ma\u00f1ana del jueves 14 de abril a las 20.00 horas del lunes 18 de abril.<\/p>\n<p style=\"text-align: justify;\">\uf0b7 Podr\u00e1n hacer uso de la zona de merendero: de las 9.00 de la ma\u00f1ana del jueves 14 de abril a las 22.00 horas del lunes 18 de abril.<\/p>\n<p style=\"text-align: justify;\">\uf0b7 No se podr\u00e1 hacer fuego en la zona de acampada, mediante ning\u00fan sistema de combusti\u00f3n (estufas, butano, campig-gas, le\u00f1a, etc).<\/p>\n<p style=\"text-align: justify;\">\uf0b7 \u00danicamente, se podr\u00e1 realizar fuego en la barbacoa, que estar\u00e1 debidamente se\u00f1alizada, y siempre que se cumpla con el condicionado t\u00e9cnico emitido el 21-03-2022, por la Delegaci\u00f3n Provincial de la Consejer\u00eda de Desarrollo Sostenible en Albacete y en base al cual se indica<br \/>\nque:<br \/>\n<em>&#8211; Las hogueras ser\u00e1n de peque\u00f1o tama\u00f1o, avivando el fuego de forma gradual evitando la formaci\u00f3n de grandes llamas, con vigilancia constante para extinci\u00f3n de posibles escapes.<\/em><\/p>\n<p style=\"text-align: justify;\"><em>&#8211; El fuego en la barbacoa, se realizar\u00e1n EN AUSENCIA DE VIENTO, debiendo ser apagadas cuando la velocidad del viento supere los 20 km\/h., no inici\u00e1ndolas antes de salir el sol y darlas por terminadas y totalmente apagadas dos horas antes del ocaso, debiendo permanecer, en todo momento, personal junto a las hogueras hasta su total extinci\u00f3n.<\/em><\/p>\n<p style=\"text-align: justify;\"><em>&#8211; Se atender\u00e1 la normativa medio ambiental vigente y en concreto la legislaci\u00f3n de incendios forestales y la Orden de 16\/05\/2006, de la Consejer\u00eda de Medio Ambiente y Desarrollo Rural,<\/em><br \/>\n<em>por la que se regulan las campa\u00f1as de prevenci\u00f3n de incendios forestales y el Decreto 63\/2006, del uso recreativo, la acampada y la circulaci\u00f3n de veh\u00edculos.<\/em><\/p>\n<p style=\"text-align: justify;\"><strong>Las instrucciones de uso siguientes de la zona habilitada como merendero y<\/strong> <strong>denominada \u201cCharca de los patos\u201d<\/strong>, del jueves, 14 de abril al lunes, 18 de abril (ambos inclusive), y para la zona denominada \u201cPrimera Fuente\u201d, del s\u00e1bado, 23 de abril al lunes 25 de abril (ambos inclusive):<\/p>\n<p style=\"text-align: justify;\">\uf0b7 No se podr\u00e1 hacer uso de la barbacoa existente en dicha zona.<\/p>\n<p style=\"text-align: justify;\">\uf0b7 Se deber\u00e1n dejar los veh\u00edculos en los aparcamientos habilitados en su proximidades.<\/p>\n<p style=\"text-align: justify;\">\uf0b7 Se deber\u00e1 dejar la zona recogida y limpia antes de las 22.00 horas no pudiendo dejar, elementos fijos como sombrillas, toldos, etc&#8230;.. para d\u00edas posteriores.<\/p>\n<p style=\"text-align: justify;\"><strong>Los veh\u00edculos<\/strong> aparcar\u00e1n en las zonas se\u00f1alizadas, no pudiendo circular por las zonas restringidas al tr\u00e1fico. No se permitir\u00e1 el estacionamiento fuera de las zonas habilitadas como aparcamiento.<\/p>\n<p style=\"text-align: justify;\">Adem\u00e1s, se recuerda que <strong>el agua de las fuentes NO es potable<\/strong>. Esta permitido su uso para limpieza recordando que no hay que ensuciar el entorno y no se puede fregar dentro de ellas.<\/p>\n<p style=\"text-align: justify;\">Igualmente, se incide en la <strong>prohibici\u00f3n de uso de grupos electr\u00f3genos, de aparatos de m\u00fasica a gran volumen<\/strong> y cualquier otra actividad que perturbe la tranquilidad del lugar.<\/p>\n","protected":false},"excerpt":{"rendered":"<p>Hace unos d\u00edas el Alcalde ya adelantaba que durante las pr\u00f3ximas Pascuas se podr\u00e1 volver tanto a acampar en &#8220;La Toconera&#8221;, como usar de merendero. Una vez organizado todo el dispositivo, esta ma\u00f1ana se ha procedido a firmar la Resoluci\u00f3n que permite autorizar dicho uso, de forma que desde el pr\u00f3ximo lunes, y una vez &hellip;<\/p>\n","protected":false},"author":3,"featured_media":18608,"comment_status":"closed","ping_status":"open","sticky":false,"template":"","format":"standard","meta":{"ngg_post_thumbnail":0,"footnotes":""},"categories":[29],"tags":[],"class_list":["post-18607","post","type-post","status-publish","format-standard","has-post-thumbnail","hentry","category-medio-ambiente"],"yoast_head":"<!-- This site is optimized with the Yoast SEO plugin v27.5 - https:\/\/yoast.com\/product\/yoast-seo-wordpress\/ -->\n<title>Autorizada la acampada en LA TOCONERA para las pr\u00f3ximas Pascuas - MI Ayuntamiento de Caudete<\/title>\n<meta name=\"description\" content=\"P\u00e1gina Oficial del Ayuntamiento de Caudete (Albacete)\" \/>\n<meta name=\"robots\" content=\"index, follow, max-snippet:-1, max-image-preview:large, max-video-preview:-1\" \/>\n<link rel=\"canonical\" href=\"https:\/\/www.caudete.org\/ayuntamiento\/autorizada-la-acampada-en-la-toconera-para-las-proximas-pascuas\/\" \/>\n<meta property=\"og:locale\" content=\"es_ES\" \/>\n<meta property=\"og:type\" content=\"article\" \/>\n<meta property=\"og:title\" content=\"Autorizada la acampada en LA TOCONERA para las pr\u00f3ximas Pascuas - MI Ayuntamiento de Caudete\" \/>\n<meta property=\"og:description\" content=\"P\u00e1gina Oficial del Ayuntamiento de Caudete (Albacete)\" \/>\n<meta property=\"og:url\" content=\"https:\/\/www.caudete.org\/ayuntamiento\/autorizada-la-acampada-en-la-toconera-para-las-proximas-pascuas\/\" \/>\n<meta property=\"og:site_name\" content=\"MI Ayuntamiento de Caudete\" \/>\n<meta property=\"article:publisher\" content=\"https:\/\/www.facebook.com\/ayuntamientocaudete\/\" \/>\n<meta property=\"article:published_time\" content=\"2022-04-01T16:02:01+00:00\" \/>\n<meta property=\"og:image\" content=\"https:\/\/www.caudete.org\/ayuntamiento\/wp-content\/uploads\/2022\/04\/13058884.jpg\" \/>\n\t<meta property=\"og:image:width\" content=\"700\" \/>\n\t<meta property=\"og:image:height\" content=\"457\" \/>\n\t<meta property=\"og:image:type\" content=\"image\/jpeg\" \/>\n<meta name=\"author\" content=\"alcalde\" \/>\n<meta name=\"twitter:card\" content=\"summary_large_image\" \/>\n<meta name=\"twitter:label1\" content=\"Escrito por\" \/>\n\t<meta name=\"twitter:data1\" content=\"alcalde\" \/>\n\t<meta name=\"twitter:label2\" content=\"Tiempo de lectura\" \/>\n\t<meta name=\"twitter:data2\" content=\"4 minutos\" \/>\n<script type=\"application\/ld+json\" class=\"yoast-schema-graph\">{\"@context\":\"https:\\\/\\\/schema.org\",\"@graph\":[{\"@type\":\"Article\",\"@id\":\"https:\\\/\\\/www.caudete.org\\\/ayuntamiento\\\/autorizada-la-acampada-en-la-toconera-para-las-proximas-pascuas\\\/#article\",\"isPartOf\":{\"@id\":\"https:\\\/\\\/www.caudete.org\\\/ayuntamiento\\\/autorizada-la-acampada-en-la-toconera-para-las-proximas-pascuas\\\/\"},\"author\":{\"name\":\"alcalde\",\"@id\":\"https:\\\/\\\/www.caudete.org\\\/ayuntamiento\\\/#\\\/schema\\\/person\\\/cc646da9133078ee4d8dd47457947253\"},\"headline\":\"Autorizada la acampada en LA TOCONERA para las pr\u00f3ximas Pascuas\",\"datePublished\":\"2022-04-01T16:02:01+00:00\",\"mainEntityOfPage\":{\"@id\":\"https:\\\/\\\/www.caudete.org\\\/ayuntamiento\\\/autorizada-la-acampada-en-la-toconera-para-las-proximas-pascuas\\\/\"},\"wordCount\":818,\"image\":{\"@id\":\"https:\\\/\\\/www.caudete.org\\\/ayuntamiento\\\/autorizada-la-acampada-en-la-toconera-para-las-proximas-pascuas\\\/#primaryimage\"},\"thumbnailUrl\":\"https:\\\/\\\/www.caudete.org\\\/ayuntamiento\\\/wp-content\\\/uploads\\\/2022\\\/04\\\/13058884.jpg\",\"articleSection\":[\"Medio Ambiente\"],\"inLanguage\":\"es\"},{\"@type\":\"WebPage\",\"@id\":\"https:\\\/\\\/www.caudete.org\\\/ayuntamiento\\\/autorizada-la-acampada-en-la-toconera-para-las-proximas-pascuas\\\/\",\"url\":\"https:\\\/\\\/www.caudete.org\\\/ayuntamiento\\\/autorizada-la-acampada-en-la-toconera-para-las-proximas-pascuas\\\/\",\"name\":\"Autorizada la acampada en LA TOCONERA para las pr\u00f3ximas Pascuas - MI Ayuntamiento de Caudete\",\"isPartOf\":{\"@id\":\"https:\\\/\\\/www.caudete.org\\\/ayuntamiento\\\/#website\"},\"primaryImageOfPage\":{\"@id\":\"https:\\\/\\\/www.caudete.org\\\/ayuntamiento\\\/autorizada-la-acampada-en-la-toconera-para-las-proximas-pascuas\\\/#primaryimage\"},\"image\":{\"@id\":\"https:\\\/\\\/www.caudete.org\\\/ayuntamiento\\\/autorizada-la-acampada-en-la-toconera-para-las-proximas-pascuas\\\/#primaryimage\"},\"thumbnailUrl\":\"https:\\\/\\\/www.caudete.org\\\/ayuntamiento\\\/wp-content\\\/uploads\\\/2022\\\/04\\\/13058884.jpg\",\"datePublished\":\"2022-04-01T16:02:01+00:00\",\"author\":{\"@id\":\"https:\\\/\\\/www.caudete.org\\\/ayuntamiento\\\/#\\\/schema\\\/person\\\/cc646da9133078ee4d8dd47457947253\"},\"description\":\"P\u00e1gina Oficial del Ayuntamiento de Caudete (Albacete)\",\"breadcrumb\":{\"@id\":\"https:\\\/\\\/www.caudete.org\\\/ayuntamiento\\\/autorizada-la-acampada-en-la-toconera-para-las-proximas-pascuas\\\/#breadcrumb\"},\"inLanguage\":\"es\",\"potentialAction\":[{\"@type\":\"ReadAction\",\"target\":[\"https:\\\/\\\/www.caudete.org\\\/ayuntamiento\\\/autorizada-la-acampada-en-la-toconera-para-las-proximas-pascuas\\\/\"]}]},{\"@type\":\"ImageObject\",\"inLanguage\":\"es\",\"@id\":\"https:\\\/\\\/www.caudete.org\\\/ayuntamiento\\\/autorizada-la-acampada-en-la-toconera-para-las-proximas-pascuas\\\/#primaryimage\",\"url\":\"https:\\\/\\\/www.caudete.org\\\/ayuntamiento\\\/wp-content\\\/uploads\\\/2022\\\/04\\\/13058884.jpg\",\"contentUrl\":\"https:\\\/\\\/www.caudete.org\\\/ayuntamiento\\\/wp-content\\\/uploads\\\/2022\\\/04\\\/13058884.jpg\",\"width\":700,\"height\":457},{\"@type\":\"BreadcrumbList\",\"@id\":\"https:\\\/\\\/www.caudete.org\\\/ayuntamiento\\\/autorizada-la-acampada-en-la-toconera-para-las-proximas-pascuas\\\/#breadcrumb\",\"itemListElement\":[{\"@type\":\"ListItem\",\"position\":1,\"name\":\"Inicio\",\"item\":\"https:\\\/\\\/www.caudete.org\\\/ayuntamiento\\\/\"},{\"@type\":\"ListItem\",\"position\":2,\"name\":\"Autorizada la acampada en LA TOCONERA para las pr\u00f3ximas Pascuas\"}]},{\"@type\":\"WebSite\",\"@id\":\"https:\\\/\\\/www.caudete.org\\\/ayuntamiento\\\/#website\",\"url\":\"https:\\\/\\\/www.caudete.org\\\/ayuntamiento\\\/\",\"name\":\"MI Ayuntamiento de Caudete\",\"description\":\"P\u00e1gina Oficial del MI Ayuntamiento de Caudete\",\"potentialAction\":[{\"@type\":\"SearchAction\",\"target\":{\"@type\":\"EntryPoint\",\"urlTemplate\":\"https:\\\/\\\/www.caudete.org\\\/ayuntamiento\\\/?s={search_term_string}\"},\"query-input\":{\"@type\":\"PropertyValueSpecification\",\"valueRequired\":true,\"valueName\":\"search_term_string\"}}],\"inLanguage\":\"es\"},{\"@type\":\"Person\",\"@id\":\"https:\\\/\\\/www.caudete.org\\\/ayuntamiento\\\/#\\\/schema\\\/person\\\/cc646da9133078ee4d8dd47457947253\",\"name\":\"alcalde\",\"image\":{\"@type\":\"ImageObject\",\"inLanguage\":\"es\",\"@id\":\"https:\\\/\\\/secure.gravatar.com\\\/avatar\\\/84a817ba065b29ff08d666b215a215f5c79186a645ccb25b14a663d48a130f77?s=96&d=mm&r=g\",\"url\":\"https:\\\/\\\/secure.gravatar.com\\\/avatar\\\/84a817ba065b29ff08d666b215a215f5c79186a645ccb25b14a663d48a130f77?s=96&d=mm&r=g\",\"contentUrl\":\"https:\\\/\\\/secure.gravatar.com\\\/avatar\\\/84a817ba065b29ff08d666b215a215f5c79186a645ccb25b14a663d48a130f77?s=96&d=mm&r=g\",\"caption\":\"alcalde\"},\"url\":\"https:\\\/\\\/www.caudete.org\\\/ayuntamiento\\\/author\\\/alcalde\\\/\"}]}<\/script>\n<!-- \/ Yoast SEO plugin. -->","yoast_head_json":{"title":"Autorizada la acampada en LA TOCONERA para las pr\u00f3ximas Pascuas - MI Ayuntamiento de Caudete","description":"P\u00e1gina Oficial del Ayuntamiento de Caudete (Albacete)","robots":{"index":"index","follow":"follow","max-snippet":"max-snippet:-1","max-image-preview":"max-image-preview:large","max-video-preview":"max-video-preview:-1"},"canonical":"https:\/\/www.caudete.org\/ayuntamiento\/autorizada-la-acampada-en-la-toconera-para-las-proximas-pascuas\/","og_locale":"es_ES","og_type":"article","og_title":"Autorizada la acampada en LA TOCONERA para las pr\u00f3ximas Pascuas - MI Ayuntamiento de Caudete","og_description":"P\u00e1gina Oficial del Ayuntamiento de Caudete (Albacete)","og_url":"https:\/\/www.caudete.org\/ayuntamiento\/autorizada-la-acampada-en-la-toconera-para-las-proximas-pascuas\/","og_site_name":"MI Ayuntamiento de Caudete","article_publisher":"https:\/\/www.facebook.com\/ayuntamientocaudete\/","article_published_time":"2022-04-01T16:02:01+00:00","og_image":[{"width":700,"height":457,"url":"https:\/\/www.caudete.org\/ayuntamiento\/wp-content\/uploads\/2022\/04\/13058884.jpg","type":"image\/jpeg"}],"author":"alcalde","twitter_card":"summary_large_image","twitter_misc":{"Escrito por":"alcalde","Tiempo de lectura":"4 minutos"},"schema":{"@context":"https:\/\/schema.org","@graph":[{"@type":"Article","@id":"https:\/\/www.caudete.org\/ayuntamiento\/autorizada-la-acampada-en-la-toconera-para-las-proximas-pascuas\/#article","isPartOf":{"@id":"https:\/\/www.caudete.org\/ayuntamiento\/autorizada-la-acampada-en-la-toconera-para-las-proximas-pascuas\/"},"author":{"name":"alcalde","@id":"https:\/\/www.caudete.org\/ayuntamiento\/#\/schema\/person\/cc646da9133078ee4d8dd47457947253"},"headline":"Autorizada la acampada en LA TOCONERA para las pr\u00f3ximas Pascuas","datePublished":"2022-04-01T16:02:01+00:00","mainEntityOfPage":{"@id":"https:\/\/www.caudete.org\/ayuntamiento\/autorizada-la-acampada-en-la-toconera-para-las-proximas-pascuas\/"},"wordCount":818,"image":{"@id":"https:\/\/www.caudete.org\/ayuntamiento\/autorizada-la-acampada-en-la-toconera-para-las-proximas-pascuas\/#primaryimage"},"thumbnailUrl":"https:\/\/www.caudete.org\/ayuntamiento\/wp-content\/uploads\/2022\/04\/13058884.jpg","articleSection":["Medio Ambiente"],"inLanguage":"es"},{"@type":"WebPage","@id":"https:\/\/www.caudete.org\/ayuntamiento\/autorizada-la-acampada-en-la-toconera-para-las-proximas-pascuas\/","url":"https:\/\/www.caudete.org\/ayuntamiento\/autorizada-la-acampada-en-la-toconera-para-las-proximas-pascuas\/","name":"Autorizada la acampada en LA TOCONERA para las pr\u00f3ximas Pascuas - MI Ayuntamiento de Caudete","isPartOf":{"@id":"https:\/\/www.caudete.org\/ayuntamiento\/#website"},"primaryImageOfPage":{"@id":"https:\/\/www.caudete.org\/ayuntamiento\/autorizada-la-acampada-en-la-toconera-para-las-proximas-pascuas\/#primaryimage"},"image":{"@id":"https:\/\/www.caudete.org\/ayuntamiento\/autorizada-la-acampada-en-la-toconera-para-las-proximas-pascuas\/#primaryimage"},"thumbnailUrl":"https:\/\/www.caudete.org\/ayuntamiento\/wp-content\/uploads\/2022\/04\/13058884.jpg","datePublished":"2022-04-01T16:02:01+00:00","author":{"@id":"https:\/\/www.caudete.org\/ayuntamiento\/#\/schema\/person\/cc646da9133078ee4d8dd47457947253"},"description":"P\u00e1gina Oficial del Ayuntamiento de Caudete (Albacete)","breadcrumb":{"@id":"https:\/\/www.caudete.org\/ayuntamiento\/autorizada-la-acampada-en-la-toconera-para-las-proximas-pascuas\/#breadcrumb"},"inLanguage":"es","potentialAction":[{"@type":"ReadAction","target":["https:\/\/www.caudete.org\/ayuntamiento\/autorizada-la-acampada-en-la-toconera-para-las-proximas-pascuas\/"]}]},{"@type":"ImageObject","inLanguage":"es","@id":"https:\/\/www.caudete.org\/ayuntamiento\/autorizada-la-acampada-en-la-toconera-para-las-proximas-pascuas\/#primaryimage","url":"https:\/\/www.caudete.org\/ayuntamiento\/wp-content\/uploads\/2022\/04\/13058884.jpg","contentUrl":"https:\/\/www.caudete.org\/ayuntamiento\/wp-content\/uploads\/2022\/04\/13058884.jpg","width":700,"height":457},{"@type":"BreadcrumbList","@id":"https:\/\/www.caudete.org\/ayuntamiento\/autorizada-la-acampada-en-la-toconera-para-las-proximas-pascuas\/#breadcrumb","itemListElement":[{"@type":"ListItem","position":1,"name":"Inicio","item":"https:\/\/www.caudete.org\/ayuntamiento\/"},{"@type":"ListItem","position":2,"name":"Autorizada la acampada en LA TOCONERA para las pr\u00f3ximas Pascuas"}]},{"@type":"WebSite","@id":"https:\/\/www.caudete.org\/ayuntamiento\/#website","url":"https:\/\/www.caudete.org\/ayuntamiento\/","name":"MI Ayuntamiento de Caudete","description":"P\u00e1gina Oficial del MI Ayuntamiento de Caudete","potentialAction":[{"@type":"SearchAction","target":{"@type":"EntryPoint","urlTemplate":"https:\/\/www.caudete.org\/ayuntamiento\/?s={search_term_string}"},"query-input":{"@type":"PropertyValueSpecification","valueRequired":true,"valueName":"search_term_string"}}],"inLanguage":"es"},{"@type":"Person","@id":"https:\/\/www.caudete.org\/ayuntamiento\/#\/schema\/person\/cc646da9133078ee4d8dd47457947253","name":"alcalde","image":{"@type":"ImageObject","inLanguage":"es","@id":"https:\/\/secure.gravatar.com\/avatar\/84a817ba065b29ff08d666b215a215f5c79186a645ccb25b14a663d48a130f77?s=96&d=mm&r=g","url":"https:\/\/secure.gravatar.com\/avatar\/84a817ba065b29ff08d666b215a215f5c79186a645ccb25b14a663d48a130f77?s=96&d=mm&r=g","contentUrl":"https:\/\/secure.gravatar.com\/avatar\/84a817ba065b29ff08d666b215a215f5c79186a645ccb25b14a663d48a130f77?s=96&d=mm&r=g","caption":"alcalde"},"url":"https:\/\/www.caudete.org\/ayuntamiento\/author\/alcalde\/"}]}},"_links":{"self":[{"href":"https:\/\/www.caudete.org\/ayuntamiento\/wp-json\/wp\/v2\/posts\/18607","targetHints":{"allow":["GET"]}}],"collection":[{"href":"https:\/\/www.caudete.org\/ayuntamiento\/wp-json\/wp\/v2\/posts"}],"about":[{"href":"https:\/\/www.caudete.org\/ayuntamiento\/wp-json\/wp\/v2\/types\/post"}],"author":[{"embeddable":true,"href":"https:\/\/www.caudete.org\/ayuntamiento\/wp-json\/wp\/v2\/users\/3"}],"replies":[{"embeddable":true,"href":"https:\/\/www.caudete.org\/ayuntamiento\/wp-json\/wp\/v2\/comments?post=18607"}],"version-history":[{"count":1,"href":"https:\/\/www.caudete.org\/ayuntamiento\/wp-json\/wp\/v2\/posts\/18607\/revisions"}],"predecessor-version":[{"id":18609,"href":"https:\/\/www.caudete.org\/ayuntamiento\/wp-json\/wp\/v2\/posts\/18607\/revisions\/18609"}],"wp:featuredmedia":[{"embeddable":true,"href":"https:\/\/www.caudete.org\/ayuntamiento\/wp-json\/wp\/v2\/media\/18608"}],"wp:attachment":[{"href":"https:\/\/www.caudete.org\/ayuntamiento\/wp-json\/wp\/v2\/media?parent=18607"}],"wp:term":[{"taxonomy":"category","embeddable":true,"href":"https:\/\/www.caudete.org\/ayuntamiento\/wp-json\/wp\/v2\/categories?post=18607"},{"taxonomy":"post_tag","embeddable":true,"href":"https:\/\/www.caudete.org\/ayuntamiento\/wp-json\/wp\/v2\/tags?post=18607"}],"curies":[{"name":"wp","href":"https:\/\/api.w.org\/{rel}","templated":true}]}}