{"id":18613,"date":"2022-04-01T19:34:16","date_gmt":"2022-04-01T17:34:16","guid":{"rendered":"https:\/\/www.caudete.org\/ayuntamiento\/?p=18613"},"modified":"2022-04-01T19:37:42","modified_gmt":"2022-04-01T17:37:42","slug":"convocatoria-de-un-puesto-de-trabajo-y-creacion-de-bolsa-en-el-area-de-desarrollo-empresarial-de-la-camara-oficial-de-comercio-de-albacete","status":"publish","type":"post","link":"https:\/\/www.caudete.org\/ayuntamiento\/convocatoria-de-un-puesto-de-trabajo-y-creacion-de-bolsa-en-el-area-de-desarrollo-empresarial-de-la-camara-oficial-de-comercio-de-albacete\/","title":{"rendered":"Convocatoria de un puesto de trabajo y creaci\u00f3n de bolsa en el \u00c1rea de Desarrollo Empresarial de la C\u00e1mara Oficial de Comercio de Albacete"},"content":{"rendered":"<p>La Concejala de Empleo y Formaci\u00f3n, M\u00aa del Mar Requena, ha informado de la convocatoria para provisi\u00f3n de un puesto de trabajo y creaci\u00f3n de bolsa de trabajo del \u00c1rea de Desarrollo Empresarial de la Camara Oficial de Comercio, Industria y Servicios de Albacete (en adelante Camara o Camara de Albacete).<\/p>\n<p>Por acuerdo del Pleno de la C\u00e1mara de Albacete, adoptado en sesi\u00f3n de 18 de marzo de 2022, se aprueba la convocatoria para la provisi\u00f3n de un puesto de trabajo y creaci\u00f3n de bolsa de trabajo del \u00c1rea de Desarrollo Empresarial, cuyas funciones principales ser\u00e1n:<\/p>\n<p>&#8211; Desarrollo, ejecuci6n y seguimiento de programas de innovaci6n y competitividad empresarial cofinan- ciados por el Fondo Europeo de Desarrollo Empresarial y el Fondo Social Europeo o bien de otras entidades p\u00fablicas, especialmente en el \u00e1mbito de tecnolog\u00edas de la informaci\u00f3n, digitalizaci\u00f3n, ciberseguridad, industria<br \/>\n4.0 o innovaci6n.<br \/>\n&#8211; Realizaci6n de diagn6sticos de situaci6n y propuestas de mejora a empresas dentro de los programas de<br \/>\nsensibilizaci\u00f3n.<br \/>\n&#8211; Impulso, ejecuci6n, seguimiento e impartici6n de diferentes jornadas formativas y acciones de sensibili-<br \/>\nzaci\u00f3n.<br \/>\n&#8211; Apoyo tecnico, seguimiento y evaluaci6n de los resultados de cada programa.<br \/>\n&#8211; Consultoria y asesoramiento a empresas y emprendedores en el desarrollo de modelos de negocio, bus- queda de financiaci6n, estrategia empresarial y mejora de la competitividad.<br \/>\n&#8211; Detecci6n de necesidades de emprendedores y empresas, especialmente en materia de digitalizaci6n y<br \/>\naspectos organizativos.<br \/>\n&#8211; Presentaci6n y seguimiento de iniciativas que pudieran surgir en forma de alianzas o colaboraciones con<br \/>\notras entidades u organismos p\u00fablicos.<br \/>\n&#8211; Busqueda de programas auton6micos, nacionales o europeos para la mejora de la competitividad de las<br \/>\nempresas o impulsar su creaci\u00f3n.<br \/>\n&#8211; Gesti6n de ayudas y subvenciones.<\/p>\n<p><strong>Primera.-<\/strong> Objeto de la convocatoria.<\/p>\n<p><strong>Bases<\/strong><br \/>\nEs objeto de la presente convocatoria la provisi\u00f3n de un puesto para el \u00c1rea de Desarrollo Empresarial de la Camara Oficial de Comercio, Industria y Servicios de Albacete, categoria &#8220;Administrativos. Nivel de Co- ordinaci6n o Jefatura&#8221;, dotado de las retribuciones salariales correspondientes al puesto y con aplicaci6n del convenio colectivo vigente.<br \/>\nEn principio, el contrato ser\u00e1 por cinco horas diarias de lunes a viernes, ampliables hasta la jornada com- pleta del convenio colectivo. El contrato tiene caracter de indefinido y un periodo de prueba de tres meses.<\/p>\n<p><strong>Segunda.-<\/strong> Condiciones de los aspirantes.<\/p>\n<p>Para ser admitidos los aspirantes deber\u00e1n cumplir los siguientes requisitos:<br \/>\n&#8211; Ser mayor de edad.<br \/>\n&#8211; Estar en posesi6n del titulo de al menos Formaci6n Profesional de Grado Superior en Informatica.<br \/>\n&#8211; Conocimientos y experiencia contrastada superior a tres afios en asesoramiento y consultoria de empre- sas, preferiblemente en proyectos vinculados a digitalizaci6n, TIC y\/o area de innovaci6n.<br \/>\n&#8211; Dominio de herramientas informaticas y ofimaticas en entorno Windows-Office (se valorara el conocimiento<br \/>\nde otras herramientas informaticas y ofimaticas).<br \/>\n&#8211; Se valorara el conocimiento de idiomas.<br \/>\n&#8211; Carne de conducir B1, vehiculo propio y disponibilidad para viajar.<br \/>\n&#8211; Se valoraran competencias de trabajo en equipo, rigor, compromiso, dinamismo, iniciativa, autonomia, as\u00ed como proactividad, orientaci\u00f3n estrat\u00e9gica y comercial, orientaci\u00f3n al logro, capacidad organizativa y de trabajo en equipo.<\/p>\n<p><strong>Tercera.-<\/strong> Instancias y admisi6n.<\/p>\n<p>Las instancias solicitando tomar parte en la presente convocatoria se dirigir\u00e1n a la empresa de selecci\u00f3n<br \/>\nde personal &#8220;Yolanda Mufioz-Conectando Talento&#8221; en sus oficinas de la calle Tesifonte Gallego, n.&#8221; 14-pasaje<br \/>\n1.&#8221;-A, de Albacete o mediante remisi6n al correo electr6nico de la misma, seleccion@yolandamunozcano. com, pudiendo llevar a cabo la solicitud a la vacante a trav\u00e9s del enlace adjunto, para de esta forma cumplir con la normativa referente a protecci6n de datos: https:\/\/jobs.yolandamunozcano.com\/tecnico-a-de-area-de- desarrollo-empresarial-C7ue\/, en el plazo de quince dias naturales siguientes a la publicaci6n de la presente convocatoria en el Bolet\u00edn oficial de la provincia de Albacete.<\/p>\n<p><strong>Cuarta.-<\/strong> Proceso de selecci6n.<\/p>\n<p>El procedimiento de selecci\u00f3n, entre los aspirantes admitidos, constar\u00e1 de dos fases:<br \/>\nPrimera fase: Se desarrollara ante y por la empresa de selecci6n de personal &#8220;Yolanda Mufioz-Conectando Talento&#8221;, cuyo personal cualificado seleccionara, bajo los principios de igualdad, merito y capacidad, a los cinco aspirantes que hayan obtenidos mayor valoraci\u00f3n, en funci\u00f3n de los m\u00e9ritos y pruebas practicadas.<\/p>\n<p>Segunda fase: Se desarrollar\u00e1 por los cinco aspirantes que hayan superado la primera fase ante una Co- misi\u00f3n formada por el Presidente de la C\u00e1mara, un Vicepresidente, la Tesorera y el Secretario General, a la que asistir\u00e1n los t\u00e9cnicos necesarios de la empresa de selecci\u00f3n de personal. Esta segunda fase constar\u00e1 de la realizaci\u00f3n de un Assessment Center, que constar\u00e1 de dos partes:<br \/>\n1.- Caso practico que versara sobre c6mo mejorar la competitividad empresarial, la innovaci6n en las<br \/>\npymes, como utilizar las nuevas tecnolog\u00edas y digitalizaci\u00f3n, as\u00ed como el manejo de herramientas inform\u00e1ticas.<br \/>\n40 minutos preparaci6n y 5 minutos para exposici6n.<br \/>\n2.- Dinamica grupal. Duraci6n 30 minutos.<\/p>\n<p><strong>Quinta.-<\/strong> Concluida y calificada la segunda fase, la Comisi6n de selecci6n propondra al aspirante que ocu-<br \/>\npar\u00e1 el puesto de trabajo convocado y que ser\u00e1 el que haya obtenido la mayor puntuaci\u00f3n.<br \/>\nSe crear\u00e1 una bolsa de trabajo con los restantes aspirantes que la comisi\u00f3n haya declarado que han superado las pruebas.<\/p>\n<p><a href=\"https:\/\/www.caudete.org\/ayuntamiento\/wp-content\/uploads\/2022\/04\/BOP-39-22-P-38.pdf\" class=\"mtli_attachment mtli_pdf\"><strong>BOLETIN OFICIAL DE LA PROVINCIA DE ALBACETE N\u00ba 39. Viernes 1 de abril de 2022<\/strong><\/a><\/p>\n","protected":false},"excerpt":{"rendered":"<p>La Concejala de Empleo y Formaci\u00f3n, M\u00aa del Mar Requena, ha informado de la convocatoria para provisi\u00f3n de un puesto de trabajo y creaci\u00f3n de bolsa de trabajo del \u00c1rea de Desarrollo Empresarial de la Camara Oficial de Comercio, Industria y Servicios de Albacete (en adelante Camara o Camara de Albacete). Por acuerdo del Pleno &hellip;<\/p>\n","protected":false},"author":2,"featured_media":18617,"comment_status":"closed","ping_status":"open","sticky":false,"template":"","format":"standard","meta":{"ngg_post_thumbnail":0,"footnotes":""},"categories":[90],"tags":[819,181],"class_list":["post-18613","post","type-post","status-publish","format-standard","has-post-thumbnail","hentry","category-tablon-informativo-desarrollo-local","tag-camara-de-comercio-de-albacete","tag-empleo"],"yoast_head":"<!-- This site is optimized with the Yoast SEO plugin v27.4 - https:\/\/yoast.com\/product\/yoast-seo-wordpress\/ -->\n<title>Convocatoria de un puesto de trabajo y creaci\u00f3n de bolsa en el \u00c1rea de Desarrollo Empresarial de la C\u00e1mara Oficial de Comercio de Albacete - MI Ayuntamiento de Caudete<\/title>\n<meta name=\"description\" content=\"P\u00e1gina Oficial del Ayuntamiento de Caudete (Albacete)\" \/>\n<meta name=\"robots\" content=\"index, follow, max-snippet:-1, max-image-preview:large, max-video-preview:-1\" \/>\n<link rel=\"canonical\" href=\"https:\/\/www.caudete.org\/ayuntamiento\/convocatoria-de-un-puesto-de-trabajo-y-creacion-de-bolsa-en-el-area-de-desarrollo-empresarial-de-la-camara-oficial-de-comercio-de-albacete\/\" \/>\n<meta property=\"og:locale\" content=\"es_ES\" \/>\n<meta property=\"og:type\" content=\"article\" \/>\n<meta property=\"og:title\" content=\"Convocatoria de un puesto de trabajo y creaci\u00f3n de bolsa en el \u00c1rea de Desarrollo Empresarial de la C\u00e1mara Oficial de Comercio de Albacete - MI Ayuntamiento de Caudete\" \/>\n<meta property=\"og:description\" content=\"P\u00e1gina Oficial del Ayuntamiento de Caudete (Albacete)\" \/>\n<meta property=\"og:url\" content=\"https:\/\/www.caudete.org\/ayuntamiento\/convocatoria-de-un-puesto-de-trabajo-y-creacion-de-bolsa-en-el-area-de-desarrollo-empresarial-de-la-camara-oficial-de-comercio-de-albacete\/\" \/>\n<meta property=\"og:site_name\" content=\"MI Ayuntamiento de Caudete\" \/>\n<meta property=\"article:publisher\" content=\"https:\/\/www.facebook.com\/ayuntamientocaudete\/\" \/>\n<meta property=\"article:published_time\" content=\"2022-04-01T17:34:16+00:00\" \/>\n<meta property=\"article:modified_time\" content=\"2022-04-01T17:37:42+00:00\" \/>\n<meta property=\"og:image\" content=\"https:\/\/www.caudete.org\/ayuntamiento\/wp-content\/uploads\/2022\/04\/Camara-Comercio-Empleo-WEB.jpg\" \/>\n\t<meta property=\"og:image:width\" content=\"864\" \/>\n\t<meta property=\"og:image:height\" content=\"380\" \/>\n\t<meta property=\"og:image:type\" content=\"image\/jpeg\" \/>\n<meta name=\"author\" content=\"Juan\" \/>\n<meta name=\"twitter:card\" content=\"summary_large_image\" \/>\n<meta name=\"twitter:label1\" content=\"Escrito por\" \/>\n\t<meta name=\"twitter:data1\" content=\"Juan\" \/>\n\t<meta name=\"twitter:label2\" content=\"Tiempo de lectura\" \/>\n\t<meta name=\"twitter:data2\" content=\"4 minutos\" \/>\n<script type=\"application\/ld+json\" class=\"yoast-schema-graph\">{\"@context\":\"https:\\\/\\\/schema.org\",\"@graph\":[{\"@type\":\"Article\",\"@id\":\"https:\\\/\\\/www.caudete.org\\\/ayuntamiento\\\/convocatoria-de-un-puesto-de-trabajo-y-creacion-de-bolsa-en-el-area-de-desarrollo-empresarial-de-la-camara-oficial-de-comercio-de-albacete\\\/#article\",\"isPartOf\":{\"@id\":\"https:\\\/\\\/www.caudete.org\\\/ayuntamiento\\\/convocatoria-de-un-puesto-de-trabajo-y-creacion-de-bolsa-en-el-area-de-desarrollo-empresarial-de-la-camara-oficial-de-comercio-de-albacete\\\/\"},\"author\":{\"name\":\"Juan\",\"@id\":\"https:\\\/\\\/www.caudete.org\\\/ayuntamiento\\\/#\\\/schema\\\/person\\\/7656a5bb58fca95b9814e940de0fda63\"},\"headline\":\"Convocatoria de un puesto de trabajo y creaci\u00f3n de bolsa en el \u00c1rea de Desarrollo Empresarial de la C\u00e1mara Oficial de Comercio de Albacete\",\"datePublished\":\"2022-04-01T17:34:16+00:00\",\"dateModified\":\"2022-04-01T17:37:42+00:00\",\"mainEntityOfPage\":{\"@id\":\"https:\\\/\\\/www.caudete.org\\\/ayuntamiento\\\/convocatoria-de-un-puesto-de-trabajo-y-creacion-de-bolsa-en-el-area-de-desarrollo-empresarial-de-la-camara-oficial-de-comercio-de-albacete\\\/\"},\"wordCount\":943,\"publisher\":{\"@id\":\"https:\\\/\\\/www.caudete.org\\\/ayuntamiento\\\/#organization\"},\"image\":{\"@id\":\"https:\\\/\\\/www.caudete.org\\\/ayuntamiento\\\/convocatoria-de-un-puesto-de-trabajo-y-creacion-de-bolsa-en-el-area-de-desarrollo-empresarial-de-la-camara-oficial-de-comercio-de-albacete\\\/#primaryimage\"},\"thumbnailUrl\":\"https:\\\/\\\/www.caudete.org\\\/ayuntamiento\\\/wp-content\\\/uploads\\\/2022\\\/04\\\/Camara-Comercio-Empleo-WEB.jpg\",\"keywords\":[\"C\u00e1mara de Comercio de Albacete\",\"Empleo\"],\"articleSection\":[\"Tabl\u00f3n informativo (Desarrollo local)\"],\"inLanguage\":\"es\"},{\"@type\":\"WebPage\",\"@id\":\"https:\\\/\\\/www.caudete.org\\\/ayuntamiento\\\/convocatoria-de-un-puesto-de-trabajo-y-creacion-de-bolsa-en-el-area-de-desarrollo-empresarial-de-la-camara-oficial-de-comercio-de-albacete\\\/\",\"url\":\"https:\\\/\\\/www.caudete.org\\\/ayuntamiento\\\/convocatoria-de-un-puesto-de-trabajo-y-creacion-de-bolsa-en-el-area-de-desarrollo-empresarial-de-la-camara-oficial-de-comercio-de-albacete\\\/\",\"name\":\"Convocatoria de un puesto de trabajo y creaci\u00f3n de bolsa en el \u00c1rea de Desarrollo Empresarial de la C\u00e1mara Oficial de Comercio de Albacete - MI Ayuntamiento de Caudete\",\"isPartOf\":{\"@id\":\"https:\\\/\\\/www.caudete.org\\\/ayuntamiento\\\/#website\"},\"primaryImageOfPage\":{\"@id\":\"https:\\\/\\\/www.caudete.org\\\/ayuntamiento\\\/convocatoria-de-un-puesto-de-trabajo-y-creacion-de-bolsa-en-el-area-de-desarrollo-empresarial-de-la-camara-oficial-de-comercio-de-albacete\\\/#primaryimage\"},\"image\":{\"@id\":\"https:\\\/\\\/www.caudete.org\\\/ayuntamiento\\\/convocatoria-de-un-puesto-de-trabajo-y-creacion-de-bolsa-en-el-area-de-desarrollo-empresarial-de-la-camara-oficial-de-comercio-de-albacete\\\/#primaryimage\"},\"thumbnailUrl\":\"https:\\\/\\\/www.caudete.org\\\/ayuntamiento\\\/wp-content\\\/uploads\\\/2022\\\/04\\\/Camara-Comercio-Empleo-WEB.jpg\",\"datePublished\":\"2022-04-01T17:34:16+00:00\",\"dateModified\":\"2022-04-01T17:37:42+00:00\",\"description\":\"P\u00e1gina Oficial del Ayuntamiento de Caudete (Albacete)\",\"breadcrumb\":{\"@id\":\"https:\\\/\\\/www.caudete.org\\\/ayuntamiento\\\/convocatoria-de-un-puesto-de-trabajo-y-creacion-de-bolsa-en-el-area-de-desarrollo-empresarial-de-la-camara-oficial-de-comercio-de-albacete\\\/#breadcrumb\"},\"inLanguage\":\"es\",\"potentialAction\":[{\"@type\":\"ReadAction\",\"target\":[\"https:\\\/\\\/www.caudete.org\\\/ayuntamiento\\\/convocatoria-de-un-puesto-de-trabajo-y-creacion-de-bolsa-en-el-area-de-desarrollo-empresarial-de-la-camara-oficial-de-comercio-de-albacete\\\/\"]}]},{\"@type\":\"ImageObject\",\"inLanguage\":\"es\",\"@id\":\"https:\\\/\\\/www.caudete.org\\\/ayuntamiento\\\/convocatoria-de-un-puesto-de-trabajo-y-creacion-de-bolsa-en-el-area-de-desarrollo-empresarial-de-la-camara-oficial-de-comercio-de-albacete\\\/#primaryimage\",\"url\":\"https:\\\/\\\/www.caudete.org\\\/ayuntamiento\\\/wp-content\\\/uploads\\\/2022\\\/04\\\/Camara-Comercio-Empleo-WEB.jpg\",\"contentUrl\":\"https:\\\/\\\/www.caudete.org\\\/ayuntamiento\\\/wp-content\\\/uploads\\\/2022\\\/04\\\/Camara-Comercio-Empleo-WEB.jpg\",\"width\":864,\"height\":380},{\"@type\":\"BreadcrumbList\",\"@id\":\"https:\\\/\\\/www.caudete.org\\\/ayuntamiento\\\/convocatoria-de-un-puesto-de-trabajo-y-creacion-de-bolsa-en-el-area-de-desarrollo-empresarial-de-la-camara-oficial-de-comercio-de-albacete\\\/#breadcrumb\",\"itemListElement\":[{\"@type\":\"ListItem\",\"position\":1,\"name\":\"Inicio\",\"item\":\"https:\\\/\\\/www.caudete.org\\\/ayuntamiento\\\/\"},{\"@type\":\"ListItem\",\"position\":2,\"name\":\"Convocatoria de un puesto de trabajo y creaci\u00f3n de bolsa en el \u00c1rea de Desarrollo Empresarial de la C\u00e1mara Oficial de Comercio de Albacete\"}]},{\"@type\":\"WebSite\",\"@id\":\"https:\\\/\\\/www.caudete.org\\\/ayuntamiento\\\/#website\",\"url\":\"https:\\\/\\\/www.caudete.org\\\/ayuntamiento\\\/\",\"name\":\"MI Ayuntamiento de Caudete\",\"description\":\"P\u00e1gina Oficial del MI Ayuntamiento de Caudete\",\"publisher\":{\"@id\":\"https:\\\/\\\/www.caudete.org\\\/ayuntamiento\\\/#organization\"},\"potentialAction\":[{\"@type\":\"SearchAction\",\"target\":{\"@type\":\"EntryPoint\",\"urlTemplate\":\"https:\\\/\\\/www.caudete.org\\\/ayuntamiento\\\/?s={search_term_string}\"},\"query-input\":{\"@type\":\"PropertyValueSpecification\",\"valueRequired\":true,\"valueName\":\"search_term_string\"}}],\"inLanguage\":\"es\"},{\"@type\":\"Organization\",\"@id\":\"https:\\\/\\\/www.caudete.org\\\/ayuntamiento\\\/#organization\",\"name\":\"Ayuntamiento de Caudete\",\"url\":\"https:\\\/\\\/www.caudete.org\\\/ayuntamiento\\\/\",\"logo\":{\"@type\":\"ImageObject\",\"inLanguage\":\"es\",\"@id\":\"https:\\\/\\\/www.caudete.org\\\/ayuntamiento\\\/#\\\/schema\\\/logo\\\/image\\\/\",\"url\":\"https:\\\/\\\/www.caudete.org\\\/ayuntamiento\\\/wp-content\\\/uploads\\\/2020\\\/11\\\/logo_ayuntamiento_caudete.jpg\",\"contentUrl\":\"https:\\\/\\\/www.caudete.org\\\/ayuntamiento\\\/wp-content\\\/uploads\\\/2020\\\/11\\\/logo_ayuntamiento_caudete.jpg\",\"width\":600,\"height\":150,\"caption\":\"Ayuntamiento de Caudete\"},\"image\":{\"@id\":\"https:\\\/\\\/www.caudete.org\\\/ayuntamiento\\\/#\\\/schema\\\/logo\\\/image\\\/\"},\"sameAs\":[\"https:\\\/\\\/www.facebook.com\\\/ayuntamientocaudete\\\/\",\"https:\\\/\\\/www.youtube.com\\\/channel\\\/UC6VztHaooNsGpw-tNoBEFnQ\"]},{\"@type\":\"Person\",\"@id\":\"https:\\\/\\\/www.caudete.org\\\/ayuntamiento\\\/#\\\/schema\\\/person\\\/7656a5bb58fca95b9814e940de0fda63\",\"name\":\"Juan\",\"image\":{\"@type\":\"ImageObject\",\"inLanguage\":\"es\",\"@id\":\"https:\\\/\\\/secure.gravatar.com\\\/avatar\\\/dd53e51c0cd6ab23f52d4f3e4f1c59730240727763de3dbbf26750b079a2c292?s=96&d=mm&r=g\",\"url\":\"https:\\\/\\\/secure.gravatar.com\\\/avatar\\\/dd53e51c0cd6ab23f52d4f3e4f1c59730240727763de3dbbf26750b079a2c292?s=96&d=mm&r=g\",\"contentUrl\":\"https:\\\/\\\/secure.gravatar.com\\\/avatar\\\/dd53e51c0cd6ab23f52d4f3e4f1c59730240727763de3dbbf26750b079a2c292?s=96&d=mm&r=g\",\"caption\":\"Juan\"},\"url\":\"https:\\\/\\\/www.caudete.org\\\/ayuntamiento\\\/author\\\/centrodeinternet\\\/\"}]}<\/script>\n<!-- \/ Yoast SEO plugin. -->","yoast_head_json":{"title":"Convocatoria de un puesto de trabajo y creaci\u00f3n de bolsa en el \u00c1rea de Desarrollo Empresarial de la C\u00e1mara Oficial de Comercio de Albacete - MI Ayuntamiento de Caudete","description":"P\u00e1gina Oficial del Ayuntamiento de Caudete (Albacete)","robots":{"index":"index","follow":"follow","max-snippet":"max-snippet:-1","max-image-preview":"max-image-preview:large","max-video-preview":"max-video-preview:-1"},"canonical":"https:\/\/www.caudete.org\/ayuntamiento\/convocatoria-de-un-puesto-de-trabajo-y-creacion-de-bolsa-en-el-area-de-desarrollo-empresarial-de-la-camara-oficial-de-comercio-de-albacete\/","og_locale":"es_ES","og_type":"article","og_title":"Convocatoria de un puesto de trabajo y creaci\u00f3n de bolsa en el \u00c1rea de Desarrollo Empresarial de la C\u00e1mara Oficial de Comercio de Albacete - MI Ayuntamiento de Caudete","og_description":"P\u00e1gina Oficial del Ayuntamiento de Caudete (Albacete)","og_url":"https:\/\/www.caudete.org\/ayuntamiento\/convocatoria-de-un-puesto-de-trabajo-y-creacion-de-bolsa-en-el-area-de-desarrollo-empresarial-de-la-camara-oficial-de-comercio-de-albacete\/","og_site_name":"MI Ayuntamiento de Caudete","article_publisher":"https:\/\/www.facebook.com\/ayuntamientocaudete\/","article_published_time":"2022-04-01T17:34:16+00:00","article_modified_time":"2022-04-01T17:37:42+00:00","og_image":[{"width":864,"height":380,"url":"https:\/\/www.caudete.org\/ayuntamiento\/wp-content\/uploads\/2022\/04\/Camara-Comercio-Empleo-WEB.jpg","type":"image\/jpeg"}],"author":"Juan","twitter_card":"summary_large_image","twitter_misc":{"Escrito por":"Juan","Tiempo de lectura":"4 minutos"},"schema":{"@context":"https:\/\/schema.org","@graph":[{"@type":"Article","@id":"https:\/\/www.caudete.org\/ayuntamiento\/convocatoria-de-un-puesto-de-trabajo-y-creacion-de-bolsa-en-el-area-de-desarrollo-empresarial-de-la-camara-oficial-de-comercio-de-albacete\/#article","isPartOf":{"@id":"https:\/\/www.caudete.org\/ayuntamiento\/convocatoria-de-un-puesto-de-trabajo-y-creacion-de-bolsa-en-el-area-de-desarrollo-empresarial-de-la-camara-oficial-de-comercio-de-albacete\/"},"author":{"name":"Juan","@id":"https:\/\/www.caudete.org\/ayuntamiento\/#\/schema\/person\/7656a5bb58fca95b9814e940de0fda63"},"headline":"Convocatoria de un puesto de trabajo y creaci\u00f3n de bolsa en el \u00c1rea de Desarrollo Empresarial de la C\u00e1mara Oficial de Comercio de Albacete","datePublished":"2022-04-01T17:34:16+00:00","dateModified":"2022-04-01T17:37:42+00:00","mainEntityOfPage":{"@id":"https:\/\/www.caudete.org\/ayuntamiento\/convocatoria-de-un-puesto-de-trabajo-y-creacion-de-bolsa-en-el-area-de-desarrollo-empresarial-de-la-camara-oficial-de-comercio-de-albacete\/"},"wordCount":943,"publisher":{"@id":"https:\/\/www.caudete.org\/ayuntamiento\/#organization"},"image":{"@id":"https:\/\/www.caudete.org\/ayuntamiento\/convocatoria-de-un-puesto-de-trabajo-y-creacion-de-bolsa-en-el-area-de-desarrollo-empresarial-de-la-camara-oficial-de-comercio-de-albacete\/#primaryimage"},"thumbnailUrl":"https:\/\/www.caudete.org\/ayuntamiento\/wp-content\/uploads\/2022\/04\/Camara-Comercio-Empleo-WEB.jpg","keywords":["C\u00e1mara de Comercio de Albacete","Empleo"],"articleSection":["Tabl\u00f3n informativo (Desarrollo local)"],"inLanguage":"es"},{"@type":"WebPage","@id":"https:\/\/www.caudete.org\/ayuntamiento\/convocatoria-de-un-puesto-de-trabajo-y-creacion-de-bolsa-en-el-area-de-desarrollo-empresarial-de-la-camara-oficial-de-comercio-de-albacete\/","url":"https:\/\/www.caudete.org\/ayuntamiento\/convocatoria-de-un-puesto-de-trabajo-y-creacion-de-bolsa-en-el-area-de-desarrollo-empresarial-de-la-camara-oficial-de-comercio-de-albacete\/","name":"Convocatoria de un puesto de trabajo y creaci\u00f3n de bolsa en el \u00c1rea de Desarrollo Empresarial de la C\u00e1mara Oficial de Comercio de Albacete - MI Ayuntamiento de Caudete","isPartOf":{"@id":"https:\/\/www.caudete.org\/ayuntamiento\/#website"},"primaryImageOfPage":{"@id":"https:\/\/www.caudete.org\/ayuntamiento\/convocatoria-de-un-puesto-de-trabajo-y-creacion-de-bolsa-en-el-area-de-desarrollo-empresarial-de-la-camara-oficial-de-comercio-de-albacete\/#primaryimage"},"image":{"@id":"https:\/\/www.caudete.org\/ayuntamiento\/convocatoria-de-un-puesto-de-trabajo-y-creacion-de-bolsa-en-el-area-de-desarrollo-empresarial-de-la-camara-oficial-de-comercio-de-albacete\/#primaryimage"},"thumbnailUrl":"https:\/\/www.caudete.org\/ayuntamiento\/wp-content\/uploads\/2022\/04\/Camara-Comercio-Empleo-WEB.jpg","datePublished":"2022-04-01T17:34:16+00:00","dateModified":"2022-04-01T17:37:42+00:00","description":"P\u00e1gina Oficial del Ayuntamiento de Caudete (Albacete)","breadcrumb":{"@id":"https:\/\/www.caudete.org\/ayuntamiento\/convocatoria-de-un-puesto-de-trabajo-y-creacion-de-bolsa-en-el-area-de-desarrollo-empresarial-de-la-camara-oficial-de-comercio-de-albacete\/#breadcrumb"},"inLanguage":"es","potentialAction":[{"@type":"ReadAction","target":["https:\/\/www.caudete.org\/ayuntamiento\/convocatoria-de-un-puesto-de-trabajo-y-creacion-de-bolsa-en-el-area-de-desarrollo-empresarial-de-la-camara-oficial-de-comercio-de-albacete\/"]}]},{"@type":"ImageObject","inLanguage":"es","@id":"https:\/\/www.caudete.org\/ayuntamiento\/convocatoria-de-un-puesto-de-trabajo-y-creacion-de-bolsa-en-el-area-de-desarrollo-empresarial-de-la-camara-oficial-de-comercio-de-albacete\/#primaryimage","url":"https:\/\/www.caudete.org\/ayuntamiento\/wp-content\/uploads\/2022\/04\/Camara-Comercio-Empleo-WEB.jpg","contentUrl":"https:\/\/www.caudete.org\/ayuntamiento\/wp-content\/uploads\/2022\/04\/Camara-Comercio-Empleo-WEB.jpg","width":864,"height":380},{"@type":"BreadcrumbList","@id":"https:\/\/www.caudete.org\/ayuntamiento\/convocatoria-de-un-puesto-de-trabajo-y-creacion-de-bolsa-en-el-area-de-desarrollo-empresarial-de-la-camara-oficial-de-comercio-de-albacete\/#breadcrumb","itemListElement":[{"@type":"ListItem","position":1,"name":"Inicio","item":"https:\/\/www.caudete.org\/ayuntamiento\/"},{"@type":"ListItem","position":2,"name":"Convocatoria de un puesto de trabajo y creaci\u00f3n de bolsa en el \u00c1rea de Desarrollo Empresarial de la C\u00e1mara Oficial de Comercio de Albacete"}]},{"@type":"WebSite","@id":"https:\/\/www.caudete.org\/ayuntamiento\/#website","url":"https:\/\/www.caudete.org\/ayuntamiento\/","name":"MI Ayuntamiento de Caudete","description":"P\u00e1gina Oficial del MI Ayuntamiento de Caudete","publisher":{"@id":"https:\/\/www.caudete.org\/ayuntamiento\/#organization"},"potentialAction":[{"@type":"SearchAction","target":{"@type":"EntryPoint","urlTemplate":"https:\/\/www.caudete.org\/ayuntamiento\/?s={search_term_string}"},"query-input":{"@type":"PropertyValueSpecification","valueRequired":true,"valueName":"search_term_string"}}],"inLanguage":"es"},{"@type":"Organization","@id":"https:\/\/www.caudete.org\/ayuntamiento\/#organization","name":"Ayuntamiento de Caudete","url":"https:\/\/www.caudete.org\/ayuntamiento\/","logo":{"@type":"ImageObject","inLanguage":"es","@id":"https:\/\/www.caudete.org\/ayuntamiento\/#\/schema\/logo\/image\/","url":"https:\/\/www.caudete.org\/ayuntamiento\/wp-content\/uploads\/2020\/11\/logo_ayuntamiento_caudete.jpg","contentUrl":"https:\/\/www.caudete.org\/ayuntamiento\/wp-content\/uploads\/2020\/11\/logo_ayuntamiento_caudete.jpg","width":600,"height":150,"caption":"Ayuntamiento de Caudete"},"image":{"@id":"https:\/\/www.caudete.org\/ayuntamiento\/#\/schema\/logo\/image\/"},"sameAs":["https:\/\/www.facebook.com\/ayuntamientocaudete\/","https:\/\/www.youtube.com\/channel\/UC6VztHaooNsGpw-tNoBEFnQ"]},{"@type":"Person","@id":"https:\/\/www.caudete.org\/ayuntamiento\/#\/schema\/person\/7656a5bb58fca95b9814e940de0fda63","name":"Juan","image":{"@type":"ImageObject","inLanguage":"es","@id":"https:\/\/secure.gravatar.com\/avatar\/dd53e51c0cd6ab23f52d4f3e4f1c59730240727763de3dbbf26750b079a2c292?s=96&d=mm&r=g","url":"https:\/\/secure.gravatar.com\/avatar\/dd53e51c0cd6ab23f52d4f3e4f1c59730240727763de3dbbf26750b079a2c292?s=96&d=mm&r=g","contentUrl":"https:\/\/secure.gravatar.com\/avatar\/dd53e51c0cd6ab23f52d4f3e4f1c59730240727763de3dbbf26750b079a2c292?s=96&d=mm&r=g","caption":"Juan"},"url":"https:\/\/www.caudete.org\/ayuntamiento\/author\/centrodeinternet\/"}]}},"_links":{"self":[{"href":"https:\/\/www.caudete.org\/ayuntamiento\/wp-json\/wp\/v2\/posts\/18613","targetHints":{"allow":["GET"]}}],"collection":[{"href":"https:\/\/www.caudete.org\/ayuntamiento\/wp-json\/wp\/v2\/posts"}],"about":[{"href":"https:\/\/www.caudete.org\/ayuntamiento\/wp-json\/wp\/v2\/types\/post"}],"author":[{"embeddable":true,"href":"https:\/\/www.caudete.org\/ayuntamiento\/wp-json\/wp\/v2\/users\/2"}],"replies":[{"embeddable":true,"href":"https:\/\/www.caudete.org\/ayuntamiento\/wp-json\/wp\/v2\/comments?post=18613"}],"version-history":[{"count":8,"href":"https:\/\/www.caudete.org\/ayuntamiento\/wp-json\/wp\/v2\/posts\/18613\/revisions"}],"predecessor-version":[{"id":18624,"href":"https:\/\/www.caudete.org\/ayuntamiento\/wp-json\/wp\/v2\/posts\/18613\/revisions\/18624"}],"wp:featuredmedia":[{"embeddable":true,"href":"https:\/\/www.caudete.org\/ayuntamiento\/wp-json\/wp\/v2\/media\/18617"}],"wp:attachment":[{"href":"https:\/\/www.caudete.org\/ayuntamiento\/wp-json\/wp\/v2\/media?parent=18613"}],"wp:term":[{"taxonomy":"category","embeddable":true,"href":"https:\/\/www.caudete.org\/ayuntamiento\/wp-json\/wp\/v2\/categories?post=18613"},{"taxonomy":"post_tag","embeddable":true,"href":"https:\/\/www.caudete.org\/ayuntamiento\/wp-json\/wp\/v2\/tags?post=18613"}],"curies":[{"name":"wp","href":"https:\/\/api.w.org\/{rel}","templated":true}]}}