{"id":18638,"date":"2022-04-04T09:00:28","date_gmt":"2022-04-04T07:00:28","guid":{"rendered":"https:\/\/www.caudete.org\/ayuntamiento\/?p=18638"},"modified":"2022-04-04T09:51:25","modified_gmt":"2022-04-04T07:51:25","slug":"caudeteeneuropa-intercambio-juvenil-junto-a-marseillan-castleblaney-y-malmedy-con-5-jovenes-caudetanos","status":"publish","type":"post","link":"https:\/\/www.caudete.org\/ayuntamiento\/caudeteeneuropa-intercambio-juvenil-junto-a-marseillan-castleblaney-y-malmedy-con-5-jovenes-caudetanos\/","title":{"rendered":"CaudeteEnEUROPA: intercambio juvenil junto a Marseillan, Castleblaney y Malmedy con 5 j\u00f3venes caudetanos"},"content":{"rendered":"<p style=\"text-align: justify;\" align=\"left\"><span style=\"color: #000000; font-family: georgia, palatino, serif;\"><span style=\"font-size: medium;\">El Ayuntamiento de Caudete, a trav\u00e9s de las Concejal\u00edas de Juventud, Empleo y Formaci\u00f3n, y el Centro Joven participa en el Intercambio Juvenil Erasmus+ del Proyecto GO 4 EXCHANGES promovido por el Ayuntamiento de Marseillan (Francia), y en el que participan <\/span><\/span><span style=\"color: #000000; font-family: georgia, palatino, serif;\"><span style=\"font-size: medium;\">Castleblaney (Irlanda) y Malmedy (B\u00e9lgica). <\/span><\/span><\/p>\n<p style=\"text-align: justify;\" align=\"left\"><span style=\"color: #000000; font-family: georgia, palatino, serif;\"><span style=\"font-size: medium;\">Un total de 5 j\u00f3venes caudetanos viajaran a los diferentes paises participantes en un intercambio cuya tem\u00e1tica es la alimentaci\u00f3n, la agricultura y la sostenibilidad.<br \/>\n<\/span><\/span><\/p>\n<p style=\"text-align: justify;\" align=\"left\"><span style=\"color: #000000; font-family: georgia, palatino, serif;\"><span style=\"font-size: medium;\">La experiencia supondr\u00e1 <\/span><span style=\"font-size: medium;\">para todos ellos un refuerzo muy importante en la adquisici\u00f3n de competencias y capacidades en los \u00e1mbitos abordados, gracias a las diferentes actividades que se organizar\u00e1n durante el encuentro que durar\u00e1 9 d\u00edas, y que reforzar\u00e1 su desarrollo personal y pondr\u00e1 en en valor, tambi\u00e9n a nivel internacional, el municipio de Marseillan y sus enormes recursos.<\/span><\/span><b> <\/b><\/p>\n<p style=\"text-align: justify;\"><span style=\"color: #000000; font-family: georgia, palatino, serif;\"><span style=\"font-size: medium;\">Con esta acci\u00f3n, en 2022, A\u00f1o Europeo de la Juventud, el Ayuntamiento de Caudete apoya el acceso a la movilidad internacional de las personas j\u00f3venes de Caudete, la adquisici\u00f3n de competencias interculturales y ling\u00fc\u00edsticas y una mayor conciencia del concepto de ciudadan\u00eda europea.<\/span><\/span><\/p>\n<p style=\"text-align: justify;\"><span style=\"color: #000000; font-family: georgia, palatino, serif;\"><span style=\"font-size: medium;\">Desde las Concejal\u00edas de Juventud, y de Empleo y Formaci\u00f3n se est\u00e1 haciendo una apuesta decidida por la implementaci\u00f3n de proyectos europeos destinados a los j\u00f3venes del municipio, contando ya con l\u00edneas de trabajo consolidadas en el marco del programa Erasmus+, en el que el Ayuntamiento de Caudete cuenta con la Acreditaci\u00f3n en el Sector de Formaci\u00f3n Profesional, y otras l\u00edneas en proyecto en este y en otros programas europeos, como el Cuerpo Europeo de Solidaridad.<\/span><\/span><\/p>\n<p>&nbsp;<\/p>\n<p><img decoding=\"async\" class=\"alignnone size-medium wp-image-18641\" src=\"https:\/\/www.caudete.org\/ayuntamiento\/wp-content\/uploads\/2022\/04\/cofinanciado-300x73.png\" alt=\"\" width=\"300\" height=\"73\" srcset=\"https:\/\/www.caudete.org\/ayuntamiento\/wp-content\/uploads\/2022\/04\/cofinanciado-300x73.png 300w, https:\/\/www.caudete.org\/ayuntamiento\/wp-content\/uploads\/2022\/04\/cofinanciado-1024x249.png 1024w, https:\/\/www.caudete.org\/ayuntamiento\/wp-content\/uploads\/2022\/04\/cofinanciado-768x187.png 768w, https:\/\/www.caudete.org\/ayuntamiento\/wp-content\/uploads\/2022\/04\/cofinanciado-1536x373.png 1536w, https:\/\/www.caudete.org\/ayuntamiento\/wp-content\/uploads\/2022\/04\/cofinanciado.png 1659w\" sizes=\"(max-width: 300px) 100vw, 300px\" \/><\/p>\n","protected":false},"excerpt":{"rendered":"<p>El Ayuntamiento de Caudete, a trav\u00e9s de las Concejal\u00edas de Juventud, Empleo y Formaci\u00f3n, y el Centro Joven participa en el Intercambio Juvenil Erasmus+ del Proyecto GO 4 EXCHANGES promovido por el Ayuntamiento de Marseillan (Francia), y en el que participan Castleblaney (Irlanda) y Malmedy (B\u00e9lgica). Un total de 5 j\u00f3venes caudetanos viajaran a los &hellip;<\/p>\n","protected":false},"author":3,"featured_media":18639,"comment_status":"closed","ping_status":"open","sticky":false,"template":"","format":"standard","meta":{"ngg_post_thumbnail":0,"footnotes":""},"categories":[121],"tags":[],"class_list":["post-18638","post","type-post","status-publish","format-standard","has-post-thumbnail","hentry","category-juventud-2"],"yoast_head":"<!-- This site is optimized with the Yoast SEO plugin v27.5 - https:\/\/yoast.com\/product\/yoast-seo-wordpress\/ -->\n<title>CaudeteEnEUROPA: intercambio juvenil junto a Marseillan, Castleblaney y Malmedy con 5 j\u00f3venes caudetanos - MI Ayuntamiento de Caudete<\/title>\n<meta name=\"description\" content=\"P\u00e1gina Oficial del Ayuntamiento de Caudete (Albacete)\" \/>\n<meta name=\"robots\" content=\"index, follow, max-snippet:-1, max-image-preview:large, max-video-preview:-1\" \/>\n<link rel=\"canonical\" href=\"https:\/\/www.caudete.org\/ayuntamiento\/caudeteeneuropa-intercambio-juvenil-junto-a-marseillan-castleblaney-y-malmedy-con-5-jovenes-caudetanos\/\" \/>\n<meta property=\"og:locale\" content=\"es_ES\" \/>\n<meta property=\"og:type\" content=\"article\" \/>\n<meta property=\"og:title\" content=\"CaudeteEnEUROPA: intercambio juvenil junto a Marseillan, Castleblaney y Malmedy con 5 j\u00f3venes caudetanos - MI Ayuntamiento de Caudete\" \/>\n<meta property=\"og:description\" content=\"P\u00e1gina Oficial del Ayuntamiento de Caudete (Albacete)\" \/>\n<meta property=\"og:url\" content=\"https:\/\/www.caudete.org\/ayuntamiento\/caudeteeneuropa-intercambio-juvenil-junto-a-marseillan-castleblaney-y-malmedy-con-5-jovenes-caudetanos\/\" \/>\n<meta property=\"og:site_name\" content=\"MI Ayuntamiento de Caudete\" \/>\n<meta property=\"article:publisher\" content=\"https:\/\/www.facebook.com\/ayuntamientocaudete\/\" \/>\n<meta property=\"article:published_time\" content=\"2022-04-04T07:00:28+00:00\" \/>\n<meta property=\"article:modified_time\" content=\"2022-04-04T07:51:25+00:00\" \/>\n<meta property=\"og:image\" content=\"https:\/\/www.caudete.org\/ayuntamiento\/wp-content\/uploads\/2022\/04\/image0.jpeg\" \/>\n\t<meta property=\"og:image:width\" content=\"1600\" \/>\n\t<meta property=\"og:image:height\" content=\"738\" \/>\n\t<meta property=\"og:image:type\" content=\"image\/jpeg\" \/>\n<meta name=\"author\" content=\"alcalde\" \/>\n<meta name=\"twitter:card\" content=\"summary_large_image\" \/>\n<meta name=\"twitter:label1\" content=\"Escrito por\" \/>\n\t<meta name=\"twitter:data1\" content=\"alcalde\" \/>\n\t<meta name=\"twitter:label2\" content=\"Tiempo de lectura\" \/>\n\t<meta name=\"twitter:data2\" content=\"2 minutos\" \/>\n<script type=\"application\/ld+json\" class=\"yoast-schema-graph\">{\"@context\":\"https:\\\/\\\/schema.org\",\"@graph\":[{\"@type\":\"Article\",\"@id\":\"https:\\\/\\\/www.caudete.org\\\/ayuntamiento\\\/caudeteeneuropa-intercambio-juvenil-junto-a-marseillan-castleblaney-y-malmedy-con-5-jovenes-caudetanos\\\/#article\",\"isPartOf\":{\"@id\":\"https:\\\/\\\/www.caudete.org\\\/ayuntamiento\\\/caudeteeneuropa-intercambio-juvenil-junto-a-marseillan-castleblaney-y-malmedy-con-5-jovenes-caudetanos\\\/\"},\"author\":{\"name\":\"alcalde\",\"@id\":\"https:\\\/\\\/www.caudete.org\\\/ayuntamiento\\\/#\\\/schema\\\/person\\\/cc646da9133078ee4d8dd47457947253\"},\"headline\":\"CaudeteEnEUROPA: intercambio juvenil junto a Marseillan, Castleblaney y Malmedy con 5 j\u00f3venes caudetanos\",\"datePublished\":\"2022-04-04T07:00:28+00:00\",\"dateModified\":\"2022-04-04T07:51:25+00:00\",\"mainEntityOfPage\":{\"@id\":\"https:\\\/\\\/www.caudete.org\\\/ayuntamiento\\\/caudeteeneuropa-intercambio-juvenil-junto-a-marseillan-castleblaney-y-malmedy-con-5-jovenes-caudetanos\\\/\"},\"wordCount\":284,\"publisher\":{\"@id\":\"https:\\\/\\\/www.caudete.org\\\/ayuntamiento\\\/#organization\"},\"image\":{\"@id\":\"https:\\\/\\\/www.caudete.org\\\/ayuntamiento\\\/caudeteeneuropa-intercambio-juvenil-junto-a-marseillan-castleblaney-y-malmedy-con-5-jovenes-caudetanos\\\/#primaryimage\"},\"thumbnailUrl\":\"https:\\\/\\\/www.caudete.org\\\/ayuntamiento\\\/wp-content\\\/uploads\\\/2022\\\/04\\\/image0.jpeg\",\"articleSection\":[\"Juventud\"],\"inLanguage\":\"es\"},{\"@type\":\"WebPage\",\"@id\":\"https:\\\/\\\/www.caudete.org\\\/ayuntamiento\\\/caudeteeneuropa-intercambio-juvenil-junto-a-marseillan-castleblaney-y-malmedy-con-5-jovenes-caudetanos\\\/\",\"url\":\"https:\\\/\\\/www.caudete.org\\\/ayuntamiento\\\/caudeteeneuropa-intercambio-juvenil-junto-a-marseillan-castleblaney-y-malmedy-con-5-jovenes-caudetanos\\\/\",\"name\":\"CaudeteEnEUROPA: intercambio juvenil junto a Marseillan, Castleblaney y Malmedy con 5 j\u00f3venes caudetanos - MI Ayuntamiento de Caudete\",\"isPartOf\":{\"@id\":\"https:\\\/\\\/www.caudete.org\\\/ayuntamiento\\\/#website\"},\"primaryImageOfPage\":{\"@id\":\"https:\\\/\\\/www.caudete.org\\\/ayuntamiento\\\/caudeteeneuropa-intercambio-juvenil-junto-a-marseillan-castleblaney-y-malmedy-con-5-jovenes-caudetanos\\\/#primaryimage\"},\"image\":{\"@id\":\"https:\\\/\\\/www.caudete.org\\\/ayuntamiento\\\/caudeteeneuropa-intercambio-juvenil-junto-a-marseillan-castleblaney-y-malmedy-con-5-jovenes-caudetanos\\\/#primaryimage\"},\"thumbnailUrl\":\"https:\\\/\\\/www.caudete.org\\\/ayuntamiento\\\/wp-content\\\/uploads\\\/2022\\\/04\\\/image0.jpeg\",\"datePublished\":\"2022-04-04T07:00:28+00:00\",\"dateModified\":\"2022-04-04T07:51:25+00:00\",\"description\":\"P\u00e1gina Oficial del Ayuntamiento de Caudete (Albacete)\",\"breadcrumb\":{\"@id\":\"https:\\\/\\\/www.caudete.org\\\/ayuntamiento\\\/caudeteeneuropa-intercambio-juvenil-junto-a-marseillan-castleblaney-y-malmedy-con-5-jovenes-caudetanos\\\/#breadcrumb\"},\"inLanguage\":\"es\",\"potentialAction\":[{\"@type\":\"ReadAction\",\"target\":[\"https:\\\/\\\/www.caudete.org\\\/ayuntamiento\\\/caudeteeneuropa-intercambio-juvenil-junto-a-marseillan-castleblaney-y-malmedy-con-5-jovenes-caudetanos\\\/\"]}]},{\"@type\":\"ImageObject\",\"inLanguage\":\"es\",\"@id\":\"https:\\\/\\\/www.caudete.org\\\/ayuntamiento\\\/caudeteeneuropa-intercambio-juvenil-junto-a-marseillan-castleblaney-y-malmedy-con-5-jovenes-caudetanos\\\/#primaryimage\",\"url\":\"https:\\\/\\\/www.caudete.org\\\/ayuntamiento\\\/wp-content\\\/uploads\\\/2022\\\/04\\\/image0.jpeg\",\"contentUrl\":\"https:\\\/\\\/www.caudete.org\\\/ayuntamiento\\\/wp-content\\\/uploads\\\/2022\\\/04\\\/image0.jpeg\",\"width\":1600,\"height\":738},{\"@type\":\"BreadcrumbList\",\"@id\":\"https:\\\/\\\/www.caudete.org\\\/ayuntamiento\\\/caudeteeneuropa-intercambio-juvenil-junto-a-marseillan-castleblaney-y-malmedy-con-5-jovenes-caudetanos\\\/#breadcrumb\",\"itemListElement\":[{\"@type\":\"ListItem\",\"position\":1,\"name\":\"Inicio\",\"item\":\"https:\\\/\\\/www.caudete.org\\\/ayuntamiento\\\/\"},{\"@type\":\"ListItem\",\"position\":2,\"name\":\"CaudeteEnEUROPA: intercambio juvenil junto a Marseillan, Castleblaney y Malmedy con 5 j\u00f3venes caudetanos\"}]},{\"@type\":\"WebSite\",\"@id\":\"https:\\\/\\\/www.caudete.org\\\/ayuntamiento\\\/#website\",\"url\":\"https:\\\/\\\/www.caudete.org\\\/ayuntamiento\\\/\",\"name\":\"MI Ayuntamiento de Caudete\",\"description\":\"P\u00e1gina Oficial del MI Ayuntamiento de Caudete\",\"publisher\":{\"@id\":\"https:\\\/\\\/www.caudete.org\\\/ayuntamiento\\\/#organization\"},\"potentialAction\":[{\"@type\":\"SearchAction\",\"target\":{\"@type\":\"EntryPoint\",\"urlTemplate\":\"https:\\\/\\\/www.caudete.org\\\/ayuntamiento\\\/?s={search_term_string}\"},\"query-input\":{\"@type\":\"PropertyValueSpecification\",\"valueRequired\":true,\"valueName\":\"search_term_string\"}}],\"inLanguage\":\"es\"},{\"@type\":\"Organization\",\"@id\":\"https:\\\/\\\/www.caudete.org\\\/ayuntamiento\\\/#organization\",\"name\":\"Ayuntamiento de Caudete\",\"url\":\"https:\\\/\\\/www.caudete.org\\\/ayuntamiento\\\/\",\"logo\":{\"@type\":\"ImageObject\",\"inLanguage\":\"es\",\"@id\":\"https:\\\/\\\/www.caudete.org\\\/ayuntamiento\\\/#\\\/schema\\\/logo\\\/image\\\/\",\"url\":\"https:\\\/\\\/www.caudete.org\\\/ayuntamiento\\\/wp-content\\\/uploads\\\/2020\\\/11\\\/logo_ayuntamiento_caudete.jpg\",\"contentUrl\":\"https:\\\/\\\/www.caudete.org\\\/ayuntamiento\\\/wp-content\\\/uploads\\\/2020\\\/11\\\/logo_ayuntamiento_caudete.jpg\",\"width\":600,\"height\":150,\"caption\":\"Ayuntamiento de Caudete\"},\"image\":{\"@id\":\"https:\\\/\\\/www.caudete.org\\\/ayuntamiento\\\/#\\\/schema\\\/logo\\\/image\\\/\"},\"sameAs\":[\"https:\\\/\\\/www.facebook.com\\\/ayuntamientocaudete\\\/\",\"https:\\\/\\\/www.youtube.com\\\/channel\\\/UC6VztHaooNsGpw-tNoBEFnQ\"]},{\"@type\":\"Person\",\"@id\":\"https:\\\/\\\/www.caudete.org\\\/ayuntamiento\\\/#\\\/schema\\\/person\\\/cc646da9133078ee4d8dd47457947253\",\"name\":\"alcalde\",\"image\":{\"@type\":\"ImageObject\",\"inLanguage\":\"es\",\"@id\":\"https:\\\/\\\/secure.gravatar.com\\\/avatar\\\/84a817ba065b29ff08d666b215a215f5c79186a645ccb25b14a663d48a130f77?s=96&d=mm&r=g\",\"url\":\"https:\\\/\\\/secure.gravatar.com\\\/avatar\\\/84a817ba065b29ff08d666b215a215f5c79186a645ccb25b14a663d48a130f77?s=96&d=mm&r=g\",\"contentUrl\":\"https:\\\/\\\/secure.gravatar.com\\\/avatar\\\/84a817ba065b29ff08d666b215a215f5c79186a645ccb25b14a663d48a130f77?s=96&d=mm&r=g\",\"caption\":\"alcalde\"},\"url\":\"https:\\\/\\\/www.caudete.org\\\/ayuntamiento\\\/author\\\/alcalde\\\/\"}]}<\/script>\n<!-- \/ Yoast SEO plugin. -->","yoast_head_json":{"title":"CaudeteEnEUROPA: intercambio juvenil junto a Marseillan, Castleblaney y Malmedy con 5 j\u00f3venes caudetanos - MI Ayuntamiento de Caudete","description":"P\u00e1gina Oficial del Ayuntamiento de Caudete (Albacete)","robots":{"index":"index","follow":"follow","max-snippet":"max-snippet:-1","max-image-preview":"max-image-preview:large","max-video-preview":"max-video-preview:-1"},"canonical":"https:\/\/www.caudete.org\/ayuntamiento\/caudeteeneuropa-intercambio-juvenil-junto-a-marseillan-castleblaney-y-malmedy-con-5-jovenes-caudetanos\/","og_locale":"es_ES","og_type":"article","og_title":"CaudeteEnEUROPA: intercambio juvenil junto a Marseillan, Castleblaney y Malmedy con 5 j\u00f3venes caudetanos - MI Ayuntamiento de Caudete","og_description":"P\u00e1gina Oficial del Ayuntamiento de Caudete (Albacete)","og_url":"https:\/\/www.caudete.org\/ayuntamiento\/caudeteeneuropa-intercambio-juvenil-junto-a-marseillan-castleblaney-y-malmedy-con-5-jovenes-caudetanos\/","og_site_name":"MI Ayuntamiento de Caudete","article_publisher":"https:\/\/www.facebook.com\/ayuntamientocaudete\/","article_published_time":"2022-04-04T07:00:28+00:00","article_modified_time":"2022-04-04T07:51:25+00:00","og_image":[{"width":1600,"height":738,"url":"https:\/\/www.caudete.org\/ayuntamiento\/wp-content\/uploads\/2022\/04\/image0.jpeg","type":"image\/jpeg"}],"author":"alcalde","twitter_card":"summary_large_image","twitter_misc":{"Escrito por":"alcalde","Tiempo de lectura":"2 minutos"},"schema":{"@context":"https:\/\/schema.org","@graph":[{"@type":"Article","@id":"https:\/\/www.caudete.org\/ayuntamiento\/caudeteeneuropa-intercambio-juvenil-junto-a-marseillan-castleblaney-y-malmedy-con-5-jovenes-caudetanos\/#article","isPartOf":{"@id":"https:\/\/www.caudete.org\/ayuntamiento\/caudeteeneuropa-intercambio-juvenil-junto-a-marseillan-castleblaney-y-malmedy-con-5-jovenes-caudetanos\/"},"author":{"name":"alcalde","@id":"https:\/\/www.caudete.org\/ayuntamiento\/#\/schema\/person\/cc646da9133078ee4d8dd47457947253"},"headline":"CaudeteEnEUROPA: intercambio juvenil junto a Marseillan, Castleblaney y Malmedy con 5 j\u00f3venes caudetanos","datePublished":"2022-04-04T07:00:28+00:00","dateModified":"2022-04-04T07:51:25+00:00","mainEntityOfPage":{"@id":"https:\/\/www.caudete.org\/ayuntamiento\/caudeteeneuropa-intercambio-juvenil-junto-a-marseillan-castleblaney-y-malmedy-con-5-jovenes-caudetanos\/"},"wordCount":284,"publisher":{"@id":"https:\/\/www.caudete.org\/ayuntamiento\/#organization"},"image":{"@id":"https:\/\/www.caudete.org\/ayuntamiento\/caudeteeneuropa-intercambio-juvenil-junto-a-marseillan-castleblaney-y-malmedy-con-5-jovenes-caudetanos\/#primaryimage"},"thumbnailUrl":"https:\/\/www.caudete.org\/ayuntamiento\/wp-content\/uploads\/2022\/04\/image0.jpeg","articleSection":["Juventud"],"inLanguage":"es"},{"@type":"WebPage","@id":"https:\/\/www.caudete.org\/ayuntamiento\/caudeteeneuropa-intercambio-juvenil-junto-a-marseillan-castleblaney-y-malmedy-con-5-jovenes-caudetanos\/","url":"https:\/\/www.caudete.org\/ayuntamiento\/caudeteeneuropa-intercambio-juvenil-junto-a-marseillan-castleblaney-y-malmedy-con-5-jovenes-caudetanos\/","name":"CaudeteEnEUROPA: intercambio juvenil junto a Marseillan, Castleblaney y Malmedy con 5 j\u00f3venes caudetanos - MI Ayuntamiento de Caudete","isPartOf":{"@id":"https:\/\/www.caudete.org\/ayuntamiento\/#website"},"primaryImageOfPage":{"@id":"https:\/\/www.caudete.org\/ayuntamiento\/caudeteeneuropa-intercambio-juvenil-junto-a-marseillan-castleblaney-y-malmedy-con-5-jovenes-caudetanos\/#primaryimage"},"image":{"@id":"https:\/\/www.caudete.org\/ayuntamiento\/caudeteeneuropa-intercambio-juvenil-junto-a-marseillan-castleblaney-y-malmedy-con-5-jovenes-caudetanos\/#primaryimage"},"thumbnailUrl":"https:\/\/www.caudete.org\/ayuntamiento\/wp-content\/uploads\/2022\/04\/image0.jpeg","datePublished":"2022-04-04T07:00:28+00:00","dateModified":"2022-04-04T07:51:25+00:00","description":"P\u00e1gina Oficial del Ayuntamiento de Caudete (Albacete)","breadcrumb":{"@id":"https:\/\/www.caudete.org\/ayuntamiento\/caudeteeneuropa-intercambio-juvenil-junto-a-marseillan-castleblaney-y-malmedy-con-5-jovenes-caudetanos\/#breadcrumb"},"inLanguage":"es","potentialAction":[{"@type":"ReadAction","target":["https:\/\/www.caudete.org\/ayuntamiento\/caudeteeneuropa-intercambio-juvenil-junto-a-marseillan-castleblaney-y-malmedy-con-5-jovenes-caudetanos\/"]}]},{"@type":"ImageObject","inLanguage":"es","@id":"https:\/\/www.caudete.org\/ayuntamiento\/caudeteeneuropa-intercambio-juvenil-junto-a-marseillan-castleblaney-y-malmedy-con-5-jovenes-caudetanos\/#primaryimage","url":"https:\/\/www.caudete.org\/ayuntamiento\/wp-content\/uploads\/2022\/04\/image0.jpeg","contentUrl":"https:\/\/www.caudete.org\/ayuntamiento\/wp-content\/uploads\/2022\/04\/image0.jpeg","width":1600,"height":738},{"@type":"BreadcrumbList","@id":"https:\/\/www.caudete.org\/ayuntamiento\/caudeteeneuropa-intercambio-juvenil-junto-a-marseillan-castleblaney-y-malmedy-con-5-jovenes-caudetanos\/#breadcrumb","itemListElement":[{"@type":"ListItem","position":1,"name":"Inicio","item":"https:\/\/www.caudete.org\/ayuntamiento\/"},{"@type":"ListItem","position":2,"name":"CaudeteEnEUROPA: intercambio juvenil junto a Marseillan, Castleblaney y Malmedy con 5 j\u00f3venes caudetanos"}]},{"@type":"WebSite","@id":"https:\/\/www.caudete.org\/ayuntamiento\/#website","url":"https:\/\/www.caudete.org\/ayuntamiento\/","name":"MI Ayuntamiento de Caudete","description":"P\u00e1gina Oficial del MI Ayuntamiento de Caudete","publisher":{"@id":"https:\/\/www.caudete.org\/ayuntamiento\/#organization"},"potentialAction":[{"@type":"SearchAction","target":{"@type":"EntryPoint","urlTemplate":"https:\/\/www.caudete.org\/ayuntamiento\/?s={search_term_string}"},"query-input":{"@type":"PropertyValueSpecification","valueRequired":true,"valueName":"search_term_string"}}],"inLanguage":"es"},{"@type":"Organization","@id":"https:\/\/www.caudete.org\/ayuntamiento\/#organization","name":"Ayuntamiento de Caudete","url":"https:\/\/www.caudete.org\/ayuntamiento\/","logo":{"@type":"ImageObject","inLanguage":"es","@id":"https:\/\/www.caudete.org\/ayuntamiento\/#\/schema\/logo\/image\/","url":"https:\/\/www.caudete.org\/ayuntamiento\/wp-content\/uploads\/2020\/11\/logo_ayuntamiento_caudete.jpg","contentUrl":"https:\/\/www.caudete.org\/ayuntamiento\/wp-content\/uploads\/2020\/11\/logo_ayuntamiento_caudete.jpg","width":600,"height":150,"caption":"Ayuntamiento de Caudete"},"image":{"@id":"https:\/\/www.caudete.org\/ayuntamiento\/#\/schema\/logo\/image\/"},"sameAs":["https:\/\/www.facebook.com\/ayuntamientocaudete\/","https:\/\/www.youtube.com\/channel\/UC6VztHaooNsGpw-tNoBEFnQ"]},{"@type":"Person","@id":"https:\/\/www.caudete.org\/ayuntamiento\/#\/schema\/person\/cc646da9133078ee4d8dd47457947253","name":"alcalde","image":{"@type":"ImageObject","inLanguage":"es","@id":"https:\/\/secure.gravatar.com\/avatar\/84a817ba065b29ff08d666b215a215f5c79186a645ccb25b14a663d48a130f77?s=96&d=mm&r=g","url":"https:\/\/secure.gravatar.com\/avatar\/84a817ba065b29ff08d666b215a215f5c79186a645ccb25b14a663d48a130f77?s=96&d=mm&r=g","contentUrl":"https:\/\/secure.gravatar.com\/avatar\/84a817ba065b29ff08d666b215a215f5c79186a645ccb25b14a663d48a130f77?s=96&d=mm&r=g","caption":"alcalde"},"url":"https:\/\/www.caudete.org\/ayuntamiento\/author\/alcalde\/"}]}},"_links":{"self":[{"href":"https:\/\/www.caudete.org\/ayuntamiento\/wp-json\/wp\/v2\/posts\/18638","targetHints":{"allow":["GET"]}}],"collection":[{"href":"https:\/\/www.caudete.org\/ayuntamiento\/wp-json\/wp\/v2\/posts"}],"about":[{"href":"https:\/\/www.caudete.org\/ayuntamiento\/wp-json\/wp\/v2\/types\/post"}],"author":[{"embeddable":true,"href":"https:\/\/www.caudete.org\/ayuntamiento\/wp-json\/wp\/v2\/users\/3"}],"replies":[{"embeddable":true,"href":"https:\/\/www.caudete.org\/ayuntamiento\/wp-json\/wp\/v2\/comments?post=18638"}],"version-history":[{"count":2,"href":"https:\/\/www.caudete.org\/ayuntamiento\/wp-json\/wp\/v2\/posts\/18638\/revisions"}],"predecessor-version":[{"id":18644,"href":"https:\/\/www.caudete.org\/ayuntamiento\/wp-json\/wp\/v2\/posts\/18638\/revisions\/18644"}],"wp:featuredmedia":[{"embeddable":true,"href":"https:\/\/www.caudete.org\/ayuntamiento\/wp-json\/wp\/v2\/media\/18639"}],"wp:attachment":[{"href":"https:\/\/www.caudete.org\/ayuntamiento\/wp-json\/wp\/v2\/media?parent=18638"}],"wp:term":[{"taxonomy":"category","embeddable":true,"href":"https:\/\/www.caudete.org\/ayuntamiento\/wp-json\/wp\/v2\/categories?post=18638"},{"taxonomy":"post_tag","embeddable":true,"href":"https:\/\/www.caudete.org\/ayuntamiento\/wp-json\/wp\/v2\/tags?post=18638"}],"curies":[{"name":"wp","href":"https:\/\/api.w.org\/{rel}","templated":true}]}}