{"id":18654,"date":"2022-04-06T09:45:40","date_gmt":"2022-04-06T07:45:40","guid":{"rendered":"https:\/\/www.caudete.org\/ayuntamiento\/?p=18654"},"modified":"2022-04-06T13:06:45","modified_gmt":"2022-04-06T11:06:45","slug":"importantes-mejoras-ejecutadas-en-del-centro-social-alcalde-vicente-lillo","status":"publish","type":"post","link":"https:\/\/www.caudete.org\/ayuntamiento\/importantes-mejoras-ejecutadas-en-del-centro-social-alcalde-vicente-lillo\/","title":{"rendered":"Importantes mejoras ejecutadas en del Centro Social Alcalde Vicente Lillo"},"content":{"rendered":"<p style=\"text-align: justify;\">El Centro Social &#8220;Alcalde Vicente Lillo&#8221;, donde se concentran numerosas asociaciones locales del tejido sociosanitario y social de la localidad ha sido receptor de una serie de mejoras que otorgan al espacio mayor ornato, usabilidad y eficiencia energ\u00e9tica, y que en los \u00faltimos 3 a\u00f1os se cuantifican en m\u00e1s de 27.000\u20ac<\/p>\n<p style=\"text-align: justify;\">As\u00ed lo explicaban esta ma\u00f1ana el Alcalde Mois\u00e9s L\u00f3pez, y la Concejal Pilar Egea, responsable de la gesti\u00f3n de dicho centro, explicando que las mejoras realizadas se han realizado en dos fases.<\/p>\n<p><a href=\"https:\/\/www.caudete.org\/ayuntamiento\/wp-content\/uploads\/2022\/04\/WhatsApp-Image-2022-03-24-at-13.40.59-1.jpeg\" rel='prettyPhoto'><img fetchpriority=\"high\" decoding=\"async\" class=\"aligncenter wp-image-18655 size-medium\" src=\"https:\/\/www.caudete.org\/ayuntamiento\/wp-content\/uploads\/2022\/04\/WhatsApp-Image-2022-03-24-at-13.40.59-1-300x225.jpeg\" alt=\"\" width=\"300\" height=\"225\" srcset=\"https:\/\/www.caudete.org\/ayuntamiento\/wp-content\/uploads\/2022\/04\/WhatsApp-Image-2022-03-24-at-13.40.59-1-300x225.jpeg 300w, https:\/\/www.caudete.org\/ayuntamiento\/wp-content\/uploads\/2022\/04\/WhatsApp-Image-2022-03-24-at-13.40.59-1-1024x769.jpeg 1024w, https:\/\/www.caudete.org\/ayuntamiento\/wp-content\/uploads\/2022\/04\/WhatsApp-Image-2022-03-24-at-13.40.59-1-768x576.jpeg 768w, https:\/\/www.caudete.org\/ayuntamiento\/wp-content\/uploads\/2022\/04\/WhatsApp-Image-2022-03-24-at-13.40.59-1-1536x1153.jpeg 1536w, https:\/\/www.caudete.org\/ayuntamiento\/wp-content\/uploads\/2022\/04\/WhatsApp-Image-2022-03-24-at-13.40.59-1.jpeg 1600w\" sizes=\"(max-width: 300px) 100vw, 300px\" \/><\/a><\/p>\n<p style=\"text-align: justify;\">Por un lado, la Edil detallaba las obras ejecutadas por una empresa local a mediados de Diciembre 2021 consistentes en la colocaci\u00f3n de un falso techo discontinuo con placa de escayola y aislante, para favorecer la eficiencia energ\u00e9tica de las zonas a cubrir, y ganar tambi\u00e9n en la ac\u00fastica, ya que el espacio suele emplearse para actividades diversas de las asociaciones, con un coste de inversi\u00f3n aproximado de 2.500\u20ac<\/p>\n<p style=\"text-align: justify;\">Por otro lado, el Alcalde explicaba que durante los d\u00edas de lluvia del pasado mes de Marzo, la Brigada de Obras Municipal ha sido la encargada, por medio del grupo de pintores, de realizar una actuaci\u00f3n integral en el vest\u00edbulo de la zona 3. Para ello, han sido repasadas todas las paredes y techos respecto a desperfectos, oquedades y discontinuidad de acabados, para una vez subsanado todo ello, y eliminadas maquinarias antiguas de climatizaci\u00f3n, proceder al pintado completo de la zona.<\/p>\n<p style=\"text-align: justify;\">Adem\u00e1s, se ha aprovechado la intervenci\u00f3n en dicho espacio para dotar a la zona 3 con privacidad de uso, instalando cerradura a su acceso, as\u00ed como la reparaci\u00f3n del antip\u00e1nico. Informaba que, en pr\u00f3ximas semanas se continuar\u00e1 con una mejora de iluminaci\u00f3n solicitada por diversas asociaciones usuarias, as\u00ed como de algunos peque\u00f1os retoques en diferentes salas.<\/p>\n<p style=\"text-align: justify;\">Destac\u00f3 el Alcalde las diferentes inversiones realizadas en la presente legislatura en dicho centro, con la instalaci\u00f3n de estores enrrollables por cerca de 1.300\u20ac para diferentes salas, y los casi 9.000\u20ac para la climatizaci\u00f3n de dicho espacio, todo ello ejecutado en 2020, o los m\u00e1s de 13.900\u20ac invertidos en 2019 para realizar el forjado que ha permitido dar mayor usabilidad al vest\u00edbulo de la zona 3, lo que supone m\u00e1s de 27.000\u20ac invertidos en los \u00faltimos 3 a\u00f1os para el beneficio de las asociaciones locales y sus usuarios ubicadas en dicho Centro Social.<\/p>\n<p><a href=\"https:\/\/www.caudete.org\/ayuntamiento\/wp-content\/uploads\/2022\/04\/WhatsApp-Image-2022-03-24-at-13.40.59.jpeg\" rel='prettyPhoto'><img decoding=\"async\" class=\"aligncenter wp-image-18656 size-medium\" src=\"https:\/\/www.caudete.org\/ayuntamiento\/wp-content\/uploads\/2022\/04\/WhatsApp-Image-2022-03-24-at-13.40.59-300x225.jpeg\" alt=\"\" width=\"300\" height=\"225\" srcset=\"https:\/\/www.caudete.org\/ayuntamiento\/wp-content\/uploads\/2022\/04\/WhatsApp-Image-2022-03-24-at-13.40.59-300x225.jpeg 300w, https:\/\/www.caudete.org\/ayuntamiento\/wp-content\/uploads\/2022\/04\/WhatsApp-Image-2022-03-24-at-13.40.59-1024x769.jpeg 1024w, https:\/\/www.caudete.org\/ayuntamiento\/wp-content\/uploads\/2022\/04\/WhatsApp-Image-2022-03-24-at-13.40.59-768x576.jpeg 768w, https:\/\/www.caudete.org\/ayuntamiento\/wp-content\/uploads\/2022\/04\/WhatsApp-Image-2022-03-24-at-13.40.59-1536x1153.jpeg 1536w, https:\/\/www.caudete.org\/ayuntamiento\/wp-content\/uploads\/2022\/04\/WhatsApp-Image-2022-03-24-at-13.40.59.jpeg 1600w\" sizes=\"(max-width: 300px) 100vw, 300px\" \/><\/a><\/p>\n","protected":false},"excerpt":{"rendered":"<p>El Centro Social &#8220;Alcalde Vicente Lillo&#8221;, donde se concentran numerosas asociaciones locales del tejido sociosanitario y social de la localidad ha sido receptor de una serie de mejoras que otorgan al espacio mayor ornato, usabilidad y eficiencia energ\u00e9tica, y que en los \u00faltimos 3 a\u00f1os se cuantifican en m\u00e1s de 27.000\u20ac As\u00ed lo explicaban esta &hellip;<\/p>\n","protected":false},"author":3,"featured_media":18657,"comment_status":"closed","ping_status":"open","sticky":false,"template":"","format":"standard","meta":{"ngg_post_thumbnail":0,"footnotes":""},"categories":[675],"tags":[],"class_list":["post-18654","post","type-post","status-publish","format-standard","has-post-thumbnail","hentry","category-obras"],"yoast_head":"<!-- This site is optimized with the Yoast SEO plugin v27.5 - https:\/\/yoast.com\/product\/yoast-seo-wordpress\/ -->\n<title>Importantes mejoras ejecutadas en del Centro Social Alcalde Vicente Lillo - MI Ayuntamiento de Caudete<\/title>\n<meta name=\"description\" content=\"P\u00e1gina Oficial del Ayuntamiento de Caudete (Albacete)\" \/>\n<meta name=\"robots\" content=\"index, follow, max-snippet:-1, max-image-preview:large, max-video-preview:-1\" \/>\n<link rel=\"canonical\" href=\"https:\/\/www.caudete.org\/ayuntamiento\/importantes-mejoras-ejecutadas-en-del-centro-social-alcalde-vicente-lillo\/\" \/>\n<meta property=\"og:locale\" content=\"es_ES\" \/>\n<meta property=\"og:type\" content=\"article\" \/>\n<meta property=\"og:title\" content=\"Importantes mejoras ejecutadas en del Centro Social Alcalde Vicente Lillo - MI Ayuntamiento de Caudete\" \/>\n<meta property=\"og:description\" content=\"P\u00e1gina Oficial del Ayuntamiento de Caudete (Albacete)\" \/>\n<meta property=\"og:url\" content=\"https:\/\/www.caudete.org\/ayuntamiento\/importantes-mejoras-ejecutadas-en-del-centro-social-alcalde-vicente-lillo\/\" \/>\n<meta property=\"og:site_name\" content=\"MI Ayuntamiento de Caudete\" \/>\n<meta property=\"article:publisher\" content=\"https:\/\/www.facebook.com\/ayuntamientocaudete\/\" \/>\n<meta property=\"article:published_time\" content=\"2022-04-06T07:45:40+00:00\" \/>\n<meta property=\"article:modified_time\" content=\"2022-04-06T11:06:45+00:00\" \/>\n<meta property=\"og:image\" content=\"https:\/\/www.caudete.org\/ayuntamiento\/wp-content\/uploads\/2022\/04\/IMG_20220316_121849-scaled.jpg\" \/>\n\t<meta property=\"og:image:width\" content=\"2560\" \/>\n\t<meta property=\"og:image:height\" content=\"1920\" \/>\n\t<meta property=\"og:image:type\" content=\"image\/jpeg\" \/>\n<meta name=\"author\" content=\"alcalde\" \/>\n<meta name=\"twitter:card\" content=\"summary_large_image\" \/>\n<meta name=\"twitter:label1\" content=\"Escrito por\" \/>\n\t<meta name=\"twitter:data1\" content=\"alcalde\" \/>\n\t<meta name=\"twitter:label2\" content=\"Tiempo de lectura\" \/>\n\t<meta name=\"twitter:data2\" content=\"3 minutos\" \/>\n<script type=\"application\/ld+json\" class=\"yoast-schema-graph\">{\"@context\":\"https:\\\/\\\/schema.org\",\"@graph\":[{\"@type\":\"Article\",\"@id\":\"https:\\\/\\\/www.caudete.org\\\/ayuntamiento\\\/importantes-mejoras-ejecutadas-en-del-centro-social-alcalde-vicente-lillo\\\/#article\",\"isPartOf\":{\"@id\":\"https:\\\/\\\/www.caudete.org\\\/ayuntamiento\\\/importantes-mejoras-ejecutadas-en-del-centro-social-alcalde-vicente-lillo\\\/\"},\"author\":{\"name\":\"alcalde\",\"@id\":\"https:\\\/\\\/www.caudete.org\\\/ayuntamiento\\\/#\\\/schema\\\/person\\\/cc646da9133078ee4d8dd47457947253\"},\"headline\":\"Importantes mejoras ejecutadas en del Centro Social Alcalde Vicente Lillo\",\"datePublished\":\"2022-04-06T07:45:40+00:00\",\"dateModified\":\"2022-04-06T11:06:45+00:00\",\"mainEntityOfPage\":{\"@id\":\"https:\\\/\\\/www.caudete.org\\\/ayuntamiento\\\/importantes-mejoras-ejecutadas-en-del-centro-social-alcalde-vicente-lillo\\\/\"},\"wordCount\":407,\"image\":{\"@id\":\"https:\\\/\\\/www.caudete.org\\\/ayuntamiento\\\/importantes-mejoras-ejecutadas-en-del-centro-social-alcalde-vicente-lillo\\\/#primaryimage\"},\"thumbnailUrl\":\"https:\\\/\\\/www.caudete.org\\\/ayuntamiento\\\/wp-content\\\/uploads\\\/2022\\\/04\\\/IMG_20220316_121849-scaled.jpg\",\"articleSection\":[\"Obras\"],\"inLanguage\":\"es\"},{\"@type\":\"WebPage\",\"@id\":\"https:\\\/\\\/www.caudete.org\\\/ayuntamiento\\\/importantes-mejoras-ejecutadas-en-del-centro-social-alcalde-vicente-lillo\\\/\",\"url\":\"https:\\\/\\\/www.caudete.org\\\/ayuntamiento\\\/importantes-mejoras-ejecutadas-en-del-centro-social-alcalde-vicente-lillo\\\/\",\"name\":\"Importantes mejoras ejecutadas en del Centro Social Alcalde Vicente Lillo - MI Ayuntamiento de Caudete\",\"isPartOf\":{\"@id\":\"https:\\\/\\\/www.caudete.org\\\/ayuntamiento\\\/#website\"},\"primaryImageOfPage\":{\"@id\":\"https:\\\/\\\/www.caudete.org\\\/ayuntamiento\\\/importantes-mejoras-ejecutadas-en-del-centro-social-alcalde-vicente-lillo\\\/#primaryimage\"},\"image\":{\"@id\":\"https:\\\/\\\/www.caudete.org\\\/ayuntamiento\\\/importantes-mejoras-ejecutadas-en-del-centro-social-alcalde-vicente-lillo\\\/#primaryimage\"},\"thumbnailUrl\":\"https:\\\/\\\/www.caudete.org\\\/ayuntamiento\\\/wp-content\\\/uploads\\\/2022\\\/04\\\/IMG_20220316_121849-scaled.jpg\",\"datePublished\":\"2022-04-06T07:45:40+00:00\",\"dateModified\":\"2022-04-06T11:06:45+00:00\",\"author\":{\"@id\":\"https:\\\/\\\/www.caudete.org\\\/ayuntamiento\\\/#\\\/schema\\\/person\\\/cc646da9133078ee4d8dd47457947253\"},\"description\":\"P\u00e1gina Oficial del Ayuntamiento de Caudete (Albacete)\",\"breadcrumb\":{\"@id\":\"https:\\\/\\\/www.caudete.org\\\/ayuntamiento\\\/importantes-mejoras-ejecutadas-en-del-centro-social-alcalde-vicente-lillo\\\/#breadcrumb\"},\"inLanguage\":\"es\",\"potentialAction\":[{\"@type\":\"ReadAction\",\"target\":[\"https:\\\/\\\/www.caudete.org\\\/ayuntamiento\\\/importantes-mejoras-ejecutadas-en-del-centro-social-alcalde-vicente-lillo\\\/\"]}]},{\"@type\":\"ImageObject\",\"inLanguage\":\"es\",\"@id\":\"https:\\\/\\\/www.caudete.org\\\/ayuntamiento\\\/importantes-mejoras-ejecutadas-en-del-centro-social-alcalde-vicente-lillo\\\/#primaryimage\",\"url\":\"https:\\\/\\\/www.caudete.org\\\/ayuntamiento\\\/wp-content\\\/uploads\\\/2022\\\/04\\\/IMG_20220316_121849-scaled.jpg\",\"contentUrl\":\"https:\\\/\\\/www.caudete.org\\\/ayuntamiento\\\/wp-content\\\/uploads\\\/2022\\\/04\\\/IMG_20220316_121849-scaled.jpg\",\"width\":2560,\"height\":1920},{\"@type\":\"BreadcrumbList\",\"@id\":\"https:\\\/\\\/www.caudete.org\\\/ayuntamiento\\\/importantes-mejoras-ejecutadas-en-del-centro-social-alcalde-vicente-lillo\\\/#breadcrumb\",\"itemListElement\":[{\"@type\":\"ListItem\",\"position\":1,\"name\":\"Inicio\",\"item\":\"https:\\\/\\\/www.caudete.org\\\/ayuntamiento\\\/\"},{\"@type\":\"ListItem\",\"position\":2,\"name\":\"Importantes mejoras ejecutadas en del Centro Social Alcalde Vicente Lillo\"}]},{\"@type\":\"WebSite\",\"@id\":\"https:\\\/\\\/www.caudete.org\\\/ayuntamiento\\\/#website\",\"url\":\"https:\\\/\\\/www.caudete.org\\\/ayuntamiento\\\/\",\"name\":\"MI Ayuntamiento de Caudete\",\"description\":\"P\u00e1gina Oficial del MI Ayuntamiento de Caudete\",\"potentialAction\":[{\"@type\":\"SearchAction\",\"target\":{\"@type\":\"EntryPoint\",\"urlTemplate\":\"https:\\\/\\\/www.caudete.org\\\/ayuntamiento\\\/?s={search_term_string}\"},\"query-input\":{\"@type\":\"PropertyValueSpecification\",\"valueRequired\":true,\"valueName\":\"search_term_string\"}}],\"inLanguage\":\"es\"},{\"@type\":\"Person\",\"@id\":\"https:\\\/\\\/www.caudete.org\\\/ayuntamiento\\\/#\\\/schema\\\/person\\\/cc646da9133078ee4d8dd47457947253\",\"name\":\"alcalde\",\"image\":{\"@type\":\"ImageObject\",\"inLanguage\":\"es\",\"@id\":\"https:\\\/\\\/secure.gravatar.com\\\/avatar\\\/84a817ba065b29ff08d666b215a215f5c79186a645ccb25b14a663d48a130f77?s=96&d=mm&r=g\",\"url\":\"https:\\\/\\\/secure.gravatar.com\\\/avatar\\\/84a817ba065b29ff08d666b215a215f5c79186a645ccb25b14a663d48a130f77?s=96&d=mm&r=g\",\"contentUrl\":\"https:\\\/\\\/secure.gravatar.com\\\/avatar\\\/84a817ba065b29ff08d666b215a215f5c79186a645ccb25b14a663d48a130f77?s=96&d=mm&r=g\",\"caption\":\"alcalde\"},\"url\":\"https:\\\/\\\/www.caudete.org\\\/ayuntamiento\\\/author\\\/alcalde\\\/\"}]}<\/script>\n<!-- \/ Yoast SEO plugin. -->","yoast_head_json":{"title":"Importantes mejoras ejecutadas en del Centro Social Alcalde Vicente Lillo - MI Ayuntamiento de Caudete","description":"P\u00e1gina Oficial del Ayuntamiento de Caudete (Albacete)","robots":{"index":"index","follow":"follow","max-snippet":"max-snippet:-1","max-image-preview":"max-image-preview:large","max-video-preview":"max-video-preview:-1"},"canonical":"https:\/\/www.caudete.org\/ayuntamiento\/importantes-mejoras-ejecutadas-en-del-centro-social-alcalde-vicente-lillo\/","og_locale":"es_ES","og_type":"article","og_title":"Importantes mejoras ejecutadas en del Centro Social Alcalde Vicente Lillo - MI Ayuntamiento de Caudete","og_description":"P\u00e1gina Oficial del Ayuntamiento de Caudete (Albacete)","og_url":"https:\/\/www.caudete.org\/ayuntamiento\/importantes-mejoras-ejecutadas-en-del-centro-social-alcalde-vicente-lillo\/","og_site_name":"MI Ayuntamiento de Caudete","article_publisher":"https:\/\/www.facebook.com\/ayuntamientocaudete\/","article_published_time":"2022-04-06T07:45:40+00:00","article_modified_time":"2022-04-06T11:06:45+00:00","og_image":[{"width":2560,"height":1920,"url":"https:\/\/www.caudete.org\/ayuntamiento\/wp-content\/uploads\/2022\/04\/IMG_20220316_121849-scaled.jpg","type":"image\/jpeg"}],"author":"alcalde","twitter_card":"summary_large_image","twitter_misc":{"Escrito por":"alcalde","Tiempo de lectura":"3 minutos"},"schema":{"@context":"https:\/\/schema.org","@graph":[{"@type":"Article","@id":"https:\/\/www.caudete.org\/ayuntamiento\/importantes-mejoras-ejecutadas-en-del-centro-social-alcalde-vicente-lillo\/#article","isPartOf":{"@id":"https:\/\/www.caudete.org\/ayuntamiento\/importantes-mejoras-ejecutadas-en-del-centro-social-alcalde-vicente-lillo\/"},"author":{"name":"alcalde","@id":"https:\/\/www.caudete.org\/ayuntamiento\/#\/schema\/person\/cc646da9133078ee4d8dd47457947253"},"headline":"Importantes mejoras ejecutadas en del Centro Social Alcalde Vicente Lillo","datePublished":"2022-04-06T07:45:40+00:00","dateModified":"2022-04-06T11:06:45+00:00","mainEntityOfPage":{"@id":"https:\/\/www.caudete.org\/ayuntamiento\/importantes-mejoras-ejecutadas-en-del-centro-social-alcalde-vicente-lillo\/"},"wordCount":407,"image":{"@id":"https:\/\/www.caudete.org\/ayuntamiento\/importantes-mejoras-ejecutadas-en-del-centro-social-alcalde-vicente-lillo\/#primaryimage"},"thumbnailUrl":"https:\/\/www.caudete.org\/ayuntamiento\/wp-content\/uploads\/2022\/04\/IMG_20220316_121849-scaled.jpg","articleSection":["Obras"],"inLanguage":"es"},{"@type":"WebPage","@id":"https:\/\/www.caudete.org\/ayuntamiento\/importantes-mejoras-ejecutadas-en-del-centro-social-alcalde-vicente-lillo\/","url":"https:\/\/www.caudete.org\/ayuntamiento\/importantes-mejoras-ejecutadas-en-del-centro-social-alcalde-vicente-lillo\/","name":"Importantes mejoras ejecutadas en del Centro Social Alcalde Vicente Lillo - MI Ayuntamiento de Caudete","isPartOf":{"@id":"https:\/\/www.caudete.org\/ayuntamiento\/#website"},"primaryImageOfPage":{"@id":"https:\/\/www.caudete.org\/ayuntamiento\/importantes-mejoras-ejecutadas-en-del-centro-social-alcalde-vicente-lillo\/#primaryimage"},"image":{"@id":"https:\/\/www.caudete.org\/ayuntamiento\/importantes-mejoras-ejecutadas-en-del-centro-social-alcalde-vicente-lillo\/#primaryimage"},"thumbnailUrl":"https:\/\/www.caudete.org\/ayuntamiento\/wp-content\/uploads\/2022\/04\/IMG_20220316_121849-scaled.jpg","datePublished":"2022-04-06T07:45:40+00:00","dateModified":"2022-04-06T11:06:45+00:00","author":{"@id":"https:\/\/www.caudete.org\/ayuntamiento\/#\/schema\/person\/cc646da9133078ee4d8dd47457947253"},"description":"P\u00e1gina Oficial del Ayuntamiento de Caudete (Albacete)","breadcrumb":{"@id":"https:\/\/www.caudete.org\/ayuntamiento\/importantes-mejoras-ejecutadas-en-del-centro-social-alcalde-vicente-lillo\/#breadcrumb"},"inLanguage":"es","potentialAction":[{"@type":"ReadAction","target":["https:\/\/www.caudete.org\/ayuntamiento\/importantes-mejoras-ejecutadas-en-del-centro-social-alcalde-vicente-lillo\/"]}]},{"@type":"ImageObject","inLanguage":"es","@id":"https:\/\/www.caudete.org\/ayuntamiento\/importantes-mejoras-ejecutadas-en-del-centro-social-alcalde-vicente-lillo\/#primaryimage","url":"https:\/\/www.caudete.org\/ayuntamiento\/wp-content\/uploads\/2022\/04\/IMG_20220316_121849-scaled.jpg","contentUrl":"https:\/\/www.caudete.org\/ayuntamiento\/wp-content\/uploads\/2022\/04\/IMG_20220316_121849-scaled.jpg","width":2560,"height":1920},{"@type":"BreadcrumbList","@id":"https:\/\/www.caudete.org\/ayuntamiento\/importantes-mejoras-ejecutadas-en-del-centro-social-alcalde-vicente-lillo\/#breadcrumb","itemListElement":[{"@type":"ListItem","position":1,"name":"Inicio","item":"https:\/\/www.caudete.org\/ayuntamiento\/"},{"@type":"ListItem","position":2,"name":"Importantes mejoras ejecutadas en del Centro Social Alcalde Vicente Lillo"}]},{"@type":"WebSite","@id":"https:\/\/www.caudete.org\/ayuntamiento\/#website","url":"https:\/\/www.caudete.org\/ayuntamiento\/","name":"MI Ayuntamiento de Caudete","description":"P\u00e1gina Oficial del MI Ayuntamiento de Caudete","potentialAction":[{"@type":"SearchAction","target":{"@type":"EntryPoint","urlTemplate":"https:\/\/www.caudete.org\/ayuntamiento\/?s={search_term_string}"},"query-input":{"@type":"PropertyValueSpecification","valueRequired":true,"valueName":"search_term_string"}}],"inLanguage":"es"},{"@type":"Person","@id":"https:\/\/www.caudete.org\/ayuntamiento\/#\/schema\/person\/cc646da9133078ee4d8dd47457947253","name":"alcalde","image":{"@type":"ImageObject","inLanguage":"es","@id":"https:\/\/secure.gravatar.com\/avatar\/84a817ba065b29ff08d666b215a215f5c79186a645ccb25b14a663d48a130f77?s=96&d=mm&r=g","url":"https:\/\/secure.gravatar.com\/avatar\/84a817ba065b29ff08d666b215a215f5c79186a645ccb25b14a663d48a130f77?s=96&d=mm&r=g","contentUrl":"https:\/\/secure.gravatar.com\/avatar\/84a817ba065b29ff08d666b215a215f5c79186a645ccb25b14a663d48a130f77?s=96&d=mm&r=g","caption":"alcalde"},"url":"https:\/\/www.caudete.org\/ayuntamiento\/author\/alcalde\/"}]}},"_links":{"self":[{"href":"https:\/\/www.caudete.org\/ayuntamiento\/wp-json\/wp\/v2\/posts\/18654","targetHints":{"allow":["GET"]}}],"collection":[{"href":"https:\/\/www.caudete.org\/ayuntamiento\/wp-json\/wp\/v2\/posts"}],"about":[{"href":"https:\/\/www.caudete.org\/ayuntamiento\/wp-json\/wp\/v2\/types\/post"}],"author":[{"embeddable":true,"href":"https:\/\/www.caudete.org\/ayuntamiento\/wp-json\/wp\/v2\/users\/3"}],"replies":[{"embeddable":true,"href":"https:\/\/www.caudete.org\/ayuntamiento\/wp-json\/wp\/v2\/comments?post=18654"}],"version-history":[{"count":2,"href":"https:\/\/www.caudete.org\/ayuntamiento\/wp-json\/wp\/v2\/posts\/18654\/revisions"}],"predecessor-version":[{"id":18662,"href":"https:\/\/www.caudete.org\/ayuntamiento\/wp-json\/wp\/v2\/posts\/18654\/revisions\/18662"}],"wp:featuredmedia":[{"embeddable":true,"href":"https:\/\/www.caudete.org\/ayuntamiento\/wp-json\/wp\/v2\/media\/18657"}],"wp:attachment":[{"href":"https:\/\/www.caudete.org\/ayuntamiento\/wp-json\/wp\/v2\/media?parent=18654"}],"wp:term":[{"taxonomy":"category","embeddable":true,"href":"https:\/\/www.caudete.org\/ayuntamiento\/wp-json\/wp\/v2\/categories?post=18654"},{"taxonomy":"post_tag","embeddable":true,"href":"https:\/\/www.caudete.org\/ayuntamiento\/wp-json\/wp\/v2\/tags?post=18654"}],"curies":[{"name":"wp","href":"https:\/\/api.w.org\/{rel}","templated":true}]}}