{"id":18659,"date":"2022-04-06T10:23:19","date_gmt":"2022-04-06T08:23:19","guid":{"rendered":"https:\/\/www.caudete.org\/ayuntamiento\/?p=18659"},"modified":"2022-04-06T10:23:19","modified_gmt":"2022-04-06T08:23:19","slug":"la-calle-mayor-sera-remodelada-de-forma-integral-mediante-el-pos-2022","status":"publish","type":"post","link":"https:\/\/www.caudete.org\/ayuntamiento\/la-calle-mayor-sera-remodelada-de-forma-integral-mediante-el-pos-2022\/","title":{"rendered":"La CALLE MAYOR ser\u00e1 remodelada de forma integral mediante el POS-2022"},"content":{"rendered":"<p>La Calle Mayor ha recibido el apoyo un\u00e1nime de la Junta de Gobierno Local para ser beneficiaria en 2022 del Plan de Obras y Servicios de competencia municipal (POS) que la Excma. Diputaci\u00f3n Provincial de Albacete ha proyectado para todos los pueblos de la provincia en el presente ejercicio.<\/p>\n<p>Con un proyecto subvencionable de 120.000\u20ac, Ayuntamiento y Diputaci\u00f3n cofinanciar\u00e1n el mismo a partes iguales (60.000\u20ac cada uno de ellos), y seg\u00fan detallaba el Alcalde Mois\u00e9s L\u00f3pez, el Equipo de Gobierno ha proyectado una remodelaci\u00f3n integral de la Calle Mayor, conect\u00e1ndola entre las Plazas del Carmen y de la Iglesia mediante una soluci\u00f3n constructiva accesible, segura y c\u00f3moda que seguir\u00e1 el patr\u00f3n desarrollado en la remodelada Plaza del Carmen, con dise\u00f1o y acabados similares, dando homogeneidad al entorno y vistosidad a una de las calles m\u00e1s c\u00e9ntricas del municipio.<\/p>\n<p>Mientras se proyecta la actuaci\u00f3n por los diferentes Departamentos Municipales, el pavimento da\u00f1ado de dicha calle acoger\u00e1 una actuaci\u00f3n provisional que permita el tr\u00e1nsito de veh\u00edculos y el paseo de los caudetanos con seguridad a la espera de estas necesarias obras integrales.<\/p>\n<p>Respecto a calles pr\u00f3ximas a la Mayor que requieren igualmente de actuaci\u00f3n, el Alcalde adelantaba que est\u00e1n siendo objeto de estudio para acomerterlas mediante intervenciones paralelas con fondos propios o de ayudas de otras administraciones.<\/p>\n<p>Por \u00faltimo, destacaba el destino de las convocatorias del POS en las dos \u00faltimas legislaturas, acometi\u00e9ndose en 2015 la adecuaci\u00f3n del actual Centro Social \u00abAlcalde Vicente Lillo\u00bb, en 2017 (tras la inexistencia de convocatoria en 2016) de la cubierta de la Escuela Municipal de M\u00fasica y Danza, en 2018 con la reurbanizaci\u00f3n y semipeatonalizaci\u00f3n de la Plaza del Carmen, o en 2021 (tras la inexistencia de convocatorias en 2019 y 2020) de la revitalizaci\u00f3n y rehabilitaci\u00f3n del Mercado Municipal de Abastos (en licitaci\u00f3n).<\/p>\n","protected":false},"excerpt":{"rendered":"<p>La Calle Mayor ha recibido el apoyo un\u00e1nime de la Junta de Gobierno Local para ser beneficiaria en 2022 del Plan de Obras y Servicios de competencia municipal (POS) que la Excma. Diputaci\u00f3n Provincial de Albacete ha proyectado para todos los pueblos de la provincia en el presente ejercicio. Con un proyecto subvencionable de 120.000\u20ac, &hellip;<\/p>\n","protected":false},"author":3,"featured_media":18660,"comment_status":"closed","ping_status":"open","sticky":false,"template":"","format":"standard","meta":{"ngg_post_thumbnail":0,"footnotes":""},"categories":[675],"tags":[],"class_list":["post-18659","post","type-post","status-publish","format-standard","has-post-thumbnail","hentry","category-obras"],"yoast_head":"<!-- This site is optimized with the Yoast SEO plugin v27.5 - https:\/\/yoast.com\/product\/yoast-seo-wordpress\/ -->\n<title>La CALLE MAYOR ser\u00e1 remodelada de forma integral mediante el POS-2022 - MI Ayuntamiento de Caudete<\/title>\n<meta name=\"description\" content=\"P\u00e1gina Oficial del Ayuntamiento de Caudete (Albacete)\" \/>\n<meta name=\"robots\" content=\"index, follow, max-snippet:-1, max-image-preview:large, max-video-preview:-1\" \/>\n<link rel=\"canonical\" href=\"https:\/\/www.caudete.org\/ayuntamiento\/la-calle-mayor-sera-remodelada-de-forma-integral-mediante-el-pos-2022\/\" \/>\n<meta property=\"og:locale\" content=\"es_ES\" \/>\n<meta property=\"og:type\" content=\"article\" \/>\n<meta property=\"og:title\" content=\"La CALLE MAYOR ser\u00e1 remodelada de forma integral mediante el POS-2022 - MI Ayuntamiento de Caudete\" \/>\n<meta property=\"og:description\" content=\"P\u00e1gina Oficial del Ayuntamiento de Caudete (Albacete)\" \/>\n<meta property=\"og:url\" content=\"https:\/\/www.caudete.org\/ayuntamiento\/la-calle-mayor-sera-remodelada-de-forma-integral-mediante-el-pos-2022\/\" \/>\n<meta property=\"og:site_name\" content=\"MI Ayuntamiento de Caudete\" \/>\n<meta property=\"article:publisher\" content=\"https:\/\/www.facebook.com\/ayuntamientocaudete\/\" \/>\n<meta property=\"article:published_time\" content=\"2022-04-06T08:23:19+00:00\" \/>\n<meta property=\"og:image\" content=\"https:\/\/www.caudete.org\/ayuntamiento\/wp-content\/uploads\/2022\/04\/IMG_6298-800x533-1.jpg\" \/>\n\t<meta property=\"og:image:width\" content=\"800\" \/>\n\t<meta property=\"og:image:height\" content=\"533\" \/>\n\t<meta property=\"og:image:type\" content=\"image\/jpeg\" \/>\n<meta name=\"author\" content=\"alcalde\" \/>\n<meta name=\"twitter:card\" content=\"summary_large_image\" \/>\n<meta name=\"twitter:label1\" content=\"Escrito por\" \/>\n\t<meta name=\"twitter:data1\" content=\"alcalde\" \/>\n\t<meta name=\"twitter:label2\" content=\"Tiempo de lectura\" \/>\n\t<meta name=\"twitter:data2\" content=\"2 minutos\" \/>\n<script type=\"application\/ld+json\" class=\"yoast-schema-graph\">{\"@context\":\"https:\\\/\\\/schema.org\",\"@graph\":[{\"@type\":\"Article\",\"@id\":\"https:\\\/\\\/www.caudete.org\\\/ayuntamiento\\\/la-calle-mayor-sera-remodelada-de-forma-integral-mediante-el-pos-2022\\\/#article\",\"isPartOf\":{\"@id\":\"https:\\\/\\\/www.caudete.org\\\/ayuntamiento\\\/la-calle-mayor-sera-remodelada-de-forma-integral-mediante-el-pos-2022\\\/\"},\"author\":{\"name\":\"alcalde\",\"@id\":\"https:\\\/\\\/www.caudete.org\\\/ayuntamiento\\\/#\\\/schema\\\/person\\\/cc646da9133078ee4d8dd47457947253\"},\"headline\":\"La CALLE MAYOR ser\u00e1 remodelada de forma integral mediante el POS-2022\",\"datePublished\":\"2022-04-06T08:23:19+00:00\",\"mainEntityOfPage\":{\"@id\":\"https:\\\/\\\/www.caudete.org\\\/ayuntamiento\\\/la-calle-mayor-sera-remodelada-de-forma-integral-mediante-el-pos-2022\\\/\"},\"wordCount\":330,\"image\":{\"@id\":\"https:\\\/\\\/www.caudete.org\\\/ayuntamiento\\\/la-calle-mayor-sera-remodelada-de-forma-integral-mediante-el-pos-2022\\\/#primaryimage\"},\"thumbnailUrl\":\"https:\\\/\\\/www.caudete.org\\\/ayuntamiento\\\/wp-content\\\/uploads\\\/2022\\\/04\\\/IMG_6298-800x533-1.jpg\",\"articleSection\":[\"Obras\"],\"inLanguage\":\"es\"},{\"@type\":\"WebPage\",\"@id\":\"https:\\\/\\\/www.caudete.org\\\/ayuntamiento\\\/la-calle-mayor-sera-remodelada-de-forma-integral-mediante-el-pos-2022\\\/\",\"url\":\"https:\\\/\\\/www.caudete.org\\\/ayuntamiento\\\/la-calle-mayor-sera-remodelada-de-forma-integral-mediante-el-pos-2022\\\/\",\"name\":\"La CALLE MAYOR ser\u00e1 remodelada de forma integral mediante el POS-2022 - MI Ayuntamiento de Caudete\",\"isPartOf\":{\"@id\":\"https:\\\/\\\/www.caudete.org\\\/ayuntamiento\\\/#website\"},\"primaryImageOfPage\":{\"@id\":\"https:\\\/\\\/www.caudete.org\\\/ayuntamiento\\\/la-calle-mayor-sera-remodelada-de-forma-integral-mediante-el-pos-2022\\\/#primaryimage\"},\"image\":{\"@id\":\"https:\\\/\\\/www.caudete.org\\\/ayuntamiento\\\/la-calle-mayor-sera-remodelada-de-forma-integral-mediante-el-pos-2022\\\/#primaryimage\"},\"thumbnailUrl\":\"https:\\\/\\\/www.caudete.org\\\/ayuntamiento\\\/wp-content\\\/uploads\\\/2022\\\/04\\\/IMG_6298-800x533-1.jpg\",\"datePublished\":\"2022-04-06T08:23:19+00:00\",\"author\":{\"@id\":\"https:\\\/\\\/www.caudete.org\\\/ayuntamiento\\\/#\\\/schema\\\/person\\\/cc646da9133078ee4d8dd47457947253\"},\"description\":\"P\u00e1gina Oficial del Ayuntamiento de Caudete (Albacete)\",\"breadcrumb\":{\"@id\":\"https:\\\/\\\/www.caudete.org\\\/ayuntamiento\\\/la-calle-mayor-sera-remodelada-de-forma-integral-mediante-el-pos-2022\\\/#breadcrumb\"},\"inLanguage\":\"es\",\"potentialAction\":[{\"@type\":\"ReadAction\",\"target\":[\"https:\\\/\\\/www.caudete.org\\\/ayuntamiento\\\/la-calle-mayor-sera-remodelada-de-forma-integral-mediante-el-pos-2022\\\/\"]}]},{\"@type\":\"ImageObject\",\"inLanguage\":\"es\",\"@id\":\"https:\\\/\\\/www.caudete.org\\\/ayuntamiento\\\/la-calle-mayor-sera-remodelada-de-forma-integral-mediante-el-pos-2022\\\/#primaryimage\",\"url\":\"https:\\\/\\\/www.caudete.org\\\/ayuntamiento\\\/wp-content\\\/uploads\\\/2022\\\/04\\\/IMG_6298-800x533-1.jpg\",\"contentUrl\":\"https:\\\/\\\/www.caudete.org\\\/ayuntamiento\\\/wp-content\\\/uploads\\\/2022\\\/04\\\/IMG_6298-800x533-1.jpg\",\"width\":800,\"height\":533},{\"@type\":\"BreadcrumbList\",\"@id\":\"https:\\\/\\\/www.caudete.org\\\/ayuntamiento\\\/la-calle-mayor-sera-remodelada-de-forma-integral-mediante-el-pos-2022\\\/#breadcrumb\",\"itemListElement\":[{\"@type\":\"ListItem\",\"position\":1,\"name\":\"Inicio\",\"item\":\"https:\\\/\\\/www.caudete.org\\\/ayuntamiento\\\/\"},{\"@type\":\"ListItem\",\"position\":2,\"name\":\"La CALLE MAYOR ser\u00e1 remodelada de forma integral mediante el POS-2022\"}]},{\"@type\":\"WebSite\",\"@id\":\"https:\\\/\\\/www.caudete.org\\\/ayuntamiento\\\/#website\",\"url\":\"https:\\\/\\\/www.caudete.org\\\/ayuntamiento\\\/\",\"name\":\"MI Ayuntamiento de Caudete\",\"description\":\"P\u00e1gina Oficial del MI Ayuntamiento de Caudete\",\"potentialAction\":[{\"@type\":\"SearchAction\",\"target\":{\"@type\":\"EntryPoint\",\"urlTemplate\":\"https:\\\/\\\/www.caudete.org\\\/ayuntamiento\\\/?s={search_term_string}\"},\"query-input\":{\"@type\":\"PropertyValueSpecification\",\"valueRequired\":true,\"valueName\":\"search_term_string\"}}],\"inLanguage\":\"es\"},{\"@type\":\"Person\",\"@id\":\"https:\\\/\\\/www.caudete.org\\\/ayuntamiento\\\/#\\\/schema\\\/person\\\/cc646da9133078ee4d8dd47457947253\",\"name\":\"alcalde\",\"image\":{\"@type\":\"ImageObject\",\"inLanguage\":\"es\",\"@id\":\"https:\\\/\\\/secure.gravatar.com\\\/avatar\\\/84a817ba065b29ff08d666b215a215f5c79186a645ccb25b14a663d48a130f77?s=96&d=mm&r=g\",\"url\":\"https:\\\/\\\/secure.gravatar.com\\\/avatar\\\/84a817ba065b29ff08d666b215a215f5c79186a645ccb25b14a663d48a130f77?s=96&d=mm&r=g\",\"contentUrl\":\"https:\\\/\\\/secure.gravatar.com\\\/avatar\\\/84a817ba065b29ff08d666b215a215f5c79186a645ccb25b14a663d48a130f77?s=96&d=mm&r=g\",\"caption\":\"alcalde\"},\"url\":\"https:\\\/\\\/www.caudete.org\\\/ayuntamiento\\\/author\\\/alcalde\\\/\"}]}<\/script>\n<!-- \/ Yoast SEO plugin. -->","yoast_head_json":{"title":"La CALLE MAYOR ser\u00e1 remodelada de forma integral mediante el POS-2022 - MI Ayuntamiento de Caudete","description":"P\u00e1gina Oficial del Ayuntamiento de Caudete (Albacete)","robots":{"index":"index","follow":"follow","max-snippet":"max-snippet:-1","max-image-preview":"max-image-preview:large","max-video-preview":"max-video-preview:-1"},"canonical":"https:\/\/www.caudete.org\/ayuntamiento\/la-calle-mayor-sera-remodelada-de-forma-integral-mediante-el-pos-2022\/","og_locale":"es_ES","og_type":"article","og_title":"La CALLE MAYOR ser\u00e1 remodelada de forma integral mediante el POS-2022 - MI Ayuntamiento de Caudete","og_description":"P\u00e1gina Oficial del Ayuntamiento de Caudete (Albacete)","og_url":"https:\/\/www.caudete.org\/ayuntamiento\/la-calle-mayor-sera-remodelada-de-forma-integral-mediante-el-pos-2022\/","og_site_name":"MI Ayuntamiento de Caudete","article_publisher":"https:\/\/www.facebook.com\/ayuntamientocaudete\/","article_published_time":"2022-04-06T08:23:19+00:00","og_image":[{"width":800,"height":533,"url":"https:\/\/www.caudete.org\/ayuntamiento\/wp-content\/uploads\/2022\/04\/IMG_6298-800x533-1.jpg","type":"image\/jpeg"}],"author":"alcalde","twitter_card":"summary_large_image","twitter_misc":{"Escrito por":"alcalde","Tiempo de lectura":"2 minutos"},"schema":{"@context":"https:\/\/schema.org","@graph":[{"@type":"Article","@id":"https:\/\/www.caudete.org\/ayuntamiento\/la-calle-mayor-sera-remodelada-de-forma-integral-mediante-el-pos-2022\/#article","isPartOf":{"@id":"https:\/\/www.caudete.org\/ayuntamiento\/la-calle-mayor-sera-remodelada-de-forma-integral-mediante-el-pos-2022\/"},"author":{"name":"alcalde","@id":"https:\/\/www.caudete.org\/ayuntamiento\/#\/schema\/person\/cc646da9133078ee4d8dd47457947253"},"headline":"La CALLE MAYOR ser\u00e1 remodelada de forma integral mediante el POS-2022","datePublished":"2022-04-06T08:23:19+00:00","mainEntityOfPage":{"@id":"https:\/\/www.caudete.org\/ayuntamiento\/la-calle-mayor-sera-remodelada-de-forma-integral-mediante-el-pos-2022\/"},"wordCount":330,"image":{"@id":"https:\/\/www.caudete.org\/ayuntamiento\/la-calle-mayor-sera-remodelada-de-forma-integral-mediante-el-pos-2022\/#primaryimage"},"thumbnailUrl":"https:\/\/www.caudete.org\/ayuntamiento\/wp-content\/uploads\/2022\/04\/IMG_6298-800x533-1.jpg","articleSection":["Obras"],"inLanguage":"es"},{"@type":"WebPage","@id":"https:\/\/www.caudete.org\/ayuntamiento\/la-calle-mayor-sera-remodelada-de-forma-integral-mediante-el-pos-2022\/","url":"https:\/\/www.caudete.org\/ayuntamiento\/la-calle-mayor-sera-remodelada-de-forma-integral-mediante-el-pos-2022\/","name":"La CALLE MAYOR ser\u00e1 remodelada de forma integral mediante el POS-2022 - MI Ayuntamiento de Caudete","isPartOf":{"@id":"https:\/\/www.caudete.org\/ayuntamiento\/#website"},"primaryImageOfPage":{"@id":"https:\/\/www.caudete.org\/ayuntamiento\/la-calle-mayor-sera-remodelada-de-forma-integral-mediante-el-pos-2022\/#primaryimage"},"image":{"@id":"https:\/\/www.caudete.org\/ayuntamiento\/la-calle-mayor-sera-remodelada-de-forma-integral-mediante-el-pos-2022\/#primaryimage"},"thumbnailUrl":"https:\/\/www.caudete.org\/ayuntamiento\/wp-content\/uploads\/2022\/04\/IMG_6298-800x533-1.jpg","datePublished":"2022-04-06T08:23:19+00:00","author":{"@id":"https:\/\/www.caudete.org\/ayuntamiento\/#\/schema\/person\/cc646da9133078ee4d8dd47457947253"},"description":"P\u00e1gina Oficial del Ayuntamiento de Caudete (Albacete)","breadcrumb":{"@id":"https:\/\/www.caudete.org\/ayuntamiento\/la-calle-mayor-sera-remodelada-de-forma-integral-mediante-el-pos-2022\/#breadcrumb"},"inLanguage":"es","potentialAction":[{"@type":"ReadAction","target":["https:\/\/www.caudete.org\/ayuntamiento\/la-calle-mayor-sera-remodelada-de-forma-integral-mediante-el-pos-2022\/"]}]},{"@type":"ImageObject","inLanguage":"es","@id":"https:\/\/www.caudete.org\/ayuntamiento\/la-calle-mayor-sera-remodelada-de-forma-integral-mediante-el-pos-2022\/#primaryimage","url":"https:\/\/www.caudete.org\/ayuntamiento\/wp-content\/uploads\/2022\/04\/IMG_6298-800x533-1.jpg","contentUrl":"https:\/\/www.caudete.org\/ayuntamiento\/wp-content\/uploads\/2022\/04\/IMG_6298-800x533-1.jpg","width":800,"height":533},{"@type":"BreadcrumbList","@id":"https:\/\/www.caudete.org\/ayuntamiento\/la-calle-mayor-sera-remodelada-de-forma-integral-mediante-el-pos-2022\/#breadcrumb","itemListElement":[{"@type":"ListItem","position":1,"name":"Inicio","item":"https:\/\/www.caudete.org\/ayuntamiento\/"},{"@type":"ListItem","position":2,"name":"La CALLE MAYOR ser\u00e1 remodelada de forma integral mediante el POS-2022"}]},{"@type":"WebSite","@id":"https:\/\/www.caudete.org\/ayuntamiento\/#website","url":"https:\/\/www.caudete.org\/ayuntamiento\/","name":"MI Ayuntamiento de Caudete","description":"P\u00e1gina Oficial del MI Ayuntamiento de Caudete","potentialAction":[{"@type":"SearchAction","target":{"@type":"EntryPoint","urlTemplate":"https:\/\/www.caudete.org\/ayuntamiento\/?s={search_term_string}"},"query-input":{"@type":"PropertyValueSpecification","valueRequired":true,"valueName":"search_term_string"}}],"inLanguage":"es"},{"@type":"Person","@id":"https:\/\/www.caudete.org\/ayuntamiento\/#\/schema\/person\/cc646da9133078ee4d8dd47457947253","name":"alcalde","image":{"@type":"ImageObject","inLanguage":"es","@id":"https:\/\/secure.gravatar.com\/avatar\/84a817ba065b29ff08d666b215a215f5c79186a645ccb25b14a663d48a130f77?s=96&d=mm&r=g","url":"https:\/\/secure.gravatar.com\/avatar\/84a817ba065b29ff08d666b215a215f5c79186a645ccb25b14a663d48a130f77?s=96&d=mm&r=g","contentUrl":"https:\/\/secure.gravatar.com\/avatar\/84a817ba065b29ff08d666b215a215f5c79186a645ccb25b14a663d48a130f77?s=96&d=mm&r=g","caption":"alcalde"},"url":"https:\/\/www.caudete.org\/ayuntamiento\/author\/alcalde\/"}]}},"_links":{"self":[{"href":"https:\/\/www.caudete.org\/ayuntamiento\/wp-json\/wp\/v2\/posts\/18659","targetHints":{"allow":["GET"]}}],"collection":[{"href":"https:\/\/www.caudete.org\/ayuntamiento\/wp-json\/wp\/v2\/posts"}],"about":[{"href":"https:\/\/www.caudete.org\/ayuntamiento\/wp-json\/wp\/v2\/types\/post"}],"author":[{"embeddable":true,"href":"https:\/\/www.caudete.org\/ayuntamiento\/wp-json\/wp\/v2\/users\/3"}],"replies":[{"embeddable":true,"href":"https:\/\/www.caudete.org\/ayuntamiento\/wp-json\/wp\/v2\/comments?post=18659"}],"version-history":[{"count":1,"href":"https:\/\/www.caudete.org\/ayuntamiento\/wp-json\/wp\/v2\/posts\/18659\/revisions"}],"predecessor-version":[{"id":18661,"href":"https:\/\/www.caudete.org\/ayuntamiento\/wp-json\/wp\/v2\/posts\/18659\/revisions\/18661"}],"wp:featuredmedia":[{"embeddable":true,"href":"https:\/\/www.caudete.org\/ayuntamiento\/wp-json\/wp\/v2\/media\/18660"}],"wp:attachment":[{"href":"https:\/\/www.caudete.org\/ayuntamiento\/wp-json\/wp\/v2\/media?parent=18659"}],"wp:term":[{"taxonomy":"category","embeddable":true,"href":"https:\/\/www.caudete.org\/ayuntamiento\/wp-json\/wp\/v2\/categories?post=18659"},{"taxonomy":"post_tag","embeddable":true,"href":"https:\/\/www.caudete.org\/ayuntamiento\/wp-json\/wp\/v2\/tags?post=18659"}],"curies":[{"name":"wp","href":"https:\/\/api.w.org\/{rel}","templated":true}]}}