{"id":18708,"date":"2022-04-11T13:46:18","date_gmt":"2022-04-11T11:46:18","guid":{"rendered":"https:\/\/www.caudete.org\/ayuntamiento\/?p=18708"},"modified":"2022-04-11T13:48:48","modified_gmt":"2022-04-11T11:48:48","slug":"el-albergue-de-la-toconera-celebrara-jornada-de-puertas-abiertas-el-proximo-sabado","status":"publish","type":"post","link":"https:\/\/www.caudete.org\/ayuntamiento\/el-albergue-de-la-toconera-celebrara-jornada-de-puertas-abiertas-el-proximo-sabado\/","title":{"rendered":"El ALBERGUE DE LA TOCONERA celebrar\u00e1 JORNADA DE PUERTAS ABIERTAS el pr\u00f3ximo s\u00e1bado"},"content":{"rendered":"<p>El s\u00e1bado, 16 de abril, se celebrar\u00e1 jornada de puertas abiertas en el albergue, de 11:00 a 13:30 y de 16:30 a 19:30 hrs.<\/p>\n<p>De esta forma. los caudetanos podr\u00e1n contemplar las reformas de esta instalaci\u00f3n municipal. As\u00ed lo explicaba el Concejal de Turismo, Diego Cuenca, quien record\u00f3 la existencia de una Ordenanza Reguladora para los usuarios y una Ordenanza Fiscal que establece una tasa diaria por utilizaci\u00f3n de 30\u20ac y una fianza de 50\u20ac.<\/p>\n<p>Entre las grandes mejoras, se incluye la posibilidad de pernoctar, contando con un dormitorio con 4 literas (8 plazas); una zona de estar con estufa de le\u00f1a, sof\u00e1s, una zona de cocina, con bancada y barra, fregadero, cocina de gas, frigor\u00edfico con congelador, zona de comedor con mesa y bancos de madera (restaurados los originales) y cocina de le\u00f1a construida en chapa.<\/p>\n<p>Destaca la instalaci\u00f3n de placas solares de autoconsumo, as\u00ed como la apertura de los ba\u00f1os desde el interior.<\/p>\n<p>Las antiguas barbacoas se han transformado en un merendero cubierto r\u00fastico y atractivo con capacidad para 18 personas aproximadamente.<\/p>\n<p>Los trabajos fueron iniciados para el PEEZRD y continuados por la Brigada de Obras de esta Ayuntamiento.<\/p>\n<p>La pr\u00e1ctica totalidad de materiales han sido suministrados por empresas locales, lo que ha supuesto una inversi\u00f3n en el municipio de algo m\u00e1s de 15.000\u20ac.<\/p>\n","protected":false},"excerpt":{"rendered":"<p>El s\u00e1bado, 16 de abril, se celebrar\u00e1 jornada de puertas abiertas en el albergue, de 11:00 a 13:30 y de 16:30 a 19:30 hrs. De esta forma. los caudetanos podr\u00e1n contemplar las reformas de esta instalaci\u00f3n municipal. As\u00ed lo explicaba el Concejal de Turismo, Diego Cuenca, quien record\u00f3 la existencia de una Ordenanza Reguladora para &hellip;<\/p>\n","protected":false},"author":2,"featured_media":18710,"comment_status":"closed","ping_status":"open","sticky":false,"template":"","format":"standard","meta":{"ngg_post_thumbnail":0,"footnotes":""},"categories":[43],"tags":[822],"class_list":["post-18708","post","type-post","status-publish","format-standard","has-post-thumbnail","hentry","category-turismo","tag-albergue-de-la-toconera"],"yoast_head":"<!-- This site is optimized with the Yoast SEO plugin v27.5 - https:\/\/yoast.com\/product\/yoast-seo-wordpress\/ -->\n<title>El ALBERGUE DE LA TOCONERA celebrar\u00e1 JORNADA DE PUERTAS ABIERTAS el pr\u00f3ximo s\u00e1bado - MI Ayuntamiento de Caudete<\/title>\n<meta name=\"description\" content=\"P\u00e1gina Oficial del Ayuntamiento de Caudete (Albacete)\" \/>\n<meta name=\"robots\" content=\"index, follow, max-snippet:-1, max-image-preview:large, max-video-preview:-1\" \/>\n<link rel=\"canonical\" href=\"https:\/\/www.caudete.org\/ayuntamiento\/el-albergue-de-la-toconera-celebrara-jornada-de-puertas-abiertas-el-proximo-sabado\/\" \/>\n<meta property=\"og:locale\" content=\"es_ES\" \/>\n<meta property=\"og:type\" content=\"article\" \/>\n<meta property=\"og:title\" content=\"El ALBERGUE DE LA TOCONERA celebrar\u00e1 JORNADA DE PUERTAS ABIERTAS el pr\u00f3ximo s\u00e1bado - MI Ayuntamiento de Caudete\" \/>\n<meta property=\"og:description\" content=\"P\u00e1gina Oficial del Ayuntamiento de Caudete (Albacete)\" \/>\n<meta property=\"og:url\" content=\"https:\/\/www.caudete.org\/ayuntamiento\/el-albergue-de-la-toconera-celebrara-jornada-de-puertas-abiertas-el-proximo-sabado\/\" \/>\n<meta property=\"og:site_name\" content=\"MI Ayuntamiento de Caudete\" \/>\n<meta property=\"article:publisher\" content=\"https:\/\/www.facebook.com\/ayuntamientocaudete\/\" \/>\n<meta property=\"article:published_time\" content=\"2022-04-11T11:46:18+00:00\" \/>\n<meta property=\"article:modified_time\" content=\"2022-04-11T11:48:48+00:00\" \/>\n<meta property=\"og:image\" content=\"https:\/\/www.caudete.org\/ayuntamiento\/wp-content\/uploads\/2022\/04\/Albergue-Toconera-WEB.jpg\" \/>\n\t<meta property=\"og:image:width\" content=\"864\" \/>\n\t<meta property=\"og:image:height\" content=\"380\" \/>\n\t<meta property=\"og:image:type\" content=\"image\/jpeg\" \/>\n<meta name=\"author\" content=\"Juan\" \/>\n<meta name=\"twitter:card\" content=\"summary_large_image\" \/>\n<meta name=\"twitter:label1\" content=\"Escrito por\" \/>\n\t<meta name=\"twitter:data1\" content=\"Juan\" \/>\n\t<meta name=\"twitter:label2\" content=\"Tiempo de lectura\" \/>\n\t<meta name=\"twitter:data2\" content=\"1 minuto\" \/>\n<script type=\"application\/ld+json\" class=\"yoast-schema-graph\">{\"@context\":\"https:\\\/\\\/schema.org\",\"@graph\":[{\"@type\":\"Article\",\"@id\":\"https:\\\/\\\/www.caudete.org\\\/ayuntamiento\\\/el-albergue-de-la-toconera-celebrara-jornada-de-puertas-abiertas-el-proximo-sabado\\\/#article\",\"isPartOf\":{\"@id\":\"https:\\\/\\\/www.caudete.org\\\/ayuntamiento\\\/el-albergue-de-la-toconera-celebrara-jornada-de-puertas-abiertas-el-proximo-sabado\\\/\"},\"author\":{\"name\":\"Juan\",\"@id\":\"https:\\\/\\\/www.caudete.org\\\/ayuntamiento\\\/#\\\/schema\\\/person\\\/7656a5bb58fca95b9814e940de0fda63\"},\"headline\":\"El ALBERGUE DE LA TOCONERA celebrar\u00e1 JORNADA DE PUERTAS ABIERTAS el pr\u00f3ximo s\u00e1bado\",\"datePublished\":\"2022-04-11T11:46:18+00:00\",\"dateModified\":\"2022-04-11T11:48:48+00:00\",\"mainEntityOfPage\":{\"@id\":\"https:\\\/\\\/www.caudete.org\\\/ayuntamiento\\\/el-albergue-de-la-toconera-celebrara-jornada-de-puertas-abiertas-el-proximo-sabado\\\/\"},\"wordCount\":234,\"image\":{\"@id\":\"https:\\\/\\\/www.caudete.org\\\/ayuntamiento\\\/el-albergue-de-la-toconera-celebrara-jornada-de-puertas-abiertas-el-proximo-sabado\\\/#primaryimage\"},\"thumbnailUrl\":\"https:\\\/\\\/www.caudete.org\\\/ayuntamiento\\\/wp-content\\\/uploads\\\/2022\\\/04\\\/Albergue-Toconera-WEB.jpg\",\"keywords\":[\"Albergue de la Toconera\"],\"articleSection\":[\"Turismo\"],\"inLanguage\":\"es\"},{\"@type\":\"WebPage\",\"@id\":\"https:\\\/\\\/www.caudete.org\\\/ayuntamiento\\\/el-albergue-de-la-toconera-celebrara-jornada-de-puertas-abiertas-el-proximo-sabado\\\/\",\"url\":\"https:\\\/\\\/www.caudete.org\\\/ayuntamiento\\\/el-albergue-de-la-toconera-celebrara-jornada-de-puertas-abiertas-el-proximo-sabado\\\/\",\"name\":\"El ALBERGUE DE LA TOCONERA celebrar\u00e1 JORNADA DE PUERTAS ABIERTAS el pr\u00f3ximo s\u00e1bado - MI Ayuntamiento de Caudete\",\"isPartOf\":{\"@id\":\"https:\\\/\\\/www.caudete.org\\\/ayuntamiento\\\/#website\"},\"primaryImageOfPage\":{\"@id\":\"https:\\\/\\\/www.caudete.org\\\/ayuntamiento\\\/el-albergue-de-la-toconera-celebrara-jornada-de-puertas-abiertas-el-proximo-sabado\\\/#primaryimage\"},\"image\":{\"@id\":\"https:\\\/\\\/www.caudete.org\\\/ayuntamiento\\\/el-albergue-de-la-toconera-celebrara-jornada-de-puertas-abiertas-el-proximo-sabado\\\/#primaryimage\"},\"thumbnailUrl\":\"https:\\\/\\\/www.caudete.org\\\/ayuntamiento\\\/wp-content\\\/uploads\\\/2022\\\/04\\\/Albergue-Toconera-WEB.jpg\",\"datePublished\":\"2022-04-11T11:46:18+00:00\",\"dateModified\":\"2022-04-11T11:48:48+00:00\",\"author\":{\"@id\":\"https:\\\/\\\/www.caudete.org\\\/ayuntamiento\\\/#\\\/schema\\\/person\\\/7656a5bb58fca95b9814e940de0fda63\"},\"description\":\"P\u00e1gina Oficial del Ayuntamiento de Caudete (Albacete)\",\"breadcrumb\":{\"@id\":\"https:\\\/\\\/www.caudete.org\\\/ayuntamiento\\\/el-albergue-de-la-toconera-celebrara-jornada-de-puertas-abiertas-el-proximo-sabado\\\/#breadcrumb\"},\"inLanguage\":\"es\",\"potentialAction\":[{\"@type\":\"ReadAction\",\"target\":[\"https:\\\/\\\/www.caudete.org\\\/ayuntamiento\\\/el-albergue-de-la-toconera-celebrara-jornada-de-puertas-abiertas-el-proximo-sabado\\\/\"]}]},{\"@type\":\"ImageObject\",\"inLanguage\":\"es\",\"@id\":\"https:\\\/\\\/www.caudete.org\\\/ayuntamiento\\\/el-albergue-de-la-toconera-celebrara-jornada-de-puertas-abiertas-el-proximo-sabado\\\/#primaryimage\",\"url\":\"https:\\\/\\\/www.caudete.org\\\/ayuntamiento\\\/wp-content\\\/uploads\\\/2022\\\/04\\\/Albergue-Toconera-WEB.jpg\",\"contentUrl\":\"https:\\\/\\\/www.caudete.org\\\/ayuntamiento\\\/wp-content\\\/uploads\\\/2022\\\/04\\\/Albergue-Toconera-WEB.jpg\",\"width\":864,\"height\":380},{\"@type\":\"BreadcrumbList\",\"@id\":\"https:\\\/\\\/www.caudete.org\\\/ayuntamiento\\\/el-albergue-de-la-toconera-celebrara-jornada-de-puertas-abiertas-el-proximo-sabado\\\/#breadcrumb\",\"itemListElement\":[{\"@type\":\"ListItem\",\"position\":1,\"name\":\"Inicio\",\"item\":\"https:\\\/\\\/www.caudete.org\\\/ayuntamiento\\\/\"},{\"@type\":\"ListItem\",\"position\":2,\"name\":\"El ALBERGUE DE LA TOCONERA celebrar\u00e1 JORNADA DE PUERTAS ABIERTAS el pr\u00f3ximo s\u00e1bado\"}]},{\"@type\":\"WebSite\",\"@id\":\"https:\\\/\\\/www.caudete.org\\\/ayuntamiento\\\/#website\",\"url\":\"https:\\\/\\\/www.caudete.org\\\/ayuntamiento\\\/\",\"name\":\"MI Ayuntamiento de Caudete\",\"description\":\"P\u00e1gina Oficial del MI Ayuntamiento de Caudete\",\"potentialAction\":[{\"@type\":\"SearchAction\",\"target\":{\"@type\":\"EntryPoint\",\"urlTemplate\":\"https:\\\/\\\/www.caudete.org\\\/ayuntamiento\\\/?s={search_term_string}\"},\"query-input\":{\"@type\":\"PropertyValueSpecification\",\"valueRequired\":true,\"valueName\":\"search_term_string\"}}],\"inLanguage\":\"es\"},{\"@type\":\"Person\",\"@id\":\"https:\\\/\\\/www.caudete.org\\\/ayuntamiento\\\/#\\\/schema\\\/person\\\/7656a5bb58fca95b9814e940de0fda63\",\"name\":\"Juan\",\"image\":{\"@type\":\"ImageObject\",\"inLanguage\":\"es\",\"@id\":\"https:\\\/\\\/secure.gravatar.com\\\/avatar\\\/dd53e51c0cd6ab23f52d4f3e4f1c59730240727763de3dbbf26750b079a2c292?s=96&d=mm&r=g\",\"url\":\"https:\\\/\\\/secure.gravatar.com\\\/avatar\\\/dd53e51c0cd6ab23f52d4f3e4f1c59730240727763de3dbbf26750b079a2c292?s=96&d=mm&r=g\",\"contentUrl\":\"https:\\\/\\\/secure.gravatar.com\\\/avatar\\\/dd53e51c0cd6ab23f52d4f3e4f1c59730240727763de3dbbf26750b079a2c292?s=96&d=mm&r=g\",\"caption\":\"Juan\"},\"url\":\"https:\\\/\\\/www.caudete.org\\\/ayuntamiento\\\/author\\\/centrodeinternet\\\/\"}]}<\/script>\n<!-- \/ Yoast SEO plugin. -->","yoast_head_json":{"title":"El ALBERGUE DE LA TOCONERA celebrar\u00e1 JORNADA DE PUERTAS ABIERTAS el pr\u00f3ximo s\u00e1bado - MI Ayuntamiento de Caudete","description":"P\u00e1gina Oficial del Ayuntamiento de Caudete (Albacete)","robots":{"index":"index","follow":"follow","max-snippet":"max-snippet:-1","max-image-preview":"max-image-preview:large","max-video-preview":"max-video-preview:-1"},"canonical":"https:\/\/www.caudete.org\/ayuntamiento\/el-albergue-de-la-toconera-celebrara-jornada-de-puertas-abiertas-el-proximo-sabado\/","og_locale":"es_ES","og_type":"article","og_title":"El ALBERGUE DE LA TOCONERA celebrar\u00e1 JORNADA DE PUERTAS ABIERTAS el pr\u00f3ximo s\u00e1bado - MI Ayuntamiento de Caudete","og_description":"P\u00e1gina Oficial del Ayuntamiento de Caudete (Albacete)","og_url":"https:\/\/www.caudete.org\/ayuntamiento\/el-albergue-de-la-toconera-celebrara-jornada-de-puertas-abiertas-el-proximo-sabado\/","og_site_name":"MI Ayuntamiento de Caudete","article_publisher":"https:\/\/www.facebook.com\/ayuntamientocaudete\/","article_published_time":"2022-04-11T11:46:18+00:00","article_modified_time":"2022-04-11T11:48:48+00:00","og_image":[{"width":864,"height":380,"url":"https:\/\/www.caudete.org\/ayuntamiento\/wp-content\/uploads\/2022\/04\/Albergue-Toconera-WEB.jpg","type":"image\/jpeg"}],"author":"Juan","twitter_card":"summary_large_image","twitter_misc":{"Escrito por":"Juan","Tiempo de lectura":"1 minuto"},"schema":{"@context":"https:\/\/schema.org","@graph":[{"@type":"Article","@id":"https:\/\/www.caudete.org\/ayuntamiento\/el-albergue-de-la-toconera-celebrara-jornada-de-puertas-abiertas-el-proximo-sabado\/#article","isPartOf":{"@id":"https:\/\/www.caudete.org\/ayuntamiento\/el-albergue-de-la-toconera-celebrara-jornada-de-puertas-abiertas-el-proximo-sabado\/"},"author":{"name":"Juan","@id":"https:\/\/www.caudete.org\/ayuntamiento\/#\/schema\/person\/7656a5bb58fca95b9814e940de0fda63"},"headline":"El ALBERGUE DE LA TOCONERA celebrar\u00e1 JORNADA DE PUERTAS ABIERTAS el pr\u00f3ximo s\u00e1bado","datePublished":"2022-04-11T11:46:18+00:00","dateModified":"2022-04-11T11:48:48+00:00","mainEntityOfPage":{"@id":"https:\/\/www.caudete.org\/ayuntamiento\/el-albergue-de-la-toconera-celebrara-jornada-de-puertas-abiertas-el-proximo-sabado\/"},"wordCount":234,"image":{"@id":"https:\/\/www.caudete.org\/ayuntamiento\/el-albergue-de-la-toconera-celebrara-jornada-de-puertas-abiertas-el-proximo-sabado\/#primaryimage"},"thumbnailUrl":"https:\/\/www.caudete.org\/ayuntamiento\/wp-content\/uploads\/2022\/04\/Albergue-Toconera-WEB.jpg","keywords":["Albergue de la Toconera"],"articleSection":["Turismo"],"inLanguage":"es"},{"@type":"WebPage","@id":"https:\/\/www.caudete.org\/ayuntamiento\/el-albergue-de-la-toconera-celebrara-jornada-de-puertas-abiertas-el-proximo-sabado\/","url":"https:\/\/www.caudete.org\/ayuntamiento\/el-albergue-de-la-toconera-celebrara-jornada-de-puertas-abiertas-el-proximo-sabado\/","name":"El ALBERGUE DE LA TOCONERA celebrar\u00e1 JORNADA DE PUERTAS ABIERTAS el pr\u00f3ximo s\u00e1bado - MI Ayuntamiento de Caudete","isPartOf":{"@id":"https:\/\/www.caudete.org\/ayuntamiento\/#website"},"primaryImageOfPage":{"@id":"https:\/\/www.caudete.org\/ayuntamiento\/el-albergue-de-la-toconera-celebrara-jornada-de-puertas-abiertas-el-proximo-sabado\/#primaryimage"},"image":{"@id":"https:\/\/www.caudete.org\/ayuntamiento\/el-albergue-de-la-toconera-celebrara-jornada-de-puertas-abiertas-el-proximo-sabado\/#primaryimage"},"thumbnailUrl":"https:\/\/www.caudete.org\/ayuntamiento\/wp-content\/uploads\/2022\/04\/Albergue-Toconera-WEB.jpg","datePublished":"2022-04-11T11:46:18+00:00","dateModified":"2022-04-11T11:48:48+00:00","author":{"@id":"https:\/\/www.caudete.org\/ayuntamiento\/#\/schema\/person\/7656a5bb58fca95b9814e940de0fda63"},"description":"P\u00e1gina Oficial del Ayuntamiento de Caudete (Albacete)","breadcrumb":{"@id":"https:\/\/www.caudete.org\/ayuntamiento\/el-albergue-de-la-toconera-celebrara-jornada-de-puertas-abiertas-el-proximo-sabado\/#breadcrumb"},"inLanguage":"es","potentialAction":[{"@type":"ReadAction","target":["https:\/\/www.caudete.org\/ayuntamiento\/el-albergue-de-la-toconera-celebrara-jornada-de-puertas-abiertas-el-proximo-sabado\/"]}]},{"@type":"ImageObject","inLanguage":"es","@id":"https:\/\/www.caudete.org\/ayuntamiento\/el-albergue-de-la-toconera-celebrara-jornada-de-puertas-abiertas-el-proximo-sabado\/#primaryimage","url":"https:\/\/www.caudete.org\/ayuntamiento\/wp-content\/uploads\/2022\/04\/Albergue-Toconera-WEB.jpg","contentUrl":"https:\/\/www.caudete.org\/ayuntamiento\/wp-content\/uploads\/2022\/04\/Albergue-Toconera-WEB.jpg","width":864,"height":380},{"@type":"BreadcrumbList","@id":"https:\/\/www.caudete.org\/ayuntamiento\/el-albergue-de-la-toconera-celebrara-jornada-de-puertas-abiertas-el-proximo-sabado\/#breadcrumb","itemListElement":[{"@type":"ListItem","position":1,"name":"Inicio","item":"https:\/\/www.caudete.org\/ayuntamiento\/"},{"@type":"ListItem","position":2,"name":"El ALBERGUE DE LA TOCONERA celebrar\u00e1 JORNADA DE PUERTAS ABIERTAS el pr\u00f3ximo s\u00e1bado"}]},{"@type":"WebSite","@id":"https:\/\/www.caudete.org\/ayuntamiento\/#website","url":"https:\/\/www.caudete.org\/ayuntamiento\/","name":"MI Ayuntamiento de Caudete","description":"P\u00e1gina Oficial del MI Ayuntamiento de Caudete","potentialAction":[{"@type":"SearchAction","target":{"@type":"EntryPoint","urlTemplate":"https:\/\/www.caudete.org\/ayuntamiento\/?s={search_term_string}"},"query-input":{"@type":"PropertyValueSpecification","valueRequired":true,"valueName":"search_term_string"}}],"inLanguage":"es"},{"@type":"Person","@id":"https:\/\/www.caudete.org\/ayuntamiento\/#\/schema\/person\/7656a5bb58fca95b9814e940de0fda63","name":"Juan","image":{"@type":"ImageObject","inLanguage":"es","@id":"https:\/\/secure.gravatar.com\/avatar\/dd53e51c0cd6ab23f52d4f3e4f1c59730240727763de3dbbf26750b079a2c292?s=96&d=mm&r=g","url":"https:\/\/secure.gravatar.com\/avatar\/dd53e51c0cd6ab23f52d4f3e4f1c59730240727763de3dbbf26750b079a2c292?s=96&d=mm&r=g","contentUrl":"https:\/\/secure.gravatar.com\/avatar\/dd53e51c0cd6ab23f52d4f3e4f1c59730240727763de3dbbf26750b079a2c292?s=96&d=mm&r=g","caption":"Juan"},"url":"https:\/\/www.caudete.org\/ayuntamiento\/author\/centrodeinternet\/"}]}},"_links":{"self":[{"href":"https:\/\/www.caudete.org\/ayuntamiento\/wp-json\/wp\/v2\/posts\/18708","targetHints":{"allow":["GET"]}}],"collection":[{"href":"https:\/\/www.caudete.org\/ayuntamiento\/wp-json\/wp\/v2\/posts"}],"about":[{"href":"https:\/\/www.caudete.org\/ayuntamiento\/wp-json\/wp\/v2\/types\/post"}],"author":[{"embeddable":true,"href":"https:\/\/www.caudete.org\/ayuntamiento\/wp-json\/wp\/v2\/users\/2"}],"replies":[{"embeddable":true,"href":"https:\/\/www.caudete.org\/ayuntamiento\/wp-json\/wp\/v2\/comments?post=18708"}],"version-history":[{"count":5,"href":"https:\/\/www.caudete.org\/ayuntamiento\/wp-json\/wp\/v2\/posts\/18708\/revisions"}],"predecessor-version":[{"id":18714,"href":"https:\/\/www.caudete.org\/ayuntamiento\/wp-json\/wp\/v2\/posts\/18708\/revisions\/18714"}],"wp:featuredmedia":[{"embeddable":true,"href":"https:\/\/www.caudete.org\/ayuntamiento\/wp-json\/wp\/v2\/media\/18710"}],"wp:attachment":[{"href":"https:\/\/www.caudete.org\/ayuntamiento\/wp-json\/wp\/v2\/media?parent=18708"}],"wp:term":[{"taxonomy":"category","embeddable":true,"href":"https:\/\/www.caudete.org\/ayuntamiento\/wp-json\/wp\/v2\/categories?post=18708"},{"taxonomy":"post_tag","embeddable":true,"href":"https:\/\/www.caudete.org\/ayuntamiento\/wp-json\/wp\/v2\/tags?post=18708"}],"curies":[{"name":"wp","href":"https:\/\/api.w.org\/{rel}","templated":true}]}}