{"id":18742,"date":"2022-04-12T12:40:36","date_gmt":"2022-04-12T10:40:36","guid":{"rendered":"https:\/\/www.caudete.org\/ayuntamiento\/?p=18742"},"modified":"2022-04-12T12:40:36","modified_gmt":"2022-04-12T10:40:36","slug":"presentacion-del-libro-mujer-soberana-de-tu-cuerpo-de-marilo-sanchez-pastor","status":"publish","type":"post","link":"https:\/\/www.caudete.org\/ayuntamiento\/presentacion-del-libro-mujer-soberana-de-tu-cuerpo-de-marilo-sanchez-pastor\/","title":{"rendered":"Presentaci\u00f3n del libro MUJER SOBERANA DE TU CUERPO de Maril\u00f3 S\u00e1nchez Pastor"},"content":{"rendered":"<p>Desde la Concejal\u00eda de Cultura del M.I. Ayuntamiento de Caudete,\u00a0 durante este mes de abril, a trav\u00e9s de\u00a0 la \u00a0Biblioteca P\u00fablica Municipal Ana Mar\u00eda Matute\u00a0 y coincidiendo con la celebraci\u00f3n del 23, D\u00eda del Libro, se va a organizar una presentaci\u00f3n literaria.<\/p>\n<p><strong>As\u00ed, dentro de la amplia\u00a0 programaci\u00f3n de actividades que va a desarrollar la Biblioteca para celebrar esta efem\u00e9ride se encuentra la presentaci\u00f3n de: <\/strong><\/p>\n<p><strong><em>Mujer soberana de tu cuerpo de <\/em><\/strong><strong>Maril\u00f3 S\u00e1nchez Pastor<\/strong><strong>,\u00a0 a cargo de Pepa Caturla y de la autora, \u00a0que se realizar\u00e1 el\u00a0 martes\u00a0 19 de\u00a0 abril a las\u00a0 19:30 horas\u00a0 en el\u00a0 Museo de la Acuarela Rafael Requena, con entrada libre.<\/strong><\/p>\n<p><strong>Maril\u00f3 S\u00e1nchez Pastor. <\/strong>(Valencia, 1969) En estos momentos va viviendo donde el alma la lleva, despu\u00e9s de vivir en muchos sitios, despu\u00e9s de 15 a\u00f1os con base en Barcelona, la deja y pone su base en un pueblecito que se llama Caudete (Albacete), le encanta tanto viajar, que nunca sabr\u00e1s donde esta si no le preguntas. Como buena c\u00e1ncer, muy so\u00f1adora, inquieta y autodidacta, decide escuchar su cuerpo, ya que le hablaba con dolores.<\/p>\n<p>Despu\u00e9s de trabajar 26 a\u00f1os en una empresa siendo ejecutiva, decide dejarlo todo y lanzarse al vac\u00edo y hacer caso a su coraz\u00f3n. Se dio cuenta de el gran desconocimiento que tiene la mujer sobre ella. Esta claro que no podemos saber lo que no sabemos, ni somos conscientes que no lo sabemos.<\/p>\n<p>La mujer tiene un potencial maravilloso, tenemos un \u00fatero que es un caldero m\u00e1gico, da vida, proyectos y cuando te conectas a el y al coraz\u00f3n, sale todo el potencial de la mujer. Hemos venido a este planeta a disfrutar de la vida, a ser mujeres libres, de disfrutar de nuestro cuerpo, de nuestra sexualidad y conectar con la abundancia que somos. Tambi\u00e9n a poner luz a nuestro linaje para ir quitando todas las creencias, tab\u00faes y patrones que llevamos encima y no somos conscientes.<\/p>\n<p>Fruto de todas estas experiencias, decide poner luz a todo el femenino y acompa\u00f1ar a mujeres para que descubran cosas que nunca nos explicaron del cuerpo y a dar charlas sobre educaci\u00f3n menstrual y educaci\u00f3n sexual<\/p>\n<p>En esta presentaci\u00f3n\u00a0 literaria se podr\u00e1n adquirir\u00a0 su\u00a0 libro\u00a0 y la autora realizar\u00e1 firma\u00a0 de\u00a0 ejemplares.<\/p>\n<p><a href=\"https:\/\/www.caudete.org\/ayuntamiento\/wp-content\/uploads\/2022\/04\/Encuentro-con-Marilo-Sanchez.jpg\" rel='prettyPhoto'><img fetchpriority=\"high\" decoding=\"async\" class=\"aligncenter wp-image-18745\" src=\"https:\/\/www.caudete.org\/ayuntamiento\/wp-content\/uploads\/2022\/04\/Encuentro-con-Marilo-Sanchez-212x300.jpg\" alt=\"\" width=\"666\" height=\"942\" srcset=\"https:\/\/www.caudete.org\/ayuntamiento\/wp-content\/uploads\/2022\/04\/Encuentro-con-Marilo-Sanchez-212x300.jpg 212w, https:\/\/www.caudete.org\/ayuntamiento\/wp-content\/uploads\/2022\/04\/Encuentro-con-Marilo-Sanchez-724x1024.jpg 724w, https:\/\/www.caudete.org\/ayuntamiento\/wp-content\/uploads\/2022\/04\/Encuentro-con-Marilo-Sanchez-768x1086.jpg 768w, https:\/\/www.caudete.org\/ayuntamiento\/wp-content\/uploads\/2022\/04\/Encuentro-con-Marilo-Sanchez-1086x1536.jpg 1086w, https:\/\/www.caudete.org\/ayuntamiento\/wp-content\/uploads\/2022\/04\/Encuentro-con-Marilo-Sanchez-1448x2048.jpg 1448w, https:\/\/www.caudete.org\/ayuntamiento\/wp-content\/uploads\/2022\/04\/Encuentro-con-Marilo-Sanchez.jpg 1587w\" sizes=\"(max-width: 666px) 100vw, 666px\" \/><\/a><\/p>\n<p>&nbsp;<\/p>\n<p>&nbsp;<\/p>\n","protected":false},"excerpt":{"rendered":"<p>Desde la Concejal\u00eda de Cultura del M.I. Ayuntamiento de Caudete,\u00a0 durante este mes de abril, a trav\u00e9s de\u00a0 la \u00a0Biblioteca P\u00fablica Municipal Ana Mar\u00eda Matute\u00a0 y coincidiendo con la celebraci\u00f3n del 23, D\u00eda del Libro, se va a organizar una presentaci\u00f3n literaria. As\u00ed, dentro de la amplia\u00a0 programaci\u00f3n de actividades que va a desarrollar la &hellip;<\/p>\n","protected":false},"author":2,"featured_media":18744,"comment_status":"closed","ping_status":"open","sticky":false,"template":"","format":"standard","meta":{"ngg_post_thumbnail":0,"footnotes":""},"categories":[14],"tags":[824,823],"class_list":["post-18742","post","type-post","status-publish","format-standard","has-post-thumbnail","hentry","category-cultura","tag-mujer-soberana-de-tu-cuerpo","tag-presentacion-literaria"],"yoast_head":"<!-- This site is optimized with the Yoast SEO plugin v27.5 - https:\/\/yoast.com\/product\/yoast-seo-wordpress\/ -->\n<title>Presentaci\u00f3n del libro MUJER SOBERANA DE TU CUERPO de Maril\u00f3 S\u00e1nchez Pastor - MI Ayuntamiento de Caudete<\/title>\n<meta name=\"description\" content=\"P\u00e1gina Oficial del Ayuntamiento de Caudete (Albacete)\" \/>\n<meta name=\"robots\" content=\"index, follow, max-snippet:-1, max-image-preview:large, max-video-preview:-1\" \/>\n<link rel=\"canonical\" href=\"https:\/\/www.caudete.org\/ayuntamiento\/presentacion-del-libro-mujer-soberana-de-tu-cuerpo-de-marilo-sanchez-pastor\/\" \/>\n<meta property=\"og:locale\" content=\"es_ES\" \/>\n<meta property=\"og:type\" content=\"article\" \/>\n<meta property=\"og:title\" content=\"Presentaci\u00f3n del libro MUJER SOBERANA DE TU CUERPO de Maril\u00f3 S\u00e1nchez Pastor - MI Ayuntamiento de Caudete\" \/>\n<meta property=\"og:description\" content=\"P\u00e1gina Oficial del Ayuntamiento de Caudete (Albacete)\" \/>\n<meta property=\"og:url\" content=\"https:\/\/www.caudete.org\/ayuntamiento\/presentacion-del-libro-mujer-soberana-de-tu-cuerpo-de-marilo-sanchez-pastor\/\" \/>\n<meta property=\"og:site_name\" content=\"MI Ayuntamiento de Caudete\" \/>\n<meta property=\"article:publisher\" content=\"https:\/\/www.facebook.com\/ayuntamientocaudete\/\" \/>\n<meta property=\"article:published_time\" content=\"2022-04-12T10:40:36+00:00\" \/>\n<meta property=\"og:image\" content=\"https:\/\/www.caudete.org\/ayuntamiento\/wp-content\/uploads\/2022\/04\/Mujer-soberana-de-tu-cuerpoWEB.jpg\" \/>\n\t<meta property=\"og:image:width\" content=\"864\" \/>\n\t<meta property=\"og:image:height\" content=\"380\" \/>\n\t<meta property=\"og:image:type\" content=\"image\/jpeg\" \/>\n<meta name=\"author\" content=\"Juan\" \/>\n<meta name=\"twitter:card\" content=\"summary_large_image\" \/>\n<meta name=\"twitter:label1\" content=\"Escrito por\" \/>\n\t<meta name=\"twitter:data1\" content=\"Juan\" \/>\n\t<meta name=\"twitter:label2\" content=\"Tiempo de lectura\" \/>\n\t<meta name=\"twitter:data2\" content=\"2 minutos\" \/>\n<script type=\"application\/ld+json\" class=\"yoast-schema-graph\">{\"@context\":\"https:\\\/\\\/schema.org\",\"@graph\":[{\"@type\":\"Article\",\"@id\":\"https:\\\/\\\/www.caudete.org\\\/ayuntamiento\\\/presentacion-del-libro-mujer-soberana-de-tu-cuerpo-de-marilo-sanchez-pastor\\\/#article\",\"isPartOf\":{\"@id\":\"https:\\\/\\\/www.caudete.org\\\/ayuntamiento\\\/presentacion-del-libro-mujer-soberana-de-tu-cuerpo-de-marilo-sanchez-pastor\\\/\"},\"author\":{\"name\":\"Juan\",\"@id\":\"https:\\\/\\\/www.caudete.org\\\/ayuntamiento\\\/#\\\/schema\\\/person\\\/7656a5bb58fca95b9814e940de0fda63\"},\"headline\":\"Presentaci\u00f3n del libro MUJER SOBERANA DE TU CUERPO de Maril\u00f3 S\u00e1nchez Pastor\",\"datePublished\":\"2022-04-12T10:40:36+00:00\",\"mainEntityOfPage\":{\"@id\":\"https:\\\/\\\/www.caudete.org\\\/ayuntamiento\\\/presentacion-del-libro-mujer-soberana-de-tu-cuerpo-de-marilo-sanchez-pastor\\\/\"},\"wordCount\":412,\"image\":{\"@id\":\"https:\\\/\\\/www.caudete.org\\\/ayuntamiento\\\/presentacion-del-libro-mujer-soberana-de-tu-cuerpo-de-marilo-sanchez-pastor\\\/#primaryimage\"},\"thumbnailUrl\":\"https:\\\/\\\/www.caudete.org\\\/ayuntamiento\\\/wp-content\\\/uploads\\\/2022\\\/04\\\/Mujer-soberana-de-tu-cuerpoWEB.jpg\",\"keywords\":[\"Mujer soberana de tu cuerpo\",\"Presentacion literaria\"],\"articleSection\":[\"Cultura\"],\"inLanguage\":\"es\"},{\"@type\":\"WebPage\",\"@id\":\"https:\\\/\\\/www.caudete.org\\\/ayuntamiento\\\/presentacion-del-libro-mujer-soberana-de-tu-cuerpo-de-marilo-sanchez-pastor\\\/\",\"url\":\"https:\\\/\\\/www.caudete.org\\\/ayuntamiento\\\/presentacion-del-libro-mujer-soberana-de-tu-cuerpo-de-marilo-sanchez-pastor\\\/\",\"name\":\"Presentaci\u00f3n del libro MUJER SOBERANA DE TU CUERPO de Maril\u00f3 S\u00e1nchez Pastor - MI Ayuntamiento de Caudete\",\"isPartOf\":{\"@id\":\"https:\\\/\\\/www.caudete.org\\\/ayuntamiento\\\/#website\"},\"primaryImageOfPage\":{\"@id\":\"https:\\\/\\\/www.caudete.org\\\/ayuntamiento\\\/presentacion-del-libro-mujer-soberana-de-tu-cuerpo-de-marilo-sanchez-pastor\\\/#primaryimage\"},\"image\":{\"@id\":\"https:\\\/\\\/www.caudete.org\\\/ayuntamiento\\\/presentacion-del-libro-mujer-soberana-de-tu-cuerpo-de-marilo-sanchez-pastor\\\/#primaryimage\"},\"thumbnailUrl\":\"https:\\\/\\\/www.caudete.org\\\/ayuntamiento\\\/wp-content\\\/uploads\\\/2022\\\/04\\\/Mujer-soberana-de-tu-cuerpoWEB.jpg\",\"datePublished\":\"2022-04-12T10:40:36+00:00\",\"author\":{\"@id\":\"https:\\\/\\\/www.caudete.org\\\/ayuntamiento\\\/#\\\/schema\\\/person\\\/7656a5bb58fca95b9814e940de0fda63\"},\"description\":\"P\u00e1gina Oficial del Ayuntamiento de Caudete (Albacete)\",\"breadcrumb\":{\"@id\":\"https:\\\/\\\/www.caudete.org\\\/ayuntamiento\\\/presentacion-del-libro-mujer-soberana-de-tu-cuerpo-de-marilo-sanchez-pastor\\\/#breadcrumb\"},\"inLanguage\":\"es\",\"potentialAction\":[{\"@type\":\"ReadAction\",\"target\":[\"https:\\\/\\\/www.caudete.org\\\/ayuntamiento\\\/presentacion-del-libro-mujer-soberana-de-tu-cuerpo-de-marilo-sanchez-pastor\\\/\"]}]},{\"@type\":\"ImageObject\",\"inLanguage\":\"es\",\"@id\":\"https:\\\/\\\/www.caudete.org\\\/ayuntamiento\\\/presentacion-del-libro-mujer-soberana-de-tu-cuerpo-de-marilo-sanchez-pastor\\\/#primaryimage\",\"url\":\"https:\\\/\\\/www.caudete.org\\\/ayuntamiento\\\/wp-content\\\/uploads\\\/2022\\\/04\\\/Mujer-soberana-de-tu-cuerpoWEB.jpg\",\"contentUrl\":\"https:\\\/\\\/www.caudete.org\\\/ayuntamiento\\\/wp-content\\\/uploads\\\/2022\\\/04\\\/Mujer-soberana-de-tu-cuerpoWEB.jpg\",\"width\":864,\"height\":380},{\"@type\":\"BreadcrumbList\",\"@id\":\"https:\\\/\\\/www.caudete.org\\\/ayuntamiento\\\/presentacion-del-libro-mujer-soberana-de-tu-cuerpo-de-marilo-sanchez-pastor\\\/#breadcrumb\",\"itemListElement\":[{\"@type\":\"ListItem\",\"position\":1,\"name\":\"Inicio\",\"item\":\"https:\\\/\\\/www.caudete.org\\\/ayuntamiento\\\/\"},{\"@type\":\"ListItem\",\"position\":2,\"name\":\"Presentaci\u00f3n del libro MUJER SOBERANA DE TU CUERPO de Maril\u00f3 S\u00e1nchez Pastor\"}]},{\"@type\":\"WebSite\",\"@id\":\"https:\\\/\\\/www.caudete.org\\\/ayuntamiento\\\/#website\",\"url\":\"https:\\\/\\\/www.caudete.org\\\/ayuntamiento\\\/\",\"name\":\"MI Ayuntamiento de Caudete\",\"description\":\"P\u00e1gina Oficial del MI Ayuntamiento de Caudete\",\"potentialAction\":[{\"@type\":\"SearchAction\",\"target\":{\"@type\":\"EntryPoint\",\"urlTemplate\":\"https:\\\/\\\/www.caudete.org\\\/ayuntamiento\\\/?s={search_term_string}\"},\"query-input\":{\"@type\":\"PropertyValueSpecification\",\"valueRequired\":true,\"valueName\":\"search_term_string\"}}],\"inLanguage\":\"es\"},{\"@type\":\"Person\",\"@id\":\"https:\\\/\\\/www.caudete.org\\\/ayuntamiento\\\/#\\\/schema\\\/person\\\/7656a5bb58fca95b9814e940de0fda63\",\"name\":\"Juan\",\"image\":{\"@type\":\"ImageObject\",\"inLanguage\":\"es\",\"@id\":\"https:\\\/\\\/secure.gravatar.com\\\/avatar\\\/dd53e51c0cd6ab23f52d4f3e4f1c59730240727763de3dbbf26750b079a2c292?s=96&d=mm&r=g\",\"url\":\"https:\\\/\\\/secure.gravatar.com\\\/avatar\\\/dd53e51c0cd6ab23f52d4f3e4f1c59730240727763de3dbbf26750b079a2c292?s=96&d=mm&r=g\",\"contentUrl\":\"https:\\\/\\\/secure.gravatar.com\\\/avatar\\\/dd53e51c0cd6ab23f52d4f3e4f1c59730240727763de3dbbf26750b079a2c292?s=96&d=mm&r=g\",\"caption\":\"Juan\"},\"url\":\"https:\\\/\\\/www.caudete.org\\\/ayuntamiento\\\/author\\\/centrodeinternet\\\/\"}]}<\/script>\n<!-- \/ Yoast SEO plugin. -->","yoast_head_json":{"title":"Presentaci\u00f3n del libro MUJER SOBERANA DE TU CUERPO de Maril\u00f3 S\u00e1nchez Pastor - MI Ayuntamiento de Caudete","description":"P\u00e1gina Oficial del Ayuntamiento de Caudete (Albacete)","robots":{"index":"index","follow":"follow","max-snippet":"max-snippet:-1","max-image-preview":"max-image-preview:large","max-video-preview":"max-video-preview:-1"},"canonical":"https:\/\/www.caudete.org\/ayuntamiento\/presentacion-del-libro-mujer-soberana-de-tu-cuerpo-de-marilo-sanchez-pastor\/","og_locale":"es_ES","og_type":"article","og_title":"Presentaci\u00f3n del libro MUJER SOBERANA DE TU CUERPO de Maril\u00f3 S\u00e1nchez Pastor - MI Ayuntamiento de Caudete","og_description":"P\u00e1gina Oficial del Ayuntamiento de Caudete (Albacete)","og_url":"https:\/\/www.caudete.org\/ayuntamiento\/presentacion-del-libro-mujer-soberana-de-tu-cuerpo-de-marilo-sanchez-pastor\/","og_site_name":"MI Ayuntamiento de Caudete","article_publisher":"https:\/\/www.facebook.com\/ayuntamientocaudete\/","article_published_time":"2022-04-12T10:40:36+00:00","og_image":[{"width":864,"height":380,"url":"https:\/\/www.caudete.org\/ayuntamiento\/wp-content\/uploads\/2022\/04\/Mujer-soberana-de-tu-cuerpoWEB.jpg","type":"image\/jpeg"}],"author":"Juan","twitter_card":"summary_large_image","twitter_misc":{"Escrito por":"Juan","Tiempo de lectura":"2 minutos"},"schema":{"@context":"https:\/\/schema.org","@graph":[{"@type":"Article","@id":"https:\/\/www.caudete.org\/ayuntamiento\/presentacion-del-libro-mujer-soberana-de-tu-cuerpo-de-marilo-sanchez-pastor\/#article","isPartOf":{"@id":"https:\/\/www.caudete.org\/ayuntamiento\/presentacion-del-libro-mujer-soberana-de-tu-cuerpo-de-marilo-sanchez-pastor\/"},"author":{"name":"Juan","@id":"https:\/\/www.caudete.org\/ayuntamiento\/#\/schema\/person\/7656a5bb58fca95b9814e940de0fda63"},"headline":"Presentaci\u00f3n del libro MUJER SOBERANA DE TU CUERPO de Maril\u00f3 S\u00e1nchez Pastor","datePublished":"2022-04-12T10:40:36+00:00","mainEntityOfPage":{"@id":"https:\/\/www.caudete.org\/ayuntamiento\/presentacion-del-libro-mujer-soberana-de-tu-cuerpo-de-marilo-sanchez-pastor\/"},"wordCount":412,"image":{"@id":"https:\/\/www.caudete.org\/ayuntamiento\/presentacion-del-libro-mujer-soberana-de-tu-cuerpo-de-marilo-sanchez-pastor\/#primaryimage"},"thumbnailUrl":"https:\/\/www.caudete.org\/ayuntamiento\/wp-content\/uploads\/2022\/04\/Mujer-soberana-de-tu-cuerpoWEB.jpg","keywords":["Mujer soberana de tu cuerpo","Presentacion literaria"],"articleSection":["Cultura"],"inLanguage":"es"},{"@type":"WebPage","@id":"https:\/\/www.caudete.org\/ayuntamiento\/presentacion-del-libro-mujer-soberana-de-tu-cuerpo-de-marilo-sanchez-pastor\/","url":"https:\/\/www.caudete.org\/ayuntamiento\/presentacion-del-libro-mujer-soberana-de-tu-cuerpo-de-marilo-sanchez-pastor\/","name":"Presentaci\u00f3n del libro MUJER SOBERANA DE TU CUERPO de Maril\u00f3 S\u00e1nchez Pastor - MI Ayuntamiento de Caudete","isPartOf":{"@id":"https:\/\/www.caudete.org\/ayuntamiento\/#website"},"primaryImageOfPage":{"@id":"https:\/\/www.caudete.org\/ayuntamiento\/presentacion-del-libro-mujer-soberana-de-tu-cuerpo-de-marilo-sanchez-pastor\/#primaryimage"},"image":{"@id":"https:\/\/www.caudete.org\/ayuntamiento\/presentacion-del-libro-mujer-soberana-de-tu-cuerpo-de-marilo-sanchez-pastor\/#primaryimage"},"thumbnailUrl":"https:\/\/www.caudete.org\/ayuntamiento\/wp-content\/uploads\/2022\/04\/Mujer-soberana-de-tu-cuerpoWEB.jpg","datePublished":"2022-04-12T10:40:36+00:00","author":{"@id":"https:\/\/www.caudete.org\/ayuntamiento\/#\/schema\/person\/7656a5bb58fca95b9814e940de0fda63"},"description":"P\u00e1gina Oficial del Ayuntamiento de Caudete (Albacete)","breadcrumb":{"@id":"https:\/\/www.caudete.org\/ayuntamiento\/presentacion-del-libro-mujer-soberana-de-tu-cuerpo-de-marilo-sanchez-pastor\/#breadcrumb"},"inLanguage":"es","potentialAction":[{"@type":"ReadAction","target":["https:\/\/www.caudete.org\/ayuntamiento\/presentacion-del-libro-mujer-soberana-de-tu-cuerpo-de-marilo-sanchez-pastor\/"]}]},{"@type":"ImageObject","inLanguage":"es","@id":"https:\/\/www.caudete.org\/ayuntamiento\/presentacion-del-libro-mujer-soberana-de-tu-cuerpo-de-marilo-sanchez-pastor\/#primaryimage","url":"https:\/\/www.caudete.org\/ayuntamiento\/wp-content\/uploads\/2022\/04\/Mujer-soberana-de-tu-cuerpoWEB.jpg","contentUrl":"https:\/\/www.caudete.org\/ayuntamiento\/wp-content\/uploads\/2022\/04\/Mujer-soberana-de-tu-cuerpoWEB.jpg","width":864,"height":380},{"@type":"BreadcrumbList","@id":"https:\/\/www.caudete.org\/ayuntamiento\/presentacion-del-libro-mujer-soberana-de-tu-cuerpo-de-marilo-sanchez-pastor\/#breadcrumb","itemListElement":[{"@type":"ListItem","position":1,"name":"Inicio","item":"https:\/\/www.caudete.org\/ayuntamiento\/"},{"@type":"ListItem","position":2,"name":"Presentaci\u00f3n del libro MUJER SOBERANA DE TU CUERPO de Maril\u00f3 S\u00e1nchez Pastor"}]},{"@type":"WebSite","@id":"https:\/\/www.caudete.org\/ayuntamiento\/#website","url":"https:\/\/www.caudete.org\/ayuntamiento\/","name":"MI Ayuntamiento de Caudete","description":"P\u00e1gina Oficial del MI Ayuntamiento de Caudete","potentialAction":[{"@type":"SearchAction","target":{"@type":"EntryPoint","urlTemplate":"https:\/\/www.caudete.org\/ayuntamiento\/?s={search_term_string}"},"query-input":{"@type":"PropertyValueSpecification","valueRequired":true,"valueName":"search_term_string"}}],"inLanguage":"es"},{"@type":"Person","@id":"https:\/\/www.caudete.org\/ayuntamiento\/#\/schema\/person\/7656a5bb58fca95b9814e940de0fda63","name":"Juan","image":{"@type":"ImageObject","inLanguage":"es","@id":"https:\/\/secure.gravatar.com\/avatar\/dd53e51c0cd6ab23f52d4f3e4f1c59730240727763de3dbbf26750b079a2c292?s=96&d=mm&r=g","url":"https:\/\/secure.gravatar.com\/avatar\/dd53e51c0cd6ab23f52d4f3e4f1c59730240727763de3dbbf26750b079a2c292?s=96&d=mm&r=g","contentUrl":"https:\/\/secure.gravatar.com\/avatar\/dd53e51c0cd6ab23f52d4f3e4f1c59730240727763de3dbbf26750b079a2c292?s=96&d=mm&r=g","caption":"Juan"},"url":"https:\/\/www.caudete.org\/ayuntamiento\/author\/centrodeinternet\/"}]}},"_links":{"self":[{"href":"https:\/\/www.caudete.org\/ayuntamiento\/wp-json\/wp\/v2\/posts\/18742","targetHints":{"allow":["GET"]}}],"collection":[{"href":"https:\/\/www.caudete.org\/ayuntamiento\/wp-json\/wp\/v2\/posts"}],"about":[{"href":"https:\/\/www.caudete.org\/ayuntamiento\/wp-json\/wp\/v2\/types\/post"}],"author":[{"embeddable":true,"href":"https:\/\/www.caudete.org\/ayuntamiento\/wp-json\/wp\/v2\/users\/2"}],"replies":[{"embeddable":true,"href":"https:\/\/www.caudete.org\/ayuntamiento\/wp-json\/wp\/v2\/comments?post=18742"}],"version-history":[{"count":2,"href":"https:\/\/www.caudete.org\/ayuntamiento\/wp-json\/wp\/v2\/posts\/18742\/revisions"}],"predecessor-version":[{"id":18746,"href":"https:\/\/www.caudete.org\/ayuntamiento\/wp-json\/wp\/v2\/posts\/18742\/revisions\/18746"}],"wp:featuredmedia":[{"embeddable":true,"href":"https:\/\/www.caudete.org\/ayuntamiento\/wp-json\/wp\/v2\/media\/18744"}],"wp:attachment":[{"href":"https:\/\/www.caudete.org\/ayuntamiento\/wp-json\/wp\/v2\/media?parent=18742"}],"wp:term":[{"taxonomy":"category","embeddable":true,"href":"https:\/\/www.caudete.org\/ayuntamiento\/wp-json\/wp\/v2\/categories?post=18742"},{"taxonomy":"post_tag","embeddable":true,"href":"https:\/\/www.caudete.org\/ayuntamiento\/wp-json\/wp\/v2\/tags?post=18742"}],"curies":[{"name":"wp","href":"https:\/\/api.w.org\/{rel}","templated":true}]}}