{"id":18747,"date":"2022-04-12T15:22:11","date_gmt":"2022-04-12T13:22:11","guid":{"rendered":"https:\/\/www.caudete.org\/ayuntamiento\/?p=18747"},"modified":"2022-04-13T18:34:04","modified_gmt":"2022-04-13T16:34:04","slug":"publicadas-las-bases-para-la-vi-bienal-internacional-de-nuevas-tecnicas-conceptos-y-desarrollos-en-acuarela-acuarelibros-caudete-2022","status":"publish","type":"post","link":"https:\/\/www.caudete.org\/ayuntamiento\/publicadas-las-bases-para-la-vi-bienal-internacional-de-nuevas-tecnicas-conceptos-y-desarrollos-en-acuarela-acuarelibros-caudete-2022\/","title":{"rendered":"Publicadas las Bases para la VI BIENAL INTERNACIONAL DE NUEVAS T\u00c9CNICAS, CONCEPTOS Y DESARROLLOS EN ACUARELA. Caudete 2022"},"content":{"rendered":"<p>&nbsp;<\/p>\n<p><span data-offset-key=\"4psqa-0-0\">La Concejal\u00eda de Cultura del M.I. Ayuntamiento de Caudete junto con El Taller de Arte Villa de Caudete, han convocado para este 2022, la \ud835\udc15\ud835\udc08 \ud835\udc01\ud835\udc22\ud835\udc1e\ud835\udc27\ud835\udc1a\ud835\udc25 \ud835\udc08\ud835\udc27\ud835\udc2d\ud835\udc1e\ud835\udc2b\ud835\udc27\ud835\udc1a\ud835\udc1c\ud835\udc22\ud835\udc28\ud835\udc27\ud835\udc1a\ud835\udc25 \ud835\udc1d\ud835\udc1e \ud835\udc0d\ud835\udc2e\ud835\udc1e\ud835\udc2f\ud835\udc1a\ud835\udc2c \ud835\udc13\ud835\udc1e\u0301\ud835\udc1c\ud835\udc27\ud835\udc22\ud835\udc1c\ud835\udc1a\ud835\udc2c, \ud835\udc02\ud835\udc28\ud835\udc27\ud835\udc1c\ud835\udc1e\ud835\udc29\ud835\udc2d\ud835\udc28\ud835\udc2c \ud835\udc32 \ud835\udc03\ud835\udc1e\ud835\udc2c\ud835\udc1a\ud835\udc2b\ud835\udc2b\ud835\udc28\ud835\udc25\ud835\udc25\ud835\udc28\ud835\udc2c \ud835\udc1e\ud835\udc27 \ud835\udc00\ud835\udc1c\ud835\udc2e\ud835\udc1a\ud835\udc2b\ud835\udc1e\ud835\udc25\ud835\udc1a, que se celebrar\u00e1 del 28 de octubre al 27 de noviembre en la Casa de Cultura de la localidad. En esta nueva edici\u00f3n el pa\u00eds invitado es \ud835\udc08\ud835\udc0d\ud835\udc03\ud835\udc08\ud835\udc00, y su comisario el acuarelista internacional \ud835\udc00\ud835\udc26\ud835\udc22\ud835\udc2d \ud835\udc0a\ud835\udc1a\ud835\udc29\ud835\udc28\ud835\udc28\ud835\udc2b.<\/span><\/p>\n<p>&nbsp;<\/p>\n<p style=\"text-align: left;\"><strong><span style=\"font-size: 18.6667px;\">Bases en Espa\u00f1ol<\/span><\/strong><\/p>\n<p style=\"text-align: left;\"><a href=\"https:\/\/bienalinternacionalcaudete.com\/wp-content\/uploads\/2022\/04\/Bases-VI-BIENAL-2022-ESPANOL.pdf\" class=\"mtli_attachment mtli_pdf\" target=\"_blank\" rel=\"nofollow\"><img fetchpriority=\"high\" decoding=\"async\" class=\"alignnone size-medium wp-image-18751\" src=\"https:\/\/www.caudete.org\/ayuntamiento\/wp-content\/uploads\/2022\/04\/Portada-Bases-en-Espanol-300x199.jpg\" rel='prettyPhoto' alt=\"\" width=\"300\" height=\"199\" srcset=\"https:\/\/www.caudete.org\/ayuntamiento\/wp-content\/uploads\/2022\/04\/Portada-Bases-en-Espanol-300x199.jpg 300w, https:\/\/www.caudete.org\/ayuntamiento\/wp-content\/uploads\/2022\/04\/Portada-Bases-en-Espanol-1024x681.jpg 1024w, https:\/\/www.caudete.org\/ayuntamiento\/wp-content\/uploads\/2022\/04\/Portada-Bases-en-Espanol-768x511.jpg 768w, https:\/\/www.caudete.org\/ayuntamiento\/wp-content\/uploads\/2022\/04\/Portada-Bases-en-Espanol.jpg 1134w\" sizes=\"(max-width: 300px) 100vw, 300px\" \/><\/a><\/p>\n<p>&nbsp;<\/p>\n<p style=\"text-align: left;\"><strong><span style=\"font-size: 14pt;\">Bases in English<\/span><\/strong><\/p>\n<p style=\"text-align: left;\"><a href=\"https:\/\/bienalinternacionalcaudete.com\/wp-content\/uploads\/2022\/04\/BASES-VI-BIENAL-2022-INGLES.pdf\" class=\"mtli_attachment mtli_pdf\" target=\"_blank\" rel=\"nofollow\"><img decoding=\"async\" class=\"wp-image-18752 size-medium\" src=\"https:\/\/www.caudete.org\/ayuntamiento\/wp-content\/uploads\/2022\/04\/Portada-Bases-in-English-300x199.jpg\" rel='prettyPhoto' alt=\"\" width=\"300\" height=\"199\" srcset=\"https:\/\/www.caudete.org\/ayuntamiento\/wp-content\/uploads\/2022\/04\/Portada-Bases-in-English-300x199.jpg 300w, https:\/\/www.caudete.org\/ayuntamiento\/wp-content\/uploads\/2022\/04\/Portada-Bases-in-English-1024x681.jpg 1024w, https:\/\/www.caudete.org\/ayuntamiento\/wp-content\/uploads\/2022\/04\/Portada-Bases-in-English-768x511.jpg 768w, https:\/\/www.caudete.org\/ayuntamiento\/wp-content\/uploads\/2022\/04\/Portada-Bases-in-English.jpg 1134w\" sizes=\"(max-width: 300px) 100vw, 300px\" \/><\/a><\/p>\n<p><span style=\"font-size: 14pt;\"><strong>M\u00c1S INFORMACI\u00d3N<\/strong><\/span><\/p>\n<p><span style=\"font-size: 14pt;\"><a href=\"https:\/\/bienalinternacionalcaudete.com\/\" target=\"_blank\" rel=\"nofollow\">https:\/\/bienalinternacionalcaudete.com\/\u00a0<\/a><\/span><\/p>\n","protected":false},"excerpt":{"rendered":"<p>&nbsp; La Concejal\u00eda de Cultura del M.I. Ayuntamiento de Caudete junto con El Taller de Arte Villa de Caudete, han convocado para este 2022, la \ud835\udc15\ud835\udc08 \ud835\udc01\ud835\udc22\ud835\udc1e\ud835\udc27\ud835\udc1a\ud835\udc25 \ud835\udc08\ud835\udc27\ud835\udc2d\ud835\udc1e\ud835\udc2b\ud835\udc27\ud835\udc1a\ud835\udc1c\ud835\udc22\ud835\udc28\ud835\udc27\ud835\udc1a\ud835\udc25 \ud835\udc1d\ud835\udc1e \ud835\udc0d\ud835\udc2e\ud835\udc1e\ud835\udc2f\ud835\udc1a\ud835\udc2c \ud835\udc13\ud835\udc1e\u0301\ud835\udc1c\ud835\udc27\ud835\udc22\ud835\udc1c\ud835\udc1a\ud835\udc2c, \ud835\udc02\ud835\udc28\ud835\udc27\ud835\udc1c\ud835\udc1e\ud835\udc29\ud835\udc2d\ud835\udc28\ud835\udc2c \ud835\udc32 \ud835\udc03\ud835\udc1e\ud835\udc2c\ud835\udc1a\ud835\udc2b\ud835\udc2b\ud835\udc28\ud835\udc25\ud835\udc25\ud835\udc28\ud835\udc2c \ud835\udc1e\ud835\udc27 \ud835\udc00\ud835\udc1c\ud835\udc2e\ud835\udc1a\ud835\udc2b\ud835\udc1e\ud835\udc25\ud835\udc1a, que se celebrar\u00e1 del 28 de octubre al 27 de noviembre en la Casa de Cultura de la localidad. &hellip;<\/p>\n","protected":false},"author":2,"featured_media":18753,"comment_status":"closed","ping_status":"open","sticky":false,"template":"","format":"standard","meta":{"ngg_post_thumbnail":0,"footnotes":""},"categories":[14],"tags":[825,826],"class_list":["post-18747","post","type-post","status-publish","format-standard","has-post-thumbnail","hentry","category-cultura","tag-bienal-internacional-acuarela","tag-vi-bienal"],"yoast_head":"<!-- This site is optimized with the Yoast SEO plugin v27.5 - https:\/\/yoast.com\/product\/yoast-seo-wordpress\/ -->\n<title>Publicadas las Bases para la VI BIENAL INTERNACIONAL DE NUEVAS T\u00c9CNICAS, CONCEPTOS Y DESARROLLOS EN ACUARELA. Caudete 2022 - MI Ayuntamiento de Caudete<\/title>\n<meta name=\"description\" content=\"P\u00e1gina Oficial del Ayuntamiento de Caudete (Albacete)\" \/>\n<meta name=\"robots\" content=\"index, follow, max-snippet:-1, max-image-preview:large, max-video-preview:-1\" \/>\n<link rel=\"canonical\" href=\"https:\/\/www.caudete.org\/ayuntamiento\/publicadas-las-bases-para-la-vi-bienal-internacional-de-nuevas-tecnicas-conceptos-y-desarrollos-en-acuarela-acuarelibros-caudete-2022\/\" \/>\n<meta property=\"og:locale\" content=\"es_ES\" \/>\n<meta property=\"og:type\" content=\"article\" \/>\n<meta property=\"og:title\" content=\"Publicadas las Bases para la VI BIENAL INTERNACIONAL DE NUEVAS T\u00c9CNICAS, CONCEPTOS Y DESARROLLOS EN ACUARELA. Caudete 2022 - MI Ayuntamiento de Caudete\" \/>\n<meta property=\"og:description\" content=\"P\u00e1gina Oficial del Ayuntamiento de Caudete (Albacete)\" \/>\n<meta property=\"og:url\" content=\"https:\/\/www.caudete.org\/ayuntamiento\/publicadas-las-bases-para-la-vi-bienal-internacional-de-nuevas-tecnicas-conceptos-y-desarrollos-en-acuarela-acuarelibros-caudete-2022\/\" \/>\n<meta property=\"og:site_name\" content=\"MI Ayuntamiento de Caudete\" \/>\n<meta property=\"article:publisher\" content=\"https:\/\/www.facebook.com\/ayuntamientocaudete\/\" \/>\n<meta property=\"article:published_time\" content=\"2022-04-12T13:22:11+00:00\" \/>\n<meta property=\"article:modified_time\" content=\"2022-04-13T16:34:04+00:00\" \/>\n<meta property=\"og:image\" content=\"https:\/\/www.caudete.org\/ayuntamiento\/wp-content\/uploads\/2022\/04\/Bases-VI-Bienal-Espanol-WEB.jpg\" \/>\n\t<meta property=\"og:image:width\" content=\"864\" \/>\n\t<meta property=\"og:image:height\" content=\"380\" \/>\n\t<meta property=\"og:image:type\" content=\"image\/jpeg\" \/>\n<meta name=\"author\" content=\"Juan\" \/>\n<meta name=\"twitter:card\" content=\"summary_large_image\" \/>\n<meta name=\"twitter:label1\" content=\"Escrito por\" \/>\n\t<meta name=\"twitter:data1\" content=\"Juan\" \/>\n\t<meta name=\"twitter:label2\" content=\"Tiempo de lectura\" \/>\n\t<meta name=\"twitter:data2\" content=\"1 minuto\" \/>\n<script type=\"application\/ld+json\" class=\"yoast-schema-graph\">{\"@context\":\"https:\\\/\\\/schema.org\",\"@graph\":[{\"@type\":\"Article\",\"@id\":\"https:\\\/\\\/www.caudete.org\\\/ayuntamiento\\\/publicadas-las-bases-para-la-vi-bienal-internacional-de-nuevas-tecnicas-conceptos-y-desarrollos-en-acuarela-acuarelibros-caudete-2022\\\/#article\",\"isPartOf\":{\"@id\":\"https:\\\/\\\/www.caudete.org\\\/ayuntamiento\\\/publicadas-las-bases-para-la-vi-bienal-internacional-de-nuevas-tecnicas-conceptos-y-desarrollos-en-acuarela-acuarelibros-caudete-2022\\\/\"},\"author\":{\"name\":\"Juan\",\"@id\":\"https:\\\/\\\/www.caudete.org\\\/ayuntamiento\\\/#\\\/schema\\\/person\\\/7656a5bb58fca95b9814e940de0fda63\"},\"headline\":\"Publicadas las Bases para la VI BIENAL INTERNACIONAL DE NUEVAS T\u00c9CNICAS, CONCEPTOS Y DESARROLLOS EN ACUARELA. Caudete 2022\",\"datePublished\":\"2022-04-12T13:22:11+00:00\",\"dateModified\":\"2022-04-13T16:34:04+00:00\",\"mainEntityOfPage\":{\"@id\":\"https:\\\/\\\/www.caudete.org\\\/ayuntamiento\\\/publicadas-las-bases-para-la-vi-bienal-internacional-de-nuevas-tecnicas-conceptos-y-desarrollos-en-acuarela-acuarelibros-caudete-2022\\\/\"},\"wordCount\":93,\"image\":{\"@id\":\"https:\\\/\\\/www.caudete.org\\\/ayuntamiento\\\/publicadas-las-bases-para-la-vi-bienal-internacional-de-nuevas-tecnicas-conceptos-y-desarrollos-en-acuarela-acuarelibros-caudete-2022\\\/#primaryimage\"},\"thumbnailUrl\":\"https:\\\/\\\/www.caudete.org\\\/ayuntamiento\\\/wp-content\\\/uploads\\\/2022\\\/04\\\/Bases-VI-Bienal-Espanol-WEB.jpg\",\"keywords\":[\"Bienal Internacional Acuarela\",\"VI Bienal\"],\"articleSection\":[\"Cultura\"],\"inLanguage\":\"es\"},{\"@type\":\"WebPage\",\"@id\":\"https:\\\/\\\/www.caudete.org\\\/ayuntamiento\\\/publicadas-las-bases-para-la-vi-bienal-internacional-de-nuevas-tecnicas-conceptos-y-desarrollos-en-acuarela-acuarelibros-caudete-2022\\\/\",\"url\":\"https:\\\/\\\/www.caudete.org\\\/ayuntamiento\\\/publicadas-las-bases-para-la-vi-bienal-internacional-de-nuevas-tecnicas-conceptos-y-desarrollos-en-acuarela-acuarelibros-caudete-2022\\\/\",\"name\":\"Publicadas las Bases para la VI BIENAL INTERNACIONAL DE NUEVAS T\u00c9CNICAS, CONCEPTOS Y DESARROLLOS EN ACUARELA. Caudete 2022 - MI Ayuntamiento de Caudete\",\"isPartOf\":{\"@id\":\"https:\\\/\\\/www.caudete.org\\\/ayuntamiento\\\/#website\"},\"primaryImageOfPage\":{\"@id\":\"https:\\\/\\\/www.caudete.org\\\/ayuntamiento\\\/publicadas-las-bases-para-la-vi-bienal-internacional-de-nuevas-tecnicas-conceptos-y-desarrollos-en-acuarela-acuarelibros-caudete-2022\\\/#primaryimage\"},\"image\":{\"@id\":\"https:\\\/\\\/www.caudete.org\\\/ayuntamiento\\\/publicadas-las-bases-para-la-vi-bienal-internacional-de-nuevas-tecnicas-conceptos-y-desarrollos-en-acuarela-acuarelibros-caudete-2022\\\/#primaryimage\"},\"thumbnailUrl\":\"https:\\\/\\\/www.caudete.org\\\/ayuntamiento\\\/wp-content\\\/uploads\\\/2022\\\/04\\\/Bases-VI-Bienal-Espanol-WEB.jpg\",\"datePublished\":\"2022-04-12T13:22:11+00:00\",\"dateModified\":\"2022-04-13T16:34:04+00:00\",\"author\":{\"@id\":\"https:\\\/\\\/www.caudete.org\\\/ayuntamiento\\\/#\\\/schema\\\/person\\\/7656a5bb58fca95b9814e940de0fda63\"},\"description\":\"P\u00e1gina Oficial del Ayuntamiento de Caudete (Albacete)\",\"breadcrumb\":{\"@id\":\"https:\\\/\\\/www.caudete.org\\\/ayuntamiento\\\/publicadas-las-bases-para-la-vi-bienal-internacional-de-nuevas-tecnicas-conceptos-y-desarrollos-en-acuarela-acuarelibros-caudete-2022\\\/#breadcrumb\"},\"inLanguage\":\"es\",\"potentialAction\":[{\"@type\":\"ReadAction\",\"target\":[\"https:\\\/\\\/www.caudete.org\\\/ayuntamiento\\\/publicadas-las-bases-para-la-vi-bienal-internacional-de-nuevas-tecnicas-conceptos-y-desarrollos-en-acuarela-acuarelibros-caudete-2022\\\/\"]}]},{\"@type\":\"ImageObject\",\"inLanguage\":\"es\",\"@id\":\"https:\\\/\\\/www.caudete.org\\\/ayuntamiento\\\/publicadas-las-bases-para-la-vi-bienal-internacional-de-nuevas-tecnicas-conceptos-y-desarrollos-en-acuarela-acuarelibros-caudete-2022\\\/#primaryimage\",\"url\":\"https:\\\/\\\/www.caudete.org\\\/ayuntamiento\\\/wp-content\\\/uploads\\\/2022\\\/04\\\/Bases-VI-Bienal-Espanol-WEB.jpg\",\"contentUrl\":\"https:\\\/\\\/www.caudete.org\\\/ayuntamiento\\\/wp-content\\\/uploads\\\/2022\\\/04\\\/Bases-VI-Bienal-Espanol-WEB.jpg\",\"width\":864,\"height\":380},{\"@type\":\"BreadcrumbList\",\"@id\":\"https:\\\/\\\/www.caudete.org\\\/ayuntamiento\\\/publicadas-las-bases-para-la-vi-bienal-internacional-de-nuevas-tecnicas-conceptos-y-desarrollos-en-acuarela-acuarelibros-caudete-2022\\\/#breadcrumb\",\"itemListElement\":[{\"@type\":\"ListItem\",\"position\":1,\"name\":\"Inicio\",\"item\":\"https:\\\/\\\/www.caudete.org\\\/ayuntamiento\\\/\"},{\"@type\":\"ListItem\",\"position\":2,\"name\":\"Publicadas las Bases para la VI BIENAL INTERNACIONAL DE NUEVAS T\u00c9CNICAS, CONCEPTOS Y DESARROLLOS EN ACUARELA. Caudete 2022\"}]},{\"@type\":\"WebSite\",\"@id\":\"https:\\\/\\\/www.caudete.org\\\/ayuntamiento\\\/#website\",\"url\":\"https:\\\/\\\/www.caudete.org\\\/ayuntamiento\\\/\",\"name\":\"MI Ayuntamiento de Caudete\",\"description\":\"P\u00e1gina Oficial del MI Ayuntamiento de Caudete\",\"potentialAction\":[{\"@type\":\"SearchAction\",\"target\":{\"@type\":\"EntryPoint\",\"urlTemplate\":\"https:\\\/\\\/www.caudete.org\\\/ayuntamiento\\\/?s={search_term_string}\"},\"query-input\":{\"@type\":\"PropertyValueSpecification\",\"valueRequired\":true,\"valueName\":\"search_term_string\"}}],\"inLanguage\":\"es\"},{\"@type\":\"Person\",\"@id\":\"https:\\\/\\\/www.caudete.org\\\/ayuntamiento\\\/#\\\/schema\\\/person\\\/7656a5bb58fca95b9814e940de0fda63\",\"name\":\"Juan\",\"image\":{\"@type\":\"ImageObject\",\"inLanguage\":\"es\",\"@id\":\"https:\\\/\\\/secure.gravatar.com\\\/avatar\\\/dd53e51c0cd6ab23f52d4f3e4f1c59730240727763de3dbbf26750b079a2c292?s=96&d=mm&r=g\",\"url\":\"https:\\\/\\\/secure.gravatar.com\\\/avatar\\\/dd53e51c0cd6ab23f52d4f3e4f1c59730240727763de3dbbf26750b079a2c292?s=96&d=mm&r=g\",\"contentUrl\":\"https:\\\/\\\/secure.gravatar.com\\\/avatar\\\/dd53e51c0cd6ab23f52d4f3e4f1c59730240727763de3dbbf26750b079a2c292?s=96&d=mm&r=g\",\"caption\":\"Juan\"},\"url\":\"https:\\\/\\\/www.caudete.org\\\/ayuntamiento\\\/author\\\/centrodeinternet\\\/\"}]}<\/script>\n<!-- \/ Yoast SEO plugin. -->","yoast_head_json":{"title":"Publicadas las Bases para la VI BIENAL INTERNACIONAL DE NUEVAS T\u00c9CNICAS, CONCEPTOS Y DESARROLLOS EN ACUARELA. Caudete 2022 - MI Ayuntamiento de Caudete","description":"P\u00e1gina Oficial del Ayuntamiento de Caudete (Albacete)","robots":{"index":"index","follow":"follow","max-snippet":"max-snippet:-1","max-image-preview":"max-image-preview:large","max-video-preview":"max-video-preview:-1"},"canonical":"https:\/\/www.caudete.org\/ayuntamiento\/publicadas-las-bases-para-la-vi-bienal-internacional-de-nuevas-tecnicas-conceptos-y-desarrollos-en-acuarela-acuarelibros-caudete-2022\/","og_locale":"es_ES","og_type":"article","og_title":"Publicadas las Bases para la VI BIENAL INTERNACIONAL DE NUEVAS T\u00c9CNICAS, CONCEPTOS Y DESARROLLOS EN ACUARELA. Caudete 2022 - MI Ayuntamiento de Caudete","og_description":"P\u00e1gina Oficial del Ayuntamiento de Caudete (Albacete)","og_url":"https:\/\/www.caudete.org\/ayuntamiento\/publicadas-las-bases-para-la-vi-bienal-internacional-de-nuevas-tecnicas-conceptos-y-desarrollos-en-acuarela-acuarelibros-caudete-2022\/","og_site_name":"MI Ayuntamiento de Caudete","article_publisher":"https:\/\/www.facebook.com\/ayuntamientocaudete\/","article_published_time":"2022-04-12T13:22:11+00:00","article_modified_time":"2022-04-13T16:34:04+00:00","og_image":[{"width":864,"height":380,"url":"https:\/\/www.caudete.org\/ayuntamiento\/wp-content\/uploads\/2022\/04\/Bases-VI-Bienal-Espanol-WEB.jpg","type":"image\/jpeg"}],"author":"Juan","twitter_card":"summary_large_image","twitter_misc":{"Escrito por":"Juan","Tiempo de lectura":"1 minuto"},"schema":{"@context":"https:\/\/schema.org","@graph":[{"@type":"Article","@id":"https:\/\/www.caudete.org\/ayuntamiento\/publicadas-las-bases-para-la-vi-bienal-internacional-de-nuevas-tecnicas-conceptos-y-desarrollos-en-acuarela-acuarelibros-caudete-2022\/#article","isPartOf":{"@id":"https:\/\/www.caudete.org\/ayuntamiento\/publicadas-las-bases-para-la-vi-bienal-internacional-de-nuevas-tecnicas-conceptos-y-desarrollos-en-acuarela-acuarelibros-caudete-2022\/"},"author":{"name":"Juan","@id":"https:\/\/www.caudete.org\/ayuntamiento\/#\/schema\/person\/7656a5bb58fca95b9814e940de0fda63"},"headline":"Publicadas las Bases para la VI BIENAL INTERNACIONAL DE NUEVAS T\u00c9CNICAS, CONCEPTOS Y DESARROLLOS EN ACUARELA. Caudete 2022","datePublished":"2022-04-12T13:22:11+00:00","dateModified":"2022-04-13T16:34:04+00:00","mainEntityOfPage":{"@id":"https:\/\/www.caudete.org\/ayuntamiento\/publicadas-las-bases-para-la-vi-bienal-internacional-de-nuevas-tecnicas-conceptos-y-desarrollos-en-acuarela-acuarelibros-caudete-2022\/"},"wordCount":93,"image":{"@id":"https:\/\/www.caudete.org\/ayuntamiento\/publicadas-las-bases-para-la-vi-bienal-internacional-de-nuevas-tecnicas-conceptos-y-desarrollos-en-acuarela-acuarelibros-caudete-2022\/#primaryimage"},"thumbnailUrl":"https:\/\/www.caudete.org\/ayuntamiento\/wp-content\/uploads\/2022\/04\/Bases-VI-Bienal-Espanol-WEB.jpg","keywords":["Bienal Internacional Acuarela","VI Bienal"],"articleSection":["Cultura"],"inLanguage":"es"},{"@type":"WebPage","@id":"https:\/\/www.caudete.org\/ayuntamiento\/publicadas-las-bases-para-la-vi-bienal-internacional-de-nuevas-tecnicas-conceptos-y-desarrollos-en-acuarela-acuarelibros-caudete-2022\/","url":"https:\/\/www.caudete.org\/ayuntamiento\/publicadas-las-bases-para-la-vi-bienal-internacional-de-nuevas-tecnicas-conceptos-y-desarrollos-en-acuarela-acuarelibros-caudete-2022\/","name":"Publicadas las Bases para la VI BIENAL INTERNACIONAL DE NUEVAS T\u00c9CNICAS, CONCEPTOS Y DESARROLLOS EN ACUARELA. Caudete 2022 - MI Ayuntamiento de Caudete","isPartOf":{"@id":"https:\/\/www.caudete.org\/ayuntamiento\/#website"},"primaryImageOfPage":{"@id":"https:\/\/www.caudete.org\/ayuntamiento\/publicadas-las-bases-para-la-vi-bienal-internacional-de-nuevas-tecnicas-conceptos-y-desarrollos-en-acuarela-acuarelibros-caudete-2022\/#primaryimage"},"image":{"@id":"https:\/\/www.caudete.org\/ayuntamiento\/publicadas-las-bases-para-la-vi-bienal-internacional-de-nuevas-tecnicas-conceptos-y-desarrollos-en-acuarela-acuarelibros-caudete-2022\/#primaryimage"},"thumbnailUrl":"https:\/\/www.caudete.org\/ayuntamiento\/wp-content\/uploads\/2022\/04\/Bases-VI-Bienal-Espanol-WEB.jpg","datePublished":"2022-04-12T13:22:11+00:00","dateModified":"2022-04-13T16:34:04+00:00","author":{"@id":"https:\/\/www.caudete.org\/ayuntamiento\/#\/schema\/person\/7656a5bb58fca95b9814e940de0fda63"},"description":"P\u00e1gina Oficial del Ayuntamiento de Caudete (Albacete)","breadcrumb":{"@id":"https:\/\/www.caudete.org\/ayuntamiento\/publicadas-las-bases-para-la-vi-bienal-internacional-de-nuevas-tecnicas-conceptos-y-desarrollos-en-acuarela-acuarelibros-caudete-2022\/#breadcrumb"},"inLanguage":"es","potentialAction":[{"@type":"ReadAction","target":["https:\/\/www.caudete.org\/ayuntamiento\/publicadas-las-bases-para-la-vi-bienal-internacional-de-nuevas-tecnicas-conceptos-y-desarrollos-en-acuarela-acuarelibros-caudete-2022\/"]}]},{"@type":"ImageObject","inLanguage":"es","@id":"https:\/\/www.caudete.org\/ayuntamiento\/publicadas-las-bases-para-la-vi-bienal-internacional-de-nuevas-tecnicas-conceptos-y-desarrollos-en-acuarela-acuarelibros-caudete-2022\/#primaryimage","url":"https:\/\/www.caudete.org\/ayuntamiento\/wp-content\/uploads\/2022\/04\/Bases-VI-Bienal-Espanol-WEB.jpg","contentUrl":"https:\/\/www.caudete.org\/ayuntamiento\/wp-content\/uploads\/2022\/04\/Bases-VI-Bienal-Espanol-WEB.jpg","width":864,"height":380},{"@type":"BreadcrumbList","@id":"https:\/\/www.caudete.org\/ayuntamiento\/publicadas-las-bases-para-la-vi-bienal-internacional-de-nuevas-tecnicas-conceptos-y-desarrollos-en-acuarela-acuarelibros-caudete-2022\/#breadcrumb","itemListElement":[{"@type":"ListItem","position":1,"name":"Inicio","item":"https:\/\/www.caudete.org\/ayuntamiento\/"},{"@type":"ListItem","position":2,"name":"Publicadas las Bases para la VI BIENAL INTERNACIONAL DE NUEVAS T\u00c9CNICAS, CONCEPTOS Y DESARROLLOS EN ACUARELA. Caudete 2022"}]},{"@type":"WebSite","@id":"https:\/\/www.caudete.org\/ayuntamiento\/#website","url":"https:\/\/www.caudete.org\/ayuntamiento\/","name":"MI Ayuntamiento de Caudete","description":"P\u00e1gina Oficial del MI Ayuntamiento de Caudete","potentialAction":[{"@type":"SearchAction","target":{"@type":"EntryPoint","urlTemplate":"https:\/\/www.caudete.org\/ayuntamiento\/?s={search_term_string}"},"query-input":{"@type":"PropertyValueSpecification","valueRequired":true,"valueName":"search_term_string"}}],"inLanguage":"es"},{"@type":"Person","@id":"https:\/\/www.caudete.org\/ayuntamiento\/#\/schema\/person\/7656a5bb58fca95b9814e940de0fda63","name":"Juan","image":{"@type":"ImageObject","inLanguage":"es","@id":"https:\/\/secure.gravatar.com\/avatar\/dd53e51c0cd6ab23f52d4f3e4f1c59730240727763de3dbbf26750b079a2c292?s=96&d=mm&r=g","url":"https:\/\/secure.gravatar.com\/avatar\/dd53e51c0cd6ab23f52d4f3e4f1c59730240727763de3dbbf26750b079a2c292?s=96&d=mm&r=g","contentUrl":"https:\/\/secure.gravatar.com\/avatar\/dd53e51c0cd6ab23f52d4f3e4f1c59730240727763de3dbbf26750b079a2c292?s=96&d=mm&r=g","caption":"Juan"},"url":"https:\/\/www.caudete.org\/ayuntamiento\/author\/centrodeinternet\/"}]}},"_links":{"self":[{"href":"https:\/\/www.caudete.org\/ayuntamiento\/wp-json\/wp\/v2\/posts\/18747","targetHints":{"allow":["GET"]}}],"collection":[{"href":"https:\/\/www.caudete.org\/ayuntamiento\/wp-json\/wp\/v2\/posts"}],"about":[{"href":"https:\/\/www.caudete.org\/ayuntamiento\/wp-json\/wp\/v2\/types\/post"}],"author":[{"embeddable":true,"href":"https:\/\/www.caudete.org\/ayuntamiento\/wp-json\/wp\/v2\/users\/2"}],"replies":[{"embeddable":true,"href":"https:\/\/www.caudete.org\/ayuntamiento\/wp-json\/wp\/v2\/comments?post=18747"}],"version-history":[{"count":15,"href":"https:\/\/www.caudete.org\/ayuntamiento\/wp-json\/wp\/v2\/posts\/18747\/revisions"}],"predecessor-version":[{"id":18792,"href":"https:\/\/www.caudete.org\/ayuntamiento\/wp-json\/wp\/v2\/posts\/18747\/revisions\/18792"}],"wp:featuredmedia":[{"embeddable":true,"href":"https:\/\/www.caudete.org\/ayuntamiento\/wp-json\/wp\/v2\/media\/18753"}],"wp:attachment":[{"href":"https:\/\/www.caudete.org\/ayuntamiento\/wp-json\/wp\/v2\/media?parent=18747"}],"wp:term":[{"taxonomy":"category","embeddable":true,"href":"https:\/\/www.caudete.org\/ayuntamiento\/wp-json\/wp\/v2\/categories?post=18747"},{"taxonomy":"post_tag","embeddable":true,"href":"https:\/\/www.caudete.org\/ayuntamiento\/wp-json\/wp\/v2\/tags?post=18747"}],"curies":[{"name":"wp","href":"https:\/\/api.w.org\/{rel}","templated":true}]}}