{"id":18769,"date":"2022-04-13T09:26:42","date_gmt":"2022-04-13T07:26:42","guid":{"rendered":"https:\/\/www.caudete.org\/ayuntamiento\/?p=18769"},"modified":"2022-04-13T09:26:42","modified_gmt":"2022-04-13T07:26:42","slug":"constituido-el-consejo-local-de-seguridad-orden-civico-y-convivencia-de-caudete","status":"publish","type":"post","link":"https:\/\/www.caudete.org\/ayuntamiento\/constituido-el-consejo-local-de-seguridad-orden-civico-y-convivencia-de-caudete\/","title":{"rendered":"Constituido el CONSEJO LOCAL de Seguridad, Orden C\u00edvico y Convivencia de Caudete"},"content":{"rendered":"<p style=\"text-align: justify;\">El pasado viernes 8 de Abril, la Sala de Prensa del Ayuntamiento de Caudete acogi\u00f3 a las 8 de la tarde la convocatoria para constituir el Consejo Local de Seguridad, Orden C\u00edvico y Convivencia aprobado por el Pleno Municipal.<\/p>\n<p style=\"text-align: justify;\">En las 2h de duraci\u00f3n que tuvo aproximadamente se diferenciaron dos partes en el mismo. En primer lugar, la constituci\u00f3n formal como \u00f3rgano consultivo del Consistorio, para lo cual el Alcalde present\u00f3 a los miembros presentes, su representaci\u00f3n, y el funcionamiento general del Consejo, para dar paso al agradecimiento por la asistencia e implicaci\u00f3n con el pueblo de Caudete, a quienes traslad\u00f3 la &#8220;<em>confianza en que estos encuentros servir\u00e1n para mejorar en informaci\u00f3n, en la detecci\u00f3n de situaciones y en la participaci\u00f3n ciudadana, con el objetivo de poder colaborar en la mejora de la seguridad, del orden y de la convivencia en el municipio<\/em>&#8220;.<\/p>\n<p style=\"text-align: justify;\">Tras ello, tomaron la palabra la Concejal de Interior, Mar\u00eda del Mar Requena, y el SubInspector de la Polic\u00eda Local, Daniel Azor\u00edn, para analizar primeramente la situaci\u00f3n de inseguridad que en los \u00faltimos meses se encuentra la poblaci\u00f3n con los actos vand\u00e1licos caracterizados por la quema de veh\u00edculos, as\u00ed como por los tambi\u00e9n denunciados de rotura de lunas y rayado de chapa de veh\u00edculos, pintadas, y quema de contenedores, adem\u00e1s de situaciones de incivismo en lugares concretos del casco urbano. Posteriormente, enumeraron y detallaron las medidas y mejoras puestas en marcha por la Concejal\u00eda de Interior, y por la Polic\u00eda Local en materia de seguridad.<\/p>\n<p style=\"text-align: justify;\">Analizaron la situaci\u00f3n de la plantilla policial, la cobertura de servicios actual, y la estrategia puesta en marcha en dicha cuesti\u00f3n, siendo objetivo el conseguir dotar a la plantilla con 17 efectivos para prestar todos los servicios y contar adem\u00e1s con atenci\u00f3n al ciudadano en las dependencias policiales.<\/p>\n<p style=\"text-align: justify;\">Junto a ello, la importante inversi\u00f3n realizada en videovigilancia, puntera en la provincia por el sistema implantado, y por la red dise\u00f1ada, que viene a reforzar la primera fase puesta en marcha en 2018, y que ahora con m\u00e1s cualidades, supone un instrumento excepcional para Polic\u00eda y Guardia Civil. Adem\u00e1s, se explic\u00f3 parte del Plan de Autoprotecci\u00f3n de Segundas Residencias que en breves semanas presentar\u00e1 oficialmente y pondr\u00e1 en marcha la Concejal\u00eda de Emergencias.<\/p>\n<p style=\"text-align: justify;\">En una segunda parte del Consejo, los asistentes tuvieron la oportunidad de poder trasladar tanto inquietudes como cuestiones de sus vecinos o colectivos representados ante diversidad de situaciones que se producen en el municipio, interactuando de esta forma con el resto de miembros del Consejo Local.<\/p>\n<p style=\"text-align: justify;\">Finalizaba la sesi\u00f3n pidiendo el Alcalde colaboraci\u00f3n e implicaci\u00f3n ciudadana, as\u00ed como confianza en los cuerpos y fuerzas de seguridad locales y del Estado.<\/p>\n","protected":false},"excerpt":{"rendered":"<p>El pasado viernes 8 de Abril, la Sala de Prensa del Ayuntamiento de Caudete acogi\u00f3 a las 8 de la tarde la convocatoria para constituir el Consejo Local de Seguridad, Orden C\u00edvico y Convivencia aprobado por el Pleno Municipal. En las 2h de duraci\u00f3n que tuvo aproximadamente se diferenciaron dos partes en el mismo. En &hellip;<\/p>\n","protected":false},"author":3,"featured_media":18770,"comment_status":"closed","ping_status":"open","sticky":false,"template":"","format":"standard","meta":{"ngg_post_thumbnail":0,"footnotes":""},"categories":[34],"tags":[],"class_list":["post-18769","post","type-post","status-publish","format-standard","has-post-thumbnail","hentry","category-interior"],"yoast_head":"<!-- This site is optimized with the Yoast SEO plugin v27.5 - https:\/\/yoast.com\/product\/yoast-seo-wordpress\/ -->\n<title>Constituido el CONSEJO LOCAL de Seguridad, Orden C\u00edvico y Convivencia de Caudete - MI Ayuntamiento de Caudete<\/title>\n<meta name=\"description\" content=\"P\u00e1gina Oficial del Ayuntamiento de Caudete (Albacete)\" \/>\n<meta name=\"robots\" content=\"index, follow, max-snippet:-1, max-image-preview:large, max-video-preview:-1\" \/>\n<link rel=\"canonical\" href=\"https:\/\/www.caudete.org\/ayuntamiento\/constituido-el-consejo-local-de-seguridad-orden-civico-y-convivencia-de-caudete\/\" \/>\n<meta property=\"og:locale\" content=\"es_ES\" \/>\n<meta property=\"og:type\" content=\"article\" \/>\n<meta property=\"og:title\" content=\"Constituido el CONSEJO LOCAL de Seguridad, Orden C\u00edvico y Convivencia de Caudete - MI Ayuntamiento de Caudete\" \/>\n<meta property=\"og:description\" content=\"P\u00e1gina Oficial del Ayuntamiento de Caudete (Albacete)\" \/>\n<meta property=\"og:url\" content=\"https:\/\/www.caudete.org\/ayuntamiento\/constituido-el-consejo-local-de-seguridad-orden-civico-y-convivencia-de-caudete\/\" \/>\n<meta property=\"og:site_name\" content=\"MI Ayuntamiento de Caudete\" \/>\n<meta property=\"article:publisher\" content=\"https:\/\/www.facebook.com\/ayuntamientocaudete\/\" \/>\n<meta property=\"article:published_time\" content=\"2022-04-13T07:26:42+00:00\" \/>\n<meta property=\"og:image\" content=\"https:\/\/www.caudete.org\/ayuntamiento\/wp-content\/uploads\/2022\/04\/WhatsApp-Image-2022-04-09-at-12.40.20.jpeg\" \/>\n\t<meta property=\"og:image:width\" content=\"2048\" \/>\n\t<meta property=\"og:image:height\" content=\"1536\" \/>\n\t<meta property=\"og:image:type\" content=\"image\/jpeg\" \/>\n<meta name=\"author\" content=\"alcalde\" \/>\n<meta name=\"twitter:card\" content=\"summary_large_image\" \/>\n<meta name=\"twitter:label1\" content=\"Escrito por\" \/>\n\t<meta name=\"twitter:data1\" content=\"alcalde\" \/>\n\t<meta name=\"twitter:label2\" content=\"Tiempo de lectura\" \/>\n\t<meta name=\"twitter:data2\" content=\"3 minutos\" \/>\n<script type=\"application\/ld+json\" class=\"yoast-schema-graph\">{\"@context\":\"https:\\\/\\\/schema.org\",\"@graph\":[{\"@type\":\"Article\",\"@id\":\"https:\\\/\\\/www.caudete.org\\\/ayuntamiento\\\/constituido-el-consejo-local-de-seguridad-orden-civico-y-convivencia-de-caudete\\\/#article\",\"isPartOf\":{\"@id\":\"https:\\\/\\\/www.caudete.org\\\/ayuntamiento\\\/constituido-el-consejo-local-de-seguridad-orden-civico-y-convivencia-de-caudete\\\/\"},\"author\":{\"name\":\"alcalde\",\"@id\":\"https:\\\/\\\/www.caudete.org\\\/ayuntamiento\\\/#\\\/schema\\\/person\\\/cc646da9133078ee4d8dd47457947253\"},\"headline\":\"Constituido el CONSEJO LOCAL de Seguridad, Orden C\u00edvico y Convivencia de Caudete\",\"datePublished\":\"2022-04-13T07:26:42+00:00\",\"mainEntityOfPage\":{\"@id\":\"https:\\\/\\\/www.caudete.org\\\/ayuntamiento\\\/constituido-el-consejo-local-de-seguridad-orden-civico-y-convivencia-de-caudete\\\/\"},\"wordCount\":484,\"image\":{\"@id\":\"https:\\\/\\\/www.caudete.org\\\/ayuntamiento\\\/constituido-el-consejo-local-de-seguridad-orden-civico-y-convivencia-de-caudete\\\/#primaryimage\"},\"thumbnailUrl\":\"https:\\\/\\\/www.caudete.org\\\/ayuntamiento\\\/wp-content\\\/uploads\\\/2022\\\/04\\\/WhatsApp-Image-2022-04-09-at-12.40.20.jpeg\",\"articleSection\":[\"Interior\"],\"inLanguage\":\"es\"},{\"@type\":\"WebPage\",\"@id\":\"https:\\\/\\\/www.caudete.org\\\/ayuntamiento\\\/constituido-el-consejo-local-de-seguridad-orden-civico-y-convivencia-de-caudete\\\/\",\"url\":\"https:\\\/\\\/www.caudete.org\\\/ayuntamiento\\\/constituido-el-consejo-local-de-seguridad-orden-civico-y-convivencia-de-caudete\\\/\",\"name\":\"Constituido el CONSEJO LOCAL de Seguridad, Orden C\u00edvico y Convivencia de Caudete - MI Ayuntamiento de Caudete\",\"isPartOf\":{\"@id\":\"https:\\\/\\\/www.caudete.org\\\/ayuntamiento\\\/#website\"},\"primaryImageOfPage\":{\"@id\":\"https:\\\/\\\/www.caudete.org\\\/ayuntamiento\\\/constituido-el-consejo-local-de-seguridad-orden-civico-y-convivencia-de-caudete\\\/#primaryimage\"},\"image\":{\"@id\":\"https:\\\/\\\/www.caudete.org\\\/ayuntamiento\\\/constituido-el-consejo-local-de-seguridad-orden-civico-y-convivencia-de-caudete\\\/#primaryimage\"},\"thumbnailUrl\":\"https:\\\/\\\/www.caudete.org\\\/ayuntamiento\\\/wp-content\\\/uploads\\\/2022\\\/04\\\/WhatsApp-Image-2022-04-09-at-12.40.20.jpeg\",\"datePublished\":\"2022-04-13T07:26:42+00:00\",\"author\":{\"@id\":\"https:\\\/\\\/www.caudete.org\\\/ayuntamiento\\\/#\\\/schema\\\/person\\\/cc646da9133078ee4d8dd47457947253\"},\"description\":\"P\u00e1gina Oficial del Ayuntamiento de Caudete (Albacete)\",\"breadcrumb\":{\"@id\":\"https:\\\/\\\/www.caudete.org\\\/ayuntamiento\\\/constituido-el-consejo-local-de-seguridad-orden-civico-y-convivencia-de-caudete\\\/#breadcrumb\"},\"inLanguage\":\"es\",\"potentialAction\":[{\"@type\":\"ReadAction\",\"target\":[\"https:\\\/\\\/www.caudete.org\\\/ayuntamiento\\\/constituido-el-consejo-local-de-seguridad-orden-civico-y-convivencia-de-caudete\\\/\"]}]},{\"@type\":\"ImageObject\",\"inLanguage\":\"es\",\"@id\":\"https:\\\/\\\/www.caudete.org\\\/ayuntamiento\\\/constituido-el-consejo-local-de-seguridad-orden-civico-y-convivencia-de-caudete\\\/#primaryimage\",\"url\":\"https:\\\/\\\/www.caudete.org\\\/ayuntamiento\\\/wp-content\\\/uploads\\\/2022\\\/04\\\/WhatsApp-Image-2022-04-09-at-12.40.20.jpeg\",\"contentUrl\":\"https:\\\/\\\/www.caudete.org\\\/ayuntamiento\\\/wp-content\\\/uploads\\\/2022\\\/04\\\/WhatsApp-Image-2022-04-09-at-12.40.20.jpeg\",\"width\":2048,\"height\":1536},{\"@type\":\"BreadcrumbList\",\"@id\":\"https:\\\/\\\/www.caudete.org\\\/ayuntamiento\\\/constituido-el-consejo-local-de-seguridad-orden-civico-y-convivencia-de-caudete\\\/#breadcrumb\",\"itemListElement\":[{\"@type\":\"ListItem\",\"position\":1,\"name\":\"Inicio\",\"item\":\"https:\\\/\\\/www.caudete.org\\\/ayuntamiento\\\/\"},{\"@type\":\"ListItem\",\"position\":2,\"name\":\"Constituido el CONSEJO LOCAL de Seguridad, Orden C\u00edvico y Convivencia de Caudete\"}]},{\"@type\":\"WebSite\",\"@id\":\"https:\\\/\\\/www.caudete.org\\\/ayuntamiento\\\/#website\",\"url\":\"https:\\\/\\\/www.caudete.org\\\/ayuntamiento\\\/\",\"name\":\"MI Ayuntamiento de Caudete\",\"description\":\"P\u00e1gina Oficial del MI Ayuntamiento de Caudete\",\"potentialAction\":[{\"@type\":\"SearchAction\",\"target\":{\"@type\":\"EntryPoint\",\"urlTemplate\":\"https:\\\/\\\/www.caudete.org\\\/ayuntamiento\\\/?s={search_term_string}\"},\"query-input\":{\"@type\":\"PropertyValueSpecification\",\"valueRequired\":true,\"valueName\":\"search_term_string\"}}],\"inLanguage\":\"es\"},{\"@type\":\"Person\",\"@id\":\"https:\\\/\\\/www.caudete.org\\\/ayuntamiento\\\/#\\\/schema\\\/person\\\/cc646da9133078ee4d8dd47457947253\",\"name\":\"alcalde\",\"image\":{\"@type\":\"ImageObject\",\"inLanguage\":\"es\",\"@id\":\"https:\\\/\\\/secure.gravatar.com\\\/avatar\\\/84a817ba065b29ff08d666b215a215f5c79186a645ccb25b14a663d48a130f77?s=96&d=mm&r=g\",\"url\":\"https:\\\/\\\/secure.gravatar.com\\\/avatar\\\/84a817ba065b29ff08d666b215a215f5c79186a645ccb25b14a663d48a130f77?s=96&d=mm&r=g\",\"contentUrl\":\"https:\\\/\\\/secure.gravatar.com\\\/avatar\\\/84a817ba065b29ff08d666b215a215f5c79186a645ccb25b14a663d48a130f77?s=96&d=mm&r=g\",\"caption\":\"alcalde\"},\"url\":\"https:\\\/\\\/www.caudete.org\\\/ayuntamiento\\\/author\\\/alcalde\\\/\"}]}<\/script>\n<!-- \/ Yoast SEO plugin. -->","yoast_head_json":{"title":"Constituido el CONSEJO LOCAL de Seguridad, Orden C\u00edvico y Convivencia de Caudete - MI Ayuntamiento de Caudete","description":"P\u00e1gina Oficial del Ayuntamiento de Caudete (Albacete)","robots":{"index":"index","follow":"follow","max-snippet":"max-snippet:-1","max-image-preview":"max-image-preview:large","max-video-preview":"max-video-preview:-1"},"canonical":"https:\/\/www.caudete.org\/ayuntamiento\/constituido-el-consejo-local-de-seguridad-orden-civico-y-convivencia-de-caudete\/","og_locale":"es_ES","og_type":"article","og_title":"Constituido el CONSEJO LOCAL de Seguridad, Orden C\u00edvico y Convivencia de Caudete - MI Ayuntamiento de Caudete","og_description":"P\u00e1gina Oficial del Ayuntamiento de Caudete (Albacete)","og_url":"https:\/\/www.caudete.org\/ayuntamiento\/constituido-el-consejo-local-de-seguridad-orden-civico-y-convivencia-de-caudete\/","og_site_name":"MI Ayuntamiento de Caudete","article_publisher":"https:\/\/www.facebook.com\/ayuntamientocaudete\/","article_published_time":"2022-04-13T07:26:42+00:00","og_image":[{"width":2048,"height":1536,"url":"https:\/\/www.caudete.org\/ayuntamiento\/wp-content\/uploads\/2022\/04\/WhatsApp-Image-2022-04-09-at-12.40.20.jpeg","type":"image\/jpeg"}],"author":"alcalde","twitter_card":"summary_large_image","twitter_misc":{"Escrito por":"alcalde","Tiempo de lectura":"3 minutos"},"schema":{"@context":"https:\/\/schema.org","@graph":[{"@type":"Article","@id":"https:\/\/www.caudete.org\/ayuntamiento\/constituido-el-consejo-local-de-seguridad-orden-civico-y-convivencia-de-caudete\/#article","isPartOf":{"@id":"https:\/\/www.caudete.org\/ayuntamiento\/constituido-el-consejo-local-de-seguridad-orden-civico-y-convivencia-de-caudete\/"},"author":{"name":"alcalde","@id":"https:\/\/www.caudete.org\/ayuntamiento\/#\/schema\/person\/cc646da9133078ee4d8dd47457947253"},"headline":"Constituido el CONSEJO LOCAL de Seguridad, Orden C\u00edvico y Convivencia de Caudete","datePublished":"2022-04-13T07:26:42+00:00","mainEntityOfPage":{"@id":"https:\/\/www.caudete.org\/ayuntamiento\/constituido-el-consejo-local-de-seguridad-orden-civico-y-convivencia-de-caudete\/"},"wordCount":484,"image":{"@id":"https:\/\/www.caudete.org\/ayuntamiento\/constituido-el-consejo-local-de-seguridad-orden-civico-y-convivencia-de-caudete\/#primaryimage"},"thumbnailUrl":"https:\/\/www.caudete.org\/ayuntamiento\/wp-content\/uploads\/2022\/04\/WhatsApp-Image-2022-04-09-at-12.40.20.jpeg","articleSection":["Interior"],"inLanguage":"es"},{"@type":"WebPage","@id":"https:\/\/www.caudete.org\/ayuntamiento\/constituido-el-consejo-local-de-seguridad-orden-civico-y-convivencia-de-caudete\/","url":"https:\/\/www.caudete.org\/ayuntamiento\/constituido-el-consejo-local-de-seguridad-orden-civico-y-convivencia-de-caudete\/","name":"Constituido el CONSEJO LOCAL de Seguridad, Orden C\u00edvico y Convivencia de Caudete - MI Ayuntamiento de Caudete","isPartOf":{"@id":"https:\/\/www.caudete.org\/ayuntamiento\/#website"},"primaryImageOfPage":{"@id":"https:\/\/www.caudete.org\/ayuntamiento\/constituido-el-consejo-local-de-seguridad-orden-civico-y-convivencia-de-caudete\/#primaryimage"},"image":{"@id":"https:\/\/www.caudete.org\/ayuntamiento\/constituido-el-consejo-local-de-seguridad-orden-civico-y-convivencia-de-caudete\/#primaryimage"},"thumbnailUrl":"https:\/\/www.caudete.org\/ayuntamiento\/wp-content\/uploads\/2022\/04\/WhatsApp-Image-2022-04-09-at-12.40.20.jpeg","datePublished":"2022-04-13T07:26:42+00:00","author":{"@id":"https:\/\/www.caudete.org\/ayuntamiento\/#\/schema\/person\/cc646da9133078ee4d8dd47457947253"},"description":"P\u00e1gina Oficial del Ayuntamiento de Caudete (Albacete)","breadcrumb":{"@id":"https:\/\/www.caudete.org\/ayuntamiento\/constituido-el-consejo-local-de-seguridad-orden-civico-y-convivencia-de-caudete\/#breadcrumb"},"inLanguage":"es","potentialAction":[{"@type":"ReadAction","target":["https:\/\/www.caudete.org\/ayuntamiento\/constituido-el-consejo-local-de-seguridad-orden-civico-y-convivencia-de-caudete\/"]}]},{"@type":"ImageObject","inLanguage":"es","@id":"https:\/\/www.caudete.org\/ayuntamiento\/constituido-el-consejo-local-de-seguridad-orden-civico-y-convivencia-de-caudete\/#primaryimage","url":"https:\/\/www.caudete.org\/ayuntamiento\/wp-content\/uploads\/2022\/04\/WhatsApp-Image-2022-04-09-at-12.40.20.jpeg","contentUrl":"https:\/\/www.caudete.org\/ayuntamiento\/wp-content\/uploads\/2022\/04\/WhatsApp-Image-2022-04-09-at-12.40.20.jpeg","width":2048,"height":1536},{"@type":"BreadcrumbList","@id":"https:\/\/www.caudete.org\/ayuntamiento\/constituido-el-consejo-local-de-seguridad-orden-civico-y-convivencia-de-caudete\/#breadcrumb","itemListElement":[{"@type":"ListItem","position":1,"name":"Inicio","item":"https:\/\/www.caudete.org\/ayuntamiento\/"},{"@type":"ListItem","position":2,"name":"Constituido el CONSEJO LOCAL de Seguridad, Orden C\u00edvico y Convivencia de Caudete"}]},{"@type":"WebSite","@id":"https:\/\/www.caudete.org\/ayuntamiento\/#website","url":"https:\/\/www.caudete.org\/ayuntamiento\/","name":"MI Ayuntamiento de Caudete","description":"P\u00e1gina Oficial del MI Ayuntamiento de Caudete","potentialAction":[{"@type":"SearchAction","target":{"@type":"EntryPoint","urlTemplate":"https:\/\/www.caudete.org\/ayuntamiento\/?s={search_term_string}"},"query-input":{"@type":"PropertyValueSpecification","valueRequired":true,"valueName":"search_term_string"}}],"inLanguage":"es"},{"@type":"Person","@id":"https:\/\/www.caudete.org\/ayuntamiento\/#\/schema\/person\/cc646da9133078ee4d8dd47457947253","name":"alcalde","image":{"@type":"ImageObject","inLanguage":"es","@id":"https:\/\/secure.gravatar.com\/avatar\/84a817ba065b29ff08d666b215a215f5c79186a645ccb25b14a663d48a130f77?s=96&d=mm&r=g","url":"https:\/\/secure.gravatar.com\/avatar\/84a817ba065b29ff08d666b215a215f5c79186a645ccb25b14a663d48a130f77?s=96&d=mm&r=g","contentUrl":"https:\/\/secure.gravatar.com\/avatar\/84a817ba065b29ff08d666b215a215f5c79186a645ccb25b14a663d48a130f77?s=96&d=mm&r=g","caption":"alcalde"},"url":"https:\/\/www.caudete.org\/ayuntamiento\/author\/alcalde\/"}]}},"_links":{"self":[{"href":"https:\/\/www.caudete.org\/ayuntamiento\/wp-json\/wp\/v2\/posts\/18769","targetHints":{"allow":["GET"]}}],"collection":[{"href":"https:\/\/www.caudete.org\/ayuntamiento\/wp-json\/wp\/v2\/posts"}],"about":[{"href":"https:\/\/www.caudete.org\/ayuntamiento\/wp-json\/wp\/v2\/types\/post"}],"author":[{"embeddable":true,"href":"https:\/\/www.caudete.org\/ayuntamiento\/wp-json\/wp\/v2\/users\/3"}],"replies":[{"embeddable":true,"href":"https:\/\/www.caudete.org\/ayuntamiento\/wp-json\/wp\/v2\/comments?post=18769"}],"version-history":[{"count":1,"href":"https:\/\/www.caudete.org\/ayuntamiento\/wp-json\/wp\/v2\/posts\/18769\/revisions"}],"predecessor-version":[{"id":18771,"href":"https:\/\/www.caudete.org\/ayuntamiento\/wp-json\/wp\/v2\/posts\/18769\/revisions\/18771"}],"wp:featuredmedia":[{"embeddable":true,"href":"https:\/\/www.caudete.org\/ayuntamiento\/wp-json\/wp\/v2\/media\/18770"}],"wp:attachment":[{"href":"https:\/\/www.caudete.org\/ayuntamiento\/wp-json\/wp\/v2\/media?parent=18769"}],"wp:term":[{"taxonomy":"category","embeddable":true,"href":"https:\/\/www.caudete.org\/ayuntamiento\/wp-json\/wp\/v2\/categories?post=18769"},{"taxonomy":"post_tag","embeddable":true,"href":"https:\/\/www.caudete.org\/ayuntamiento\/wp-json\/wp\/v2\/tags?post=18769"}],"curies":[{"name":"wp","href":"https:\/\/api.w.org\/{rel}","templated":true}]}}