{"id":18779,"date":"2022-04-13T18:20:28","date_gmt":"2022-04-13T16:20:28","guid":{"rendered":"https:\/\/www.caudete.org\/ayuntamiento\/?p=18779"},"modified":"2022-04-13T18:22:00","modified_gmt":"2022-04-13T16:22:00","slug":"la-biblioteca-celebrara-el-dia-del-libro-con-una-variada-agenda-de-actividades","status":"publish","type":"post","link":"https:\/\/www.caudete.org\/ayuntamiento\/la-biblioteca-celebrara-el-dia-del-libro-con-una-variada-agenda-de-actividades\/","title":{"rendered":"La Biblioteca celebrar\u00e1 el D\u00cdA DEL LIBRO con una variada agenda de actividades"},"content":{"rendered":"<p>Desde la Concejal\u00eda de Cultura del M. I Ayuntamiento de Caudete, a trav\u00e9s de la Biblioteca P\u00fablica Municipal Ana Mar\u00eda Matute, hemos programado actividades para celebrar el D\u00eda del Libro, el 23 de abril.<\/p>\n<p>Aunque sabemos que estamos en plenas fiestas de Semana Santa quer\u00edamos ense\u00f1aros un avance de lo que hemos programado para esta fiesta del D\u00eda del Libro.<\/p>\n<p>Se ha realizado un folleto editado desde la Biblioteca con el que anunciamos nuestra programaci\u00f3n, y que este a\u00f1o cuenta con un emotivo <strong>Manifiesto del D\u00eda del Libro escrito por Ana Iris Sim\u00f3n. <\/strong><\/p>\n<p>Disfrutar de las vacaciones ya la vuelta os esperamos con una agenda repleta de actividades en tu biblioteca<\/p>\n<p><strong>Todas \u00e9stas, tanto las actividades online, como las presenciales, las anunciaremos por nuestros canales de informaci\u00f3n como la web municipal y diferentes redes sociales como Facebook, Twitter, Instagram y Tik Tok, buscando la cuenta de @Caudetebiblio.<\/strong><\/p>\n<p><a href=\"https:\/\/www.facebook.com\/hashtag\/d%C3%ADadellibro?__cft__%5b0%5d=AZXCYkCRhH1BN5R0ndLfXOWJKDrFfDVwNQTv0TkDmKWwHTJssXUHH7Jhvf8g3EgSJyDeK-BWJV7bpmoryOSjeENVJc73QHF1WlN6QfHb_e8k1KAGoHgOzRY_D0pz7peDJlU&amp;__tn__=*NK-R\" target=\"_blank\" rel=\"nofollow\">#D\u00edaDelLibro <\/a><a href=\"https:\/\/www.facebook.com\/hashtag\/caudete?__cft__%5b0%5d=AZXCYkCRhH1BN5R0ndLfXOWJKDrFfDVwNQTv0TkDmKWwHTJssXUHH7Jhvf8g3EgSJyDeK-BWJV7bpmoryOSjeENVJc73QHF1WlN6QfHb_e8k1KAGoHgOzRY_D0pz7peDJlU&amp;__tn__=*NK-R\" target=\"_blank\" rel=\"nofollow\">#Caudete <\/a><a href=\"https:\/\/www.facebook.com\/hashtag\/bibliotecasp%C3%BAblicas?__cft__%5b0%5d=AZXCYkCRhH1BN5R0ndLfXOWJKDrFfDVwNQTv0TkDmKWwHTJssXUHH7Jhvf8g3EgSJyDeK-BWJV7bpmoryOSjeENVJc73QHF1WlN6QfHb_e8k1KAGoHgOzRY_D0pz7peDJlU&amp;__tn__=*NK-R\" target=\"_blank\" rel=\"nofollow\">#BibliotecasP\u00fablicas <\/a><a href=\"https:\/\/www.facebook.com\/hashtag\/haciendocosasnuevas?__cft__%5b0%5d=AZXCYkCRhH1BN5R0ndLfXOWJKDrFfDVwNQTv0TkDmKWwHTJssXUHH7Jhvf8g3EgSJyDeK-BWJV7bpmoryOSjeENVJc73QHF1WlN6QfHb_e8k1KAGoHgOzRY_D0pz7peDJlU&amp;__tn__=*NK-R\" target=\"_blank\" rel=\"nofollow\">#haciendocosasnuevas <\/a><a href=\"https:\/\/www.facebook.com\/hashtag\/23deabril?__cft__%5b0%5d=AZXCYkCRhH1BN5R0ndLfXOWJKDrFfDVwNQTv0TkDmKWwHTJssXUHH7Jhvf8g3EgSJyDeK-BWJV7bpmoryOSjeENVJc73QHF1WlN6QfHb_e8k1KAGoHgOzRY_D0pz7peDJlU&amp;__tn__=*NK-R\" target=\"_blank\" rel=\"nofollow\">#23deAbril <\/a><a href=\"https:\/\/www.facebook.com\/hashtag\/libros?__cft__%5b0%5d=AZXCYkCRhH1BN5R0ndLfXOWJKDrFfDVwNQTv0TkDmKWwHTJssXUHH7Jhvf8g3EgSJyDeK-BWJV7bpmoryOSjeENVJc73QHF1WlN6QfHb_e8k1KAGoHgOzRY_D0pz7peDJlU&amp;__tn__=*NK-R\" target=\"_blank\" rel=\"nofollow\">#libros <\/a><a href=\"https:\/\/www.facebook.com\/hashtag\/lectura?__cft__%5b0%5d=AZXCYkCRhH1BN5R0ndLfXOWJKDrFfDVwNQTv0TkDmKWwHTJssXUHH7Jhvf8g3EgSJyDeK-BWJV7bpmoryOSjeENVJc73QHF1WlN6QfHb_e8k1KAGoHgOzRY_D0pz7peDJlU&amp;__tn__=*NK-R\" target=\"_blank\" rel=\"nofollow\">#lectura<\/a><\/p>\n<p style=\"text-align: center;\"><a href=\"https:\/\/www.caudete.org\/ayuntamiento\/wp-content\/uploads\/2022\/04\/Infografia-Dia-del-Libro.pdf\" class=\"mtli_attachment mtli_pdf\"><span style=\"font-size: 14pt;\"><strong>PROGRAMACI\u00d3N SEMANA DEL LIBRO 2022<\/strong><\/span><\/a><\/p>\n<p><a href=\"https:\/\/www.caudete.org\/ayuntamiento\/wp-content\/uploads\/2022\/04\/CARTEL-DIA-DEL-LIBRO.jpg\" rel='prettyPhoto'><img fetchpriority=\"high\" decoding=\"async\" class=\"aligncenter wp-image-18782 \" src=\"https:\/\/www.caudete.org\/ayuntamiento\/wp-content\/uploads\/2022\/04\/CARTEL-DIA-DEL-LIBRO-202x300.jpg\" alt=\"\" width=\"344\" height=\"513\" \/><\/a><\/p>\n<p><a href=\"https:\/\/www.caudete.org\/ayuntamiento\/wp-content\/uploads\/2022\/04\/Manifiesto-Dia-del-Libro_-A3_-2022-1.jpg\" rel='prettyPhoto'><img decoding=\"async\" class=\"aligncenter wp-image-18783 \" src=\"https:\/\/www.caudete.org\/ayuntamiento\/wp-content\/uploads\/2022\/04\/Manifiesto-Dia-del-Libro_-A3_-2022-1-212x300.jpg\" alt=\"\" width=\"335\" height=\"473\" srcset=\"https:\/\/www.caudete.org\/ayuntamiento\/wp-content\/uploads\/2022\/04\/Manifiesto-Dia-del-Libro_-A3_-2022-1-212x300.jpg 212w, https:\/\/www.caudete.org\/ayuntamiento\/wp-content\/uploads\/2022\/04\/Manifiesto-Dia-del-Libro_-A3_-2022-1-724x1024.jpg 724w, https:\/\/www.caudete.org\/ayuntamiento\/wp-content\/uploads\/2022\/04\/Manifiesto-Dia-del-Libro_-A3_-2022-1-768x1087.jpg 768w, https:\/\/www.caudete.org\/ayuntamiento\/wp-content\/uploads\/2022\/04\/Manifiesto-Dia-del-Libro_-A3_-2022-1.jpg 930w\" sizes=\"(max-width: 335px) 100vw, 335px\" \/><\/a><\/p>\n","protected":false},"excerpt":{"rendered":"<p>Desde la Concejal\u00eda de Cultura del M. I Ayuntamiento de Caudete, a trav\u00e9s de la Biblioteca P\u00fablica Municipal Ana Mar\u00eda Matute, hemos programado actividades para celebrar el D\u00eda del Libro, el 23 de abril. Aunque sabemos que estamos en plenas fiestas de Semana Santa quer\u00edamos ense\u00f1aros un avance de lo que hemos programado para esta &hellip;<\/p>\n","protected":false},"author":2,"featured_media":18789,"comment_status":"closed","ping_status":"open","sticky":false,"template":"","format":"standard","meta":{"ngg_post_thumbnail":0,"footnotes":""},"categories":[14],"tags":[],"class_list":["post-18779","post","type-post","status-publish","format-standard","has-post-thumbnail","hentry","category-cultura"],"yoast_head":"<!-- This site is optimized with the Yoast SEO plugin v27.5 - https:\/\/yoast.com\/product\/yoast-seo-wordpress\/ -->\n<title>La Biblioteca celebrar\u00e1 el D\u00cdA DEL LIBRO con una variada agenda de actividades - MI Ayuntamiento de Caudete<\/title>\n<meta name=\"description\" content=\"P\u00e1gina Oficial del Ayuntamiento de Caudete (Albacete)\" \/>\n<meta name=\"robots\" content=\"index, follow, max-snippet:-1, max-image-preview:large, max-video-preview:-1\" \/>\n<link rel=\"canonical\" href=\"https:\/\/www.caudete.org\/ayuntamiento\/la-biblioteca-celebrara-el-dia-del-libro-con-una-variada-agenda-de-actividades\/\" \/>\n<meta property=\"og:locale\" content=\"es_ES\" \/>\n<meta property=\"og:type\" content=\"article\" \/>\n<meta property=\"og:title\" content=\"La Biblioteca celebrar\u00e1 el D\u00cdA DEL LIBRO con una variada agenda de actividades - MI Ayuntamiento de Caudete\" \/>\n<meta property=\"og:description\" content=\"P\u00e1gina Oficial del Ayuntamiento de Caudete (Albacete)\" \/>\n<meta property=\"og:url\" content=\"https:\/\/www.caudete.org\/ayuntamiento\/la-biblioteca-celebrara-el-dia-del-libro-con-una-variada-agenda-de-actividades\/\" \/>\n<meta property=\"og:site_name\" content=\"MI Ayuntamiento de Caudete\" \/>\n<meta property=\"article:publisher\" content=\"https:\/\/www.facebook.com\/ayuntamientocaudete\/\" \/>\n<meta property=\"article:published_time\" content=\"2022-04-13T16:20:28+00:00\" \/>\n<meta property=\"article:modified_time\" content=\"2022-04-13T16:22:00+00:00\" \/>\n<meta property=\"og:image\" content=\"https:\/\/www.caudete.org\/ayuntamiento\/wp-content\/uploads\/2022\/04\/GRUPO_EVARISTO_2021.jpg\" \/>\n\t<meta property=\"og:image:width\" content=\"2384\" \/>\n\t<meta property=\"og:image:height\" content=\"1088\" \/>\n\t<meta property=\"og:image:type\" content=\"image\/jpeg\" \/>\n<meta name=\"author\" content=\"Juan\" \/>\n<meta name=\"twitter:card\" content=\"summary_large_image\" \/>\n<meta name=\"twitter:label1\" content=\"Escrito por\" \/>\n\t<meta name=\"twitter:data1\" content=\"Juan\" \/>\n\t<meta name=\"twitter:label2\" content=\"Tiempo de lectura\" \/>\n\t<meta name=\"twitter:data2\" content=\"2 minutos\" \/>\n<script type=\"application\/ld+json\" class=\"yoast-schema-graph\">{\"@context\":\"https:\\\/\\\/schema.org\",\"@graph\":[{\"@type\":\"Article\",\"@id\":\"https:\\\/\\\/www.caudete.org\\\/ayuntamiento\\\/la-biblioteca-celebrara-el-dia-del-libro-con-una-variada-agenda-de-actividades\\\/#article\",\"isPartOf\":{\"@id\":\"https:\\\/\\\/www.caudete.org\\\/ayuntamiento\\\/la-biblioteca-celebrara-el-dia-del-libro-con-una-variada-agenda-de-actividades\\\/\"},\"author\":{\"name\":\"Juan\",\"@id\":\"https:\\\/\\\/www.caudete.org\\\/ayuntamiento\\\/#\\\/schema\\\/person\\\/7656a5bb58fca95b9814e940de0fda63\"},\"headline\":\"La Biblioteca celebrar\u00e1 el D\u00cdA DEL LIBRO con una variada agenda de actividades\",\"datePublished\":\"2022-04-13T16:20:28+00:00\",\"dateModified\":\"2022-04-13T16:22:00+00:00\",\"mainEntityOfPage\":{\"@id\":\"https:\\\/\\\/www.caudete.org\\\/ayuntamiento\\\/la-biblioteca-celebrara-el-dia-del-libro-con-una-variada-agenda-de-actividades\\\/\"},\"wordCount\":187,\"image\":{\"@id\":\"https:\\\/\\\/www.caudete.org\\\/ayuntamiento\\\/la-biblioteca-celebrara-el-dia-del-libro-con-una-variada-agenda-de-actividades\\\/#primaryimage\"},\"thumbnailUrl\":\"https:\\\/\\\/www.caudete.org\\\/ayuntamiento\\\/wp-content\\\/uploads\\\/2022\\\/04\\\/GRUPO_EVARISTO_2021.jpg\",\"articleSection\":[\"Cultura\"],\"inLanguage\":\"es\"},{\"@type\":\"WebPage\",\"@id\":\"https:\\\/\\\/www.caudete.org\\\/ayuntamiento\\\/la-biblioteca-celebrara-el-dia-del-libro-con-una-variada-agenda-de-actividades\\\/\",\"url\":\"https:\\\/\\\/www.caudete.org\\\/ayuntamiento\\\/la-biblioteca-celebrara-el-dia-del-libro-con-una-variada-agenda-de-actividades\\\/\",\"name\":\"La Biblioteca celebrar\u00e1 el D\u00cdA DEL LIBRO con una variada agenda de actividades - MI Ayuntamiento de Caudete\",\"isPartOf\":{\"@id\":\"https:\\\/\\\/www.caudete.org\\\/ayuntamiento\\\/#website\"},\"primaryImageOfPage\":{\"@id\":\"https:\\\/\\\/www.caudete.org\\\/ayuntamiento\\\/la-biblioteca-celebrara-el-dia-del-libro-con-una-variada-agenda-de-actividades\\\/#primaryimage\"},\"image\":{\"@id\":\"https:\\\/\\\/www.caudete.org\\\/ayuntamiento\\\/la-biblioteca-celebrara-el-dia-del-libro-con-una-variada-agenda-de-actividades\\\/#primaryimage\"},\"thumbnailUrl\":\"https:\\\/\\\/www.caudete.org\\\/ayuntamiento\\\/wp-content\\\/uploads\\\/2022\\\/04\\\/GRUPO_EVARISTO_2021.jpg\",\"datePublished\":\"2022-04-13T16:20:28+00:00\",\"dateModified\":\"2022-04-13T16:22:00+00:00\",\"author\":{\"@id\":\"https:\\\/\\\/www.caudete.org\\\/ayuntamiento\\\/#\\\/schema\\\/person\\\/7656a5bb58fca95b9814e940de0fda63\"},\"description\":\"P\u00e1gina Oficial del Ayuntamiento de Caudete (Albacete)\",\"breadcrumb\":{\"@id\":\"https:\\\/\\\/www.caudete.org\\\/ayuntamiento\\\/la-biblioteca-celebrara-el-dia-del-libro-con-una-variada-agenda-de-actividades\\\/#breadcrumb\"},\"inLanguage\":\"es\",\"potentialAction\":[{\"@type\":\"ReadAction\",\"target\":[\"https:\\\/\\\/www.caudete.org\\\/ayuntamiento\\\/la-biblioteca-celebrara-el-dia-del-libro-con-una-variada-agenda-de-actividades\\\/\"]}]},{\"@type\":\"ImageObject\",\"inLanguage\":\"es\",\"@id\":\"https:\\\/\\\/www.caudete.org\\\/ayuntamiento\\\/la-biblioteca-celebrara-el-dia-del-libro-con-una-variada-agenda-de-actividades\\\/#primaryimage\",\"url\":\"https:\\\/\\\/www.caudete.org\\\/ayuntamiento\\\/wp-content\\\/uploads\\\/2022\\\/04\\\/GRUPO_EVARISTO_2021.jpg\",\"contentUrl\":\"https:\\\/\\\/www.caudete.org\\\/ayuntamiento\\\/wp-content\\\/uploads\\\/2022\\\/04\\\/GRUPO_EVARISTO_2021.jpg\",\"width\":2384,\"height\":1088},{\"@type\":\"BreadcrumbList\",\"@id\":\"https:\\\/\\\/www.caudete.org\\\/ayuntamiento\\\/la-biblioteca-celebrara-el-dia-del-libro-con-una-variada-agenda-de-actividades\\\/#breadcrumb\",\"itemListElement\":[{\"@type\":\"ListItem\",\"position\":1,\"name\":\"Inicio\",\"item\":\"https:\\\/\\\/www.caudete.org\\\/ayuntamiento\\\/\"},{\"@type\":\"ListItem\",\"position\":2,\"name\":\"La Biblioteca celebrar\u00e1 el D\u00cdA DEL LIBRO con una variada agenda de actividades\"}]},{\"@type\":\"WebSite\",\"@id\":\"https:\\\/\\\/www.caudete.org\\\/ayuntamiento\\\/#website\",\"url\":\"https:\\\/\\\/www.caudete.org\\\/ayuntamiento\\\/\",\"name\":\"MI Ayuntamiento de Caudete\",\"description\":\"P\u00e1gina Oficial del MI Ayuntamiento de Caudete\",\"potentialAction\":[{\"@type\":\"SearchAction\",\"target\":{\"@type\":\"EntryPoint\",\"urlTemplate\":\"https:\\\/\\\/www.caudete.org\\\/ayuntamiento\\\/?s={search_term_string}\"},\"query-input\":{\"@type\":\"PropertyValueSpecification\",\"valueRequired\":true,\"valueName\":\"search_term_string\"}}],\"inLanguage\":\"es\"},{\"@type\":\"Person\",\"@id\":\"https:\\\/\\\/www.caudete.org\\\/ayuntamiento\\\/#\\\/schema\\\/person\\\/7656a5bb58fca95b9814e940de0fda63\",\"name\":\"Juan\",\"image\":{\"@type\":\"ImageObject\",\"inLanguage\":\"es\",\"@id\":\"https:\\\/\\\/secure.gravatar.com\\\/avatar\\\/dd53e51c0cd6ab23f52d4f3e4f1c59730240727763de3dbbf26750b079a2c292?s=96&d=mm&r=g\",\"url\":\"https:\\\/\\\/secure.gravatar.com\\\/avatar\\\/dd53e51c0cd6ab23f52d4f3e4f1c59730240727763de3dbbf26750b079a2c292?s=96&d=mm&r=g\",\"contentUrl\":\"https:\\\/\\\/secure.gravatar.com\\\/avatar\\\/dd53e51c0cd6ab23f52d4f3e4f1c59730240727763de3dbbf26750b079a2c292?s=96&d=mm&r=g\",\"caption\":\"Juan\"},\"url\":\"https:\\\/\\\/www.caudete.org\\\/ayuntamiento\\\/author\\\/centrodeinternet\\\/\"}]}<\/script>\n<!-- \/ Yoast SEO plugin. -->","yoast_head_json":{"title":"La Biblioteca celebrar\u00e1 el D\u00cdA DEL LIBRO con una variada agenda de actividades - MI Ayuntamiento de Caudete","description":"P\u00e1gina Oficial del Ayuntamiento de Caudete (Albacete)","robots":{"index":"index","follow":"follow","max-snippet":"max-snippet:-1","max-image-preview":"max-image-preview:large","max-video-preview":"max-video-preview:-1"},"canonical":"https:\/\/www.caudete.org\/ayuntamiento\/la-biblioteca-celebrara-el-dia-del-libro-con-una-variada-agenda-de-actividades\/","og_locale":"es_ES","og_type":"article","og_title":"La Biblioteca celebrar\u00e1 el D\u00cdA DEL LIBRO con una variada agenda de actividades - MI Ayuntamiento de Caudete","og_description":"P\u00e1gina Oficial del Ayuntamiento de Caudete (Albacete)","og_url":"https:\/\/www.caudete.org\/ayuntamiento\/la-biblioteca-celebrara-el-dia-del-libro-con-una-variada-agenda-de-actividades\/","og_site_name":"MI Ayuntamiento de Caudete","article_publisher":"https:\/\/www.facebook.com\/ayuntamientocaudete\/","article_published_time":"2022-04-13T16:20:28+00:00","article_modified_time":"2022-04-13T16:22:00+00:00","og_image":[{"width":2384,"height":1088,"url":"https:\/\/www.caudete.org\/ayuntamiento\/wp-content\/uploads\/2022\/04\/GRUPO_EVARISTO_2021.jpg","type":"image\/jpeg"}],"author":"Juan","twitter_card":"summary_large_image","twitter_misc":{"Escrito por":"Juan","Tiempo de lectura":"2 minutos"},"schema":{"@context":"https:\/\/schema.org","@graph":[{"@type":"Article","@id":"https:\/\/www.caudete.org\/ayuntamiento\/la-biblioteca-celebrara-el-dia-del-libro-con-una-variada-agenda-de-actividades\/#article","isPartOf":{"@id":"https:\/\/www.caudete.org\/ayuntamiento\/la-biblioteca-celebrara-el-dia-del-libro-con-una-variada-agenda-de-actividades\/"},"author":{"name":"Juan","@id":"https:\/\/www.caudete.org\/ayuntamiento\/#\/schema\/person\/7656a5bb58fca95b9814e940de0fda63"},"headline":"La Biblioteca celebrar\u00e1 el D\u00cdA DEL LIBRO con una variada agenda de actividades","datePublished":"2022-04-13T16:20:28+00:00","dateModified":"2022-04-13T16:22:00+00:00","mainEntityOfPage":{"@id":"https:\/\/www.caudete.org\/ayuntamiento\/la-biblioteca-celebrara-el-dia-del-libro-con-una-variada-agenda-de-actividades\/"},"wordCount":187,"image":{"@id":"https:\/\/www.caudete.org\/ayuntamiento\/la-biblioteca-celebrara-el-dia-del-libro-con-una-variada-agenda-de-actividades\/#primaryimage"},"thumbnailUrl":"https:\/\/www.caudete.org\/ayuntamiento\/wp-content\/uploads\/2022\/04\/GRUPO_EVARISTO_2021.jpg","articleSection":["Cultura"],"inLanguage":"es"},{"@type":"WebPage","@id":"https:\/\/www.caudete.org\/ayuntamiento\/la-biblioteca-celebrara-el-dia-del-libro-con-una-variada-agenda-de-actividades\/","url":"https:\/\/www.caudete.org\/ayuntamiento\/la-biblioteca-celebrara-el-dia-del-libro-con-una-variada-agenda-de-actividades\/","name":"La Biblioteca celebrar\u00e1 el D\u00cdA DEL LIBRO con una variada agenda de actividades - MI Ayuntamiento de Caudete","isPartOf":{"@id":"https:\/\/www.caudete.org\/ayuntamiento\/#website"},"primaryImageOfPage":{"@id":"https:\/\/www.caudete.org\/ayuntamiento\/la-biblioteca-celebrara-el-dia-del-libro-con-una-variada-agenda-de-actividades\/#primaryimage"},"image":{"@id":"https:\/\/www.caudete.org\/ayuntamiento\/la-biblioteca-celebrara-el-dia-del-libro-con-una-variada-agenda-de-actividades\/#primaryimage"},"thumbnailUrl":"https:\/\/www.caudete.org\/ayuntamiento\/wp-content\/uploads\/2022\/04\/GRUPO_EVARISTO_2021.jpg","datePublished":"2022-04-13T16:20:28+00:00","dateModified":"2022-04-13T16:22:00+00:00","author":{"@id":"https:\/\/www.caudete.org\/ayuntamiento\/#\/schema\/person\/7656a5bb58fca95b9814e940de0fda63"},"description":"P\u00e1gina Oficial del Ayuntamiento de Caudete (Albacete)","breadcrumb":{"@id":"https:\/\/www.caudete.org\/ayuntamiento\/la-biblioteca-celebrara-el-dia-del-libro-con-una-variada-agenda-de-actividades\/#breadcrumb"},"inLanguage":"es","potentialAction":[{"@type":"ReadAction","target":["https:\/\/www.caudete.org\/ayuntamiento\/la-biblioteca-celebrara-el-dia-del-libro-con-una-variada-agenda-de-actividades\/"]}]},{"@type":"ImageObject","inLanguage":"es","@id":"https:\/\/www.caudete.org\/ayuntamiento\/la-biblioteca-celebrara-el-dia-del-libro-con-una-variada-agenda-de-actividades\/#primaryimage","url":"https:\/\/www.caudete.org\/ayuntamiento\/wp-content\/uploads\/2022\/04\/GRUPO_EVARISTO_2021.jpg","contentUrl":"https:\/\/www.caudete.org\/ayuntamiento\/wp-content\/uploads\/2022\/04\/GRUPO_EVARISTO_2021.jpg","width":2384,"height":1088},{"@type":"BreadcrumbList","@id":"https:\/\/www.caudete.org\/ayuntamiento\/la-biblioteca-celebrara-el-dia-del-libro-con-una-variada-agenda-de-actividades\/#breadcrumb","itemListElement":[{"@type":"ListItem","position":1,"name":"Inicio","item":"https:\/\/www.caudete.org\/ayuntamiento\/"},{"@type":"ListItem","position":2,"name":"La Biblioteca celebrar\u00e1 el D\u00cdA DEL LIBRO con una variada agenda de actividades"}]},{"@type":"WebSite","@id":"https:\/\/www.caudete.org\/ayuntamiento\/#website","url":"https:\/\/www.caudete.org\/ayuntamiento\/","name":"MI Ayuntamiento de Caudete","description":"P\u00e1gina Oficial del MI Ayuntamiento de Caudete","potentialAction":[{"@type":"SearchAction","target":{"@type":"EntryPoint","urlTemplate":"https:\/\/www.caudete.org\/ayuntamiento\/?s={search_term_string}"},"query-input":{"@type":"PropertyValueSpecification","valueRequired":true,"valueName":"search_term_string"}}],"inLanguage":"es"},{"@type":"Person","@id":"https:\/\/www.caudete.org\/ayuntamiento\/#\/schema\/person\/7656a5bb58fca95b9814e940de0fda63","name":"Juan","image":{"@type":"ImageObject","inLanguage":"es","@id":"https:\/\/secure.gravatar.com\/avatar\/dd53e51c0cd6ab23f52d4f3e4f1c59730240727763de3dbbf26750b079a2c292?s=96&d=mm&r=g","url":"https:\/\/secure.gravatar.com\/avatar\/dd53e51c0cd6ab23f52d4f3e4f1c59730240727763de3dbbf26750b079a2c292?s=96&d=mm&r=g","contentUrl":"https:\/\/secure.gravatar.com\/avatar\/dd53e51c0cd6ab23f52d4f3e4f1c59730240727763de3dbbf26750b079a2c292?s=96&d=mm&r=g","caption":"Juan"},"url":"https:\/\/www.caudete.org\/ayuntamiento\/author\/centrodeinternet\/"}]}},"_links":{"self":[{"href":"https:\/\/www.caudete.org\/ayuntamiento\/wp-json\/wp\/v2\/posts\/18779","targetHints":{"allow":["GET"]}}],"collection":[{"href":"https:\/\/www.caudete.org\/ayuntamiento\/wp-json\/wp\/v2\/posts"}],"about":[{"href":"https:\/\/www.caudete.org\/ayuntamiento\/wp-json\/wp\/v2\/types\/post"}],"author":[{"embeddable":true,"href":"https:\/\/www.caudete.org\/ayuntamiento\/wp-json\/wp\/v2\/users\/2"}],"replies":[{"embeddable":true,"href":"https:\/\/www.caudete.org\/ayuntamiento\/wp-json\/wp\/v2\/comments?post=18779"}],"version-history":[{"count":5,"href":"https:\/\/www.caudete.org\/ayuntamiento\/wp-json\/wp\/v2\/posts\/18779\/revisions"}],"predecessor-version":[{"id":18788,"href":"https:\/\/www.caudete.org\/ayuntamiento\/wp-json\/wp\/v2\/posts\/18779\/revisions\/18788"}],"wp:featuredmedia":[{"embeddable":true,"href":"https:\/\/www.caudete.org\/ayuntamiento\/wp-json\/wp\/v2\/media\/18789"}],"wp:attachment":[{"href":"https:\/\/www.caudete.org\/ayuntamiento\/wp-json\/wp\/v2\/media?parent=18779"}],"wp:term":[{"taxonomy":"category","embeddable":true,"href":"https:\/\/www.caudete.org\/ayuntamiento\/wp-json\/wp\/v2\/categories?post=18779"},{"taxonomy":"post_tag","embeddable":true,"href":"https:\/\/www.caudete.org\/ayuntamiento\/wp-json\/wp\/v2\/tags?post=18779"}],"curies":[{"name":"wp","href":"https:\/\/api.w.org\/{rel}","templated":true}]}}