{"id":18797,"date":"2022-04-19T17:24:59","date_gmt":"2022-04-19T15:24:59","guid":{"rendered":"https:\/\/www.caudete.org\/ayuntamiento\/?p=18797"},"modified":"2022-04-19T19:53:48","modified_gmt":"2022-04-19T17:53:48","slug":"exito-en-la-jornada-de-puertas-abiertas-del-albergue-de-la-toconera","status":"publish","type":"post","link":"https:\/\/www.caudete.org\/ayuntamiento\/exito-en-la-jornada-de-puertas-abiertas-del-albergue-de-la-toconera\/","title":{"rendered":"\u00c9xito en la jornada de puertas abiertas del ALBERGUE de &#8220;La Toconera&#8221;"},"content":{"rendered":"<p style=\"text-align: left;\" align=\"left\"><span style=\"color: #050505; font-family: inherit; font-size: medium;\">El pasado s\u00e1bado d\u00eda 16, cerca de 200 personas de Caudete y otras localidades vecinas visitaron el Albergue de &#8220;La Toconera&#8221; y pudieron contemplar las obras de <\/span><span style=\"color: #050505; font-size: medium;\">adecuaci\u00f3n<\/span><span style=\"color: #050505; font-family: inherit; font-size: medium;\"> y mejora efectuadas en este en los \u00faltimos meses.<\/span><\/p>\n<p style=\"text-align: left;\" align=\"left\"><span style=\"color: #050505;\"><span style=\"font-family: inherit;\"><span style=\"font-size: medium;\">As\u00ed lo manifestaba el Concejal de Turismo, Diego Cuenca, \u00e1rea desde donde se publicitar\u00e1 y gestionar\u00e1 este nuevo recurso del turismo rural del municipio, pertenenciente al Plan Tur\u00edstico, y compromiso del Gobierno Municipal con los caudetanos.<\/span><\/span><\/span><\/p>\n<p style=\"text-align: left;\" align=\"left\"><span style=\"color: #050505;\"><span style=\"font-family: inherit;\"><span style=\"font-size: medium;\">Destacaba que las actuaciones se han centrado en criterios de sostenibilidad y accesibilidad, donde se ha conseguido mejorar las instalaciones ofertadas y ser un revulsivo y polo de atracci\u00f3n para los propios caudetanos y visitantes con nuestro paraje natural por excelencia. Adem\u00e1s, resaltaba que todas las compras de materiales y mobiliario han sido realizadas en empresas y comercios de la localidad, lo que supone invertir el dinero de los caudetanos en el propio municipio.<\/span><\/span><\/span><\/p>\n<p style=\"text-align: left;\" align=\"left\"><a href=\"https:\/\/www.caudete.org\/ayuntamiento\/wp-content\/uploads\/2022\/04\/WhatsApp-Image-2022-04-18-at-15.18.20-1.jpeg\" rel='prettyPhoto'><img fetchpriority=\"high\" decoding=\"async\" class=\"alignnone wp-image-18799 size-medium\" src=\"https:\/\/www.caudete.org\/ayuntamiento\/wp-content\/uploads\/2022\/04\/WhatsApp-Image-2022-04-18-at-15.18.20-1-300x169.jpeg\" alt=\"\" width=\"300\" height=\"169\" srcset=\"https:\/\/www.caudete.org\/ayuntamiento\/wp-content\/uploads\/2022\/04\/WhatsApp-Image-2022-04-18-at-15.18.20-1-300x169.jpeg 300w, https:\/\/www.caudete.org\/ayuntamiento\/wp-content\/uploads\/2022\/04\/WhatsApp-Image-2022-04-18-at-15.18.20-1-768x432.jpeg 768w, https:\/\/www.caudete.org\/ayuntamiento\/wp-content\/uploads\/2022\/04\/WhatsApp-Image-2022-04-18-at-15.18.20-1.jpeg 1024w\" sizes=\"(max-width: 300px) 100vw, 300px\" \/><\/a> <a href=\"https:\/\/www.caudete.org\/ayuntamiento\/wp-content\/uploads\/2022\/04\/WhatsApp-Image-2022-04-18-at-15.18.20.jpeg\" rel='prettyPhoto'><img decoding=\"async\" class=\"alignnone wp-image-18800 size-medium\" src=\"https:\/\/www.caudete.org\/ayuntamiento\/wp-content\/uploads\/2022\/04\/WhatsApp-Image-2022-04-18-at-15.18.20-169x300.jpeg\" alt=\"\" width=\"169\" height=\"300\" srcset=\"https:\/\/www.caudete.org\/ayuntamiento\/wp-content\/uploads\/2022\/04\/WhatsApp-Image-2022-04-18-at-15.18.20-169x300.jpeg 169w, https:\/\/www.caudete.org\/ayuntamiento\/wp-content\/uploads\/2022\/04\/WhatsApp-Image-2022-04-18-at-15.18.20.jpeg 576w\" sizes=\"(max-width: 169px) 100vw, 169px\" \/><\/a> <a href=\"https:\/\/www.caudete.org\/ayuntamiento\/wp-content\/uploads\/2022\/04\/WhatsApp-Image-2022-04-18-at-15.18.19.jpeg\" rel='prettyPhoto'><img decoding=\"async\" class=\"alignnone wp-image-18801 size-medium\" src=\"https:\/\/www.caudete.org\/ayuntamiento\/wp-content\/uploads\/2022\/04\/WhatsApp-Image-2022-04-18-at-15.18.19-300x169.jpeg\" alt=\"\" width=\"300\" height=\"169\" srcset=\"https:\/\/www.caudete.org\/ayuntamiento\/wp-content\/uploads\/2022\/04\/WhatsApp-Image-2022-04-18-at-15.18.19-300x169.jpeg 300w, https:\/\/www.caudete.org\/ayuntamiento\/wp-content\/uploads\/2022\/04\/WhatsApp-Image-2022-04-18-at-15.18.19-768x432.jpeg 768w, https:\/\/www.caudete.org\/ayuntamiento\/wp-content\/uploads\/2022\/04\/WhatsApp-Image-2022-04-18-at-15.18.19.jpeg 1024w\" sizes=\"(max-width: 300px) 100vw, 300px\" \/><\/a><\/p>\n<p style=\"text-align: left;\" align=\"left\"><span style=\"color: #050505;\"><span style=\"font-family: inherit;\"><span style=\"font-size: medium;\">Entre las novedades de equipamiento y servicios, se encuentra la dotaci\u00f3n de espacio equipado para pernoctar en el albergue, con una capacidad de hasta 8 plazas; a lo que se suma, la dotaci\u00f3n de <\/span><\/span><\/span><span style=\"color: #050505;\"><span style=\"font-family: inherit;\"><span style=\"font-size: medium;\">zona de cocina, que cuenta con fregadero, cocina de gas y frigor\u00edfico; sustituci\u00f3n de la vieja chimenea por una cocina\/barbacoa met\u00e1lica de le\u00f1a de gran capacidad con horno incorporado; o la inclusi\u00f3n de dos ba\u00f1os al propio Albergue, de los 4 existentes a los que se acced\u00eda desde el exterior.<\/span><\/span><\/span><\/p>\n<p style=\"text-align: left;\" align=\"left\"><span style=\"color: #050505;\"><span style=\"font-family: inherit;\"><span style=\"font-size: medium;\">Finalmente, en el exterior, y muy cerca del Albergue, se ha reconvertido la antigua barbacoa, clausurada hace ya una d\u00e9cada al menos en un amplio merendero cubierto con capacidad para 18 personas aproximadamente.<\/span><\/span><\/span><\/p>\n<p style=\"text-align: left;\" align=\"left\"><a href=\"https:\/\/www.caudete.org\/ayuntamiento\/wp-content\/uploads\/2022\/03\/IMG_20210827_083438-scaled.jpg\" rel='prettyPhoto'><img loading=\"lazy\" decoding=\"async\" class=\"aligncenter wp-image-18522 size-medium\" src=\"https:\/\/www.caudete.org\/ayuntamiento\/wp-content\/uploads\/2022\/03\/IMG_20210827_083438-300x225.jpg\" alt=\"\" width=\"300\" height=\"225\" srcset=\"https:\/\/www.caudete.org\/ayuntamiento\/wp-content\/uploads\/2022\/03\/IMG_20210827_083438-300x225.jpg 300w, https:\/\/www.caudete.org\/ayuntamiento\/wp-content\/uploads\/2022\/03\/IMG_20210827_083438-1024x768.jpg 1024w, https:\/\/www.caudete.org\/ayuntamiento\/wp-content\/uploads\/2022\/03\/IMG_20210827_083438-768x576.jpg 768w, https:\/\/www.caudete.org\/ayuntamiento\/wp-content\/uploads\/2022\/03\/IMG_20210827_083438-1536x1152.jpg 1536w, https:\/\/www.caudete.org\/ayuntamiento\/wp-content\/uploads\/2022\/03\/IMG_20210827_083438-2048x1536.jpg 2048w\" sizes=\"(max-width: 300px) 100vw, 300px\" \/><\/a><\/p>\n<p style=\"text-align: left;\" align=\"left\"><span style=\"color: #050505;\"><span style=\"font-family: inherit;\"><span style=\"font-size: medium;\">A\u00f1ad\u00eda el Concejal que en fechas pr\u00f3ximas todos los caudetanos y visitantes que lo deseen podr\u00e1n solicitar reserva para uso del Albergue, y disfrutar de las excelencias de un paraje natural tan singular como &#8220;La Toconera&#8221;, toda vez que las Ordenanzas Reguladoras y Fiscal est\u00e9n definitivamente aprobadas y sea publicado el Calendario de Disponibilidad de Albergues Rurales Municipales.<\/span><\/span><\/span><\/p>\n<p align=\"left\"><a href=\"https:\/\/www.caudete.org\/ayuntamiento\/wp-content\/uploads\/2022\/03\/IMG_20220226_130437-scaled.jpg\" rel='prettyPhoto'><img loading=\"lazy\" decoding=\"async\" class=\"wp-image-18530 size-medium alignleft\" src=\"https:\/\/www.caudete.org\/ayuntamiento\/wp-content\/uploads\/2022\/03\/IMG_20220226_130437-300x225.jpg\" alt=\"\" width=\"300\" height=\"225\" srcset=\"https:\/\/www.caudete.org\/ayuntamiento\/wp-content\/uploads\/2022\/03\/IMG_20220226_130437-300x225.jpg 300w, https:\/\/www.caudete.org\/ayuntamiento\/wp-content\/uploads\/2022\/03\/IMG_20220226_130437-1024x768.jpg 1024w, https:\/\/www.caudete.org\/ayuntamiento\/wp-content\/uploads\/2022\/03\/IMG_20220226_130437-768x576.jpg 768w, https:\/\/www.caudete.org\/ayuntamiento\/wp-content\/uploads\/2022\/03\/IMG_20220226_130437-1536x1152.jpg 1536w, https:\/\/www.caudete.org\/ayuntamiento\/wp-content\/uploads\/2022\/03\/IMG_20220226_130437-2048x1536.jpg 2048w\" sizes=\"(max-width: 300px) 100vw, 300px\" \/><\/a><\/p>\n","protected":false},"excerpt":{"rendered":"<p>El pasado s\u00e1bado d\u00eda 16, cerca de 200 personas de Caudete y otras localidades vecinas visitaron el Albergue de &#8220;La Toconera&#8221; y pudieron contemplar las obras de adecuaci\u00f3n y mejora efectuadas en este en los \u00faltimos meses. As\u00ed lo manifestaba el Concejal de Turismo, Diego Cuenca, \u00e1rea desde donde se publicitar\u00e1 y gestionar\u00e1 este nuevo &hellip;<\/p>\n","protected":false},"author":3,"featured_media":18798,"comment_status":"closed","ping_status":"open","sticky":false,"template":"","format":"standard","meta":{"ngg_post_thumbnail":0,"footnotes":""},"categories":[43],"tags":[],"class_list":["post-18797","post","type-post","status-publish","format-standard","has-post-thumbnail","hentry","category-turismo"],"yoast_head":"<!-- This site is optimized with the Yoast SEO plugin v27.5 - https:\/\/yoast.com\/product\/yoast-seo-wordpress\/ -->\n<title>\u00c9xito en la jornada de puertas abiertas del ALBERGUE de &quot;La Toconera&quot; - MI Ayuntamiento de Caudete<\/title>\n<meta name=\"description\" content=\"P\u00e1gina Oficial del Ayuntamiento de Caudete (Albacete)\" \/>\n<meta name=\"robots\" content=\"index, follow, max-snippet:-1, max-image-preview:large, max-video-preview:-1\" \/>\n<link rel=\"canonical\" href=\"https:\/\/www.caudete.org\/ayuntamiento\/exito-en-la-jornada-de-puertas-abiertas-del-albergue-de-la-toconera\/\" \/>\n<meta property=\"og:locale\" content=\"es_ES\" \/>\n<meta property=\"og:type\" content=\"article\" \/>\n<meta property=\"og:title\" content=\"\u00c9xito en la jornada de puertas abiertas del ALBERGUE de &quot;La Toconera&quot; - MI Ayuntamiento de Caudete\" \/>\n<meta property=\"og:description\" content=\"P\u00e1gina Oficial del Ayuntamiento de Caudete (Albacete)\" \/>\n<meta property=\"og:url\" content=\"https:\/\/www.caudete.org\/ayuntamiento\/exito-en-la-jornada-de-puertas-abiertas-del-albergue-de-la-toconera\/\" \/>\n<meta property=\"og:site_name\" content=\"MI Ayuntamiento de Caudete\" \/>\n<meta property=\"article:publisher\" content=\"https:\/\/www.facebook.com\/ayuntamientocaudete\/\" \/>\n<meta property=\"article:published_time\" content=\"2022-04-19T15:24:59+00:00\" \/>\n<meta property=\"article:modified_time\" content=\"2022-04-19T17:53:48+00:00\" \/>\n<meta property=\"og:image\" content=\"https:\/\/www.caudete.org\/ayuntamiento\/wp-content\/uploads\/2022\/04\/WhatsApp-Image-2022-04-18-at-15.18.29.jpeg\" \/>\n\t<meta property=\"og:image:width\" content=\"1024\" \/>\n\t<meta property=\"og:image:height\" content=\"576\" \/>\n\t<meta property=\"og:image:type\" content=\"image\/jpeg\" \/>\n<meta name=\"author\" content=\"alcalde\" \/>\n<meta name=\"twitter:card\" content=\"summary_large_image\" \/>\n<meta name=\"twitter:label1\" content=\"Escrito por\" \/>\n\t<meta name=\"twitter:data1\" content=\"alcalde\" \/>\n\t<meta name=\"twitter:label2\" content=\"Tiempo de lectura\" \/>\n\t<meta name=\"twitter:data2\" content=\"3 minutos\" \/>\n<script type=\"application\/ld+json\" class=\"yoast-schema-graph\">{\"@context\":\"https:\\\/\\\/schema.org\",\"@graph\":[{\"@type\":\"Article\",\"@id\":\"https:\\\/\\\/www.caudete.org\\\/ayuntamiento\\\/exito-en-la-jornada-de-puertas-abiertas-del-albergue-de-la-toconera\\\/#article\",\"isPartOf\":{\"@id\":\"https:\\\/\\\/www.caudete.org\\\/ayuntamiento\\\/exito-en-la-jornada-de-puertas-abiertas-del-albergue-de-la-toconera\\\/\"},\"author\":{\"name\":\"alcalde\",\"@id\":\"https:\\\/\\\/www.caudete.org\\\/ayuntamiento\\\/#\\\/schema\\\/person\\\/cc646da9133078ee4d8dd47457947253\"},\"headline\":\"\u00c9xito en la jornada de puertas abiertas del ALBERGUE de &#8220;La Toconera&#8221;\",\"datePublished\":\"2022-04-19T15:24:59+00:00\",\"dateModified\":\"2022-04-19T17:53:48+00:00\",\"mainEntityOfPage\":{\"@id\":\"https:\\\/\\\/www.caudete.org\\\/ayuntamiento\\\/exito-en-la-jornada-de-puertas-abiertas-del-albergue-de-la-toconera\\\/\"},\"wordCount\":351,\"image\":{\"@id\":\"https:\\\/\\\/www.caudete.org\\\/ayuntamiento\\\/exito-en-la-jornada-de-puertas-abiertas-del-albergue-de-la-toconera\\\/#primaryimage\"},\"thumbnailUrl\":\"https:\\\/\\\/www.caudete.org\\\/ayuntamiento\\\/wp-content\\\/uploads\\\/2022\\\/04\\\/WhatsApp-Image-2022-04-18-at-15.18.29.jpeg\",\"articleSection\":[\"Turismo\"],\"inLanguage\":\"es\"},{\"@type\":\"WebPage\",\"@id\":\"https:\\\/\\\/www.caudete.org\\\/ayuntamiento\\\/exito-en-la-jornada-de-puertas-abiertas-del-albergue-de-la-toconera\\\/\",\"url\":\"https:\\\/\\\/www.caudete.org\\\/ayuntamiento\\\/exito-en-la-jornada-de-puertas-abiertas-del-albergue-de-la-toconera\\\/\",\"name\":\"\u00c9xito en la jornada de puertas abiertas del ALBERGUE de \\\"La Toconera\\\" - MI Ayuntamiento de Caudete\",\"isPartOf\":{\"@id\":\"https:\\\/\\\/www.caudete.org\\\/ayuntamiento\\\/#website\"},\"primaryImageOfPage\":{\"@id\":\"https:\\\/\\\/www.caudete.org\\\/ayuntamiento\\\/exito-en-la-jornada-de-puertas-abiertas-del-albergue-de-la-toconera\\\/#primaryimage\"},\"image\":{\"@id\":\"https:\\\/\\\/www.caudete.org\\\/ayuntamiento\\\/exito-en-la-jornada-de-puertas-abiertas-del-albergue-de-la-toconera\\\/#primaryimage\"},\"thumbnailUrl\":\"https:\\\/\\\/www.caudete.org\\\/ayuntamiento\\\/wp-content\\\/uploads\\\/2022\\\/04\\\/WhatsApp-Image-2022-04-18-at-15.18.29.jpeg\",\"datePublished\":\"2022-04-19T15:24:59+00:00\",\"dateModified\":\"2022-04-19T17:53:48+00:00\",\"author\":{\"@id\":\"https:\\\/\\\/www.caudete.org\\\/ayuntamiento\\\/#\\\/schema\\\/person\\\/cc646da9133078ee4d8dd47457947253\"},\"description\":\"P\u00e1gina Oficial del Ayuntamiento de Caudete (Albacete)\",\"breadcrumb\":{\"@id\":\"https:\\\/\\\/www.caudete.org\\\/ayuntamiento\\\/exito-en-la-jornada-de-puertas-abiertas-del-albergue-de-la-toconera\\\/#breadcrumb\"},\"inLanguage\":\"es\",\"potentialAction\":[{\"@type\":\"ReadAction\",\"target\":[\"https:\\\/\\\/www.caudete.org\\\/ayuntamiento\\\/exito-en-la-jornada-de-puertas-abiertas-del-albergue-de-la-toconera\\\/\"]}]},{\"@type\":\"ImageObject\",\"inLanguage\":\"es\",\"@id\":\"https:\\\/\\\/www.caudete.org\\\/ayuntamiento\\\/exito-en-la-jornada-de-puertas-abiertas-del-albergue-de-la-toconera\\\/#primaryimage\",\"url\":\"https:\\\/\\\/www.caudete.org\\\/ayuntamiento\\\/wp-content\\\/uploads\\\/2022\\\/04\\\/WhatsApp-Image-2022-04-18-at-15.18.29.jpeg\",\"contentUrl\":\"https:\\\/\\\/www.caudete.org\\\/ayuntamiento\\\/wp-content\\\/uploads\\\/2022\\\/04\\\/WhatsApp-Image-2022-04-18-at-15.18.29.jpeg\",\"width\":1024,\"height\":576},{\"@type\":\"BreadcrumbList\",\"@id\":\"https:\\\/\\\/www.caudete.org\\\/ayuntamiento\\\/exito-en-la-jornada-de-puertas-abiertas-del-albergue-de-la-toconera\\\/#breadcrumb\",\"itemListElement\":[{\"@type\":\"ListItem\",\"position\":1,\"name\":\"Inicio\",\"item\":\"https:\\\/\\\/www.caudete.org\\\/ayuntamiento\\\/\"},{\"@type\":\"ListItem\",\"position\":2,\"name\":\"\u00c9xito en la jornada de puertas abiertas del ALBERGUE de &#8220;La Toconera&#8221;\"}]},{\"@type\":\"WebSite\",\"@id\":\"https:\\\/\\\/www.caudete.org\\\/ayuntamiento\\\/#website\",\"url\":\"https:\\\/\\\/www.caudete.org\\\/ayuntamiento\\\/\",\"name\":\"MI Ayuntamiento de Caudete\",\"description\":\"P\u00e1gina Oficial del MI Ayuntamiento de Caudete\",\"potentialAction\":[{\"@type\":\"SearchAction\",\"target\":{\"@type\":\"EntryPoint\",\"urlTemplate\":\"https:\\\/\\\/www.caudete.org\\\/ayuntamiento\\\/?s={search_term_string}\"},\"query-input\":{\"@type\":\"PropertyValueSpecification\",\"valueRequired\":true,\"valueName\":\"search_term_string\"}}],\"inLanguage\":\"es\"},{\"@type\":\"Person\",\"@id\":\"https:\\\/\\\/www.caudete.org\\\/ayuntamiento\\\/#\\\/schema\\\/person\\\/cc646da9133078ee4d8dd47457947253\",\"name\":\"alcalde\",\"image\":{\"@type\":\"ImageObject\",\"inLanguage\":\"es\",\"@id\":\"https:\\\/\\\/secure.gravatar.com\\\/avatar\\\/84a817ba065b29ff08d666b215a215f5c79186a645ccb25b14a663d48a130f77?s=96&d=mm&r=g\",\"url\":\"https:\\\/\\\/secure.gravatar.com\\\/avatar\\\/84a817ba065b29ff08d666b215a215f5c79186a645ccb25b14a663d48a130f77?s=96&d=mm&r=g\",\"contentUrl\":\"https:\\\/\\\/secure.gravatar.com\\\/avatar\\\/84a817ba065b29ff08d666b215a215f5c79186a645ccb25b14a663d48a130f77?s=96&d=mm&r=g\",\"caption\":\"alcalde\"},\"url\":\"https:\\\/\\\/www.caudete.org\\\/ayuntamiento\\\/author\\\/alcalde\\\/\"}]}<\/script>\n<!-- \/ Yoast SEO plugin. -->","yoast_head_json":{"title":"\u00c9xito en la jornada de puertas abiertas del ALBERGUE de \"La Toconera\" - MI Ayuntamiento de Caudete","description":"P\u00e1gina Oficial del Ayuntamiento de Caudete (Albacete)","robots":{"index":"index","follow":"follow","max-snippet":"max-snippet:-1","max-image-preview":"max-image-preview:large","max-video-preview":"max-video-preview:-1"},"canonical":"https:\/\/www.caudete.org\/ayuntamiento\/exito-en-la-jornada-de-puertas-abiertas-del-albergue-de-la-toconera\/","og_locale":"es_ES","og_type":"article","og_title":"\u00c9xito en la jornada de puertas abiertas del ALBERGUE de \"La Toconera\" - MI Ayuntamiento de Caudete","og_description":"P\u00e1gina Oficial del Ayuntamiento de Caudete (Albacete)","og_url":"https:\/\/www.caudete.org\/ayuntamiento\/exito-en-la-jornada-de-puertas-abiertas-del-albergue-de-la-toconera\/","og_site_name":"MI Ayuntamiento de Caudete","article_publisher":"https:\/\/www.facebook.com\/ayuntamientocaudete\/","article_published_time":"2022-04-19T15:24:59+00:00","article_modified_time":"2022-04-19T17:53:48+00:00","og_image":[{"width":1024,"height":576,"url":"https:\/\/www.caudete.org\/ayuntamiento\/wp-content\/uploads\/2022\/04\/WhatsApp-Image-2022-04-18-at-15.18.29.jpeg","type":"image\/jpeg"}],"author":"alcalde","twitter_card":"summary_large_image","twitter_misc":{"Escrito por":"alcalde","Tiempo de lectura":"3 minutos"},"schema":{"@context":"https:\/\/schema.org","@graph":[{"@type":"Article","@id":"https:\/\/www.caudete.org\/ayuntamiento\/exito-en-la-jornada-de-puertas-abiertas-del-albergue-de-la-toconera\/#article","isPartOf":{"@id":"https:\/\/www.caudete.org\/ayuntamiento\/exito-en-la-jornada-de-puertas-abiertas-del-albergue-de-la-toconera\/"},"author":{"name":"alcalde","@id":"https:\/\/www.caudete.org\/ayuntamiento\/#\/schema\/person\/cc646da9133078ee4d8dd47457947253"},"headline":"\u00c9xito en la jornada de puertas abiertas del ALBERGUE de &#8220;La Toconera&#8221;","datePublished":"2022-04-19T15:24:59+00:00","dateModified":"2022-04-19T17:53:48+00:00","mainEntityOfPage":{"@id":"https:\/\/www.caudete.org\/ayuntamiento\/exito-en-la-jornada-de-puertas-abiertas-del-albergue-de-la-toconera\/"},"wordCount":351,"image":{"@id":"https:\/\/www.caudete.org\/ayuntamiento\/exito-en-la-jornada-de-puertas-abiertas-del-albergue-de-la-toconera\/#primaryimage"},"thumbnailUrl":"https:\/\/www.caudete.org\/ayuntamiento\/wp-content\/uploads\/2022\/04\/WhatsApp-Image-2022-04-18-at-15.18.29.jpeg","articleSection":["Turismo"],"inLanguage":"es"},{"@type":"WebPage","@id":"https:\/\/www.caudete.org\/ayuntamiento\/exito-en-la-jornada-de-puertas-abiertas-del-albergue-de-la-toconera\/","url":"https:\/\/www.caudete.org\/ayuntamiento\/exito-en-la-jornada-de-puertas-abiertas-del-albergue-de-la-toconera\/","name":"\u00c9xito en la jornada de puertas abiertas del ALBERGUE de \"La Toconera\" - MI Ayuntamiento de Caudete","isPartOf":{"@id":"https:\/\/www.caudete.org\/ayuntamiento\/#website"},"primaryImageOfPage":{"@id":"https:\/\/www.caudete.org\/ayuntamiento\/exito-en-la-jornada-de-puertas-abiertas-del-albergue-de-la-toconera\/#primaryimage"},"image":{"@id":"https:\/\/www.caudete.org\/ayuntamiento\/exito-en-la-jornada-de-puertas-abiertas-del-albergue-de-la-toconera\/#primaryimage"},"thumbnailUrl":"https:\/\/www.caudete.org\/ayuntamiento\/wp-content\/uploads\/2022\/04\/WhatsApp-Image-2022-04-18-at-15.18.29.jpeg","datePublished":"2022-04-19T15:24:59+00:00","dateModified":"2022-04-19T17:53:48+00:00","author":{"@id":"https:\/\/www.caudete.org\/ayuntamiento\/#\/schema\/person\/cc646da9133078ee4d8dd47457947253"},"description":"P\u00e1gina Oficial del Ayuntamiento de Caudete (Albacete)","breadcrumb":{"@id":"https:\/\/www.caudete.org\/ayuntamiento\/exito-en-la-jornada-de-puertas-abiertas-del-albergue-de-la-toconera\/#breadcrumb"},"inLanguage":"es","potentialAction":[{"@type":"ReadAction","target":["https:\/\/www.caudete.org\/ayuntamiento\/exito-en-la-jornada-de-puertas-abiertas-del-albergue-de-la-toconera\/"]}]},{"@type":"ImageObject","inLanguage":"es","@id":"https:\/\/www.caudete.org\/ayuntamiento\/exito-en-la-jornada-de-puertas-abiertas-del-albergue-de-la-toconera\/#primaryimage","url":"https:\/\/www.caudete.org\/ayuntamiento\/wp-content\/uploads\/2022\/04\/WhatsApp-Image-2022-04-18-at-15.18.29.jpeg","contentUrl":"https:\/\/www.caudete.org\/ayuntamiento\/wp-content\/uploads\/2022\/04\/WhatsApp-Image-2022-04-18-at-15.18.29.jpeg","width":1024,"height":576},{"@type":"BreadcrumbList","@id":"https:\/\/www.caudete.org\/ayuntamiento\/exito-en-la-jornada-de-puertas-abiertas-del-albergue-de-la-toconera\/#breadcrumb","itemListElement":[{"@type":"ListItem","position":1,"name":"Inicio","item":"https:\/\/www.caudete.org\/ayuntamiento\/"},{"@type":"ListItem","position":2,"name":"\u00c9xito en la jornada de puertas abiertas del ALBERGUE de &#8220;La Toconera&#8221;"}]},{"@type":"WebSite","@id":"https:\/\/www.caudete.org\/ayuntamiento\/#website","url":"https:\/\/www.caudete.org\/ayuntamiento\/","name":"MI Ayuntamiento de Caudete","description":"P\u00e1gina Oficial del MI Ayuntamiento de Caudete","potentialAction":[{"@type":"SearchAction","target":{"@type":"EntryPoint","urlTemplate":"https:\/\/www.caudete.org\/ayuntamiento\/?s={search_term_string}"},"query-input":{"@type":"PropertyValueSpecification","valueRequired":true,"valueName":"search_term_string"}}],"inLanguage":"es"},{"@type":"Person","@id":"https:\/\/www.caudete.org\/ayuntamiento\/#\/schema\/person\/cc646da9133078ee4d8dd47457947253","name":"alcalde","image":{"@type":"ImageObject","inLanguage":"es","@id":"https:\/\/secure.gravatar.com\/avatar\/84a817ba065b29ff08d666b215a215f5c79186a645ccb25b14a663d48a130f77?s=96&d=mm&r=g","url":"https:\/\/secure.gravatar.com\/avatar\/84a817ba065b29ff08d666b215a215f5c79186a645ccb25b14a663d48a130f77?s=96&d=mm&r=g","contentUrl":"https:\/\/secure.gravatar.com\/avatar\/84a817ba065b29ff08d666b215a215f5c79186a645ccb25b14a663d48a130f77?s=96&d=mm&r=g","caption":"alcalde"},"url":"https:\/\/www.caudete.org\/ayuntamiento\/author\/alcalde\/"}]}},"_links":{"self":[{"href":"https:\/\/www.caudete.org\/ayuntamiento\/wp-json\/wp\/v2\/posts\/18797","targetHints":{"allow":["GET"]}}],"collection":[{"href":"https:\/\/www.caudete.org\/ayuntamiento\/wp-json\/wp\/v2\/posts"}],"about":[{"href":"https:\/\/www.caudete.org\/ayuntamiento\/wp-json\/wp\/v2\/types\/post"}],"author":[{"embeddable":true,"href":"https:\/\/www.caudete.org\/ayuntamiento\/wp-json\/wp\/v2\/users\/3"}],"replies":[{"embeddable":true,"href":"https:\/\/www.caudete.org\/ayuntamiento\/wp-json\/wp\/v2\/comments?post=18797"}],"version-history":[{"count":6,"href":"https:\/\/www.caudete.org\/ayuntamiento\/wp-json\/wp\/v2\/posts\/18797\/revisions"}],"predecessor-version":[{"id":18821,"href":"https:\/\/www.caudete.org\/ayuntamiento\/wp-json\/wp\/v2\/posts\/18797\/revisions\/18821"}],"wp:featuredmedia":[{"embeddable":true,"href":"https:\/\/www.caudete.org\/ayuntamiento\/wp-json\/wp\/v2\/media\/18798"}],"wp:attachment":[{"href":"https:\/\/www.caudete.org\/ayuntamiento\/wp-json\/wp\/v2\/media?parent=18797"}],"wp:term":[{"taxonomy":"category","embeddable":true,"href":"https:\/\/www.caudete.org\/ayuntamiento\/wp-json\/wp\/v2\/categories?post=18797"},{"taxonomy":"post_tag","embeddable":true,"href":"https:\/\/www.caudete.org\/ayuntamiento\/wp-json\/wp\/v2\/tags?post=18797"}],"curies":[{"name":"wp","href":"https:\/\/api.w.org\/{rel}","templated":true}]}}