{"id":18805,"date":"2022-04-19T17:38:23","date_gmt":"2022-04-19T15:38:23","guid":{"rendered":"https:\/\/www.caudete.org\/ayuntamiento\/?p=18805"},"modified":"2022-04-19T19:53:26","modified_gmt":"2022-04-19T17:53:26","slug":"la-policia-local-participa-en-la-campana-de-la-dgt-sobre-vigilancia-del-uso-del-cinturon-de-seguridad","status":"publish","type":"post","link":"https:\/\/www.caudete.org\/ayuntamiento\/la-policia-local-participa-en-la-campana-de-la-dgt-sobre-vigilancia-del-uso-del-cinturon-de-seguridad\/","title":{"rendered":"La Polic\u00eda Local participa en la campa\u00f1a de la DGT sobre Vigilancia del uso del CINTUR\u00d3N DE SEGURIDAD"},"content":{"rendered":"<p style=\"text-align: left;\">Entre los d\u00edas 4 y 10 de abril los agentes de la Polic\u00eda Local de Caudete han llevado a cabo controles aleatorios en diferentes puntos del casco urbano, con el fin de vigilar el uso del cintur\u00f3n de seguridad y de los sistemas de retenci\u00f3n infantil (SRI). El objetivo de esta campa\u00f1a promovida por la DGT es que todas las personas ocupantes de los veh\u00edculos, adultos o menores, que viajen atr\u00e1s o en asientos delanteros, hagan uso del cintur\u00f3n de seguridad o del adecuado SRI con independencia de la carretera por la que viajen.<\/p>\n<p style=\"text-align: left;\">As\u00ed lo indicaba la Concejal de Interior, M\u00aa del Mar Requena, junto al SubInspector de Polic\u00eda, Daniel Azor\u00edn, quien explicaba que el cintur\u00f3n de seguridad es un elemento b\u00e1sico y fundamental de la seguridad vial y reduce a la mitad el riesgo de muerte en caso de accidente, el no utilizarlo, tanto en los asientos delanteros como en los traseros, supone un gran riesgo. En un impacto frontal, la probabilidad de que un ocupante de los asientos de atr\u00e1s golpee mortalmente a otro pasajero de los asientos de delante puede ser hasta 8 veces mayor y\u00a0 protege tanto de salir despedido del habit\u00e1culo, como de impactar contra el parabrisas. A 80 kil\u00f3metros por hora, un choque frontal sin llevar puesto el cintur\u00f3n de seguridad suele llevar fatalmente aparejado resultado de muerte o lesiones graves, alcanzando una m\u00e1xima efectividad en los vuelcos, donde se reduce un 77% el riesgo de muerte por accidente. No llevar puesto el cintur\u00f3n de seguridad es, junto con la velocidad y la conducci\u00f3n bajo los efectos del alcohol, uno de los principales factores de riesgo en la carretera.<\/p>\n<p style=\"text-align: left;\">Con respecto a los Sistemas de Retenci\u00f3n Infantil o SRI, deber\u00e1 de utilizarse adaptados a la edad, estatura y peso del menor, siendo obligatorio su uso en ni\u00f1os con altura inferior a 1,35 mts y recomendable hasta los 1,50 mts de estatura. Los menores deber\u00e1n viajar en los asientos traseros y preferentemente en sentido contrario a la marcha el mayor tiempo posible.<\/p>\n<p style=\"text-align: left;\">En los controles que ha llevado a cabo la Polic\u00eda Local de Caudete durante la semana pasada, se han controlado un total de 221 veh\u00edculos, no haciendo uso del cintur\u00f3n de seguridad 13 conductores, lo que supone un 5,8% de los mismos. Con respecto a los pasajeros, se han controlado un total de 62 pasajeros, de los cuales 4 no hac\u00edan uso del cintur\u00f3n de seguridad, lo que supone un 6,45% de estos.\u00a0 Estas cifras est\u00e1n muy por encima de la media del 2,49% de denunciados en casco urbano en la campa\u00f1a del pasado a\u00f1o.<\/p>\n<p style=\"text-align: left;\">Con respecto a los Sistemas de Retenci\u00f3n Infantil, se han controlado un total de 7 veh\u00edculos, de los cuales todos lo llevaban correctamente instalados y hac\u00edan uso de los mismos.<\/p>\n<p style=\"text-align: left;\">El incumplimiento del uso del Cintur\u00f3n de Seguridad y SRI es una infracci\u00f3n grave al Reglamento General de Circulaci\u00f3n que lleva aparejada la multa de 200 \u20ac y la p\u00e9rdida de 4 puntos del permiso de conducir.<\/p>\n<p style=\"text-align: left;\"><b>Hacer un uso adecuado del cintur\u00f3n de seguridad podr\u00eda evitar pr\u00e1cticamente una cuarta parte de los muertos en accidente de tr\u00e1fico<\/b><\/p>\n","protected":false},"excerpt":{"rendered":"<p>Entre los d\u00edas 4 y 10 de abril los agentes de la Polic\u00eda Local de Caudete han llevado a cabo controles aleatorios en diferentes puntos del casco urbano, con el fin de vigilar el uso del cintur\u00f3n de seguridad y de los sistemas de retenci\u00f3n infantil (SRI). El objetivo de esta campa\u00f1a promovida por la &hellip;<\/p>\n","protected":false},"author":3,"featured_media":18816,"comment_status":"closed","ping_status":"open","sticky":false,"template":"","format":"standard","meta":{"ngg_post_thumbnail":0,"footnotes":""},"categories":[35],"tags":[],"class_list":["post-18805","post","type-post","status-publish","format-standard","has-post-thumbnail","hentry","category-policia-local"],"yoast_head":"<!-- This site is optimized with the Yoast SEO plugin v27.5 - https:\/\/yoast.com\/product\/yoast-seo-wordpress\/ -->\n<title>La Polic\u00eda Local participa en la campa\u00f1a de la DGT sobre Vigilancia del uso del CINTUR\u00d3N DE SEGURIDAD - MI Ayuntamiento de Caudete<\/title>\n<meta name=\"description\" content=\"P\u00e1gina Oficial del Ayuntamiento de Caudete (Albacete)\" \/>\n<meta name=\"robots\" content=\"index, follow, max-snippet:-1, max-image-preview:large, max-video-preview:-1\" \/>\n<link rel=\"canonical\" href=\"https:\/\/www.caudete.org\/ayuntamiento\/la-policia-local-participa-en-la-campana-de-la-dgt-sobre-vigilancia-del-uso-del-cinturon-de-seguridad\/\" \/>\n<meta property=\"og:locale\" content=\"es_ES\" \/>\n<meta property=\"og:type\" content=\"article\" \/>\n<meta property=\"og:title\" content=\"La Polic\u00eda Local participa en la campa\u00f1a de la DGT sobre Vigilancia del uso del CINTUR\u00d3N DE SEGURIDAD - MI Ayuntamiento de Caudete\" \/>\n<meta property=\"og:description\" content=\"P\u00e1gina Oficial del Ayuntamiento de Caudete (Albacete)\" \/>\n<meta property=\"og:url\" content=\"https:\/\/www.caudete.org\/ayuntamiento\/la-policia-local-participa-en-la-campana-de-la-dgt-sobre-vigilancia-del-uso-del-cinturon-de-seguridad\/\" \/>\n<meta property=\"og:site_name\" content=\"MI Ayuntamiento de Caudete\" \/>\n<meta property=\"article:publisher\" content=\"https:\/\/www.facebook.com\/ayuntamientocaudete\/\" \/>\n<meta property=\"article:published_time\" content=\"2022-04-19T15:38:23+00:00\" \/>\n<meta property=\"article:modified_time\" content=\"2022-04-19T17:53:26+00:00\" \/>\n<meta property=\"og:image\" content=\"https:\/\/www.caudete.org\/ayuntamiento\/wp-content\/uploads\/2022\/04\/Campana-CinturonWEB.jpg\" \/>\n\t<meta property=\"og:image:width\" content=\"864\" \/>\n\t<meta property=\"og:image:height\" content=\"380\" \/>\n\t<meta property=\"og:image:type\" content=\"image\/jpeg\" \/>\n<meta name=\"author\" content=\"alcalde\" \/>\n<meta name=\"twitter:card\" content=\"summary_large_image\" \/>\n<meta name=\"twitter:label1\" content=\"Escrito por\" \/>\n\t<meta name=\"twitter:data1\" content=\"alcalde\" \/>\n\t<meta name=\"twitter:label2\" content=\"Tiempo de lectura\" \/>\n\t<meta name=\"twitter:data2\" content=\"3 minutos\" \/>\n<script type=\"application\/ld+json\" class=\"yoast-schema-graph\">{\"@context\":\"https:\\\/\\\/schema.org\",\"@graph\":[{\"@type\":\"Article\",\"@id\":\"https:\\\/\\\/www.caudete.org\\\/ayuntamiento\\\/la-policia-local-participa-en-la-campana-de-la-dgt-sobre-vigilancia-del-uso-del-cinturon-de-seguridad\\\/#article\",\"isPartOf\":{\"@id\":\"https:\\\/\\\/www.caudete.org\\\/ayuntamiento\\\/la-policia-local-participa-en-la-campana-de-la-dgt-sobre-vigilancia-del-uso-del-cinturon-de-seguridad\\\/\"},\"author\":{\"name\":\"alcalde\",\"@id\":\"https:\\\/\\\/www.caudete.org\\\/ayuntamiento\\\/#\\\/schema\\\/person\\\/cc646da9133078ee4d8dd47457947253\"},\"headline\":\"La Polic\u00eda Local participa en la campa\u00f1a de la DGT sobre Vigilancia del uso del CINTUR\u00d3N DE SEGURIDAD\",\"datePublished\":\"2022-04-19T15:38:23+00:00\",\"dateModified\":\"2022-04-19T17:53:26+00:00\",\"mainEntityOfPage\":{\"@id\":\"https:\\\/\\\/www.caudete.org\\\/ayuntamiento\\\/la-policia-local-participa-en-la-campana-de-la-dgt-sobre-vigilancia-del-uso-del-cinturon-de-seguridad\\\/\"},\"wordCount\":565,\"image\":{\"@id\":\"https:\\\/\\\/www.caudete.org\\\/ayuntamiento\\\/la-policia-local-participa-en-la-campana-de-la-dgt-sobre-vigilancia-del-uso-del-cinturon-de-seguridad\\\/#primaryimage\"},\"thumbnailUrl\":\"https:\\\/\\\/www.caudete.org\\\/ayuntamiento\\\/wp-content\\\/uploads\\\/2022\\\/04\\\/Campana-CinturonWEB.jpg\",\"articleSection\":[\"Polic\u00eda Local\"],\"inLanguage\":\"es\"},{\"@type\":\"WebPage\",\"@id\":\"https:\\\/\\\/www.caudete.org\\\/ayuntamiento\\\/la-policia-local-participa-en-la-campana-de-la-dgt-sobre-vigilancia-del-uso-del-cinturon-de-seguridad\\\/\",\"url\":\"https:\\\/\\\/www.caudete.org\\\/ayuntamiento\\\/la-policia-local-participa-en-la-campana-de-la-dgt-sobre-vigilancia-del-uso-del-cinturon-de-seguridad\\\/\",\"name\":\"La Polic\u00eda Local participa en la campa\u00f1a de la DGT sobre Vigilancia del uso del CINTUR\u00d3N DE SEGURIDAD - MI Ayuntamiento de Caudete\",\"isPartOf\":{\"@id\":\"https:\\\/\\\/www.caudete.org\\\/ayuntamiento\\\/#website\"},\"primaryImageOfPage\":{\"@id\":\"https:\\\/\\\/www.caudete.org\\\/ayuntamiento\\\/la-policia-local-participa-en-la-campana-de-la-dgt-sobre-vigilancia-del-uso-del-cinturon-de-seguridad\\\/#primaryimage\"},\"image\":{\"@id\":\"https:\\\/\\\/www.caudete.org\\\/ayuntamiento\\\/la-policia-local-participa-en-la-campana-de-la-dgt-sobre-vigilancia-del-uso-del-cinturon-de-seguridad\\\/#primaryimage\"},\"thumbnailUrl\":\"https:\\\/\\\/www.caudete.org\\\/ayuntamiento\\\/wp-content\\\/uploads\\\/2022\\\/04\\\/Campana-CinturonWEB.jpg\",\"datePublished\":\"2022-04-19T15:38:23+00:00\",\"dateModified\":\"2022-04-19T17:53:26+00:00\",\"author\":{\"@id\":\"https:\\\/\\\/www.caudete.org\\\/ayuntamiento\\\/#\\\/schema\\\/person\\\/cc646da9133078ee4d8dd47457947253\"},\"description\":\"P\u00e1gina Oficial del Ayuntamiento de Caudete (Albacete)\",\"breadcrumb\":{\"@id\":\"https:\\\/\\\/www.caudete.org\\\/ayuntamiento\\\/la-policia-local-participa-en-la-campana-de-la-dgt-sobre-vigilancia-del-uso-del-cinturon-de-seguridad\\\/#breadcrumb\"},\"inLanguage\":\"es\",\"potentialAction\":[{\"@type\":\"ReadAction\",\"target\":[\"https:\\\/\\\/www.caudete.org\\\/ayuntamiento\\\/la-policia-local-participa-en-la-campana-de-la-dgt-sobre-vigilancia-del-uso-del-cinturon-de-seguridad\\\/\"]}]},{\"@type\":\"ImageObject\",\"inLanguage\":\"es\",\"@id\":\"https:\\\/\\\/www.caudete.org\\\/ayuntamiento\\\/la-policia-local-participa-en-la-campana-de-la-dgt-sobre-vigilancia-del-uso-del-cinturon-de-seguridad\\\/#primaryimage\",\"url\":\"https:\\\/\\\/www.caudete.org\\\/ayuntamiento\\\/wp-content\\\/uploads\\\/2022\\\/04\\\/Campana-CinturonWEB.jpg\",\"contentUrl\":\"https:\\\/\\\/www.caudete.org\\\/ayuntamiento\\\/wp-content\\\/uploads\\\/2022\\\/04\\\/Campana-CinturonWEB.jpg\",\"width\":864,\"height\":380},{\"@type\":\"BreadcrumbList\",\"@id\":\"https:\\\/\\\/www.caudete.org\\\/ayuntamiento\\\/la-policia-local-participa-en-la-campana-de-la-dgt-sobre-vigilancia-del-uso-del-cinturon-de-seguridad\\\/#breadcrumb\",\"itemListElement\":[{\"@type\":\"ListItem\",\"position\":1,\"name\":\"Inicio\",\"item\":\"https:\\\/\\\/www.caudete.org\\\/ayuntamiento\\\/\"},{\"@type\":\"ListItem\",\"position\":2,\"name\":\"La Polic\u00eda Local participa en la campa\u00f1a de la DGT sobre Vigilancia del uso del CINTUR\u00d3N DE SEGURIDAD\"}]},{\"@type\":\"WebSite\",\"@id\":\"https:\\\/\\\/www.caudete.org\\\/ayuntamiento\\\/#website\",\"url\":\"https:\\\/\\\/www.caudete.org\\\/ayuntamiento\\\/\",\"name\":\"MI Ayuntamiento de Caudete\",\"description\":\"P\u00e1gina Oficial del MI Ayuntamiento de Caudete\",\"potentialAction\":[{\"@type\":\"SearchAction\",\"target\":{\"@type\":\"EntryPoint\",\"urlTemplate\":\"https:\\\/\\\/www.caudete.org\\\/ayuntamiento\\\/?s={search_term_string}\"},\"query-input\":{\"@type\":\"PropertyValueSpecification\",\"valueRequired\":true,\"valueName\":\"search_term_string\"}}],\"inLanguage\":\"es\"},{\"@type\":\"Person\",\"@id\":\"https:\\\/\\\/www.caudete.org\\\/ayuntamiento\\\/#\\\/schema\\\/person\\\/cc646da9133078ee4d8dd47457947253\",\"name\":\"alcalde\",\"image\":{\"@type\":\"ImageObject\",\"inLanguage\":\"es\",\"@id\":\"https:\\\/\\\/secure.gravatar.com\\\/avatar\\\/84a817ba065b29ff08d666b215a215f5c79186a645ccb25b14a663d48a130f77?s=96&d=mm&r=g\",\"url\":\"https:\\\/\\\/secure.gravatar.com\\\/avatar\\\/84a817ba065b29ff08d666b215a215f5c79186a645ccb25b14a663d48a130f77?s=96&d=mm&r=g\",\"contentUrl\":\"https:\\\/\\\/secure.gravatar.com\\\/avatar\\\/84a817ba065b29ff08d666b215a215f5c79186a645ccb25b14a663d48a130f77?s=96&d=mm&r=g\",\"caption\":\"alcalde\"},\"url\":\"https:\\\/\\\/www.caudete.org\\\/ayuntamiento\\\/author\\\/alcalde\\\/\"}]}<\/script>\n<!-- \/ Yoast SEO plugin. -->","yoast_head_json":{"title":"La Polic\u00eda Local participa en la campa\u00f1a de la DGT sobre Vigilancia del uso del CINTUR\u00d3N DE SEGURIDAD - MI Ayuntamiento de Caudete","description":"P\u00e1gina Oficial del Ayuntamiento de Caudete (Albacete)","robots":{"index":"index","follow":"follow","max-snippet":"max-snippet:-1","max-image-preview":"max-image-preview:large","max-video-preview":"max-video-preview:-1"},"canonical":"https:\/\/www.caudete.org\/ayuntamiento\/la-policia-local-participa-en-la-campana-de-la-dgt-sobre-vigilancia-del-uso-del-cinturon-de-seguridad\/","og_locale":"es_ES","og_type":"article","og_title":"La Polic\u00eda Local participa en la campa\u00f1a de la DGT sobre Vigilancia del uso del CINTUR\u00d3N DE SEGURIDAD - MI Ayuntamiento de Caudete","og_description":"P\u00e1gina Oficial del Ayuntamiento de Caudete (Albacete)","og_url":"https:\/\/www.caudete.org\/ayuntamiento\/la-policia-local-participa-en-la-campana-de-la-dgt-sobre-vigilancia-del-uso-del-cinturon-de-seguridad\/","og_site_name":"MI Ayuntamiento de Caudete","article_publisher":"https:\/\/www.facebook.com\/ayuntamientocaudete\/","article_published_time":"2022-04-19T15:38:23+00:00","article_modified_time":"2022-04-19T17:53:26+00:00","og_image":[{"width":864,"height":380,"url":"https:\/\/www.caudete.org\/ayuntamiento\/wp-content\/uploads\/2022\/04\/Campana-CinturonWEB.jpg","type":"image\/jpeg"}],"author":"alcalde","twitter_card":"summary_large_image","twitter_misc":{"Escrito por":"alcalde","Tiempo de lectura":"3 minutos"},"schema":{"@context":"https:\/\/schema.org","@graph":[{"@type":"Article","@id":"https:\/\/www.caudete.org\/ayuntamiento\/la-policia-local-participa-en-la-campana-de-la-dgt-sobre-vigilancia-del-uso-del-cinturon-de-seguridad\/#article","isPartOf":{"@id":"https:\/\/www.caudete.org\/ayuntamiento\/la-policia-local-participa-en-la-campana-de-la-dgt-sobre-vigilancia-del-uso-del-cinturon-de-seguridad\/"},"author":{"name":"alcalde","@id":"https:\/\/www.caudete.org\/ayuntamiento\/#\/schema\/person\/cc646da9133078ee4d8dd47457947253"},"headline":"La Polic\u00eda Local participa en la campa\u00f1a de la DGT sobre Vigilancia del uso del CINTUR\u00d3N DE SEGURIDAD","datePublished":"2022-04-19T15:38:23+00:00","dateModified":"2022-04-19T17:53:26+00:00","mainEntityOfPage":{"@id":"https:\/\/www.caudete.org\/ayuntamiento\/la-policia-local-participa-en-la-campana-de-la-dgt-sobre-vigilancia-del-uso-del-cinturon-de-seguridad\/"},"wordCount":565,"image":{"@id":"https:\/\/www.caudete.org\/ayuntamiento\/la-policia-local-participa-en-la-campana-de-la-dgt-sobre-vigilancia-del-uso-del-cinturon-de-seguridad\/#primaryimage"},"thumbnailUrl":"https:\/\/www.caudete.org\/ayuntamiento\/wp-content\/uploads\/2022\/04\/Campana-CinturonWEB.jpg","articleSection":["Polic\u00eda Local"],"inLanguage":"es"},{"@type":"WebPage","@id":"https:\/\/www.caudete.org\/ayuntamiento\/la-policia-local-participa-en-la-campana-de-la-dgt-sobre-vigilancia-del-uso-del-cinturon-de-seguridad\/","url":"https:\/\/www.caudete.org\/ayuntamiento\/la-policia-local-participa-en-la-campana-de-la-dgt-sobre-vigilancia-del-uso-del-cinturon-de-seguridad\/","name":"La Polic\u00eda Local participa en la campa\u00f1a de la DGT sobre Vigilancia del uso del CINTUR\u00d3N DE SEGURIDAD - MI Ayuntamiento de Caudete","isPartOf":{"@id":"https:\/\/www.caudete.org\/ayuntamiento\/#website"},"primaryImageOfPage":{"@id":"https:\/\/www.caudete.org\/ayuntamiento\/la-policia-local-participa-en-la-campana-de-la-dgt-sobre-vigilancia-del-uso-del-cinturon-de-seguridad\/#primaryimage"},"image":{"@id":"https:\/\/www.caudete.org\/ayuntamiento\/la-policia-local-participa-en-la-campana-de-la-dgt-sobre-vigilancia-del-uso-del-cinturon-de-seguridad\/#primaryimage"},"thumbnailUrl":"https:\/\/www.caudete.org\/ayuntamiento\/wp-content\/uploads\/2022\/04\/Campana-CinturonWEB.jpg","datePublished":"2022-04-19T15:38:23+00:00","dateModified":"2022-04-19T17:53:26+00:00","author":{"@id":"https:\/\/www.caudete.org\/ayuntamiento\/#\/schema\/person\/cc646da9133078ee4d8dd47457947253"},"description":"P\u00e1gina Oficial del Ayuntamiento de Caudete (Albacete)","breadcrumb":{"@id":"https:\/\/www.caudete.org\/ayuntamiento\/la-policia-local-participa-en-la-campana-de-la-dgt-sobre-vigilancia-del-uso-del-cinturon-de-seguridad\/#breadcrumb"},"inLanguage":"es","potentialAction":[{"@type":"ReadAction","target":["https:\/\/www.caudete.org\/ayuntamiento\/la-policia-local-participa-en-la-campana-de-la-dgt-sobre-vigilancia-del-uso-del-cinturon-de-seguridad\/"]}]},{"@type":"ImageObject","inLanguage":"es","@id":"https:\/\/www.caudete.org\/ayuntamiento\/la-policia-local-participa-en-la-campana-de-la-dgt-sobre-vigilancia-del-uso-del-cinturon-de-seguridad\/#primaryimage","url":"https:\/\/www.caudete.org\/ayuntamiento\/wp-content\/uploads\/2022\/04\/Campana-CinturonWEB.jpg","contentUrl":"https:\/\/www.caudete.org\/ayuntamiento\/wp-content\/uploads\/2022\/04\/Campana-CinturonWEB.jpg","width":864,"height":380},{"@type":"BreadcrumbList","@id":"https:\/\/www.caudete.org\/ayuntamiento\/la-policia-local-participa-en-la-campana-de-la-dgt-sobre-vigilancia-del-uso-del-cinturon-de-seguridad\/#breadcrumb","itemListElement":[{"@type":"ListItem","position":1,"name":"Inicio","item":"https:\/\/www.caudete.org\/ayuntamiento\/"},{"@type":"ListItem","position":2,"name":"La Polic\u00eda Local participa en la campa\u00f1a de la DGT sobre Vigilancia del uso del CINTUR\u00d3N DE SEGURIDAD"}]},{"@type":"WebSite","@id":"https:\/\/www.caudete.org\/ayuntamiento\/#website","url":"https:\/\/www.caudete.org\/ayuntamiento\/","name":"MI Ayuntamiento de Caudete","description":"P\u00e1gina Oficial del MI Ayuntamiento de Caudete","potentialAction":[{"@type":"SearchAction","target":{"@type":"EntryPoint","urlTemplate":"https:\/\/www.caudete.org\/ayuntamiento\/?s={search_term_string}"},"query-input":{"@type":"PropertyValueSpecification","valueRequired":true,"valueName":"search_term_string"}}],"inLanguage":"es"},{"@type":"Person","@id":"https:\/\/www.caudete.org\/ayuntamiento\/#\/schema\/person\/cc646da9133078ee4d8dd47457947253","name":"alcalde","image":{"@type":"ImageObject","inLanguage":"es","@id":"https:\/\/secure.gravatar.com\/avatar\/84a817ba065b29ff08d666b215a215f5c79186a645ccb25b14a663d48a130f77?s=96&d=mm&r=g","url":"https:\/\/secure.gravatar.com\/avatar\/84a817ba065b29ff08d666b215a215f5c79186a645ccb25b14a663d48a130f77?s=96&d=mm&r=g","contentUrl":"https:\/\/secure.gravatar.com\/avatar\/84a817ba065b29ff08d666b215a215f5c79186a645ccb25b14a663d48a130f77?s=96&d=mm&r=g","caption":"alcalde"},"url":"https:\/\/www.caudete.org\/ayuntamiento\/author\/alcalde\/"}]}},"_links":{"self":[{"href":"https:\/\/www.caudete.org\/ayuntamiento\/wp-json\/wp\/v2\/posts\/18805","targetHints":{"allow":["GET"]}}],"collection":[{"href":"https:\/\/www.caudete.org\/ayuntamiento\/wp-json\/wp\/v2\/posts"}],"about":[{"href":"https:\/\/www.caudete.org\/ayuntamiento\/wp-json\/wp\/v2\/types\/post"}],"author":[{"embeddable":true,"href":"https:\/\/www.caudete.org\/ayuntamiento\/wp-json\/wp\/v2\/users\/3"}],"replies":[{"embeddable":true,"href":"https:\/\/www.caudete.org\/ayuntamiento\/wp-json\/wp\/v2\/comments?post=18805"}],"version-history":[{"count":5,"href":"https:\/\/www.caudete.org\/ayuntamiento\/wp-json\/wp\/v2\/posts\/18805\/revisions"}],"predecessor-version":[{"id":18820,"href":"https:\/\/www.caudete.org\/ayuntamiento\/wp-json\/wp\/v2\/posts\/18805\/revisions\/18820"}],"wp:featuredmedia":[{"embeddable":true,"href":"https:\/\/www.caudete.org\/ayuntamiento\/wp-json\/wp\/v2\/media\/18816"}],"wp:attachment":[{"href":"https:\/\/www.caudete.org\/ayuntamiento\/wp-json\/wp\/v2\/media?parent=18805"}],"wp:term":[{"taxonomy":"category","embeddable":true,"href":"https:\/\/www.caudete.org\/ayuntamiento\/wp-json\/wp\/v2\/categories?post=18805"},{"taxonomy":"post_tag","embeddable":true,"href":"https:\/\/www.caudete.org\/ayuntamiento\/wp-json\/wp\/v2\/tags?post=18805"}],"curies":[{"name":"wp","href":"https:\/\/api.w.org\/{rel}","templated":true}]}}