{"id":18832,"date":"2022-04-20T19:31:41","date_gmt":"2022-04-20T17:31:41","guid":{"rendered":"https:\/\/www.caudete.org\/ayuntamiento\/?p=18832"},"modified":"2022-04-20T19:32:07","modified_gmt":"2022-04-20T17:32:07","slug":"conferencia-benjamin-palencia-el-pintor-que-tocaba-con-los-ojos-por-diego-gomez-sanchez-doctor-en-bellas-artes","status":"publish","type":"post","link":"https:\/\/www.caudete.org\/ayuntamiento\/conferencia-benjamin-palencia-el-pintor-que-tocaba-con-los-ojos-por-diego-gomez-sanchez-doctor-en-bellas-artes\/","title":{"rendered":"Conferencia \u201cBENJAM\u00cdN PALENCIA, EL PINTOR QUE TOCABA CON LOS OJOS\u201d por Diego G\u00f3mez S\u00e1nchez, doctor en Bellas Artes"},"content":{"rendered":"<p align=\"justify\"><span style=\"color: #000000;\"><span style=\"font-family: Arial, sans-serif;\"><span style=\"font-size: medium;\">La Concejal\u00eda de Cultura del M.I. Ayuntamiento de Caudete, dentro del programa de actividades de primavera 2022, presenta la Conferencia sobre el pintor Albacete\u00f1o: Benjam\u00edn Palencia, que tendr\u00e1 lugar el jueves 21 de abril, a las 19:30 horas, en el \u201cMuseo de la Acuarela Rafael Requena\u201d de la Casa de Cultura.<\/span><\/span><\/span><\/p>\n<p align=\"justify\"><span style=\"color: #000000;\"><span style=\"font-family: Arial, sans-serif;\"><span style=\"font-size: medium;\">La conferencia lleva por t\u00edtulo, \u201cBENJAM\u00cdN PALENCIA, EL PINTOR QUE TOCABA CON LOS OJOS\u201d, referida a la exposici\u00f3n \u201cObras sobre papel\u201d, expuesta en la Sala de exposiciones Jos\u00e9 PerezGil desde el 25 de marzo. <\/span><\/span><\/span><\/p>\n<p align=\"justify\"><span style=\"color: #000000;\"><span style=\"font-family: Arial, sans-serif;\"><span style=\"font-size: medium;\">El ponente Diego G\u00f3mez S\u00e1nchez es doctor en Bellas Artes por la Universidad de Castilla-La Mancha, profesor de su Departamento de Arte en el M\u00e1ster de Formaci\u00f3n del Profesorado y formador del Aula de Artes Pl\u00e1sticas de la Universidad Popular de Albacete, pintor, investigador y conferenciante en asuntos de arte . <\/span><\/span><\/span><\/p>\n<p align=\"justify\"><span style=\"color: #000000;\"><span style=\"font-family: Arial, sans-serif;\"><span style=\"font-size: medium;\">En la charla se recorren los logros m\u00e1s importantes del artista, as\u00ed como su prol\u00edfica obra. Pasando por su formaci\u00f3n en Madrid y la influencia que tuvo gracias a su relaci\u00f3n con figuras importantes dentro y fuera de Espa\u00f1a. Personajes importantes como Federico Garc\u00eda Lorca, Alberto S\u00e1nchez. Sin olvidar su consagraci\u00f3n como uno de los principales renovadores de la pintura paisajista.<\/span><\/span><\/span><\/p>\n<p align=\"justify\"><span style=\"color: #000000;\"><span style=\"font-family: Arial, sans-serif;\"><span style=\"font-size: medium;\">La Diputaci\u00f3n Provincial de Albacete, patrocinadora del evento, persigue con este ciclo de conferencias acercar la obra de este pintor barraje\u00f1o a todos los ciudadanos de la provincia y Caudete, localidad con gran tradici\u00f3n art\u00edstica, que se suma a este programa. <\/span><\/span><\/span><\/p>\n","protected":false},"excerpt":{"rendered":"<p>La Concejal\u00eda de Cultura del M.I. Ayuntamiento de Caudete, dentro del programa de actividades de primavera 2022, presenta la Conferencia sobre el pintor Albacete\u00f1o: Benjam\u00edn Palencia, que tendr\u00e1 lugar el jueves 21 de abril, a las 19:30 horas, en el \u201cMuseo de la Acuarela Rafael Requena\u201d de la Casa de Cultura. La conferencia lleva por &hellip;<\/p>\n","protected":false},"author":2,"featured_media":18834,"comment_status":"closed","ping_status":"open","sticky":false,"template":"","format":"standard","meta":{"ngg_post_thumbnail":0,"footnotes":""},"categories":[14],"tags":[],"class_list":["post-18832","post","type-post","status-publish","format-standard","has-post-thumbnail","hentry","category-cultura"],"yoast_head":"<!-- This site is optimized with the Yoast SEO plugin v27.5 - https:\/\/yoast.com\/product\/yoast-seo-wordpress\/ -->\n<title>Conferencia \u201cBENJAM\u00cdN PALENCIA, EL PINTOR QUE TOCABA CON LOS OJOS\u201d por Diego G\u00f3mez S\u00e1nchez, doctor en Bellas Artes - MI Ayuntamiento de Caudete<\/title>\n<meta name=\"description\" content=\"P\u00e1gina Oficial del Ayuntamiento de Caudete (Albacete)\" \/>\n<meta name=\"robots\" content=\"index, follow, max-snippet:-1, max-image-preview:large, max-video-preview:-1\" \/>\n<link rel=\"canonical\" href=\"https:\/\/www.caudete.org\/ayuntamiento\/conferencia-benjamin-palencia-el-pintor-que-tocaba-con-los-ojos-por-diego-gomez-sanchez-doctor-en-bellas-artes\/\" \/>\n<meta property=\"og:locale\" content=\"es_ES\" \/>\n<meta property=\"og:type\" content=\"article\" \/>\n<meta property=\"og:title\" content=\"Conferencia \u201cBENJAM\u00cdN PALENCIA, EL PINTOR QUE TOCABA CON LOS OJOS\u201d por Diego G\u00f3mez S\u00e1nchez, doctor en Bellas Artes - MI Ayuntamiento de Caudete\" \/>\n<meta property=\"og:description\" content=\"P\u00e1gina Oficial del Ayuntamiento de Caudete (Albacete)\" \/>\n<meta property=\"og:url\" content=\"https:\/\/www.caudete.org\/ayuntamiento\/conferencia-benjamin-palencia-el-pintor-que-tocaba-con-los-ojos-por-diego-gomez-sanchez-doctor-en-bellas-artes\/\" \/>\n<meta property=\"og:site_name\" content=\"MI Ayuntamiento de Caudete\" \/>\n<meta property=\"article:publisher\" content=\"https:\/\/www.facebook.com\/ayuntamientocaudete\/\" \/>\n<meta property=\"article:published_time\" content=\"2022-04-20T17:31:41+00:00\" \/>\n<meta property=\"article:modified_time\" content=\"2022-04-20T17:32:07+00:00\" \/>\n<meta property=\"og:image\" content=\"https:\/\/www.caudete.org\/ayuntamiento\/wp-content\/uploads\/2022\/04\/Conferencia-Benjamin-Palencia-WEB.jpg\" \/>\n\t<meta property=\"og:image:width\" content=\"864\" \/>\n\t<meta property=\"og:image:height\" content=\"380\" \/>\n\t<meta property=\"og:image:type\" content=\"image\/jpeg\" \/>\n<meta name=\"author\" content=\"Juan\" \/>\n<meta name=\"twitter:card\" content=\"summary_large_image\" \/>\n<meta name=\"twitter:label1\" content=\"Escrito por\" \/>\n\t<meta name=\"twitter:data1\" content=\"Juan\" \/>\n\t<meta name=\"twitter:label2\" content=\"Tiempo de lectura\" \/>\n\t<meta name=\"twitter:data2\" content=\"2 minutos\" \/>\n<script type=\"application\/ld+json\" class=\"yoast-schema-graph\">{\"@context\":\"https:\\\/\\\/schema.org\",\"@graph\":[{\"@type\":\"Article\",\"@id\":\"https:\\\/\\\/www.caudete.org\\\/ayuntamiento\\\/conferencia-benjamin-palencia-el-pintor-que-tocaba-con-los-ojos-por-diego-gomez-sanchez-doctor-en-bellas-artes\\\/#article\",\"isPartOf\":{\"@id\":\"https:\\\/\\\/www.caudete.org\\\/ayuntamiento\\\/conferencia-benjamin-palencia-el-pintor-que-tocaba-con-los-ojos-por-diego-gomez-sanchez-doctor-en-bellas-artes\\\/\"},\"author\":{\"name\":\"Juan\",\"@id\":\"https:\\\/\\\/www.caudete.org\\\/ayuntamiento\\\/#\\\/schema\\\/person\\\/7656a5bb58fca95b9814e940de0fda63\"},\"headline\":\"Conferencia \u201cBENJAM\u00cdN PALENCIA, EL PINTOR QUE TOCABA CON LOS OJOS\u201d por Diego G\u00f3mez S\u00e1nchez, doctor en Bellas Artes\",\"datePublished\":\"2022-04-20T17:31:41+00:00\",\"dateModified\":\"2022-04-20T17:32:07+00:00\",\"mainEntityOfPage\":{\"@id\":\"https:\\\/\\\/www.caudete.org\\\/ayuntamiento\\\/conferencia-benjamin-palencia-el-pintor-que-tocaba-con-los-ojos-por-diego-gomez-sanchez-doctor-en-bellas-artes\\\/\"},\"wordCount\":278,\"image\":{\"@id\":\"https:\\\/\\\/www.caudete.org\\\/ayuntamiento\\\/conferencia-benjamin-palencia-el-pintor-que-tocaba-con-los-ojos-por-diego-gomez-sanchez-doctor-en-bellas-artes\\\/#primaryimage\"},\"thumbnailUrl\":\"https:\\\/\\\/www.caudete.org\\\/ayuntamiento\\\/wp-content\\\/uploads\\\/2022\\\/04\\\/Conferencia-Benjamin-Palencia-WEB.jpg\",\"articleSection\":[\"Cultura\"],\"inLanguage\":\"es\"},{\"@type\":\"WebPage\",\"@id\":\"https:\\\/\\\/www.caudete.org\\\/ayuntamiento\\\/conferencia-benjamin-palencia-el-pintor-que-tocaba-con-los-ojos-por-diego-gomez-sanchez-doctor-en-bellas-artes\\\/\",\"url\":\"https:\\\/\\\/www.caudete.org\\\/ayuntamiento\\\/conferencia-benjamin-palencia-el-pintor-que-tocaba-con-los-ojos-por-diego-gomez-sanchez-doctor-en-bellas-artes\\\/\",\"name\":\"Conferencia \u201cBENJAM\u00cdN PALENCIA, EL PINTOR QUE TOCABA CON LOS OJOS\u201d por Diego G\u00f3mez S\u00e1nchez, doctor en Bellas Artes - MI Ayuntamiento de Caudete\",\"isPartOf\":{\"@id\":\"https:\\\/\\\/www.caudete.org\\\/ayuntamiento\\\/#website\"},\"primaryImageOfPage\":{\"@id\":\"https:\\\/\\\/www.caudete.org\\\/ayuntamiento\\\/conferencia-benjamin-palencia-el-pintor-que-tocaba-con-los-ojos-por-diego-gomez-sanchez-doctor-en-bellas-artes\\\/#primaryimage\"},\"image\":{\"@id\":\"https:\\\/\\\/www.caudete.org\\\/ayuntamiento\\\/conferencia-benjamin-palencia-el-pintor-que-tocaba-con-los-ojos-por-diego-gomez-sanchez-doctor-en-bellas-artes\\\/#primaryimage\"},\"thumbnailUrl\":\"https:\\\/\\\/www.caudete.org\\\/ayuntamiento\\\/wp-content\\\/uploads\\\/2022\\\/04\\\/Conferencia-Benjamin-Palencia-WEB.jpg\",\"datePublished\":\"2022-04-20T17:31:41+00:00\",\"dateModified\":\"2022-04-20T17:32:07+00:00\",\"author\":{\"@id\":\"https:\\\/\\\/www.caudete.org\\\/ayuntamiento\\\/#\\\/schema\\\/person\\\/7656a5bb58fca95b9814e940de0fda63\"},\"description\":\"P\u00e1gina Oficial del Ayuntamiento de Caudete (Albacete)\",\"breadcrumb\":{\"@id\":\"https:\\\/\\\/www.caudete.org\\\/ayuntamiento\\\/conferencia-benjamin-palencia-el-pintor-que-tocaba-con-los-ojos-por-diego-gomez-sanchez-doctor-en-bellas-artes\\\/#breadcrumb\"},\"inLanguage\":\"es\",\"potentialAction\":[{\"@type\":\"ReadAction\",\"target\":[\"https:\\\/\\\/www.caudete.org\\\/ayuntamiento\\\/conferencia-benjamin-palencia-el-pintor-que-tocaba-con-los-ojos-por-diego-gomez-sanchez-doctor-en-bellas-artes\\\/\"]}]},{\"@type\":\"ImageObject\",\"inLanguage\":\"es\",\"@id\":\"https:\\\/\\\/www.caudete.org\\\/ayuntamiento\\\/conferencia-benjamin-palencia-el-pintor-que-tocaba-con-los-ojos-por-diego-gomez-sanchez-doctor-en-bellas-artes\\\/#primaryimage\",\"url\":\"https:\\\/\\\/www.caudete.org\\\/ayuntamiento\\\/wp-content\\\/uploads\\\/2022\\\/04\\\/Conferencia-Benjamin-Palencia-WEB.jpg\",\"contentUrl\":\"https:\\\/\\\/www.caudete.org\\\/ayuntamiento\\\/wp-content\\\/uploads\\\/2022\\\/04\\\/Conferencia-Benjamin-Palencia-WEB.jpg\",\"width\":864,\"height\":380},{\"@type\":\"BreadcrumbList\",\"@id\":\"https:\\\/\\\/www.caudete.org\\\/ayuntamiento\\\/conferencia-benjamin-palencia-el-pintor-que-tocaba-con-los-ojos-por-diego-gomez-sanchez-doctor-en-bellas-artes\\\/#breadcrumb\",\"itemListElement\":[{\"@type\":\"ListItem\",\"position\":1,\"name\":\"Inicio\",\"item\":\"https:\\\/\\\/www.caudete.org\\\/ayuntamiento\\\/\"},{\"@type\":\"ListItem\",\"position\":2,\"name\":\"Conferencia \u201cBENJAM\u00cdN PALENCIA, EL PINTOR QUE TOCABA CON LOS OJOS\u201d por Diego G\u00f3mez S\u00e1nchez, doctor en Bellas Artes\"}]},{\"@type\":\"WebSite\",\"@id\":\"https:\\\/\\\/www.caudete.org\\\/ayuntamiento\\\/#website\",\"url\":\"https:\\\/\\\/www.caudete.org\\\/ayuntamiento\\\/\",\"name\":\"MI Ayuntamiento de Caudete\",\"description\":\"P\u00e1gina Oficial del MI Ayuntamiento de Caudete\",\"potentialAction\":[{\"@type\":\"SearchAction\",\"target\":{\"@type\":\"EntryPoint\",\"urlTemplate\":\"https:\\\/\\\/www.caudete.org\\\/ayuntamiento\\\/?s={search_term_string}\"},\"query-input\":{\"@type\":\"PropertyValueSpecification\",\"valueRequired\":true,\"valueName\":\"search_term_string\"}}],\"inLanguage\":\"es\"},{\"@type\":\"Person\",\"@id\":\"https:\\\/\\\/www.caudete.org\\\/ayuntamiento\\\/#\\\/schema\\\/person\\\/7656a5bb58fca95b9814e940de0fda63\",\"name\":\"Juan\",\"image\":{\"@type\":\"ImageObject\",\"inLanguage\":\"es\",\"@id\":\"https:\\\/\\\/secure.gravatar.com\\\/avatar\\\/dd53e51c0cd6ab23f52d4f3e4f1c59730240727763de3dbbf26750b079a2c292?s=96&d=mm&r=g\",\"url\":\"https:\\\/\\\/secure.gravatar.com\\\/avatar\\\/dd53e51c0cd6ab23f52d4f3e4f1c59730240727763de3dbbf26750b079a2c292?s=96&d=mm&r=g\",\"contentUrl\":\"https:\\\/\\\/secure.gravatar.com\\\/avatar\\\/dd53e51c0cd6ab23f52d4f3e4f1c59730240727763de3dbbf26750b079a2c292?s=96&d=mm&r=g\",\"caption\":\"Juan\"},\"url\":\"https:\\\/\\\/www.caudete.org\\\/ayuntamiento\\\/author\\\/centrodeinternet\\\/\"}]}<\/script>\n<!-- \/ Yoast SEO plugin. -->","yoast_head_json":{"title":"Conferencia \u201cBENJAM\u00cdN PALENCIA, EL PINTOR QUE TOCABA CON LOS OJOS\u201d por Diego G\u00f3mez S\u00e1nchez, doctor en Bellas Artes - MI Ayuntamiento de Caudete","description":"P\u00e1gina Oficial del Ayuntamiento de Caudete (Albacete)","robots":{"index":"index","follow":"follow","max-snippet":"max-snippet:-1","max-image-preview":"max-image-preview:large","max-video-preview":"max-video-preview:-1"},"canonical":"https:\/\/www.caudete.org\/ayuntamiento\/conferencia-benjamin-palencia-el-pintor-que-tocaba-con-los-ojos-por-diego-gomez-sanchez-doctor-en-bellas-artes\/","og_locale":"es_ES","og_type":"article","og_title":"Conferencia \u201cBENJAM\u00cdN PALENCIA, EL PINTOR QUE TOCABA CON LOS OJOS\u201d por Diego G\u00f3mez S\u00e1nchez, doctor en Bellas Artes - MI Ayuntamiento de Caudete","og_description":"P\u00e1gina Oficial del Ayuntamiento de Caudete (Albacete)","og_url":"https:\/\/www.caudete.org\/ayuntamiento\/conferencia-benjamin-palencia-el-pintor-que-tocaba-con-los-ojos-por-diego-gomez-sanchez-doctor-en-bellas-artes\/","og_site_name":"MI Ayuntamiento de Caudete","article_publisher":"https:\/\/www.facebook.com\/ayuntamientocaudete\/","article_published_time":"2022-04-20T17:31:41+00:00","article_modified_time":"2022-04-20T17:32:07+00:00","og_image":[{"width":864,"height":380,"url":"https:\/\/www.caudete.org\/ayuntamiento\/wp-content\/uploads\/2022\/04\/Conferencia-Benjamin-Palencia-WEB.jpg","type":"image\/jpeg"}],"author":"Juan","twitter_card":"summary_large_image","twitter_misc":{"Escrito por":"Juan","Tiempo de lectura":"2 minutos"},"schema":{"@context":"https:\/\/schema.org","@graph":[{"@type":"Article","@id":"https:\/\/www.caudete.org\/ayuntamiento\/conferencia-benjamin-palencia-el-pintor-que-tocaba-con-los-ojos-por-diego-gomez-sanchez-doctor-en-bellas-artes\/#article","isPartOf":{"@id":"https:\/\/www.caudete.org\/ayuntamiento\/conferencia-benjamin-palencia-el-pintor-que-tocaba-con-los-ojos-por-diego-gomez-sanchez-doctor-en-bellas-artes\/"},"author":{"name":"Juan","@id":"https:\/\/www.caudete.org\/ayuntamiento\/#\/schema\/person\/7656a5bb58fca95b9814e940de0fda63"},"headline":"Conferencia \u201cBENJAM\u00cdN PALENCIA, EL PINTOR QUE TOCABA CON LOS OJOS\u201d por Diego G\u00f3mez S\u00e1nchez, doctor en Bellas Artes","datePublished":"2022-04-20T17:31:41+00:00","dateModified":"2022-04-20T17:32:07+00:00","mainEntityOfPage":{"@id":"https:\/\/www.caudete.org\/ayuntamiento\/conferencia-benjamin-palencia-el-pintor-que-tocaba-con-los-ojos-por-diego-gomez-sanchez-doctor-en-bellas-artes\/"},"wordCount":278,"image":{"@id":"https:\/\/www.caudete.org\/ayuntamiento\/conferencia-benjamin-palencia-el-pintor-que-tocaba-con-los-ojos-por-diego-gomez-sanchez-doctor-en-bellas-artes\/#primaryimage"},"thumbnailUrl":"https:\/\/www.caudete.org\/ayuntamiento\/wp-content\/uploads\/2022\/04\/Conferencia-Benjamin-Palencia-WEB.jpg","articleSection":["Cultura"],"inLanguage":"es"},{"@type":"WebPage","@id":"https:\/\/www.caudete.org\/ayuntamiento\/conferencia-benjamin-palencia-el-pintor-que-tocaba-con-los-ojos-por-diego-gomez-sanchez-doctor-en-bellas-artes\/","url":"https:\/\/www.caudete.org\/ayuntamiento\/conferencia-benjamin-palencia-el-pintor-que-tocaba-con-los-ojos-por-diego-gomez-sanchez-doctor-en-bellas-artes\/","name":"Conferencia \u201cBENJAM\u00cdN PALENCIA, EL PINTOR QUE TOCABA CON LOS OJOS\u201d por Diego G\u00f3mez S\u00e1nchez, doctor en Bellas Artes - MI Ayuntamiento de Caudete","isPartOf":{"@id":"https:\/\/www.caudete.org\/ayuntamiento\/#website"},"primaryImageOfPage":{"@id":"https:\/\/www.caudete.org\/ayuntamiento\/conferencia-benjamin-palencia-el-pintor-que-tocaba-con-los-ojos-por-diego-gomez-sanchez-doctor-en-bellas-artes\/#primaryimage"},"image":{"@id":"https:\/\/www.caudete.org\/ayuntamiento\/conferencia-benjamin-palencia-el-pintor-que-tocaba-con-los-ojos-por-diego-gomez-sanchez-doctor-en-bellas-artes\/#primaryimage"},"thumbnailUrl":"https:\/\/www.caudete.org\/ayuntamiento\/wp-content\/uploads\/2022\/04\/Conferencia-Benjamin-Palencia-WEB.jpg","datePublished":"2022-04-20T17:31:41+00:00","dateModified":"2022-04-20T17:32:07+00:00","author":{"@id":"https:\/\/www.caudete.org\/ayuntamiento\/#\/schema\/person\/7656a5bb58fca95b9814e940de0fda63"},"description":"P\u00e1gina Oficial del Ayuntamiento de Caudete (Albacete)","breadcrumb":{"@id":"https:\/\/www.caudete.org\/ayuntamiento\/conferencia-benjamin-palencia-el-pintor-que-tocaba-con-los-ojos-por-diego-gomez-sanchez-doctor-en-bellas-artes\/#breadcrumb"},"inLanguage":"es","potentialAction":[{"@type":"ReadAction","target":["https:\/\/www.caudete.org\/ayuntamiento\/conferencia-benjamin-palencia-el-pintor-que-tocaba-con-los-ojos-por-diego-gomez-sanchez-doctor-en-bellas-artes\/"]}]},{"@type":"ImageObject","inLanguage":"es","@id":"https:\/\/www.caudete.org\/ayuntamiento\/conferencia-benjamin-palencia-el-pintor-que-tocaba-con-los-ojos-por-diego-gomez-sanchez-doctor-en-bellas-artes\/#primaryimage","url":"https:\/\/www.caudete.org\/ayuntamiento\/wp-content\/uploads\/2022\/04\/Conferencia-Benjamin-Palencia-WEB.jpg","contentUrl":"https:\/\/www.caudete.org\/ayuntamiento\/wp-content\/uploads\/2022\/04\/Conferencia-Benjamin-Palencia-WEB.jpg","width":864,"height":380},{"@type":"BreadcrumbList","@id":"https:\/\/www.caudete.org\/ayuntamiento\/conferencia-benjamin-palencia-el-pintor-que-tocaba-con-los-ojos-por-diego-gomez-sanchez-doctor-en-bellas-artes\/#breadcrumb","itemListElement":[{"@type":"ListItem","position":1,"name":"Inicio","item":"https:\/\/www.caudete.org\/ayuntamiento\/"},{"@type":"ListItem","position":2,"name":"Conferencia \u201cBENJAM\u00cdN PALENCIA, EL PINTOR QUE TOCABA CON LOS OJOS\u201d por Diego G\u00f3mez S\u00e1nchez, doctor en Bellas Artes"}]},{"@type":"WebSite","@id":"https:\/\/www.caudete.org\/ayuntamiento\/#website","url":"https:\/\/www.caudete.org\/ayuntamiento\/","name":"MI Ayuntamiento de Caudete","description":"P\u00e1gina Oficial del MI Ayuntamiento de Caudete","potentialAction":[{"@type":"SearchAction","target":{"@type":"EntryPoint","urlTemplate":"https:\/\/www.caudete.org\/ayuntamiento\/?s={search_term_string}"},"query-input":{"@type":"PropertyValueSpecification","valueRequired":true,"valueName":"search_term_string"}}],"inLanguage":"es"},{"@type":"Person","@id":"https:\/\/www.caudete.org\/ayuntamiento\/#\/schema\/person\/7656a5bb58fca95b9814e940de0fda63","name":"Juan","image":{"@type":"ImageObject","inLanguage":"es","@id":"https:\/\/secure.gravatar.com\/avatar\/dd53e51c0cd6ab23f52d4f3e4f1c59730240727763de3dbbf26750b079a2c292?s=96&d=mm&r=g","url":"https:\/\/secure.gravatar.com\/avatar\/dd53e51c0cd6ab23f52d4f3e4f1c59730240727763de3dbbf26750b079a2c292?s=96&d=mm&r=g","contentUrl":"https:\/\/secure.gravatar.com\/avatar\/dd53e51c0cd6ab23f52d4f3e4f1c59730240727763de3dbbf26750b079a2c292?s=96&d=mm&r=g","caption":"Juan"},"url":"https:\/\/www.caudete.org\/ayuntamiento\/author\/centrodeinternet\/"}]}},"_links":{"self":[{"href":"https:\/\/www.caudete.org\/ayuntamiento\/wp-json\/wp\/v2\/posts\/18832","targetHints":{"allow":["GET"]}}],"collection":[{"href":"https:\/\/www.caudete.org\/ayuntamiento\/wp-json\/wp\/v2\/posts"}],"about":[{"href":"https:\/\/www.caudete.org\/ayuntamiento\/wp-json\/wp\/v2\/types\/post"}],"author":[{"embeddable":true,"href":"https:\/\/www.caudete.org\/ayuntamiento\/wp-json\/wp\/v2\/users\/2"}],"replies":[{"embeddable":true,"href":"https:\/\/www.caudete.org\/ayuntamiento\/wp-json\/wp\/v2\/comments?post=18832"}],"version-history":[{"count":1,"href":"https:\/\/www.caudete.org\/ayuntamiento\/wp-json\/wp\/v2\/posts\/18832\/revisions"}],"predecessor-version":[{"id":18833,"href":"https:\/\/www.caudete.org\/ayuntamiento\/wp-json\/wp\/v2\/posts\/18832\/revisions\/18833"}],"wp:featuredmedia":[{"embeddable":true,"href":"https:\/\/www.caudete.org\/ayuntamiento\/wp-json\/wp\/v2\/media\/18834"}],"wp:attachment":[{"href":"https:\/\/www.caudete.org\/ayuntamiento\/wp-json\/wp\/v2\/media?parent=18832"}],"wp:term":[{"taxonomy":"category","embeddable":true,"href":"https:\/\/www.caudete.org\/ayuntamiento\/wp-json\/wp\/v2\/categories?post=18832"},{"taxonomy":"post_tag","embeddable":true,"href":"https:\/\/www.caudete.org\/ayuntamiento\/wp-json\/wp\/v2\/tags?post=18832"}],"curies":[{"name":"wp","href":"https:\/\/api.w.org\/{rel}","templated":true}]}}