{"id":18837,"date":"2022-04-21T11:23:32","date_gmt":"2022-04-21T09:23:32","guid":{"rendered":"https:\/\/www.caudete.org\/ayuntamiento\/?p=18837"},"modified":"2022-04-21T11:33:31","modified_gmt":"2022-04-21T09:33:31","slug":"gala-de-entrega-de-premios-del-25-aniversario-del-certamen-literario-evaristo-banon","status":"publish","type":"post","link":"https:\/\/www.caudete.org\/ayuntamiento\/gala-de-entrega-de-premios-del-25-aniversario-del-certamen-literario-evaristo-banon\/","title":{"rendered":"Gala de entrega de premios del 25 Aniversario del Certamen literario \u201cEVARISTO BA\u00d1\u00d3N\u201d, este viernes a las 19:00 horas."},"content":{"rendered":"<p>Un gran espect\u00e1culo para una gran gala literaria, concierto tres al azahar de la compa\u00f1\u00eda Veleta Roja<\/p>\n<p>Este a\u00f1o 2022 estamos de enhorabuena, y es que el Certamen Literario Evaristo Ba\u00f1\u00f3n cumple nada m\u00e1s y nada menos que 25 ediciones.<\/p>\n<p>Un aniversario con el que celebramos esta actividad cultural en la que desde la Concejal\u00eda de Cultura del Ayuntamiento de Caudete apoyamos la creaci\u00f3n literaria en nuestro municipio.<\/p>\n<p>Se trata del Certamen Literario local m\u00e1s importante y m\u00e1s longevo de Caudete, donde tienen cabida todas las manifestaciones literarias y que est\u00e1 abierto a todas las edades. Toma el nombre de este poeta caudetano, Evaristo Ba\u00f1\u00f3n nacido en 1924 y fallecido en 1992.<\/p>\n<p>Durante todo este mes de abril, para acompa\u00f1ar a la celebraci\u00f3n del D\u00eda del Libro a trav\u00e9s de nuestras redes sociales, hemos publicado fotos, carteles y notas de prensa de lo que ha sido este certamen desde el a\u00f1o 1997 hasta nuestros d\u00edas.<\/p>\n<p>Son miles los caudetanos los que han participado en esta convocatoria, que tiene como objetivo fomentar la creaci\u00f3n literaria y desarrollar una actividad de animaci\u00f3n a la lectura y escritura.<\/p>\n<p>Este viernes a las 19:00 horas en el Auditorio Municipal de la Casa de Cultura de Caudete, tendr\u00e1 lugar el acto de entrega de premios del XXV Certamen Literario Evaristo Ba\u00f1\u00f3n 2022.\u00a0 Este certamen se organiza desde la Biblioteca P\u00fablica Municipal \u201cAna Mar\u00eda Matute\u201d y cuenta con la colaboraci\u00f3n de los centros educativos, AMPAS, adem\u00e1s de las concejal\u00edas de Educaci\u00f3n y Juventud.<\/p>\n<p>Posteriormente tendr\u00e1 lugar un Concierto &#8220;Tres al azar&#8221; de la Compa\u00f1ia Veleta Roja<\/p>\n<p>Se trata una nueva propuesta esc\u00e9nica que nace bajo la filosof\u00eda art\u00edstica de &#8220;Sonidos que cuentan&#8221;. Narraci\u00f3n oral, m\u00fasica y poes\u00eda se integran en un espect\u00e1culo que nace y se sostiene en el arte la improvisaci\u00f3n. Los nominados al LatinGrammy\u00a9 Aldo M\u00e9ndez, Carlos Cano y Hern\u00e1n Milla proponen un juego po\u00e9tico y sonoro de 60 minutos en una atm\u00f3sfera \u00edntima que apela a la necesidad de crear espacios de comunicaci\u00f3n afectiva a trav\u00e9s del arte y que convierte al p\u00fablico en parte activa del proceso l\u00fadico y creativo. Una experiencia que consolida un nuevo modo de contar, escuchar y compartir los cuentos: verdadero, cercano, \u00fanico, entra\u00f1able. La palabra hace realidad los imposibles, dibuja y edifica mundos y caminos. La m\u00fasica pone vuelos a la voz, la eleva, la sublima. Cuando se unen armoniosamente m\u00fasica y palabras, la magia se hace certeza.<\/p>\n<p>Antes del espect\u00e1culo se har\u00e1n entrega de los diplomas y vales a los premiados en las diferentes categor\u00edas, en las escolares y en la categor\u00eda especial.<\/p>\n<p>Las entradas con invitaci\u00f3n a recoger en la Biblioteca P\u00fablica Municipal Ana Mar\u00eda Matute y como siempre, animamos a todos aquellos que hayan participado en el Certamen Literario Evaristo Ba\u00f1\u00f3n a asistir a esta entrega de premios y al posterior espect\u00e1culo.<\/p>\n<p><a href=\"https:\/\/www.caudete.org\/ayuntamiento\/wp-content\/uploads\/2022\/04\/Veleta-roja.jpg\" rel='prettyPhoto'><img fetchpriority=\"high\" decoding=\"async\" class=\"aligncenter wp-image-18839 \" src=\"https:\/\/www.caudete.org\/ayuntamiento\/wp-content\/uploads\/2022\/04\/Veleta-roja-212x300.jpg\" alt=\"\" width=\"441\" height=\"623\" srcset=\"https:\/\/www.caudete.org\/ayuntamiento\/wp-content\/uploads\/2022\/04\/Veleta-roja-212x300.jpg 212w, https:\/\/www.caudete.org\/ayuntamiento\/wp-content\/uploads\/2022\/04\/Veleta-roja-724x1024.jpg 724w, https:\/\/www.caudete.org\/ayuntamiento\/wp-content\/uploads\/2022\/04\/Veleta-roja-768x1086.jpg 768w, https:\/\/www.caudete.org\/ayuntamiento\/wp-content\/uploads\/2022\/04\/Veleta-roja-1086x1536.jpg 1086w, https:\/\/www.caudete.org\/ayuntamiento\/wp-content\/uploads\/2022\/04\/Veleta-roja-1448x2048.jpg 1448w, https:\/\/www.caudete.org\/ayuntamiento\/wp-content\/uploads\/2022\/04\/Veleta-roja.jpg 1587w\" sizes=\"(max-width: 441px) 100vw, 441px\" \/><\/a><\/p>\n<p>&nbsp;<\/p>\n<p>&nbsp;<\/p>\n","protected":false},"excerpt":{"rendered":"<p>Un gran espect\u00e1culo para una gran gala literaria, concierto tres al azahar de la compa\u00f1\u00eda Veleta Roja Este a\u00f1o 2022 estamos de enhorabuena, y es que el Certamen Literario Evaristo Ba\u00f1\u00f3n cumple nada m\u00e1s y nada menos que 25 ediciones. Un aniversario con el que celebramos esta actividad cultural en la que desde la Concejal\u00eda &hellip;<\/p>\n","protected":false},"author":2,"featured_media":18836,"comment_status":"closed","ping_status":"open","sticky":false,"template":"","format":"standard","meta":{"ngg_post_thumbnail":0,"footnotes":""},"categories":[14],"tags":[773,774],"class_list":["post-18837","post","type-post","status-publish","format-standard","has-post-thumbnail","hentry","category-cultura","tag-certamen-literario","tag-evaristo-banon"],"yoast_head":"<!-- This site is optimized with the Yoast SEO plugin v27.5 - https:\/\/yoast.com\/product\/yoast-seo-wordpress\/ -->\n<title>Gala de entrega de premios del 25 Aniversario del Certamen literario \u201cEVARISTO BA\u00d1\u00d3N\u201d, este viernes a las 19:00 horas. - MI Ayuntamiento de Caudete<\/title>\n<meta name=\"description\" content=\"P\u00e1gina Oficial del Ayuntamiento de Caudete (Albacete)\" \/>\n<meta name=\"robots\" content=\"index, follow, max-snippet:-1, max-image-preview:large, max-video-preview:-1\" \/>\n<link rel=\"canonical\" href=\"https:\/\/www.caudete.org\/ayuntamiento\/gala-de-entrega-de-premios-del-25-aniversario-del-certamen-literario-evaristo-banon\/\" \/>\n<meta property=\"og:locale\" content=\"es_ES\" \/>\n<meta property=\"og:type\" content=\"article\" \/>\n<meta property=\"og:title\" content=\"Gala de entrega de premios del 25 Aniversario del Certamen literario \u201cEVARISTO BA\u00d1\u00d3N\u201d, este viernes a las 19:00 horas. - MI Ayuntamiento de Caudete\" \/>\n<meta property=\"og:description\" content=\"P\u00e1gina Oficial del Ayuntamiento de Caudete (Albacete)\" \/>\n<meta property=\"og:url\" content=\"https:\/\/www.caudete.org\/ayuntamiento\/gala-de-entrega-de-premios-del-25-aniversario-del-certamen-literario-evaristo-banon\/\" \/>\n<meta property=\"og:site_name\" content=\"MI Ayuntamiento de Caudete\" \/>\n<meta property=\"article:publisher\" content=\"https:\/\/www.facebook.com\/ayuntamientocaudete\/\" \/>\n<meta property=\"article:published_time\" content=\"2022-04-21T09:23:32+00:00\" \/>\n<meta property=\"article:modified_time\" content=\"2022-04-21T09:33:31+00:00\" \/>\n<meta property=\"og:image\" content=\"https:\/\/www.caudete.org\/ayuntamiento\/wp-content\/uploads\/2022\/04\/Entrega-Premios-Evaristo-Banon-WEB.jpg\" \/>\n\t<meta property=\"og:image:width\" content=\"864\" \/>\n\t<meta property=\"og:image:height\" content=\"380\" \/>\n\t<meta property=\"og:image:type\" content=\"image\/jpeg\" \/>\n<meta name=\"author\" content=\"Juan\" \/>\n<meta name=\"twitter:card\" content=\"summary_large_image\" \/>\n<meta name=\"twitter:label1\" content=\"Escrito por\" \/>\n\t<meta name=\"twitter:data1\" content=\"Juan\" \/>\n\t<meta name=\"twitter:label2\" content=\"Tiempo de lectura\" \/>\n\t<meta name=\"twitter:data2\" content=\"3 minutos\" \/>\n<script type=\"application\/ld+json\" class=\"yoast-schema-graph\">{\"@context\":\"https:\\\/\\\/schema.org\",\"@graph\":[{\"@type\":\"Article\",\"@id\":\"https:\\\/\\\/www.caudete.org\\\/ayuntamiento\\\/gala-de-entrega-de-premios-del-25-aniversario-del-certamen-literario-evaristo-banon\\\/#article\",\"isPartOf\":{\"@id\":\"https:\\\/\\\/www.caudete.org\\\/ayuntamiento\\\/gala-de-entrega-de-premios-del-25-aniversario-del-certamen-literario-evaristo-banon\\\/\"},\"author\":{\"name\":\"Juan\",\"@id\":\"https:\\\/\\\/www.caudete.org\\\/ayuntamiento\\\/#\\\/schema\\\/person\\\/7656a5bb58fca95b9814e940de0fda63\"},\"headline\":\"Gala de entrega de premios del 25 Aniversario del Certamen literario \u201cEVARISTO BA\u00d1\u00d3N\u201d, este viernes a las 19:00 horas.\",\"datePublished\":\"2022-04-21T09:23:32+00:00\",\"dateModified\":\"2022-04-21T09:33:31+00:00\",\"mainEntityOfPage\":{\"@id\":\"https:\\\/\\\/www.caudete.org\\\/ayuntamiento\\\/gala-de-entrega-de-premios-del-25-aniversario-del-certamen-literario-evaristo-banon\\\/\"},\"wordCount\":534,\"image\":{\"@id\":\"https:\\\/\\\/www.caudete.org\\\/ayuntamiento\\\/gala-de-entrega-de-premios-del-25-aniversario-del-certamen-literario-evaristo-banon\\\/#primaryimage\"},\"thumbnailUrl\":\"https:\\\/\\\/www.caudete.org\\\/ayuntamiento\\\/wp-content\\\/uploads\\\/2022\\\/04\\\/Entrega-Premios-Evaristo-Banon-WEB.jpg\",\"keywords\":[\"Certamen literario\",\"Evaristo Ba\u00f1\u00f3n\"],\"articleSection\":[\"Cultura\"],\"inLanguage\":\"es\"},{\"@type\":\"WebPage\",\"@id\":\"https:\\\/\\\/www.caudete.org\\\/ayuntamiento\\\/gala-de-entrega-de-premios-del-25-aniversario-del-certamen-literario-evaristo-banon\\\/\",\"url\":\"https:\\\/\\\/www.caudete.org\\\/ayuntamiento\\\/gala-de-entrega-de-premios-del-25-aniversario-del-certamen-literario-evaristo-banon\\\/\",\"name\":\"Gala de entrega de premios del 25 Aniversario del Certamen literario \u201cEVARISTO BA\u00d1\u00d3N\u201d, este viernes a las 19:00 horas. - MI Ayuntamiento de Caudete\",\"isPartOf\":{\"@id\":\"https:\\\/\\\/www.caudete.org\\\/ayuntamiento\\\/#website\"},\"primaryImageOfPage\":{\"@id\":\"https:\\\/\\\/www.caudete.org\\\/ayuntamiento\\\/gala-de-entrega-de-premios-del-25-aniversario-del-certamen-literario-evaristo-banon\\\/#primaryimage\"},\"image\":{\"@id\":\"https:\\\/\\\/www.caudete.org\\\/ayuntamiento\\\/gala-de-entrega-de-premios-del-25-aniversario-del-certamen-literario-evaristo-banon\\\/#primaryimage\"},\"thumbnailUrl\":\"https:\\\/\\\/www.caudete.org\\\/ayuntamiento\\\/wp-content\\\/uploads\\\/2022\\\/04\\\/Entrega-Premios-Evaristo-Banon-WEB.jpg\",\"datePublished\":\"2022-04-21T09:23:32+00:00\",\"dateModified\":\"2022-04-21T09:33:31+00:00\",\"author\":{\"@id\":\"https:\\\/\\\/www.caudete.org\\\/ayuntamiento\\\/#\\\/schema\\\/person\\\/7656a5bb58fca95b9814e940de0fda63\"},\"description\":\"P\u00e1gina Oficial del Ayuntamiento de Caudete (Albacete)\",\"breadcrumb\":{\"@id\":\"https:\\\/\\\/www.caudete.org\\\/ayuntamiento\\\/gala-de-entrega-de-premios-del-25-aniversario-del-certamen-literario-evaristo-banon\\\/#breadcrumb\"},\"inLanguage\":\"es\",\"potentialAction\":[{\"@type\":\"ReadAction\",\"target\":[\"https:\\\/\\\/www.caudete.org\\\/ayuntamiento\\\/gala-de-entrega-de-premios-del-25-aniversario-del-certamen-literario-evaristo-banon\\\/\"]}]},{\"@type\":\"ImageObject\",\"inLanguage\":\"es\",\"@id\":\"https:\\\/\\\/www.caudete.org\\\/ayuntamiento\\\/gala-de-entrega-de-premios-del-25-aniversario-del-certamen-literario-evaristo-banon\\\/#primaryimage\",\"url\":\"https:\\\/\\\/www.caudete.org\\\/ayuntamiento\\\/wp-content\\\/uploads\\\/2022\\\/04\\\/Entrega-Premios-Evaristo-Banon-WEB.jpg\",\"contentUrl\":\"https:\\\/\\\/www.caudete.org\\\/ayuntamiento\\\/wp-content\\\/uploads\\\/2022\\\/04\\\/Entrega-Premios-Evaristo-Banon-WEB.jpg\",\"width\":864,\"height\":380},{\"@type\":\"BreadcrumbList\",\"@id\":\"https:\\\/\\\/www.caudete.org\\\/ayuntamiento\\\/gala-de-entrega-de-premios-del-25-aniversario-del-certamen-literario-evaristo-banon\\\/#breadcrumb\",\"itemListElement\":[{\"@type\":\"ListItem\",\"position\":1,\"name\":\"Inicio\",\"item\":\"https:\\\/\\\/www.caudete.org\\\/ayuntamiento\\\/\"},{\"@type\":\"ListItem\",\"position\":2,\"name\":\"Gala de entrega de premios del 25 Aniversario del Certamen literario \u201cEVARISTO BA\u00d1\u00d3N\u201d, este viernes a las 19:00 horas.\"}]},{\"@type\":\"WebSite\",\"@id\":\"https:\\\/\\\/www.caudete.org\\\/ayuntamiento\\\/#website\",\"url\":\"https:\\\/\\\/www.caudete.org\\\/ayuntamiento\\\/\",\"name\":\"MI Ayuntamiento de Caudete\",\"description\":\"P\u00e1gina Oficial del MI Ayuntamiento de Caudete\",\"potentialAction\":[{\"@type\":\"SearchAction\",\"target\":{\"@type\":\"EntryPoint\",\"urlTemplate\":\"https:\\\/\\\/www.caudete.org\\\/ayuntamiento\\\/?s={search_term_string}\"},\"query-input\":{\"@type\":\"PropertyValueSpecification\",\"valueRequired\":true,\"valueName\":\"search_term_string\"}}],\"inLanguage\":\"es\"},{\"@type\":\"Person\",\"@id\":\"https:\\\/\\\/www.caudete.org\\\/ayuntamiento\\\/#\\\/schema\\\/person\\\/7656a5bb58fca95b9814e940de0fda63\",\"name\":\"Juan\",\"image\":{\"@type\":\"ImageObject\",\"inLanguage\":\"es\",\"@id\":\"https:\\\/\\\/secure.gravatar.com\\\/avatar\\\/dd53e51c0cd6ab23f52d4f3e4f1c59730240727763de3dbbf26750b079a2c292?s=96&d=mm&r=g\",\"url\":\"https:\\\/\\\/secure.gravatar.com\\\/avatar\\\/dd53e51c0cd6ab23f52d4f3e4f1c59730240727763de3dbbf26750b079a2c292?s=96&d=mm&r=g\",\"contentUrl\":\"https:\\\/\\\/secure.gravatar.com\\\/avatar\\\/dd53e51c0cd6ab23f52d4f3e4f1c59730240727763de3dbbf26750b079a2c292?s=96&d=mm&r=g\",\"caption\":\"Juan\"},\"url\":\"https:\\\/\\\/www.caudete.org\\\/ayuntamiento\\\/author\\\/centrodeinternet\\\/\"}]}<\/script>\n<!-- \/ Yoast SEO plugin. -->","yoast_head_json":{"title":"Gala de entrega de premios del 25 Aniversario del Certamen literario \u201cEVARISTO BA\u00d1\u00d3N\u201d, este viernes a las 19:00 horas. - MI Ayuntamiento de Caudete","description":"P\u00e1gina Oficial del Ayuntamiento de Caudete (Albacete)","robots":{"index":"index","follow":"follow","max-snippet":"max-snippet:-1","max-image-preview":"max-image-preview:large","max-video-preview":"max-video-preview:-1"},"canonical":"https:\/\/www.caudete.org\/ayuntamiento\/gala-de-entrega-de-premios-del-25-aniversario-del-certamen-literario-evaristo-banon\/","og_locale":"es_ES","og_type":"article","og_title":"Gala de entrega de premios del 25 Aniversario del Certamen literario \u201cEVARISTO BA\u00d1\u00d3N\u201d, este viernes a las 19:00 horas. - MI Ayuntamiento de Caudete","og_description":"P\u00e1gina Oficial del Ayuntamiento de Caudete (Albacete)","og_url":"https:\/\/www.caudete.org\/ayuntamiento\/gala-de-entrega-de-premios-del-25-aniversario-del-certamen-literario-evaristo-banon\/","og_site_name":"MI Ayuntamiento de Caudete","article_publisher":"https:\/\/www.facebook.com\/ayuntamientocaudete\/","article_published_time":"2022-04-21T09:23:32+00:00","article_modified_time":"2022-04-21T09:33:31+00:00","og_image":[{"width":864,"height":380,"url":"https:\/\/www.caudete.org\/ayuntamiento\/wp-content\/uploads\/2022\/04\/Entrega-Premios-Evaristo-Banon-WEB.jpg","type":"image\/jpeg"}],"author":"Juan","twitter_card":"summary_large_image","twitter_misc":{"Escrito por":"Juan","Tiempo de lectura":"3 minutos"},"schema":{"@context":"https:\/\/schema.org","@graph":[{"@type":"Article","@id":"https:\/\/www.caudete.org\/ayuntamiento\/gala-de-entrega-de-premios-del-25-aniversario-del-certamen-literario-evaristo-banon\/#article","isPartOf":{"@id":"https:\/\/www.caudete.org\/ayuntamiento\/gala-de-entrega-de-premios-del-25-aniversario-del-certamen-literario-evaristo-banon\/"},"author":{"name":"Juan","@id":"https:\/\/www.caudete.org\/ayuntamiento\/#\/schema\/person\/7656a5bb58fca95b9814e940de0fda63"},"headline":"Gala de entrega de premios del 25 Aniversario del Certamen literario \u201cEVARISTO BA\u00d1\u00d3N\u201d, este viernes a las 19:00 horas.","datePublished":"2022-04-21T09:23:32+00:00","dateModified":"2022-04-21T09:33:31+00:00","mainEntityOfPage":{"@id":"https:\/\/www.caudete.org\/ayuntamiento\/gala-de-entrega-de-premios-del-25-aniversario-del-certamen-literario-evaristo-banon\/"},"wordCount":534,"image":{"@id":"https:\/\/www.caudete.org\/ayuntamiento\/gala-de-entrega-de-premios-del-25-aniversario-del-certamen-literario-evaristo-banon\/#primaryimage"},"thumbnailUrl":"https:\/\/www.caudete.org\/ayuntamiento\/wp-content\/uploads\/2022\/04\/Entrega-Premios-Evaristo-Banon-WEB.jpg","keywords":["Certamen literario","Evaristo Ba\u00f1\u00f3n"],"articleSection":["Cultura"],"inLanguage":"es"},{"@type":"WebPage","@id":"https:\/\/www.caudete.org\/ayuntamiento\/gala-de-entrega-de-premios-del-25-aniversario-del-certamen-literario-evaristo-banon\/","url":"https:\/\/www.caudete.org\/ayuntamiento\/gala-de-entrega-de-premios-del-25-aniversario-del-certamen-literario-evaristo-banon\/","name":"Gala de entrega de premios del 25 Aniversario del Certamen literario \u201cEVARISTO BA\u00d1\u00d3N\u201d, este viernes a las 19:00 horas. - MI Ayuntamiento de Caudete","isPartOf":{"@id":"https:\/\/www.caudete.org\/ayuntamiento\/#website"},"primaryImageOfPage":{"@id":"https:\/\/www.caudete.org\/ayuntamiento\/gala-de-entrega-de-premios-del-25-aniversario-del-certamen-literario-evaristo-banon\/#primaryimage"},"image":{"@id":"https:\/\/www.caudete.org\/ayuntamiento\/gala-de-entrega-de-premios-del-25-aniversario-del-certamen-literario-evaristo-banon\/#primaryimage"},"thumbnailUrl":"https:\/\/www.caudete.org\/ayuntamiento\/wp-content\/uploads\/2022\/04\/Entrega-Premios-Evaristo-Banon-WEB.jpg","datePublished":"2022-04-21T09:23:32+00:00","dateModified":"2022-04-21T09:33:31+00:00","author":{"@id":"https:\/\/www.caudete.org\/ayuntamiento\/#\/schema\/person\/7656a5bb58fca95b9814e940de0fda63"},"description":"P\u00e1gina Oficial del Ayuntamiento de Caudete (Albacete)","breadcrumb":{"@id":"https:\/\/www.caudete.org\/ayuntamiento\/gala-de-entrega-de-premios-del-25-aniversario-del-certamen-literario-evaristo-banon\/#breadcrumb"},"inLanguage":"es","potentialAction":[{"@type":"ReadAction","target":["https:\/\/www.caudete.org\/ayuntamiento\/gala-de-entrega-de-premios-del-25-aniversario-del-certamen-literario-evaristo-banon\/"]}]},{"@type":"ImageObject","inLanguage":"es","@id":"https:\/\/www.caudete.org\/ayuntamiento\/gala-de-entrega-de-premios-del-25-aniversario-del-certamen-literario-evaristo-banon\/#primaryimage","url":"https:\/\/www.caudete.org\/ayuntamiento\/wp-content\/uploads\/2022\/04\/Entrega-Premios-Evaristo-Banon-WEB.jpg","contentUrl":"https:\/\/www.caudete.org\/ayuntamiento\/wp-content\/uploads\/2022\/04\/Entrega-Premios-Evaristo-Banon-WEB.jpg","width":864,"height":380},{"@type":"BreadcrumbList","@id":"https:\/\/www.caudete.org\/ayuntamiento\/gala-de-entrega-de-premios-del-25-aniversario-del-certamen-literario-evaristo-banon\/#breadcrumb","itemListElement":[{"@type":"ListItem","position":1,"name":"Inicio","item":"https:\/\/www.caudete.org\/ayuntamiento\/"},{"@type":"ListItem","position":2,"name":"Gala de entrega de premios del 25 Aniversario del Certamen literario \u201cEVARISTO BA\u00d1\u00d3N\u201d, este viernes a las 19:00 horas."}]},{"@type":"WebSite","@id":"https:\/\/www.caudete.org\/ayuntamiento\/#website","url":"https:\/\/www.caudete.org\/ayuntamiento\/","name":"MI Ayuntamiento de Caudete","description":"P\u00e1gina Oficial del MI Ayuntamiento de Caudete","potentialAction":[{"@type":"SearchAction","target":{"@type":"EntryPoint","urlTemplate":"https:\/\/www.caudete.org\/ayuntamiento\/?s={search_term_string}"},"query-input":{"@type":"PropertyValueSpecification","valueRequired":true,"valueName":"search_term_string"}}],"inLanguage":"es"},{"@type":"Person","@id":"https:\/\/www.caudete.org\/ayuntamiento\/#\/schema\/person\/7656a5bb58fca95b9814e940de0fda63","name":"Juan","image":{"@type":"ImageObject","inLanguage":"es","@id":"https:\/\/secure.gravatar.com\/avatar\/dd53e51c0cd6ab23f52d4f3e4f1c59730240727763de3dbbf26750b079a2c292?s=96&d=mm&r=g","url":"https:\/\/secure.gravatar.com\/avatar\/dd53e51c0cd6ab23f52d4f3e4f1c59730240727763de3dbbf26750b079a2c292?s=96&d=mm&r=g","contentUrl":"https:\/\/secure.gravatar.com\/avatar\/dd53e51c0cd6ab23f52d4f3e4f1c59730240727763de3dbbf26750b079a2c292?s=96&d=mm&r=g","caption":"Juan"},"url":"https:\/\/www.caudete.org\/ayuntamiento\/author\/centrodeinternet\/"}]}},"_links":{"self":[{"href":"https:\/\/www.caudete.org\/ayuntamiento\/wp-json\/wp\/v2\/posts\/18837","targetHints":{"allow":["GET"]}}],"collection":[{"href":"https:\/\/www.caudete.org\/ayuntamiento\/wp-json\/wp\/v2\/posts"}],"about":[{"href":"https:\/\/www.caudete.org\/ayuntamiento\/wp-json\/wp\/v2\/types\/post"}],"author":[{"embeddable":true,"href":"https:\/\/www.caudete.org\/ayuntamiento\/wp-json\/wp\/v2\/users\/2"}],"replies":[{"embeddable":true,"href":"https:\/\/www.caudete.org\/ayuntamiento\/wp-json\/wp\/v2\/comments?post=18837"}],"version-history":[{"count":3,"href":"https:\/\/www.caudete.org\/ayuntamiento\/wp-json\/wp\/v2\/posts\/18837\/revisions"}],"predecessor-version":[{"id":18841,"href":"https:\/\/www.caudete.org\/ayuntamiento\/wp-json\/wp\/v2\/posts\/18837\/revisions\/18841"}],"wp:featuredmedia":[{"embeddable":true,"href":"https:\/\/www.caudete.org\/ayuntamiento\/wp-json\/wp\/v2\/media\/18836"}],"wp:attachment":[{"href":"https:\/\/www.caudete.org\/ayuntamiento\/wp-json\/wp\/v2\/media?parent=18837"}],"wp:term":[{"taxonomy":"category","embeddable":true,"href":"https:\/\/www.caudete.org\/ayuntamiento\/wp-json\/wp\/v2\/categories?post=18837"},{"taxonomy":"post_tag","embeddable":true,"href":"https:\/\/www.caudete.org\/ayuntamiento\/wp-json\/wp\/v2\/tags?post=18837"}],"curies":[{"name":"wp","href":"https:\/\/api.w.org\/{rel}","templated":true}]}}