{"id":18853,"date":"2022-04-22T21:46:15","date_gmt":"2022-04-22T19:46:15","guid":{"rendered":"https:\/\/www.caudete.org\/ayuntamiento\/?p=18853"},"modified":"2022-04-22T21:46:15","modified_gmt":"2022-04-22T19:46:15","slug":"abierto-el-plazo-de-inscripcion-al-taller-de-formacion-para-empleados-publicos","status":"publish","type":"post","link":"https:\/\/www.caudete.org\/ayuntamiento\/abierto-el-plazo-de-inscripcion-al-taller-de-formacion-para-empleados-publicos\/","title":{"rendered":"ABIERTO \u00a0EL PLAZO DE INSCRIPCI\u00d3N AL TALLER DE FORMACI\u00d3N \u00a0PARA EMPLEADOS P\u00daBLICOS"},"content":{"rendered":"<p>M\u00aa del Mar Requena, concejala de Empleo y Formaci\u00f3n, \u00a0informa de que est\u00e1 abierto el plazo de inscripci\u00f3n gratuito para empleados p\u00fablicos dentro del proyecto de cooperaci\u00f3n &#8220;ACCESIBILIDAD COGNITIVA&#8221;<\/p>\n<p>Dentro del Proyecto de Cooperaci\u00f3n\u00a0 &#8221; Accesibilidad Cognitiva&#8221;\u00a0 desarrollado por los Grupos de Acci\u00f3n Local de la Provincia de Albacete y subvencionado a trav\u00e9s de la medida 19.3 del PDR de Castilla-La Mancha, se pretende llevar a cabo el un taller de formaci\u00f3n bajo el t\u00edtulo\u00a0<strong>&#8220;ACCESIBILIDAD COGNITIVA Y LECTURA F\u00c1CIL&#8221;.<\/strong><\/p>\n<p>Es un taller formativo-pr\u00e1ctico para profesionales de organismos p\u00fablicos (ayuntamientos, casas culturales, polideportivos, servicios sociales, bibliotecas\u2026),\u00a0\u00a0para saber qu\u00e9 es la accesibilidad cognitiva, la lectura f\u00e1cil y c\u00f3mo poder utilizarla en esos espacios con personas que tienen dificultades de comprensi\u00f3n.<\/p>\n<p>Tendr\u00e1 lugar en el Centro Cultural de Bonete situado en la Avenida de la Libertad, 96\u00a0 el pr\u00f3ximo\u00a027 de Mayo en horario de 9:30 a 13:30\u00a0h y podr\u00e1n patricipar trabajadores y trabajadoras de organismos p\u00fablicos.<\/p>\n<p><strong>Os animamos a participar, MAS INFORMACI\u00d3N:<\/strong><\/p>\n<p><a href=\"https:\/\/www.asprona.org\/wp-content\/uploads\/2022\/03\/Programa-web-Organismos-Publicos.pdf\" class=\"mtli_attachment mtli_pdf\" target=\"_blank\" rel=\"nofollow\">https:\/\/www.asprona.org\/wp-content\/uploads\/2022\/03\/Programa-web-Organismos-Publicos.pdf<\/a><\/p>\n<p><strong>Inscr\u00edbete AQU\u00cd:<\/strong><\/p>\n<p><a href=\"https:\/\/www.encuestafacil.com\/respweb\/cuestionarios.aspx?EID=2823926\" target=\"_blank\" rel=\"nofollow\">https:\/\/www.encuestafacil.com\/respweb\/cuestionarios.aspx?EID=2823926<\/a><\/p>\n","protected":false},"excerpt":{"rendered":"<p>M\u00aa del Mar Requena, concejala de Empleo y Formaci\u00f3n, \u00a0informa de que est\u00e1 abierto el plazo de inscripci\u00f3n gratuito para empleados p\u00fablicos dentro del proyecto de cooperaci\u00f3n &#8220;ACCESIBILIDAD COGNITIVA&#8221; Dentro del Proyecto de Cooperaci\u00f3n\u00a0 &#8221; Accesibilidad Cognitiva&#8221;\u00a0 desarrollado por los Grupos de Acci\u00f3n Local de la Provincia de Albacete y subvencionado a trav\u00e9s de la &hellip;<\/p>\n","protected":false},"author":2,"featured_media":18856,"comment_status":"closed","ping_status":"open","sticky":false,"template":"","format":"standard","meta":{"ngg_post_thumbnail":0,"footnotes":""},"categories":[90],"tags":[828],"class_list":["post-18853","post","type-post","status-publish","format-standard","has-post-thumbnail","hentry","category-tablon-informativo-desarrollo-local","tag-accesibilidad-cognitiva"],"yoast_head":"<!-- This site is optimized with the Yoast SEO plugin v27.4 - https:\/\/yoast.com\/product\/yoast-seo-wordpress\/ -->\n<title>ABIERTO \u00a0EL PLAZO DE INSCRIPCI\u00d3N AL TALLER DE FORMACI\u00d3N \u00a0PARA EMPLEADOS P\u00daBLICOS - MI Ayuntamiento de Caudete<\/title>\n<meta name=\"description\" content=\"P\u00e1gina Oficial del Ayuntamiento de Caudete (Albacete)\" \/>\n<meta name=\"robots\" content=\"index, follow, max-snippet:-1, max-image-preview:large, max-video-preview:-1\" \/>\n<link rel=\"canonical\" href=\"https:\/\/www.caudete.org\/ayuntamiento\/abierto-el-plazo-de-inscripcion-al-taller-de-formacion-para-empleados-publicos\/\" \/>\n<meta property=\"og:locale\" content=\"es_ES\" \/>\n<meta property=\"og:type\" content=\"article\" \/>\n<meta property=\"og:title\" content=\"ABIERTO \u00a0EL PLAZO DE INSCRIPCI\u00d3N AL TALLER DE FORMACI\u00d3N \u00a0PARA EMPLEADOS P\u00daBLICOS - MI Ayuntamiento de Caudete\" \/>\n<meta property=\"og:description\" content=\"P\u00e1gina Oficial del Ayuntamiento de Caudete (Albacete)\" \/>\n<meta property=\"og:url\" content=\"https:\/\/www.caudete.org\/ayuntamiento\/abierto-el-plazo-de-inscripcion-al-taller-de-formacion-para-empleados-publicos\/\" \/>\n<meta property=\"og:site_name\" content=\"MI Ayuntamiento de Caudete\" \/>\n<meta property=\"article:publisher\" content=\"https:\/\/www.facebook.com\/ayuntamientocaudete\/\" \/>\n<meta property=\"article:published_time\" content=\"2022-04-22T19:46:15+00:00\" \/>\n<meta property=\"og:image\" content=\"https:\/\/www.caudete.org\/ayuntamiento\/wp-content\/uploads\/2022\/04\/Abiero-plazo-de-inscripcion-WEB.jpg\" \/>\n\t<meta property=\"og:image:width\" content=\"864\" \/>\n\t<meta property=\"og:image:height\" content=\"380\" \/>\n\t<meta property=\"og:image:type\" content=\"image\/jpeg\" \/>\n<meta name=\"author\" content=\"Juan\" \/>\n<meta name=\"twitter:card\" content=\"summary_large_image\" \/>\n<meta name=\"twitter:label1\" content=\"Escrito por\" \/>\n\t<meta name=\"twitter:data1\" content=\"Juan\" \/>\n\t<meta name=\"twitter:label2\" content=\"Tiempo de lectura\" \/>\n\t<meta name=\"twitter:data2\" content=\"1 minuto\" \/>\n<script type=\"application\/ld+json\" class=\"yoast-schema-graph\">{\"@context\":\"https:\\\/\\\/schema.org\",\"@graph\":[{\"@type\":\"Article\",\"@id\":\"https:\\\/\\\/www.caudete.org\\\/ayuntamiento\\\/abierto-el-plazo-de-inscripcion-al-taller-de-formacion-para-empleados-publicos\\\/#article\",\"isPartOf\":{\"@id\":\"https:\\\/\\\/www.caudete.org\\\/ayuntamiento\\\/abierto-el-plazo-de-inscripcion-al-taller-de-formacion-para-empleados-publicos\\\/\"},\"author\":{\"name\":\"Juan\",\"@id\":\"https:\\\/\\\/www.caudete.org\\\/ayuntamiento\\\/#\\\/schema\\\/person\\\/7656a5bb58fca95b9814e940de0fda63\"},\"headline\":\"ABIERTO \u00a0EL PLAZO DE INSCRIPCI\u00d3N AL TALLER DE FORMACI\u00d3N \u00a0PARA EMPLEADOS P\u00daBLICOS\",\"datePublished\":\"2022-04-22T19:46:15+00:00\",\"mainEntityOfPage\":{\"@id\":\"https:\\\/\\\/www.caudete.org\\\/ayuntamiento\\\/abierto-el-plazo-de-inscripcion-al-taller-de-formacion-para-empleados-publicos\\\/\"},\"wordCount\":210,\"publisher\":{\"@id\":\"https:\\\/\\\/www.caudete.org\\\/ayuntamiento\\\/#organization\"},\"image\":{\"@id\":\"https:\\\/\\\/www.caudete.org\\\/ayuntamiento\\\/abierto-el-plazo-de-inscripcion-al-taller-de-formacion-para-empleados-publicos\\\/#primaryimage\"},\"thumbnailUrl\":\"https:\\\/\\\/www.caudete.org\\\/ayuntamiento\\\/wp-content\\\/uploads\\\/2022\\\/04\\\/Abiero-plazo-de-inscripcion-WEB.jpg\",\"keywords\":[\"Accesibilidad cognitiva\"],\"articleSection\":[\"Tabl\u00f3n informativo (Desarrollo local)\"],\"inLanguage\":\"es\"},{\"@type\":\"WebPage\",\"@id\":\"https:\\\/\\\/www.caudete.org\\\/ayuntamiento\\\/abierto-el-plazo-de-inscripcion-al-taller-de-formacion-para-empleados-publicos\\\/\",\"url\":\"https:\\\/\\\/www.caudete.org\\\/ayuntamiento\\\/abierto-el-plazo-de-inscripcion-al-taller-de-formacion-para-empleados-publicos\\\/\",\"name\":\"ABIERTO \u00a0EL PLAZO DE INSCRIPCI\u00d3N AL TALLER DE FORMACI\u00d3N \u00a0PARA EMPLEADOS P\u00daBLICOS - MI Ayuntamiento de Caudete\",\"isPartOf\":{\"@id\":\"https:\\\/\\\/www.caudete.org\\\/ayuntamiento\\\/#website\"},\"primaryImageOfPage\":{\"@id\":\"https:\\\/\\\/www.caudete.org\\\/ayuntamiento\\\/abierto-el-plazo-de-inscripcion-al-taller-de-formacion-para-empleados-publicos\\\/#primaryimage\"},\"image\":{\"@id\":\"https:\\\/\\\/www.caudete.org\\\/ayuntamiento\\\/abierto-el-plazo-de-inscripcion-al-taller-de-formacion-para-empleados-publicos\\\/#primaryimage\"},\"thumbnailUrl\":\"https:\\\/\\\/www.caudete.org\\\/ayuntamiento\\\/wp-content\\\/uploads\\\/2022\\\/04\\\/Abiero-plazo-de-inscripcion-WEB.jpg\",\"datePublished\":\"2022-04-22T19:46:15+00:00\",\"description\":\"P\u00e1gina Oficial del Ayuntamiento de Caudete (Albacete)\",\"breadcrumb\":{\"@id\":\"https:\\\/\\\/www.caudete.org\\\/ayuntamiento\\\/abierto-el-plazo-de-inscripcion-al-taller-de-formacion-para-empleados-publicos\\\/#breadcrumb\"},\"inLanguage\":\"es\",\"potentialAction\":[{\"@type\":\"ReadAction\",\"target\":[\"https:\\\/\\\/www.caudete.org\\\/ayuntamiento\\\/abierto-el-plazo-de-inscripcion-al-taller-de-formacion-para-empleados-publicos\\\/\"]}]},{\"@type\":\"ImageObject\",\"inLanguage\":\"es\",\"@id\":\"https:\\\/\\\/www.caudete.org\\\/ayuntamiento\\\/abierto-el-plazo-de-inscripcion-al-taller-de-formacion-para-empleados-publicos\\\/#primaryimage\",\"url\":\"https:\\\/\\\/www.caudete.org\\\/ayuntamiento\\\/wp-content\\\/uploads\\\/2022\\\/04\\\/Abiero-plazo-de-inscripcion-WEB.jpg\",\"contentUrl\":\"https:\\\/\\\/www.caudete.org\\\/ayuntamiento\\\/wp-content\\\/uploads\\\/2022\\\/04\\\/Abiero-plazo-de-inscripcion-WEB.jpg\",\"width\":864,\"height\":380},{\"@type\":\"BreadcrumbList\",\"@id\":\"https:\\\/\\\/www.caudete.org\\\/ayuntamiento\\\/abierto-el-plazo-de-inscripcion-al-taller-de-formacion-para-empleados-publicos\\\/#breadcrumb\",\"itemListElement\":[{\"@type\":\"ListItem\",\"position\":1,\"name\":\"Inicio\",\"item\":\"https:\\\/\\\/www.caudete.org\\\/ayuntamiento\\\/\"},{\"@type\":\"ListItem\",\"position\":2,\"name\":\"ABIERTO \u00a0EL PLAZO DE INSCRIPCI\u00d3N AL TALLER DE FORMACI\u00d3N \u00a0PARA EMPLEADOS P\u00daBLICOS\"}]},{\"@type\":\"WebSite\",\"@id\":\"https:\\\/\\\/www.caudete.org\\\/ayuntamiento\\\/#website\",\"url\":\"https:\\\/\\\/www.caudete.org\\\/ayuntamiento\\\/\",\"name\":\"MI Ayuntamiento de Caudete\",\"description\":\"P\u00e1gina Oficial del MI Ayuntamiento de Caudete\",\"publisher\":{\"@id\":\"https:\\\/\\\/www.caudete.org\\\/ayuntamiento\\\/#organization\"},\"potentialAction\":[{\"@type\":\"SearchAction\",\"target\":{\"@type\":\"EntryPoint\",\"urlTemplate\":\"https:\\\/\\\/www.caudete.org\\\/ayuntamiento\\\/?s={search_term_string}\"},\"query-input\":{\"@type\":\"PropertyValueSpecification\",\"valueRequired\":true,\"valueName\":\"search_term_string\"}}],\"inLanguage\":\"es\"},{\"@type\":\"Organization\",\"@id\":\"https:\\\/\\\/www.caudete.org\\\/ayuntamiento\\\/#organization\",\"name\":\"Ayuntamiento de Caudete\",\"url\":\"https:\\\/\\\/www.caudete.org\\\/ayuntamiento\\\/\",\"logo\":{\"@type\":\"ImageObject\",\"inLanguage\":\"es\",\"@id\":\"https:\\\/\\\/www.caudete.org\\\/ayuntamiento\\\/#\\\/schema\\\/logo\\\/image\\\/\",\"url\":\"https:\\\/\\\/www.caudete.org\\\/ayuntamiento\\\/wp-content\\\/uploads\\\/2020\\\/11\\\/logo_ayuntamiento_caudete.jpg\",\"contentUrl\":\"https:\\\/\\\/www.caudete.org\\\/ayuntamiento\\\/wp-content\\\/uploads\\\/2020\\\/11\\\/logo_ayuntamiento_caudete.jpg\",\"width\":600,\"height\":150,\"caption\":\"Ayuntamiento de Caudete\"},\"image\":{\"@id\":\"https:\\\/\\\/www.caudete.org\\\/ayuntamiento\\\/#\\\/schema\\\/logo\\\/image\\\/\"},\"sameAs\":[\"https:\\\/\\\/www.facebook.com\\\/ayuntamientocaudete\\\/\",\"https:\\\/\\\/www.youtube.com\\\/channel\\\/UC6VztHaooNsGpw-tNoBEFnQ\"]},{\"@type\":\"Person\",\"@id\":\"https:\\\/\\\/www.caudete.org\\\/ayuntamiento\\\/#\\\/schema\\\/person\\\/7656a5bb58fca95b9814e940de0fda63\",\"name\":\"Juan\",\"image\":{\"@type\":\"ImageObject\",\"inLanguage\":\"es\",\"@id\":\"https:\\\/\\\/secure.gravatar.com\\\/avatar\\\/dd53e51c0cd6ab23f52d4f3e4f1c59730240727763de3dbbf26750b079a2c292?s=96&d=mm&r=g\",\"url\":\"https:\\\/\\\/secure.gravatar.com\\\/avatar\\\/dd53e51c0cd6ab23f52d4f3e4f1c59730240727763de3dbbf26750b079a2c292?s=96&d=mm&r=g\",\"contentUrl\":\"https:\\\/\\\/secure.gravatar.com\\\/avatar\\\/dd53e51c0cd6ab23f52d4f3e4f1c59730240727763de3dbbf26750b079a2c292?s=96&d=mm&r=g\",\"caption\":\"Juan\"},\"url\":\"https:\\\/\\\/www.caudete.org\\\/ayuntamiento\\\/author\\\/centrodeinternet\\\/\"}]}<\/script>\n<!-- \/ Yoast SEO plugin. -->","yoast_head_json":{"title":"ABIERTO \u00a0EL PLAZO DE INSCRIPCI\u00d3N AL TALLER DE FORMACI\u00d3N \u00a0PARA EMPLEADOS P\u00daBLICOS - MI Ayuntamiento de Caudete","description":"P\u00e1gina Oficial del Ayuntamiento de Caudete (Albacete)","robots":{"index":"index","follow":"follow","max-snippet":"max-snippet:-1","max-image-preview":"max-image-preview:large","max-video-preview":"max-video-preview:-1"},"canonical":"https:\/\/www.caudete.org\/ayuntamiento\/abierto-el-plazo-de-inscripcion-al-taller-de-formacion-para-empleados-publicos\/","og_locale":"es_ES","og_type":"article","og_title":"ABIERTO \u00a0EL PLAZO DE INSCRIPCI\u00d3N AL TALLER DE FORMACI\u00d3N \u00a0PARA EMPLEADOS P\u00daBLICOS - MI Ayuntamiento de Caudete","og_description":"P\u00e1gina Oficial del Ayuntamiento de Caudete (Albacete)","og_url":"https:\/\/www.caudete.org\/ayuntamiento\/abierto-el-plazo-de-inscripcion-al-taller-de-formacion-para-empleados-publicos\/","og_site_name":"MI Ayuntamiento de Caudete","article_publisher":"https:\/\/www.facebook.com\/ayuntamientocaudete\/","article_published_time":"2022-04-22T19:46:15+00:00","og_image":[{"width":864,"height":380,"url":"https:\/\/www.caudete.org\/ayuntamiento\/wp-content\/uploads\/2022\/04\/Abiero-plazo-de-inscripcion-WEB.jpg","type":"image\/jpeg"}],"author":"Juan","twitter_card":"summary_large_image","twitter_misc":{"Escrito por":"Juan","Tiempo de lectura":"1 minuto"},"schema":{"@context":"https:\/\/schema.org","@graph":[{"@type":"Article","@id":"https:\/\/www.caudete.org\/ayuntamiento\/abierto-el-plazo-de-inscripcion-al-taller-de-formacion-para-empleados-publicos\/#article","isPartOf":{"@id":"https:\/\/www.caudete.org\/ayuntamiento\/abierto-el-plazo-de-inscripcion-al-taller-de-formacion-para-empleados-publicos\/"},"author":{"name":"Juan","@id":"https:\/\/www.caudete.org\/ayuntamiento\/#\/schema\/person\/7656a5bb58fca95b9814e940de0fda63"},"headline":"ABIERTO \u00a0EL PLAZO DE INSCRIPCI\u00d3N AL TALLER DE FORMACI\u00d3N \u00a0PARA EMPLEADOS P\u00daBLICOS","datePublished":"2022-04-22T19:46:15+00:00","mainEntityOfPage":{"@id":"https:\/\/www.caudete.org\/ayuntamiento\/abierto-el-plazo-de-inscripcion-al-taller-de-formacion-para-empleados-publicos\/"},"wordCount":210,"publisher":{"@id":"https:\/\/www.caudete.org\/ayuntamiento\/#organization"},"image":{"@id":"https:\/\/www.caudete.org\/ayuntamiento\/abierto-el-plazo-de-inscripcion-al-taller-de-formacion-para-empleados-publicos\/#primaryimage"},"thumbnailUrl":"https:\/\/www.caudete.org\/ayuntamiento\/wp-content\/uploads\/2022\/04\/Abiero-plazo-de-inscripcion-WEB.jpg","keywords":["Accesibilidad cognitiva"],"articleSection":["Tabl\u00f3n informativo (Desarrollo local)"],"inLanguage":"es"},{"@type":"WebPage","@id":"https:\/\/www.caudete.org\/ayuntamiento\/abierto-el-plazo-de-inscripcion-al-taller-de-formacion-para-empleados-publicos\/","url":"https:\/\/www.caudete.org\/ayuntamiento\/abierto-el-plazo-de-inscripcion-al-taller-de-formacion-para-empleados-publicos\/","name":"ABIERTO \u00a0EL PLAZO DE INSCRIPCI\u00d3N AL TALLER DE FORMACI\u00d3N \u00a0PARA EMPLEADOS P\u00daBLICOS - MI Ayuntamiento de Caudete","isPartOf":{"@id":"https:\/\/www.caudete.org\/ayuntamiento\/#website"},"primaryImageOfPage":{"@id":"https:\/\/www.caudete.org\/ayuntamiento\/abierto-el-plazo-de-inscripcion-al-taller-de-formacion-para-empleados-publicos\/#primaryimage"},"image":{"@id":"https:\/\/www.caudete.org\/ayuntamiento\/abierto-el-plazo-de-inscripcion-al-taller-de-formacion-para-empleados-publicos\/#primaryimage"},"thumbnailUrl":"https:\/\/www.caudete.org\/ayuntamiento\/wp-content\/uploads\/2022\/04\/Abiero-plazo-de-inscripcion-WEB.jpg","datePublished":"2022-04-22T19:46:15+00:00","description":"P\u00e1gina Oficial del Ayuntamiento de Caudete (Albacete)","breadcrumb":{"@id":"https:\/\/www.caudete.org\/ayuntamiento\/abierto-el-plazo-de-inscripcion-al-taller-de-formacion-para-empleados-publicos\/#breadcrumb"},"inLanguage":"es","potentialAction":[{"@type":"ReadAction","target":["https:\/\/www.caudete.org\/ayuntamiento\/abierto-el-plazo-de-inscripcion-al-taller-de-formacion-para-empleados-publicos\/"]}]},{"@type":"ImageObject","inLanguage":"es","@id":"https:\/\/www.caudete.org\/ayuntamiento\/abierto-el-plazo-de-inscripcion-al-taller-de-formacion-para-empleados-publicos\/#primaryimage","url":"https:\/\/www.caudete.org\/ayuntamiento\/wp-content\/uploads\/2022\/04\/Abiero-plazo-de-inscripcion-WEB.jpg","contentUrl":"https:\/\/www.caudete.org\/ayuntamiento\/wp-content\/uploads\/2022\/04\/Abiero-plazo-de-inscripcion-WEB.jpg","width":864,"height":380},{"@type":"BreadcrumbList","@id":"https:\/\/www.caudete.org\/ayuntamiento\/abierto-el-plazo-de-inscripcion-al-taller-de-formacion-para-empleados-publicos\/#breadcrumb","itemListElement":[{"@type":"ListItem","position":1,"name":"Inicio","item":"https:\/\/www.caudete.org\/ayuntamiento\/"},{"@type":"ListItem","position":2,"name":"ABIERTO \u00a0EL PLAZO DE INSCRIPCI\u00d3N AL TALLER DE FORMACI\u00d3N \u00a0PARA EMPLEADOS P\u00daBLICOS"}]},{"@type":"WebSite","@id":"https:\/\/www.caudete.org\/ayuntamiento\/#website","url":"https:\/\/www.caudete.org\/ayuntamiento\/","name":"MI Ayuntamiento de Caudete","description":"P\u00e1gina Oficial del MI Ayuntamiento de Caudete","publisher":{"@id":"https:\/\/www.caudete.org\/ayuntamiento\/#organization"},"potentialAction":[{"@type":"SearchAction","target":{"@type":"EntryPoint","urlTemplate":"https:\/\/www.caudete.org\/ayuntamiento\/?s={search_term_string}"},"query-input":{"@type":"PropertyValueSpecification","valueRequired":true,"valueName":"search_term_string"}}],"inLanguage":"es"},{"@type":"Organization","@id":"https:\/\/www.caudete.org\/ayuntamiento\/#organization","name":"Ayuntamiento de Caudete","url":"https:\/\/www.caudete.org\/ayuntamiento\/","logo":{"@type":"ImageObject","inLanguage":"es","@id":"https:\/\/www.caudete.org\/ayuntamiento\/#\/schema\/logo\/image\/","url":"https:\/\/www.caudete.org\/ayuntamiento\/wp-content\/uploads\/2020\/11\/logo_ayuntamiento_caudete.jpg","contentUrl":"https:\/\/www.caudete.org\/ayuntamiento\/wp-content\/uploads\/2020\/11\/logo_ayuntamiento_caudete.jpg","width":600,"height":150,"caption":"Ayuntamiento de Caudete"},"image":{"@id":"https:\/\/www.caudete.org\/ayuntamiento\/#\/schema\/logo\/image\/"},"sameAs":["https:\/\/www.facebook.com\/ayuntamientocaudete\/","https:\/\/www.youtube.com\/channel\/UC6VztHaooNsGpw-tNoBEFnQ"]},{"@type":"Person","@id":"https:\/\/www.caudete.org\/ayuntamiento\/#\/schema\/person\/7656a5bb58fca95b9814e940de0fda63","name":"Juan","image":{"@type":"ImageObject","inLanguage":"es","@id":"https:\/\/secure.gravatar.com\/avatar\/dd53e51c0cd6ab23f52d4f3e4f1c59730240727763de3dbbf26750b079a2c292?s=96&d=mm&r=g","url":"https:\/\/secure.gravatar.com\/avatar\/dd53e51c0cd6ab23f52d4f3e4f1c59730240727763de3dbbf26750b079a2c292?s=96&d=mm&r=g","contentUrl":"https:\/\/secure.gravatar.com\/avatar\/dd53e51c0cd6ab23f52d4f3e4f1c59730240727763de3dbbf26750b079a2c292?s=96&d=mm&r=g","caption":"Juan"},"url":"https:\/\/www.caudete.org\/ayuntamiento\/author\/centrodeinternet\/"}]}},"_links":{"self":[{"href":"https:\/\/www.caudete.org\/ayuntamiento\/wp-json\/wp\/v2\/posts\/18853","targetHints":{"allow":["GET"]}}],"collection":[{"href":"https:\/\/www.caudete.org\/ayuntamiento\/wp-json\/wp\/v2\/posts"}],"about":[{"href":"https:\/\/www.caudete.org\/ayuntamiento\/wp-json\/wp\/v2\/types\/post"}],"author":[{"embeddable":true,"href":"https:\/\/www.caudete.org\/ayuntamiento\/wp-json\/wp\/v2\/users\/2"}],"replies":[{"embeddable":true,"href":"https:\/\/www.caudete.org\/ayuntamiento\/wp-json\/wp\/v2\/comments?post=18853"}],"version-history":[{"count":3,"href":"https:\/\/www.caudete.org\/ayuntamiento\/wp-json\/wp\/v2\/posts\/18853\/revisions"}],"predecessor-version":[{"id":18857,"href":"https:\/\/www.caudete.org\/ayuntamiento\/wp-json\/wp\/v2\/posts\/18853\/revisions\/18857"}],"wp:featuredmedia":[{"embeddable":true,"href":"https:\/\/www.caudete.org\/ayuntamiento\/wp-json\/wp\/v2\/media\/18856"}],"wp:attachment":[{"href":"https:\/\/www.caudete.org\/ayuntamiento\/wp-json\/wp\/v2\/media?parent=18853"}],"wp:term":[{"taxonomy":"category","embeddable":true,"href":"https:\/\/www.caudete.org\/ayuntamiento\/wp-json\/wp\/v2\/categories?post=18853"},{"taxonomy":"post_tag","embeddable":true,"href":"https:\/\/www.caudete.org\/ayuntamiento\/wp-json\/wp\/v2\/tags?post=18853"}],"curies":[{"name":"wp","href":"https:\/\/api.w.org\/{rel}","templated":true}]}}