{"id":18858,"date":"2022-04-23T07:07:15","date_gmt":"2022-04-23T05:07:15","guid":{"rendered":"https:\/\/www.caudete.org\/ayuntamiento\/?p=18858"},"modified":"2022-04-23T07:07:15","modified_gmt":"2022-04-23T05:07:15","slug":"entregados-los-premios-a-los-ganadores-del-xxv-certamen-literario-evaristo-banon-2022","status":"publish","type":"post","link":"https:\/\/www.caudete.org\/ayuntamiento\/entregados-los-premios-a-los-ganadores-del-xxv-certamen-literario-evaristo-banon-2022\/","title":{"rendered":"Entregados los PREMIOS A LOS GANADORES DEL XXV CERTAMEN LITERARIO EVARISTO BA\u00d1\u00d3N 2022"},"content":{"rendered":"<p>Ayer viernes tuvo lugar la entrega de premios en el Auditorio Municipal de la Casa de Cultura de Caudete, del XXV Certamen Literario Evaristo Ba\u00f1\u00f3n 2022. Este concurso est\u00e1 organizado por la Concejal\u00eda de Cultura, a trav\u00e9s de la Biblioteca P\u00fablica Municipal \u201cAna Mar\u00eda Matute\u201d.<\/p>\n<p>Esta gala literaria, estaba dentro de las actividades organizadas para conmemorar el D\u00eda Internacional del Libro, 23 de abril. Este a\u00f1o 2022 era muy especial para todos, pues se cumpl\u00edan 25 ediciones apoyando la creaci\u00f3n literaria en Caudete, bajo un certamen que debe su nombre al poeta local Evaristo Ba\u00f1\u00f3n, quien fuera adem\u00e1s concejal de Educaci\u00f3n y promoviera la creaci\u00f3n de la Biblioteca P\u00fablica Municipal, que el a\u00f1o que viene cumple 60 a\u00f1os desde su creaci\u00f3n.<\/p>\n<p>Para la entrega de premios, contamos con Luis Felipe Ba\u00f1\u00f3n Concejal de Cultura, Natalia Ba\u00f1\u00f3n Concejala de Juventud y Alberto Ba\u00f1\u00f3n, hijo de Evaristo Ba\u00f1\u00f3n, quien habl\u00f3 de la figura de su padre y del certamen en un peque\u00f1o discurso.<\/p>\n<p>Posteriormente al acto de entrega de premios el p\u00fablico asistente pudo disfrutar de un gran espect\u00e1culo de m\u00fasica, poes\u00eda y cuentos para esta gran gala literaria, con \u201cConcierto tres al azar\u201d de la Compa\u00f1\u00eda Veleta Roja<\/p>\n<p><strong>Los galardonados en el XXV Certamen Literario \u201cEvaristo Ba\u00f1\u00f3n\u201d 2022 han sido:<\/strong><\/p>\n<p><strong>CATEGOR\u00cdA A:<\/strong> Alumnos\/as de 1\u00ba y 2\u00ba de Primaria con edades comprendidas entre los 6 y 7 a\u00f1os aproximadamente:<\/p>\n<p><strong>1\u00ba Premio Narrativa:<\/strong> Cayetano Tierraseca Cantero con: \u00a1Hola, se\u00f1or P\u00e9rez!<\/p>\n<p><strong>2\u00ba Premio Narrativa:<\/strong> Luc\u00eda L\u00f3pez Carri\u00f3n con: El \u00e1rbol m\u00e1gico<\/p>\n<p><strong>Premio Poes\u00eda:<\/strong> Roque Tom\u00e1s S\u00e1ez con: Un tibur\u00f3n diferente<\/p>\n<p><strong>Premio Dibujo:<\/strong> Marta Vinader Melero con: Carnaval de Villarrobledo<\/p>\n<p><strong>CATEGOR\u00cdA B:<\/strong> Alumnos\/as de 3\u00ba y 4\u00ba de Primaria con edades comprendidas entre los 8 y 9 a\u00f1os aproximadamente:<\/p>\n<p><strong>1\u00ba Premio Narrativa:<\/strong> El disfraz oculto de Valeria Bazaga Requena<\/p>\n<p><strong>2\u00ba Premio Narrativa:<\/strong> La ni\u00f1a que nunca sacaba las manos de los bolsillos, de Blanca Molina Rodr\u00edguez<\/p>\n<p><strong>1\u00ba Premio Poes\u00eda:<\/strong> &#8220;Lucharemos por la Paz\u201d, de Mario Conejero Esteve<\/p>\n<p><strong>CATEGOR\u00cdA C:<\/strong> Alumnos\/as de 5\u00ba y 6\u00ba de Primaria con edades comprendidas entre los 10 y 11 a\u00f1os aproximadamente:<\/p>\n<p><strong>1\u00ba Premio Narrativa:<\/strong> Un descubrimiento inesperado, de Paula L\u00f3pez Vinader<\/p>\n<p><strong>2\u00ba Premio Narrativa<\/strong>: El tesoro del Big Ben, de \u00c1lvaro Mart\u00ednez Molina<\/p>\n<p><strong>Premio Poes\u00eda:<\/strong> Mi madre, de Bruno L\u00f3pez Conejero<\/p>\n<p><strong>CATEGOR\u00cdA D:<\/strong> Alumnos\/as de 1\u00ba y 2\u00ba de E.S.O. con edades comprendidas entre los 12 y 13 a\u00f1os aproximadamente.<\/p>\n<p><strong>1\u00ba Premio Narrativa:<\/strong> Supongo que es algo roto\u2026 de \u00c1ngel Torres Ayuso<\/p>\n<p><strong>2\u00ba Premio Narrativa:<\/strong> El ni\u00f1o cereza de \u00c1ngela Albertos Gand\u00eda<\/p>\n<p><strong>Premio Poes\u00eda:<\/strong> \u201cPoes\u00eda de un ni\u00f1o que perdi\u00f3 su coraz\u00f3n en lo m\u00e1s profundo de sus recuerdos&#8221; de Joaqu\u00edn Tecles Pag\u00e1n<\/p>\n<p><strong>CATEGOR\u00cdA E:<\/strong> Alumnos\/as de 3\u00ba y 4\u00ba de E.S.O. con edades comprendidas entre los 14 y 15 a\u00f1os aproximadamente:<\/p>\n<p><strong>1\u00ba Premio Narrativa:<\/strong> Una historia de amor en Chernobil de B\u00e1rbara Calero Paramonova<\/p>\n<p><strong>2\u00ba Premio Narrativa<\/strong>: Sabor a sangre de Macarena S\u00e1nchez Alem\u00e1n<\/p>\n<p><strong>Premio Poes\u00eda:<\/strong> Nana para mi ni\u00f1o de Clara Belda Camarasa<\/p>\n<p><strong>CATEGOR\u00cdA CLASE: <\/strong><\/p>\n<p><strong>Premio Categor\u00eda Clase:<\/strong> La sirena y el tesoro de 1\u00ba C del Colegio Alc\u00e1zar y Serrano<\/p>\n<p><strong>CATEGOR\u00cdA ESPECIAL:<\/strong> A partir de 16 a\u00f1os<\/p>\n<p><strong>Premio Categor\u00eda Especial Narrativa:<\/strong> Una bella palabra, de Juan Tecles S\u00e1nchez<\/p>\n<p><strong>Premio Categor\u00eda Especial Poes\u00eda:<\/strong> Va por ellos de Nuria Carri\u00f3n Verd\u00fa<\/p>\n<p>Estos premios est\u00e1n dotados, con un Primer Premio de Narrativa, diploma y vale de 80 euros en material escolar a canjear en una librer\u00eda local, por parte de la Concejal\u00eda de Cultura; un Segundo Premio de Narrativa, diploma y vale de 45 euros en material escolar a canjear en una librer\u00eda local, gracias a la colaboraci\u00f3n de las Concejal\u00edas de Juventud y de Educaci\u00f3n y las cinco A.M.P.A.S. locales, del Colegio P\u00fablico El Paseo, Colegio P\u00fablico Gloria Fuertes, Colegio P\u00fablico Alc\u00e1zar y Serrano, Colegio Amor de Dios, e I.E.S. Pintor Rafael Requena; adem\u00e1s de Premio de Poes\u00eda, diploma y vale de 80 euros en material escolar a canjear en una librer\u00eda local; un Premio de Dibujo con diploma y vale de 80 euros en material escolar a canjear en una librer\u00eda local, y por \u00faltimo Diploma y vale de 160 euros en Categor\u00eda Especial y Especial Poes\u00eda.<\/p>\n<p>Durante este mes de abril a trav\u00e9s de las redes sociales de la Biblioteca hemos ido compartiendo notas de prensa, fotos, carteles de estas 25 ediciones, en las que han participado miles de personas de nuestra localidad.<\/p>\n<p>En breve en nuestras redes sociales se podr\u00e1n ver todas las fotos de los premiados, el v\u00eddeo de la Gala de entrega de los mismos.<\/p>\n<p>En la web municipal www.caudete.es dentro de la Biblioteca Digital, se podr\u00e1n leer todos los trabajos de las 25 ediciones de este certamen literario.<\/p>\n<p>Agradecemos como siempre la colaboraci\u00f3n de los centros educativos, A.M.P.A.S. y miembros del jurado para que este certamen siga a\u00f1o tras a\u00f1o apoyando la creaci\u00f3n literaria en nuestro municipio.<\/p>\n<p>&nbsp;<\/p>\n","protected":false},"excerpt":{"rendered":"<p>Ayer viernes tuvo lugar la entrega de premios en el Auditorio Municipal de la Casa de Cultura de Caudete, del XXV Certamen Literario Evaristo Ba\u00f1\u00f3n 2022. Este concurso est\u00e1 organizado por la Concejal\u00eda de Cultura, a trav\u00e9s de la Biblioteca P\u00fablica Municipal \u201cAna Mar\u00eda Matute\u201d. Esta gala literaria, estaba dentro de las actividades organizadas para &hellip;<\/p>\n","protected":false},"author":2,"featured_media":18860,"comment_status":"closed","ping_status":"open","sticky":false,"template":"","format":"standard","meta":{"ngg_post_thumbnail":0,"footnotes":""},"categories":[14],"tags":[773,774],"class_list":["post-18858","post","type-post","status-publish","format-standard","has-post-thumbnail","hentry","category-cultura","tag-certamen-literario","tag-evaristo-banon"],"yoast_head":"<!-- This site is optimized with the Yoast SEO plugin v27.5 - https:\/\/yoast.com\/product\/yoast-seo-wordpress\/ -->\n<title>Entregados los PREMIOS A LOS GANADORES DEL XXV CERTAMEN LITERARIO EVARISTO BA\u00d1\u00d3N 2022 - MI Ayuntamiento de Caudete<\/title>\n<meta name=\"description\" content=\"P\u00e1gina Oficial del Ayuntamiento de Caudete (Albacete)\" \/>\n<meta name=\"robots\" content=\"index, follow, max-snippet:-1, max-image-preview:large, max-video-preview:-1\" \/>\n<link rel=\"canonical\" href=\"https:\/\/www.caudete.org\/ayuntamiento\/entregados-los-premios-a-los-ganadores-del-xxv-certamen-literario-evaristo-banon-2022\/\" \/>\n<meta property=\"og:locale\" content=\"es_ES\" \/>\n<meta property=\"og:type\" content=\"article\" \/>\n<meta property=\"og:title\" content=\"Entregados los PREMIOS A LOS GANADORES DEL XXV CERTAMEN LITERARIO EVARISTO BA\u00d1\u00d3N 2022 - MI Ayuntamiento de Caudete\" \/>\n<meta property=\"og:description\" content=\"P\u00e1gina Oficial del Ayuntamiento de Caudete (Albacete)\" \/>\n<meta property=\"og:url\" content=\"https:\/\/www.caudete.org\/ayuntamiento\/entregados-los-premios-a-los-ganadores-del-xxv-certamen-literario-evaristo-banon-2022\/\" \/>\n<meta property=\"og:site_name\" content=\"MI Ayuntamiento de Caudete\" \/>\n<meta property=\"article:publisher\" content=\"https:\/\/www.facebook.com\/ayuntamientocaudete\/\" \/>\n<meta property=\"article:published_time\" content=\"2022-04-23T05:07:15+00:00\" \/>\n<meta property=\"og:image\" content=\"https:\/\/www.caudete.org\/ayuntamiento\/wp-content\/uploads\/2022\/04\/IMG_20220422_193033_1-scaled.jpg\" \/>\n\t<meta property=\"og:image:width\" content=\"2560\" \/>\n\t<meta property=\"og:image:height\" content=\"1920\" \/>\n\t<meta property=\"og:image:type\" content=\"image\/jpeg\" \/>\n<meta name=\"author\" content=\"Juan\" \/>\n<meta name=\"twitter:card\" content=\"summary_large_image\" \/>\n<meta name=\"twitter:label1\" content=\"Escrito por\" \/>\n\t<meta name=\"twitter:data1\" content=\"Juan\" \/>\n\t<meta name=\"twitter:label2\" content=\"Tiempo de lectura\" \/>\n\t<meta name=\"twitter:data2\" content=\"4 minutos\" \/>\n<script type=\"application\/ld+json\" class=\"yoast-schema-graph\">{\"@context\":\"https:\\\/\\\/schema.org\",\"@graph\":[{\"@type\":\"Article\",\"@id\":\"https:\\\/\\\/www.caudete.org\\\/ayuntamiento\\\/entregados-los-premios-a-los-ganadores-del-xxv-certamen-literario-evaristo-banon-2022\\\/#article\",\"isPartOf\":{\"@id\":\"https:\\\/\\\/www.caudete.org\\\/ayuntamiento\\\/entregados-los-premios-a-los-ganadores-del-xxv-certamen-literario-evaristo-banon-2022\\\/\"},\"author\":{\"name\":\"Juan\",\"@id\":\"https:\\\/\\\/www.caudete.org\\\/ayuntamiento\\\/#\\\/schema\\\/person\\\/7656a5bb58fca95b9814e940de0fda63\"},\"headline\":\"Entregados los PREMIOS A LOS GANADORES DEL XXV CERTAMEN LITERARIO EVARISTO BA\u00d1\u00d3N 2022\",\"datePublished\":\"2022-04-23T05:07:15+00:00\",\"mainEntityOfPage\":{\"@id\":\"https:\\\/\\\/www.caudete.org\\\/ayuntamiento\\\/entregados-los-premios-a-los-ganadores-del-xxv-certamen-literario-evaristo-banon-2022\\\/\"},\"wordCount\":888,\"image\":{\"@id\":\"https:\\\/\\\/www.caudete.org\\\/ayuntamiento\\\/entregados-los-premios-a-los-ganadores-del-xxv-certamen-literario-evaristo-banon-2022\\\/#primaryimage\"},\"thumbnailUrl\":\"https:\\\/\\\/www.caudete.org\\\/ayuntamiento\\\/wp-content\\\/uploads\\\/2022\\\/04\\\/IMG_20220422_193033_1-scaled.jpg\",\"keywords\":[\"Certamen literario\",\"Evaristo Ba\u00f1\u00f3n\"],\"articleSection\":[\"Cultura\"],\"inLanguage\":\"es\"},{\"@type\":\"WebPage\",\"@id\":\"https:\\\/\\\/www.caudete.org\\\/ayuntamiento\\\/entregados-los-premios-a-los-ganadores-del-xxv-certamen-literario-evaristo-banon-2022\\\/\",\"url\":\"https:\\\/\\\/www.caudete.org\\\/ayuntamiento\\\/entregados-los-premios-a-los-ganadores-del-xxv-certamen-literario-evaristo-banon-2022\\\/\",\"name\":\"Entregados los PREMIOS A LOS GANADORES DEL XXV CERTAMEN LITERARIO EVARISTO BA\u00d1\u00d3N 2022 - MI Ayuntamiento de Caudete\",\"isPartOf\":{\"@id\":\"https:\\\/\\\/www.caudete.org\\\/ayuntamiento\\\/#website\"},\"primaryImageOfPage\":{\"@id\":\"https:\\\/\\\/www.caudete.org\\\/ayuntamiento\\\/entregados-los-premios-a-los-ganadores-del-xxv-certamen-literario-evaristo-banon-2022\\\/#primaryimage\"},\"image\":{\"@id\":\"https:\\\/\\\/www.caudete.org\\\/ayuntamiento\\\/entregados-los-premios-a-los-ganadores-del-xxv-certamen-literario-evaristo-banon-2022\\\/#primaryimage\"},\"thumbnailUrl\":\"https:\\\/\\\/www.caudete.org\\\/ayuntamiento\\\/wp-content\\\/uploads\\\/2022\\\/04\\\/IMG_20220422_193033_1-scaled.jpg\",\"datePublished\":\"2022-04-23T05:07:15+00:00\",\"author\":{\"@id\":\"https:\\\/\\\/www.caudete.org\\\/ayuntamiento\\\/#\\\/schema\\\/person\\\/7656a5bb58fca95b9814e940de0fda63\"},\"description\":\"P\u00e1gina Oficial del Ayuntamiento de Caudete (Albacete)\",\"breadcrumb\":{\"@id\":\"https:\\\/\\\/www.caudete.org\\\/ayuntamiento\\\/entregados-los-premios-a-los-ganadores-del-xxv-certamen-literario-evaristo-banon-2022\\\/#breadcrumb\"},\"inLanguage\":\"es\",\"potentialAction\":[{\"@type\":\"ReadAction\",\"target\":[\"https:\\\/\\\/www.caudete.org\\\/ayuntamiento\\\/entregados-los-premios-a-los-ganadores-del-xxv-certamen-literario-evaristo-banon-2022\\\/\"]}]},{\"@type\":\"ImageObject\",\"inLanguage\":\"es\",\"@id\":\"https:\\\/\\\/www.caudete.org\\\/ayuntamiento\\\/entregados-los-premios-a-los-ganadores-del-xxv-certamen-literario-evaristo-banon-2022\\\/#primaryimage\",\"url\":\"https:\\\/\\\/www.caudete.org\\\/ayuntamiento\\\/wp-content\\\/uploads\\\/2022\\\/04\\\/IMG_20220422_193033_1-scaled.jpg\",\"contentUrl\":\"https:\\\/\\\/www.caudete.org\\\/ayuntamiento\\\/wp-content\\\/uploads\\\/2022\\\/04\\\/IMG_20220422_193033_1-scaled.jpg\",\"width\":2560,\"height\":1920},{\"@type\":\"BreadcrumbList\",\"@id\":\"https:\\\/\\\/www.caudete.org\\\/ayuntamiento\\\/entregados-los-premios-a-los-ganadores-del-xxv-certamen-literario-evaristo-banon-2022\\\/#breadcrumb\",\"itemListElement\":[{\"@type\":\"ListItem\",\"position\":1,\"name\":\"Inicio\",\"item\":\"https:\\\/\\\/www.caudete.org\\\/ayuntamiento\\\/\"},{\"@type\":\"ListItem\",\"position\":2,\"name\":\"Entregados los PREMIOS A LOS GANADORES DEL XXV CERTAMEN LITERARIO EVARISTO BA\u00d1\u00d3N 2022\"}]},{\"@type\":\"WebSite\",\"@id\":\"https:\\\/\\\/www.caudete.org\\\/ayuntamiento\\\/#website\",\"url\":\"https:\\\/\\\/www.caudete.org\\\/ayuntamiento\\\/\",\"name\":\"MI Ayuntamiento de Caudete\",\"description\":\"P\u00e1gina Oficial del MI Ayuntamiento de Caudete\",\"potentialAction\":[{\"@type\":\"SearchAction\",\"target\":{\"@type\":\"EntryPoint\",\"urlTemplate\":\"https:\\\/\\\/www.caudete.org\\\/ayuntamiento\\\/?s={search_term_string}\"},\"query-input\":{\"@type\":\"PropertyValueSpecification\",\"valueRequired\":true,\"valueName\":\"search_term_string\"}}],\"inLanguage\":\"es\"},{\"@type\":\"Person\",\"@id\":\"https:\\\/\\\/www.caudete.org\\\/ayuntamiento\\\/#\\\/schema\\\/person\\\/7656a5bb58fca95b9814e940de0fda63\",\"name\":\"Juan\",\"image\":{\"@type\":\"ImageObject\",\"inLanguage\":\"es\",\"@id\":\"https:\\\/\\\/secure.gravatar.com\\\/avatar\\\/dd53e51c0cd6ab23f52d4f3e4f1c59730240727763de3dbbf26750b079a2c292?s=96&d=mm&r=g\",\"url\":\"https:\\\/\\\/secure.gravatar.com\\\/avatar\\\/dd53e51c0cd6ab23f52d4f3e4f1c59730240727763de3dbbf26750b079a2c292?s=96&d=mm&r=g\",\"contentUrl\":\"https:\\\/\\\/secure.gravatar.com\\\/avatar\\\/dd53e51c0cd6ab23f52d4f3e4f1c59730240727763de3dbbf26750b079a2c292?s=96&d=mm&r=g\",\"caption\":\"Juan\"},\"url\":\"https:\\\/\\\/www.caudete.org\\\/ayuntamiento\\\/author\\\/centrodeinternet\\\/\"}]}<\/script>\n<!-- \/ Yoast SEO plugin. -->","yoast_head_json":{"title":"Entregados los PREMIOS A LOS GANADORES DEL XXV CERTAMEN LITERARIO EVARISTO BA\u00d1\u00d3N 2022 - MI Ayuntamiento de Caudete","description":"P\u00e1gina Oficial del Ayuntamiento de Caudete (Albacete)","robots":{"index":"index","follow":"follow","max-snippet":"max-snippet:-1","max-image-preview":"max-image-preview:large","max-video-preview":"max-video-preview:-1"},"canonical":"https:\/\/www.caudete.org\/ayuntamiento\/entregados-los-premios-a-los-ganadores-del-xxv-certamen-literario-evaristo-banon-2022\/","og_locale":"es_ES","og_type":"article","og_title":"Entregados los PREMIOS A LOS GANADORES DEL XXV CERTAMEN LITERARIO EVARISTO BA\u00d1\u00d3N 2022 - MI Ayuntamiento de Caudete","og_description":"P\u00e1gina Oficial del Ayuntamiento de Caudete (Albacete)","og_url":"https:\/\/www.caudete.org\/ayuntamiento\/entregados-los-premios-a-los-ganadores-del-xxv-certamen-literario-evaristo-banon-2022\/","og_site_name":"MI Ayuntamiento de Caudete","article_publisher":"https:\/\/www.facebook.com\/ayuntamientocaudete\/","article_published_time":"2022-04-23T05:07:15+00:00","og_image":[{"width":2560,"height":1920,"url":"https:\/\/www.caudete.org\/ayuntamiento\/wp-content\/uploads\/2022\/04\/IMG_20220422_193033_1-scaled.jpg","type":"image\/jpeg"}],"author":"Juan","twitter_card":"summary_large_image","twitter_misc":{"Escrito por":"Juan","Tiempo de lectura":"4 minutos"},"schema":{"@context":"https:\/\/schema.org","@graph":[{"@type":"Article","@id":"https:\/\/www.caudete.org\/ayuntamiento\/entregados-los-premios-a-los-ganadores-del-xxv-certamen-literario-evaristo-banon-2022\/#article","isPartOf":{"@id":"https:\/\/www.caudete.org\/ayuntamiento\/entregados-los-premios-a-los-ganadores-del-xxv-certamen-literario-evaristo-banon-2022\/"},"author":{"name":"Juan","@id":"https:\/\/www.caudete.org\/ayuntamiento\/#\/schema\/person\/7656a5bb58fca95b9814e940de0fda63"},"headline":"Entregados los PREMIOS A LOS GANADORES DEL XXV CERTAMEN LITERARIO EVARISTO BA\u00d1\u00d3N 2022","datePublished":"2022-04-23T05:07:15+00:00","mainEntityOfPage":{"@id":"https:\/\/www.caudete.org\/ayuntamiento\/entregados-los-premios-a-los-ganadores-del-xxv-certamen-literario-evaristo-banon-2022\/"},"wordCount":888,"image":{"@id":"https:\/\/www.caudete.org\/ayuntamiento\/entregados-los-premios-a-los-ganadores-del-xxv-certamen-literario-evaristo-banon-2022\/#primaryimage"},"thumbnailUrl":"https:\/\/www.caudete.org\/ayuntamiento\/wp-content\/uploads\/2022\/04\/IMG_20220422_193033_1-scaled.jpg","keywords":["Certamen literario","Evaristo Ba\u00f1\u00f3n"],"articleSection":["Cultura"],"inLanguage":"es"},{"@type":"WebPage","@id":"https:\/\/www.caudete.org\/ayuntamiento\/entregados-los-premios-a-los-ganadores-del-xxv-certamen-literario-evaristo-banon-2022\/","url":"https:\/\/www.caudete.org\/ayuntamiento\/entregados-los-premios-a-los-ganadores-del-xxv-certamen-literario-evaristo-banon-2022\/","name":"Entregados los PREMIOS A LOS GANADORES DEL XXV CERTAMEN LITERARIO EVARISTO BA\u00d1\u00d3N 2022 - MI Ayuntamiento de Caudete","isPartOf":{"@id":"https:\/\/www.caudete.org\/ayuntamiento\/#website"},"primaryImageOfPage":{"@id":"https:\/\/www.caudete.org\/ayuntamiento\/entregados-los-premios-a-los-ganadores-del-xxv-certamen-literario-evaristo-banon-2022\/#primaryimage"},"image":{"@id":"https:\/\/www.caudete.org\/ayuntamiento\/entregados-los-premios-a-los-ganadores-del-xxv-certamen-literario-evaristo-banon-2022\/#primaryimage"},"thumbnailUrl":"https:\/\/www.caudete.org\/ayuntamiento\/wp-content\/uploads\/2022\/04\/IMG_20220422_193033_1-scaled.jpg","datePublished":"2022-04-23T05:07:15+00:00","author":{"@id":"https:\/\/www.caudete.org\/ayuntamiento\/#\/schema\/person\/7656a5bb58fca95b9814e940de0fda63"},"description":"P\u00e1gina Oficial del Ayuntamiento de Caudete (Albacete)","breadcrumb":{"@id":"https:\/\/www.caudete.org\/ayuntamiento\/entregados-los-premios-a-los-ganadores-del-xxv-certamen-literario-evaristo-banon-2022\/#breadcrumb"},"inLanguage":"es","potentialAction":[{"@type":"ReadAction","target":["https:\/\/www.caudete.org\/ayuntamiento\/entregados-los-premios-a-los-ganadores-del-xxv-certamen-literario-evaristo-banon-2022\/"]}]},{"@type":"ImageObject","inLanguage":"es","@id":"https:\/\/www.caudete.org\/ayuntamiento\/entregados-los-premios-a-los-ganadores-del-xxv-certamen-literario-evaristo-banon-2022\/#primaryimage","url":"https:\/\/www.caudete.org\/ayuntamiento\/wp-content\/uploads\/2022\/04\/IMG_20220422_193033_1-scaled.jpg","contentUrl":"https:\/\/www.caudete.org\/ayuntamiento\/wp-content\/uploads\/2022\/04\/IMG_20220422_193033_1-scaled.jpg","width":2560,"height":1920},{"@type":"BreadcrumbList","@id":"https:\/\/www.caudete.org\/ayuntamiento\/entregados-los-premios-a-los-ganadores-del-xxv-certamen-literario-evaristo-banon-2022\/#breadcrumb","itemListElement":[{"@type":"ListItem","position":1,"name":"Inicio","item":"https:\/\/www.caudete.org\/ayuntamiento\/"},{"@type":"ListItem","position":2,"name":"Entregados los PREMIOS A LOS GANADORES DEL XXV CERTAMEN LITERARIO EVARISTO BA\u00d1\u00d3N 2022"}]},{"@type":"WebSite","@id":"https:\/\/www.caudete.org\/ayuntamiento\/#website","url":"https:\/\/www.caudete.org\/ayuntamiento\/","name":"MI Ayuntamiento de Caudete","description":"P\u00e1gina Oficial del MI Ayuntamiento de Caudete","potentialAction":[{"@type":"SearchAction","target":{"@type":"EntryPoint","urlTemplate":"https:\/\/www.caudete.org\/ayuntamiento\/?s={search_term_string}"},"query-input":{"@type":"PropertyValueSpecification","valueRequired":true,"valueName":"search_term_string"}}],"inLanguage":"es"},{"@type":"Person","@id":"https:\/\/www.caudete.org\/ayuntamiento\/#\/schema\/person\/7656a5bb58fca95b9814e940de0fda63","name":"Juan","image":{"@type":"ImageObject","inLanguage":"es","@id":"https:\/\/secure.gravatar.com\/avatar\/dd53e51c0cd6ab23f52d4f3e4f1c59730240727763de3dbbf26750b079a2c292?s=96&d=mm&r=g","url":"https:\/\/secure.gravatar.com\/avatar\/dd53e51c0cd6ab23f52d4f3e4f1c59730240727763de3dbbf26750b079a2c292?s=96&d=mm&r=g","contentUrl":"https:\/\/secure.gravatar.com\/avatar\/dd53e51c0cd6ab23f52d4f3e4f1c59730240727763de3dbbf26750b079a2c292?s=96&d=mm&r=g","caption":"Juan"},"url":"https:\/\/www.caudete.org\/ayuntamiento\/author\/centrodeinternet\/"}]}},"_links":{"self":[{"href":"https:\/\/www.caudete.org\/ayuntamiento\/wp-json\/wp\/v2\/posts\/18858","targetHints":{"allow":["GET"]}}],"collection":[{"href":"https:\/\/www.caudete.org\/ayuntamiento\/wp-json\/wp\/v2\/posts"}],"about":[{"href":"https:\/\/www.caudete.org\/ayuntamiento\/wp-json\/wp\/v2\/types\/post"}],"author":[{"embeddable":true,"href":"https:\/\/www.caudete.org\/ayuntamiento\/wp-json\/wp\/v2\/users\/2"}],"replies":[{"embeddable":true,"href":"https:\/\/www.caudete.org\/ayuntamiento\/wp-json\/wp\/v2\/comments?post=18858"}],"version-history":[{"count":3,"href":"https:\/\/www.caudete.org\/ayuntamiento\/wp-json\/wp\/v2\/posts\/18858\/revisions"}],"predecessor-version":[{"id":18862,"href":"https:\/\/www.caudete.org\/ayuntamiento\/wp-json\/wp\/v2\/posts\/18858\/revisions\/18862"}],"wp:featuredmedia":[{"embeddable":true,"href":"https:\/\/www.caudete.org\/ayuntamiento\/wp-json\/wp\/v2\/media\/18860"}],"wp:attachment":[{"href":"https:\/\/www.caudete.org\/ayuntamiento\/wp-json\/wp\/v2\/media?parent=18858"}],"wp:term":[{"taxonomy":"category","embeddable":true,"href":"https:\/\/www.caudete.org\/ayuntamiento\/wp-json\/wp\/v2\/categories?post=18858"},{"taxonomy":"post_tag","embeddable":true,"href":"https:\/\/www.caudete.org\/ayuntamiento\/wp-json\/wp\/v2\/tags?post=18858"}],"curies":[{"name":"wp","href":"https:\/\/api.w.org\/{rel}","templated":true}]}}